{"id":40372,"date":"2024-08-23T13:17:00","date_gmt":"2024-08-23T11:17:00","guid":{"rendered":"https:\/\/weisetech.dev\/fc-barcelona-noticias\/en\/gundogan-emotional-very-sincere-in-his-farewell-fc-barcelona-all-cules_306709_102\/"},"modified":"2026-04-16T09:48:36","modified_gmt":"2026-04-16T07:48:36","slug":"gundogan-emotional-very-sincere-in-his-farewell-fc-barcelona-all-cules_306709_102","status":"publish","type":"post","link":"https:\/\/www.fcbarcelonanoticias.com\/en\/football\/gundogan-emotional-very-sincere-in-his-farewell-fc-barcelona-all-cules_306709_102.html","title":{"rendered":"G\u00fcndogan, emotional and very sincere in his farewell to FC Barcelona and all the cul\u00e9s"},"content":{"rendered":"<h2 class=\"wp-block-heading\">\u0130lkay G\u00fcndo\u011fan did not want to end his adventure as a FC Barcelona player without first remembering the cul\u00e9 fans and the Barcelona institution. He took advantage of his social networks to, faithful to his open and sincere style, dedicate an emotional farewell message<\/h2>  \r\n<div class=\"article-addons\">\r\n    <a href=\"https:\/\/www.fcbarcelonanoticias.com\/en\/calendar-fc-barcelona.html\"\r\n       target=\"_self\"\r\n       title=\"Calendar of FC Barcelona\"\r\n       class=\"blue-gredient-btn\">\r\n       \r\n        Calendar of FC Barcelona    <\/a>\r\n<\/div>   <p>It&#8217;s official! The talented 33-year-old German midfielder, \u0130lkay G\u00fcndo\u011fan, <a data-external=\"0\" data-intl-links-en=\"https:\/\/www.fcbarcelonanoticias.com\/en\/transfers\/official-ilkay-gundogan-leaves-fc-barcelona-to-return-to-manchester-city_306633_102.html\" data-intl-links-es=\"https:\/\/www.fcbarcelonanoticias.com\/fichajes\/oficial-ilkay-gundogan-abandona-fc-barcelona-volver-manchester-city_306633_102.html\" href=\"https:\/\/www.fcbarcelonanoticias.com\/fichajes\/oficial-ilkay-gundogan-abandona-fc-barcelona-volver-manchester-city_306633_102.html\" rel=\"follow\" target=\"_self\" title=\"OFFICIAL: Ilkay G\u00fcndogan leaves FC Barcelona to return to Manchester City\">has left FC Barcelona<\/a>, after just one season where he scored five goals and provided 14 assists in 51 appearances. What is his new football destination? <strong>An environment he is already familiar with and where he was a prominent figure, and from where he departed as one of the most beloved players: Manchester City<\/strong>, a team that didn&#8217;t hesitate to seize this great market opportunity to have a player admired by Pep Guardiola.<\/p>  <p>Now, &#8216;G\u00fcndo&#8217;, who on several occasions showed a notable connection with the Barcelona fans and life in the Catalan city, after his departure was confirmed, didn&#8217;t miss the chance to, through his &#8216;X&#8217; profile, @IlkayGuendogan, send a nostalgic farewell message to the Blaugrana supporters. &#8220;<strong>Dear culers, after a year, it&#8217;s time to say goodbye. I came here to face a new and exciting challenge, and I was prepared for it. I gave my all to fight for the team and the club in the best possible way in a tough season, and I was looking forward to helping my teammates in the new campaign<\/strong>,&#8221; he began.<\/p>  <h2>&#8216;G\u00fcndo&#8217; hinted at the possible reason for his unexpected departure<\/h2>  <p>Subsequently, the Gelsenkirchen native revealed what could have been the main reason for his sudden exit, despite having a contract until 2025, also expressing his gratitude for his time as a player at Barcelona, highlighting his fulfillment of a dream. &#8220;<strong>Now I&#8217;m leaving in a tough situation, but if my departure can help the club financially, it makes me a little less sad<\/strong>. Nevertheless, it has been a period filled with incredible experiences and ups and downs. I always wanted to play for Bar\u00e7a, and I am deeply grateful for a memory and an experience that I will cherish for a lifetime,&#8221; he pointed out.<\/p>  <p>It&#8217;s worth noting that, from FC Barcelona&#8217;s perspective, the departure of the German midfielder apparently began to be considered not only for sporting reasons, as he has proven to be a top-level talent crucial in the final third of the field. This decision seemed to be more motivated by economic aspects. <strong>Regardless of what they could gain in a possible transfer to another club, it was crucial to highlight the savings in terms of wages that his departure would bring<\/strong>, as he was earning around 18.7 million euros gross (nine million net), making him the third highest-paid player in the Cul\u00e9 squad.<\/p>  <blockquote class=\"twitter-tweet\"> <p dir=\"ltr\" lang=\"en\">Dear culers,<br> after just one year it\u2019s already time to say goodbye. I came here to face a new, exciting challenge, and I was ready for it. I have given everything to fight for the team and the club the best possible way in a difficult season and I was looking forward to helping my\u2026 <a href=\"https:\/\/t.co\/en\/n9gAhbmpmz\">pic.twitter.com\/n9gAhbmpmz<\/a><\/p> \u2014 Ilkay G\u00fcndogan (@IlkayGuendogan) <a href=\"https:\/\/twitter.com\/en\/IlkayGuendogan\/status\/1826919291909812416?ref_src=twsrc%5Etfw\">August 23, 2024<\/a> <\/blockquote>  <p>To conclude, echoing G\u00fcndo\u011fan&#8217;s message, he has once again shown his deep feelings towards Barcelona, expressing his best wishes for the club and the fans, predicting their swift return to the pinnacle of football. &#8220;<strong>I wish you all the best for the season and the future. The fans deserve to see this great club back among the best in the world<\/strong>,&#8221; he concluded.<\/p> ","protected":false},"excerpt":{"rendered":"<p>\u0130lkay G\u00fcndo\u011fan did not want to end his adventure as a FC Barcelona player without first remembering the cul\u00e9 fans and the Barcelona institution. He took advantage of his social networks to, faithful to his open and sincere style, dedicate an emotional farewell message It&#8217;s official! The talented 33-year-old German midfielder, \u0130lkay G\u00fcndo\u011fan, has left [&hellip;]<\/p>\n","protected":false},"author":355,"featured_media":40373,"comment_status":"closed","ping_status":"open","sticky":false,"template":"","format":"standard","meta":{"_acf_changed":false,"inline_featured_image":false,"_nextfly_llmd_date_locked":false,"footnotes":""},"categories":[452,109],"tags":[170,97],"class_list":["post-40372","post","type-post","status-publish","format-standard","has-post-thumbnail","hentry","category-football-2","category-football","tag-ilkay-gundogan","tag-manchester-city"],"acf":[],"yoast_head":"<!-- This site is optimized with the Yoast SEO plugin v27.3 - https:\/\/yoast.com\/product\/yoast-seo-wordpress\/ -->\n<title>G\u00fcndogan, emotional and very sincere in his farewell to FC Barcelona and all the cul\u00e9s<\/title>\n<meta name=\"description\" content=\"\u0130lkay G\u00fcndo\u011fan did not want to end his adventure as a FC Barcelona player without first remembering the cul\u00e9 fans and the Barcelona institution. He took advantage of his social networks to, faithful to his open and sincere style, dedicate an emotional farewell message\" \/>\n<meta name=\"robots\" content=\"index, follow, max-snippet:-1, max-image-preview:large, max-video-preview:-1\" \/>\n<link rel=\"canonical\" href=\"https:\/\/www.fcbarcelonanoticias.com\/en\/football\/gundogan-emotional-very-sincere-in-his-farewell-fc-barcelona-all-cules_306709_102.html\" \/>\n<meta property=\"og:locale\" content=\"en_US\" \/>\n<meta property=\"og:type\" content=\"article\" \/>\n<meta property=\"og:title\" content=\"G\u00fcndogan, emotional and very sincere in his farewell to FC Barcelona and all the cul\u00e9s\" \/>\n<meta property=\"og:description\" content=\"\u0130lkay G\u00fcndo\u011fan did not want to end his adventure as a FC Barcelona player without first remembering the cul\u00e9 fans and the Barcelona institution. He took advantage of his social networks to, faithful to his open and sincere style, dedicate an emotional farewell message\" \/>\n<meta property=\"og:url\" content=\"https:\/\/www.fcbarcelonanoticias.com\/en\/football\/gundogan-emotional-very-sincere-in-his-farewell-fc-barcelona-all-cules_306709_102.html\" \/>\n<meta property=\"og:site_name\" content=\"EN - FC Barcelona Noticias\" \/>\n<meta property=\"article:published_time\" content=\"2024-08-23T11:17:00+00:00\" \/>\n<meta property=\"article:modified_time\" content=\"2026-04-16T07:48:36+00:00\" \/>\n<meta property=\"og:image\" content=\"https:\/\/www.fcbarcelonanoticias.com\/en\/wp-content\/uploads\/sites\/2\/2024\/08\/ilkay-guendogan-saludando-en-el-duelo-entre-el-fc-barcelona-y-el-tottenham-en-el-trofeo-joan-gamper-2024-25.png\" \/>\n\t<meta property=\"og:image:width\" content=\"1300\" \/>\n\t<meta property=\"og:image:height\" content=\"732\" \/>\n\t<meta property=\"og:image:type\" content=\"image\/png\" \/>\n<meta name=\"author\" content=\"Kevin G\u00f3mez\" \/>\n<meta name=\"twitter:card\" content=\"summary_large_image\" \/>\n<meta name=\"twitter:label1\" content=\"Written by\" \/>\n\t<meta name=\"twitter:data1\" content=\"Kevin G\u00f3mez\" \/>\n\t<meta name=\"twitter:label2\" content=\"Est. reading time\" \/>\n\t<meta name=\"twitter:data2\" content=\"3 minutes\" \/>\n<script type=\"application\/ld+json\" class=\"yoast-schema-graph\">{\"@context\":\"https:\\\/\\\/schema.org\",\"@graph\":[{\"@type\":\"Article\",\"@id\":\"https:\\\/\\\/www.fcbarcelonanoticias.com\\\/en\\\/football\\\/gundogan-emotional-very-sincere-in-his-farewell-fc-barcelona-all-cules_306709_102.html#article\",\"isPartOf\":{\"@id\":\"https:\\\/\\\/www.fcbarcelonanoticias.com\\\/en\\\/football\\\/gundogan-emotional-very-sincere-in-his-farewell-fc-barcelona-all-cules_306709_102.html\"},\"author\":{\"name\":\"Kevin G\u00f3mez\",\"@id\":\"https:\\\/\\\/www.fcbarcelonanoticias.com\\\/en\\\/#\\\/schema\\\/person\\\/991443f134df9a64c6874f96ff984c9d\"},\"headline\":\"G\u00fcndogan, emotional and very sincere in his farewell to FC Barcelona and all the cul\u00e9s\",\"datePublished\":\"2024-08-23T11:17:00+00:00\",\"dateModified\":\"2026-04-16T07:48:36+00:00\",\"mainEntityOfPage\":{\"@id\":\"https:\\\/\\\/www.fcbarcelonanoticias.com\\\/en\\\/football\\\/gundogan-emotional-very-sincere-in-his-farewell-fc-barcelona-all-cules_306709_102.html\"},\"wordCount\":608,\"image\":{\"@id\":\"https:\\\/\\\/www.fcbarcelonanoticias.com\\\/en\\\/football\\\/gundogan-emotional-very-sincere-in-his-farewell-fc-barcelona-all-cules_306709_102.html#primaryimage\"},\"thumbnailUrl\":\"https:\\\/\\\/www.fcbarcelonanoticias.com\\\/en\\\/wp-content\\\/uploads\\\/sites\\\/2\\\/2024\\\/08\\\/ilkay-guendogan-saludando-en-el-duelo-entre-el-fc-barcelona-y-el-tottenham-en-el-trofeo-joan-gamper-2024-25.png\",\"keywords\":[\"Ilkay G\u00fcndogan\",\"Manchester City\"],\"articleSection\":[\"Football\",\"Football\"],\"inLanguage\":\"en-US\"},{\"@type\":\"WebPage\",\"@id\":\"https:\\\/\\\/www.fcbarcelonanoticias.com\\\/en\\\/football\\\/gundogan-emotional-very-sincere-in-his-farewell-fc-barcelona-all-cules_306709_102.html\",\"url\":\"https:\\\/\\\/www.fcbarcelonanoticias.com\\\/en\\\/football\\\/gundogan-emotional-very-sincere-in-his-farewell-fc-barcelona-all-cules_306709_102.html\",\"name\":\"G\u00fcndogan, emotional and very sincere in his farewell to FC Barcelona and all the cul\u00e9s\",\"isPartOf\":{\"@id\":\"https:\\\/\\\/www.fcbarcelonanoticias.com\\\/en\\\/#website\"},\"primaryImageOfPage\":{\"@id\":\"https:\\\/\\\/www.fcbarcelonanoticias.com\\\/en\\\/football\\\/gundogan-emotional-very-sincere-in-his-farewell-fc-barcelona-all-cules_306709_102.html#primaryimage\"},\"image\":{\"@id\":\"https:\\\/\\\/www.fcbarcelonanoticias.com\\\/en\\\/football\\\/gundogan-emotional-very-sincere-in-his-farewell-fc-barcelona-all-cules_306709_102.html#primaryimage\"},\"thumbnailUrl\":\"https:\\\/\\\/www.fcbarcelonanoticias.com\\\/en\\\/wp-content\\\/uploads\\\/sites\\\/2\\\/2024\\\/08\\\/ilkay-guendogan-saludando-en-el-duelo-entre-el-fc-barcelona-y-el-tottenham-en-el-trofeo-joan-gamper-2024-25.png\",\"datePublished\":\"2024-08-23T11:17:00+00:00\",\"dateModified\":\"2026-04-16T07:48:36+00:00\",\"author\":{\"@id\":\"https:\\\/\\\/www.fcbarcelonanoticias.com\\\/en\\\/#\\\/schema\\\/person\\\/991443f134df9a64c6874f96ff984c9d\"},\"description\":\"\u0130lkay G\u00fcndo\u011fan did not want to end his adventure as a FC Barcelona player without first remembering the cul\u00e9 fans and the Barcelona institution. He took advantage of his social networks to, faithful to his open and sincere style, dedicate an emotional farewell message\",\"breadcrumb\":{\"@id\":\"https:\\\/\\\/www.fcbarcelonanoticias.com\\\/en\\\/football\\\/gundogan-emotional-very-sincere-in-his-farewell-fc-barcelona-all-cules_306709_102.html#breadcrumb\"},\"inLanguage\":\"en-US\",\"potentialAction\":[{\"@type\":\"ReadAction\",\"target\":[\"https:\\\/\\\/www.fcbarcelonanoticias.com\\\/en\\\/football\\\/gundogan-emotional-very-sincere-in-his-farewell-fc-barcelona-all-cules_306709_102.html\"]}]},{\"@type\":\"ImageObject\",\"inLanguage\":\"en-US\",\"@id\":\"https:\\\/\\\/www.fcbarcelonanoticias.com\\\/en\\\/football\\\/gundogan-emotional-very-sincere-in-his-farewell-fc-barcelona-all-cules_306709_102.html#primaryimage\",\"url\":\"https:\\\/\\\/www.fcbarcelonanoticias.com\\\/en\\\/wp-content\\\/uploads\\\/sites\\\/2\\\/2024\\\/08\\\/ilkay-guendogan-saludando-en-el-duelo-entre-el-fc-barcelona-y-el-tottenham-en-el-trofeo-joan-gamper-2024-25.png\",\"contentUrl\":\"https:\\\/\\\/www.fcbarcelonanoticias.com\\\/en\\\/wp-content\\\/uploads\\\/sites\\\/2\\\/2024\\\/08\\\/ilkay-guendogan-saludando-en-el-duelo-entre-el-fc-barcelona-y-el-tottenham-en-el-trofeo-joan-gamper-2024-25.png\",\"width\":1300,\"height\":732},{\"@type\":\"BreadcrumbList\",\"@id\":\"https:\\\/\\\/www.fcbarcelonanoticias.com\\\/en\\\/football\\\/gundogan-emotional-very-sincere-in-his-farewell-fc-barcelona-all-cules_306709_102.html#breadcrumb\",\"itemListElement\":[{\"@type\":\"ListItem\",\"position\":1,\"name\":\"Portada\",\"item\":\"https:\\\/\\\/www.fcbarcelonanoticias.com\\\/en\\\/\"},{\"@type\":\"ListItem\",\"position\":2,\"name\":\"G\u00fcndogan, emotional and very sincere in his farewell to FC Barcelona and all the cul\u00e9s\"}]},{\"@type\":\"WebSite\",\"@id\":\"https:\\\/\\\/www.fcbarcelonanoticias.com\\\/en\\\/#website\",\"url\":\"https:\\\/\\\/www.fcbarcelonanoticias.com\\\/en\\\/\",\"name\":\"EN - FC Barcelona Noticias\",\"description\":\"\",\"potentialAction\":[{\"@type\":\"SearchAction\",\"target\":{\"@type\":\"EntryPoint\",\"urlTemplate\":\"https:\\\/\\\/www.fcbarcelonanoticias.com\\\/en\\\/?s={search_term_string}\"},\"query-input\":{\"@type\":\"PropertyValueSpecification\",\"valueRequired\":true,\"valueName\":\"search_term_string\"}}],\"inLanguage\":\"en-US\"},{\"@type\":\"Person\",\"@id\":\"https:\\\/\\\/www.fcbarcelonanoticias.com\\\/en\\\/#\\\/schema\\\/person\\\/991443f134df9a64c6874f96ff984c9d\",\"name\":\"Kevin G\u00f3mez\",\"image\":{\"@type\":\"ImageObject\",\"inLanguage\":\"en-US\",\"@id\":\"https:\\\/\\\/secure.gravatar.com\\\/avatar\\\/?s=96&d=mm&r=g\",\"url\":\"https:\\\/\\\/secure.gravatar.com\\\/avatar\\\/?s=96&d=mm&r=g\",\"contentUrl\":\"https:\\\/\\\/secure.gravatar.com\\\/avatar\\\/?s=96&d=mm&r=g\",\"caption\":\"Kevin G\u00f3mez\"},\"description\":\"Licenciado\u00a0en Periodismo y Comunicaci\u00f3n Audiovisual. Redactor en FCBN responsable de cubrir toda\u00a0la informaci\u00f3n del FC Barcelona y las principales competiciones de\u00a0f\u00fatbol.\",\"url\":\"https:\\\/\\\/www.fcbarcelonanoticias.com\\\/en\\\/jugadores\\\/kevin-gomez_23_115.html\"}]}<\/script>\n<!-- \/ Yoast SEO plugin. -->","yoast_head_json":{"title":"G\u00fcndogan, emotional and very sincere in his farewell to FC Barcelona and all the cul\u00e9s","description":"\u0130lkay G\u00fcndo\u011fan did not want to end his adventure as a FC Barcelona player without first remembering the cul\u00e9 fans and the Barcelona institution. He took advantage of his social networks to, faithful to his open and sincere style, dedicate an emotional farewell message","robots":{"index":"index","follow":"follow","max-snippet":"max-snippet:-1","max-image-preview":"max-image-preview:large","max-video-preview":"max-video-preview:-1"},"canonical":"https:\/\/www.fcbarcelonanoticias.com\/en\/football\/gundogan-emotional-very-sincere-in-his-farewell-fc-barcelona-all-cules_306709_102.html","og_locale":"en_US","og_type":"article","og_title":"G\u00fcndogan, emotional and very sincere in his farewell to FC Barcelona and all the cul\u00e9s","og_description":"\u0130lkay G\u00fcndo\u011fan did not want to end his adventure as a FC Barcelona player without first remembering the cul\u00e9 fans and the Barcelona institution. He took advantage of his social networks to, faithful to his open and sincere style, dedicate an emotional farewell message","og_url":"https:\/\/www.fcbarcelonanoticias.com\/en\/football\/gundogan-emotional-very-sincere-in-his-farewell-fc-barcelona-all-cules_306709_102.html","og_site_name":"EN - FC Barcelona Noticias","article_published_time":"2024-08-23T11:17:00+00:00","article_modified_time":"2026-04-16T07:48:36+00:00","og_image":[{"width":1300,"height":732,"url":"https:\/\/www.fcbarcelonanoticias.com\/en\/wp-content\/uploads\/sites\/2\/2024\/08\/ilkay-guendogan-saludando-en-el-duelo-entre-el-fc-barcelona-y-el-tottenham-en-el-trofeo-joan-gamper-2024-25.png","type":"image\/png"}],"author":"Kevin G\u00f3mez","twitter_card":"summary_large_image","twitter_misc":{"Written by":"Kevin G\u00f3mez","Est. reading time":"3 minutes"},"schema":{"@context":"https:\/\/schema.org","@graph":[{"@type":"Article","@id":"https:\/\/www.fcbarcelonanoticias.com\/en\/football\/gundogan-emotional-very-sincere-in-his-farewell-fc-barcelona-all-cules_306709_102.html#article","isPartOf":{"@id":"https:\/\/www.fcbarcelonanoticias.com\/en\/football\/gundogan-emotional-very-sincere-in-his-farewell-fc-barcelona-all-cules_306709_102.html"},"author":{"name":"Kevin G\u00f3mez","@id":"https:\/\/www.fcbarcelonanoticias.com\/en\/#\/schema\/person\/991443f134df9a64c6874f96ff984c9d"},"headline":"G\u00fcndogan, emotional and very sincere in his farewell to FC Barcelona and all the cul\u00e9s","datePublished":"2024-08-23T11:17:00+00:00","dateModified":"2026-04-16T07:48:36+00:00","mainEntityOfPage":{"@id":"https:\/\/www.fcbarcelonanoticias.com\/en\/football\/gundogan-emotional-very-sincere-in-his-farewell-fc-barcelona-all-cules_306709_102.html"},"wordCount":608,"image":{"@id":"https:\/\/www.fcbarcelonanoticias.com\/en\/football\/gundogan-emotional-very-sincere-in-his-farewell-fc-barcelona-all-cules_306709_102.html#primaryimage"},"thumbnailUrl":"https:\/\/www.fcbarcelonanoticias.com\/en\/wp-content\/uploads\/sites\/2\/2024\/08\/ilkay-guendogan-saludando-en-el-duelo-entre-el-fc-barcelona-y-el-tottenham-en-el-trofeo-joan-gamper-2024-25.png","keywords":["Ilkay G\u00fcndogan","Manchester City"],"articleSection":["Football","Football"],"inLanguage":"en-US"},{"@type":"WebPage","@id":"https:\/\/www.fcbarcelonanoticias.com\/en\/football\/gundogan-emotional-very-sincere-in-his-farewell-fc-barcelona-all-cules_306709_102.html","url":"https:\/\/www.fcbarcelonanoticias.com\/en\/football\/gundogan-emotional-very-sincere-in-his-farewell-fc-barcelona-all-cules_306709_102.html","name":"G\u00fcndogan, emotional and very sincere in his farewell to FC Barcelona and all the cul\u00e9s","isPartOf":{"@id":"https:\/\/www.fcbarcelonanoticias.com\/en\/#website"},"primaryImageOfPage":{"@id":"https:\/\/www.fcbarcelonanoticias.com\/en\/football\/gundogan-emotional-very-sincere-in-his-farewell-fc-barcelona-all-cules_306709_102.html#primaryimage"},"image":{"@id":"https:\/\/www.fcbarcelonanoticias.com\/en\/football\/gundogan-emotional-very-sincere-in-his-farewell-fc-barcelona-all-cules_306709_102.html#primaryimage"},"thumbnailUrl":"https:\/\/www.fcbarcelonanoticias.com\/en\/wp-content\/uploads\/sites\/2\/2024\/08\/ilkay-guendogan-saludando-en-el-duelo-entre-el-fc-barcelona-y-el-tottenham-en-el-trofeo-joan-gamper-2024-25.png","datePublished":"2024-08-23T11:17:00+00:00","dateModified":"2026-04-16T07:48:36+00:00","author":{"@id":"https:\/\/www.fcbarcelonanoticias.com\/en\/#\/schema\/person\/991443f134df9a64c6874f96ff984c9d"},"description":"\u0130lkay G\u00fcndo\u011fan did not want to end his adventure as a FC Barcelona player without first remembering the cul\u00e9 fans and the Barcelona institution. He took advantage of his social networks to, faithful to his open and sincere style, dedicate an emotional farewell message","breadcrumb":{"@id":"https:\/\/www.fcbarcelonanoticias.com\/en\/football\/gundogan-emotional-very-sincere-in-his-farewell-fc-barcelona-all-cules_306709_102.html#breadcrumb"},"inLanguage":"en-US","potentialAction":[{"@type":"ReadAction","target":["https:\/\/www.fcbarcelonanoticias.com\/en\/football\/gundogan-emotional-very-sincere-in-his-farewell-fc-barcelona-all-cules_306709_102.html"]}]},{"@type":"ImageObject","inLanguage":"en-US","@id":"https:\/\/www.fcbarcelonanoticias.com\/en\/football\/gundogan-emotional-very-sincere-in-his-farewell-fc-barcelona-all-cules_306709_102.html#primaryimage","url":"https:\/\/www.fcbarcelonanoticias.com\/en\/wp-content\/uploads\/sites\/2\/2024\/08\/ilkay-guendogan-saludando-en-el-duelo-entre-el-fc-barcelona-y-el-tottenham-en-el-trofeo-joan-gamper-2024-25.png","contentUrl":"https:\/\/www.fcbarcelonanoticias.com\/en\/wp-content\/uploads\/sites\/2\/2024\/08\/ilkay-guendogan-saludando-en-el-duelo-entre-el-fc-barcelona-y-el-tottenham-en-el-trofeo-joan-gamper-2024-25.png","width":1300,"height":732},{"@type":"BreadcrumbList","@id":"https:\/\/www.fcbarcelonanoticias.com\/en\/football\/gundogan-emotional-very-sincere-in-his-farewell-fc-barcelona-all-cules_306709_102.html#breadcrumb","itemListElement":[{"@type":"ListItem","position":1,"name":"Portada","item":"https:\/\/www.fcbarcelonanoticias.com\/en\/"},{"@type":"ListItem","position":2,"name":"G\u00fcndogan, emotional and very sincere in his farewell to FC Barcelona and all the cul\u00e9s"}]},{"@type":"WebSite","@id":"https:\/\/www.fcbarcelonanoticias.com\/en\/#website","url":"https:\/\/www.fcbarcelonanoticias.com\/en\/","name":"EN - FC Barcelona Noticias","description":"","potentialAction":[{"@type":"SearchAction","target":{"@type":"EntryPoint","urlTemplate":"https:\/\/www.fcbarcelonanoticias.com\/en\/?s={search_term_string}"},"query-input":{"@type":"PropertyValueSpecification","valueRequired":true,"valueName":"search_term_string"}}],"inLanguage":"en-US"},{"@type":"Person","@id":"https:\/\/www.fcbarcelonanoticias.com\/en\/#\/schema\/person\/991443f134df9a64c6874f96ff984c9d","name":"Kevin G\u00f3mez","image":{"@type":"ImageObject","inLanguage":"en-US","@id":"https:\/\/secure.gravatar.com\/avatar\/?s=96&d=mm&r=g","url":"https:\/\/secure.gravatar.com\/avatar\/?s=96&d=mm&r=g","contentUrl":"https:\/\/secure.gravatar.com\/avatar\/?s=96&d=mm&r=g","caption":"Kevin G\u00f3mez"},"description":"Licenciado\u00a0en Periodismo y Comunicaci\u00f3n Audiovisual. Redactor en FCBN responsable de cubrir toda\u00a0la informaci\u00f3n del FC Barcelona y las principales competiciones de\u00a0f\u00fatbol.","url":"https:\/\/www.fcbarcelonanoticias.com\/en\/jugadores\/kevin-gomez_23_115.html"}]}},"_links":{"self":[{"href":"https:\/\/www.fcbarcelonanoticias.com\/en\/wp-json\/wp\/v2\/posts\/40372","targetHints":{"allow":["GET"]}}],"collection":[{"href":"https:\/\/www.fcbarcelonanoticias.com\/en\/wp-json\/wp\/v2\/posts"}],"about":[{"href":"https:\/\/www.fcbarcelonanoticias.com\/en\/wp-json\/wp\/v2\/types\/post"}],"author":[{"embeddable":true,"href":"https:\/\/www.fcbarcelonanoticias.com\/en\/wp-json\/wp\/v2\/users\/355"}],"replies":[{"embeddable":true,"href":"https:\/\/www.fcbarcelonanoticias.com\/en\/wp-json\/wp\/v2\/comments?post=40372"}],"version-history":[{"count":2,"href":"https:\/\/www.fcbarcelonanoticias.com\/en\/wp-json\/wp\/v2\/posts\/40372\/revisions"}],"predecessor-version":[{"id":180536,"href":"https:\/\/www.fcbarcelonanoticias.com\/en\/wp-json\/wp\/v2\/posts\/40372\/revisions\/180536"}],"wp:featuredmedia":[{"embeddable":true,"href":"https:\/\/www.fcbarcelonanoticias.com\/en\/wp-json\/wp\/v2\/media\/40373"}],"wp:attachment":[{"href":"https:\/\/www.fcbarcelonanoticias.com\/en\/wp-json\/wp\/v2\/media?parent=40372"}],"wp:term":[{"taxonomy":"category","embeddable":true,"href":"https:\/\/www.fcbarcelonanoticias.com\/en\/wp-json\/wp\/v2\/categories?post=40372"},{"taxonomy":"post_tag","embeddable":true,"href":"https:\/\/www.fcbarcelonanoticias.com\/en\/wp-json\/wp\/v2\/tags?post=40372"}],"curies":[{"name":"wp","href":"https:\/\/api.w.org\/{rel}","templated":true}]}}