{"id":40407,"date":"2025-10-04T18:42:00","date_gmt":"2025-10-04T16:42:00","guid":{"rendered":"https:\/\/weisetech.dev\/fc-barcelona-noticias\/en\/good-news-marc-bernal-is-released-from-spain-u-21-squad_314935_102\/"},"modified":"2026-04-16T09:15:42","modified_gmt":"2026-04-16T07:15:42","slug":"good-news-marc-bernal-is-released-from-spain-u-21-squad_314935_102","status":"publish","type":"post","link":"https:\/\/www.fcbarcelonanoticias.com\/en\/football\/good-news-marc-bernal-is-released-from-spain-u-21-squad_314935_102.html","title":{"rendered":"Good news for Bar\u00e7a: Spain drops Marc Bernal from the U-21 squad"},"content":{"rendered":"<h2 class=\"wp-block-heading\">Marc Bernal will not travel with Spain&#8217;s U-21 team for the October FIFA double fixture. The RFEF has withdrawn the 18-year-old midfielder from the squad, acceding to Bar\u00e7a&#8217;s request.<\/h2>  \r\n<div class=\"article-addons\">\r\n    <a href=\"https:\/\/www.fcbarcelonanoticias.com\/en\/calendar-fc-barcelona.html\"\r\n       target=\"_self\"\r\n       title=\"Calendar of FC Barcelona\"\r\n       class=\"blue-gredient-btn\">\r\n       \r\n        Calendar of FC Barcelona    <\/a>\r\n<\/div>   <p>The <strong>FC Barcelona<\/strong> received good news this Saturday. <strong>Marc Bernal<\/strong> was finally removed from the squad by the coach of the Spanish U-21 team, David Gordo, for the friendly against <strong>Norway<\/strong> and the qualifying match for the European Championship in the category against <strong>Finland<\/strong>. The player from Wolverhampton, <a data-external=\"1\" href=\"https:\/\/x.com\/en\/SEFutbol\/status\/1974448539209212201\" rel=\"nofollow\" target=\"_blank\" title=\"Espa\u00f1a confirma la convocatoria de Fer L\u00f3pez por Marc Bernal\">Fer L\u00f3pez, will replace him on the list<\/a>.<\/p>  <p>Through a statement, the U-21 National Team confirmed that &#8220;<strong>the RFEF has chosen to withdraw Marc Bernal, who has physical discomfort<\/strong>,&#8221; this after reviewing the medical reports sent on Friday night by Bar\u00e7a.<\/p>  <p>The coach David Gordo&#8217;s call-up had come out at noon, <strong>including the one from Berga and 22 other players<\/strong>. The 18-year-old midfielder had just returned to playing with Bar\u00e7a on September 14, against Valencia (6-0), after more than a year out due to his serious knee injury. ## The RFEF agrees with Barcelona: Marc Bernal is not yet physically at his peak That day, Bernal played 9 minutes, providing <a data-external=\"0\" data-intl-links-en=\"https:\/\/www.fcbarcelonanoticias.com\/en\/laliga\/marc-bernal-returns-with-assist-383-days-later_314684_102.html\" data-intl-links-es=\"https:\/\/www.fcbarcelonanoticias.com\/laliga\/marc-bernal-regreso-barca-asistencia-valencia_314684_102.html\" href=\"https:\/\/www.fcbarcelonanoticias.com\/en\/laliga\/marc-bernal-returns-with-assist-383-days-later_314684_102.html\" rel=\"follow\" target=\"_self\" title=\"Marc Bernal regresa a lo grande: asistencia en la goleada al Valencia\">an assist to close the rout<\/a>. Afterwards, he came on near the end in Oviedo (1-3) and, on Wednesday against Paris Saint-Germain (1-2) he added another 11 minutes, his first official minutes in the UEFA Champions League.<\/p>  <p>In that sense, with just 21 minutes of playing time, it is clear that the midfielder still needs time to pick up competitive rhythm. In the press conference prior to Bar\u00e7a&#8217;s visit to Sevilla, <a data-external=\"0\" data-intl-links-en=\"https:\/\/www.fcbarcelonanoticias.com\/en\/laliga\/flick-doesn-guarantee-lamine-will-make-it-to-liga-clasico_314932_102.html\" data-intl-links-es=\"https:\/\/www.fcbarcelonanoticias.com\/laliga\/hansi-flick-no-garantiza-lamine-llegue-clasico-critica-convocatoria-bernal_314932_102.html\" href=\"https:\/\/www.fcbarcelonanoticias.com\/en\/laliga\/flick-doesn-guarantee-lamine-will-make-it-to-liga-clasico_314932_102.html\" rel=\"follow\" target=\"_self\" title=\"Hansi Flick no garantiza que Lamine llegue al Cl\u00e1sico y critica la convocatoria de Bernal\">Hansi Flick<\/a> expressed his displeasure at the Under-21&#8217;s decision to even consider him for a FIFA date.<\/p>  <div class=\"media media-image\" data-ck-asset-wrapper=\"\"> <div class=\"media-item\"> <img loading=\"lazy\" decoding=\"async\" alt=\"Marc Bernal during the Bar\u00e7a-Valencia (6-0)\" data-id=\"1525133\" data-resize=\"9\" height=\"563\" src=\"https:\/\/www.fcbarcelonanoticias.com\/wp-content\/uploads\/sites\/2\/2025\/10\/fcbn-903bb266f975769f57cac01f64b7dca8.webp\" title=\"Marc Bernal during the Bar\u00e7a-Valencia (6-0)\" width=\"1000\"><div class=\"media-title\">Marc Bernal during the Bar\u00e7a-Valencia (6-0)<\/div> <\/div> <\/div>  <p>&#8220;I don&#8217;t know what they want from him, we have to be careful and he&#8217;s not ready to play many minutes. **We see it in training: he&#8217;s not like he was before the injury and that goes for me and the Federation**,&#8221; said the Bar\u00e7a coach.<\/p>  <p>Marc underwent surgery in September 2024 for a torn anterior cruciate ligament in his left knee and an associated injury to the external meniscus. <strong>The club strictly adhered to the initial recovery time set by the doctors (one year),<\/strong> and the player from Berga has only recently started playing in September.<\/p>  <p>## Bar\u00e7a will not change its plan for managing Marc Bernal<\/p>  <p>In that sense, the coaching staff is very clear about the plan to follow with Marc Bernal. <strong>The kid will be adding minutes in the coming weeks, both in the League and in the Champions League<\/strong>, progressively increasing the physical load depending on his evolution.<\/p>  <p>Bar\u00e7a recently completed his renewal until 2029 and have given him the number &#8217;22&#8217;. Gestures that confirm their confidence in the midfielder&#8217;s projection and, therefore, the need to protect him in all aspects to achieve his full physical recovery this season.<\/p>  <p>In the 24\/25 season, Hansi Flick also managed <strong>Gavi&#8217;s<\/strong> minutes in the first half of the season, until the &#8216;6&#8217; regained competitive rhythm. Unfortunately, <a data-external=\"0\" data-intl-links-en=\"https:\/\/www.fcbarcelonanoticias.com\/en\/fc-barcelona\/gavi-breaks-down-ko-for-4-5-months-with-flick-barcelona_314804_102.html\" data-intl-links-es=\"https:\/\/www.fcbarcelonanoticias.com\/fc-barcelona\/gavi-sera-baja-hasta-2026-barcelona-confirma-peores-presagios_314804_102.html\" href=\"https:\/\/www.fcbarcelonanoticias.com\/en\/fc-barcelona\/gavi-breaks-down-ko-for-4-5-months-with-flick-barcelona_314804_102.html\" rel=\"follow\" target=\"_self\" title=\"Gavi will be out until 2026: Barcelona confirms the worst omens\">the Andalusian relapsed from his ailments in the right meniscus<\/a> last month, a scenario that Bar\u00e7a seeks to avoid at all costs with Bernal.<\/p>  <p>Fortunately, the RFEF has respected this position, leaving him out of the friendly against **Norway** in Guadalajara (Friday, October 10) and on Tuesday the 14th against **Finland** in Castell\u00f3n, for matchday 3 of the Euro qualifiers for the category. For the moment, La Roja has 6 out of 6 points in a group that it shares with Romania, Kosovo, Cyprus, and San Marino. * \ud83d\udc49 Follow all the Bar\u00e7a news in our section on <a href=\"https:\/\/www.fcbarcelonanoticias.com\/futbol\/fc-barcelona.html\">FC Barcelona<\/a>.<\/p> ","protected":false},"excerpt":{"rendered":"<p>Marc Bernal will not travel with Spain&#8217;s U-21 team for the October FIFA double fixture. The RFEF has withdrawn the 18-year-old midfielder from the squad, acceding to Bar\u00e7a&#8217;s request. The FC Barcelona received good news this Saturday. Marc Bernal was finally removed from the squad by the coach of the Spanish U-21 team, David Gordo, [&hellip;]<\/p>\n","protected":false},"author":347,"featured_media":18918,"comment_status":"closed","ping_status":"open","sticky":false,"template":"","format":"standard","meta":{"_acf_changed":false,"inline_featured_image":false,"_nextfly_llmd_date_locked":false,"footnotes":""},"categories":[109,452],"tags":[388,459,91],"class_list":["post-40407","post","type-post","status-publish","format-standard","has-post-thumbnail","hentry","category-football","category-football-2","tag-marc-bernal","tag-marc-bernal-2","tag-national-teams"],"acf":[],"yoast_head":"<!-- This site is optimized with the Yoast SEO plugin v27.3 - https:\/\/yoast.com\/product\/yoast-seo-wordpress\/ -->\n<title>Good news: Marc Bernal is released from Spain U-21 squad.<\/title>\n<meta name=\"description\" content=\"Marc Bernal will not travel with Spain&#039;s U-21 team for the October FIFA double fixture. The RFEF has withdrawn the 18-year-old midfielder from the squad at the request of Bar\u00e7a.\" \/>\n<meta name=\"robots\" content=\"index, follow, max-snippet:-1, max-image-preview:large, max-video-preview:-1\" \/>\n<link rel=\"canonical\" href=\"https:\/\/www.fcbarcelonanoticias.com\/en\/football\/good-news-marc-bernal-is-released-from-spain-u-21-squad_314935_102.html\" \/>\n<meta property=\"og:locale\" content=\"en_US\" \/>\n<meta property=\"og:type\" content=\"article\" \/>\n<meta property=\"og:title\" content=\"Good news: Marc Bernal is released from Spain U-21 squad.\" \/>\n<meta property=\"og:description\" content=\"Marc Bernal will not travel with Spain&#039;s U-21 team for the October FIFA double fixture. The RFEF has withdrawn the 18-year-old midfielder from the squad at the request of Bar\u00e7a.\" \/>\n<meta property=\"og:url\" content=\"https:\/\/www.fcbarcelonanoticias.com\/en\/football\/good-news-marc-bernal-is-released-from-spain-u-21-squad_314935_102.html\" \/>\n<meta property=\"og:site_name\" content=\"EN - FC Barcelona Noticias\" \/>\n<meta property=\"article:published_time\" content=\"2025-10-04T16:42:00+00:00\" \/>\n<meta property=\"article:modified_time\" content=\"2026-04-16T07:15:42+00:00\" \/>\n<meta property=\"og:image\" content=\"https:\/\/www.fcbarcelonanoticias.com\/en\/wp-content\/uploads\/sites\/2\/2025\/11\/marc-bernal-v-valencia-laliga-25-26.webp\" \/>\n\t<meta property=\"og:image:width\" content=\"1200\" \/>\n\t<meta property=\"og:image:height\" content=\"675\" \/>\n\t<meta property=\"og:image:type\" content=\"image\/webp\" \/>\n<meta name=\"author\" content=\"Andr\u00e9s Quiroz\" \/>\n<meta name=\"twitter:card\" content=\"summary_large_image\" \/>\n<meta name=\"twitter:label1\" content=\"Written by\" \/>\n\t<meta name=\"twitter:data1\" content=\"Andr\u00e9s Quiroz\" \/>\n\t<meta name=\"twitter:label2\" content=\"Est. reading time\" \/>\n\t<meta name=\"twitter:data2\" content=\"3 minutes\" \/>\n<script type=\"application\/ld+json\" class=\"yoast-schema-graph\">{\"@context\":\"https:\\\/\\\/schema.org\",\"@graph\":[{\"@type\":\"Article\",\"@id\":\"https:\\\/\\\/www.fcbarcelonanoticias.com\\\/en\\\/football\\\/good-news-marc-bernal-is-released-from-spain-u-21-squad_314935_102.html#article\",\"isPartOf\":{\"@id\":\"https:\\\/\\\/www.fcbarcelonanoticias.com\\\/en\\\/football\\\/good-news-marc-bernal-is-released-from-spain-u-21-squad_314935_102.html\"},\"author\":{\"name\":\"Andr\u00e9s Quiroz\",\"@id\":\"https:\\\/\\\/www.fcbarcelonanoticias.com\\\/en\\\/#\\\/schema\\\/person\\\/c2cd9f6fa1af5c0d0eccd0fefa575c88\"},\"headline\":\"Good news for Bar\u00e7a: Spain drops Marc Bernal from the U-21 squad\",\"datePublished\":\"2025-10-04T16:42:00+00:00\",\"dateModified\":\"2026-04-16T07:15:42+00:00\",\"mainEntityOfPage\":{\"@id\":\"https:\\\/\\\/www.fcbarcelonanoticias.com\\\/en\\\/football\\\/good-news-marc-bernal-is-released-from-spain-u-21-squad_314935_102.html\"},\"wordCount\":616,\"image\":{\"@id\":\"https:\\\/\\\/www.fcbarcelonanoticias.com\\\/en\\\/football\\\/good-news-marc-bernal-is-released-from-spain-u-21-squad_314935_102.html#primaryimage\"},\"thumbnailUrl\":\"https:\\\/\\\/www.fcbarcelonanoticias.com\\\/en\\\/wp-content\\\/uploads\\\/sites\\\/2\\\/2025\\\/11\\\/marc-bernal-v-valencia-laliga-25-26.webp\",\"keywords\":[\"Marc Bernal\",\"Marc Bernal\",\"National Teams\"],\"articleSection\":[\"Football\",\"Football\"],\"inLanguage\":\"en-US\"},{\"@type\":\"WebPage\",\"@id\":\"https:\\\/\\\/www.fcbarcelonanoticias.com\\\/en\\\/football\\\/good-news-marc-bernal-is-released-from-spain-u-21-squad_314935_102.html\",\"url\":\"https:\\\/\\\/www.fcbarcelonanoticias.com\\\/en\\\/football\\\/good-news-marc-bernal-is-released-from-spain-u-21-squad_314935_102.html\",\"name\":\"Good news: Marc Bernal is released from Spain U-21 squad.\",\"isPartOf\":{\"@id\":\"https:\\\/\\\/www.fcbarcelonanoticias.com\\\/en\\\/#website\"},\"primaryImageOfPage\":{\"@id\":\"https:\\\/\\\/www.fcbarcelonanoticias.com\\\/en\\\/football\\\/good-news-marc-bernal-is-released-from-spain-u-21-squad_314935_102.html#primaryimage\"},\"image\":{\"@id\":\"https:\\\/\\\/www.fcbarcelonanoticias.com\\\/en\\\/football\\\/good-news-marc-bernal-is-released-from-spain-u-21-squad_314935_102.html#primaryimage\"},\"thumbnailUrl\":\"https:\\\/\\\/www.fcbarcelonanoticias.com\\\/en\\\/wp-content\\\/uploads\\\/sites\\\/2\\\/2025\\\/11\\\/marc-bernal-v-valencia-laliga-25-26.webp\",\"datePublished\":\"2025-10-04T16:42:00+00:00\",\"dateModified\":\"2026-04-16T07:15:42+00:00\",\"author\":{\"@id\":\"https:\\\/\\\/www.fcbarcelonanoticias.com\\\/en\\\/#\\\/schema\\\/person\\\/c2cd9f6fa1af5c0d0eccd0fefa575c88\"},\"description\":\"Marc Bernal will not travel with Spain's U-21 team for the October FIFA double fixture. The RFEF has withdrawn the 18-year-old midfielder from the squad at the request of Bar\u00e7a.\",\"breadcrumb\":{\"@id\":\"https:\\\/\\\/www.fcbarcelonanoticias.com\\\/en\\\/football\\\/good-news-marc-bernal-is-released-from-spain-u-21-squad_314935_102.html#breadcrumb\"},\"inLanguage\":\"en-US\",\"potentialAction\":[{\"@type\":\"ReadAction\",\"target\":[\"https:\\\/\\\/www.fcbarcelonanoticias.com\\\/en\\\/football\\\/good-news-marc-bernal-is-released-from-spain-u-21-squad_314935_102.html\"]}]},{\"@type\":\"ImageObject\",\"inLanguage\":\"en-US\",\"@id\":\"https:\\\/\\\/www.fcbarcelonanoticias.com\\\/en\\\/football\\\/good-news-marc-bernal-is-released-from-spain-u-21-squad_314935_102.html#primaryimage\",\"url\":\"https:\\\/\\\/www.fcbarcelonanoticias.com\\\/en\\\/wp-content\\\/uploads\\\/sites\\\/2\\\/2025\\\/11\\\/marc-bernal-v-valencia-laliga-25-26.webp\",\"contentUrl\":\"https:\\\/\\\/www.fcbarcelonanoticias.com\\\/en\\\/wp-content\\\/uploads\\\/sites\\\/2\\\/2025\\\/11\\\/marc-bernal-v-valencia-laliga-25-26.webp\",\"width\":1200,\"height\":675},{\"@type\":\"BreadcrumbList\",\"@id\":\"https:\\\/\\\/www.fcbarcelonanoticias.com\\\/en\\\/football\\\/good-news-marc-bernal-is-released-from-spain-u-21-squad_314935_102.html#breadcrumb\",\"itemListElement\":[{\"@type\":\"ListItem\",\"position\":1,\"name\":\"Portada\",\"item\":\"https:\\\/\\\/www.fcbarcelonanoticias.com\\\/en\\\/\"},{\"@type\":\"ListItem\",\"position\":2,\"name\":\"Good news for Bar\u00e7a: Spain drops Marc Bernal from the U-21 squad\"}]},{\"@type\":\"WebSite\",\"@id\":\"https:\\\/\\\/www.fcbarcelonanoticias.com\\\/en\\\/#website\",\"url\":\"https:\\\/\\\/www.fcbarcelonanoticias.com\\\/en\\\/\",\"name\":\"EN - FC Barcelona Noticias\",\"description\":\"\",\"potentialAction\":[{\"@type\":\"SearchAction\",\"target\":{\"@type\":\"EntryPoint\",\"urlTemplate\":\"https:\\\/\\\/www.fcbarcelonanoticias.com\\\/en\\\/?s={search_term_string}\"},\"query-input\":{\"@type\":\"PropertyValueSpecification\",\"valueRequired\":true,\"valueName\":\"search_term_string\"}}],\"inLanguage\":\"en-US\"},{\"@type\":\"Person\",\"@id\":\"https:\\\/\\\/www.fcbarcelonanoticias.com\\\/en\\\/#\\\/schema\\\/person\\\/c2cd9f6fa1af5c0d0eccd0fefa575c88\",\"name\":\"Andr\u00e9s Quiroz\",\"image\":{\"@type\":\"ImageObject\",\"inLanguage\":\"en-US\",\"@id\":\"https:\\\/\\\/secure.gravatar.com\\\/avatar\\\/?s=96&d=mm&r=g\",\"url\":\"https:\\\/\\\/secure.gravatar.com\\\/avatar\\\/?s=96&d=mm&r=g\",\"contentUrl\":\"https:\\\/\\\/secure.gravatar.com\\\/avatar\\\/?s=96&d=mm&r=g\",\"caption\":\"Andr\u00e9s Quiroz\"},\"description\":\"Licenciado en Periodismo por la Universidad de los Andes. Me encargo de analizar y compartir los contenidos m\u00e1s destacados de la\u00a0actualidad del F\u00fatbol Club Barcelona, Mercado de Fichajes y F\u00fatbol Internacional en FCBN. La informaci\u00f3n es poder, pero tambi\u00e9n conocimiento.\",\"url\":\"https:\\\/\\\/www.fcbarcelonanoticias.com\\\/en\\\/fc-barcelona\\\/andres-quiroz_17_115.html\"}]}<\/script>\n<!-- \/ Yoast SEO plugin. -->","yoast_head_json":{"title":"Good news: Marc Bernal is released from Spain U-21 squad.","description":"Marc Bernal will not travel with Spain's U-21 team for the October FIFA double fixture. The RFEF has withdrawn the 18-year-old midfielder from the squad at the request of Bar\u00e7a.","robots":{"index":"index","follow":"follow","max-snippet":"max-snippet:-1","max-image-preview":"max-image-preview:large","max-video-preview":"max-video-preview:-1"},"canonical":"https:\/\/www.fcbarcelonanoticias.com\/en\/football\/good-news-marc-bernal-is-released-from-spain-u-21-squad_314935_102.html","og_locale":"en_US","og_type":"article","og_title":"Good news: Marc Bernal is released from Spain U-21 squad.","og_description":"Marc Bernal will not travel with Spain's U-21 team for the October FIFA double fixture. The RFEF has withdrawn the 18-year-old midfielder from the squad at the request of Bar\u00e7a.","og_url":"https:\/\/www.fcbarcelonanoticias.com\/en\/football\/good-news-marc-bernal-is-released-from-spain-u-21-squad_314935_102.html","og_site_name":"EN - FC Barcelona Noticias","article_published_time":"2025-10-04T16:42:00+00:00","article_modified_time":"2026-04-16T07:15:42+00:00","og_image":[{"width":1200,"height":675,"url":"https:\/\/www.fcbarcelonanoticias.com\/en\/wp-content\/uploads\/sites\/2\/2025\/11\/marc-bernal-v-valencia-laliga-25-26.webp","type":"image\/webp"}],"author":"Andr\u00e9s Quiroz","twitter_card":"summary_large_image","twitter_misc":{"Written by":"Andr\u00e9s Quiroz","Est. reading time":"3 minutes"},"schema":{"@context":"https:\/\/schema.org","@graph":[{"@type":"Article","@id":"https:\/\/www.fcbarcelonanoticias.com\/en\/football\/good-news-marc-bernal-is-released-from-spain-u-21-squad_314935_102.html#article","isPartOf":{"@id":"https:\/\/www.fcbarcelonanoticias.com\/en\/football\/good-news-marc-bernal-is-released-from-spain-u-21-squad_314935_102.html"},"author":{"name":"Andr\u00e9s Quiroz","@id":"https:\/\/www.fcbarcelonanoticias.com\/en\/#\/schema\/person\/c2cd9f6fa1af5c0d0eccd0fefa575c88"},"headline":"Good news for Bar\u00e7a: Spain drops Marc Bernal from the U-21 squad","datePublished":"2025-10-04T16:42:00+00:00","dateModified":"2026-04-16T07:15:42+00:00","mainEntityOfPage":{"@id":"https:\/\/www.fcbarcelonanoticias.com\/en\/football\/good-news-marc-bernal-is-released-from-spain-u-21-squad_314935_102.html"},"wordCount":616,"image":{"@id":"https:\/\/www.fcbarcelonanoticias.com\/en\/football\/good-news-marc-bernal-is-released-from-spain-u-21-squad_314935_102.html#primaryimage"},"thumbnailUrl":"https:\/\/www.fcbarcelonanoticias.com\/en\/wp-content\/uploads\/sites\/2\/2025\/11\/marc-bernal-v-valencia-laliga-25-26.webp","keywords":["Marc Bernal","Marc Bernal","National Teams"],"articleSection":["Football","Football"],"inLanguage":"en-US"},{"@type":"WebPage","@id":"https:\/\/www.fcbarcelonanoticias.com\/en\/football\/good-news-marc-bernal-is-released-from-spain-u-21-squad_314935_102.html","url":"https:\/\/www.fcbarcelonanoticias.com\/en\/football\/good-news-marc-bernal-is-released-from-spain-u-21-squad_314935_102.html","name":"Good news: Marc Bernal is released from Spain U-21 squad.","isPartOf":{"@id":"https:\/\/www.fcbarcelonanoticias.com\/en\/#website"},"primaryImageOfPage":{"@id":"https:\/\/www.fcbarcelonanoticias.com\/en\/football\/good-news-marc-bernal-is-released-from-spain-u-21-squad_314935_102.html#primaryimage"},"image":{"@id":"https:\/\/www.fcbarcelonanoticias.com\/en\/football\/good-news-marc-bernal-is-released-from-spain-u-21-squad_314935_102.html#primaryimage"},"thumbnailUrl":"https:\/\/www.fcbarcelonanoticias.com\/en\/wp-content\/uploads\/sites\/2\/2025\/11\/marc-bernal-v-valencia-laliga-25-26.webp","datePublished":"2025-10-04T16:42:00+00:00","dateModified":"2026-04-16T07:15:42+00:00","author":{"@id":"https:\/\/www.fcbarcelonanoticias.com\/en\/#\/schema\/person\/c2cd9f6fa1af5c0d0eccd0fefa575c88"},"description":"Marc Bernal will not travel with Spain's U-21 team for the October FIFA double fixture. The RFEF has withdrawn the 18-year-old midfielder from the squad at the request of Bar\u00e7a.","breadcrumb":{"@id":"https:\/\/www.fcbarcelonanoticias.com\/en\/football\/good-news-marc-bernal-is-released-from-spain-u-21-squad_314935_102.html#breadcrumb"},"inLanguage":"en-US","potentialAction":[{"@type":"ReadAction","target":["https:\/\/www.fcbarcelonanoticias.com\/en\/football\/good-news-marc-bernal-is-released-from-spain-u-21-squad_314935_102.html"]}]},{"@type":"ImageObject","inLanguage":"en-US","@id":"https:\/\/www.fcbarcelonanoticias.com\/en\/football\/good-news-marc-bernal-is-released-from-spain-u-21-squad_314935_102.html#primaryimage","url":"https:\/\/www.fcbarcelonanoticias.com\/en\/wp-content\/uploads\/sites\/2\/2025\/11\/marc-bernal-v-valencia-laliga-25-26.webp","contentUrl":"https:\/\/www.fcbarcelonanoticias.com\/en\/wp-content\/uploads\/sites\/2\/2025\/11\/marc-bernal-v-valencia-laliga-25-26.webp","width":1200,"height":675},{"@type":"BreadcrumbList","@id":"https:\/\/www.fcbarcelonanoticias.com\/en\/football\/good-news-marc-bernal-is-released-from-spain-u-21-squad_314935_102.html#breadcrumb","itemListElement":[{"@type":"ListItem","position":1,"name":"Portada","item":"https:\/\/www.fcbarcelonanoticias.com\/en\/"},{"@type":"ListItem","position":2,"name":"Good news for Bar\u00e7a: Spain drops Marc Bernal from the U-21 squad"}]},{"@type":"WebSite","@id":"https:\/\/www.fcbarcelonanoticias.com\/en\/#website","url":"https:\/\/www.fcbarcelonanoticias.com\/en\/","name":"EN - FC Barcelona Noticias","description":"","potentialAction":[{"@type":"SearchAction","target":{"@type":"EntryPoint","urlTemplate":"https:\/\/www.fcbarcelonanoticias.com\/en\/?s={search_term_string}"},"query-input":{"@type":"PropertyValueSpecification","valueRequired":true,"valueName":"search_term_string"}}],"inLanguage":"en-US"},{"@type":"Person","@id":"https:\/\/www.fcbarcelonanoticias.com\/en\/#\/schema\/person\/c2cd9f6fa1af5c0d0eccd0fefa575c88","name":"Andr\u00e9s Quiroz","image":{"@type":"ImageObject","inLanguage":"en-US","@id":"https:\/\/secure.gravatar.com\/avatar\/?s=96&d=mm&r=g","url":"https:\/\/secure.gravatar.com\/avatar\/?s=96&d=mm&r=g","contentUrl":"https:\/\/secure.gravatar.com\/avatar\/?s=96&d=mm&r=g","caption":"Andr\u00e9s Quiroz"},"description":"Licenciado en Periodismo por la Universidad de los Andes. Me encargo de analizar y compartir los contenidos m\u00e1s destacados de la\u00a0actualidad del F\u00fatbol Club Barcelona, Mercado de Fichajes y F\u00fatbol Internacional en FCBN. La informaci\u00f3n es poder, pero tambi\u00e9n conocimiento.","url":"https:\/\/www.fcbarcelonanoticias.com\/en\/fc-barcelona\/andres-quiroz_17_115.html"}]}},"_links":{"self":[{"href":"https:\/\/www.fcbarcelonanoticias.com\/en\/wp-json\/wp\/v2\/posts\/40407","targetHints":{"allow":["GET"]}}],"collection":[{"href":"https:\/\/www.fcbarcelonanoticias.com\/en\/wp-json\/wp\/v2\/posts"}],"about":[{"href":"https:\/\/www.fcbarcelonanoticias.com\/en\/wp-json\/wp\/v2\/types\/post"}],"author":[{"embeddable":true,"href":"https:\/\/www.fcbarcelonanoticias.com\/en\/wp-json\/wp\/v2\/users\/347"}],"replies":[{"embeddable":true,"href":"https:\/\/www.fcbarcelonanoticias.com\/en\/wp-json\/wp\/v2\/comments?post=40407"}],"version-history":[{"count":3,"href":"https:\/\/www.fcbarcelonanoticias.com\/en\/wp-json\/wp\/v2\/posts\/40407\/revisions"}],"predecessor-version":[{"id":170387,"href":"https:\/\/www.fcbarcelonanoticias.com\/en\/wp-json\/wp\/v2\/posts\/40407\/revisions\/170387"}],"wp:featuredmedia":[{"embeddable":true,"href":"https:\/\/www.fcbarcelonanoticias.com\/en\/wp-json\/wp\/v2\/media\/18918"}],"wp:attachment":[{"href":"https:\/\/www.fcbarcelonanoticias.com\/en\/wp-json\/wp\/v2\/media?parent=40407"}],"wp:term":[{"taxonomy":"category","embeddable":true,"href":"https:\/\/www.fcbarcelonanoticias.com\/en\/wp-json\/wp\/v2\/categories?post=40407"},{"taxonomy":"post_tag","embeddable":true,"href":"https:\/\/www.fcbarcelonanoticias.com\/en\/wp-json\/wp\/v2\/tags?post=40407"}],"curies":[{"name":"wp","href":"https:\/\/api.w.org\/{rel}","templated":true}]}}