{"id":40442,"date":"2024-09-30T20:09:00","date_gmt":"2024-09-30T18:09:00","guid":{"rendered":"https:\/\/weisetech.dev\/fc-barcelona-noticias\/en\/implacable-the-reason-luis-enrique-cut-dembele-from-the-psg-squad_307616_102\/"},"modified":"2026-04-16T09:50:17","modified_gmt":"2026-04-16T07:50:17","slug":"implacable-the-reason-luis-enrique-cut-dembele-from-the-psg-squad_307616_102","status":"publish","type":"post","link":"https:\/\/www.fcbarcelonanoticias.com\/en\/football\/implacable-the-reason-luis-enrique-cut-dembele-from-the-psg-squad_307616_102.html","title":{"rendered":"Implacable! The reason Luis Enrique &#8216;cut&#8217; Demb\u00e9l\u00e9 from the PSG squad"},"content":{"rendered":"<h2 class=\"wp-block-heading\">Luis Enrique has taken an important disciplinary measure with Ousmane Demb\u00e9l\u00e9 by leaving him out of the squad for the PSG-Arsenal Champions League match. Why? We explain it to you on FCBN<\/h2>  \r\n<div class=\"article-addons\">\r\n    <a href=\"https:\/\/www.fcbarcelonanoticias.com\/en\/calendar-fc-barcelona.html\"\r\n       target=\"_self\"\r\n       title=\"Calendar of FC Barcelona\"\r\n       class=\"blue-gredient-btn\">\r\n       \r\n        Calendar of FC Barcelona    <\/a>\r\n<\/div>   <p><strong><a data-external=\"0\" data-intl-links-en=\"https:\/\/www.fcbarcelonanoticias.com\/en\/football-soccer\/luis-enrique-makes-it-clear-that-barcelona-looked-for-him-as-possible-successor-to-xavi-hernandez_307497_102.html\" data-intl-links-es=\"https:\/\/www.fcbarcelonanoticias.com\/futbol\/luis-enrique-deja-claro-barcelona-busco-como-posible-sucesor-xavi-hernandez_307497_102.html\" href=\"https:\/\/www.fcbarcelonanoticias.com\/futbol\/luis-enrique-deja-claro-barcelona-busco-como-posible-sucesor-xavi-hernandez_307497_102.html\" rel=\"follow\" target=\"_self\" title=\"Luis Enrique makes it clear that Barcelona looked for him as possible successor to Xavi Hernandez\">Luis Enrique<\/a>&nbsp;<\/strong>has once again shown that he does not hesitate to make tough decisions, no matter how difficult they may seem. This time, <strong>the Asturian coach has decided to sideline one of his key players in the attacking line<\/strong> for the UEFA Champions League clash against Arsenal, seemingly for disciplinary reasons.<\/p>  <p>In this instance, <strong>the player in question is Ousmane Demb\u00e9l\u00e9<\/strong>. The talented right winger was left out of the Parisian squad for the match against the &#8216;Gunners&#8217; for reasons that &#8216;Lucho&#8217; explained in the press conference before the French-English encounter: &#8220;<strong>Yesterday, I had to make a difficult decision, but I believe it&#8217;s the best for the team. I would do it 100 times over.<\/strong> That doesn&#8217;t mean it&#8217;s irreversible or irrevocable. I signed with PSG to build a team and I will build a team with identity, courage, daring, that tries to play good football,&#8221; he began.<\/p>  <blockquote> <p>&#8220;I am very honest, but I won&#8217;t turn this into a soap opera. There hasn&#8217;t been an argument between the player and me, nor is there a problem between us. There&#8217;s only a problem between a player and his obligations to the team, nothing more, but it can be resolved in five minutes,&#8221; he concluded.<\/p> <\/blockquote>  <h2>The apparent reason why &#8216;Lucho&#8217; would have sidelined the &#8216;Mosquito&#8217; from PSG&#8217;s dynamics<\/h2>  <p>This exclusion, as suggested by the French media outlet L&#8217;\u00c9quipe, allegedly came after <strong>Demb\u00e9l\u00e9 and Luis Enrique<\/strong>, following the last Ligue 1 match between <strong>Paris Saint-Germain and Rennes<\/strong>,<b> <\/b>reportedly had a verbal dispute in the locker room, related to the &#8216;Mosquito&#8217; allegedly not following the Asturian&#8217;s tactical instructions and displaying certain attitudes towards his former team. A clash where Ousmane purportedly played with excessive individualism in several instances.<\/p>  <p>In particular, the source highlights an incident in the 18th minute where Demb\u00e9l\u00e9 could have set up <strong>Achraf Hakimi<\/strong> from the right flank, as he was in a better goal-scoring position in what was a lethal counterattack; however, &#8216;Dembouz&#8217; chose to go for an individual play and ultimately shot with his right foot, which was the most difficult option and the shot went wide. An action that, as seen in the match broadcast, <strong>didn&#8217;t sit well with Luis Enrique<\/strong>,<b> <\/b>who expressed his clear displeasure at the outcome of a play that could have meant 1-0 for PSG at that moment.<\/p>  <h2>Who will replace Ousmane Demb\u00e9l\u00e9 in the match against the &#8216;Gunners&#8217;?<\/h2>  <p>Now, it remains to be seen how <strong>Luis Enrique<\/strong> will reorganize his offense for this high-stakes clash against Arsenal. It&#8217;s worth noting that regardless of the disciplinary incident, and that this decision clearly sets a precedent showcasing &#8216;Lucho&#8217;s&#8217; ability to make tough decisions, the Parisian side is losing a player who currently stands as their second top scorer with four goals.<\/p>  <p>Additionally, <strong>Ousmane Demb\u00e9l\u00e9<\/strong> also features as the team&#8217;s second-best assist provider with four assists. However, if there&#8217;s one thing <strong>Luis Enrique<\/strong> has, it&#8217;s alternatives to reinforce the right wing, as he has <strong>Ibrahim Mbaye<\/strong>,<strong>&nbsp;Randal Kolo Muani<\/strong>,<b> <\/b>Kang-in Lee, and even <strong>Bradley Barcola<\/strong>&nbsp;who can play in that position, among others.<\/p> ","protected":false},"excerpt":{"rendered":"<p>Luis Enrique has taken an important disciplinary measure with Ousmane Demb\u00e9l\u00e9 by leaving him out of the squad for the PSG-Arsenal Champions League match. Why? We explain it to you on FCBN Luis Enrique&nbsp;has once again shown that he does not hesitate to make tough decisions, no matter how difficult they may seem. This time, [&hellip;]<\/p>\n","protected":false},"author":355,"featured_media":40443,"comment_status":"closed","ping_status":"open","sticky":false,"template":"","format":"standard","meta":{"_acf_changed":false,"inline_featured_image":false,"_nextfly_llmd_date_locked":false,"footnotes":""},"categories":[109,452],"tags":[102,146,148,88],"class_list":["post-40442","post","type-post","status-publish","format-standard","has-post-thumbnail","hentry","category-football","category-football-2","tag-arsenal","tag-dembele","tag-luis-enrique","tag-paris-saint-germain"],"acf":[],"yoast_head":"<!-- This site is optimized with the Yoast SEO plugin v27.3 - https:\/\/yoast.com\/product\/yoast-seo-wordpress\/ -->\n<title>Implacable! The reason Luis Enrique &#039;cut&#039; Demb\u00e9l\u00e9 from the PSG squad<\/title>\n<meta name=\"description\" content=\"Luis Enrique has taken an important disciplinary measure with Ousmane Demb\u00e9l\u00e9 by leaving him out of the squad for the PSG-Arsenal Champions League match. Why? We explain it to you on FCBN\" \/>\n<meta name=\"robots\" content=\"index, follow, max-snippet:-1, max-image-preview:large, max-video-preview:-1\" \/>\n<link rel=\"canonical\" href=\"https:\/\/www.fcbarcelonanoticias.com\/en\/football\/implacable-the-reason-luis-enrique-cut-dembele-from-the-psg-squad_307616_102.html\" \/>\n<meta property=\"og:locale\" content=\"en_US\" \/>\n<meta property=\"og:type\" content=\"article\" \/>\n<meta property=\"og:title\" content=\"Implacable! The reason Luis Enrique &#039;cut&#039; Demb\u00e9l\u00e9 from the PSG squad\" \/>\n<meta property=\"og:description\" content=\"Luis Enrique has taken an important disciplinary measure with Ousmane Demb\u00e9l\u00e9 by leaving him out of the squad for the PSG-Arsenal Champions League match. Why? We explain it to you on FCBN\" \/>\n<meta property=\"og:url\" content=\"https:\/\/www.fcbarcelonanoticias.com\/en\/football\/implacable-the-reason-luis-enrique-cut-dembele-from-the-psg-squad_307616_102.html\" \/>\n<meta property=\"og:site_name\" content=\"EN - FC Barcelona Noticias\" \/>\n<meta property=\"article:published_time\" content=\"2024-09-30T18:09:00+00:00\" \/>\n<meta property=\"article:modified_time\" content=\"2026-04-16T07:50:17+00:00\" \/>\n<meta property=\"og:image\" content=\"https:\/\/www.fcbarcelonanoticias.com\/en\/wp-content\/uploads\/sites\/2\/2024\/09\/luis-enrique-en-el-duelo-entre-el-paris-saint-germain-y-el-borussia-dortmund-en-la-semis-de-la-uefa-champions-league-2023-24.jpeg\" \/>\n\t<meta property=\"og:image:width\" content=\"1300\" \/>\n\t<meta property=\"og:image:height\" content=\"732\" \/>\n\t<meta property=\"og:image:type\" content=\"image\/jpeg\" \/>\n<meta name=\"author\" content=\"Kevin G\u00f3mez\" \/>\n<meta name=\"twitter:card\" content=\"summary_large_image\" \/>\n<meta name=\"twitter:label1\" content=\"Written by\" \/>\n\t<meta name=\"twitter:data1\" content=\"Kevin G\u00f3mez\" \/>\n\t<meta name=\"twitter:label2\" content=\"Est. reading time\" \/>\n\t<meta name=\"twitter:data2\" content=\"3 minutes\" \/>\n<script type=\"application\/ld+json\" class=\"yoast-schema-graph\">{\"@context\":\"https:\\\/\\\/schema.org\",\"@graph\":[{\"@type\":\"Article\",\"@id\":\"https:\\\/\\\/www.fcbarcelonanoticias.com\\\/en\\\/football\\\/implacable-the-reason-luis-enrique-cut-dembele-from-the-psg-squad_307616_102.html#article\",\"isPartOf\":{\"@id\":\"https:\\\/\\\/www.fcbarcelonanoticias.com\\\/en\\\/football\\\/implacable-the-reason-luis-enrique-cut-dembele-from-the-psg-squad_307616_102.html\"},\"author\":{\"name\":\"Kevin G\u00f3mez\",\"@id\":\"https:\\\/\\\/www.fcbarcelonanoticias.com\\\/en\\\/#\\\/schema\\\/person\\\/991443f134df9a64c6874f96ff984c9d\"},\"headline\":\"Implacable! The reason Luis Enrique &#8216;cut&#8217; Demb\u00e9l\u00e9 from the PSG squad\",\"datePublished\":\"2024-09-30T18:09:00+00:00\",\"dateModified\":\"2026-04-16T07:50:17+00:00\",\"mainEntityOfPage\":{\"@id\":\"https:\\\/\\\/www.fcbarcelonanoticias.com\\\/en\\\/football\\\/implacable-the-reason-luis-enrique-cut-dembele-from-the-psg-squad_307616_102.html\"},\"wordCount\":574,\"image\":{\"@id\":\"https:\\\/\\\/www.fcbarcelonanoticias.com\\\/en\\\/football\\\/implacable-the-reason-luis-enrique-cut-dembele-from-the-psg-squad_307616_102.html#primaryimage\"},\"thumbnailUrl\":\"https:\\\/\\\/www.fcbarcelonanoticias.com\\\/en\\\/wp-content\\\/uploads\\\/sites\\\/2\\\/2024\\\/09\\\/luis-enrique-en-el-duelo-entre-el-paris-saint-germain-y-el-borussia-dortmund-en-la-semis-de-la-uefa-champions-league-2023-24.jpeg\",\"keywords\":[\"Arsenal\",\"Demb\u00e9l\u00e9\",\"Luis Enrique\",\"Paris Saint-Germain\"],\"articleSection\":[\"Football\",\"Football\"],\"inLanguage\":\"en-US\"},{\"@type\":\"WebPage\",\"@id\":\"https:\\\/\\\/www.fcbarcelonanoticias.com\\\/en\\\/football\\\/implacable-the-reason-luis-enrique-cut-dembele-from-the-psg-squad_307616_102.html\",\"url\":\"https:\\\/\\\/www.fcbarcelonanoticias.com\\\/en\\\/football\\\/implacable-the-reason-luis-enrique-cut-dembele-from-the-psg-squad_307616_102.html\",\"name\":\"Implacable! The reason Luis Enrique 'cut' Demb\u00e9l\u00e9 from the PSG squad\",\"isPartOf\":{\"@id\":\"https:\\\/\\\/www.fcbarcelonanoticias.com\\\/en\\\/#website\"},\"primaryImageOfPage\":{\"@id\":\"https:\\\/\\\/www.fcbarcelonanoticias.com\\\/en\\\/football\\\/implacable-the-reason-luis-enrique-cut-dembele-from-the-psg-squad_307616_102.html#primaryimage\"},\"image\":{\"@id\":\"https:\\\/\\\/www.fcbarcelonanoticias.com\\\/en\\\/football\\\/implacable-the-reason-luis-enrique-cut-dembele-from-the-psg-squad_307616_102.html#primaryimage\"},\"thumbnailUrl\":\"https:\\\/\\\/www.fcbarcelonanoticias.com\\\/en\\\/wp-content\\\/uploads\\\/sites\\\/2\\\/2024\\\/09\\\/luis-enrique-en-el-duelo-entre-el-paris-saint-germain-y-el-borussia-dortmund-en-la-semis-de-la-uefa-champions-league-2023-24.jpeg\",\"datePublished\":\"2024-09-30T18:09:00+00:00\",\"dateModified\":\"2026-04-16T07:50:17+00:00\",\"author\":{\"@id\":\"https:\\\/\\\/www.fcbarcelonanoticias.com\\\/en\\\/#\\\/schema\\\/person\\\/991443f134df9a64c6874f96ff984c9d\"},\"description\":\"Luis Enrique has taken an important disciplinary measure with Ousmane Demb\u00e9l\u00e9 by leaving him out of the squad for the PSG-Arsenal Champions League match. Why? We explain it to you on FCBN\",\"breadcrumb\":{\"@id\":\"https:\\\/\\\/www.fcbarcelonanoticias.com\\\/en\\\/football\\\/implacable-the-reason-luis-enrique-cut-dembele-from-the-psg-squad_307616_102.html#breadcrumb\"},\"inLanguage\":\"en-US\",\"potentialAction\":[{\"@type\":\"ReadAction\",\"target\":[\"https:\\\/\\\/www.fcbarcelonanoticias.com\\\/en\\\/football\\\/implacable-the-reason-luis-enrique-cut-dembele-from-the-psg-squad_307616_102.html\"]}]},{\"@type\":\"ImageObject\",\"inLanguage\":\"en-US\",\"@id\":\"https:\\\/\\\/www.fcbarcelonanoticias.com\\\/en\\\/football\\\/implacable-the-reason-luis-enrique-cut-dembele-from-the-psg-squad_307616_102.html#primaryimage\",\"url\":\"https:\\\/\\\/www.fcbarcelonanoticias.com\\\/en\\\/wp-content\\\/uploads\\\/sites\\\/2\\\/2024\\\/09\\\/luis-enrique-en-el-duelo-entre-el-paris-saint-germain-y-el-borussia-dortmund-en-la-semis-de-la-uefa-champions-league-2023-24.jpeg\",\"contentUrl\":\"https:\\\/\\\/www.fcbarcelonanoticias.com\\\/en\\\/wp-content\\\/uploads\\\/sites\\\/2\\\/2024\\\/09\\\/luis-enrique-en-el-duelo-entre-el-paris-saint-germain-y-el-borussia-dortmund-en-la-semis-de-la-uefa-champions-league-2023-24.jpeg\",\"width\":1300,\"height\":732},{\"@type\":\"BreadcrumbList\",\"@id\":\"https:\\\/\\\/www.fcbarcelonanoticias.com\\\/en\\\/football\\\/implacable-the-reason-luis-enrique-cut-dembele-from-the-psg-squad_307616_102.html#breadcrumb\",\"itemListElement\":[{\"@type\":\"ListItem\",\"position\":1,\"name\":\"Portada\",\"item\":\"https:\\\/\\\/www.fcbarcelonanoticias.com\\\/en\\\/\"},{\"@type\":\"ListItem\",\"position\":2,\"name\":\"Implacable! The reason Luis Enrique &#8216;cut&#8217; Demb\u00e9l\u00e9 from the PSG squad\"}]},{\"@type\":\"WebSite\",\"@id\":\"https:\\\/\\\/www.fcbarcelonanoticias.com\\\/en\\\/#website\",\"url\":\"https:\\\/\\\/www.fcbarcelonanoticias.com\\\/en\\\/\",\"name\":\"EN - FC Barcelona Noticias\",\"description\":\"\",\"potentialAction\":[{\"@type\":\"SearchAction\",\"target\":{\"@type\":\"EntryPoint\",\"urlTemplate\":\"https:\\\/\\\/www.fcbarcelonanoticias.com\\\/en\\\/?s={search_term_string}\"},\"query-input\":{\"@type\":\"PropertyValueSpecification\",\"valueRequired\":true,\"valueName\":\"search_term_string\"}}],\"inLanguage\":\"en-US\"},{\"@type\":\"Person\",\"@id\":\"https:\\\/\\\/www.fcbarcelonanoticias.com\\\/en\\\/#\\\/schema\\\/person\\\/991443f134df9a64c6874f96ff984c9d\",\"name\":\"Kevin G\u00f3mez\",\"image\":{\"@type\":\"ImageObject\",\"inLanguage\":\"en-US\",\"@id\":\"https:\\\/\\\/secure.gravatar.com\\\/avatar\\\/?s=96&d=mm&r=g\",\"url\":\"https:\\\/\\\/secure.gravatar.com\\\/avatar\\\/?s=96&d=mm&r=g\",\"contentUrl\":\"https:\\\/\\\/secure.gravatar.com\\\/avatar\\\/?s=96&d=mm&r=g\",\"caption\":\"Kevin G\u00f3mez\"},\"description\":\"Licenciado\u00a0en Periodismo y Comunicaci\u00f3n Audiovisual. Redactor en FCBN responsable de cubrir toda\u00a0la informaci\u00f3n del FC Barcelona y las principales competiciones de\u00a0f\u00fatbol.\",\"url\":\"https:\\\/\\\/www.fcbarcelonanoticias.com\\\/en\\\/jugadores\\\/kevin-gomez_23_115.html\"}]}<\/script>\n<!-- \/ Yoast SEO plugin. -->","yoast_head_json":{"title":"Implacable! The reason Luis Enrique 'cut' Demb\u00e9l\u00e9 from the PSG squad","description":"Luis Enrique has taken an important disciplinary measure with Ousmane Demb\u00e9l\u00e9 by leaving him out of the squad for the PSG-Arsenal Champions League match. Why? We explain it to you on FCBN","robots":{"index":"index","follow":"follow","max-snippet":"max-snippet:-1","max-image-preview":"max-image-preview:large","max-video-preview":"max-video-preview:-1"},"canonical":"https:\/\/www.fcbarcelonanoticias.com\/en\/football\/implacable-the-reason-luis-enrique-cut-dembele-from-the-psg-squad_307616_102.html","og_locale":"en_US","og_type":"article","og_title":"Implacable! The reason Luis Enrique 'cut' Demb\u00e9l\u00e9 from the PSG squad","og_description":"Luis Enrique has taken an important disciplinary measure with Ousmane Demb\u00e9l\u00e9 by leaving him out of the squad for the PSG-Arsenal Champions League match. Why? We explain it to you on FCBN","og_url":"https:\/\/www.fcbarcelonanoticias.com\/en\/football\/implacable-the-reason-luis-enrique-cut-dembele-from-the-psg-squad_307616_102.html","og_site_name":"EN - FC Barcelona Noticias","article_published_time":"2024-09-30T18:09:00+00:00","article_modified_time":"2026-04-16T07:50:17+00:00","og_image":[{"width":1300,"height":732,"url":"https:\/\/www.fcbarcelonanoticias.com\/en\/wp-content\/uploads\/sites\/2\/2024\/09\/luis-enrique-en-el-duelo-entre-el-paris-saint-germain-y-el-borussia-dortmund-en-la-semis-de-la-uefa-champions-league-2023-24.jpeg","type":"image\/jpeg"}],"author":"Kevin G\u00f3mez","twitter_card":"summary_large_image","twitter_misc":{"Written by":"Kevin G\u00f3mez","Est. reading time":"3 minutes"},"schema":{"@context":"https:\/\/schema.org","@graph":[{"@type":"Article","@id":"https:\/\/www.fcbarcelonanoticias.com\/en\/football\/implacable-the-reason-luis-enrique-cut-dembele-from-the-psg-squad_307616_102.html#article","isPartOf":{"@id":"https:\/\/www.fcbarcelonanoticias.com\/en\/football\/implacable-the-reason-luis-enrique-cut-dembele-from-the-psg-squad_307616_102.html"},"author":{"name":"Kevin G\u00f3mez","@id":"https:\/\/www.fcbarcelonanoticias.com\/en\/#\/schema\/person\/991443f134df9a64c6874f96ff984c9d"},"headline":"Implacable! The reason Luis Enrique &#8216;cut&#8217; Demb\u00e9l\u00e9 from the PSG squad","datePublished":"2024-09-30T18:09:00+00:00","dateModified":"2026-04-16T07:50:17+00:00","mainEntityOfPage":{"@id":"https:\/\/www.fcbarcelonanoticias.com\/en\/football\/implacable-the-reason-luis-enrique-cut-dembele-from-the-psg-squad_307616_102.html"},"wordCount":574,"image":{"@id":"https:\/\/www.fcbarcelonanoticias.com\/en\/football\/implacable-the-reason-luis-enrique-cut-dembele-from-the-psg-squad_307616_102.html#primaryimage"},"thumbnailUrl":"https:\/\/www.fcbarcelonanoticias.com\/en\/wp-content\/uploads\/sites\/2\/2024\/09\/luis-enrique-en-el-duelo-entre-el-paris-saint-germain-y-el-borussia-dortmund-en-la-semis-de-la-uefa-champions-league-2023-24.jpeg","keywords":["Arsenal","Demb\u00e9l\u00e9","Luis Enrique","Paris Saint-Germain"],"articleSection":["Football","Football"],"inLanguage":"en-US"},{"@type":"WebPage","@id":"https:\/\/www.fcbarcelonanoticias.com\/en\/football\/implacable-the-reason-luis-enrique-cut-dembele-from-the-psg-squad_307616_102.html","url":"https:\/\/www.fcbarcelonanoticias.com\/en\/football\/implacable-the-reason-luis-enrique-cut-dembele-from-the-psg-squad_307616_102.html","name":"Implacable! The reason Luis Enrique 'cut' Demb\u00e9l\u00e9 from the PSG squad","isPartOf":{"@id":"https:\/\/www.fcbarcelonanoticias.com\/en\/#website"},"primaryImageOfPage":{"@id":"https:\/\/www.fcbarcelonanoticias.com\/en\/football\/implacable-the-reason-luis-enrique-cut-dembele-from-the-psg-squad_307616_102.html#primaryimage"},"image":{"@id":"https:\/\/www.fcbarcelonanoticias.com\/en\/football\/implacable-the-reason-luis-enrique-cut-dembele-from-the-psg-squad_307616_102.html#primaryimage"},"thumbnailUrl":"https:\/\/www.fcbarcelonanoticias.com\/en\/wp-content\/uploads\/sites\/2\/2024\/09\/luis-enrique-en-el-duelo-entre-el-paris-saint-germain-y-el-borussia-dortmund-en-la-semis-de-la-uefa-champions-league-2023-24.jpeg","datePublished":"2024-09-30T18:09:00+00:00","dateModified":"2026-04-16T07:50:17+00:00","author":{"@id":"https:\/\/www.fcbarcelonanoticias.com\/en\/#\/schema\/person\/991443f134df9a64c6874f96ff984c9d"},"description":"Luis Enrique has taken an important disciplinary measure with Ousmane Demb\u00e9l\u00e9 by leaving him out of the squad for the PSG-Arsenal Champions League match. Why? We explain it to you on FCBN","breadcrumb":{"@id":"https:\/\/www.fcbarcelonanoticias.com\/en\/football\/implacable-the-reason-luis-enrique-cut-dembele-from-the-psg-squad_307616_102.html#breadcrumb"},"inLanguage":"en-US","potentialAction":[{"@type":"ReadAction","target":["https:\/\/www.fcbarcelonanoticias.com\/en\/football\/implacable-the-reason-luis-enrique-cut-dembele-from-the-psg-squad_307616_102.html"]}]},{"@type":"ImageObject","inLanguage":"en-US","@id":"https:\/\/www.fcbarcelonanoticias.com\/en\/football\/implacable-the-reason-luis-enrique-cut-dembele-from-the-psg-squad_307616_102.html#primaryimage","url":"https:\/\/www.fcbarcelonanoticias.com\/en\/wp-content\/uploads\/sites\/2\/2024\/09\/luis-enrique-en-el-duelo-entre-el-paris-saint-germain-y-el-borussia-dortmund-en-la-semis-de-la-uefa-champions-league-2023-24.jpeg","contentUrl":"https:\/\/www.fcbarcelonanoticias.com\/en\/wp-content\/uploads\/sites\/2\/2024\/09\/luis-enrique-en-el-duelo-entre-el-paris-saint-germain-y-el-borussia-dortmund-en-la-semis-de-la-uefa-champions-league-2023-24.jpeg","width":1300,"height":732},{"@type":"BreadcrumbList","@id":"https:\/\/www.fcbarcelonanoticias.com\/en\/football\/implacable-the-reason-luis-enrique-cut-dembele-from-the-psg-squad_307616_102.html#breadcrumb","itemListElement":[{"@type":"ListItem","position":1,"name":"Portada","item":"https:\/\/www.fcbarcelonanoticias.com\/en\/"},{"@type":"ListItem","position":2,"name":"Implacable! The reason Luis Enrique &#8216;cut&#8217; Demb\u00e9l\u00e9 from the PSG squad"}]},{"@type":"WebSite","@id":"https:\/\/www.fcbarcelonanoticias.com\/en\/#website","url":"https:\/\/www.fcbarcelonanoticias.com\/en\/","name":"EN - FC Barcelona Noticias","description":"","potentialAction":[{"@type":"SearchAction","target":{"@type":"EntryPoint","urlTemplate":"https:\/\/www.fcbarcelonanoticias.com\/en\/?s={search_term_string}"},"query-input":{"@type":"PropertyValueSpecification","valueRequired":true,"valueName":"search_term_string"}}],"inLanguage":"en-US"},{"@type":"Person","@id":"https:\/\/www.fcbarcelonanoticias.com\/en\/#\/schema\/person\/991443f134df9a64c6874f96ff984c9d","name":"Kevin G\u00f3mez","image":{"@type":"ImageObject","inLanguage":"en-US","@id":"https:\/\/secure.gravatar.com\/avatar\/?s=96&d=mm&r=g","url":"https:\/\/secure.gravatar.com\/avatar\/?s=96&d=mm&r=g","contentUrl":"https:\/\/secure.gravatar.com\/avatar\/?s=96&d=mm&r=g","caption":"Kevin G\u00f3mez"},"description":"Licenciado\u00a0en Periodismo y Comunicaci\u00f3n Audiovisual. Redactor en FCBN responsable de cubrir toda\u00a0la informaci\u00f3n del FC Barcelona y las principales competiciones de\u00a0f\u00fatbol.","url":"https:\/\/www.fcbarcelonanoticias.com\/en\/jugadores\/kevin-gomez_23_115.html"}]}},"_links":{"self":[{"href":"https:\/\/www.fcbarcelonanoticias.com\/en\/wp-json\/wp\/v2\/posts\/40442","targetHints":{"allow":["GET"]}}],"collection":[{"href":"https:\/\/www.fcbarcelonanoticias.com\/en\/wp-json\/wp\/v2\/posts"}],"about":[{"href":"https:\/\/www.fcbarcelonanoticias.com\/en\/wp-json\/wp\/v2\/types\/post"}],"author":[{"embeddable":true,"href":"https:\/\/www.fcbarcelonanoticias.com\/en\/wp-json\/wp\/v2\/users\/355"}],"replies":[{"embeddable":true,"href":"https:\/\/www.fcbarcelonanoticias.com\/en\/wp-json\/wp\/v2\/comments?post=40442"}],"version-history":[{"count":2,"href":"https:\/\/www.fcbarcelonanoticias.com\/en\/wp-json\/wp\/v2\/posts\/40442\/revisions"}],"predecessor-version":[{"id":180986,"href":"https:\/\/www.fcbarcelonanoticias.com\/en\/wp-json\/wp\/v2\/posts\/40442\/revisions\/180986"}],"wp:featuredmedia":[{"embeddable":true,"href":"https:\/\/www.fcbarcelonanoticias.com\/en\/wp-json\/wp\/v2\/media\/40443"}],"wp:attachment":[{"href":"https:\/\/www.fcbarcelonanoticias.com\/en\/wp-json\/wp\/v2\/media?parent=40442"}],"wp:term":[{"taxonomy":"category","embeddable":true,"href":"https:\/\/www.fcbarcelonanoticias.com\/en\/wp-json\/wp\/v2\/categories?post=40442"},{"taxonomy":"post_tag","embeddable":true,"href":"https:\/\/www.fcbarcelonanoticias.com\/en\/wp-json\/wp\/v2\/tags?post=40442"}],"curies":[{"name":"wp","href":"https:\/\/api.w.org\/{rel}","templated":true}]}}