{"id":40449,"date":"2025-05-18T02:29:00","date_gmt":"2025-05-18T00:29:00","guid":{"rendered":"https:\/\/weisetech.dev\/fc-barcelona-noticias\/en\/guardiola-city-disaster-without-fa-cup-and-nothing-plete_312675_102\/"},"modified":"2026-04-16T09:34:36","modified_gmt":"2026-04-16T07:34:36","slug":"guardiola-city-disaster-without-fa-cup-and-nothing-plete_312675_102","status":"publish","type":"post","link":"https:\/\/www.fcbarcelonanoticias.com\/en\/football\/guardiola-city-disaster-without-fa-cup-and-nothing-plete_312675_102.html","title":{"rendered":"New setback for Guardiola&#8217;s City: without FA Cup and &#8216;nothing-plete&#8217; consumed"},"content":{"rendered":"<h2 class=\"wp-block-heading\">Guardiola&#8217;s City closed a season to forget with a defeat in the FA Cup final against Crystal Palace (0-1)<\/h2>  \r\n<div class=\"article-addons\">\r\n    <a href=\"https:\/\/www.fcbarcelonanoticias.com\/en\/calendar-fc-barcelona.html\"\r\n       target=\"_self\"\r\n       title=\"Calendar of FC Barcelona\"\r\n       class=\"blue-gredient-btn\">\r\n       \r\n        Calendar of FC Barcelona    <\/a>\r\n<\/div>   <p>Manchester City couldn&#8217;t against humble Crystal Palace in the FA Cup final (0-1) and completed the &#8216;nothing-plete&#8217; in 2024\/25.<strong> <a data-external=\"0\" data-intl-links-en=\"https:\/\/www.fcbarcelonanoticias.com\/en\/tags\/pep-guardiola\" data-intl-links-es=\"https:\/\/www.fcbarcelonanoticias.com\/tags\/pep-guardiola\" href=\"https:\/\/www.fcbarcelonanoticias.com\/en\/tags\/pep-guardiola.html\" rel=\"follow\" target=\"_self\" title=\"Pep Guardiola\">Pep Guardiola&#8217;s<\/a> team, against all odds, fell at Wembley<\/strong> by the minimum despite having most of their figures. Will this be the end of an era in English football?<\/p>  <p>Although the Catalan coach confirmed his continuity on the &#8216;sky blue&#8217; bench for one more year, everything indicates that, together with <a data-external=\"0\" data-intl-links-en=\"https:\/\/www.fcbarcelonanoticias.com\/en\/transfers\/surprise-bruyne-leaves-city-will-he-join-barcelona-in-an-unexpected-signing_311955_102.html\" data-intl-links-es=\"https:\/\/www.fcbarcelonanoticias.com\/fichajes\/bombazo-bruyne-deja-city-es-barcelona-su-proximo-destino_311955_102.html\" href=\"https:\/\/www.fcbarcelonanoticias.com\/en\/transfers\/surprise-bruyne-leaves-city-will-he-join-barcelona-in-an-unexpected-signing_311955_102.html\" rel=\"follow\" target=\"_self\" title=\"\u00a1Bombazo! De Bruyne deja el City: \u00bfEs el Bar\u00e7a su pr\u00f3ximo destino?\">Kevin De Bruyne<\/a>, several club figures will leave this summer. Among them are Bernardo Silva, Jack Grealish and \u0130lkay G\u00fcndogan, the latter completely disconnected after his brief stint at FC Barcelona.<\/p>  <h2>A goal from Eberechi Eze left City without titles in 24\/25<\/h2>  <p>On Saturday, the &#8216;cityzens&#8217; completed a day to forget where they lacked clarity and forcefulness to hurt the bottom of the &#8216;eagles&#8217;. <strong>Palace took the lead in the 16th minute thanks to a good goal from English striker Eberechi Eze<\/strong>.<\/p>  <div data-oembed-url=\"https:\/\/x.com\/EmiratesFACup\/status\/1923876183349002261\"> <blockquote align=\"center\" class=\"twitter-tweet\" data-dnt=\"true\"> <p dir=\"ltr\" lang=\"en\">The match-winning moment of the 2025 <a href=\"https:\/\/twitter.com\/en\/hashtag\/EmiratesFACup?src=hash&amp;ref_src=twsrc%5Etfw\">#EmiratesFACup<\/a> Final \ud83e\udd29 <a href=\"https:\/\/t.co\/en\/QZnzTM2hf9\">pic.twitter.com\/QZnzTM2hf9<\/a><\/p> \u2014 Emirates FA Cup (@EmiratesFACup) <a href=\"https:\/\/twitter.com\/en\/EmiratesFACup\/status\/1923876183349002261?ref_src=twsrc%5Etfw\">May 17, 2025<\/a> <\/blockquote>  <\/div>  <p>Although Pep&#8217;s team had a penalty in their favor before the break, goalkeeper Dean Henderson, undisputed MVP of the match, was able to keep his goal at zero. <strong>In the 36th minute, the &#8216;1&#8217; stopped the shot executed by Omar Marmoush<\/strong> and, in the second half, had at least four more notable interventions to ensure his team&#8217;s victory.<\/p>  <p><strong>City had 79% possession and 23 shots, but only 6 of them were on target<\/strong>. Despite the &#8216;sky blue&#8217; dominance, the &#8216;rojiazul&#8217; team was very close to extending the lead in the 60th minute, but the VAR disallowed Daniel Mu\u00f1oz&#8217;s goal for a previous offside.<\/p>  <p>In the end, the glory went to <strong>a Palace that added its first official title in 120 years of history<\/strong>. The Mancunian team, meanwhile, closes its second season without titles of the Guardiola era, the first since 17\/18, the debut year of the Santpedor native. In addition, it is their second defeat in the decisive match of the FA Cup, after falling in 2024 against United (2-1).<\/p>  <h2>City sets its sights on the Club World Cup, but must secure its Champions League spot<\/h2>  <div class=\"media media-image\" data-ck-asset-wrapper=\"\"> <div class=\"media-item\"> <img loading=\"lazy\" decoding=\"async\" alt=\"Pep Guardiola e \u00cdlkay G\u00fandogan tras la final de la FA Cup 2025\" data-id=\"1494848\" data-resize=\"9\" height=\"563\" src=\"https:\/\/www.fcbarcelonanoticias.com\/wp-content\/uploads\/sites\/2\/2025\/05\/fcbn-4ada228a7bc27b8f16e0dfd66170ae53.jpeg\" title=\"Pep Guardiola e \u00cdlkay G\u00fandogan tras la final de la FA Cup 2025\" width=\"1000\"><div class=\"media-title\">Pep Guardiola and \u00cdlkay G\u00fandogan after the 2025 FA Cup final<\/div> <\/div> <\/div>  <p>Now, Pep will try to redirect the team&#8217;s course to fight for the Club World Cup, where the English will face <strong>Wydad <\/strong>(Morocco) <strong>Al Ain<\/strong> (United Arab Emirates) and <strong>Juventus<\/strong>.<\/p>  <p>Before that, yes, they must overcome <strong>Bournemouth and Fulham <\/strong>to ensure their qualification for the next Champions League. Failing to be in the top five would be a real disaster for the &#8216;cityzens&#8217; in a season that has been regrettable in sporting terms.<\/p>  <div class=\"cke-element cke-element--102\"><section class=\"c-related-article\"><figure class=\"c-image__fig\"><a href=\"https:\/\/www.fcbarcelonanoticias.com\/fichajes\/objetivo-guardiola-city-querria-fichar-dani-olmo-este-verano-lo-dejara-salir-barca_312605_102.html\" title=\"Dani Olmo en el duelo entre el FC Barcelona y el Real Madrid en LaLiga EA Sports\" class=\"c-image__imglink\"><picture><img decoding=\"async\" src=\"https:\/\/www.fcbarcelonanoticias.com\/wp-content\/uploads\/sites\/2\/2025\/05\/fcbn-84e8299efdfa17bbb4c7f2352ba823d9.jpeg\" alt=\"Dani Olmo en el duelo entre el FC Barcelona y el Real Madrid en LaLiga EA Sports\" title=\"Dani Olmo en el duelo entre el FC Barcelona y el Real Madrid en LaLiga EA Sports\" class=\"c-image__img\" width=\"1200\" height=\"675\" loading=\"lazy\"><\/picture><\/a>     <\/figure><div class=\"c-related-article__wrapper\">         <p class=\"c-related-article__avantitle\">Related<\/p>         <h4 class=\"c-related-article__title\">             <a href=\"https:\/\/www.fcbarcelonanoticias.com\/fichajes\/objetivo-guardiola-city-querria-fichar-dani-olmo-este-verano-lo-dejara-salir-barca_312605_102.html\" title=\"Signings: Guardiola wants Dani Olmo at Manchester City, will Bar\u00e7a allow his departure this summer?\" class=\"c-related-article__link\">                 Signings: Guardiola wants Dani Olmo at Manchester City, will Bar\u00e7a allow his departure this summer?             <\/a>         <\/h4>     <\/div> <\/section><\/div> ","protected":false},"excerpt":{"rendered":"<p>Guardiola&#8217;s City closed a season to forget with a defeat in the FA Cup final against Crystal Palace (0-1) Manchester City couldn&#8217;t against humble Crystal Palace in the FA Cup final (0-1) and completed the &#8216;nothing-plete&#8217; in 2024\/25. Pep Guardiola&#8217;s team, against all odds, fell at Wembley by the minimum despite having most of their [&hellip;]<\/p>\n","protected":false},"author":347,"featured_media":40450,"comment_status":"closed","ping_status":"open","sticky":false,"template":"","format":"standard","meta":{"_acf_changed":false,"inline_featured_image":false,"_nextfly_llmd_date_locked":false,"footnotes":""},"categories":[452,109],"tags":[178],"class_list":["post-40449","post","type-post","status-publish","format-standard","has-post-thumbnail","hentry","category-football-2","category-football","tag-pep-guardiola"],"acf":[],"yoast_head":"<!-- This site is optimized with the Yoast SEO plugin v27.3 - https:\/\/yoast.com\/product\/yoast-seo-wordpress\/ -->\n<title>Guardiola&#039;s City disaster: without FA Cup and &#039;nothing-plete&#039;<\/title>\n<meta name=\"description\" content=\"Guardiola&#039;s City closed a season to forget with a defeat in the FA Cup final against Crystal Palace (0-1)\" \/>\n<meta name=\"robots\" content=\"index, follow, max-snippet:-1, max-image-preview:large, max-video-preview:-1\" \/>\n<link rel=\"canonical\" href=\"https:\/\/www.fcbarcelonanoticias.com\/en\/football\/guardiola-city-disaster-without-fa-cup-and-nothing-plete_312675_102.html\" \/>\n<meta property=\"og:locale\" content=\"en_US\" \/>\n<meta property=\"og:type\" content=\"article\" \/>\n<meta property=\"og:title\" content=\"Guardiola&#039;s City disaster: without FA Cup and &#039;nothing-plete&#039;\" \/>\n<meta property=\"og:description\" content=\"Guardiola&#039;s City closed a season to forget with a defeat in the FA Cup final against Crystal Palace (0-1)\" \/>\n<meta property=\"og:url\" content=\"https:\/\/www.fcbarcelonanoticias.com\/en\/football\/guardiola-city-disaster-without-fa-cup-and-nothing-plete_312675_102.html\" \/>\n<meta property=\"og:site_name\" content=\"EN - FC Barcelona Noticias\" \/>\n<meta property=\"article:published_time\" content=\"2025-05-18T00:29:00+00:00\" \/>\n<meta property=\"article:modified_time\" content=\"2026-04-16T07:34:36+00:00\" \/>\n<meta property=\"og:image\" content=\"https:\/\/www.fcbarcelonanoticias.com\/en\/wp-content\/uploads\/sites\/2\/2025\/05\/jugadores-crystal-palace-v-man-city.jpeg\" \/>\n\t<meta property=\"og:image:width\" content=\"1200\" \/>\n\t<meta property=\"og:image:height\" content=\"675\" \/>\n\t<meta property=\"og:image:type\" content=\"image\/jpeg\" \/>\n<meta name=\"author\" content=\"Andr\u00e9s Quiroz\" \/>\n<meta name=\"twitter:card\" content=\"summary_large_image\" \/>\n<meta name=\"twitter:label1\" content=\"Written by\" \/>\n\t<meta name=\"twitter:data1\" content=\"Andr\u00e9s Quiroz\" \/>\n\t<meta name=\"twitter:label2\" content=\"Est. reading time\" \/>\n\t<meta name=\"twitter:data2\" content=\"2 minutes\" \/>\n<script type=\"application\/ld+json\" class=\"yoast-schema-graph\">{\"@context\":\"https:\\\/\\\/schema.org\",\"@graph\":[{\"@type\":\"Article\",\"@id\":\"https:\\\/\\\/www.fcbarcelonanoticias.com\\\/en\\\/football\\\/guardiola-city-disaster-without-fa-cup-and-nothing-plete_312675_102.html#article\",\"isPartOf\":{\"@id\":\"https:\\\/\\\/www.fcbarcelonanoticias.com\\\/en\\\/football\\\/guardiola-city-disaster-without-fa-cup-and-nothing-plete_312675_102.html\"},\"author\":{\"name\":\"Andr\u00e9s Quiroz\",\"@id\":\"https:\\\/\\\/www.fcbarcelonanoticias.com\\\/en\\\/#\\\/schema\\\/person\\\/c2cd9f6fa1af5c0d0eccd0fefa575c88\"},\"headline\":\"New setback for Guardiola&#8217;s City: without FA Cup and &#8216;nothing-plete&#8217; consumed\",\"datePublished\":\"2025-05-18T00:29:00+00:00\",\"dateModified\":\"2026-04-16T07:34:36+00:00\",\"mainEntityOfPage\":{\"@id\":\"https:\\\/\\\/www.fcbarcelonanoticias.com\\\/en\\\/football\\\/guardiola-city-disaster-without-fa-cup-and-nothing-plete_312675_102.html\"},\"wordCount\":486,\"image\":{\"@id\":\"https:\\\/\\\/www.fcbarcelonanoticias.com\\\/en\\\/football\\\/guardiola-city-disaster-without-fa-cup-and-nothing-plete_312675_102.html#primaryimage\"},\"thumbnailUrl\":\"https:\\\/\\\/www.fcbarcelonanoticias.com\\\/en\\\/wp-content\\\/uploads\\\/sites\\\/2\\\/2025\\\/05\\\/jugadores-crystal-palace-v-man-city.jpeg\",\"keywords\":[\"Pep Guardiola\"],\"articleSection\":[\"Football\",\"Football\"],\"inLanguage\":\"en-US\"},{\"@type\":\"WebPage\",\"@id\":\"https:\\\/\\\/www.fcbarcelonanoticias.com\\\/en\\\/football\\\/guardiola-city-disaster-without-fa-cup-and-nothing-plete_312675_102.html\",\"url\":\"https:\\\/\\\/www.fcbarcelonanoticias.com\\\/en\\\/football\\\/guardiola-city-disaster-without-fa-cup-and-nothing-plete_312675_102.html\",\"name\":\"Guardiola's City disaster: without FA Cup and 'nothing-plete'\",\"isPartOf\":{\"@id\":\"https:\\\/\\\/www.fcbarcelonanoticias.com\\\/en\\\/#website\"},\"primaryImageOfPage\":{\"@id\":\"https:\\\/\\\/www.fcbarcelonanoticias.com\\\/en\\\/football\\\/guardiola-city-disaster-without-fa-cup-and-nothing-plete_312675_102.html#primaryimage\"},\"image\":{\"@id\":\"https:\\\/\\\/www.fcbarcelonanoticias.com\\\/en\\\/football\\\/guardiola-city-disaster-without-fa-cup-and-nothing-plete_312675_102.html#primaryimage\"},\"thumbnailUrl\":\"https:\\\/\\\/www.fcbarcelonanoticias.com\\\/en\\\/wp-content\\\/uploads\\\/sites\\\/2\\\/2025\\\/05\\\/jugadores-crystal-palace-v-man-city.jpeg\",\"datePublished\":\"2025-05-18T00:29:00+00:00\",\"dateModified\":\"2026-04-16T07:34:36+00:00\",\"author\":{\"@id\":\"https:\\\/\\\/www.fcbarcelonanoticias.com\\\/en\\\/#\\\/schema\\\/person\\\/c2cd9f6fa1af5c0d0eccd0fefa575c88\"},\"description\":\"Guardiola's City closed a season to forget with a defeat in the FA Cup final against Crystal Palace (0-1)\",\"breadcrumb\":{\"@id\":\"https:\\\/\\\/www.fcbarcelonanoticias.com\\\/en\\\/football\\\/guardiola-city-disaster-without-fa-cup-and-nothing-plete_312675_102.html#breadcrumb\"},\"inLanguage\":\"en-US\",\"potentialAction\":[{\"@type\":\"ReadAction\",\"target\":[\"https:\\\/\\\/www.fcbarcelonanoticias.com\\\/en\\\/football\\\/guardiola-city-disaster-without-fa-cup-and-nothing-plete_312675_102.html\"]}]},{\"@type\":\"ImageObject\",\"inLanguage\":\"en-US\",\"@id\":\"https:\\\/\\\/www.fcbarcelonanoticias.com\\\/en\\\/football\\\/guardiola-city-disaster-without-fa-cup-and-nothing-plete_312675_102.html#primaryimage\",\"url\":\"https:\\\/\\\/www.fcbarcelonanoticias.com\\\/en\\\/wp-content\\\/uploads\\\/sites\\\/2\\\/2025\\\/05\\\/jugadores-crystal-palace-v-man-city.jpeg\",\"contentUrl\":\"https:\\\/\\\/www.fcbarcelonanoticias.com\\\/en\\\/wp-content\\\/uploads\\\/sites\\\/2\\\/2025\\\/05\\\/jugadores-crystal-palace-v-man-city.jpeg\",\"width\":1200,\"height\":675},{\"@type\":\"BreadcrumbList\",\"@id\":\"https:\\\/\\\/www.fcbarcelonanoticias.com\\\/en\\\/football\\\/guardiola-city-disaster-without-fa-cup-and-nothing-plete_312675_102.html#breadcrumb\",\"itemListElement\":[{\"@type\":\"ListItem\",\"position\":1,\"name\":\"Portada\",\"item\":\"https:\\\/\\\/www.fcbarcelonanoticias.com\\\/en\\\/\"},{\"@type\":\"ListItem\",\"position\":2,\"name\":\"New setback for Guardiola&#8217;s City: without FA Cup and &#8216;nothing-plete&#8217; consumed\"}]},{\"@type\":\"WebSite\",\"@id\":\"https:\\\/\\\/www.fcbarcelonanoticias.com\\\/en\\\/#website\",\"url\":\"https:\\\/\\\/www.fcbarcelonanoticias.com\\\/en\\\/\",\"name\":\"EN - FC Barcelona Noticias\",\"description\":\"\",\"potentialAction\":[{\"@type\":\"SearchAction\",\"target\":{\"@type\":\"EntryPoint\",\"urlTemplate\":\"https:\\\/\\\/www.fcbarcelonanoticias.com\\\/en\\\/?s={search_term_string}\"},\"query-input\":{\"@type\":\"PropertyValueSpecification\",\"valueRequired\":true,\"valueName\":\"search_term_string\"}}],\"inLanguage\":\"en-US\"},{\"@type\":\"Person\",\"@id\":\"https:\\\/\\\/www.fcbarcelonanoticias.com\\\/en\\\/#\\\/schema\\\/person\\\/c2cd9f6fa1af5c0d0eccd0fefa575c88\",\"name\":\"Andr\u00e9s Quiroz\",\"image\":{\"@type\":\"ImageObject\",\"inLanguage\":\"en-US\",\"@id\":\"https:\\\/\\\/secure.gravatar.com\\\/avatar\\\/?s=96&d=mm&r=g\",\"url\":\"https:\\\/\\\/secure.gravatar.com\\\/avatar\\\/?s=96&d=mm&r=g\",\"contentUrl\":\"https:\\\/\\\/secure.gravatar.com\\\/avatar\\\/?s=96&d=mm&r=g\",\"caption\":\"Andr\u00e9s Quiroz\"},\"description\":\"Licenciado en Periodismo por la Universidad de los Andes. Me encargo de analizar y compartir los contenidos m\u00e1s destacados de la\u00a0actualidad del F\u00fatbol Club Barcelona, Mercado de Fichajes y F\u00fatbol Internacional en FCBN. La informaci\u00f3n es poder, pero tambi\u00e9n conocimiento.\",\"url\":\"https:\\\/\\\/www.fcbarcelonanoticias.com\\\/en\\\/fc-barcelona\\\/andres-quiroz_17_115.html\"}]}<\/script>\n<!-- \/ Yoast SEO plugin. -->","yoast_head_json":{"title":"Guardiola's City disaster: without FA Cup and 'nothing-plete'","description":"Guardiola's City closed a season to forget with a defeat in the FA Cup final against Crystal Palace (0-1)","robots":{"index":"index","follow":"follow","max-snippet":"max-snippet:-1","max-image-preview":"max-image-preview:large","max-video-preview":"max-video-preview:-1"},"canonical":"https:\/\/www.fcbarcelonanoticias.com\/en\/football\/guardiola-city-disaster-without-fa-cup-and-nothing-plete_312675_102.html","og_locale":"en_US","og_type":"article","og_title":"Guardiola's City disaster: without FA Cup and 'nothing-plete'","og_description":"Guardiola's City closed a season to forget with a defeat in the FA Cup final against Crystal Palace (0-1)","og_url":"https:\/\/www.fcbarcelonanoticias.com\/en\/football\/guardiola-city-disaster-without-fa-cup-and-nothing-plete_312675_102.html","og_site_name":"EN - FC Barcelona Noticias","article_published_time":"2025-05-18T00:29:00+00:00","article_modified_time":"2026-04-16T07:34:36+00:00","og_image":[{"width":1200,"height":675,"url":"https:\/\/www.fcbarcelonanoticias.com\/en\/wp-content\/uploads\/sites\/2\/2025\/05\/jugadores-crystal-palace-v-man-city.jpeg","type":"image\/jpeg"}],"author":"Andr\u00e9s Quiroz","twitter_card":"summary_large_image","twitter_misc":{"Written by":"Andr\u00e9s Quiroz","Est. reading time":"2 minutes"},"schema":{"@context":"https:\/\/schema.org","@graph":[{"@type":"Article","@id":"https:\/\/www.fcbarcelonanoticias.com\/en\/football\/guardiola-city-disaster-without-fa-cup-and-nothing-plete_312675_102.html#article","isPartOf":{"@id":"https:\/\/www.fcbarcelonanoticias.com\/en\/football\/guardiola-city-disaster-without-fa-cup-and-nothing-plete_312675_102.html"},"author":{"name":"Andr\u00e9s Quiroz","@id":"https:\/\/www.fcbarcelonanoticias.com\/en\/#\/schema\/person\/c2cd9f6fa1af5c0d0eccd0fefa575c88"},"headline":"New setback for Guardiola&#8217;s City: without FA Cup and &#8216;nothing-plete&#8217; consumed","datePublished":"2025-05-18T00:29:00+00:00","dateModified":"2026-04-16T07:34:36+00:00","mainEntityOfPage":{"@id":"https:\/\/www.fcbarcelonanoticias.com\/en\/football\/guardiola-city-disaster-without-fa-cup-and-nothing-plete_312675_102.html"},"wordCount":486,"image":{"@id":"https:\/\/www.fcbarcelonanoticias.com\/en\/football\/guardiola-city-disaster-without-fa-cup-and-nothing-plete_312675_102.html#primaryimage"},"thumbnailUrl":"https:\/\/www.fcbarcelonanoticias.com\/en\/wp-content\/uploads\/sites\/2\/2025\/05\/jugadores-crystal-palace-v-man-city.jpeg","keywords":["Pep Guardiola"],"articleSection":["Football","Football"],"inLanguage":"en-US"},{"@type":"WebPage","@id":"https:\/\/www.fcbarcelonanoticias.com\/en\/football\/guardiola-city-disaster-without-fa-cup-and-nothing-plete_312675_102.html","url":"https:\/\/www.fcbarcelonanoticias.com\/en\/football\/guardiola-city-disaster-without-fa-cup-and-nothing-plete_312675_102.html","name":"Guardiola's City disaster: without FA Cup and 'nothing-plete'","isPartOf":{"@id":"https:\/\/www.fcbarcelonanoticias.com\/en\/#website"},"primaryImageOfPage":{"@id":"https:\/\/www.fcbarcelonanoticias.com\/en\/football\/guardiola-city-disaster-without-fa-cup-and-nothing-plete_312675_102.html#primaryimage"},"image":{"@id":"https:\/\/www.fcbarcelonanoticias.com\/en\/football\/guardiola-city-disaster-without-fa-cup-and-nothing-plete_312675_102.html#primaryimage"},"thumbnailUrl":"https:\/\/www.fcbarcelonanoticias.com\/en\/wp-content\/uploads\/sites\/2\/2025\/05\/jugadores-crystal-palace-v-man-city.jpeg","datePublished":"2025-05-18T00:29:00+00:00","dateModified":"2026-04-16T07:34:36+00:00","author":{"@id":"https:\/\/www.fcbarcelonanoticias.com\/en\/#\/schema\/person\/c2cd9f6fa1af5c0d0eccd0fefa575c88"},"description":"Guardiola's City closed a season to forget with a defeat in the FA Cup final against Crystal Palace (0-1)","breadcrumb":{"@id":"https:\/\/www.fcbarcelonanoticias.com\/en\/football\/guardiola-city-disaster-without-fa-cup-and-nothing-plete_312675_102.html#breadcrumb"},"inLanguage":"en-US","potentialAction":[{"@type":"ReadAction","target":["https:\/\/www.fcbarcelonanoticias.com\/en\/football\/guardiola-city-disaster-without-fa-cup-and-nothing-plete_312675_102.html"]}]},{"@type":"ImageObject","inLanguage":"en-US","@id":"https:\/\/www.fcbarcelonanoticias.com\/en\/football\/guardiola-city-disaster-without-fa-cup-and-nothing-plete_312675_102.html#primaryimage","url":"https:\/\/www.fcbarcelonanoticias.com\/en\/wp-content\/uploads\/sites\/2\/2025\/05\/jugadores-crystal-palace-v-man-city.jpeg","contentUrl":"https:\/\/www.fcbarcelonanoticias.com\/en\/wp-content\/uploads\/sites\/2\/2025\/05\/jugadores-crystal-palace-v-man-city.jpeg","width":1200,"height":675},{"@type":"BreadcrumbList","@id":"https:\/\/www.fcbarcelonanoticias.com\/en\/football\/guardiola-city-disaster-without-fa-cup-and-nothing-plete_312675_102.html#breadcrumb","itemListElement":[{"@type":"ListItem","position":1,"name":"Portada","item":"https:\/\/www.fcbarcelonanoticias.com\/en\/"},{"@type":"ListItem","position":2,"name":"New setback for Guardiola&#8217;s City: without FA Cup and &#8216;nothing-plete&#8217; consumed"}]},{"@type":"WebSite","@id":"https:\/\/www.fcbarcelonanoticias.com\/en\/#website","url":"https:\/\/www.fcbarcelonanoticias.com\/en\/","name":"EN - FC Barcelona Noticias","description":"","potentialAction":[{"@type":"SearchAction","target":{"@type":"EntryPoint","urlTemplate":"https:\/\/www.fcbarcelonanoticias.com\/en\/?s={search_term_string}"},"query-input":{"@type":"PropertyValueSpecification","valueRequired":true,"valueName":"search_term_string"}}],"inLanguage":"en-US"},{"@type":"Person","@id":"https:\/\/www.fcbarcelonanoticias.com\/en\/#\/schema\/person\/c2cd9f6fa1af5c0d0eccd0fefa575c88","name":"Andr\u00e9s Quiroz","image":{"@type":"ImageObject","inLanguage":"en-US","@id":"https:\/\/secure.gravatar.com\/avatar\/?s=96&d=mm&r=g","url":"https:\/\/secure.gravatar.com\/avatar\/?s=96&d=mm&r=g","contentUrl":"https:\/\/secure.gravatar.com\/avatar\/?s=96&d=mm&r=g","caption":"Andr\u00e9s Quiroz"},"description":"Licenciado en Periodismo por la Universidad de los Andes. Me encargo de analizar y compartir los contenidos m\u00e1s destacados de la\u00a0actualidad del F\u00fatbol Club Barcelona, Mercado de Fichajes y F\u00fatbol Internacional en FCBN. La informaci\u00f3n es poder, pero tambi\u00e9n conocimiento.","url":"https:\/\/www.fcbarcelonanoticias.com\/en\/fc-barcelona\/andres-quiroz_17_115.html"}]}},"_links":{"self":[{"href":"https:\/\/www.fcbarcelonanoticias.com\/en\/wp-json\/wp\/v2\/posts\/40449","targetHints":{"allow":["GET"]}}],"collection":[{"href":"https:\/\/www.fcbarcelonanoticias.com\/en\/wp-json\/wp\/v2\/posts"}],"about":[{"href":"https:\/\/www.fcbarcelonanoticias.com\/en\/wp-json\/wp\/v2\/types\/post"}],"author":[{"embeddable":true,"href":"https:\/\/www.fcbarcelonanoticias.com\/en\/wp-json\/wp\/v2\/users\/347"}],"replies":[{"embeddable":true,"href":"https:\/\/www.fcbarcelonanoticias.com\/en\/wp-json\/wp\/v2\/comments?post=40449"}],"version-history":[{"count":3,"href":"https:\/\/www.fcbarcelonanoticias.com\/en\/wp-json\/wp\/v2\/posts\/40449\/revisions"}],"predecessor-version":[{"id":176860,"href":"https:\/\/www.fcbarcelonanoticias.com\/en\/wp-json\/wp\/v2\/posts\/40449\/revisions\/176860"}],"wp:featuredmedia":[{"embeddable":true,"href":"https:\/\/www.fcbarcelonanoticias.com\/en\/wp-json\/wp\/v2\/media\/40450"}],"wp:attachment":[{"href":"https:\/\/www.fcbarcelonanoticias.com\/en\/wp-json\/wp\/v2\/media?parent=40449"}],"wp:term":[{"taxonomy":"category","embeddable":true,"href":"https:\/\/www.fcbarcelonanoticias.com\/en\/wp-json\/wp\/v2\/categories?post=40449"},{"taxonomy":"post_tag","embeddable":true,"href":"https:\/\/www.fcbarcelonanoticias.com\/en\/wp-json\/wp\/v2\/tags?post=40449"}],"curies":[{"name":"wp","href":"https:\/\/api.w.org\/{rel}","templated":true}]}}