{"id":40459,"date":"2024-09-12T09:11:00","date_gmt":"2024-09-12T07:11:00","guid":{"rendered":"https:\/\/weisetech.dev\/fc-barcelona-noticias\/en\/gundogan-crack-against-two-fc-barcelona-players_307229_102\/"},"modified":"2024-09-12T11:10:00","modified_gmt":"2024-09-12T09:10:00","slug":"gundogan-crack-against-two-fc-barcelona-players_307229_102","status":"publish","type":"post","link":"https:\/\/www.fcbarcelonanoticias.com\/en\/football\/gundogan-crack-against-two-fc-barcelona-players_307229_102.html","title":{"rendered":"G\u00fcndogan&#8217;s crack against two FC Barcelona players"},"content":{"rendered":"<h2 class=\"wp-block-heading\">\u0130lkay G\u00fcndo\u011fan was apparently disappointed with the attitude of two of his teammates at Bar\u00e7a. One of them, apparently, for being very reserved despite being one of the leaders of the locker room, and the other for his lack of connection with the young people. Do you want to know who they are? We tell you at FCBN<\/h2>  \r\n<div class=\"article-addons\">\r\n    <a href=\"https:\/\/www.fcbarcelonanoticias.com\/en\/calendar-fc-barcelona.html\"\r\n       target=\"_self\"\r\n       title=\"Calendar of FC Barcelona\"\r\n       class=\"blue-gredient-btn\">\r\n       \r\n        Calendar of FC Barcelona    <\/a>\r\n<\/div>   <p>The stint of <strong>\u0130lkay G\u00fcndo\u011fan<\/strong> as a player for <strong>FC Barcelona<\/strong> proved to be as fleeting as it was intense. The experienced 33-year-old midfielder only donned the Blaugrana shirt during the 2023\/24 season, but it was enough to leave an indelible mark on the club as a player with well-established quality. In fact, he <strong>ended the season as the team&#8217;s leader in assists<\/strong>, with 14 goals set up, in addition to contributing with five goals, becoming a key figure in the offensive framework of the Barcelona squad.<\/p>  <p>However, despite his outstanding performance, the Barcelona side decided to do without his services for the 2024\/25 season, letting him leave for free this summer. Apparently, <strong>this decision was primarily motivated by economic reasons<\/strong>, as during a period of financial difficulties for the Catalan entity, G\u00fcndogan&#8217;s wages (\u20ac18.7 million gross &#8211; \u20ac9 million net) represented one of the heaviest salary burdens in the Barcelona payroll. Although the way his departure was managed may not have been the most appropriate, it was the quickest option they found to resolve the situation.<\/p>  <p>Another aspect that marked <strong>\u0130lkay G\u00fcndo\u011fan&#8217;s time at FC Barcelona<\/strong> were his public criticisms at key moments towards the team. In fact, on more than one occasion, the German midfielder did not hesitate to point out the flaws of both the Blaugrana team in general and some specific teammates. For example, he did not hesitate to single out, without directly naming him, <strong>Ronald Ara\u00fajo<\/strong> following the Uruguayan&#8217;s expulsion in the tragic quarter-final match of the Champions League against Paris Saint-Germain (1-4), an incident that seemed to clearly influence the result to the detriment of Xavi Hernandez&#8217;s side.<\/p>  <h2>G\u00fcndo\u011fan&#8217;s Disappointment with the Attitude of Two of His Teammates at FC Barcelona<\/h2>  <p>Recently, a striking detail has been revealed about \u0130lkay G\u00fcndo\u011fan&#8217;s relationship with two of his teammates at FC Barcelona. According to the journalist Joan Fontes on the &#8216;Bar Canaletes&#8217; podcast, the midfielder <strong>had disagreements with the attitude of two players before leaving the club<\/strong>.<\/p>  <p>Fontes suggested that &#8216;G\u00fcndo&#8217; was <strong>uncomfortable with the reserved personality of his compatriot and captain of the Barcelona team, Marc-Andr\u00e9 ter Stegen<\/strong>. It seems that the midfielder expected the experienced goalkeeper, as a leader in the dressing room, to be more proactive in addressing certain internal team issues.<\/p>  <p>It is also mentioned that <strong>G\u00fcndo\u011fan<\/strong> was disappointed with another teammate, paradoxically someone with whom he already had a relationship before arriving at FC Barcelona: <strong>Robert Lewandowski<\/strong>. \u0130lkay&#8217;s disappointment with the Polish forward seemed to be related not so much to leadership aspects, as in the case of Ter Stegen, but rather with the perception that &#8216;Lewy&#8217; showed <strong>an individualistic and uncollaborative approach with the younger players<\/strong>, something that the German midfielder did not view favorably.<\/p> ","protected":false},"excerpt":{"rendered":"<p>\u0130lkay G\u00fcndo\u011fan was apparently disappointed with the attitude of two of his teammates at Bar\u00e7a. One of them, apparently, for being very reserved despite being one of the leaders of the locker room, and the other for his lack of connection with the young people. Do you want to know who they are? We tell [&hellip;]<\/p>\n","protected":false},"author":355,"featured_media":40460,"comment_status":"closed","ping_status":"open","sticky":false,"template":"","format":"standard","meta":{"_acf_changed":false,"inline_featured_image":false,"_nextfly_llmd_date_locked":false,"footnotes":""},"categories":[109,452],"tags":[170],"class_list":["post-40459","post","type-post","status-publish","format-standard","has-post-thumbnail","hentry","category-football","category-football-2","tag-ilkay-gundogan"],"acf":[],"yoast_head":"<!-- This site is optimized with the Yoast SEO plugin v27.3 - https:\/\/yoast.com\/product\/yoast-seo-wordpress\/ -->\n<title>G\u00fcndogan&#039;s crack against two FC Barcelona players<\/title>\n<meta name=\"description\" content=\"\u0130lkay G\u00fcndo\u011fan was apparently disappointed with the attitude of two of his teammates at Bar\u00e7a. One of them, apparently, for being very reserved despite being one of the leaders of the locker room, and the other for his lack of connection with the young people. Do you want to know who they are? We tell you at FCBN\" \/>\n<meta name=\"robots\" content=\"index, follow, max-snippet:-1, max-image-preview:large, max-video-preview:-1\" \/>\n<link rel=\"canonical\" href=\"https:\/\/www.fcbarcelonanoticias.com\/en\/football\/gundogan-crack-against-two-fc-barcelona-players_307229_102.html\" \/>\n<meta property=\"og:locale\" content=\"en_US\" \/>\n<meta property=\"og:type\" content=\"article\" \/>\n<meta property=\"og:title\" content=\"G\u00fcndogan&#039;s crack against two FC Barcelona players\" \/>\n<meta property=\"og:description\" content=\"\u0130lkay G\u00fcndo\u011fan was apparently disappointed with the attitude of two of his teammates at Bar\u00e7a. One of them, apparently, for being very reserved despite being one of the leaders of the locker room, and the other for his lack of connection with the young people. Do you want to know who they are? We tell you at FCBN\" \/>\n<meta property=\"og:url\" content=\"https:\/\/www.fcbarcelonanoticias.com\/en\/football\/gundogan-crack-against-two-fc-barcelona-players_307229_102.html\" \/>\n<meta property=\"og:site_name\" content=\"EN - FC Barcelona Noticias\" \/>\n<meta property=\"article:published_time\" content=\"2024-09-12T07:11:00+00:00\" \/>\n<meta property=\"article:modified_time\" content=\"2024-09-12T09:10:00+00:00\" \/>\n<meta property=\"og:image\" content=\"https:\/\/www.fcbarcelonanoticias.com\/en\/wp-content\/uploads\/sites\/2\/2024\/09\/ilkay-guendogan-en-el-duelo-entre-el-manchester-city-y-el-west-ham-en-la-premier-league-2024-25.jpeg\" \/>\n\t<meta property=\"og:image:width\" content=\"1300\" \/>\n\t<meta property=\"og:image:height\" content=\"732\" \/>\n\t<meta property=\"og:image:type\" content=\"image\/jpeg\" \/>\n<meta name=\"author\" content=\"Kevin G\u00f3mez\" \/>\n<meta name=\"twitter:card\" content=\"summary_large_image\" \/>\n<meta name=\"twitter:label1\" content=\"Written by\" \/>\n\t<meta name=\"twitter:data1\" content=\"Kevin G\u00f3mez\" \/>\n\t<meta name=\"twitter:label2\" content=\"Est. reading time\" \/>\n\t<meta name=\"twitter:data2\" content=\"3 minutes\" \/>\n<script type=\"application\/ld+json\" class=\"yoast-schema-graph\">{\"@context\":\"https:\\\/\\\/schema.org\",\"@graph\":[{\"@type\":\"Article\",\"@id\":\"https:\\\/\\\/www.fcbarcelonanoticias.com\\\/en\\\/football\\\/gundogan-crack-against-two-fc-barcelona-players_307229_102.html#article\",\"isPartOf\":{\"@id\":\"https:\\\/\\\/www.fcbarcelonanoticias.com\\\/en\\\/football\\\/gundogan-crack-against-two-fc-barcelona-players_307229_102.html\"},\"author\":{\"name\":\"Kevin G\u00f3mez\",\"@id\":\"https:\\\/\\\/www.fcbarcelonanoticias.com\\\/en\\\/#\\\/schema\\\/person\\\/991443f134df9a64c6874f96ff984c9d\"},\"headline\":\"G\u00fcndogan&#8217;s crack against two FC Barcelona players\",\"datePublished\":\"2024-09-12T07:11:00+00:00\",\"dateModified\":\"2024-09-12T09:10:00+00:00\",\"mainEntityOfPage\":{\"@id\":\"https:\\\/\\\/www.fcbarcelonanoticias.com\\\/en\\\/football\\\/gundogan-crack-against-two-fc-barcelona-players_307229_102.html\"},\"wordCount\":541,\"image\":{\"@id\":\"https:\\\/\\\/www.fcbarcelonanoticias.com\\\/en\\\/football\\\/gundogan-crack-against-two-fc-barcelona-players_307229_102.html#primaryimage\"},\"thumbnailUrl\":\"https:\\\/\\\/www.fcbarcelonanoticias.com\\\/en\\\/wp-content\\\/uploads\\\/sites\\\/2\\\/2024\\\/09\\\/ilkay-guendogan-en-el-duelo-entre-el-manchester-city-y-el-west-ham-en-la-premier-league-2024-25.jpeg\",\"keywords\":[\"Ilkay G\u00fcndogan\"],\"articleSection\":[\"Football\",\"Football\"],\"inLanguage\":\"en-US\"},{\"@type\":\"WebPage\",\"@id\":\"https:\\\/\\\/www.fcbarcelonanoticias.com\\\/en\\\/football\\\/gundogan-crack-against-two-fc-barcelona-players_307229_102.html\",\"url\":\"https:\\\/\\\/www.fcbarcelonanoticias.com\\\/en\\\/football\\\/gundogan-crack-against-two-fc-barcelona-players_307229_102.html\",\"name\":\"G\u00fcndogan's crack against two FC Barcelona players\",\"isPartOf\":{\"@id\":\"https:\\\/\\\/www.fcbarcelonanoticias.com\\\/en\\\/#website\"},\"primaryImageOfPage\":{\"@id\":\"https:\\\/\\\/www.fcbarcelonanoticias.com\\\/en\\\/football\\\/gundogan-crack-against-two-fc-barcelona-players_307229_102.html#primaryimage\"},\"image\":{\"@id\":\"https:\\\/\\\/www.fcbarcelonanoticias.com\\\/en\\\/football\\\/gundogan-crack-against-two-fc-barcelona-players_307229_102.html#primaryimage\"},\"thumbnailUrl\":\"https:\\\/\\\/www.fcbarcelonanoticias.com\\\/en\\\/wp-content\\\/uploads\\\/sites\\\/2\\\/2024\\\/09\\\/ilkay-guendogan-en-el-duelo-entre-el-manchester-city-y-el-west-ham-en-la-premier-league-2024-25.jpeg\",\"datePublished\":\"2024-09-12T07:11:00+00:00\",\"dateModified\":\"2024-09-12T09:10:00+00:00\",\"author\":{\"@id\":\"https:\\\/\\\/www.fcbarcelonanoticias.com\\\/en\\\/#\\\/schema\\\/person\\\/991443f134df9a64c6874f96ff984c9d\"},\"description\":\"\u0130lkay G\u00fcndo\u011fan was apparently disappointed with the attitude of two of his teammates at Bar\u00e7a. One of them, apparently, for being very reserved despite being one of the leaders of the locker room, and the other for his lack of connection with the young people. Do you want to know who they are? We tell you at FCBN\",\"breadcrumb\":{\"@id\":\"https:\\\/\\\/www.fcbarcelonanoticias.com\\\/en\\\/football\\\/gundogan-crack-against-two-fc-barcelona-players_307229_102.html#breadcrumb\"},\"inLanguage\":\"en-US\",\"potentialAction\":[{\"@type\":\"ReadAction\",\"target\":[\"https:\\\/\\\/www.fcbarcelonanoticias.com\\\/en\\\/football\\\/gundogan-crack-against-two-fc-barcelona-players_307229_102.html\"]}]},{\"@type\":\"ImageObject\",\"inLanguage\":\"en-US\",\"@id\":\"https:\\\/\\\/www.fcbarcelonanoticias.com\\\/en\\\/football\\\/gundogan-crack-against-two-fc-barcelona-players_307229_102.html#primaryimage\",\"url\":\"https:\\\/\\\/www.fcbarcelonanoticias.com\\\/en\\\/wp-content\\\/uploads\\\/sites\\\/2\\\/2024\\\/09\\\/ilkay-guendogan-en-el-duelo-entre-el-manchester-city-y-el-west-ham-en-la-premier-league-2024-25.jpeg\",\"contentUrl\":\"https:\\\/\\\/www.fcbarcelonanoticias.com\\\/en\\\/wp-content\\\/uploads\\\/sites\\\/2\\\/2024\\\/09\\\/ilkay-guendogan-en-el-duelo-entre-el-manchester-city-y-el-west-ham-en-la-premier-league-2024-25.jpeg\",\"width\":1300,\"height\":732},{\"@type\":\"BreadcrumbList\",\"@id\":\"https:\\\/\\\/www.fcbarcelonanoticias.com\\\/en\\\/football\\\/gundogan-crack-against-two-fc-barcelona-players_307229_102.html#breadcrumb\",\"itemListElement\":[{\"@type\":\"ListItem\",\"position\":1,\"name\":\"Portada\",\"item\":\"https:\\\/\\\/www.fcbarcelonanoticias.com\\\/en\\\/\"},{\"@type\":\"ListItem\",\"position\":2,\"name\":\"G\u00fcndogan&#8217;s crack against two FC Barcelona players\"}]},{\"@type\":\"WebSite\",\"@id\":\"https:\\\/\\\/www.fcbarcelonanoticias.com\\\/en\\\/#website\",\"url\":\"https:\\\/\\\/www.fcbarcelonanoticias.com\\\/en\\\/\",\"name\":\"EN - FC Barcelona Noticias\",\"description\":\"\",\"potentialAction\":[{\"@type\":\"SearchAction\",\"target\":{\"@type\":\"EntryPoint\",\"urlTemplate\":\"https:\\\/\\\/www.fcbarcelonanoticias.com\\\/en\\\/?s={search_term_string}\"},\"query-input\":{\"@type\":\"PropertyValueSpecification\",\"valueRequired\":true,\"valueName\":\"search_term_string\"}}],\"inLanguage\":\"en-US\"},{\"@type\":\"Person\",\"@id\":\"https:\\\/\\\/www.fcbarcelonanoticias.com\\\/en\\\/#\\\/schema\\\/person\\\/991443f134df9a64c6874f96ff984c9d\",\"name\":\"Kevin G\u00f3mez\",\"image\":{\"@type\":\"ImageObject\",\"inLanguage\":\"en-US\",\"@id\":\"https:\\\/\\\/secure.gravatar.com\\\/avatar\\\/?s=96&d=mm&r=g\",\"url\":\"https:\\\/\\\/secure.gravatar.com\\\/avatar\\\/?s=96&d=mm&r=g\",\"contentUrl\":\"https:\\\/\\\/secure.gravatar.com\\\/avatar\\\/?s=96&d=mm&r=g\",\"caption\":\"Kevin G\u00f3mez\"},\"description\":\"Licenciado\u00a0en Periodismo y Comunicaci\u00f3n Audiovisual. Redactor en FCBN responsable de cubrir toda\u00a0la informaci\u00f3n del FC Barcelona y las principales competiciones de\u00a0f\u00fatbol.\",\"url\":\"https:\\\/\\\/www.fcbarcelonanoticias.com\\\/en\\\/jugadores\\\/kevin-gomez_23_115.html\"}]}<\/script>\n<!-- \/ Yoast SEO plugin. -->","yoast_head_json":{"title":"G\u00fcndogan's crack against two FC Barcelona players","description":"\u0130lkay G\u00fcndo\u011fan was apparently disappointed with the attitude of two of his teammates at Bar\u00e7a. One of them, apparently, for being very reserved despite being one of the leaders of the locker room, and the other for his lack of connection with the young people. Do you want to know who they are? We tell you at FCBN","robots":{"index":"index","follow":"follow","max-snippet":"max-snippet:-1","max-image-preview":"max-image-preview:large","max-video-preview":"max-video-preview:-1"},"canonical":"https:\/\/www.fcbarcelonanoticias.com\/en\/football\/gundogan-crack-against-two-fc-barcelona-players_307229_102.html","og_locale":"en_US","og_type":"article","og_title":"G\u00fcndogan's crack against two FC Barcelona players","og_description":"\u0130lkay G\u00fcndo\u011fan was apparently disappointed with the attitude of two of his teammates at Bar\u00e7a. One of them, apparently, for being very reserved despite being one of the leaders of the locker room, and the other for his lack of connection with the young people. Do you want to know who they are? We tell you at FCBN","og_url":"https:\/\/www.fcbarcelonanoticias.com\/en\/football\/gundogan-crack-against-two-fc-barcelona-players_307229_102.html","og_site_name":"EN - FC Barcelona Noticias","article_published_time":"2024-09-12T07:11:00+00:00","article_modified_time":"2024-09-12T09:10:00+00:00","og_image":[{"width":1300,"height":732,"url":"https:\/\/www.fcbarcelonanoticias.com\/en\/wp-content\/uploads\/sites\/2\/2024\/09\/ilkay-guendogan-en-el-duelo-entre-el-manchester-city-y-el-west-ham-en-la-premier-league-2024-25.jpeg","type":"image\/jpeg"}],"author":"Kevin G\u00f3mez","twitter_card":"summary_large_image","twitter_misc":{"Written by":"Kevin G\u00f3mez","Est. reading time":"3 minutes"},"schema":{"@context":"https:\/\/schema.org","@graph":[{"@type":"Article","@id":"https:\/\/www.fcbarcelonanoticias.com\/en\/football\/gundogan-crack-against-two-fc-barcelona-players_307229_102.html#article","isPartOf":{"@id":"https:\/\/www.fcbarcelonanoticias.com\/en\/football\/gundogan-crack-against-two-fc-barcelona-players_307229_102.html"},"author":{"name":"Kevin G\u00f3mez","@id":"https:\/\/www.fcbarcelonanoticias.com\/en\/#\/schema\/person\/991443f134df9a64c6874f96ff984c9d"},"headline":"G\u00fcndogan&#8217;s crack against two FC Barcelona players","datePublished":"2024-09-12T07:11:00+00:00","dateModified":"2024-09-12T09:10:00+00:00","mainEntityOfPage":{"@id":"https:\/\/www.fcbarcelonanoticias.com\/en\/football\/gundogan-crack-against-two-fc-barcelona-players_307229_102.html"},"wordCount":541,"image":{"@id":"https:\/\/www.fcbarcelonanoticias.com\/en\/football\/gundogan-crack-against-two-fc-barcelona-players_307229_102.html#primaryimage"},"thumbnailUrl":"https:\/\/www.fcbarcelonanoticias.com\/en\/wp-content\/uploads\/sites\/2\/2024\/09\/ilkay-guendogan-en-el-duelo-entre-el-manchester-city-y-el-west-ham-en-la-premier-league-2024-25.jpeg","keywords":["Ilkay G\u00fcndogan"],"articleSection":["Football","Football"],"inLanguage":"en-US"},{"@type":"WebPage","@id":"https:\/\/www.fcbarcelonanoticias.com\/en\/football\/gundogan-crack-against-two-fc-barcelona-players_307229_102.html","url":"https:\/\/www.fcbarcelonanoticias.com\/en\/football\/gundogan-crack-against-two-fc-barcelona-players_307229_102.html","name":"G\u00fcndogan's crack against two FC Barcelona players","isPartOf":{"@id":"https:\/\/www.fcbarcelonanoticias.com\/en\/#website"},"primaryImageOfPage":{"@id":"https:\/\/www.fcbarcelonanoticias.com\/en\/football\/gundogan-crack-against-two-fc-barcelona-players_307229_102.html#primaryimage"},"image":{"@id":"https:\/\/www.fcbarcelonanoticias.com\/en\/football\/gundogan-crack-against-two-fc-barcelona-players_307229_102.html#primaryimage"},"thumbnailUrl":"https:\/\/www.fcbarcelonanoticias.com\/en\/wp-content\/uploads\/sites\/2\/2024\/09\/ilkay-guendogan-en-el-duelo-entre-el-manchester-city-y-el-west-ham-en-la-premier-league-2024-25.jpeg","datePublished":"2024-09-12T07:11:00+00:00","dateModified":"2024-09-12T09:10:00+00:00","author":{"@id":"https:\/\/www.fcbarcelonanoticias.com\/en\/#\/schema\/person\/991443f134df9a64c6874f96ff984c9d"},"description":"\u0130lkay G\u00fcndo\u011fan was apparently disappointed with the attitude of two of his teammates at Bar\u00e7a. One of them, apparently, for being very reserved despite being one of the leaders of the locker room, and the other for his lack of connection with the young people. Do you want to know who they are? We tell you at FCBN","breadcrumb":{"@id":"https:\/\/www.fcbarcelonanoticias.com\/en\/football\/gundogan-crack-against-two-fc-barcelona-players_307229_102.html#breadcrumb"},"inLanguage":"en-US","potentialAction":[{"@type":"ReadAction","target":["https:\/\/www.fcbarcelonanoticias.com\/en\/football\/gundogan-crack-against-two-fc-barcelona-players_307229_102.html"]}]},{"@type":"ImageObject","inLanguage":"en-US","@id":"https:\/\/www.fcbarcelonanoticias.com\/en\/football\/gundogan-crack-against-two-fc-barcelona-players_307229_102.html#primaryimage","url":"https:\/\/www.fcbarcelonanoticias.com\/en\/wp-content\/uploads\/sites\/2\/2024\/09\/ilkay-guendogan-en-el-duelo-entre-el-manchester-city-y-el-west-ham-en-la-premier-league-2024-25.jpeg","contentUrl":"https:\/\/www.fcbarcelonanoticias.com\/en\/wp-content\/uploads\/sites\/2\/2024\/09\/ilkay-guendogan-en-el-duelo-entre-el-manchester-city-y-el-west-ham-en-la-premier-league-2024-25.jpeg","width":1300,"height":732},{"@type":"BreadcrumbList","@id":"https:\/\/www.fcbarcelonanoticias.com\/en\/football\/gundogan-crack-against-two-fc-barcelona-players_307229_102.html#breadcrumb","itemListElement":[{"@type":"ListItem","position":1,"name":"Portada","item":"https:\/\/www.fcbarcelonanoticias.com\/en\/"},{"@type":"ListItem","position":2,"name":"G\u00fcndogan&#8217;s crack against two FC Barcelona players"}]},{"@type":"WebSite","@id":"https:\/\/www.fcbarcelonanoticias.com\/en\/#website","url":"https:\/\/www.fcbarcelonanoticias.com\/en\/","name":"EN - FC Barcelona Noticias","description":"","potentialAction":[{"@type":"SearchAction","target":{"@type":"EntryPoint","urlTemplate":"https:\/\/www.fcbarcelonanoticias.com\/en\/?s={search_term_string}"},"query-input":{"@type":"PropertyValueSpecification","valueRequired":true,"valueName":"search_term_string"}}],"inLanguage":"en-US"},{"@type":"Person","@id":"https:\/\/www.fcbarcelonanoticias.com\/en\/#\/schema\/person\/991443f134df9a64c6874f96ff984c9d","name":"Kevin G\u00f3mez","image":{"@type":"ImageObject","inLanguage":"en-US","@id":"https:\/\/secure.gravatar.com\/avatar\/?s=96&d=mm&r=g","url":"https:\/\/secure.gravatar.com\/avatar\/?s=96&d=mm&r=g","contentUrl":"https:\/\/secure.gravatar.com\/avatar\/?s=96&d=mm&r=g","caption":"Kevin G\u00f3mez"},"description":"Licenciado\u00a0en Periodismo y Comunicaci\u00f3n Audiovisual. Redactor en FCBN responsable de cubrir toda\u00a0la informaci\u00f3n del FC Barcelona y las principales competiciones de\u00a0f\u00fatbol.","url":"https:\/\/www.fcbarcelonanoticias.com\/en\/jugadores\/kevin-gomez_23_115.html"}]}},"_links":{"self":[{"href":"https:\/\/www.fcbarcelonanoticias.com\/en\/wp-json\/wp\/v2\/posts\/40459","targetHints":{"allow":["GET"]}}],"collection":[{"href":"https:\/\/www.fcbarcelonanoticias.com\/en\/wp-json\/wp\/v2\/posts"}],"about":[{"href":"https:\/\/www.fcbarcelonanoticias.com\/en\/wp-json\/wp\/v2\/types\/post"}],"author":[{"embeddable":true,"href":"https:\/\/www.fcbarcelonanoticias.com\/en\/wp-json\/wp\/v2\/users\/355"}],"replies":[{"embeddable":true,"href":"https:\/\/www.fcbarcelonanoticias.com\/en\/wp-json\/wp\/v2\/comments?post=40459"}],"version-history":[{"count":1,"href":"https:\/\/www.fcbarcelonanoticias.com\/en\/wp-json\/wp\/v2\/posts\/40459\/revisions"}],"predecessor-version":[{"id":111365,"href":"https:\/\/www.fcbarcelonanoticias.com\/en\/wp-json\/wp\/v2\/posts\/40459\/revisions\/111365"}],"wp:featuredmedia":[{"embeddable":true,"href":"https:\/\/www.fcbarcelonanoticias.com\/en\/wp-json\/wp\/v2\/media\/40460"}],"wp:attachment":[{"href":"https:\/\/www.fcbarcelonanoticias.com\/en\/wp-json\/wp\/v2\/media?parent=40459"}],"wp:term":[{"taxonomy":"category","embeddable":true,"href":"https:\/\/www.fcbarcelonanoticias.com\/en\/wp-json\/wp\/v2\/categories?post=40459"},{"taxonomy":"post_tag","embeddable":true,"href":"https:\/\/www.fcbarcelonanoticias.com\/en\/wp-json\/wp\/v2\/tags?post=40459"}],"curies":[{"name":"wp","href":"https:\/\/api.w.org\/{rel}","templated":true}]}}