{"id":40550,"date":"2025-10-13T07:58:00","date_gmt":"2025-10-13T05:58:00","guid":{"rendered":"https:\/\/weisetech.dev\/fc-barcelona-noticias\/en\/jordi-alba-emotional-farewell-at-inter-miami_315010_102\/"},"modified":"2025-10-13T07:58:00","modified_gmt":"2025-10-13T05:58:00","slug":"jordi-alba-emotional-farewell-at-inter-miami_315010_102","status":"publish","type":"post","link":"https:\/\/www.fcbarcelonanoticias.com\/en\/football\/jordi-alba-emotional-farewell-at-inter-miami_315010_102.html","title":{"rendered":"Jordi Alba Retires: Homage and Farewell to a Bar\u00e7a Legend"},"content":{"rendered":"<h2 class=\"wp-block-heading\">Inter Miami paid an emotional tribute to Jordi Alba, who announced his retirement at the end of the season.<\/h2>  \r\n<div class=\"article-addons\">\r\n    <a href=\"https:\/\/www.fcbarcelonanoticias.com\/en\/calendar-fc-barcelona.html\"\r\n       target=\"_self\"\r\n       title=\"Calendar of FC Barcelona\"\r\n       class=\"blue-gredient-btn\">\r\n       \r\n        Calendar of FC Barcelona    <\/a>\r\n<\/div>   <p><strong><a data-external=\"0\" data-intl-links-en=\"https:\/\/www.fcbarcelonanoticias.com\/en\/tags\/jordi-alba\" data-intl-links-es=\"https:\/\/www.fcbarcelonanoticias.com\/tags\/jordi-alba\" href=\"https:\/\/www.fcbarcelonanoticias.com\/en\/tags\/jordi-alba.html\" rel=\"follow\" target=\"_self\" title=\"Jordi Alba\">Jordi Alba<\/a> experienced one of the most special nights of his career at Inter Miami.<\/strong> The Catalan full-back, who announced his retirement at the end of this season, was honored by the North American club after the resounding 4-0 victory against Atlanta United. At 36 years old, the former FC Barcelona player puts an end to a career full of titles, emotions, and unforgettable moments.<\/p>  <p>Chase Stadium was dressed to the nines to bid farewell to one of the great names in modern soccer. After the match, the club presented him with a commemorative jersey bearing the message <strong>&#8220;Thank you, Jordi,&#8221;<\/strong> while a video with messages of recognition from figures such as <strong>Leo Messi, Luis Su\u00e1rez, Sergio Busquets, and Andr\u00e9s Iniesta<\/strong> was projected on the stadium screens. The fans&#8217; ovation was unanimous, on an evening full of emotion and nostalgia.<\/p>  <h2>Jordi Alba: A Farewell That Marks the End of an Irreplaceable Generation<\/h2>  <p><strong>Jordi Alba&#8217;s<\/strong> farewell coincides with the recent retirement of <strong><a data-external=\"0\" data-intl-links-en=\"https:\/\/www.fcbarcelonanoticias.com\/en\/fc-barcelona\/sergio-busquets-announces-his-retirement-from-football-barca_314840_102.html\" data-intl-links-es=\"https:\/\/www.fcbarcelonanoticias.com\/fc-barcelona\/sergio-busquets-retirada-barca-inter-miami_314840_102.html\" href=\"https:\/\/www.fcbarcelonanoticias.com\/en\/fc-barcelona\/sergio-busquets-announces-his-retirement-from-football-barca_314840_102.html\" rel=\"follow\" target=\"_self\" title=\"Sergio Busquets anuncia su retirada: una leyenda del Bar\u00e7a dice adi\u00f3s al f\u00fatbol\">Sergio Busquets<\/a><\/strong>, another pillar of the generation that led <strong>Bar\u00e7a<\/strong> to dominate Europe between 2009 and 2015. Both coincided for years at the Blaugrana club, where they conquered all possible titles: Champions League, Leagues, Copa del Rey, and Club World Cup. With their departure, <strong>only Leo Messi remains active<\/strong>, as the last representative of that golden cycle.<\/p>  <table border=\"0\" cellpadding=\"1\" cellspacing=\"1\" style=\"width:100%;\"> <caption><strong>Jordi Alba&#8217;s Stats with FC Barcelona<\/strong><\/caption> \t<tbody> <tr> <td><strong>COMPETITION<\/strong><\/td> \t\t\t<td><strong>MATCHES<\/strong><\/td> \t\t\t<td><strong>GOALS<\/strong><\/td> \t\t\t<td><strong>ASSISTS<\/strong><\/td> \t\t<\/tr> <tr> <td>LaLiga<\/td> \t\t\t<td style=\"text-align: center;\">313<\/td> \t\t\t<td style=\"text-align: center;\">17<\/td> \t\t\t<td style=\"text-align: center;\">68<\/td> \t\t<\/tr> <tr> <td>Copa del Rey<\/td> \t\t\t<td style=\"text-align: center;\">47<\/td> \t\t\t<td style=\"text-align: center;\">6<\/td> \t\t\t<td style=\"text-align: center;\">15<\/td> \t\t<\/tr> <tr> <td>Supercopa Espa\u00f1a<\/td> \t\t\t<td style=\"text-align: center;\">13<\/td> \t\t\t<td style=\"text-align: center;\">0<\/td> \t\t\t<td style=\"text-align: center;\">2<\/td> \t\t<\/tr> <tr> <td>Europa League<\/td> \t\t\t<td style=\"text-align: center;\">7<\/td> \t\t\t<td style=\"text-align: center;\">1<\/td> \t\t\t<td style=\"text-align: center;\">0<\/td> \t\t<\/tr> <tr> <td>Champions League<\/td> \t\t\t<td style=\"text-align: center;\">77<\/td> \t\t\t<td style=\"text-align: center;\">3<\/td> \t\t\t<td style=\"text-align: center;\">14<\/td> \t\t<\/tr> <tr> <td>Supercopa Europa<\/td> \t\t\t<td style=\"text-align: center;\">0<\/td> \t\t\t<td style=\"text-align: center;\">0<\/td> \t\t\t<td style=\"text-align: center;\">0<\/td> \t\t<\/tr> <tr> <td>Mundial de Clubes<\/td> \t\t\t<td style=\"text-align: center;\">2<\/td> \t\t\t<td style=\"text-align: center;\">0<\/td> \t\t\t<td style=\"text-align: center;\">0<\/td> \t\t<\/tr> <tr> <td><strong>TOTALS<\/strong><\/td> \t\t\t<td style=\"text-align: center;\"><strong>459<\/strong><\/td> \t\t\t<td style=\"text-align: center;\"><strong>27<\/strong><\/td> \t\t\t<td style=\"text-align: center;\"><strong>99<\/strong><\/td> \t\t<\/tr> <\/tbody> <\/table> <p>In the tribute, <strong>Messi was the star both on and off the field<\/strong>. In addition to participating in the farewell video, the Argentine delivered another masterclass with two goals, one of them after an exquisite assist from Alba with a chip from the center of the field, which brought the crowd to its feet. A play that symbolized the connection they both maintained for a decade at the Camp Nou and that continues to live on in Miami.<\/p>  <div data-oembed-url=\"https:\/\/twitter.com\/InterMiamiCF\/status\/1977186686896668763\"> <blockquote align=\"center\" class=\"twitter-tweet\" data-dnt=\"true\"> <p dir=\"ltr\" lang=\"es\">JORDI \u27a1\ufe0f LEO \ud83d\udd25 <a href=\"https:\/\/t.co\/en\/Rnmbc5Snkc\">pic.twitter.com\/Rnmbc5Snkc<\/a><\/p> \u2014 Inter Miami CF (@InterMiamiCF) <a href=\"https:\/\/twitter.com\/en\/InterMiamiCF\/status\/1977186686896668763?ref_src=twsrc%5Etfw\">October 12, 2025<\/a> <\/blockquote>  <\/div>  <h2>A career marked by speed and Bar\u00e7a style<\/h2>  <p><strong>Jordi Alba<\/strong> made his professional debut for Valencia CF, but came into his own at <strong>FC Barcelona<\/strong>, where he played <strong>459 official matches<\/strong> and won a total of <strong>18 titles<\/strong>. His speed, tactical intelligence, and ability to link up with attackers made him a world-class full-back. At the Catalan club, he experienced one of the most successful periods in its recent history and was a key player for coaches such as <strong>Luis Enrique, Ernesto Valverde, and Xavi Hern\u00e1ndez<\/strong>.<\/p>  <p><u><strong>JORDI ALBA&#8217;S TITLES WITH BAR\u00c7A (2012-2023)<\/strong><\/u><\/p>  <ol> <li> <strong>6 Liga:<\/strong> 2012-2013, 2014-2015, 2015-2016, 2017-2018, 2018-2019, 2022-2023<\/li> \t<li> <strong>5 Copa del Rey:<\/strong> 2014-2015, 2015-2016, 2016-2017, 2017-2018, 2020-2021<\/li> \t<li> <strong>4 Supercopa de Espa\u00f1a:<\/strong> 2013-2014, 2016-2017, 2018-2019, 2022-2023<\/li> \t<li> <strong>1 Champions League:<\/strong> 2014-2015<\/li> \t<li> <strong>1 Club World Cup:<\/strong> 2015-2016<\/li> \t<li> <strong>1 UEFA Super Cup:<\/strong> 2015-2016<\/li> <\/ol> <p>His transfer to <strong>Inter Miami<\/strong> in 2023 meant reuniting with his former teammates <strong>Messi and Busquets<\/strong>, under the direction of Gerardo \u2018Tata\u2019 Martino. The Barcelona trident quickly became the heart and soul of the American team, providing leadership, experience, and a style of play based on possession and understanding between the lines.<\/p>  <h2>Inter Miami Looks to the Future with the Legacy of Bar\u00e7a&#8217;s Champions<\/h2>  <p>With qualification already secured for the MLS play-offs, Inter Miami faces the final stretch of the season with the goal of finishing as the second-best team in the Eastern Conference. However, the focus of the night was on the <strong>tribute to Jordi Alba<\/strong>, a player who has left his mark in both Europe and America.<\/p>  <p>Coach <strong>Gerardo Martino<\/strong> highlighted the defender&#8217;s human impact after the match: \u201cJordi has been an example inside and outside the locker room. He is an elite soccer player, but above all an extraordinary person. We are going to miss him.\u201d<\/p>  <p>With this goodbye, <strong>Jordi Alba brings an end to 17 years of professional career<\/strong> in which he wore the jerseys of <strong>Valencia, Barcelona, and Inter Miami<\/strong>. His legacy transcends titles: it represents loyalty to a style, connection with his teammates, and passion for the game.<\/p>  <p>Football bids farewell to an irreplaceable full-back. And <strong>FC Barcelona<\/strong> to one of its most beloved symbols. <strong>Jordi Alba<\/strong>, the man of impossible diagonals and precise assists, leaves an indelible legacy both at Camp Nou and in Miami.<\/p> ","protected":false},"excerpt":{"rendered":"<p>Inter Miami paid an emotional tribute to Jordi Alba, who announced his retirement at the end of the season. Jordi Alba experienced one of the most special nights of his career at Inter Miami. The Catalan full-back, who announced his retirement at the end of this season, was honored by the North American club after [&hellip;]<\/p>\n","protected":false},"author":358,"featured_media":40551,"comment_status":"closed","ping_status":"open","sticky":false,"template":"","format":"standard","meta":{"_acf_changed":false,"inline_featured_image":false,"_nextfly_llmd_date_locked":false,"footnotes":""},"categories":[452,109],"tags":[280],"class_list":["post-40550","post","type-post","status-publish","format-standard","has-post-thumbnail","hentry","category-football-2","category-football","tag-jordi-alba"],"acf":[],"yoast_head":"<!-- This site is optimized with the Yoast SEO plugin v27.3 - https:\/\/yoast.com\/product\/yoast-seo-wordpress\/ -->\n<title>Jordi Alba&#039;s emotional farewell at Inter Miami<\/title>\n<meta name=\"description\" content=\"Inter Miami honors Jordi Alba after announcing his retirement. Emotion, messages from Messi, Su\u00e1rez, Busquets, and Iniesta.\" \/>\n<meta name=\"robots\" content=\"index, follow, max-snippet:-1, max-image-preview:large, max-video-preview:-1\" \/>\n<link rel=\"canonical\" href=\"https:\/\/www.fcbarcelonanoticias.com\/en\/football\/jordi-alba-emotional-farewell-at-inter-miami_315010_102.html\" \/>\n<meta property=\"og:locale\" content=\"en_US\" \/>\n<meta property=\"og:type\" content=\"article\" \/>\n<meta property=\"og:title\" content=\"Jordi Alba&#039;s emotional farewell at Inter Miami\" \/>\n<meta property=\"og:description\" content=\"Inter Miami honors Jordi Alba after announcing his retirement. Emotion, messages from Messi, Su\u00e1rez, Busquets, and Iniesta.\" \/>\n<meta property=\"og:url\" content=\"https:\/\/www.fcbarcelonanoticias.com\/en\/football\/jordi-alba-emotional-farewell-at-inter-miami_315010_102.html\" \/>\n<meta property=\"og:site_name\" content=\"EN - FC Barcelona Noticias\" \/>\n<meta property=\"article:published_time\" content=\"2025-10-13T05:58:00+00:00\" \/>\n<meta property=\"og:image\" content=\"https:\/\/www.fcbarcelonanoticias.com\/en\/wp-content\/uploads\/sites\/2\/2025\/10\/jordi-alba-homenaje-inter-miami.webp\" \/>\n\t<meta property=\"og:image:width\" content=\"1200\" \/>\n\t<meta property=\"og:image:height\" content=\"675\" \/>\n\t<meta property=\"og:image:type\" content=\"image\/webp\" \/>\n<meta name=\"author\" content=\"Juan Pablo Berdugo\" \/>\n<meta name=\"twitter:card\" content=\"summary_large_image\" \/>\n<meta name=\"twitter:label1\" content=\"Written by\" \/>\n\t<meta name=\"twitter:data1\" content=\"Juan Pablo Berdugo\" \/>\n\t<meta name=\"twitter:label2\" content=\"Est. reading time\" \/>\n\t<meta name=\"twitter:data2\" content=\"4 minutes\" \/>\n<script type=\"application\/ld+json\" class=\"yoast-schema-graph\">{\"@context\":\"https:\\\/\\\/schema.org\",\"@graph\":[{\"@type\":\"Article\",\"@id\":\"https:\\\/\\\/www.fcbarcelonanoticias.com\\\/en\\\/football\\\/jordi-alba-emotional-farewell-at-inter-miami_315010_102.html#article\",\"isPartOf\":{\"@id\":\"https:\\\/\\\/www.fcbarcelonanoticias.com\\\/en\\\/football\\\/jordi-alba-emotional-farewell-at-inter-miami_315010_102.html\"},\"author\":{\"name\":\"Juan Pablo Berdugo\",\"@id\":\"https:\\\/\\\/www.fcbarcelonanoticias.com\\\/en\\\/#\\\/schema\\\/person\\\/88d756918a0a1ae9fa593b5edddd1815\"},\"headline\":\"Jordi Alba Retires: Homage and Farewell to a Bar\u00e7a Legend\",\"datePublished\":\"2025-10-13T05:58:00+00:00\",\"mainEntityOfPage\":{\"@id\":\"https:\\\/\\\/www.fcbarcelonanoticias.com\\\/en\\\/football\\\/jordi-alba-emotional-farewell-at-inter-miami_315010_102.html\"},\"wordCount\":738,\"image\":{\"@id\":\"https:\\\/\\\/www.fcbarcelonanoticias.com\\\/en\\\/football\\\/jordi-alba-emotional-farewell-at-inter-miami_315010_102.html#primaryimage\"},\"thumbnailUrl\":\"https:\\\/\\\/www.fcbarcelonanoticias.com\\\/en\\\/wp-content\\\/uploads\\\/sites\\\/2\\\/2025\\\/10\\\/jordi-alba-homenaje-inter-miami.webp\",\"keywords\":[\"Jordi Alba\"],\"articleSection\":[\"Football\",\"Football\"],\"inLanguage\":\"en-US\"},{\"@type\":\"WebPage\",\"@id\":\"https:\\\/\\\/www.fcbarcelonanoticias.com\\\/en\\\/football\\\/jordi-alba-emotional-farewell-at-inter-miami_315010_102.html\",\"url\":\"https:\\\/\\\/www.fcbarcelonanoticias.com\\\/en\\\/football\\\/jordi-alba-emotional-farewell-at-inter-miami_315010_102.html\",\"name\":\"Jordi Alba's emotional farewell at Inter Miami\",\"isPartOf\":{\"@id\":\"https:\\\/\\\/www.fcbarcelonanoticias.com\\\/en\\\/#website\"},\"primaryImageOfPage\":{\"@id\":\"https:\\\/\\\/www.fcbarcelonanoticias.com\\\/en\\\/football\\\/jordi-alba-emotional-farewell-at-inter-miami_315010_102.html#primaryimage\"},\"image\":{\"@id\":\"https:\\\/\\\/www.fcbarcelonanoticias.com\\\/en\\\/football\\\/jordi-alba-emotional-farewell-at-inter-miami_315010_102.html#primaryimage\"},\"thumbnailUrl\":\"https:\\\/\\\/www.fcbarcelonanoticias.com\\\/en\\\/wp-content\\\/uploads\\\/sites\\\/2\\\/2025\\\/10\\\/jordi-alba-homenaje-inter-miami.webp\",\"datePublished\":\"2025-10-13T05:58:00+00:00\",\"author\":{\"@id\":\"https:\\\/\\\/www.fcbarcelonanoticias.com\\\/en\\\/#\\\/schema\\\/person\\\/88d756918a0a1ae9fa593b5edddd1815\"},\"description\":\"Inter Miami honors Jordi Alba after announcing his retirement. Emotion, messages from Messi, Su\u00e1rez, Busquets, and Iniesta.\",\"breadcrumb\":{\"@id\":\"https:\\\/\\\/www.fcbarcelonanoticias.com\\\/en\\\/football\\\/jordi-alba-emotional-farewell-at-inter-miami_315010_102.html#breadcrumb\"},\"inLanguage\":\"en-US\",\"potentialAction\":[{\"@type\":\"ReadAction\",\"target\":[\"https:\\\/\\\/www.fcbarcelonanoticias.com\\\/en\\\/football\\\/jordi-alba-emotional-farewell-at-inter-miami_315010_102.html\"]}]},{\"@type\":\"ImageObject\",\"inLanguage\":\"en-US\",\"@id\":\"https:\\\/\\\/www.fcbarcelonanoticias.com\\\/en\\\/football\\\/jordi-alba-emotional-farewell-at-inter-miami_315010_102.html#primaryimage\",\"url\":\"https:\\\/\\\/www.fcbarcelonanoticias.com\\\/en\\\/wp-content\\\/uploads\\\/sites\\\/2\\\/2025\\\/10\\\/jordi-alba-homenaje-inter-miami.webp\",\"contentUrl\":\"https:\\\/\\\/www.fcbarcelonanoticias.com\\\/en\\\/wp-content\\\/uploads\\\/sites\\\/2\\\/2025\\\/10\\\/jordi-alba-homenaje-inter-miami.webp\",\"width\":1200,\"height\":675},{\"@type\":\"BreadcrumbList\",\"@id\":\"https:\\\/\\\/www.fcbarcelonanoticias.com\\\/en\\\/football\\\/jordi-alba-emotional-farewell-at-inter-miami_315010_102.html#breadcrumb\",\"itemListElement\":[{\"@type\":\"ListItem\",\"position\":1,\"name\":\"Portada\",\"item\":\"https:\\\/\\\/www.fcbarcelonanoticias.com\\\/en\\\/\"},{\"@type\":\"ListItem\",\"position\":2,\"name\":\"Jordi Alba Retires: Homage and Farewell to a Bar\u00e7a Legend\"}]},{\"@type\":\"WebSite\",\"@id\":\"https:\\\/\\\/www.fcbarcelonanoticias.com\\\/en\\\/#website\",\"url\":\"https:\\\/\\\/www.fcbarcelonanoticias.com\\\/en\\\/\",\"name\":\"EN - FC Barcelona Noticias\",\"description\":\"\",\"potentialAction\":[{\"@type\":\"SearchAction\",\"target\":{\"@type\":\"EntryPoint\",\"urlTemplate\":\"https:\\\/\\\/www.fcbarcelonanoticias.com\\\/en\\\/?s={search_term_string}\"},\"query-input\":{\"@type\":\"PropertyValueSpecification\",\"valueRequired\":true,\"valueName\":\"search_term_string\"}}],\"inLanguage\":\"en-US\"},{\"@type\":\"Person\",\"@id\":\"https:\\\/\\\/www.fcbarcelonanoticias.com\\\/en\\\/#\\\/schema\\\/person\\\/88d756918a0a1ae9fa593b5edddd1815\",\"name\":\"Juan Pablo Berdugo\",\"image\":{\"@type\":\"ImageObject\",\"inLanguage\":\"en-US\",\"@id\":\"https:\\\/\\\/secure.gravatar.com\\\/avatar\\\/?s=96&d=mm&r=g\",\"url\":\"https:\\\/\\\/secure.gravatar.com\\\/avatar\\\/?s=96&d=mm&r=g\",\"contentUrl\":\"https:\\\/\\\/secure.gravatar.com\\\/avatar\\\/?s=96&d=mm&r=g\",\"caption\":\"Juan Pablo Berdugo\"},\"description\":\"Juan Pablo Berdugo es graduado en Periodismo. Colabora con FCBN como especialista en informaci\u00f3n del primer equipo del FC Barcelona, f\u00fatbol internacional y mercado de fichajes. Destaca por su enfoque anal\u00edtico, su rigor informativo y su capacidad para detectar tendencias emergentes en el f\u00fatbol global.\",\"url\":\"https:\\\/\\\/www.fcbarcelonanoticias.com\\\/en\\\/fc-barcelona\\\/juan-pablo-berdugo_18_115.html\"}]}<\/script>\n<!-- \/ Yoast SEO plugin. -->","yoast_head_json":{"title":"Jordi Alba's emotional farewell at Inter Miami","description":"Inter Miami honors Jordi Alba after announcing his retirement. Emotion, messages from Messi, Su\u00e1rez, Busquets, and Iniesta.","robots":{"index":"index","follow":"follow","max-snippet":"max-snippet:-1","max-image-preview":"max-image-preview:large","max-video-preview":"max-video-preview:-1"},"canonical":"https:\/\/www.fcbarcelonanoticias.com\/en\/football\/jordi-alba-emotional-farewell-at-inter-miami_315010_102.html","og_locale":"en_US","og_type":"article","og_title":"Jordi Alba's emotional farewell at Inter Miami","og_description":"Inter Miami honors Jordi Alba after announcing his retirement. Emotion, messages from Messi, Su\u00e1rez, Busquets, and Iniesta.","og_url":"https:\/\/www.fcbarcelonanoticias.com\/en\/football\/jordi-alba-emotional-farewell-at-inter-miami_315010_102.html","og_site_name":"EN - FC Barcelona Noticias","article_published_time":"2025-10-13T05:58:00+00:00","og_image":[{"width":1200,"height":675,"url":"https:\/\/www.fcbarcelonanoticias.com\/en\/wp-content\/uploads\/sites\/2\/2025\/10\/jordi-alba-homenaje-inter-miami.webp","type":"image\/webp"}],"author":"Juan Pablo Berdugo","twitter_card":"summary_large_image","twitter_misc":{"Written by":"Juan Pablo Berdugo","Est. reading time":"4 minutes"},"schema":{"@context":"https:\/\/schema.org","@graph":[{"@type":"Article","@id":"https:\/\/www.fcbarcelonanoticias.com\/en\/football\/jordi-alba-emotional-farewell-at-inter-miami_315010_102.html#article","isPartOf":{"@id":"https:\/\/www.fcbarcelonanoticias.com\/en\/football\/jordi-alba-emotional-farewell-at-inter-miami_315010_102.html"},"author":{"name":"Juan Pablo Berdugo","@id":"https:\/\/www.fcbarcelonanoticias.com\/en\/#\/schema\/person\/88d756918a0a1ae9fa593b5edddd1815"},"headline":"Jordi Alba Retires: Homage and Farewell to a Bar\u00e7a Legend","datePublished":"2025-10-13T05:58:00+00:00","mainEntityOfPage":{"@id":"https:\/\/www.fcbarcelonanoticias.com\/en\/football\/jordi-alba-emotional-farewell-at-inter-miami_315010_102.html"},"wordCount":738,"image":{"@id":"https:\/\/www.fcbarcelonanoticias.com\/en\/football\/jordi-alba-emotional-farewell-at-inter-miami_315010_102.html#primaryimage"},"thumbnailUrl":"https:\/\/www.fcbarcelonanoticias.com\/en\/wp-content\/uploads\/sites\/2\/2025\/10\/jordi-alba-homenaje-inter-miami.webp","keywords":["Jordi Alba"],"articleSection":["Football","Football"],"inLanguage":"en-US"},{"@type":"WebPage","@id":"https:\/\/www.fcbarcelonanoticias.com\/en\/football\/jordi-alba-emotional-farewell-at-inter-miami_315010_102.html","url":"https:\/\/www.fcbarcelonanoticias.com\/en\/football\/jordi-alba-emotional-farewell-at-inter-miami_315010_102.html","name":"Jordi Alba's emotional farewell at Inter Miami","isPartOf":{"@id":"https:\/\/www.fcbarcelonanoticias.com\/en\/#website"},"primaryImageOfPage":{"@id":"https:\/\/www.fcbarcelonanoticias.com\/en\/football\/jordi-alba-emotional-farewell-at-inter-miami_315010_102.html#primaryimage"},"image":{"@id":"https:\/\/www.fcbarcelonanoticias.com\/en\/football\/jordi-alba-emotional-farewell-at-inter-miami_315010_102.html#primaryimage"},"thumbnailUrl":"https:\/\/www.fcbarcelonanoticias.com\/en\/wp-content\/uploads\/sites\/2\/2025\/10\/jordi-alba-homenaje-inter-miami.webp","datePublished":"2025-10-13T05:58:00+00:00","author":{"@id":"https:\/\/www.fcbarcelonanoticias.com\/en\/#\/schema\/person\/88d756918a0a1ae9fa593b5edddd1815"},"description":"Inter Miami honors Jordi Alba after announcing his retirement. Emotion, messages from Messi, Su\u00e1rez, Busquets, and Iniesta.","breadcrumb":{"@id":"https:\/\/www.fcbarcelonanoticias.com\/en\/football\/jordi-alba-emotional-farewell-at-inter-miami_315010_102.html#breadcrumb"},"inLanguage":"en-US","potentialAction":[{"@type":"ReadAction","target":["https:\/\/www.fcbarcelonanoticias.com\/en\/football\/jordi-alba-emotional-farewell-at-inter-miami_315010_102.html"]}]},{"@type":"ImageObject","inLanguage":"en-US","@id":"https:\/\/www.fcbarcelonanoticias.com\/en\/football\/jordi-alba-emotional-farewell-at-inter-miami_315010_102.html#primaryimage","url":"https:\/\/www.fcbarcelonanoticias.com\/en\/wp-content\/uploads\/sites\/2\/2025\/10\/jordi-alba-homenaje-inter-miami.webp","contentUrl":"https:\/\/www.fcbarcelonanoticias.com\/en\/wp-content\/uploads\/sites\/2\/2025\/10\/jordi-alba-homenaje-inter-miami.webp","width":1200,"height":675},{"@type":"BreadcrumbList","@id":"https:\/\/www.fcbarcelonanoticias.com\/en\/football\/jordi-alba-emotional-farewell-at-inter-miami_315010_102.html#breadcrumb","itemListElement":[{"@type":"ListItem","position":1,"name":"Portada","item":"https:\/\/www.fcbarcelonanoticias.com\/en\/"},{"@type":"ListItem","position":2,"name":"Jordi Alba Retires: Homage and Farewell to a Bar\u00e7a Legend"}]},{"@type":"WebSite","@id":"https:\/\/www.fcbarcelonanoticias.com\/en\/#website","url":"https:\/\/www.fcbarcelonanoticias.com\/en\/","name":"EN - FC Barcelona Noticias","description":"","potentialAction":[{"@type":"SearchAction","target":{"@type":"EntryPoint","urlTemplate":"https:\/\/www.fcbarcelonanoticias.com\/en\/?s={search_term_string}"},"query-input":{"@type":"PropertyValueSpecification","valueRequired":true,"valueName":"search_term_string"}}],"inLanguage":"en-US"},{"@type":"Person","@id":"https:\/\/www.fcbarcelonanoticias.com\/en\/#\/schema\/person\/88d756918a0a1ae9fa593b5edddd1815","name":"Juan Pablo Berdugo","image":{"@type":"ImageObject","inLanguage":"en-US","@id":"https:\/\/secure.gravatar.com\/avatar\/?s=96&d=mm&r=g","url":"https:\/\/secure.gravatar.com\/avatar\/?s=96&d=mm&r=g","contentUrl":"https:\/\/secure.gravatar.com\/avatar\/?s=96&d=mm&r=g","caption":"Juan Pablo Berdugo"},"description":"Juan Pablo Berdugo es graduado en Periodismo. Colabora con FCBN como especialista en informaci\u00f3n del primer equipo del FC Barcelona, f\u00fatbol internacional y mercado de fichajes. Destaca por su enfoque anal\u00edtico, su rigor informativo y su capacidad para detectar tendencias emergentes en el f\u00fatbol global.","url":"https:\/\/www.fcbarcelonanoticias.com\/en\/fc-barcelona\/juan-pablo-berdugo_18_115.html"}]}},"_links":{"self":[{"href":"https:\/\/www.fcbarcelonanoticias.com\/en\/wp-json\/wp\/v2\/posts\/40550","targetHints":{"allow":["GET"]}}],"collection":[{"href":"https:\/\/www.fcbarcelonanoticias.com\/en\/wp-json\/wp\/v2\/posts"}],"about":[{"href":"https:\/\/www.fcbarcelonanoticias.com\/en\/wp-json\/wp\/v2\/types\/post"}],"author":[{"embeddable":true,"href":"https:\/\/www.fcbarcelonanoticias.com\/en\/wp-json\/wp\/v2\/users\/358"}],"replies":[{"embeddable":true,"href":"https:\/\/www.fcbarcelonanoticias.com\/en\/wp-json\/wp\/v2\/comments?post=40550"}],"version-history":[{"count":1,"href":"https:\/\/www.fcbarcelonanoticias.com\/en\/wp-json\/wp\/v2\/posts\/40550\/revisions"}],"predecessor-version":[{"id":111408,"href":"https:\/\/www.fcbarcelonanoticias.com\/en\/wp-json\/wp\/v2\/posts\/40550\/revisions\/111408"}],"wp:featuredmedia":[{"embeddable":true,"href":"https:\/\/www.fcbarcelonanoticias.com\/en\/wp-json\/wp\/v2\/media\/40551"}],"wp:attachment":[{"href":"https:\/\/www.fcbarcelonanoticias.com\/en\/wp-json\/wp\/v2\/media?parent=40550"}],"wp:term":[{"taxonomy":"category","embeddable":true,"href":"https:\/\/www.fcbarcelonanoticias.com\/en\/wp-json\/wp\/v2\/categories?post=40550"},{"taxonomy":"post_tag","embeddable":true,"href":"https:\/\/www.fcbarcelonanoticias.com\/en\/wp-json\/wp\/v2\/tags?post=40550"}],"curies":[{"name":"wp","href":"https:\/\/api.w.org\/{rel}","templated":true}]}}