{"id":40575,"date":"2024-11-17T17:04:00","date_gmt":"2024-11-17T16:04:00","guid":{"rendered":"https:\/\/weisetech.dev\/fc-barcelona-noticias\/en\/kounde-raphinha-olmo-1x1-barcelona-paron-selections_308673_102\/"},"modified":"2024-11-18T00:57:00","modified_gmt":"2024-11-17T23:57:00","slug":"kounde-raphinha-olmo-1x1-barcelona-paron-selections_308673_102","status":"publish","type":"post","link":"https:\/\/www.fcbarcelonanoticias.com\/en\/football\/kounde-raphinha-olmo-1x1-barcelona-paron-selections_308673_102.html","title":{"rendered":"Kound\u00e9, Raphinha, Olmo&#8230; Bar\u00e7a&#8217;s 1&#215;1 during the national team break"},"content":{"rendered":"<h2 class=\"wp-block-heading\">A total of eight FC Barcelona players traveled with their national teams during the November break. At FCBN we review how the Barcelona internationals have fared<\/h2>  \r\n<div class=\"article-addons\">\r\n    <a href=\"https:\/\/www.fcbarcelonanoticias.com\/en\/calendar-fc-barcelona.html\"\r\n       target=\"_self\"\r\n       title=\"Calendar of FC Barcelona\"\r\n       class=\"blue-gredient-btn\">\r\n       \r\n        Calendar of FC Barcelona    <\/a>\r\n<\/div>   <p>FC Barcelona is enjoying a weekend of rest this Sunday where eight players from the squad are still in action with their national teams. <strong>Dani Olmo, Marc Casad\u00f3, Pedri Gonz\u00e1lez and Pau Cubars\u00ed<\/strong> traveled with the National Team, while <strong>Pablo Torre <\/strong>did the same with the Spanish U-21. <strong>Jules Kound\u00e9 and Frenkie de Jong<\/strong> did the same with France and the Netherlands, while <strong>Raphinha<\/strong>, again, made the longest trip to play with Brazil.<\/p>  <p>Of the eight Barcelona internationals called up,<strong> the only one who has not had minutes so far is Pau Cubars\u00ed<\/strong>. Luis de la Fuente did not count on him for the visit to Denmark (1-2) so as not to interfere in the healing process of his cut on his right cheek. <strong>Casad\u00f3 and Pedri, for their part, played 20 minutes and 10 minutes on Danish ground<\/strong>, respectively. For Marc, it was his official debut with La Roja.<\/p>  <h3>Kound\u00e9 and Dani Olmo continue to shine<\/h3>  <p>For now, the one who has left the best feelings during the break is Dani Olmo. On Saturday, <strong>the man from Terrassa excelled for Spain against Denmark (1-2),<\/strong> leading La Roja&#8217;s midfield with an assist to Ayoze P\u00e9rez that earned the three points in Copenhagen. The midfielder played 70 minutes, being the best on the National Team.<\/p>  <p><strong>Jules Kound\u00e9 was also a starter and played the 90 minutes against Israel (0-0)<\/strong>, a rather gray duel in a semi-empty Saint Denis where the defender once again completed a good game as a right back.<\/p>  <h3>Contrasting realities for Raphinha and Frenkie de Jong<\/h3>  <p>Bar\u00e7a&#8217;s scorers had mixed luck in their first international matches of November. Raphinha excelled with a great goal from a free kick against Venezuela (1-1), in a highly contested match that ended with a bittersweet draw for the &#8216;scratch&#8217;. <strong>Frenkie de Jong<\/strong> had less luck, who despite starting against Hungary with the Netherlands (4-0) <strong>made it clear that he is not yet physically fit to start<\/strong>.<\/p>  <p>Robert Lewandowski had also been called up by Poland for the matches against Portugal and Scotland, but f<strong>inally stayed in Barcelona to treat a back ailment<\/strong>. Without their captain, the Poles were defeated by the Portuguese (5-1).<\/p>  <h3>Pablo Torre added minutes with the U-21<\/h3>  <p>In the case of Pablo Torre, <strong>the Cantabrian played 27 minutes with the Spain U-21 against England (0-0)<\/strong>. The midfielder entered in the 63rd minute for Gabri Veiga in the duel played in C\u00e1diz. The 21-year-old player&#8217;s next opportunity with Santi Denia&#8217;s team will be next Tuesday in Albacete, against Denmark.<\/p>  <p>Bar\u00e7a also had H\u00e9ctor Fort among those called up for the November break. However, <strong>the full-back did not travel with the La Roja U-19<\/strong> due to sacrum discomfort that also left him out of the squad against Real Sociedad.<\/p> ","protected":false},"excerpt":{"rendered":"<p>A total of eight FC Barcelona players traveled with their national teams during the November break. At FCBN we review how the Barcelona internationals have fared FC Barcelona is enjoying a weekend of rest this Sunday where eight players from the squad are still in action with their national teams. Dani Olmo, Marc Casad\u00f3, Pedri [&hellip;]<\/p>\n","protected":false},"author":347,"featured_media":40576,"comment_status":"closed","ping_status":"open","sticky":false,"template":"","format":"standard","meta":{"_acf_changed":false,"inline_featured_image":false,"_nextfly_llmd_date_locked":false,"footnotes":""},"categories":[109,452],"tags":[91],"class_list":["post-40575","post","type-post","status-publish","format-standard","has-post-thumbnail","hentry","category-football","category-football-2","tag-national-teams"],"acf":[],"yoast_head":"<!-- This site is optimized with the Yoast SEO plugin v27.3 - https:\/\/yoast.com\/product\/yoast-seo-wordpress\/ -->\n<title>Kound\u00e9, Raphinha, Olmo... Bar\u00e7a&#039;s 1x1 during the national team break<\/title>\n<meta name=\"description\" content=\"A total of eight FC Barcelona players traveled with their national teams during the November break. At FCBN we review how the Barcelona internationals have fared\" \/>\n<meta name=\"robots\" content=\"index, follow, max-snippet:-1, max-image-preview:large, max-video-preview:-1\" \/>\n<link rel=\"canonical\" href=\"https:\/\/www.fcbarcelonanoticias.com\/en\/football\/kounde-raphinha-olmo-1x1-barcelona-paron-selections_308673_102.html\" \/>\n<meta property=\"og:locale\" content=\"en_US\" \/>\n<meta property=\"og:type\" content=\"article\" \/>\n<meta property=\"og:title\" content=\"Kound\u00e9, Raphinha, Olmo... Bar\u00e7a&#039;s 1x1 during the national team break\" \/>\n<meta property=\"og:description\" content=\"A total of eight FC Barcelona players traveled with their national teams during the November break. At FCBN we review how the Barcelona internationals have fared\" \/>\n<meta property=\"og:url\" content=\"https:\/\/www.fcbarcelonanoticias.com\/en\/football\/kounde-raphinha-olmo-1x1-barcelona-paron-selections_308673_102.html\" \/>\n<meta property=\"og:site_name\" content=\"EN - FC Barcelona Noticias\" \/>\n<meta property=\"article:published_time\" content=\"2024-11-17T16:04:00+00:00\" \/>\n<meta property=\"article:modified_time\" content=\"2024-11-17T23:57:00+00:00\" \/>\n<meta property=\"og:image\" content=\"https:\/\/www.fcbarcelonanoticias.com\/en\/wp-content\/uploads\/sites\/2\/2024\/11\/jules-kounde-raphinha-dani-olmo.jpeg\" \/>\n\t<meta property=\"og:image:width\" content=\"1250\" \/>\n\t<meta property=\"og:image:height\" content=\"730\" \/>\n\t<meta property=\"og:image:type\" content=\"image\/jpeg\" \/>\n<meta name=\"author\" content=\"Andr\u00e9s Quiroz\" \/>\n<meta name=\"twitter:card\" content=\"summary_large_image\" \/>\n<meta name=\"twitter:label1\" content=\"Written by\" \/>\n\t<meta name=\"twitter:data1\" content=\"Andr\u00e9s Quiroz\" \/>\n\t<meta name=\"twitter:label2\" content=\"Est. reading time\" \/>\n\t<meta name=\"twitter:data2\" content=\"2 minutes\" \/>\n<script type=\"application\/ld+json\" class=\"yoast-schema-graph\">{\"@context\":\"https:\\\/\\\/schema.org\",\"@graph\":[{\"@type\":\"Article\",\"@id\":\"https:\\\/\\\/www.fcbarcelonanoticias.com\\\/en\\\/football\\\/kounde-raphinha-olmo-1x1-barcelona-paron-selections_308673_102.html#article\",\"isPartOf\":{\"@id\":\"https:\\\/\\\/www.fcbarcelonanoticias.com\\\/en\\\/football\\\/kounde-raphinha-olmo-1x1-barcelona-paron-selections_308673_102.html\"},\"author\":{\"name\":\"Andr\u00e9s Quiroz\",\"@id\":\"https:\\\/\\\/www.fcbarcelonanoticias.com\\\/en\\\/#\\\/schema\\\/person\\\/c2cd9f6fa1af5c0d0eccd0fefa575c88\"},\"headline\":\"Kound\u00e9, Raphinha, Olmo&#8230; Bar\u00e7a&#8217;s 1&#215;1 during the national team break\",\"datePublished\":\"2024-11-17T16:04:00+00:00\",\"dateModified\":\"2024-11-17T23:57:00+00:00\",\"mainEntityOfPage\":{\"@id\":\"https:\\\/\\\/www.fcbarcelonanoticias.com\\\/en\\\/football\\\/kounde-raphinha-olmo-1x1-barcelona-paron-selections_308673_102.html\"},\"wordCount\":501,\"image\":{\"@id\":\"https:\\\/\\\/www.fcbarcelonanoticias.com\\\/en\\\/football\\\/kounde-raphinha-olmo-1x1-barcelona-paron-selections_308673_102.html#primaryimage\"},\"thumbnailUrl\":\"https:\\\/\\\/www.fcbarcelonanoticias.com\\\/en\\\/wp-content\\\/uploads\\\/sites\\\/2\\\/2024\\\/11\\\/jules-kounde-raphinha-dani-olmo.jpeg\",\"keywords\":[\"National Teams\"],\"articleSection\":[\"Football\",\"Football\"],\"inLanguage\":\"en-US\"},{\"@type\":\"WebPage\",\"@id\":\"https:\\\/\\\/www.fcbarcelonanoticias.com\\\/en\\\/football\\\/kounde-raphinha-olmo-1x1-barcelona-paron-selections_308673_102.html\",\"url\":\"https:\\\/\\\/www.fcbarcelonanoticias.com\\\/en\\\/football\\\/kounde-raphinha-olmo-1x1-barcelona-paron-selections_308673_102.html\",\"name\":\"Kound\u00e9, Raphinha, Olmo... Bar\u00e7a's 1x1 during the national team break\",\"isPartOf\":{\"@id\":\"https:\\\/\\\/www.fcbarcelonanoticias.com\\\/en\\\/#website\"},\"primaryImageOfPage\":{\"@id\":\"https:\\\/\\\/www.fcbarcelonanoticias.com\\\/en\\\/football\\\/kounde-raphinha-olmo-1x1-barcelona-paron-selections_308673_102.html#primaryimage\"},\"image\":{\"@id\":\"https:\\\/\\\/www.fcbarcelonanoticias.com\\\/en\\\/football\\\/kounde-raphinha-olmo-1x1-barcelona-paron-selections_308673_102.html#primaryimage\"},\"thumbnailUrl\":\"https:\\\/\\\/www.fcbarcelonanoticias.com\\\/en\\\/wp-content\\\/uploads\\\/sites\\\/2\\\/2024\\\/11\\\/jules-kounde-raphinha-dani-olmo.jpeg\",\"datePublished\":\"2024-11-17T16:04:00+00:00\",\"dateModified\":\"2024-11-17T23:57:00+00:00\",\"author\":{\"@id\":\"https:\\\/\\\/www.fcbarcelonanoticias.com\\\/en\\\/#\\\/schema\\\/person\\\/c2cd9f6fa1af5c0d0eccd0fefa575c88\"},\"description\":\"A total of eight FC Barcelona players traveled with their national teams during the November break. At FCBN we review how the Barcelona internationals have fared\",\"breadcrumb\":{\"@id\":\"https:\\\/\\\/www.fcbarcelonanoticias.com\\\/en\\\/football\\\/kounde-raphinha-olmo-1x1-barcelona-paron-selections_308673_102.html#breadcrumb\"},\"inLanguage\":\"en-US\",\"potentialAction\":[{\"@type\":\"ReadAction\",\"target\":[\"https:\\\/\\\/www.fcbarcelonanoticias.com\\\/en\\\/football\\\/kounde-raphinha-olmo-1x1-barcelona-paron-selections_308673_102.html\"]}]},{\"@type\":\"ImageObject\",\"inLanguage\":\"en-US\",\"@id\":\"https:\\\/\\\/www.fcbarcelonanoticias.com\\\/en\\\/football\\\/kounde-raphinha-olmo-1x1-barcelona-paron-selections_308673_102.html#primaryimage\",\"url\":\"https:\\\/\\\/www.fcbarcelonanoticias.com\\\/en\\\/wp-content\\\/uploads\\\/sites\\\/2\\\/2024\\\/11\\\/jules-kounde-raphinha-dani-olmo.jpeg\",\"contentUrl\":\"https:\\\/\\\/www.fcbarcelonanoticias.com\\\/en\\\/wp-content\\\/uploads\\\/sites\\\/2\\\/2024\\\/11\\\/jules-kounde-raphinha-dani-olmo.jpeg\",\"width\":1250,\"height\":730},{\"@type\":\"BreadcrumbList\",\"@id\":\"https:\\\/\\\/www.fcbarcelonanoticias.com\\\/en\\\/football\\\/kounde-raphinha-olmo-1x1-barcelona-paron-selections_308673_102.html#breadcrumb\",\"itemListElement\":[{\"@type\":\"ListItem\",\"position\":1,\"name\":\"Portada\",\"item\":\"https:\\\/\\\/www.fcbarcelonanoticias.com\\\/en\\\/\"},{\"@type\":\"ListItem\",\"position\":2,\"name\":\"Kound\u00e9, Raphinha, Olmo&#8230; Bar\u00e7a&#8217;s 1&#215;1 during the national team break\"}]},{\"@type\":\"WebSite\",\"@id\":\"https:\\\/\\\/www.fcbarcelonanoticias.com\\\/en\\\/#website\",\"url\":\"https:\\\/\\\/www.fcbarcelonanoticias.com\\\/en\\\/\",\"name\":\"EN - FC Barcelona Noticias\",\"description\":\"\",\"potentialAction\":[{\"@type\":\"SearchAction\",\"target\":{\"@type\":\"EntryPoint\",\"urlTemplate\":\"https:\\\/\\\/www.fcbarcelonanoticias.com\\\/en\\\/?s={search_term_string}\"},\"query-input\":{\"@type\":\"PropertyValueSpecification\",\"valueRequired\":true,\"valueName\":\"search_term_string\"}}],\"inLanguage\":\"en-US\"},{\"@type\":\"Person\",\"@id\":\"https:\\\/\\\/www.fcbarcelonanoticias.com\\\/en\\\/#\\\/schema\\\/person\\\/c2cd9f6fa1af5c0d0eccd0fefa575c88\",\"name\":\"Andr\u00e9s Quiroz\",\"image\":{\"@type\":\"ImageObject\",\"inLanguage\":\"en-US\",\"@id\":\"https:\\\/\\\/secure.gravatar.com\\\/avatar\\\/?s=96&d=mm&r=g\",\"url\":\"https:\\\/\\\/secure.gravatar.com\\\/avatar\\\/?s=96&d=mm&r=g\",\"contentUrl\":\"https:\\\/\\\/secure.gravatar.com\\\/avatar\\\/?s=96&d=mm&r=g\",\"caption\":\"Andr\u00e9s Quiroz\"},\"description\":\"Licenciado en Periodismo por la Universidad de los Andes. Me encargo de analizar y compartir los contenidos m\u00e1s destacados de la\u00a0actualidad del F\u00fatbol Club Barcelona, Mercado de Fichajes y F\u00fatbol Internacional en FCBN. La informaci\u00f3n es poder, pero tambi\u00e9n conocimiento.\",\"url\":\"https:\\\/\\\/www.fcbarcelonanoticias.com\\\/en\\\/fc-barcelona\\\/andres-quiroz_17_115.html\"}]}<\/script>\n<!-- \/ Yoast SEO plugin. -->","yoast_head_json":{"title":"Kound\u00e9, Raphinha, Olmo... Bar\u00e7a's 1x1 during the national team break","description":"A total of eight FC Barcelona players traveled with their national teams during the November break. At FCBN we review how the Barcelona internationals have fared","robots":{"index":"index","follow":"follow","max-snippet":"max-snippet:-1","max-image-preview":"max-image-preview:large","max-video-preview":"max-video-preview:-1"},"canonical":"https:\/\/www.fcbarcelonanoticias.com\/en\/football\/kounde-raphinha-olmo-1x1-barcelona-paron-selections_308673_102.html","og_locale":"en_US","og_type":"article","og_title":"Kound\u00e9, Raphinha, Olmo... Bar\u00e7a's 1x1 during the national team break","og_description":"A total of eight FC Barcelona players traveled with their national teams during the November break. At FCBN we review how the Barcelona internationals have fared","og_url":"https:\/\/www.fcbarcelonanoticias.com\/en\/football\/kounde-raphinha-olmo-1x1-barcelona-paron-selections_308673_102.html","og_site_name":"EN - FC Barcelona Noticias","article_published_time":"2024-11-17T16:04:00+00:00","article_modified_time":"2024-11-17T23:57:00+00:00","og_image":[{"width":1250,"height":730,"url":"https:\/\/www.fcbarcelonanoticias.com\/en\/wp-content\/uploads\/sites\/2\/2024\/11\/jules-kounde-raphinha-dani-olmo.jpeg","type":"image\/jpeg"}],"author":"Andr\u00e9s Quiroz","twitter_card":"summary_large_image","twitter_misc":{"Written by":"Andr\u00e9s Quiroz","Est. reading time":"2 minutes"},"schema":{"@context":"https:\/\/schema.org","@graph":[{"@type":"Article","@id":"https:\/\/www.fcbarcelonanoticias.com\/en\/football\/kounde-raphinha-olmo-1x1-barcelona-paron-selections_308673_102.html#article","isPartOf":{"@id":"https:\/\/www.fcbarcelonanoticias.com\/en\/football\/kounde-raphinha-olmo-1x1-barcelona-paron-selections_308673_102.html"},"author":{"name":"Andr\u00e9s Quiroz","@id":"https:\/\/www.fcbarcelonanoticias.com\/en\/#\/schema\/person\/c2cd9f6fa1af5c0d0eccd0fefa575c88"},"headline":"Kound\u00e9, Raphinha, Olmo&#8230; Bar\u00e7a&#8217;s 1&#215;1 during the national team break","datePublished":"2024-11-17T16:04:00+00:00","dateModified":"2024-11-17T23:57:00+00:00","mainEntityOfPage":{"@id":"https:\/\/www.fcbarcelonanoticias.com\/en\/football\/kounde-raphinha-olmo-1x1-barcelona-paron-selections_308673_102.html"},"wordCount":501,"image":{"@id":"https:\/\/www.fcbarcelonanoticias.com\/en\/football\/kounde-raphinha-olmo-1x1-barcelona-paron-selections_308673_102.html#primaryimage"},"thumbnailUrl":"https:\/\/www.fcbarcelonanoticias.com\/en\/wp-content\/uploads\/sites\/2\/2024\/11\/jules-kounde-raphinha-dani-olmo.jpeg","keywords":["National Teams"],"articleSection":["Football","Football"],"inLanguage":"en-US"},{"@type":"WebPage","@id":"https:\/\/www.fcbarcelonanoticias.com\/en\/football\/kounde-raphinha-olmo-1x1-barcelona-paron-selections_308673_102.html","url":"https:\/\/www.fcbarcelonanoticias.com\/en\/football\/kounde-raphinha-olmo-1x1-barcelona-paron-selections_308673_102.html","name":"Kound\u00e9, Raphinha, Olmo... Bar\u00e7a's 1x1 during the national team break","isPartOf":{"@id":"https:\/\/www.fcbarcelonanoticias.com\/en\/#website"},"primaryImageOfPage":{"@id":"https:\/\/www.fcbarcelonanoticias.com\/en\/football\/kounde-raphinha-olmo-1x1-barcelona-paron-selections_308673_102.html#primaryimage"},"image":{"@id":"https:\/\/www.fcbarcelonanoticias.com\/en\/football\/kounde-raphinha-olmo-1x1-barcelona-paron-selections_308673_102.html#primaryimage"},"thumbnailUrl":"https:\/\/www.fcbarcelonanoticias.com\/en\/wp-content\/uploads\/sites\/2\/2024\/11\/jules-kounde-raphinha-dani-olmo.jpeg","datePublished":"2024-11-17T16:04:00+00:00","dateModified":"2024-11-17T23:57:00+00:00","author":{"@id":"https:\/\/www.fcbarcelonanoticias.com\/en\/#\/schema\/person\/c2cd9f6fa1af5c0d0eccd0fefa575c88"},"description":"A total of eight FC Barcelona players traveled with their national teams during the November break. At FCBN we review how the Barcelona internationals have fared","breadcrumb":{"@id":"https:\/\/www.fcbarcelonanoticias.com\/en\/football\/kounde-raphinha-olmo-1x1-barcelona-paron-selections_308673_102.html#breadcrumb"},"inLanguage":"en-US","potentialAction":[{"@type":"ReadAction","target":["https:\/\/www.fcbarcelonanoticias.com\/en\/football\/kounde-raphinha-olmo-1x1-barcelona-paron-selections_308673_102.html"]}]},{"@type":"ImageObject","inLanguage":"en-US","@id":"https:\/\/www.fcbarcelonanoticias.com\/en\/football\/kounde-raphinha-olmo-1x1-barcelona-paron-selections_308673_102.html#primaryimage","url":"https:\/\/www.fcbarcelonanoticias.com\/en\/wp-content\/uploads\/sites\/2\/2024\/11\/jules-kounde-raphinha-dani-olmo.jpeg","contentUrl":"https:\/\/www.fcbarcelonanoticias.com\/en\/wp-content\/uploads\/sites\/2\/2024\/11\/jules-kounde-raphinha-dani-olmo.jpeg","width":1250,"height":730},{"@type":"BreadcrumbList","@id":"https:\/\/www.fcbarcelonanoticias.com\/en\/football\/kounde-raphinha-olmo-1x1-barcelona-paron-selections_308673_102.html#breadcrumb","itemListElement":[{"@type":"ListItem","position":1,"name":"Portada","item":"https:\/\/www.fcbarcelonanoticias.com\/en\/"},{"@type":"ListItem","position":2,"name":"Kound\u00e9, Raphinha, Olmo&#8230; Bar\u00e7a&#8217;s 1&#215;1 during the national team break"}]},{"@type":"WebSite","@id":"https:\/\/www.fcbarcelonanoticias.com\/en\/#website","url":"https:\/\/www.fcbarcelonanoticias.com\/en\/","name":"EN - FC Barcelona Noticias","description":"","potentialAction":[{"@type":"SearchAction","target":{"@type":"EntryPoint","urlTemplate":"https:\/\/www.fcbarcelonanoticias.com\/en\/?s={search_term_string}"},"query-input":{"@type":"PropertyValueSpecification","valueRequired":true,"valueName":"search_term_string"}}],"inLanguage":"en-US"},{"@type":"Person","@id":"https:\/\/www.fcbarcelonanoticias.com\/en\/#\/schema\/person\/c2cd9f6fa1af5c0d0eccd0fefa575c88","name":"Andr\u00e9s Quiroz","image":{"@type":"ImageObject","inLanguage":"en-US","@id":"https:\/\/secure.gravatar.com\/avatar\/?s=96&d=mm&r=g","url":"https:\/\/secure.gravatar.com\/avatar\/?s=96&d=mm&r=g","contentUrl":"https:\/\/secure.gravatar.com\/avatar\/?s=96&d=mm&r=g","caption":"Andr\u00e9s Quiroz"},"description":"Licenciado en Periodismo por la Universidad de los Andes. Me encargo de analizar y compartir los contenidos m\u00e1s destacados de la\u00a0actualidad del F\u00fatbol Club Barcelona, Mercado de Fichajes y F\u00fatbol Internacional en FCBN. La informaci\u00f3n es poder, pero tambi\u00e9n conocimiento.","url":"https:\/\/www.fcbarcelonanoticias.com\/en\/fc-barcelona\/andres-quiroz_17_115.html"}]}},"_links":{"self":[{"href":"https:\/\/www.fcbarcelonanoticias.com\/en\/wp-json\/wp\/v2\/posts\/40575","targetHints":{"allow":["GET"]}}],"collection":[{"href":"https:\/\/www.fcbarcelonanoticias.com\/en\/wp-json\/wp\/v2\/posts"}],"about":[{"href":"https:\/\/www.fcbarcelonanoticias.com\/en\/wp-json\/wp\/v2\/types\/post"}],"author":[{"embeddable":true,"href":"https:\/\/www.fcbarcelonanoticias.com\/en\/wp-json\/wp\/v2\/users\/347"}],"replies":[{"embeddable":true,"href":"https:\/\/www.fcbarcelonanoticias.com\/en\/wp-json\/wp\/v2\/comments?post=40575"}],"version-history":[{"count":1,"href":"https:\/\/www.fcbarcelonanoticias.com\/en\/wp-json\/wp\/v2\/posts\/40575\/revisions"}],"predecessor-version":[{"id":111392,"href":"https:\/\/www.fcbarcelonanoticias.com\/en\/wp-json\/wp\/v2\/posts\/40575\/revisions\/111392"}],"wp:featuredmedia":[{"embeddable":true,"href":"https:\/\/www.fcbarcelonanoticias.com\/en\/wp-json\/wp\/v2\/media\/40576"}],"wp:attachment":[{"href":"https:\/\/www.fcbarcelonanoticias.com\/en\/wp-json\/wp\/v2\/media?parent=40575"}],"wp:term":[{"taxonomy":"category","embeddable":true,"href":"https:\/\/www.fcbarcelonanoticias.com\/en\/wp-json\/wp\/v2\/categories?post=40575"},{"taxonomy":"post_tag","embeddable":true,"href":"https:\/\/www.fcbarcelonanoticias.com\/en\/wp-json\/wp\/v2\/tags?post=40575"}],"curies":[{"name":"wp","href":"https:\/\/api.w.org\/{rel}","templated":true}]}}