{"id":4067,"date":"2024-12-10T22:28:00","date_gmt":"2024-12-10T21:28:00","guid":{"rendered":"https:\/\/weisetech.dev\/fc-barcelona-noticias\/en\/the-drama-of-mbappe-at-madrid-continues-injury-against-atalanta_309214_102\/"},"modified":"2024-12-10T22:28:00","modified_gmt":"2024-12-10T21:28:00","slug":"the-drama-of-mbappe-at-madrid-continues-injury-against-atalanta_309214_102","status":"publish","type":"post","link":"https:\/\/www.fcbarcelonanoticias.com\/en\/champions-league\/the-drama-of-mbappe-at-madrid-continues-injury-against-atalanta_309214_102.html","title":{"rendered":"The drama of Mbapp\u00e9 at Madrid continues: injury against Atalanta?"},"content":{"rendered":"<h2 class=\"wp-block-heading\">Kylian Mbapp\u00e9 has once again raised alarms in the Real Madrid infirmary. Against Atalanta, the player from Bondy scored a stunning goal but left injured in the 35th minute.<\/h2>  \r\n<div class=\"article-addons\">\r\n    <a href=\"https:\/\/www.fcbarcelonanoticias.com\/en\/calendar-fc-barcelona.html\"\r\n       target=\"_self\"\r\n       title=\"Calendar of FC Barcelona\"\r\n       class=\"blue-gredient-btn\">\r\n       \r\n        Calendar of FC Barcelona    <\/a>\r\n<\/div>   <p>The drama of Kylian Mbapp\u00e9 in his first season with Real Madrid seems to have no end. <strong>On Tuesday, <a data-external=\"0\" data-intl-links-en=\"https:\/\/www.fcbarcelonanoticias.com\/en\/tags\/mbappe\" data-intl-links-es=\"https:\/\/www.fcbarcelonanoticias.com\/tags\/mbappe\" href=\"https:\/\/www.fcbarcelonanoticias.com\/en\/tags\/mbappe.html\" rel=\"follow\" target=\"_self\" title=\"Mbapp\u00e9\">the player from Bondy<\/a> left before halftime due to a muscle strain<\/strong> that could leave him &#8216;KO&#8217; for the last three matches of the year, including the final of the Intercontinental Cup next week.<\/p>  <p>After half an hour of play, <strong>the French international felt a pull in the back of his left thigh and lay down on the grass<\/strong>. The Madrid doctors tried to recover him, but Carlo Ancelotti had no choice but to substitute Rodrygo Goes for the Frenchman. The former Paris Saint-Germain forward, however, walked off on his own towards the locker room.<\/p>  <h3>Mbapp\u00e9 got injured in his best first half with Madrid<\/h3>  <p>Before asking to be substituted, the &#8216;9&#8217; was by far the best of the &#8216;merengues&#8217;. With Vinicius Jr. far from his best version, <strong>the player from Bondy carried the offensive weight for Madrid<\/strong>, very active on the right and combining with Brahim D\u00edaz to create danger all across the front of the area.<\/p>  <p>In the &#8217;10&#8217;, Kylian opened the scoring after a good assist from D\u00edaz that paved the way for him to, after a controlled touch, leave his marker behind and finish low past the local goalkeeper. In total, <strong>Mbapp\u00e9 completed 10 passes out of 11 attempts, with 3 shots on goal and one foul received<\/strong>. By far, it was his best first half of the season in the Champions League with Madrid.<\/p>  <p>Now, Carlo Ancelotti and his players will wait for the official medical report on &#8216;Kiki&#8217;, who <strong>could miss the match next Saturday in Vallecas against Rayo<\/strong>. The whites will travel to Qatar next week to play the final of the Intercontinental Cup. Afterwards, they will close 2024 at home against Sevilla on Sunday the 22nd.<\/p> ","protected":false},"excerpt":{"rendered":"<p>Kylian Mbapp\u00e9 has once again raised alarms in the Real Madrid infirmary. Against Atalanta, the player from Bondy scored a stunning goal but left injured in the 35th minute. The drama of Kylian Mbapp\u00e9 in his first season with Real Madrid seems to have no end. On Tuesday, the player from Bondy left before halftime [&hellip;]<\/p>\n","protected":false},"author":347,"featured_media":2419,"comment_status":"closed","ping_status":"open","sticky":false,"template":"","format":"standard","meta":{"_acf_changed":false,"inline_featured_image":false,"_nextfly_llmd_date_locked":false,"footnotes":""},"categories":[447,112],"tags":[136,171],"class_list":["post-4067","post","type-post","status-publish","format-standard","has-post-thumbnail","hentry","category-champions-league-2","category-champions-league","tag-injured","tag-mbappe"],"acf":[],"yoast_head":"<!-- This site is optimized with the Yoast SEO plugin v27.3 - https:\/\/yoast.com\/product\/yoast-seo-wordpress\/ -->\n<title>The drama of Mbapp\u00e9 at Madrid continues: injury against Atalanta?<\/title>\n<meta name=\"description\" content=\"Kylian Mbapp\u00e9 has once again raised alarms in the Real Madrid infirmary. Against Atalanta, the player from Bondy scored a stunning goal but left injured in the 35th minute.\" \/>\n<meta name=\"robots\" content=\"index, follow, max-snippet:-1, max-image-preview:large, max-video-preview:-1\" \/>\n<link rel=\"canonical\" href=\"https:\/\/www.fcbarcelonanoticias.com\/en\/champions-league\/the-drama-of-mbappe-at-madrid-continues-injury-against-atalanta_309214_102.html\" \/>\n<meta property=\"og:locale\" content=\"en_US\" \/>\n<meta property=\"og:type\" content=\"article\" \/>\n<meta property=\"og:title\" content=\"The drama of Mbapp\u00e9 at Madrid continues: injury against Atalanta?\" \/>\n<meta property=\"og:description\" content=\"Kylian Mbapp\u00e9 has once again raised alarms in the Real Madrid infirmary. Against Atalanta, the player from Bondy scored a stunning goal but left injured in the 35th minute.\" \/>\n<meta property=\"og:url\" content=\"https:\/\/www.fcbarcelonanoticias.com\/en\/champions-league\/the-drama-of-mbappe-at-madrid-continues-injury-against-atalanta_309214_102.html\" \/>\n<meta property=\"og:site_name\" content=\"EN - FC Barcelona Noticias\" \/>\n<meta property=\"article:published_time\" content=\"2024-12-10T21:28:00+00:00\" \/>\n<meta property=\"og:image\" content=\"https:\/\/www.fcbarcelonanoticias.com\/en\/wp-content\/uploads\/sites\/2\/2024\/12\/mbappe-v-atalanta-scaled.jpeg\" \/>\n\t<meta property=\"og:image:width\" content=\"2560\" \/>\n\t<meta property=\"og:image:height\" content=\"1657\" \/>\n\t<meta property=\"og:image:type\" content=\"image\/jpeg\" \/>\n<meta name=\"author\" content=\"Andr\u00e9s Quiroz\" \/>\n<meta name=\"twitter:card\" content=\"summary_large_image\" \/>\n<meta name=\"twitter:label1\" content=\"Written by\" \/>\n\t<meta name=\"twitter:data1\" content=\"Andr\u00e9s Quiroz\" \/>\n\t<meta name=\"twitter:label2\" content=\"Est. reading time\" \/>\n\t<meta name=\"twitter:data2\" content=\"2 minutes\" \/>\n<script type=\"application\/ld+json\" class=\"yoast-schema-graph\">{\"@context\":\"https:\\\/\\\/schema.org\",\"@graph\":[{\"@type\":\"Article\",\"@id\":\"https:\\\/\\\/www.fcbarcelonanoticias.com\\\/en\\\/champions-league\\\/the-drama-of-mbappe-at-madrid-continues-injury-against-atalanta_309214_102.html#article\",\"isPartOf\":{\"@id\":\"https:\\\/\\\/www.fcbarcelonanoticias.com\\\/en\\\/champions-league\\\/the-drama-of-mbappe-at-madrid-continues-injury-against-atalanta_309214_102.html\"},\"author\":{\"name\":\"Andr\u00e9s Quiroz\",\"@id\":\"https:\\\/\\\/www.fcbarcelonanoticias.com\\\/en\\\/#\\\/schema\\\/person\\\/c2cd9f6fa1af5c0d0eccd0fefa575c88\"},\"headline\":\"The drama of Mbapp\u00e9 at Madrid continues: injury against Atalanta?\",\"datePublished\":\"2024-12-10T21:28:00+00:00\",\"mainEntityOfPage\":{\"@id\":\"https:\\\/\\\/www.fcbarcelonanoticias.com\\\/en\\\/champions-league\\\/the-drama-of-mbappe-at-madrid-continues-injury-against-atalanta_309214_102.html\"},\"wordCount\":338,\"image\":{\"@id\":\"https:\\\/\\\/www.fcbarcelonanoticias.com\\\/en\\\/champions-league\\\/the-drama-of-mbappe-at-madrid-continues-injury-against-atalanta_309214_102.html#primaryimage\"},\"thumbnailUrl\":\"https:\\\/\\\/www.fcbarcelonanoticias.com\\\/en\\\/wp-content\\\/uploads\\\/sites\\\/2\\\/2024\\\/12\\\/mbappe-v-atalanta-scaled.jpeg\",\"keywords\":[\"injured\",\"Mbapp\u00e9\"],\"articleSection\":[\"Champions League\",\"Champions League\"],\"inLanguage\":\"en-US\"},{\"@type\":\"WebPage\",\"@id\":\"https:\\\/\\\/www.fcbarcelonanoticias.com\\\/en\\\/champions-league\\\/the-drama-of-mbappe-at-madrid-continues-injury-against-atalanta_309214_102.html\",\"url\":\"https:\\\/\\\/www.fcbarcelonanoticias.com\\\/en\\\/champions-league\\\/the-drama-of-mbappe-at-madrid-continues-injury-against-atalanta_309214_102.html\",\"name\":\"The drama of Mbapp\u00e9 at Madrid continues: injury against Atalanta?\",\"isPartOf\":{\"@id\":\"https:\\\/\\\/www.fcbarcelonanoticias.com\\\/en\\\/#website\"},\"primaryImageOfPage\":{\"@id\":\"https:\\\/\\\/www.fcbarcelonanoticias.com\\\/en\\\/champions-league\\\/the-drama-of-mbappe-at-madrid-continues-injury-against-atalanta_309214_102.html#primaryimage\"},\"image\":{\"@id\":\"https:\\\/\\\/www.fcbarcelonanoticias.com\\\/en\\\/champions-league\\\/the-drama-of-mbappe-at-madrid-continues-injury-against-atalanta_309214_102.html#primaryimage\"},\"thumbnailUrl\":\"https:\\\/\\\/www.fcbarcelonanoticias.com\\\/en\\\/wp-content\\\/uploads\\\/sites\\\/2\\\/2024\\\/12\\\/mbappe-v-atalanta-scaled.jpeg\",\"datePublished\":\"2024-12-10T21:28:00+00:00\",\"author\":{\"@id\":\"https:\\\/\\\/www.fcbarcelonanoticias.com\\\/en\\\/#\\\/schema\\\/person\\\/c2cd9f6fa1af5c0d0eccd0fefa575c88\"},\"description\":\"Kylian Mbapp\u00e9 has once again raised alarms in the Real Madrid infirmary. Against Atalanta, the player from Bondy scored a stunning goal but left injured in the 35th minute.\",\"breadcrumb\":{\"@id\":\"https:\\\/\\\/www.fcbarcelonanoticias.com\\\/en\\\/champions-league\\\/the-drama-of-mbappe-at-madrid-continues-injury-against-atalanta_309214_102.html#breadcrumb\"},\"inLanguage\":\"en-US\",\"potentialAction\":[{\"@type\":\"ReadAction\",\"target\":[\"https:\\\/\\\/www.fcbarcelonanoticias.com\\\/en\\\/champions-league\\\/the-drama-of-mbappe-at-madrid-continues-injury-against-atalanta_309214_102.html\"]}]},{\"@type\":\"ImageObject\",\"inLanguage\":\"en-US\",\"@id\":\"https:\\\/\\\/www.fcbarcelonanoticias.com\\\/en\\\/champions-league\\\/the-drama-of-mbappe-at-madrid-continues-injury-against-atalanta_309214_102.html#primaryimage\",\"url\":\"https:\\\/\\\/www.fcbarcelonanoticias.com\\\/en\\\/wp-content\\\/uploads\\\/sites\\\/2\\\/2024\\\/12\\\/mbappe-v-atalanta-scaled.jpeg\",\"contentUrl\":\"https:\\\/\\\/www.fcbarcelonanoticias.com\\\/en\\\/wp-content\\\/uploads\\\/sites\\\/2\\\/2024\\\/12\\\/mbappe-v-atalanta-scaled.jpeg\",\"width\":2560,\"height\":1657},{\"@type\":\"BreadcrumbList\",\"@id\":\"https:\\\/\\\/www.fcbarcelonanoticias.com\\\/en\\\/champions-league\\\/the-drama-of-mbappe-at-madrid-continues-injury-against-atalanta_309214_102.html#breadcrumb\",\"itemListElement\":[{\"@type\":\"ListItem\",\"position\":1,\"name\":\"Portada\",\"item\":\"https:\\\/\\\/www.fcbarcelonanoticias.com\\\/en\\\/\"},{\"@type\":\"ListItem\",\"position\":2,\"name\":\"The drama of Mbapp\u00e9 at Madrid continues: injury against Atalanta?\"}]},{\"@type\":\"WebSite\",\"@id\":\"https:\\\/\\\/www.fcbarcelonanoticias.com\\\/en\\\/#website\",\"url\":\"https:\\\/\\\/www.fcbarcelonanoticias.com\\\/en\\\/\",\"name\":\"EN - FC Barcelona Noticias\",\"description\":\"\",\"potentialAction\":[{\"@type\":\"SearchAction\",\"target\":{\"@type\":\"EntryPoint\",\"urlTemplate\":\"https:\\\/\\\/www.fcbarcelonanoticias.com\\\/en\\\/?s={search_term_string}\"},\"query-input\":{\"@type\":\"PropertyValueSpecification\",\"valueRequired\":true,\"valueName\":\"search_term_string\"}}],\"inLanguage\":\"en-US\"},{\"@type\":\"Person\",\"@id\":\"https:\\\/\\\/www.fcbarcelonanoticias.com\\\/en\\\/#\\\/schema\\\/person\\\/c2cd9f6fa1af5c0d0eccd0fefa575c88\",\"name\":\"Andr\u00e9s Quiroz\",\"image\":{\"@type\":\"ImageObject\",\"inLanguage\":\"en-US\",\"@id\":\"https:\\\/\\\/secure.gravatar.com\\\/avatar\\\/?s=96&d=mm&r=g\",\"url\":\"https:\\\/\\\/secure.gravatar.com\\\/avatar\\\/?s=96&d=mm&r=g\",\"contentUrl\":\"https:\\\/\\\/secure.gravatar.com\\\/avatar\\\/?s=96&d=mm&r=g\",\"caption\":\"Andr\u00e9s Quiroz\"},\"description\":\"Licenciado en Periodismo por la Universidad de los Andes. Me encargo de analizar y compartir los contenidos m\u00e1s destacados de la\u00a0actualidad del F\u00fatbol Club Barcelona, Mercado de Fichajes y F\u00fatbol Internacional en FCBN. La informaci\u00f3n es poder, pero tambi\u00e9n conocimiento.\",\"url\":\"https:\\\/\\\/www.fcbarcelonanoticias.com\\\/en\\\/fc-barcelona\\\/andres-quiroz_17_115.html\"}]}<\/script>\n<!-- \/ Yoast SEO plugin. -->","yoast_head_json":{"title":"The drama of Mbapp\u00e9 at Madrid continues: injury against Atalanta?","description":"Kylian Mbapp\u00e9 has once again raised alarms in the Real Madrid infirmary. Against Atalanta, the player from Bondy scored a stunning goal but left injured in the 35th minute.","robots":{"index":"index","follow":"follow","max-snippet":"max-snippet:-1","max-image-preview":"max-image-preview:large","max-video-preview":"max-video-preview:-1"},"canonical":"https:\/\/www.fcbarcelonanoticias.com\/en\/champions-league\/the-drama-of-mbappe-at-madrid-continues-injury-against-atalanta_309214_102.html","og_locale":"en_US","og_type":"article","og_title":"The drama of Mbapp\u00e9 at Madrid continues: injury against Atalanta?","og_description":"Kylian Mbapp\u00e9 has once again raised alarms in the Real Madrid infirmary. Against Atalanta, the player from Bondy scored a stunning goal but left injured in the 35th minute.","og_url":"https:\/\/www.fcbarcelonanoticias.com\/en\/champions-league\/the-drama-of-mbappe-at-madrid-continues-injury-against-atalanta_309214_102.html","og_site_name":"EN - FC Barcelona Noticias","article_published_time":"2024-12-10T21:28:00+00:00","og_image":[{"width":2560,"height":1657,"url":"https:\/\/www.fcbarcelonanoticias.com\/en\/wp-content\/uploads\/sites\/2\/2024\/12\/mbappe-v-atalanta-scaled.jpeg","type":"image\/jpeg"}],"author":"Andr\u00e9s Quiroz","twitter_card":"summary_large_image","twitter_misc":{"Written by":"Andr\u00e9s Quiroz","Est. reading time":"2 minutes"},"schema":{"@context":"https:\/\/schema.org","@graph":[{"@type":"Article","@id":"https:\/\/www.fcbarcelonanoticias.com\/en\/champions-league\/the-drama-of-mbappe-at-madrid-continues-injury-against-atalanta_309214_102.html#article","isPartOf":{"@id":"https:\/\/www.fcbarcelonanoticias.com\/en\/champions-league\/the-drama-of-mbappe-at-madrid-continues-injury-against-atalanta_309214_102.html"},"author":{"name":"Andr\u00e9s Quiroz","@id":"https:\/\/www.fcbarcelonanoticias.com\/en\/#\/schema\/person\/c2cd9f6fa1af5c0d0eccd0fefa575c88"},"headline":"The drama of Mbapp\u00e9 at Madrid continues: injury against Atalanta?","datePublished":"2024-12-10T21:28:00+00:00","mainEntityOfPage":{"@id":"https:\/\/www.fcbarcelonanoticias.com\/en\/champions-league\/the-drama-of-mbappe-at-madrid-continues-injury-against-atalanta_309214_102.html"},"wordCount":338,"image":{"@id":"https:\/\/www.fcbarcelonanoticias.com\/en\/champions-league\/the-drama-of-mbappe-at-madrid-continues-injury-against-atalanta_309214_102.html#primaryimage"},"thumbnailUrl":"https:\/\/www.fcbarcelonanoticias.com\/en\/wp-content\/uploads\/sites\/2\/2024\/12\/mbappe-v-atalanta-scaled.jpeg","keywords":["injured","Mbapp\u00e9"],"articleSection":["Champions League","Champions League"],"inLanguage":"en-US"},{"@type":"WebPage","@id":"https:\/\/www.fcbarcelonanoticias.com\/en\/champions-league\/the-drama-of-mbappe-at-madrid-continues-injury-against-atalanta_309214_102.html","url":"https:\/\/www.fcbarcelonanoticias.com\/en\/champions-league\/the-drama-of-mbappe-at-madrid-continues-injury-against-atalanta_309214_102.html","name":"The drama of Mbapp\u00e9 at Madrid continues: injury against Atalanta?","isPartOf":{"@id":"https:\/\/www.fcbarcelonanoticias.com\/en\/#website"},"primaryImageOfPage":{"@id":"https:\/\/www.fcbarcelonanoticias.com\/en\/champions-league\/the-drama-of-mbappe-at-madrid-continues-injury-against-atalanta_309214_102.html#primaryimage"},"image":{"@id":"https:\/\/www.fcbarcelonanoticias.com\/en\/champions-league\/the-drama-of-mbappe-at-madrid-continues-injury-against-atalanta_309214_102.html#primaryimage"},"thumbnailUrl":"https:\/\/www.fcbarcelonanoticias.com\/en\/wp-content\/uploads\/sites\/2\/2024\/12\/mbappe-v-atalanta-scaled.jpeg","datePublished":"2024-12-10T21:28:00+00:00","author":{"@id":"https:\/\/www.fcbarcelonanoticias.com\/en\/#\/schema\/person\/c2cd9f6fa1af5c0d0eccd0fefa575c88"},"description":"Kylian Mbapp\u00e9 has once again raised alarms in the Real Madrid infirmary. Against Atalanta, the player from Bondy scored a stunning goal but left injured in the 35th minute.","breadcrumb":{"@id":"https:\/\/www.fcbarcelonanoticias.com\/en\/champions-league\/the-drama-of-mbappe-at-madrid-continues-injury-against-atalanta_309214_102.html#breadcrumb"},"inLanguage":"en-US","potentialAction":[{"@type":"ReadAction","target":["https:\/\/www.fcbarcelonanoticias.com\/en\/champions-league\/the-drama-of-mbappe-at-madrid-continues-injury-against-atalanta_309214_102.html"]}]},{"@type":"ImageObject","inLanguage":"en-US","@id":"https:\/\/www.fcbarcelonanoticias.com\/en\/champions-league\/the-drama-of-mbappe-at-madrid-continues-injury-against-atalanta_309214_102.html#primaryimage","url":"https:\/\/www.fcbarcelonanoticias.com\/en\/wp-content\/uploads\/sites\/2\/2024\/12\/mbappe-v-atalanta-scaled.jpeg","contentUrl":"https:\/\/www.fcbarcelonanoticias.com\/en\/wp-content\/uploads\/sites\/2\/2024\/12\/mbappe-v-atalanta-scaled.jpeg","width":2560,"height":1657},{"@type":"BreadcrumbList","@id":"https:\/\/www.fcbarcelonanoticias.com\/en\/champions-league\/the-drama-of-mbappe-at-madrid-continues-injury-against-atalanta_309214_102.html#breadcrumb","itemListElement":[{"@type":"ListItem","position":1,"name":"Portada","item":"https:\/\/www.fcbarcelonanoticias.com\/en\/"},{"@type":"ListItem","position":2,"name":"The drama of Mbapp\u00e9 at Madrid continues: injury against Atalanta?"}]},{"@type":"WebSite","@id":"https:\/\/www.fcbarcelonanoticias.com\/en\/#website","url":"https:\/\/www.fcbarcelonanoticias.com\/en\/","name":"EN - FC Barcelona Noticias","description":"","potentialAction":[{"@type":"SearchAction","target":{"@type":"EntryPoint","urlTemplate":"https:\/\/www.fcbarcelonanoticias.com\/en\/?s={search_term_string}"},"query-input":{"@type":"PropertyValueSpecification","valueRequired":true,"valueName":"search_term_string"}}],"inLanguage":"en-US"},{"@type":"Person","@id":"https:\/\/www.fcbarcelonanoticias.com\/en\/#\/schema\/person\/c2cd9f6fa1af5c0d0eccd0fefa575c88","name":"Andr\u00e9s Quiroz","image":{"@type":"ImageObject","inLanguage":"en-US","@id":"https:\/\/secure.gravatar.com\/avatar\/?s=96&d=mm&r=g","url":"https:\/\/secure.gravatar.com\/avatar\/?s=96&d=mm&r=g","contentUrl":"https:\/\/secure.gravatar.com\/avatar\/?s=96&d=mm&r=g","caption":"Andr\u00e9s Quiroz"},"description":"Licenciado en Periodismo por la Universidad de los Andes. Me encargo de analizar y compartir los contenidos m\u00e1s destacados de la\u00a0actualidad del F\u00fatbol Club Barcelona, Mercado de Fichajes y F\u00fatbol Internacional en FCBN. La informaci\u00f3n es poder, pero tambi\u00e9n conocimiento.","url":"https:\/\/www.fcbarcelonanoticias.com\/en\/fc-barcelona\/andres-quiroz_17_115.html"}]}},"_links":{"self":[{"href":"https:\/\/www.fcbarcelonanoticias.com\/en\/wp-json\/wp\/v2\/posts\/4067","targetHints":{"allow":["GET"]}}],"collection":[{"href":"https:\/\/www.fcbarcelonanoticias.com\/en\/wp-json\/wp\/v2\/posts"}],"about":[{"href":"https:\/\/www.fcbarcelonanoticias.com\/en\/wp-json\/wp\/v2\/types\/post"}],"author":[{"embeddable":true,"href":"https:\/\/www.fcbarcelonanoticias.com\/en\/wp-json\/wp\/v2\/users\/347"}],"replies":[{"embeddable":true,"href":"https:\/\/www.fcbarcelonanoticias.com\/en\/wp-json\/wp\/v2\/comments?post=4067"}],"version-history":[{"count":1,"href":"https:\/\/www.fcbarcelonanoticias.com\/en\/wp-json\/wp\/v2\/posts\/4067\/revisions"}],"predecessor-version":[{"id":101009,"href":"https:\/\/www.fcbarcelonanoticias.com\/en\/wp-json\/wp\/v2\/posts\/4067\/revisions\/101009"}],"wp:featuredmedia":[{"embeddable":true,"href":"https:\/\/www.fcbarcelonanoticias.com\/en\/wp-json\/wp\/v2\/media\/2419"}],"wp:attachment":[{"href":"https:\/\/www.fcbarcelonanoticias.com\/en\/wp-json\/wp\/v2\/media?parent=4067"}],"wp:term":[{"taxonomy":"category","embeddable":true,"href":"https:\/\/www.fcbarcelonanoticias.com\/en\/wp-json\/wp\/v2\/categories?post=4067"},{"taxonomy":"post_tag","embeddable":true,"href":"https:\/\/www.fcbarcelonanoticias.com\/en\/wp-json\/wp\/v2\/tags?post=4067"}],"curies":[{"name":"wp","href":"https:\/\/api.w.org\/{rel}","templated":true}]}}