{"id":40891,"date":"2024-09-12T02:51:00","date_gmt":"2024-09-12T00:51:00","guid":{"rendered":"https:\/\/weisetech.dev\/fc-barcelona-noticias\/en\/lamine-lewandowski-kounde-1x1-internacionales-barca-during-break_307225_102\/"},"modified":"2024-09-12T02:51:00","modified_gmt":"2024-09-12T00:51:00","slug":"lamine-lewandowski-kounde-1x1-internacionales-barca-during-break_307225_102","status":"publish","type":"post","link":"https:\/\/www.fcbarcelonanoticias.com\/en\/football\/lamine-lewandowski-kounde-1x1-internacionales-barca-during-break_307225_102.html","title":{"rendered":"Lamine, Lewandowski, Kound\u00e9&#8230; The 1&#215;1 of the Bar\u00e7a internationals during the break"},"content":{"rendered":"<h2 class=\"wp-block-heading\">This Thursday, FC Barcelona will recover the internationals who saw action during the FIFA double date in September. Nine first team players had minutes during the break and, luckily, they all returned without physical problems<\/h2>  \r\n<div class=\"article-addons\">\r\n    <a href=\"https:\/\/www.fcbarcelonanoticias.com\/en\/calendar-fc-barcelona.html\"\r\n       target=\"_self\"\r\n       title=\"Calendar of FC Barcelona\"\r\n       class=\"blue-gredient-btn\">\r\n       \r\n        Calendar of FC Barcelona    <\/a>\r\n<\/div>   <p>This Thursday, Hansi Flick will recover the FC Barcelona internationals called up by their national teams for the double day of matches played between September 5 and 10. In total, nine first team players traveled during the break, six of them called up by the senior team and the Spanish Under-21 team. <strong>Of them, the only casualty was Ferm\u00edn L\u00f3pez, who suffered a problem in the rectus femoris of his left thigh<\/strong> that will keep him out of action until the end of the month.<\/p>  <h3>Lamine Yamal<\/h3>  <p>The winger played 135 minutes (90 against Serbia, 45 against Switzerland) in which he added 1 assist (to Joselu in Basel). Although Lamine had some discomfort after Bar\u00e7a-Valladolid, Luis de la Fuente only gave him a rest in the second half against Switzerland. Luckily, the youth player had no problems with La Roja and showed all his quality in both matches.<\/p>  <h3>Pedri Gonz\u00e1lez<\/h3>  <p>He was a substitute against Serbia (14&#8242;) and Switzerland (28&#8242;), without participating in the goals against Switzerland, but with good flashes in a complicated second half for a Spain that showed the wear and tear of playing almost the entire game with one man less.<\/p>  <h3>Dani Olmo<\/h3>  <p>The man from Terrassa suffered a severe blow to his right knee against Serbia which, luckily, did not become serious. That day he played 82 minutes where, along with Lamine, he was the best of a dense Spain in Belgrade. De la Fuente rested him against Switzerland due to the inflammation resulting from the blow suffered in the debut in the Nations League.<\/p>  <h3>Ferran Torres<\/h3>  <p>He went from less to more in the doubleheader, being a substitute in both games. Against Serbia he only played 8 minutes, but he was able to get even against Switzerland with a stellar second half in which he converted and assisted to round out the win in Geneva (1-4). The &#8216;Shark&#8217; returns to Barcelona with renewed spirits, although he knows he will be a substitute under Hansi Flick.<\/p>  <h3>Pau Cubars\u00ed<\/h3>  <p>He played in full in the U-21 matches against Scotland (1-2) and Hungary (0-1), both resulting in away wins for Santi Denia&#8217;s team. As in Bar\u00e7a, the center-back exhibited security and character to give stability to the Spanish defense.<\/p>  <h3>Pablo Torre<\/h3>  <p>The Cantabrian took the place of the injured Ferm\u00edn L\u00f3pez and did so in a good way, adding an assist against Scotland. Santi Denia kept him in the eleven in both matches, accumulating 149 minutes of action where he was very active in attack.<\/p>  <h3>Ter Stegen<\/h3>  <p>The goodbye of Manuel Neuer, finally, opened the doors to the XI of the German team for Bar\u00e7a&#8217;s &#8216;1&#8217;. After a comfortable win against Hungary (5-0) where they practically did not have any shots on goal, they conceded two goals in the tough visit to Amsterdam against the Netherlands (2-2). Despite this, he saved a couple of very clear chances in the second half to save the tie.<\/p>  <h3>Jules Kound\u00e9<\/h3>  <p>He was a substitute in the defeat against Italy (1-3), a match where he came on with 12 minutes remaining, with little to do to avoid the loss at the home of &#8216;Les Bleus&#8217;. Didier Deschamps returned him to the XI against Belgium and, as a right back, he once again completed another great game, being one of the figures in the French victory (2-0). In total, he returned to Barcelona with 102 minutes of action under his belt.<\/p>  <h3>Robert Lewandowski<\/h3>  <p>He played the full 90 minutes in the defeat against Croatia (1-0), a match where he almost scored on a couple of occasions and came out with some physical discomfort. The &#8216;9&#8217; had better luck in the Nations League debut against Scotland (2-3), a match where he was able to extend his good scoring streak. In total, he played 162 minutes, adding 1 goal and 1 assist.<\/p> ","protected":false},"excerpt":{"rendered":"<p>This Thursday, FC Barcelona will recover the internationals who saw action during the FIFA double date in September. Nine first team players had minutes during the break and, luckily, they all returned without physical problems This Thursday, Hansi Flick will recover the FC Barcelona internationals called up by their national teams for the double day [&hellip;]<\/p>\n","protected":false},"author":347,"featured_media":40894,"comment_status":"closed","ping_status":"open","sticky":false,"template":"","format":"standard","meta":{"_acf_changed":false,"inline_featured_image":false,"_nextfly_llmd_date_locked":false,"footnotes":""},"categories":[452,109],"tags":[91,183],"class_list":["post-40891","post","type-post","status-publish","format-standard","has-post-thumbnail","hentry","category-football-2","category-football","tag-national-teams","tag-the-1x1"],"acf":[],"yoast_head":"<!-- This site is optimized with the Yoast SEO plugin v27.3 - https:\/\/yoast.com\/product\/yoast-seo-wordpress\/ -->\n<title>Lamine, Lewandowski, Kound\u00e9... The 1x1 of the Bar\u00e7a internationals during the break<\/title>\n<meta name=\"description\" content=\"This Thursday, FC Barcelona will recover the internationals who saw action during the FIFA double date in September. Nine first team players had minutes during the break and, luckily, they all returned without physical problems\" \/>\n<meta name=\"robots\" content=\"index, follow, max-snippet:-1, max-image-preview:large, max-video-preview:-1\" \/>\n<link rel=\"canonical\" href=\"https:\/\/www.fcbarcelonanoticias.com\/en\/football\/lamine-lewandowski-kounde-1x1-internacionales-barca-during-break_307225_102.html\" \/>\n<meta property=\"og:locale\" content=\"en_US\" \/>\n<meta property=\"og:type\" content=\"article\" \/>\n<meta property=\"og:title\" content=\"Lamine, Lewandowski, Kound\u00e9... The 1x1 of the Bar\u00e7a internationals during the break\" \/>\n<meta property=\"og:description\" content=\"This Thursday, FC Barcelona will recover the internationals who saw action during the FIFA double date in September. Nine first team players had minutes during the break and, luckily, they all returned without physical problems\" \/>\n<meta property=\"og:url\" content=\"https:\/\/www.fcbarcelonanoticias.com\/en\/football\/lamine-lewandowski-kounde-1x1-internacionales-barca-during-break_307225_102.html\" \/>\n<meta property=\"og:site_name\" content=\"EN - FC Barcelona Noticias\" \/>\n<meta property=\"article:published_time\" content=\"2024-09-12T00:51:00+00:00\" \/>\n<meta property=\"og:image\" content=\"https:\/\/www.fcbarcelonanoticias.com\/en\/wp-content\/uploads\/sites\/2\/2024\/09\/lewandowski-lamine-kounde-1.jpeg\" \/>\n\t<meta property=\"og:image:width\" content=\"1250\" \/>\n\t<meta property=\"og:image:height\" content=\"730\" \/>\n\t<meta property=\"og:image:type\" content=\"image\/jpeg\" \/>\n<meta name=\"author\" content=\"Andr\u00e9s Quiroz\" \/>\n<meta name=\"twitter:card\" content=\"summary_large_image\" \/>\n<meta name=\"twitter:label1\" content=\"Written by\" \/>\n\t<meta name=\"twitter:data1\" content=\"Andr\u00e9s Quiroz\" \/>\n\t<meta name=\"twitter:label2\" content=\"Est. reading time\" \/>\n\t<meta name=\"twitter:data2\" content=\"3 minutes\" \/>\n<script type=\"application\/ld+json\" class=\"yoast-schema-graph\">{\"@context\":\"https:\\\/\\\/schema.org\",\"@graph\":[{\"@type\":\"Article\",\"@id\":\"https:\\\/\\\/www.fcbarcelonanoticias.com\\\/en\\\/football\\\/lamine-lewandowski-kounde-1x1-internacionales-barca-during-break_307225_102.html#article\",\"isPartOf\":{\"@id\":\"https:\\\/\\\/www.fcbarcelonanoticias.com\\\/en\\\/football\\\/lamine-lewandowski-kounde-1x1-internacionales-barca-during-break_307225_102.html\"},\"author\":{\"name\":\"Andr\u00e9s Quiroz\",\"@id\":\"https:\\\/\\\/www.fcbarcelonanoticias.com\\\/en\\\/#\\\/schema\\\/person\\\/c2cd9f6fa1af5c0d0eccd0fefa575c88\"},\"headline\":\"Lamine, Lewandowski, Kound\u00e9&#8230; The 1&#215;1 of the Bar\u00e7a internationals during the break\",\"datePublished\":\"2024-09-12T00:51:00+00:00\",\"mainEntityOfPage\":{\"@id\":\"https:\\\/\\\/www.fcbarcelonanoticias.com\\\/en\\\/football\\\/lamine-lewandowski-kounde-1x1-internacionales-barca-during-break_307225_102.html\"},\"wordCount\":677,\"image\":{\"@id\":\"https:\\\/\\\/www.fcbarcelonanoticias.com\\\/en\\\/football\\\/lamine-lewandowski-kounde-1x1-internacionales-barca-during-break_307225_102.html#primaryimage\"},\"thumbnailUrl\":\"https:\\\/\\\/www.fcbarcelonanoticias.com\\\/en\\\/wp-content\\\/uploads\\\/sites\\\/2\\\/2024\\\/09\\\/lewandowski-lamine-kounde-1.jpeg\",\"keywords\":[\"National Teams\",\"The 1x1\"],\"articleSection\":[\"Football\",\"Football\"],\"inLanguage\":\"en-US\"},{\"@type\":\"WebPage\",\"@id\":\"https:\\\/\\\/www.fcbarcelonanoticias.com\\\/en\\\/football\\\/lamine-lewandowski-kounde-1x1-internacionales-barca-during-break_307225_102.html\",\"url\":\"https:\\\/\\\/www.fcbarcelonanoticias.com\\\/en\\\/football\\\/lamine-lewandowski-kounde-1x1-internacionales-barca-during-break_307225_102.html\",\"name\":\"Lamine, Lewandowski, Kound\u00e9... The 1x1 of the Bar\u00e7a internationals during the break\",\"isPartOf\":{\"@id\":\"https:\\\/\\\/www.fcbarcelonanoticias.com\\\/en\\\/#website\"},\"primaryImageOfPage\":{\"@id\":\"https:\\\/\\\/www.fcbarcelonanoticias.com\\\/en\\\/football\\\/lamine-lewandowski-kounde-1x1-internacionales-barca-during-break_307225_102.html#primaryimage\"},\"image\":{\"@id\":\"https:\\\/\\\/www.fcbarcelonanoticias.com\\\/en\\\/football\\\/lamine-lewandowski-kounde-1x1-internacionales-barca-during-break_307225_102.html#primaryimage\"},\"thumbnailUrl\":\"https:\\\/\\\/www.fcbarcelonanoticias.com\\\/en\\\/wp-content\\\/uploads\\\/sites\\\/2\\\/2024\\\/09\\\/lewandowski-lamine-kounde-1.jpeg\",\"datePublished\":\"2024-09-12T00:51:00+00:00\",\"author\":{\"@id\":\"https:\\\/\\\/www.fcbarcelonanoticias.com\\\/en\\\/#\\\/schema\\\/person\\\/c2cd9f6fa1af5c0d0eccd0fefa575c88\"},\"description\":\"This Thursday, FC Barcelona will recover the internationals who saw action during the FIFA double date in September. Nine first team players had minutes during the break and, luckily, they all returned without physical problems\",\"breadcrumb\":{\"@id\":\"https:\\\/\\\/www.fcbarcelonanoticias.com\\\/en\\\/football\\\/lamine-lewandowski-kounde-1x1-internacionales-barca-during-break_307225_102.html#breadcrumb\"},\"inLanguage\":\"en-US\",\"potentialAction\":[{\"@type\":\"ReadAction\",\"target\":[\"https:\\\/\\\/www.fcbarcelonanoticias.com\\\/en\\\/football\\\/lamine-lewandowski-kounde-1x1-internacionales-barca-during-break_307225_102.html\"]}]},{\"@type\":\"ImageObject\",\"inLanguage\":\"en-US\",\"@id\":\"https:\\\/\\\/www.fcbarcelonanoticias.com\\\/en\\\/football\\\/lamine-lewandowski-kounde-1x1-internacionales-barca-during-break_307225_102.html#primaryimage\",\"url\":\"https:\\\/\\\/www.fcbarcelonanoticias.com\\\/en\\\/wp-content\\\/uploads\\\/sites\\\/2\\\/2024\\\/09\\\/lewandowski-lamine-kounde-1.jpeg\",\"contentUrl\":\"https:\\\/\\\/www.fcbarcelonanoticias.com\\\/en\\\/wp-content\\\/uploads\\\/sites\\\/2\\\/2024\\\/09\\\/lewandowski-lamine-kounde-1.jpeg\",\"width\":1250,\"height\":730},{\"@type\":\"BreadcrumbList\",\"@id\":\"https:\\\/\\\/www.fcbarcelonanoticias.com\\\/en\\\/football\\\/lamine-lewandowski-kounde-1x1-internacionales-barca-during-break_307225_102.html#breadcrumb\",\"itemListElement\":[{\"@type\":\"ListItem\",\"position\":1,\"name\":\"Portada\",\"item\":\"https:\\\/\\\/www.fcbarcelonanoticias.com\\\/en\\\/\"},{\"@type\":\"ListItem\",\"position\":2,\"name\":\"Lamine, Lewandowski, Kound\u00e9&#8230; The 1&#215;1 of the Bar\u00e7a internationals during the break\"}]},{\"@type\":\"WebSite\",\"@id\":\"https:\\\/\\\/www.fcbarcelonanoticias.com\\\/en\\\/#website\",\"url\":\"https:\\\/\\\/www.fcbarcelonanoticias.com\\\/en\\\/\",\"name\":\"EN - FC Barcelona Noticias\",\"description\":\"\",\"potentialAction\":[{\"@type\":\"SearchAction\",\"target\":{\"@type\":\"EntryPoint\",\"urlTemplate\":\"https:\\\/\\\/www.fcbarcelonanoticias.com\\\/en\\\/?s={search_term_string}\"},\"query-input\":{\"@type\":\"PropertyValueSpecification\",\"valueRequired\":true,\"valueName\":\"search_term_string\"}}],\"inLanguage\":\"en-US\"},{\"@type\":\"Person\",\"@id\":\"https:\\\/\\\/www.fcbarcelonanoticias.com\\\/en\\\/#\\\/schema\\\/person\\\/c2cd9f6fa1af5c0d0eccd0fefa575c88\",\"name\":\"Andr\u00e9s Quiroz\",\"image\":{\"@type\":\"ImageObject\",\"inLanguage\":\"en-US\",\"@id\":\"https:\\\/\\\/secure.gravatar.com\\\/avatar\\\/?s=96&d=mm&r=g\",\"url\":\"https:\\\/\\\/secure.gravatar.com\\\/avatar\\\/?s=96&d=mm&r=g\",\"contentUrl\":\"https:\\\/\\\/secure.gravatar.com\\\/avatar\\\/?s=96&d=mm&r=g\",\"caption\":\"Andr\u00e9s Quiroz\"},\"description\":\"Licenciado en Periodismo por la Universidad de los Andes. Me encargo de analizar y compartir los contenidos m\u00e1s destacados de la\u00a0actualidad del F\u00fatbol Club Barcelona, Mercado de Fichajes y F\u00fatbol Internacional en FCBN. La informaci\u00f3n es poder, pero tambi\u00e9n conocimiento.\",\"url\":\"https:\\\/\\\/www.fcbarcelonanoticias.com\\\/en\\\/fc-barcelona\\\/andres-quiroz_17_115.html\"}]}<\/script>\n<!-- \/ Yoast SEO plugin. -->","yoast_head_json":{"title":"Lamine, Lewandowski, Kound\u00e9... The 1x1 of the Bar\u00e7a internationals during the break","description":"This Thursday, FC Barcelona will recover the internationals who saw action during the FIFA double date in September. Nine first team players had minutes during the break and, luckily, they all returned without physical problems","robots":{"index":"index","follow":"follow","max-snippet":"max-snippet:-1","max-image-preview":"max-image-preview:large","max-video-preview":"max-video-preview:-1"},"canonical":"https:\/\/www.fcbarcelonanoticias.com\/en\/football\/lamine-lewandowski-kounde-1x1-internacionales-barca-during-break_307225_102.html","og_locale":"en_US","og_type":"article","og_title":"Lamine, Lewandowski, Kound\u00e9... The 1x1 of the Bar\u00e7a internationals during the break","og_description":"This Thursday, FC Barcelona will recover the internationals who saw action during the FIFA double date in September. Nine first team players had minutes during the break and, luckily, they all returned without physical problems","og_url":"https:\/\/www.fcbarcelonanoticias.com\/en\/football\/lamine-lewandowski-kounde-1x1-internacionales-barca-during-break_307225_102.html","og_site_name":"EN - FC Barcelona Noticias","article_published_time":"2024-09-12T00:51:00+00:00","og_image":[{"width":1250,"height":730,"url":"https:\/\/www.fcbarcelonanoticias.com\/en\/wp-content\/uploads\/sites\/2\/2024\/09\/lewandowski-lamine-kounde-1.jpeg","type":"image\/jpeg"}],"author":"Andr\u00e9s Quiroz","twitter_card":"summary_large_image","twitter_misc":{"Written by":"Andr\u00e9s Quiroz","Est. reading time":"3 minutes"},"schema":{"@context":"https:\/\/schema.org","@graph":[{"@type":"Article","@id":"https:\/\/www.fcbarcelonanoticias.com\/en\/football\/lamine-lewandowski-kounde-1x1-internacionales-barca-during-break_307225_102.html#article","isPartOf":{"@id":"https:\/\/www.fcbarcelonanoticias.com\/en\/football\/lamine-lewandowski-kounde-1x1-internacionales-barca-during-break_307225_102.html"},"author":{"name":"Andr\u00e9s Quiroz","@id":"https:\/\/www.fcbarcelonanoticias.com\/en\/#\/schema\/person\/c2cd9f6fa1af5c0d0eccd0fefa575c88"},"headline":"Lamine, Lewandowski, Kound\u00e9&#8230; The 1&#215;1 of the Bar\u00e7a internationals during the break","datePublished":"2024-09-12T00:51:00+00:00","mainEntityOfPage":{"@id":"https:\/\/www.fcbarcelonanoticias.com\/en\/football\/lamine-lewandowski-kounde-1x1-internacionales-barca-during-break_307225_102.html"},"wordCount":677,"image":{"@id":"https:\/\/www.fcbarcelonanoticias.com\/en\/football\/lamine-lewandowski-kounde-1x1-internacionales-barca-during-break_307225_102.html#primaryimage"},"thumbnailUrl":"https:\/\/www.fcbarcelonanoticias.com\/en\/wp-content\/uploads\/sites\/2\/2024\/09\/lewandowski-lamine-kounde-1.jpeg","keywords":["National Teams","The 1x1"],"articleSection":["Football","Football"],"inLanguage":"en-US"},{"@type":"WebPage","@id":"https:\/\/www.fcbarcelonanoticias.com\/en\/football\/lamine-lewandowski-kounde-1x1-internacionales-barca-during-break_307225_102.html","url":"https:\/\/www.fcbarcelonanoticias.com\/en\/football\/lamine-lewandowski-kounde-1x1-internacionales-barca-during-break_307225_102.html","name":"Lamine, Lewandowski, Kound\u00e9... The 1x1 of the Bar\u00e7a internationals during the break","isPartOf":{"@id":"https:\/\/www.fcbarcelonanoticias.com\/en\/#website"},"primaryImageOfPage":{"@id":"https:\/\/www.fcbarcelonanoticias.com\/en\/football\/lamine-lewandowski-kounde-1x1-internacionales-barca-during-break_307225_102.html#primaryimage"},"image":{"@id":"https:\/\/www.fcbarcelonanoticias.com\/en\/football\/lamine-lewandowski-kounde-1x1-internacionales-barca-during-break_307225_102.html#primaryimage"},"thumbnailUrl":"https:\/\/www.fcbarcelonanoticias.com\/en\/wp-content\/uploads\/sites\/2\/2024\/09\/lewandowski-lamine-kounde-1.jpeg","datePublished":"2024-09-12T00:51:00+00:00","author":{"@id":"https:\/\/www.fcbarcelonanoticias.com\/en\/#\/schema\/person\/c2cd9f6fa1af5c0d0eccd0fefa575c88"},"description":"This Thursday, FC Barcelona will recover the internationals who saw action during the FIFA double date in September. Nine first team players had minutes during the break and, luckily, they all returned without physical problems","breadcrumb":{"@id":"https:\/\/www.fcbarcelonanoticias.com\/en\/football\/lamine-lewandowski-kounde-1x1-internacionales-barca-during-break_307225_102.html#breadcrumb"},"inLanguage":"en-US","potentialAction":[{"@type":"ReadAction","target":["https:\/\/www.fcbarcelonanoticias.com\/en\/football\/lamine-lewandowski-kounde-1x1-internacionales-barca-during-break_307225_102.html"]}]},{"@type":"ImageObject","inLanguage":"en-US","@id":"https:\/\/www.fcbarcelonanoticias.com\/en\/football\/lamine-lewandowski-kounde-1x1-internacionales-barca-during-break_307225_102.html#primaryimage","url":"https:\/\/www.fcbarcelonanoticias.com\/en\/wp-content\/uploads\/sites\/2\/2024\/09\/lewandowski-lamine-kounde-1.jpeg","contentUrl":"https:\/\/www.fcbarcelonanoticias.com\/en\/wp-content\/uploads\/sites\/2\/2024\/09\/lewandowski-lamine-kounde-1.jpeg","width":1250,"height":730},{"@type":"BreadcrumbList","@id":"https:\/\/www.fcbarcelonanoticias.com\/en\/football\/lamine-lewandowski-kounde-1x1-internacionales-barca-during-break_307225_102.html#breadcrumb","itemListElement":[{"@type":"ListItem","position":1,"name":"Portada","item":"https:\/\/www.fcbarcelonanoticias.com\/en\/"},{"@type":"ListItem","position":2,"name":"Lamine, Lewandowski, Kound\u00e9&#8230; The 1&#215;1 of the Bar\u00e7a internationals during the break"}]},{"@type":"WebSite","@id":"https:\/\/www.fcbarcelonanoticias.com\/en\/#website","url":"https:\/\/www.fcbarcelonanoticias.com\/en\/","name":"EN - FC Barcelona Noticias","description":"","potentialAction":[{"@type":"SearchAction","target":{"@type":"EntryPoint","urlTemplate":"https:\/\/www.fcbarcelonanoticias.com\/en\/?s={search_term_string}"},"query-input":{"@type":"PropertyValueSpecification","valueRequired":true,"valueName":"search_term_string"}}],"inLanguage":"en-US"},{"@type":"Person","@id":"https:\/\/www.fcbarcelonanoticias.com\/en\/#\/schema\/person\/c2cd9f6fa1af5c0d0eccd0fefa575c88","name":"Andr\u00e9s Quiroz","image":{"@type":"ImageObject","inLanguage":"en-US","@id":"https:\/\/secure.gravatar.com\/avatar\/?s=96&d=mm&r=g","url":"https:\/\/secure.gravatar.com\/avatar\/?s=96&d=mm&r=g","contentUrl":"https:\/\/secure.gravatar.com\/avatar\/?s=96&d=mm&r=g","caption":"Andr\u00e9s Quiroz"},"description":"Licenciado en Periodismo por la Universidad de los Andes. Me encargo de analizar y compartir los contenidos m\u00e1s destacados de la\u00a0actualidad del F\u00fatbol Club Barcelona, Mercado de Fichajes y F\u00fatbol Internacional en FCBN. La informaci\u00f3n es poder, pero tambi\u00e9n conocimiento.","url":"https:\/\/www.fcbarcelonanoticias.com\/en\/fc-barcelona\/andres-quiroz_17_115.html"}]}},"_links":{"self":[{"href":"https:\/\/www.fcbarcelonanoticias.com\/en\/wp-json\/wp\/v2\/posts\/40891","targetHints":{"allow":["GET"]}}],"collection":[{"href":"https:\/\/www.fcbarcelonanoticias.com\/en\/wp-json\/wp\/v2\/posts"}],"about":[{"href":"https:\/\/www.fcbarcelonanoticias.com\/en\/wp-json\/wp\/v2\/types\/post"}],"author":[{"embeddable":true,"href":"https:\/\/www.fcbarcelonanoticias.com\/en\/wp-json\/wp\/v2\/users\/347"}],"replies":[{"embeddable":true,"href":"https:\/\/www.fcbarcelonanoticias.com\/en\/wp-json\/wp\/v2\/comments?post=40891"}],"version-history":[{"count":1,"href":"https:\/\/www.fcbarcelonanoticias.com\/en\/wp-json\/wp\/v2\/posts\/40891\/revisions"}],"predecessor-version":[{"id":111775,"href":"https:\/\/www.fcbarcelonanoticias.com\/en\/wp-json\/wp\/v2\/posts\/40891\/revisions\/111775"}],"wp:featuredmedia":[{"embeddable":true,"href":"https:\/\/www.fcbarcelonanoticias.com\/en\/wp-json\/wp\/v2\/media\/40894"}],"wp:attachment":[{"href":"https:\/\/www.fcbarcelonanoticias.com\/en\/wp-json\/wp\/v2\/media?parent=40891"}],"wp:term":[{"taxonomy":"category","embeddable":true,"href":"https:\/\/www.fcbarcelonanoticias.com\/en\/wp-json\/wp\/v2\/categories?post=40891"},{"taxonomy":"post_tag","embeddable":true,"href":"https:\/\/www.fcbarcelonanoticias.com\/en\/wp-json\/wp\/v2\/tags?post=40891"}],"curies":[{"name":"wp","href":"https:\/\/api.w.org\/{rel}","templated":true}]}}