{"id":40913,"date":"2024-07-22T02:40:00","date_gmt":"2024-07-22T00:40:00","guid":{"rendered":"https:\/\/weisetech.dev\/fc-barcelona-noticias\/en\/lamine-yamal-surrenders-homage-to-neymar_305683_102\/"},"modified":"2024-07-22T03:44:00","modified_gmt":"2024-07-22T01:44:00","slug":"lamine-yamal-surrenders-homage-to-neymar_305683_102","status":"publish","type":"post","link":"https:\/\/www.fcbarcelonanoticias.com\/en\/football\/lamine-yamal-surrenders-homage-to-neymar_305683_102.html","title":{"rendered":"Lamine Yamal pays tribute to Neymar"},"content":{"rendered":"<h2 class=\"wp-block-heading\">The Spanish national team player is enjoying a few days of vacation on the Greek island of Kos. Lamine Yamal has taken advantage of the occasion to express his admiration for Neymar Jr<\/h2>  \r\n<div class=\"article-addons\">\r\n    <a href=\"https:\/\/www.fcbarcelonanoticias.com\/en\/calendar-fc-barcelona.html\"\r\n       target=\"_self\"\r\n       title=\"Calendar of FC Barcelona\"\r\n       class=\"blue-gredient-btn\">\r\n       \r\n        Calendar of FC Barcelona    <\/a>\r\n<\/div>   <p>Lamine Yamal always shows his admiration by big talents like Lionel Messi. Many still remember the image that did viral before the final of the Eurocopa in which it posed the Argentinian star, that then had 22 years, sustaining a baby that some years afterwards has turned into the footballer of the moment. Now,<strong> the one of Rocafonda devoted him a moving homage to one of the mates of the veteran goleador in the Bar\u00e7a<\/strong>.<\/p>  <p>While it enjoys of his holidays in the island Kos (Greece), <strong>the youngster of 17 years published a photography in his networks sociaales in which luce the T-shirt of the Saints<\/strong>. The attacker of the <a data-external=\"0\" data-intl-links-en=\"https:\/\/www.fcbarcelonanoticias.com\/en\/tags\/t-shirt-fc-barcelona\" data-intl-links-es=\"https:\/\/www.fcbarcelonanoticias.com\/tags\/camiseta-fc-barcelona\" href=\"https:\/\/www.fcbarcelonanoticias.com\/en\/tags\/t-shirt-fc-barcelona.html\" rel=\"follow\" target=\"_self\" title=\"Camiseta FC Barcelona\">FC Barcelona<\/a> appears with the dorsal &#8217;11&#8217;, the same that carried Neymar Jr when it played in the club that saw it be born. Of this way, the forward remembers one of the most special moments in the career futbol\u00edstica of the Brazilian.<\/p>  <p>In the Saints, the footballer starred one of his best stages with a level of game that called the attention in big clubs like the FC Barcelona and the Real Madrid. During his stay in the Brazilian team, the player won a Glass Libertadores, one of Brazil, a Recopa and the Prize Puskas. <strong>In 2013 &#8216;Ney&#8217; was presented in the Camp Nou in front of some 56.000 fans of the Bar\u00e7a, the star had turned into international<\/strong>.<\/p>  <h2>The admiration of Lamine Yamal by Neymar<\/h2>  <p>Recently in an interview conceded to &#8216;The Chiringuito&#8217;, <a data-external=\"0\" data-intl-links-en=\"https:\/\/www.fcbarcelonanoticias.com\/en\/tags\/lamine-yamal\" data-intl-links-es=\"https:\/\/www.fcbarcelonanoticias.com\/tags\/lamine-yamal\" href=\"https:\/\/www.fcbarcelonanoticias.com\/en\/player\/lamine-yamal.html\" rel=\"follow\" target=\"_self\" title=\"Lamine Yamal\">Lamine Yamal <\/a>spoke of his admiration by the exjugador of the PSG: &#8220;Always I have said that Messi is the best of the history, but to the that liked me see to me was to Neymar&#8221;, recognised the youngster in front of the cameras. Even, in the Eurocopa the youngster did the famous dance that the Brazilian made to celebrate his played in the field. In any case, the Barcelona attacker leaves clear that has big referents to follow topping more goals and titles.<\/p> ","protected":false},"excerpt":{"rendered":"<p>The Spanish national team player is enjoying a few days of vacation on the Greek island of Kos. Lamine Yamal has taken advantage of the occasion to express his admiration for Neymar Jr Lamine Yamal always shows his admiration by big talents like Lionel Messi. Many still remember the image that did viral before the [&hellip;]<\/p>\n","protected":false},"author":350,"featured_media":23329,"comment_status":"closed","ping_status":"open","sticky":false,"template":"","format":"standard","meta":{"_acf_changed":false,"inline_featured_image":false,"_nextfly_llmd_date_locked":false,"footnotes":""},"categories":[109,452],"tags":[143,88],"class_list":["post-40913","post","type-post","status-publish","format-standard","has-post-thumbnail","hentry","category-football","category-football-2","tag-neymar-jr","tag-paris-saint-germain"],"acf":[],"yoast_head":"<!-- This site is optimized with the Yoast SEO plugin v27.3 - https:\/\/yoast.com\/product\/yoast-seo-wordpress\/ -->\n<title>Lamine Yamal surrenders homage to Neymar<\/title>\n<meta name=\"description\" content=\"The player of the Spanish selection enjoys of some days on holiday in the Greek island of Kos. Lamine Yamal has taken advantage of the occasion to express his admiration by the midfield player of the club To the Hilal\" \/>\n<meta name=\"robots\" content=\"index, follow, max-snippet:-1, max-image-preview:large, max-video-preview:-1\" \/>\n<link rel=\"canonical\" href=\"https:\/\/www.fcbarcelonanoticias.com\/en\/football\/lamine-yamal-surrenders-homage-to-neymar_305683_102.html\" \/>\n<meta property=\"og:locale\" content=\"en_US\" \/>\n<meta property=\"og:type\" content=\"article\" \/>\n<meta property=\"og:title\" content=\"Lamine Yamal surrenders homage to Neymar\" \/>\n<meta property=\"og:description\" content=\"The player of the Spanish selection enjoys of some days on holiday in the Greek island of Kos. Lamine Yamal has taken advantage of the occasion to express his admiration by the midfield player of the club To the Hilal\" \/>\n<meta property=\"og:url\" content=\"https:\/\/www.fcbarcelonanoticias.com\/en\/football\/lamine-yamal-surrenders-homage-to-neymar_305683_102.html\" \/>\n<meta property=\"og:site_name\" content=\"EN - FC Barcelona Noticias\" \/>\n<meta property=\"article:published_time\" content=\"2024-07-22T00:40:00+00:00\" \/>\n<meta property=\"article:modified_time\" content=\"2024-07-22T01:44:00+00:00\" \/>\n<meta property=\"og:image\" content=\"https:\/\/www.fcbarcelonanoticias.com\/en\/wp-content\/uploads\/sites\/2\/2026\/03\/lamine-yamal-en-la-eurocopa.gif\" \/>\n\t<meta property=\"og:image:width\" content=\"1300\" \/>\n\t<meta property=\"og:image:height\" content=\"723\" \/>\n\t<meta property=\"og:image:type\" content=\"image\/gif\" \/>\n<meta name=\"author\" content=\"Jes\u00fas Bol\u00edvar\" \/>\n<meta name=\"twitter:card\" content=\"summary_large_image\" \/>\n<meta name=\"twitter:label1\" content=\"Written by\" \/>\n\t<meta name=\"twitter:data1\" content=\"Jes\u00fas Bol\u00edvar\" \/>\n\t<meta name=\"twitter:label2\" content=\"Est. reading time\" \/>\n\t<meta name=\"twitter:data2\" content=\"2 minutes\" \/>\n<script type=\"application\/ld+json\" class=\"yoast-schema-graph\">{\"@context\":\"https:\\\/\\\/schema.org\",\"@graph\":[{\"@type\":\"Article\",\"@id\":\"https:\\\/\\\/www.fcbarcelonanoticias.com\\\/en\\\/football\\\/lamine-yamal-surrenders-homage-to-neymar_305683_102.html#article\",\"isPartOf\":{\"@id\":\"https:\\\/\\\/www.fcbarcelonanoticias.com\\\/en\\\/football\\\/lamine-yamal-surrenders-homage-to-neymar_305683_102.html\"},\"author\":{\"name\":\"Jes\u00fas Bol\u00edvar\",\"@id\":\"https:\\\/\\\/www.fcbarcelonanoticias.com\\\/en\\\/#\\\/schema\\\/person\\\/5dbbcfa0643340852c9294383c353679\"},\"headline\":\"Lamine Yamal pays tribute to Neymar\",\"datePublished\":\"2024-07-22T00:40:00+00:00\",\"dateModified\":\"2024-07-22T01:44:00+00:00\",\"mainEntityOfPage\":{\"@id\":\"https:\\\/\\\/www.fcbarcelonanoticias.com\\\/en\\\/football\\\/lamine-yamal-surrenders-homage-to-neymar_305683_102.html\"},\"wordCount\":366,\"image\":{\"@id\":\"https:\\\/\\\/www.fcbarcelonanoticias.com\\\/en\\\/football\\\/lamine-yamal-surrenders-homage-to-neymar_305683_102.html#primaryimage\"},\"thumbnailUrl\":\"https:\\\/\\\/www.fcbarcelonanoticias.com\\\/en\\\/wp-content\\\/uploads\\\/sites\\\/2\\\/2026\\\/03\\\/lamine-yamal-en-la-eurocopa.gif\",\"keywords\":[\"Neymar Jr\",\"Paris Saint-Germain\"],\"articleSection\":[\"Football\",\"Football\"],\"inLanguage\":\"en-US\"},{\"@type\":\"WebPage\",\"@id\":\"https:\\\/\\\/www.fcbarcelonanoticias.com\\\/en\\\/football\\\/lamine-yamal-surrenders-homage-to-neymar_305683_102.html\",\"url\":\"https:\\\/\\\/www.fcbarcelonanoticias.com\\\/en\\\/football\\\/lamine-yamal-surrenders-homage-to-neymar_305683_102.html\",\"name\":\"Lamine Yamal surrenders homage to Neymar\",\"isPartOf\":{\"@id\":\"https:\\\/\\\/www.fcbarcelonanoticias.com\\\/en\\\/#website\"},\"primaryImageOfPage\":{\"@id\":\"https:\\\/\\\/www.fcbarcelonanoticias.com\\\/en\\\/football\\\/lamine-yamal-surrenders-homage-to-neymar_305683_102.html#primaryimage\"},\"image\":{\"@id\":\"https:\\\/\\\/www.fcbarcelonanoticias.com\\\/en\\\/football\\\/lamine-yamal-surrenders-homage-to-neymar_305683_102.html#primaryimage\"},\"thumbnailUrl\":\"https:\\\/\\\/www.fcbarcelonanoticias.com\\\/en\\\/wp-content\\\/uploads\\\/sites\\\/2\\\/2026\\\/03\\\/lamine-yamal-en-la-eurocopa.gif\",\"datePublished\":\"2024-07-22T00:40:00+00:00\",\"dateModified\":\"2024-07-22T01:44:00+00:00\",\"author\":{\"@id\":\"https:\\\/\\\/www.fcbarcelonanoticias.com\\\/en\\\/#\\\/schema\\\/person\\\/5dbbcfa0643340852c9294383c353679\"},\"description\":\"The player of the Spanish selection enjoys of some days on holiday in the Greek island of Kos. Lamine Yamal has taken advantage of the occasion to express his admiration by the midfield player of the club To the Hilal\",\"breadcrumb\":{\"@id\":\"https:\\\/\\\/www.fcbarcelonanoticias.com\\\/en\\\/football\\\/lamine-yamal-surrenders-homage-to-neymar_305683_102.html#breadcrumb\"},\"inLanguage\":\"en-US\",\"potentialAction\":[{\"@type\":\"ReadAction\",\"target\":[\"https:\\\/\\\/www.fcbarcelonanoticias.com\\\/en\\\/football\\\/lamine-yamal-surrenders-homage-to-neymar_305683_102.html\"]}]},{\"@type\":\"ImageObject\",\"inLanguage\":\"en-US\",\"@id\":\"https:\\\/\\\/www.fcbarcelonanoticias.com\\\/en\\\/football\\\/lamine-yamal-surrenders-homage-to-neymar_305683_102.html#primaryimage\",\"url\":\"https:\\\/\\\/www.fcbarcelonanoticias.com\\\/en\\\/wp-content\\\/uploads\\\/sites\\\/2\\\/2026\\\/03\\\/lamine-yamal-en-la-eurocopa.gif\",\"contentUrl\":\"https:\\\/\\\/www.fcbarcelonanoticias.com\\\/en\\\/wp-content\\\/uploads\\\/sites\\\/2\\\/2026\\\/03\\\/lamine-yamal-en-la-eurocopa.gif\",\"width\":1300,\"height\":723},{\"@type\":\"BreadcrumbList\",\"@id\":\"https:\\\/\\\/www.fcbarcelonanoticias.com\\\/en\\\/football\\\/lamine-yamal-surrenders-homage-to-neymar_305683_102.html#breadcrumb\",\"itemListElement\":[{\"@type\":\"ListItem\",\"position\":1,\"name\":\"Portada\",\"item\":\"https:\\\/\\\/www.fcbarcelonanoticias.com\\\/en\\\/\"},{\"@type\":\"ListItem\",\"position\":2,\"name\":\"Lamine Yamal pays tribute to Neymar\"}]},{\"@type\":\"WebSite\",\"@id\":\"https:\\\/\\\/www.fcbarcelonanoticias.com\\\/en\\\/#website\",\"url\":\"https:\\\/\\\/www.fcbarcelonanoticias.com\\\/en\\\/\",\"name\":\"EN - FC Barcelona Noticias\",\"description\":\"\",\"potentialAction\":[{\"@type\":\"SearchAction\",\"target\":{\"@type\":\"EntryPoint\",\"urlTemplate\":\"https:\\\/\\\/www.fcbarcelonanoticias.com\\\/en\\\/?s={search_term_string}\"},\"query-input\":{\"@type\":\"PropertyValueSpecification\",\"valueRequired\":true,\"valueName\":\"search_term_string\"}}],\"inLanguage\":\"en-US\"},{\"@type\":\"Person\",\"@id\":\"https:\\\/\\\/www.fcbarcelonanoticias.com\\\/en\\\/#\\\/schema\\\/person\\\/5dbbcfa0643340852c9294383c353679\",\"name\":\"Jes\u00fas Bol\u00edvar\",\"image\":{\"@type\":\"ImageObject\",\"inLanguage\":\"en-US\",\"@id\":\"https:\\\/\\\/secure.gravatar.com\\\/avatar\\\/?s=96&d=mm&r=g\",\"url\":\"https:\\\/\\\/secure.gravatar.com\\\/avatar\\\/?s=96&d=mm&r=g\",\"contentUrl\":\"https:\\\/\\\/secure.gravatar.com\\\/avatar\\\/?s=96&d=mm&r=g\",\"caption\":\"Jes\u00fas Bol\u00edvar\"},\"url\":\"https:\\\/\\\/www.fcbarcelonanoticias.com\\\/en\\\/jesus-bolivar_28_115.html\"}]}<\/script>\n<!-- \/ Yoast SEO plugin. -->","yoast_head_json":{"title":"Lamine Yamal surrenders homage to Neymar","description":"The player of the Spanish selection enjoys of some days on holiday in the Greek island of Kos. Lamine Yamal has taken advantage of the occasion to express his admiration by the midfield player of the club To the Hilal","robots":{"index":"index","follow":"follow","max-snippet":"max-snippet:-1","max-image-preview":"max-image-preview:large","max-video-preview":"max-video-preview:-1"},"canonical":"https:\/\/www.fcbarcelonanoticias.com\/en\/football\/lamine-yamal-surrenders-homage-to-neymar_305683_102.html","og_locale":"en_US","og_type":"article","og_title":"Lamine Yamal surrenders homage to Neymar","og_description":"The player of the Spanish selection enjoys of some days on holiday in the Greek island of Kos. Lamine Yamal has taken advantage of the occasion to express his admiration by the midfield player of the club To the Hilal","og_url":"https:\/\/www.fcbarcelonanoticias.com\/en\/football\/lamine-yamal-surrenders-homage-to-neymar_305683_102.html","og_site_name":"EN - FC Barcelona Noticias","article_published_time":"2024-07-22T00:40:00+00:00","article_modified_time":"2024-07-22T01:44:00+00:00","og_image":[{"width":1300,"height":723,"url":"https:\/\/www.fcbarcelonanoticias.com\/en\/wp-content\/uploads\/sites\/2\/2026\/03\/lamine-yamal-en-la-eurocopa.gif","type":"image\/gif"}],"author":"Jes\u00fas Bol\u00edvar","twitter_card":"summary_large_image","twitter_misc":{"Written by":"Jes\u00fas Bol\u00edvar","Est. reading time":"2 minutes"},"schema":{"@context":"https:\/\/schema.org","@graph":[{"@type":"Article","@id":"https:\/\/www.fcbarcelonanoticias.com\/en\/football\/lamine-yamal-surrenders-homage-to-neymar_305683_102.html#article","isPartOf":{"@id":"https:\/\/www.fcbarcelonanoticias.com\/en\/football\/lamine-yamal-surrenders-homage-to-neymar_305683_102.html"},"author":{"name":"Jes\u00fas Bol\u00edvar","@id":"https:\/\/www.fcbarcelonanoticias.com\/en\/#\/schema\/person\/5dbbcfa0643340852c9294383c353679"},"headline":"Lamine Yamal pays tribute to Neymar","datePublished":"2024-07-22T00:40:00+00:00","dateModified":"2024-07-22T01:44:00+00:00","mainEntityOfPage":{"@id":"https:\/\/www.fcbarcelonanoticias.com\/en\/football\/lamine-yamal-surrenders-homage-to-neymar_305683_102.html"},"wordCount":366,"image":{"@id":"https:\/\/www.fcbarcelonanoticias.com\/en\/football\/lamine-yamal-surrenders-homage-to-neymar_305683_102.html#primaryimage"},"thumbnailUrl":"https:\/\/www.fcbarcelonanoticias.com\/en\/wp-content\/uploads\/sites\/2\/2026\/03\/lamine-yamal-en-la-eurocopa.gif","keywords":["Neymar Jr","Paris Saint-Germain"],"articleSection":["Football","Football"],"inLanguage":"en-US"},{"@type":"WebPage","@id":"https:\/\/www.fcbarcelonanoticias.com\/en\/football\/lamine-yamal-surrenders-homage-to-neymar_305683_102.html","url":"https:\/\/www.fcbarcelonanoticias.com\/en\/football\/lamine-yamal-surrenders-homage-to-neymar_305683_102.html","name":"Lamine Yamal surrenders homage to Neymar","isPartOf":{"@id":"https:\/\/www.fcbarcelonanoticias.com\/en\/#website"},"primaryImageOfPage":{"@id":"https:\/\/www.fcbarcelonanoticias.com\/en\/football\/lamine-yamal-surrenders-homage-to-neymar_305683_102.html#primaryimage"},"image":{"@id":"https:\/\/www.fcbarcelonanoticias.com\/en\/football\/lamine-yamal-surrenders-homage-to-neymar_305683_102.html#primaryimage"},"thumbnailUrl":"https:\/\/www.fcbarcelonanoticias.com\/en\/wp-content\/uploads\/sites\/2\/2026\/03\/lamine-yamal-en-la-eurocopa.gif","datePublished":"2024-07-22T00:40:00+00:00","dateModified":"2024-07-22T01:44:00+00:00","author":{"@id":"https:\/\/www.fcbarcelonanoticias.com\/en\/#\/schema\/person\/5dbbcfa0643340852c9294383c353679"},"description":"The player of the Spanish selection enjoys of some days on holiday in the Greek island of Kos. Lamine Yamal has taken advantage of the occasion to express his admiration by the midfield player of the club To the Hilal","breadcrumb":{"@id":"https:\/\/www.fcbarcelonanoticias.com\/en\/football\/lamine-yamal-surrenders-homage-to-neymar_305683_102.html#breadcrumb"},"inLanguage":"en-US","potentialAction":[{"@type":"ReadAction","target":["https:\/\/www.fcbarcelonanoticias.com\/en\/football\/lamine-yamal-surrenders-homage-to-neymar_305683_102.html"]}]},{"@type":"ImageObject","inLanguage":"en-US","@id":"https:\/\/www.fcbarcelonanoticias.com\/en\/football\/lamine-yamal-surrenders-homage-to-neymar_305683_102.html#primaryimage","url":"https:\/\/www.fcbarcelonanoticias.com\/en\/wp-content\/uploads\/sites\/2\/2026\/03\/lamine-yamal-en-la-eurocopa.gif","contentUrl":"https:\/\/www.fcbarcelonanoticias.com\/en\/wp-content\/uploads\/sites\/2\/2026\/03\/lamine-yamal-en-la-eurocopa.gif","width":1300,"height":723},{"@type":"BreadcrumbList","@id":"https:\/\/www.fcbarcelonanoticias.com\/en\/football\/lamine-yamal-surrenders-homage-to-neymar_305683_102.html#breadcrumb","itemListElement":[{"@type":"ListItem","position":1,"name":"Portada","item":"https:\/\/www.fcbarcelonanoticias.com\/en\/"},{"@type":"ListItem","position":2,"name":"Lamine Yamal pays tribute to Neymar"}]},{"@type":"WebSite","@id":"https:\/\/www.fcbarcelonanoticias.com\/en\/#website","url":"https:\/\/www.fcbarcelonanoticias.com\/en\/","name":"EN - FC Barcelona Noticias","description":"","potentialAction":[{"@type":"SearchAction","target":{"@type":"EntryPoint","urlTemplate":"https:\/\/www.fcbarcelonanoticias.com\/en\/?s={search_term_string}"},"query-input":{"@type":"PropertyValueSpecification","valueRequired":true,"valueName":"search_term_string"}}],"inLanguage":"en-US"},{"@type":"Person","@id":"https:\/\/www.fcbarcelonanoticias.com\/en\/#\/schema\/person\/5dbbcfa0643340852c9294383c353679","name":"Jes\u00fas Bol\u00edvar","image":{"@type":"ImageObject","inLanguage":"en-US","@id":"https:\/\/secure.gravatar.com\/avatar\/?s=96&d=mm&r=g","url":"https:\/\/secure.gravatar.com\/avatar\/?s=96&d=mm&r=g","contentUrl":"https:\/\/secure.gravatar.com\/avatar\/?s=96&d=mm&r=g","caption":"Jes\u00fas Bol\u00edvar"},"url":"https:\/\/www.fcbarcelonanoticias.com\/en\/jesus-bolivar_28_115.html"}]}},"_links":{"self":[{"href":"https:\/\/www.fcbarcelonanoticias.com\/en\/wp-json\/wp\/v2\/posts\/40913","targetHints":{"allow":["GET"]}}],"collection":[{"href":"https:\/\/www.fcbarcelonanoticias.com\/en\/wp-json\/wp\/v2\/posts"}],"about":[{"href":"https:\/\/www.fcbarcelonanoticias.com\/en\/wp-json\/wp\/v2\/types\/post"}],"author":[{"embeddable":true,"href":"https:\/\/www.fcbarcelonanoticias.com\/en\/wp-json\/wp\/v2\/users\/350"}],"replies":[{"embeddable":true,"href":"https:\/\/www.fcbarcelonanoticias.com\/en\/wp-json\/wp\/v2\/comments?post=40913"}],"version-history":[{"count":1,"href":"https:\/\/www.fcbarcelonanoticias.com\/en\/wp-json\/wp\/v2\/posts\/40913\/revisions"}],"predecessor-version":[{"id":40914,"href":"https:\/\/www.fcbarcelonanoticias.com\/en\/wp-json\/wp\/v2\/posts\/40913\/revisions\/40914"}],"wp:featuredmedia":[{"embeddable":true,"href":"https:\/\/www.fcbarcelonanoticias.com\/en\/wp-json\/wp\/v2\/media\/23329"}],"wp:attachment":[{"href":"https:\/\/www.fcbarcelonanoticias.com\/en\/wp-json\/wp\/v2\/media?parent=40913"}],"wp:term":[{"taxonomy":"category","embeddable":true,"href":"https:\/\/www.fcbarcelonanoticias.com\/en\/wp-json\/wp\/v2\/categories?post=40913"},{"taxonomy":"post_tag","embeddable":true,"href":"https:\/\/www.fcbarcelonanoticias.com\/en\/wp-json\/wp\/v2\/tags?post=40913"}],"curies":[{"name":"wp","href":"https:\/\/api.w.org\/{rel}","templated":true}]}}