{"id":41095,"date":"2024-12-11T19:29:00","date_gmt":"2024-12-11T18:29:00","guid":{"rendered":"https:\/\/weisetech.dev\/fc-barcelona-noticias\/en\/official-spain-portugal-and-morocco-ratified-by-fifa-as-hosts-of-the-2030-world-cup_309235_102\/"},"modified":"2024-12-11T21:56:00","modified_gmt":"2024-12-11T20:56:00","slug":"official-spain-portugal-and-morocco-ratified-by-fifa-as-hosts-of-the-2030-world-cup_309235_102","status":"publish","type":"post","link":"https:\/\/www.fcbarcelonanoticias.com\/en\/football\/official-spain-portugal-and-morocco-ratified-by-fifa-as-hosts-of-the-2030-world-cup_309235_102.html","title":{"rendered":"OFFICIAL: Spain, Portugal and Morocco, ratified by FIFA as hosts of the 2030 World Cup"},"content":{"rendered":"<h2 class=\"wp-block-heading\">It&#8217;s now official: Spain will once again host a new World Cup, this time in 2030, and it will do so hand in hand with Portugal and Morocco, within the framework of a historic event<\/h2>  \r\n<div class=\"article-addons\">\r\n    <a href=\"https:\/\/www.fcbarcelonanoticias.com\/en\/calendar-fc-barcelona.html\"\r\n       target=\"_self\"\r\n       title=\"Calendar of FC Barcelona\"\r\n       class=\"blue-gredient-btn\">\r\n       \r\n        Calendar of FC Barcelona    <\/a>\r\n<\/div>   <p><strong>Spain is celebrating<\/strong>,<strong>&nbsp;<\/strong>as this Wednesday, December 11, it was confirmed through an&nbsp;<strong>Extraordinary Congress<\/strong>&nbsp;of FIFA presented from Zurich (Switzerland),&nbsp;<strong>the awarding of the 2030 World Cup<\/strong>. This tournament will be hosted by <strong>Spain<\/strong>, which will welcome it 48 years after its last organization (1982), <strong>in collaboration with Portugal and Morocco<\/strong>. This event is also special because it coincides with the centenary of this competition, which had its first tournament in <strong>Uruguay in 1930<\/strong>.<\/p>  <div class=\"article-video-wrapper\" data-ck-asset-wrapper=\"\"> <div class=\"article-video\"> <p style=\"text-align: center;\"><\/p> <\/div> <\/div>  <p>The decision was received during an online event held at <strong>the Ciudad del F\u00fatbol de Las Rozas<\/strong>,<strong>&nbsp;<\/strong>which was attended by authorities from different federations of the bids from <strong>Morocco, Portugal, and Spain<\/strong>.<strong>&nbsp;<\/strong>The Minister of Education, Vocational Training and Sports, and Government Spokesperson, <strong>Pilar Alegr\u00eda<\/strong>, and <strong>\u00c1ngel V\u00edctor Torres P\u00e9rez<\/strong>, Minister of Territorial Policy and Democratic Memory, also attended. Representatives from teams were present, including <strong>Emilio Butrague\u00f1o<\/strong>,<strong>&nbsp;<\/strong>director of institutional relations for Real Madrid.<\/p>  <p>Likewise, authorities from various regional institutions of the territories involved in the <strong>2030 World Cup bid<\/strong> were also present, including the president of the managing board of the Royal Spanish Football Federation (RFEF),&nbsp;<strong>Mar\u00eda \u00c1ngeles Garc\u00eda Chaves, &#8216;Yaye&#8217;<\/strong>.<\/p>  <h3>The 2030 World Cup will also be held in South America<\/h3>  <p>These three nations have prevailed over three other countries that had offered their bids to host this event: <strong>Uruguay, Argentina, and Paraguay<\/strong>. These nations sought to appeal to the return of this competition to where it all began, in the land of the Charr\u00faas. However, this could not be realized.<\/p>  <p>Nevertheless, not all is lost for these three countries, as they know that <strong>they will at least host one match for the 2030 World Cup<\/strong>.<strong>&nbsp;<\/strong>The Centenario Stadium in Montevideo, Uruguay, will be the&nbsp;venue&nbsp;responsible for hosting the first match of this grand event. Additionally, there will be a match in <strong>Argentina<\/strong>, to be held at the Monumental in Buenos Aires, and another in&nbsp;<strong>Paraguay<\/strong>, which will debut at the Osvaldo Dom\u00ednguez Dibb Stadium. These matches are how <strong>FIFA found a way to commemorate the centenary of the competition<\/strong>.<\/p>  <h3>Which stadiums will host the 2030 World Cup?<\/h3>  <p>In this regard, while <strong>all the venues available for this tournament<\/strong> <strong>in Spain, Morocco, and Portugal<\/strong> are known, it is still unclear where the World Cup final will be held. At the moment, three stadiums are vying to host these events: the Santiago Bernab\u00e9u, home of Real Madrid; <strong>the Spotify Camp Nou, home of Barcelona<\/strong>; and the Grand Hassan II Stadium in Casablanca, a venue that has not yet begun construction. Since this decision is apparently not expected to be revealed yet, it is anticipated that it will be made in 2026.<\/p>  <h4>In Spain:<\/h4>  <ol> <li> <strong>Santiago Bernab\u00e9u (Madrid).<\/strong>&nbsp;Capacity in 2030: 78,297.&nbsp;<\/li> \t<li> <strong>Camp Nou (Barcelona).<\/strong>&nbsp;Capacity in 2030: 103,447.<\/li> \t<li> <strong>Metropolitano (Madrid).&nbsp;<\/strong>Capacity in 2030: 70,650.<\/li> \t<li> <strong>La Cartuja (Sevilla).<\/strong>&nbsp;Capacity in 2030: 71,000.<\/li> \t<li> <strong>RCDE Stadium (Barcelona).<\/strong>&nbsp;Capacity in 2030: 40,259.<\/li> \t<li> <strong>San Mam\u00e9s (Bilbao).<\/strong>&nbsp;Capacity in 2030: 53,633.<\/li> \t<li> <strong>Estadio Gran Canaria (Las Palmas).&nbsp;<\/strong>Capacity in 2030: 44,500.<\/li> \t<li> <strong>La Rosaleda (M\u00e1laga).&nbsp;<\/strong>Capacity in 2030: 45,000.<\/li> \t<li> <strong>Anoeta (San Sebasti\u00e1n).&nbsp;<\/strong>Capacity in 2030: 42,300.<\/li> \t<li> <strong>Riazor (La Coru\u00f1a).&nbsp;<\/strong>Capacity in 2030: 48,015.<\/li> \t<li> <strong>Nuevo Romareda (Zaragoza).&nbsp;<\/strong>Capacity in 2030: 43,144.<\/li> <\/ol> <h4>In Morocco:<\/h4>  <ol> <li> <strong>Grand Hassan II Stadium (Casablanca).<\/strong>&nbsp;Capacity in 2030: 115,000.<\/li> \t<li> <strong>Prince Moulay Abdellah (Rabat).&nbsp;<\/strong>Capacity in 2030: 68,700.<\/li> \t<li> <strong>Grand Stadium of Tangier.&nbsp;<\/strong>Capacity in 2030: 75,600.<\/li> \t<li> <strong>Grand Agadir Stadium.<\/strong>&nbsp;Capacity in 2030: 46,000.<\/li> \t<li> <strong>Grand F\u00e8s Stadium.&nbsp;<\/strong>Capacity in 2030: 55<\/li> <\/ol> <h4>In Portugal:<\/h4>  <ol> <li> <strong>Estadio Da Luz (Lisbon).<\/strong>&nbsp;Capacity in 2030: 65,209.<\/li> \t<li> <strong>Estadio do Dragao (Porto).&nbsp;<\/strong>Capacity in 2030: 51,075.<\/li> \t<li> <strong>Estadio Jos\u00e9 Alvalade (Lisbon).&nbsp;<\/strong>Capacity in 2030: 50,103.&nbsp;<\/li> <\/ol> ","protected":false},"excerpt":{"rendered":"<p>It&#8217;s now official: Spain will once again host a new World Cup, this time in 2030, and it will do so hand in hand with Portugal and Morocco, within the framework of a historic event Spain is celebrating,&nbsp;as this Wednesday, December 11, it was confirmed through an&nbsp;Extraordinary Congress&nbsp;of FIFA presented from Zurich (Switzerland),&nbsp;the awarding of [&hellip;]<\/p>\n","protected":false},"author":355,"featured_media":41096,"comment_status":"closed","ping_status":"open","sticky":false,"template":"","format":"standard","meta":{"_acf_changed":false,"inline_featured_image":false,"_nextfly_llmd_date_locked":false,"footnotes":""},"categories":[452,109],"tags":[82,162,399,91,95,172],"class_list":["post-41095","post","type-post","status-publish","format-standard","has-post-thumbnail","hentry","category-football-2","category-football","tag-camp-nou","tag-fifa","tag-football-world-cup","tag-national-teams","tag-rfef","tag-videos"],"acf":[],"yoast_head":"<!-- This site is optimized with the Yoast SEO plugin v27.3 - https:\/\/yoast.com\/product\/yoast-seo-wordpress\/ -->\n<title>OFFICIAL: Spain, Portugal and Morocco, ratified by FIFA as hosts of the 2030 World Cup<\/title>\n<meta name=\"description\" content=\"It&#039;s now official: Spain will once again host a new World Cup, this time in 2030, and it will do so hand in hand with Portugal and Morocco, within the framework of a historic event\" \/>\n<meta name=\"robots\" content=\"index, follow, max-snippet:-1, max-image-preview:large, max-video-preview:-1\" \/>\n<link rel=\"canonical\" href=\"https:\/\/www.fcbarcelonanoticias.com\/en\/football\/official-spain-portugal-and-morocco-ratified-by-fifa-as-hosts-of-the-2030-world-cup_309235_102.html\" \/>\n<meta property=\"og:locale\" content=\"en_US\" \/>\n<meta property=\"og:type\" content=\"article\" \/>\n<meta property=\"og:title\" content=\"OFFICIAL: Spain, Portugal and Morocco, ratified by FIFA as hosts of the 2030 World Cup\" \/>\n<meta property=\"og:description\" content=\"It&#039;s now official: Spain will once again host a new World Cup, this time in 2030, and it will do so hand in hand with Portugal and Morocco, within the framework of a historic event\" \/>\n<meta property=\"og:url\" content=\"https:\/\/www.fcbarcelonanoticias.com\/en\/football\/official-spain-portugal-and-morocco-ratified-by-fifa-as-hosts-of-the-2030-world-cup_309235_102.html\" \/>\n<meta property=\"og:site_name\" content=\"EN - FC Barcelona Noticias\" \/>\n<meta property=\"article:published_time\" content=\"2024-12-11T18:29:00+00:00\" \/>\n<meta property=\"article:modified_time\" content=\"2024-12-11T20:56:00+00:00\" \/>\n<meta property=\"og:image\" content=\"https:\/\/www.fcbarcelonanoticias.com\/en\/wp-content\/uploads\/sites\/2\/2024\/12\/la-copa-del-mundo-de-2030-espana-portugal-y-marruecos.jpeg\" \/>\n\t<meta property=\"og:image:width\" content=\"1200\" \/>\n\t<meta property=\"og:image:height\" content=\"675\" \/>\n\t<meta property=\"og:image:type\" content=\"image\/jpeg\" \/>\n<meta name=\"author\" content=\"Kevin G\u00f3mez\" \/>\n<meta name=\"twitter:card\" content=\"summary_large_image\" \/>\n<meta name=\"twitter:label1\" content=\"Written by\" \/>\n\t<meta name=\"twitter:data1\" content=\"Kevin G\u00f3mez\" \/>\n\t<meta name=\"twitter:label2\" content=\"Est. reading time\" \/>\n\t<meta name=\"twitter:data2\" content=\"3 minutes\" \/>\n<script type=\"application\/ld+json\" class=\"yoast-schema-graph\">{\"@context\":\"https:\\\/\\\/schema.org\",\"@graph\":[{\"@type\":\"Article\",\"@id\":\"https:\\\/\\\/www.fcbarcelonanoticias.com\\\/en\\\/football\\\/official-spain-portugal-and-morocco-ratified-by-fifa-as-hosts-of-the-2030-world-cup_309235_102.html#article\",\"isPartOf\":{\"@id\":\"https:\\\/\\\/www.fcbarcelonanoticias.com\\\/en\\\/football\\\/official-spain-portugal-and-morocco-ratified-by-fifa-as-hosts-of-the-2030-world-cup_309235_102.html\"},\"author\":{\"name\":\"Kevin G\u00f3mez\",\"@id\":\"https:\\\/\\\/www.fcbarcelonanoticias.com\\\/en\\\/#\\\/schema\\\/person\\\/991443f134df9a64c6874f96ff984c9d\"},\"headline\":\"OFFICIAL: Spain, Portugal and Morocco, ratified by FIFA as hosts of the 2030 World Cup\",\"datePublished\":\"2024-12-11T18:29:00+00:00\",\"dateModified\":\"2024-12-11T20:56:00+00:00\",\"mainEntityOfPage\":{\"@id\":\"https:\\\/\\\/www.fcbarcelonanoticias.com\\\/en\\\/football\\\/official-spain-portugal-and-morocco-ratified-by-fifa-as-hosts-of-the-2030-world-cup_309235_102.html\"},\"wordCount\":636,\"image\":{\"@id\":\"https:\\\/\\\/www.fcbarcelonanoticias.com\\\/en\\\/football\\\/official-spain-portugal-and-morocco-ratified-by-fifa-as-hosts-of-the-2030-world-cup_309235_102.html#primaryimage\"},\"thumbnailUrl\":\"https:\\\/\\\/www.fcbarcelonanoticias.com\\\/en\\\/wp-content\\\/uploads\\\/sites\\\/2\\\/2024\\\/12\\\/la-copa-del-mundo-de-2030-espana-portugal-y-marruecos.jpeg\",\"keywords\":[\"Camp Nou\",\"FIFA\",\"Football World Cup\",\"National Teams\",\"RFEF\",\"Videos\"],\"articleSection\":[\"Football\",\"Football\"],\"inLanguage\":\"en-US\"},{\"@type\":\"WebPage\",\"@id\":\"https:\\\/\\\/www.fcbarcelonanoticias.com\\\/en\\\/football\\\/official-spain-portugal-and-morocco-ratified-by-fifa-as-hosts-of-the-2030-world-cup_309235_102.html\",\"url\":\"https:\\\/\\\/www.fcbarcelonanoticias.com\\\/en\\\/football\\\/official-spain-portugal-and-morocco-ratified-by-fifa-as-hosts-of-the-2030-world-cup_309235_102.html\",\"name\":\"OFFICIAL: Spain, Portugal and Morocco, ratified by FIFA as hosts of the 2030 World Cup\",\"isPartOf\":{\"@id\":\"https:\\\/\\\/www.fcbarcelonanoticias.com\\\/en\\\/#website\"},\"primaryImageOfPage\":{\"@id\":\"https:\\\/\\\/www.fcbarcelonanoticias.com\\\/en\\\/football\\\/official-spain-portugal-and-morocco-ratified-by-fifa-as-hosts-of-the-2030-world-cup_309235_102.html#primaryimage\"},\"image\":{\"@id\":\"https:\\\/\\\/www.fcbarcelonanoticias.com\\\/en\\\/football\\\/official-spain-portugal-and-morocco-ratified-by-fifa-as-hosts-of-the-2030-world-cup_309235_102.html#primaryimage\"},\"thumbnailUrl\":\"https:\\\/\\\/www.fcbarcelonanoticias.com\\\/en\\\/wp-content\\\/uploads\\\/sites\\\/2\\\/2024\\\/12\\\/la-copa-del-mundo-de-2030-espana-portugal-y-marruecos.jpeg\",\"datePublished\":\"2024-12-11T18:29:00+00:00\",\"dateModified\":\"2024-12-11T20:56:00+00:00\",\"author\":{\"@id\":\"https:\\\/\\\/www.fcbarcelonanoticias.com\\\/en\\\/#\\\/schema\\\/person\\\/991443f134df9a64c6874f96ff984c9d\"},\"description\":\"It's now official: Spain will once again host a new World Cup, this time in 2030, and it will do so hand in hand with Portugal and Morocco, within the framework of a historic event\",\"breadcrumb\":{\"@id\":\"https:\\\/\\\/www.fcbarcelonanoticias.com\\\/en\\\/football\\\/official-spain-portugal-and-morocco-ratified-by-fifa-as-hosts-of-the-2030-world-cup_309235_102.html#breadcrumb\"},\"inLanguage\":\"en-US\",\"potentialAction\":[{\"@type\":\"ReadAction\",\"target\":[\"https:\\\/\\\/www.fcbarcelonanoticias.com\\\/en\\\/football\\\/official-spain-portugal-and-morocco-ratified-by-fifa-as-hosts-of-the-2030-world-cup_309235_102.html\"]}]},{\"@type\":\"ImageObject\",\"inLanguage\":\"en-US\",\"@id\":\"https:\\\/\\\/www.fcbarcelonanoticias.com\\\/en\\\/football\\\/official-spain-portugal-and-morocco-ratified-by-fifa-as-hosts-of-the-2030-world-cup_309235_102.html#primaryimage\",\"url\":\"https:\\\/\\\/www.fcbarcelonanoticias.com\\\/en\\\/wp-content\\\/uploads\\\/sites\\\/2\\\/2024\\\/12\\\/la-copa-del-mundo-de-2030-espana-portugal-y-marruecos.jpeg\",\"contentUrl\":\"https:\\\/\\\/www.fcbarcelonanoticias.com\\\/en\\\/wp-content\\\/uploads\\\/sites\\\/2\\\/2024\\\/12\\\/la-copa-del-mundo-de-2030-espana-portugal-y-marruecos.jpeg\",\"width\":1200,\"height\":675},{\"@type\":\"BreadcrumbList\",\"@id\":\"https:\\\/\\\/www.fcbarcelonanoticias.com\\\/en\\\/football\\\/official-spain-portugal-and-morocco-ratified-by-fifa-as-hosts-of-the-2030-world-cup_309235_102.html#breadcrumb\",\"itemListElement\":[{\"@type\":\"ListItem\",\"position\":1,\"name\":\"Portada\",\"item\":\"https:\\\/\\\/www.fcbarcelonanoticias.com\\\/en\\\/\"},{\"@type\":\"ListItem\",\"position\":2,\"name\":\"OFFICIAL: Spain, Portugal and Morocco, ratified by FIFA as hosts of the 2030 World Cup\"}]},{\"@type\":\"WebSite\",\"@id\":\"https:\\\/\\\/www.fcbarcelonanoticias.com\\\/en\\\/#website\",\"url\":\"https:\\\/\\\/www.fcbarcelonanoticias.com\\\/en\\\/\",\"name\":\"EN - FC Barcelona Noticias\",\"description\":\"\",\"potentialAction\":[{\"@type\":\"SearchAction\",\"target\":{\"@type\":\"EntryPoint\",\"urlTemplate\":\"https:\\\/\\\/www.fcbarcelonanoticias.com\\\/en\\\/?s={search_term_string}\"},\"query-input\":{\"@type\":\"PropertyValueSpecification\",\"valueRequired\":true,\"valueName\":\"search_term_string\"}}],\"inLanguage\":\"en-US\"},{\"@type\":\"Person\",\"@id\":\"https:\\\/\\\/www.fcbarcelonanoticias.com\\\/en\\\/#\\\/schema\\\/person\\\/991443f134df9a64c6874f96ff984c9d\",\"name\":\"Kevin G\u00f3mez\",\"image\":{\"@type\":\"ImageObject\",\"inLanguage\":\"en-US\",\"@id\":\"https:\\\/\\\/secure.gravatar.com\\\/avatar\\\/?s=96&d=mm&r=g\",\"url\":\"https:\\\/\\\/secure.gravatar.com\\\/avatar\\\/?s=96&d=mm&r=g\",\"contentUrl\":\"https:\\\/\\\/secure.gravatar.com\\\/avatar\\\/?s=96&d=mm&r=g\",\"caption\":\"Kevin G\u00f3mez\"},\"description\":\"Licenciado\u00a0en Periodismo y Comunicaci\u00f3n Audiovisual. Redactor en FCBN responsable de cubrir toda\u00a0la informaci\u00f3n del FC Barcelona y las principales competiciones de\u00a0f\u00fatbol.\",\"url\":\"https:\\\/\\\/www.fcbarcelonanoticias.com\\\/en\\\/jugadores\\\/kevin-gomez_23_115.html\"}]}<\/script>\n<!-- \/ Yoast SEO plugin. -->","yoast_head_json":{"title":"OFFICIAL: Spain, Portugal and Morocco, ratified by FIFA as hosts of the 2030 World Cup","description":"It's now official: Spain will once again host a new World Cup, this time in 2030, and it will do so hand in hand with Portugal and Morocco, within the framework of a historic event","robots":{"index":"index","follow":"follow","max-snippet":"max-snippet:-1","max-image-preview":"max-image-preview:large","max-video-preview":"max-video-preview:-1"},"canonical":"https:\/\/www.fcbarcelonanoticias.com\/en\/football\/official-spain-portugal-and-morocco-ratified-by-fifa-as-hosts-of-the-2030-world-cup_309235_102.html","og_locale":"en_US","og_type":"article","og_title":"OFFICIAL: Spain, Portugal and Morocco, ratified by FIFA as hosts of the 2030 World Cup","og_description":"It's now official: Spain will once again host a new World Cup, this time in 2030, and it will do so hand in hand with Portugal and Morocco, within the framework of a historic event","og_url":"https:\/\/www.fcbarcelonanoticias.com\/en\/football\/official-spain-portugal-and-morocco-ratified-by-fifa-as-hosts-of-the-2030-world-cup_309235_102.html","og_site_name":"EN - FC Barcelona Noticias","article_published_time":"2024-12-11T18:29:00+00:00","article_modified_time":"2024-12-11T20:56:00+00:00","og_image":[{"width":1200,"height":675,"url":"https:\/\/www.fcbarcelonanoticias.com\/en\/wp-content\/uploads\/sites\/2\/2024\/12\/la-copa-del-mundo-de-2030-espana-portugal-y-marruecos.jpeg","type":"image\/jpeg"}],"author":"Kevin G\u00f3mez","twitter_card":"summary_large_image","twitter_misc":{"Written by":"Kevin G\u00f3mez","Est. reading time":"3 minutes"},"schema":{"@context":"https:\/\/schema.org","@graph":[{"@type":"Article","@id":"https:\/\/www.fcbarcelonanoticias.com\/en\/football\/official-spain-portugal-and-morocco-ratified-by-fifa-as-hosts-of-the-2030-world-cup_309235_102.html#article","isPartOf":{"@id":"https:\/\/www.fcbarcelonanoticias.com\/en\/football\/official-spain-portugal-and-morocco-ratified-by-fifa-as-hosts-of-the-2030-world-cup_309235_102.html"},"author":{"name":"Kevin G\u00f3mez","@id":"https:\/\/www.fcbarcelonanoticias.com\/en\/#\/schema\/person\/991443f134df9a64c6874f96ff984c9d"},"headline":"OFFICIAL: Spain, Portugal and Morocco, ratified by FIFA as hosts of the 2030 World Cup","datePublished":"2024-12-11T18:29:00+00:00","dateModified":"2024-12-11T20:56:00+00:00","mainEntityOfPage":{"@id":"https:\/\/www.fcbarcelonanoticias.com\/en\/football\/official-spain-portugal-and-morocco-ratified-by-fifa-as-hosts-of-the-2030-world-cup_309235_102.html"},"wordCount":636,"image":{"@id":"https:\/\/www.fcbarcelonanoticias.com\/en\/football\/official-spain-portugal-and-morocco-ratified-by-fifa-as-hosts-of-the-2030-world-cup_309235_102.html#primaryimage"},"thumbnailUrl":"https:\/\/www.fcbarcelonanoticias.com\/en\/wp-content\/uploads\/sites\/2\/2024\/12\/la-copa-del-mundo-de-2030-espana-portugal-y-marruecos.jpeg","keywords":["Camp Nou","FIFA","Football World Cup","National Teams","RFEF","Videos"],"articleSection":["Football","Football"],"inLanguage":"en-US"},{"@type":"WebPage","@id":"https:\/\/www.fcbarcelonanoticias.com\/en\/football\/official-spain-portugal-and-morocco-ratified-by-fifa-as-hosts-of-the-2030-world-cup_309235_102.html","url":"https:\/\/www.fcbarcelonanoticias.com\/en\/football\/official-spain-portugal-and-morocco-ratified-by-fifa-as-hosts-of-the-2030-world-cup_309235_102.html","name":"OFFICIAL: Spain, Portugal and Morocco, ratified by FIFA as hosts of the 2030 World Cup","isPartOf":{"@id":"https:\/\/www.fcbarcelonanoticias.com\/en\/#website"},"primaryImageOfPage":{"@id":"https:\/\/www.fcbarcelonanoticias.com\/en\/football\/official-spain-portugal-and-morocco-ratified-by-fifa-as-hosts-of-the-2030-world-cup_309235_102.html#primaryimage"},"image":{"@id":"https:\/\/www.fcbarcelonanoticias.com\/en\/football\/official-spain-portugal-and-morocco-ratified-by-fifa-as-hosts-of-the-2030-world-cup_309235_102.html#primaryimage"},"thumbnailUrl":"https:\/\/www.fcbarcelonanoticias.com\/en\/wp-content\/uploads\/sites\/2\/2024\/12\/la-copa-del-mundo-de-2030-espana-portugal-y-marruecos.jpeg","datePublished":"2024-12-11T18:29:00+00:00","dateModified":"2024-12-11T20:56:00+00:00","author":{"@id":"https:\/\/www.fcbarcelonanoticias.com\/en\/#\/schema\/person\/991443f134df9a64c6874f96ff984c9d"},"description":"It's now official: Spain will once again host a new World Cup, this time in 2030, and it will do so hand in hand with Portugal and Morocco, within the framework of a historic event","breadcrumb":{"@id":"https:\/\/www.fcbarcelonanoticias.com\/en\/football\/official-spain-portugal-and-morocco-ratified-by-fifa-as-hosts-of-the-2030-world-cup_309235_102.html#breadcrumb"},"inLanguage":"en-US","potentialAction":[{"@type":"ReadAction","target":["https:\/\/www.fcbarcelonanoticias.com\/en\/football\/official-spain-portugal-and-morocco-ratified-by-fifa-as-hosts-of-the-2030-world-cup_309235_102.html"]}]},{"@type":"ImageObject","inLanguage":"en-US","@id":"https:\/\/www.fcbarcelonanoticias.com\/en\/football\/official-spain-portugal-and-morocco-ratified-by-fifa-as-hosts-of-the-2030-world-cup_309235_102.html#primaryimage","url":"https:\/\/www.fcbarcelonanoticias.com\/en\/wp-content\/uploads\/sites\/2\/2024\/12\/la-copa-del-mundo-de-2030-espana-portugal-y-marruecos.jpeg","contentUrl":"https:\/\/www.fcbarcelonanoticias.com\/en\/wp-content\/uploads\/sites\/2\/2024\/12\/la-copa-del-mundo-de-2030-espana-portugal-y-marruecos.jpeg","width":1200,"height":675},{"@type":"BreadcrumbList","@id":"https:\/\/www.fcbarcelonanoticias.com\/en\/football\/official-spain-portugal-and-morocco-ratified-by-fifa-as-hosts-of-the-2030-world-cup_309235_102.html#breadcrumb","itemListElement":[{"@type":"ListItem","position":1,"name":"Portada","item":"https:\/\/www.fcbarcelonanoticias.com\/en\/"},{"@type":"ListItem","position":2,"name":"OFFICIAL: Spain, Portugal and Morocco, ratified by FIFA as hosts of the 2030 World Cup"}]},{"@type":"WebSite","@id":"https:\/\/www.fcbarcelonanoticias.com\/en\/#website","url":"https:\/\/www.fcbarcelonanoticias.com\/en\/","name":"EN - FC Barcelona Noticias","description":"","potentialAction":[{"@type":"SearchAction","target":{"@type":"EntryPoint","urlTemplate":"https:\/\/www.fcbarcelonanoticias.com\/en\/?s={search_term_string}"},"query-input":{"@type":"PropertyValueSpecification","valueRequired":true,"valueName":"search_term_string"}}],"inLanguage":"en-US"},{"@type":"Person","@id":"https:\/\/www.fcbarcelonanoticias.com\/en\/#\/schema\/person\/991443f134df9a64c6874f96ff984c9d","name":"Kevin G\u00f3mez","image":{"@type":"ImageObject","inLanguage":"en-US","@id":"https:\/\/secure.gravatar.com\/avatar\/?s=96&d=mm&r=g","url":"https:\/\/secure.gravatar.com\/avatar\/?s=96&d=mm&r=g","contentUrl":"https:\/\/secure.gravatar.com\/avatar\/?s=96&d=mm&r=g","caption":"Kevin G\u00f3mez"},"description":"Licenciado\u00a0en Periodismo y Comunicaci\u00f3n Audiovisual. Redactor en FCBN responsable de cubrir toda\u00a0la informaci\u00f3n del FC Barcelona y las principales competiciones de\u00a0f\u00fatbol.","url":"https:\/\/www.fcbarcelonanoticias.com\/en\/jugadores\/kevin-gomez_23_115.html"}]}},"_links":{"self":[{"href":"https:\/\/www.fcbarcelonanoticias.com\/en\/wp-json\/wp\/v2\/posts\/41095","targetHints":{"allow":["GET"]}}],"collection":[{"href":"https:\/\/www.fcbarcelonanoticias.com\/en\/wp-json\/wp\/v2\/posts"}],"about":[{"href":"https:\/\/www.fcbarcelonanoticias.com\/en\/wp-json\/wp\/v2\/types\/post"}],"author":[{"embeddable":true,"href":"https:\/\/www.fcbarcelonanoticias.com\/en\/wp-json\/wp\/v2\/users\/355"}],"replies":[{"embeddable":true,"href":"https:\/\/www.fcbarcelonanoticias.com\/en\/wp-json\/wp\/v2\/comments?post=41095"}],"version-history":[{"count":1,"href":"https:\/\/www.fcbarcelonanoticias.com\/en\/wp-json\/wp\/v2\/posts\/41095\/revisions"}],"predecessor-version":[{"id":112178,"href":"https:\/\/www.fcbarcelonanoticias.com\/en\/wp-json\/wp\/v2\/posts\/41095\/revisions\/112178"}],"wp:featuredmedia":[{"embeddable":true,"href":"https:\/\/www.fcbarcelonanoticias.com\/en\/wp-json\/wp\/v2\/media\/41096"}],"wp:attachment":[{"href":"https:\/\/www.fcbarcelonanoticias.com\/en\/wp-json\/wp\/v2\/media?parent=41095"}],"wp:term":[{"taxonomy":"category","embeddable":true,"href":"https:\/\/www.fcbarcelonanoticias.com\/en\/wp-json\/wp\/v2\/categories?post=41095"},{"taxonomy":"post_tag","embeddable":true,"href":"https:\/\/www.fcbarcelonanoticias.com\/en\/wp-json\/wp\/v2\/tags?post=41095"}],"curies":[{"name":"wp","href":"https:\/\/api.w.org\/{rel}","templated":true}]}}