{"id":41168,"date":"2024-12-11T22:27:00","date_gmt":"2024-12-11T21:27:00","guid":{"rendered":"https:\/\/weisetech.dev\/fc-barcelona-noticias\/en\/nico-williams-injured-what-does-he-have-and-how-long-will-he-be-out-for_309237_102\/"},"modified":"2024-12-11T22:43:00","modified_gmt":"2024-12-11T21:43:00","slug":"nico-williams-injured-what-does-he-have-and-how-long-will-he-be-out-for_309237_102","status":"publish","type":"post","link":"https:\/\/www.fcbarcelonanoticias.com\/en\/football\/nico-williams-injured-what-does-he-have-and-how-long-will-he-be-out-for_309237_102.html","title":{"rendered":"Nico Williams, injured!: What does he have and how long will he be out for?"},"content":{"rendered":"<h2 class=\"wp-block-heading\">Athletic Club&#8217;s talented left winger, wanted by FC Barcelona, \u200b\u200bNico Williams, has suffered an injury. What type of injury is it and how long will you be out for? We tell you at FCBN<\/h2>  \r\n<div class=\"article-addons\">\r\n    <a href=\"https:\/\/www.fcbarcelonanoticias.com\/en\/calendar-fc-barcelona.html\"\r\n       target=\"_self\"\r\n       title=\"Calendar of FC Barcelona\"\r\n       class=\"blue-gredient-btn\">\r\n       \r\n        Calendar of FC Barcelona    <\/a>\r\n<\/div>   <p>The celebration of <strong>Athletic Club<\/strong> in Turkey, after achieving a significant 0-2 victory against <strong>Fenerbah\u00e7e<\/strong> managed by <strong>Jos\u00e9 Mourinho<\/strong>, a triumph that further paves their way towards the UEFA Europa League round of 16, was somewhat overshadowed by a particular incident: <strong>Nico Williams&#8217; injury<\/strong>.<\/p>  <p>The talented left winger had to leave the match against the &#8216;Yellow Canaries&#8217; in just the 38th minute, after collapsing on the turf of the \u015e\u00fckr\u00fc Saraco\u011flu Stadium without apparent reason, <strong>displaying clear signs of pain in the back of his right leg<\/strong>. Subsequently, <strong>he would end up leaving the field limping slightly<\/strong>, sparking alarms both within the Basque team and among their fans regarding the discomfort their star player might be experiencing.<\/p>  <h3>What injury did Nico Williams suffer with Athletic Club?<\/h3>  <p>Now, following the conclusion of the match, <strong>Athletic Club<\/strong> dispelled any doubts about <strong><a data-external=\"0\" data-intl-links-en=\"https:\/\/www.fcbarcelonanoticias.com\/en\/transfers\/the-barca-and-nico-williams-soap-opera-is-not-over-yet_309179_102.html\" data-intl-links-es=\"https:\/\/www.fcbarcelonanoticias.com\/fichajes\/culebron-barca-nico-williams-todavia-no-ha-acabado_309179_102.html\" href=\"https:\/\/www.fcbarcelonanoticias.com\/fichajes\/culebron-barca-nico-williams-todavia-no-ha-acabado_309179_102.html\" rel=\"follow\" target=\"_self\" title=\"Nico Williams to FC Barcelona? The soap opera continues\">Nico Williams&#8217;<\/a><\/strong> health status. Through a statement released on their various social media channels, the &#8216;lions&#8217; confirmed that the left winger had suffered a <strong>&#8220;severe contusion on his right leg&#8221;<\/strong>, a setback theoretically less serious than an injury. However, as detailed in the medical statement issued by the Bilbao team, it is still <strong>uncertain whether he will require an extended absence<\/strong>.<\/p>  <blockquote class=\"twitter-tweet\"> <p dir=\"ltr\" lang=\"es\">\ud83d\ude91 MEDICAL REPORT | Yeray \u00c1lvarez &amp; Nico Williams \ud83d\udc47<a href=\"https:\/\/twitter.com\/en\/ImqEuskadi?ref_src=twsrc%5Etfw\">@ImqEuskadi<\/a> | <a href=\"https:\/\/twitter.com\/en\/hashtag\/Fenerbah%C3%A7eAthletic?src=hash&amp;ref_src=twsrc%5Etfw\">#Fenerbah\u00e7eAthletic<\/a> <a href=\"https:\/\/twitter.com\/en\/hashtag\/AthleticClub?src=hash&amp;ref_src=twsrc%5Etfw\">#AthleticClub<\/a> \ud83e\udd81<\/p> \u2014 Athletic Club (@AthleticClub) <a href=\"https:\/\/twitter.com\/en\/AthleticClub\/status\/1866903494281801881?ref_src=twsrc%5Etfw\">December 11, 2024<\/a> <\/blockquote> <p>It will now be necessary to wait and see if <strong>Nico Williams<\/strong> will miss some matches with <strong>Athletic Club<\/strong>, as no specific recovery period has been specified, making it clear that his return to the field is <strong>&#8220;pending evolution&#8221;<\/strong>. This is a matter that will need to be evaluated, as the player, albeit uncomfortable, managed to leave on his own. Everything will depend on the seriousness of his physical injury.<\/p>  <p>There is also the possibility that it is simply a scare for <strong>Nico Williams<\/strong>, who, despite not showcasing his best statistics this 2024-25 season (two goals and five assists), remains <strong>undoubtedly one of the key players in the Basque team&#8217;s attack<\/strong>, contributing beyond mere numbers.<\/p> ","protected":false},"excerpt":{"rendered":"<p>Athletic Club&#8217;s talented left winger, wanted by FC Barcelona, \u200b\u200bNico Williams, has suffered an injury. What type of injury is it and how long will you be out for? We tell you at FCBN The celebration of Athletic Club in Turkey, after achieving a significant 0-2 victory against Fenerbah\u00e7e managed by Jos\u00e9 Mourinho, a triumph [&hellip;]<\/p>\n","protected":false},"author":355,"featured_media":41171,"comment_status":"closed","ping_status":"open","sticky":false,"template":"","format":"standard","meta":{"_acf_changed":false,"inline_featured_image":false,"_nextfly_llmd_date_locked":false,"footnotes":""},"categories":[452,109],"tags":[81,418,174],"class_list":["post-41168","post","type-post","status-publish","format-standard","has-post-thumbnail","hentry","category-football-2","category-football","tag-athletic-de-bilbao","tag-europa-league","tag-nico-williams"],"acf":[],"yoast_head":"<!-- This site is optimized with the Yoast SEO plugin v27.3 - https:\/\/yoast.com\/product\/yoast-seo-wordpress\/ -->\n<title>Nico Williams, injured!: What does he have and how long will he be out for?<\/title>\n<meta name=\"description\" content=\"Athletic Club&#039;s talented left winger, wanted by FC Barcelona, \u200b\u200bNico Williams, has suffered an injury. What type of injury is it and how long will you be out for? We tell you at FCBN\" \/>\n<meta name=\"robots\" content=\"index, follow, max-snippet:-1, max-image-preview:large, max-video-preview:-1\" \/>\n<link rel=\"canonical\" href=\"https:\/\/www.fcbarcelonanoticias.com\/en\/football\/nico-williams-injured-what-does-he-have-and-how-long-will-he-be-out-for_309237_102.html\" \/>\n<meta property=\"og:locale\" content=\"en_US\" \/>\n<meta property=\"og:type\" content=\"article\" \/>\n<meta property=\"og:title\" content=\"Nico Williams, injured!: What does he have and how long will he be out for?\" \/>\n<meta property=\"og:description\" content=\"Athletic Club&#039;s talented left winger, wanted by FC Barcelona, \u200b\u200bNico Williams, has suffered an injury. What type of injury is it and how long will you be out for? We tell you at FCBN\" \/>\n<meta property=\"og:url\" content=\"https:\/\/www.fcbarcelonanoticias.com\/en\/football\/nico-williams-injured-what-does-he-have-and-how-long-will-he-be-out-for_309237_102.html\" \/>\n<meta property=\"og:site_name\" content=\"EN - FC Barcelona Noticias\" \/>\n<meta property=\"article:published_time\" content=\"2024-12-11T21:27:00+00:00\" \/>\n<meta property=\"article:modified_time\" content=\"2024-12-11T21:43:00+00:00\" \/>\n<meta property=\"og:image\" content=\"https:\/\/www.fcbarcelonanoticias.com\/en\/wp-content\/uploads\/sites\/2\/2024\/12\/nico-e-inaki-williams-en-el-duelo-entre-el-athletic-club-y-el-real-madrid-en-laliga-ea-sports-2024-25-1.jpeg\" \/>\n\t<meta property=\"og:image:width\" content=\"1200\" \/>\n\t<meta property=\"og:image:height\" content=\"675\" \/>\n\t<meta property=\"og:image:type\" content=\"image\/jpeg\" \/>\n<meta name=\"author\" content=\"Kevin G\u00f3mez\" \/>\n<meta name=\"twitter:card\" content=\"summary_large_image\" \/>\n<meta name=\"twitter:label1\" content=\"Written by\" \/>\n\t<meta name=\"twitter:data1\" content=\"Kevin G\u00f3mez\" \/>\n\t<meta name=\"twitter:label2\" content=\"Est. reading time\" \/>\n\t<meta name=\"twitter:data2\" content=\"2 minutes\" \/>\n<script type=\"application\/ld+json\" class=\"yoast-schema-graph\">{\"@context\":\"https:\\\/\\\/schema.org\",\"@graph\":[{\"@type\":\"Article\",\"@id\":\"https:\\\/\\\/www.fcbarcelonanoticias.com\\\/en\\\/football\\\/nico-williams-injured-what-does-he-have-and-how-long-will-he-be-out-for_309237_102.html#article\",\"isPartOf\":{\"@id\":\"https:\\\/\\\/www.fcbarcelonanoticias.com\\\/en\\\/football\\\/nico-williams-injured-what-does-he-have-and-how-long-will-he-be-out-for_309237_102.html\"},\"author\":{\"name\":\"Kevin G\u00f3mez\",\"@id\":\"https:\\\/\\\/www.fcbarcelonanoticias.com\\\/en\\\/#\\\/schema\\\/person\\\/991443f134df9a64c6874f96ff984c9d\"},\"headline\":\"Nico Williams, injured!: What does he have and how long will he be out for?\",\"datePublished\":\"2024-12-11T21:27:00+00:00\",\"dateModified\":\"2024-12-11T21:43:00+00:00\",\"mainEntityOfPage\":{\"@id\":\"https:\\\/\\\/www.fcbarcelonanoticias.com\\\/en\\\/football\\\/nico-williams-injured-what-does-he-have-and-how-long-will-he-be-out-for_309237_102.html\"},\"wordCount\":382,\"image\":{\"@id\":\"https:\\\/\\\/www.fcbarcelonanoticias.com\\\/en\\\/football\\\/nico-williams-injured-what-does-he-have-and-how-long-will-he-be-out-for_309237_102.html#primaryimage\"},\"thumbnailUrl\":\"https:\\\/\\\/www.fcbarcelonanoticias.com\\\/en\\\/wp-content\\\/uploads\\\/sites\\\/2\\\/2024\\\/12\\\/nico-e-inaki-williams-en-el-duelo-entre-el-athletic-club-y-el-real-madrid-en-laliga-ea-sports-2024-25-1.jpeg\",\"keywords\":[\"Athletic de Bilbao\",\"Europa League\",\"Nico Williams\"],\"articleSection\":[\"Football\",\"Football\"],\"inLanguage\":\"en-US\"},{\"@type\":\"WebPage\",\"@id\":\"https:\\\/\\\/www.fcbarcelonanoticias.com\\\/en\\\/football\\\/nico-williams-injured-what-does-he-have-and-how-long-will-he-be-out-for_309237_102.html\",\"url\":\"https:\\\/\\\/www.fcbarcelonanoticias.com\\\/en\\\/football\\\/nico-williams-injured-what-does-he-have-and-how-long-will-he-be-out-for_309237_102.html\",\"name\":\"Nico Williams, injured!: What does he have and how long will he be out for?\",\"isPartOf\":{\"@id\":\"https:\\\/\\\/www.fcbarcelonanoticias.com\\\/en\\\/#website\"},\"primaryImageOfPage\":{\"@id\":\"https:\\\/\\\/www.fcbarcelonanoticias.com\\\/en\\\/football\\\/nico-williams-injured-what-does-he-have-and-how-long-will-he-be-out-for_309237_102.html#primaryimage\"},\"image\":{\"@id\":\"https:\\\/\\\/www.fcbarcelonanoticias.com\\\/en\\\/football\\\/nico-williams-injured-what-does-he-have-and-how-long-will-he-be-out-for_309237_102.html#primaryimage\"},\"thumbnailUrl\":\"https:\\\/\\\/www.fcbarcelonanoticias.com\\\/en\\\/wp-content\\\/uploads\\\/sites\\\/2\\\/2024\\\/12\\\/nico-e-inaki-williams-en-el-duelo-entre-el-athletic-club-y-el-real-madrid-en-laliga-ea-sports-2024-25-1.jpeg\",\"datePublished\":\"2024-12-11T21:27:00+00:00\",\"dateModified\":\"2024-12-11T21:43:00+00:00\",\"author\":{\"@id\":\"https:\\\/\\\/www.fcbarcelonanoticias.com\\\/en\\\/#\\\/schema\\\/person\\\/991443f134df9a64c6874f96ff984c9d\"},\"description\":\"Athletic Club's talented left winger, wanted by FC Barcelona, \u200b\u200bNico Williams, has suffered an injury. What type of injury is it and how long will you be out for? We tell you at FCBN\",\"breadcrumb\":{\"@id\":\"https:\\\/\\\/www.fcbarcelonanoticias.com\\\/en\\\/football\\\/nico-williams-injured-what-does-he-have-and-how-long-will-he-be-out-for_309237_102.html#breadcrumb\"},\"inLanguage\":\"en-US\",\"potentialAction\":[{\"@type\":\"ReadAction\",\"target\":[\"https:\\\/\\\/www.fcbarcelonanoticias.com\\\/en\\\/football\\\/nico-williams-injured-what-does-he-have-and-how-long-will-he-be-out-for_309237_102.html\"]}]},{\"@type\":\"ImageObject\",\"inLanguage\":\"en-US\",\"@id\":\"https:\\\/\\\/www.fcbarcelonanoticias.com\\\/en\\\/football\\\/nico-williams-injured-what-does-he-have-and-how-long-will-he-be-out-for_309237_102.html#primaryimage\",\"url\":\"https:\\\/\\\/www.fcbarcelonanoticias.com\\\/en\\\/wp-content\\\/uploads\\\/sites\\\/2\\\/2024\\\/12\\\/nico-e-inaki-williams-en-el-duelo-entre-el-athletic-club-y-el-real-madrid-en-laliga-ea-sports-2024-25-1.jpeg\",\"contentUrl\":\"https:\\\/\\\/www.fcbarcelonanoticias.com\\\/en\\\/wp-content\\\/uploads\\\/sites\\\/2\\\/2024\\\/12\\\/nico-e-inaki-williams-en-el-duelo-entre-el-athletic-club-y-el-real-madrid-en-laliga-ea-sports-2024-25-1.jpeg\",\"width\":1200,\"height\":675},{\"@type\":\"BreadcrumbList\",\"@id\":\"https:\\\/\\\/www.fcbarcelonanoticias.com\\\/en\\\/football\\\/nico-williams-injured-what-does-he-have-and-how-long-will-he-be-out-for_309237_102.html#breadcrumb\",\"itemListElement\":[{\"@type\":\"ListItem\",\"position\":1,\"name\":\"Portada\",\"item\":\"https:\\\/\\\/www.fcbarcelonanoticias.com\\\/en\\\/\"},{\"@type\":\"ListItem\",\"position\":2,\"name\":\"Nico Williams, injured!: What does he have and how long will he be out for?\"}]},{\"@type\":\"WebSite\",\"@id\":\"https:\\\/\\\/www.fcbarcelonanoticias.com\\\/en\\\/#website\",\"url\":\"https:\\\/\\\/www.fcbarcelonanoticias.com\\\/en\\\/\",\"name\":\"EN - FC Barcelona Noticias\",\"description\":\"\",\"potentialAction\":[{\"@type\":\"SearchAction\",\"target\":{\"@type\":\"EntryPoint\",\"urlTemplate\":\"https:\\\/\\\/www.fcbarcelonanoticias.com\\\/en\\\/?s={search_term_string}\"},\"query-input\":{\"@type\":\"PropertyValueSpecification\",\"valueRequired\":true,\"valueName\":\"search_term_string\"}}],\"inLanguage\":\"en-US\"},{\"@type\":\"Person\",\"@id\":\"https:\\\/\\\/www.fcbarcelonanoticias.com\\\/en\\\/#\\\/schema\\\/person\\\/991443f134df9a64c6874f96ff984c9d\",\"name\":\"Kevin G\u00f3mez\",\"image\":{\"@type\":\"ImageObject\",\"inLanguage\":\"en-US\",\"@id\":\"https:\\\/\\\/secure.gravatar.com\\\/avatar\\\/?s=96&d=mm&r=g\",\"url\":\"https:\\\/\\\/secure.gravatar.com\\\/avatar\\\/?s=96&d=mm&r=g\",\"contentUrl\":\"https:\\\/\\\/secure.gravatar.com\\\/avatar\\\/?s=96&d=mm&r=g\",\"caption\":\"Kevin G\u00f3mez\"},\"description\":\"Licenciado\u00a0en Periodismo y Comunicaci\u00f3n Audiovisual. Redactor en FCBN responsable de cubrir toda\u00a0la informaci\u00f3n del FC Barcelona y las principales competiciones de\u00a0f\u00fatbol.\",\"url\":\"https:\\\/\\\/www.fcbarcelonanoticias.com\\\/en\\\/jugadores\\\/kevin-gomez_23_115.html\"}]}<\/script>\n<!-- \/ Yoast SEO plugin. -->","yoast_head_json":{"title":"Nico Williams, injured!: What does he have and how long will he be out for?","description":"Athletic Club's talented left winger, wanted by FC Barcelona, \u200b\u200bNico Williams, has suffered an injury. What type of injury is it and how long will you be out for? We tell you at FCBN","robots":{"index":"index","follow":"follow","max-snippet":"max-snippet:-1","max-image-preview":"max-image-preview:large","max-video-preview":"max-video-preview:-1"},"canonical":"https:\/\/www.fcbarcelonanoticias.com\/en\/football\/nico-williams-injured-what-does-he-have-and-how-long-will-he-be-out-for_309237_102.html","og_locale":"en_US","og_type":"article","og_title":"Nico Williams, injured!: What does he have and how long will he be out for?","og_description":"Athletic Club's talented left winger, wanted by FC Barcelona, \u200b\u200bNico Williams, has suffered an injury. What type of injury is it and how long will you be out for? We tell you at FCBN","og_url":"https:\/\/www.fcbarcelonanoticias.com\/en\/football\/nico-williams-injured-what-does-he-have-and-how-long-will-he-be-out-for_309237_102.html","og_site_name":"EN - FC Barcelona Noticias","article_published_time":"2024-12-11T21:27:00+00:00","article_modified_time":"2024-12-11T21:43:00+00:00","og_image":[{"width":1200,"height":675,"url":"https:\/\/www.fcbarcelonanoticias.com\/en\/wp-content\/uploads\/sites\/2\/2024\/12\/nico-e-inaki-williams-en-el-duelo-entre-el-athletic-club-y-el-real-madrid-en-laliga-ea-sports-2024-25-1.jpeg","type":"image\/jpeg"}],"author":"Kevin G\u00f3mez","twitter_card":"summary_large_image","twitter_misc":{"Written by":"Kevin G\u00f3mez","Est. reading time":"2 minutes"},"schema":{"@context":"https:\/\/schema.org","@graph":[{"@type":"Article","@id":"https:\/\/www.fcbarcelonanoticias.com\/en\/football\/nico-williams-injured-what-does-he-have-and-how-long-will-he-be-out-for_309237_102.html#article","isPartOf":{"@id":"https:\/\/www.fcbarcelonanoticias.com\/en\/football\/nico-williams-injured-what-does-he-have-and-how-long-will-he-be-out-for_309237_102.html"},"author":{"name":"Kevin G\u00f3mez","@id":"https:\/\/www.fcbarcelonanoticias.com\/en\/#\/schema\/person\/991443f134df9a64c6874f96ff984c9d"},"headline":"Nico Williams, injured!: What does he have and how long will he be out for?","datePublished":"2024-12-11T21:27:00+00:00","dateModified":"2024-12-11T21:43:00+00:00","mainEntityOfPage":{"@id":"https:\/\/www.fcbarcelonanoticias.com\/en\/football\/nico-williams-injured-what-does-he-have-and-how-long-will-he-be-out-for_309237_102.html"},"wordCount":382,"image":{"@id":"https:\/\/www.fcbarcelonanoticias.com\/en\/football\/nico-williams-injured-what-does-he-have-and-how-long-will-he-be-out-for_309237_102.html#primaryimage"},"thumbnailUrl":"https:\/\/www.fcbarcelonanoticias.com\/en\/wp-content\/uploads\/sites\/2\/2024\/12\/nico-e-inaki-williams-en-el-duelo-entre-el-athletic-club-y-el-real-madrid-en-laliga-ea-sports-2024-25-1.jpeg","keywords":["Athletic de Bilbao","Europa League","Nico Williams"],"articleSection":["Football","Football"],"inLanguage":"en-US"},{"@type":"WebPage","@id":"https:\/\/www.fcbarcelonanoticias.com\/en\/football\/nico-williams-injured-what-does-he-have-and-how-long-will-he-be-out-for_309237_102.html","url":"https:\/\/www.fcbarcelonanoticias.com\/en\/football\/nico-williams-injured-what-does-he-have-and-how-long-will-he-be-out-for_309237_102.html","name":"Nico Williams, injured!: What does he have and how long will he be out for?","isPartOf":{"@id":"https:\/\/www.fcbarcelonanoticias.com\/en\/#website"},"primaryImageOfPage":{"@id":"https:\/\/www.fcbarcelonanoticias.com\/en\/football\/nico-williams-injured-what-does-he-have-and-how-long-will-he-be-out-for_309237_102.html#primaryimage"},"image":{"@id":"https:\/\/www.fcbarcelonanoticias.com\/en\/football\/nico-williams-injured-what-does-he-have-and-how-long-will-he-be-out-for_309237_102.html#primaryimage"},"thumbnailUrl":"https:\/\/www.fcbarcelonanoticias.com\/en\/wp-content\/uploads\/sites\/2\/2024\/12\/nico-e-inaki-williams-en-el-duelo-entre-el-athletic-club-y-el-real-madrid-en-laliga-ea-sports-2024-25-1.jpeg","datePublished":"2024-12-11T21:27:00+00:00","dateModified":"2024-12-11T21:43:00+00:00","author":{"@id":"https:\/\/www.fcbarcelonanoticias.com\/en\/#\/schema\/person\/991443f134df9a64c6874f96ff984c9d"},"description":"Athletic Club's talented left winger, wanted by FC Barcelona, \u200b\u200bNico Williams, has suffered an injury. What type of injury is it and how long will you be out for? We tell you at FCBN","breadcrumb":{"@id":"https:\/\/www.fcbarcelonanoticias.com\/en\/football\/nico-williams-injured-what-does-he-have-and-how-long-will-he-be-out-for_309237_102.html#breadcrumb"},"inLanguage":"en-US","potentialAction":[{"@type":"ReadAction","target":["https:\/\/www.fcbarcelonanoticias.com\/en\/football\/nico-williams-injured-what-does-he-have-and-how-long-will-he-be-out-for_309237_102.html"]}]},{"@type":"ImageObject","inLanguage":"en-US","@id":"https:\/\/www.fcbarcelonanoticias.com\/en\/football\/nico-williams-injured-what-does-he-have-and-how-long-will-he-be-out-for_309237_102.html#primaryimage","url":"https:\/\/www.fcbarcelonanoticias.com\/en\/wp-content\/uploads\/sites\/2\/2024\/12\/nico-e-inaki-williams-en-el-duelo-entre-el-athletic-club-y-el-real-madrid-en-laliga-ea-sports-2024-25-1.jpeg","contentUrl":"https:\/\/www.fcbarcelonanoticias.com\/en\/wp-content\/uploads\/sites\/2\/2024\/12\/nico-e-inaki-williams-en-el-duelo-entre-el-athletic-club-y-el-real-madrid-en-laliga-ea-sports-2024-25-1.jpeg","width":1200,"height":675},{"@type":"BreadcrumbList","@id":"https:\/\/www.fcbarcelonanoticias.com\/en\/football\/nico-williams-injured-what-does-he-have-and-how-long-will-he-be-out-for_309237_102.html#breadcrumb","itemListElement":[{"@type":"ListItem","position":1,"name":"Portada","item":"https:\/\/www.fcbarcelonanoticias.com\/en\/"},{"@type":"ListItem","position":2,"name":"Nico Williams, injured!: What does he have and how long will he be out for?"}]},{"@type":"WebSite","@id":"https:\/\/www.fcbarcelonanoticias.com\/en\/#website","url":"https:\/\/www.fcbarcelonanoticias.com\/en\/","name":"EN - FC Barcelona Noticias","description":"","potentialAction":[{"@type":"SearchAction","target":{"@type":"EntryPoint","urlTemplate":"https:\/\/www.fcbarcelonanoticias.com\/en\/?s={search_term_string}"},"query-input":{"@type":"PropertyValueSpecification","valueRequired":true,"valueName":"search_term_string"}}],"inLanguage":"en-US"},{"@type":"Person","@id":"https:\/\/www.fcbarcelonanoticias.com\/en\/#\/schema\/person\/991443f134df9a64c6874f96ff984c9d","name":"Kevin G\u00f3mez","image":{"@type":"ImageObject","inLanguage":"en-US","@id":"https:\/\/secure.gravatar.com\/avatar\/?s=96&d=mm&r=g","url":"https:\/\/secure.gravatar.com\/avatar\/?s=96&d=mm&r=g","contentUrl":"https:\/\/secure.gravatar.com\/avatar\/?s=96&d=mm&r=g","caption":"Kevin G\u00f3mez"},"description":"Licenciado\u00a0en Periodismo y Comunicaci\u00f3n Audiovisual. Redactor en FCBN responsable de cubrir toda\u00a0la informaci\u00f3n del FC Barcelona y las principales competiciones de\u00a0f\u00fatbol.","url":"https:\/\/www.fcbarcelonanoticias.com\/en\/jugadores\/kevin-gomez_23_115.html"}]}},"_links":{"self":[{"href":"https:\/\/www.fcbarcelonanoticias.com\/en\/wp-json\/wp\/v2\/posts\/41168","targetHints":{"allow":["GET"]}}],"collection":[{"href":"https:\/\/www.fcbarcelonanoticias.com\/en\/wp-json\/wp\/v2\/posts"}],"about":[{"href":"https:\/\/www.fcbarcelonanoticias.com\/en\/wp-json\/wp\/v2\/types\/post"}],"author":[{"embeddable":true,"href":"https:\/\/www.fcbarcelonanoticias.com\/en\/wp-json\/wp\/v2\/users\/355"}],"replies":[{"embeddable":true,"href":"https:\/\/www.fcbarcelonanoticias.com\/en\/wp-json\/wp\/v2\/comments?post=41168"}],"version-history":[{"count":1,"href":"https:\/\/www.fcbarcelonanoticias.com\/en\/wp-json\/wp\/v2\/posts\/41168\/revisions"}],"predecessor-version":[{"id":112251,"href":"https:\/\/www.fcbarcelonanoticias.com\/en\/wp-json\/wp\/v2\/posts\/41168\/revisions\/112251"}],"wp:featuredmedia":[{"embeddable":true,"href":"https:\/\/www.fcbarcelonanoticias.com\/en\/wp-json\/wp\/v2\/media\/41171"}],"wp:attachment":[{"href":"https:\/\/www.fcbarcelonanoticias.com\/en\/wp-json\/wp\/v2\/media?parent=41168"}],"wp:term":[{"taxonomy":"category","embeddable":true,"href":"https:\/\/www.fcbarcelonanoticias.com\/en\/wp-json\/wp\/v2\/categories?post=41168"},{"taxonomy":"post_tag","embeddable":true,"href":"https:\/\/www.fcbarcelonanoticias.com\/en\/wp-json\/wp\/v2\/tags?post=41168"}],"curies":[{"name":"wp","href":"https:\/\/api.w.org\/{rel}","templated":true}]}}