{"id":41268,"date":"2025-07-22T22:55:00","date_gmt":"2025-07-22T20:55:00","guid":{"rendered":"https:\/\/weisetech.dev\/fc-barcelona-noticias\/en\/polish-national-team-seeks-to-recover-szczesny-in-september_313664_102\/"},"modified":"2026-04-16T09:23:48","modified_gmt":"2026-04-16T07:23:48","slug":"polish-national-team-seeks-to-recover-szczesny-in-september_313664_102","status":"publish","type":"post","link":"https:\/\/www.fcbarcelonanoticias.com\/en\/football\/polish-national-team-seeks-to-recover-szczesny-in-september_313664_102.html","title":{"rendered":"The Polish national team wants to recover Wojciech Szczesny in September"},"content":{"rendered":"<h2 class=\"wp-block-heading\">Polish coach Jan Urban will travel to Barcelona to try to convince Wojciech Szczesny to return to the national team. The goalkeeper retired after playing in Euro 2024<\/h2>  \r\n<div class=\"article-addons\">\r\n    <a href=\"https:\/\/www.fcbarcelonanoticias.com\/en\/calendar-fc-barcelona.html\"\r\n       target=\"_self\"\r\n       title=\"Calendar of FC Barcelona\"\r\n       class=\"blue-gredient-btn\">\r\n       \r\n        Calendar of FC Barcelona    <\/a>\r\n<\/div>   <p>Wojciech Szczesny could return to the Polish national team in September. The latest reports indicate the desire of the new Polish coach, <strong>Jan Urban, to travel to Barcelona to try to convince the 35-year-old goalkeeper<\/strong> to return to an international call-up, something he did for the last time in June 2024.<\/p>  <p>&#8216;Tek&#8217; announced his professional retirement after the elimination in the group stage (the team only drew one match against France), but returned to action last October with FC Barcelona. In total, <strong>he played 30 matches with the &#8216;Cul\u00e9s&#8217; in the 24\/25 season<\/strong>, with 14 clean sheets and 36 goals conceded.<\/p>  <div class=\"cke-element cke-element--102\"><section class=\"c-related-article\">     @IMAGE@     <div class=\"c-related-article__wrapper\">         <p class=\"c-related-article__avantitle\">Related<\/p>         <h4 class=\"c-related-article__title\">             <a href=\"https:\/\/www.fcbarcelonanoticias.com\/futbol\/fichajes\/oficial-szczesny-renueva-con-fc-barcelona-hasta-2027_313415_102.html\" title=\"@TITLE@\" class=\"c-related-article__link\">                 @TITLE@             <\/a>         <\/h4>     <\/div> <\/section><\/div>  <p>This performance earned him a renewal for two more seasons with Bar\u00e7a and, therefore, the Polish national team wants to have his services again. <strong>Szczesny has been undisputed in the national team from 2017 to 2024<\/strong> and has good chances of regaining the starting position with Jan Urban on the bench.<\/p>  <h2>Poland wants to recover Szczesny and Lewandowski in September<\/h2>  <p>The 63-year-old coach also hopes to smooth things over with <a data-external=\"0\" data-intl-links-en=\"https:\/\/www.fcbarcelonanoticias.com\/en\/football\/lewandowski-will-not-continue-in-poland-while-probierz-is-still-there_312995_102.html\" data-intl-links-es=\"https:\/\/www.fcbarcelonanoticias.com\/futbol\/bombazo-lewandowski-adios-polonia-conflicto-entrenador_312995_102.html\" href=\"https:\/\/www.fcbarcelonanoticias.com\/en\/football\/lewandowski-will-not-continue-in-poland-while-probierz-is-still-there_312995_102.html\" rel=\"follow\" target=\"_self\" title=\"BOMBAZO: Robert Lewandowski anuncia su adi\u00f3s a Polonia y revela el motivo\">Robert Lewandowski, who also announced his international retirement<\/a> in June after an unexpected controversy with coach Michal Probierz.<\/p>  <p>The coach did not like the absence of &#8216;Lewy&#8217; in the FIFA date and, although the &#8216;9&#8217; claimed to need physical rest after a very demanding season with Bar\u00e7a, the coaching staff and a sector of the press criticized him harshly.&nbsp;<\/p>  <p>However, Urban and the federation are confident that <a data-external=\"0\" data-intl-links-en=\"https:\/\/www.fcbarcelonanoticias.com\/en\/football\/bombshell-in-poland-will-lewandowski-return-in-september_313286_102.html\" data-intl-links-es=\"https:\/\/www.fcbarcelonanoticias.com\/futbol\/bombazo-polonia-vuelve-lewandowski-septiembre_313286_102.html\" href=\"https:\/\/www.fcbarcelonanoticias.com\/en\/football\/bombshell-in-poland-will-lewandowski-return-in-september_313286_102.html\" rel=\"follow\" target=\"_self\" title=\"\u00a1Bombazo en Polonia! \u00bfVuelve Lewandowski en septiembre?\">the 37-year-old striker will return<\/a> to try to help Poland qualify for their third consecutive World Cup, something they only achieved once in their history (they qualified four times in a row between 1974 and 1986).<\/p>  <h2>Szczesny could play his third and final World Cup with Poland<\/h2>  <p>For the moment, <strong>&#8216;Tek&#8217; has accumulated 84 official matches with the Polish national team<\/strong>. The goalkeeper was called up for the European Championships in 2012, 2016, 2020 and 2024, although he was only a starter in the last two editions, being eliminated in both occasions in the group stage.<\/p>  <p>For his part, in the World Cup, <strong>he participated in Russia 2018 and Qatar 2022<\/strong>. In this last tournament he advanced to the round of 16, conceding 5 goals in 4 matches. Poland will play the qualifying matches against the Netherlands and Finland in September.<\/p>  <p>For the moment, Jan Urban&#8217;s team has 6 points out of a possible 9 and is in third place in group G, behind Finland (7) and the Netherlands (6, with a better goal difference). In the last matches, <strong>Lukasz Skorupski (Bologna)<\/strong> was the starting goalkeeper for the Poles. Will the coach be able to convince Szczesny to return?<\/p>  <p><strong><u>FOLLOW US ON OUR SOCIAL NETWORKS:<\/u><\/strong><\/p>  <ol> <li> <strong>INSTAGRAM:&nbsp;<\/strong><a data-external=\"1\" href=\"https:\/\/www.instagram.com\/en\/fcbarcelonanoticias_com?utm_source=ig_web_button_share_sheet&amp;igsh=M2ZxMGZmeGhsbGd3\" rel=\"nofollow\" target=\"_blank\" title=\"@fcbarcelonanoticias_com\">@fcbarcelonanoticias_com<\/a> <\/li> \t<li><strong>FACEBOOK:&nbsp;<a data-external=\"1\" href=\"https:\/\/www.facebook.com\/en\/wwwfcbarcelonanoticiascom\/\" rel=\"nofollow\" target=\"_blank\" title=\"FCBN\">FCBN<\/a><\/strong><\/li> \t<li> <strong>X (TWITTER):&nbsp;<\/strong><a data-external=\"1\" href=\"https:\/\/x.com\/en\/FCBNOTICIAS\" rel=\"nofollow\" target=\"_blank\" title=\"@FCBNOTICIAS\">@FCBNOTICIAS<\/a> <\/li> \t<li> <strong>THREADS:&nbsp;<\/strong><a data-external=\"1\" href=\"https:\/\/www.threads.com\/en\/@fcbarcelonanoticias_com\" rel=\"nofollow\" target=\"_blank\" title=\"@fcbarcelonanoticias_com\">@fcbarcelonanoticias_com<\/a> <\/li> <\/ol> ","protected":false},"excerpt":{"rendered":"<p>Polish coach Jan Urban will travel to Barcelona to try to convince Wojciech Szczesny to return to the national team. The goalkeeper retired after playing in Euro 2024 Wojciech Szczesny could return to the Polish national team in September. The latest reports indicate the desire of the new Polish coach, Jan Urban, to travel to [&hellip;]<\/p>\n","protected":false},"author":347,"featured_media":41270,"comment_status":"closed","ping_status":"open","sticky":false,"template":"","format":"standard","meta":{"_acf_changed":false,"inline_featured_image":false,"_nextfly_llmd_date_locked":false,"footnotes":""},"categories":[109,452],"tags":[91,353],"class_list":["post-41268","post","type-post","status-publish","format-standard","has-post-thumbnail","hentry","category-football","category-football-2","tag-national-teams","tag-wojciech-szczesny"],"acf":[],"yoast_head":"<!-- This site is optimized with the Yoast SEO plugin v27.3 - https:\/\/yoast.com\/product\/yoast-seo-wordpress\/ -->\n<title>The Polish national team seeks to recover Szczesny in September<\/title>\n<meta name=\"description\" content=\"Polish coach Jan Urban will travel to Barcelona to try to convince Wojciech Szczesny to return to his national team. Will he succeed?\" \/>\n<meta name=\"robots\" content=\"index, follow, max-snippet:-1, max-image-preview:large, max-video-preview:-1\" \/>\n<link rel=\"canonical\" href=\"https:\/\/www.fcbarcelonanoticias.com\/en\/football\/polish-national-team-seeks-to-recover-szczesny-in-september_313664_102.html\" \/>\n<meta property=\"og:locale\" content=\"en_US\" \/>\n<meta property=\"og:type\" content=\"article\" \/>\n<meta property=\"og:title\" content=\"The Polish national team seeks to recover Szczesny in September\" \/>\n<meta property=\"og:description\" content=\"Polish coach Jan Urban will travel to Barcelona to try to convince Wojciech Szczesny to return to his national team. Will he succeed?\" \/>\n<meta property=\"og:url\" content=\"https:\/\/www.fcbarcelonanoticias.com\/en\/football\/polish-national-team-seeks-to-recover-szczesny-in-september_313664_102.html\" \/>\n<meta property=\"og:site_name\" content=\"EN - FC Barcelona Noticias\" \/>\n<meta property=\"article:published_time\" content=\"2025-07-22T20:55:00+00:00\" \/>\n<meta property=\"article:modified_time\" content=\"2026-04-16T07:23:48+00:00\" \/>\n<meta property=\"og:image\" content=\"https:\/\/www.fcbarcelonanoticias.com\/en\/wp-content\/uploads\/sites\/2\/2025\/07\/szczesny-champions-barcelona.webp\" \/>\n\t<meta property=\"og:image:width\" content=\"1200\" \/>\n\t<meta property=\"og:image:height\" content=\"675\" \/>\n\t<meta property=\"og:image:type\" content=\"image\/webp\" \/>\n<meta name=\"author\" content=\"Andr\u00e9s Quiroz\" \/>\n<meta name=\"twitter:card\" content=\"summary_large_image\" \/>\n<meta name=\"twitter:label1\" content=\"Written by\" \/>\n\t<meta name=\"twitter:data1\" content=\"Andr\u00e9s Quiroz\" \/>\n\t<meta name=\"twitter:label2\" content=\"Est. reading time\" \/>\n\t<meta name=\"twitter:data2\" content=\"2 minutes\" \/>\n<script type=\"application\/ld+json\" class=\"yoast-schema-graph\">{\"@context\":\"https:\\\/\\\/schema.org\",\"@graph\":[{\"@type\":\"Article\",\"@id\":\"https:\\\/\\\/www.fcbarcelonanoticias.com\\\/en\\\/football\\\/polish-national-team-seeks-to-recover-szczesny-in-september_313664_102.html#article\",\"isPartOf\":{\"@id\":\"https:\\\/\\\/www.fcbarcelonanoticias.com\\\/en\\\/football\\\/polish-national-team-seeks-to-recover-szczesny-in-september_313664_102.html\"},\"author\":{\"name\":\"Andr\u00e9s Quiroz\",\"@id\":\"https:\\\/\\\/www.fcbarcelonanoticias.com\\\/en\\\/#\\\/schema\\\/person\\\/c2cd9f6fa1af5c0d0eccd0fefa575c88\"},\"headline\":\"The Polish national team wants to recover Wojciech Szczesny in September\",\"datePublished\":\"2025-07-22T20:55:00+00:00\",\"dateModified\":\"2026-04-16T07:23:48+00:00\",\"mainEntityOfPage\":{\"@id\":\"https:\\\/\\\/www.fcbarcelonanoticias.com\\\/en\\\/football\\\/polish-national-team-seeks-to-recover-szczesny-in-september_313664_102.html\"},\"wordCount\":480,\"image\":{\"@id\":\"https:\\\/\\\/www.fcbarcelonanoticias.com\\\/en\\\/football\\\/polish-national-team-seeks-to-recover-szczesny-in-september_313664_102.html#primaryimage\"},\"thumbnailUrl\":\"https:\\\/\\\/www.fcbarcelonanoticias.com\\\/en\\\/wp-content\\\/uploads\\\/sites\\\/2\\\/2025\\\/07\\\/szczesny-champions-barcelona.webp\",\"keywords\":[\"National Teams\",\"Szczesny\"],\"articleSection\":[\"Football\",\"Football\"],\"inLanguage\":\"en-US\"},{\"@type\":\"WebPage\",\"@id\":\"https:\\\/\\\/www.fcbarcelonanoticias.com\\\/en\\\/football\\\/polish-national-team-seeks-to-recover-szczesny-in-september_313664_102.html\",\"url\":\"https:\\\/\\\/www.fcbarcelonanoticias.com\\\/en\\\/football\\\/polish-national-team-seeks-to-recover-szczesny-in-september_313664_102.html\",\"name\":\"The Polish national team seeks to recover Szczesny in September\",\"isPartOf\":{\"@id\":\"https:\\\/\\\/www.fcbarcelonanoticias.com\\\/en\\\/#website\"},\"primaryImageOfPage\":{\"@id\":\"https:\\\/\\\/www.fcbarcelonanoticias.com\\\/en\\\/football\\\/polish-national-team-seeks-to-recover-szczesny-in-september_313664_102.html#primaryimage\"},\"image\":{\"@id\":\"https:\\\/\\\/www.fcbarcelonanoticias.com\\\/en\\\/football\\\/polish-national-team-seeks-to-recover-szczesny-in-september_313664_102.html#primaryimage\"},\"thumbnailUrl\":\"https:\\\/\\\/www.fcbarcelonanoticias.com\\\/en\\\/wp-content\\\/uploads\\\/sites\\\/2\\\/2025\\\/07\\\/szczesny-champions-barcelona.webp\",\"datePublished\":\"2025-07-22T20:55:00+00:00\",\"dateModified\":\"2026-04-16T07:23:48+00:00\",\"author\":{\"@id\":\"https:\\\/\\\/www.fcbarcelonanoticias.com\\\/en\\\/#\\\/schema\\\/person\\\/c2cd9f6fa1af5c0d0eccd0fefa575c88\"},\"description\":\"Polish coach Jan Urban will travel to Barcelona to try to convince Wojciech Szczesny to return to his national team. Will he succeed?\",\"breadcrumb\":{\"@id\":\"https:\\\/\\\/www.fcbarcelonanoticias.com\\\/en\\\/football\\\/polish-national-team-seeks-to-recover-szczesny-in-september_313664_102.html#breadcrumb\"},\"inLanguage\":\"en-US\",\"potentialAction\":[{\"@type\":\"ReadAction\",\"target\":[\"https:\\\/\\\/www.fcbarcelonanoticias.com\\\/en\\\/football\\\/polish-national-team-seeks-to-recover-szczesny-in-september_313664_102.html\"]}]},{\"@type\":\"ImageObject\",\"inLanguage\":\"en-US\",\"@id\":\"https:\\\/\\\/www.fcbarcelonanoticias.com\\\/en\\\/football\\\/polish-national-team-seeks-to-recover-szczesny-in-september_313664_102.html#primaryimage\",\"url\":\"https:\\\/\\\/www.fcbarcelonanoticias.com\\\/en\\\/wp-content\\\/uploads\\\/sites\\\/2\\\/2025\\\/07\\\/szczesny-champions-barcelona.webp\",\"contentUrl\":\"https:\\\/\\\/www.fcbarcelonanoticias.com\\\/en\\\/wp-content\\\/uploads\\\/sites\\\/2\\\/2025\\\/07\\\/szczesny-champions-barcelona.webp\",\"width\":1200,\"height\":675},{\"@type\":\"BreadcrumbList\",\"@id\":\"https:\\\/\\\/www.fcbarcelonanoticias.com\\\/en\\\/football\\\/polish-national-team-seeks-to-recover-szczesny-in-september_313664_102.html#breadcrumb\",\"itemListElement\":[{\"@type\":\"ListItem\",\"position\":1,\"name\":\"Portada\",\"item\":\"https:\\\/\\\/www.fcbarcelonanoticias.com\\\/en\\\/\"},{\"@type\":\"ListItem\",\"position\":2,\"name\":\"The Polish national team wants to recover Wojciech Szczesny in September\"}]},{\"@type\":\"WebSite\",\"@id\":\"https:\\\/\\\/www.fcbarcelonanoticias.com\\\/en\\\/#website\",\"url\":\"https:\\\/\\\/www.fcbarcelonanoticias.com\\\/en\\\/\",\"name\":\"EN - FC Barcelona Noticias\",\"description\":\"\",\"potentialAction\":[{\"@type\":\"SearchAction\",\"target\":{\"@type\":\"EntryPoint\",\"urlTemplate\":\"https:\\\/\\\/www.fcbarcelonanoticias.com\\\/en\\\/?s={search_term_string}\"},\"query-input\":{\"@type\":\"PropertyValueSpecification\",\"valueRequired\":true,\"valueName\":\"search_term_string\"}}],\"inLanguage\":\"en-US\"},{\"@type\":\"Person\",\"@id\":\"https:\\\/\\\/www.fcbarcelonanoticias.com\\\/en\\\/#\\\/schema\\\/person\\\/c2cd9f6fa1af5c0d0eccd0fefa575c88\",\"name\":\"Andr\u00e9s Quiroz\",\"image\":{\"@type\":\"ImageObject\",\"inLanguage\":\"en-US\",\"@id\":\"https:\\\/\\\/secure.gravatar.com\\\/avatar\\\/?s=96&d=mm&r=g\",\"url\":\"https:\\\/\\\/secure.gravatar.com\\\/avatar\\\/?s=96&d=mm&r=g\",\"contentUrl\":\"https:\\\/\\\/secure.gravatar.com\\\/avatar\\\/?s=96&d=mm&r=g\",\"caption\":\"Andr\u00e9s Quiroz\"},\"description\":\"Licenciado en Periodismo por la Universidad de los Andes. Me encargo de analizar y compartir los contenidos m\u00e1s destacados de la\u00a0actualidad del F\u00fatbol Club Barcelona, Mercado de Fichajes y F\u00fatbol Internacional en FCBN. La informaci\u00f3n es poder, pero tambi\u00e9n conocimiento.\",\"url\":\"https:\\\/\\\/www.fcbarcelonanoticias.com\\\/en\\\/fc-barcelona\\\/andres-quiroz_17_115.html\"}]}<\/script>\n<!-- \/ Yoast SEO plugin. -->","yoast_head_json":{"title":"The Polish national team seeks to recover Szczesny in September","description":"Polish coach Jan Urban will travel to Barcelona to try to convince Wojciech Szczesny to return to his national team. Will he succeed?","robots":{"index":"index","follow":"follow","max-snippet":"max-snippet:-1","max-image-preview":"max-image-preview:large","max-video-preview":"max-video-preview:-1"},"canonical":"https:\/\/www.fcbarcelonanoticias.com\/en\/football\/polish-national-team-seeks-to-recover-szczesny-in-september_313664_102.html","og_locale":"en_US","og_type":"article","og_title":"The Polish national team seeks to recover Szczesny in September","og_description":"Polish coach Jan Urban will travel to Barcelona to try to convince Wojciech Szczesny to return to his national team. Will he succeed?","og_url":"https:\/\/www.fcbarcelonanoticias.com\/en\/football\/polish-national-team-seeks-to-recover-szczesny-in-september_313664_102.html","og_site_name":"EN - FC Barcelona Noticias","article_published_time":"2025-07-22T20:55:00+00:00","article_modified_time":"2026-04-16T07:23:48+00:00","og_image":[{"width":1200,"height":675,"url":"https:\/\/www.fcbarcelonanoticias.com\/en\/wp-content\/uploads\/sites\/2\/2025\/07\/szczesny-champions-barcelona.webp","type":"image\/webp"}],"author":"Andr\u00e9s Quiroz","twitter_card":"summary_large_image","twitter_misc":{"Written by":"Andr\u00e9s Quiroz","Est. reading time":"2 minutes"},"schema":{"@context":"https:\/\/schema.org","@graph":[{"@type":"Article","@id":"https:\/\/www.fcbarcelonanoticias.com\/en\/football\/polish-national-team-seeks-to-recover-szczesny-in-september_313664_102.html#article","isPartOf":{"@id":"https:\/\/www.fcbarcelonanoticias.com\/en\/football\/polish-national-team-seeks-to-recover-szczesny-in-september_313664_102.html"},"author":{"name":"Andr\u00e9s Quiroz","@id":"https:\/\/www.fcbarcelonanoticias.com\/en\/#\/schema\/person\/c2cd9f6fa1af5c0d0eccd0fefa575c88"},"headline":"The Polish national team wants to recover Wojciech Szczesny in September","datePublished":"2025-07-22T20:55:00+00:00","dateModified":"2026-04-16T07:23:48+00:00","mainEntityOfPage":{"@id":"https:\/\/www.fcbarcelonanoticias.com\/en\/football\/polish-national-team-seeks-to-recover-szczesny-in-september_313664_102.html"},"wordCount":480,"image":{"@id":"https:\/\/www.fcbarcelonanoticias.com\/en\/football\/polish-national-team-seeks-to-recover-szczesny-in-september_313664_102.html#primaryimage"},"thumbnailUrl":"https:\/\/www.fcbarcelonanoticias.com\/en\/wp-content\/uploads\/sites\/2\/2025\/07\/szczesny-champions-barcelona.webp","keywords":["National Teams","Szczesny"],"articleSection":["Football","Football"],"inLanguage":"en-US"},{"@type":"WebPage","@id":"https:\/\/www.fcbarcelonanoticias.com\/en\/football\/polish-national-team-seeks-to-recover-szczesny-in-september_313664_102.html","url":"https:\/\/www.fcbarcelonanoticias.com\/en\/football\/polish-national-team-seeks-to-recover-szczesny-in-september_313664_102.html","name":"The Polish national team seeks to recover Szczesny in September","isPartOf":{"@id":"https:\/\/www.fcbarcelonanoticias.com\/en\/#website"},"primaryImageOfPage":{"@id":"https:\/\/www.fcbarcelonanoticias.com\/en\/football\/polish-national-team-seeks-to-recover-szczesny-in-september_313664_102.html#primaryimage"},"image":{"@id":"https:\/\/www.fcbarcelonanoticias.com\/en\/football\/polish-national-team-seeks-to-recover-szczesny-in-september_313664_102.html#primaryimage"},"thumbnailUrl":"https:\/\/www.fcbarcelonanoticias.com\/en\/wp-content\/uploads\/sites\/2\/2025\/07\/szczesny-champions-barcelona.webp","datePublished":"2025-07-22T20:55:00+00:00","dateModified":"2026-04-16T07:23:48+00:00","author":{"@id":"https:\/\/www.fcbarcelonanoticias.com\/en\/#\/schema\/person\/c2cd9f6fa1af5c0d0eccd0fefa575c88"},"description":"Polish coach Jan Urban will travel to Barcelona to try to convince Wojciech Szczesny to return to his national team. Will he succeed?","breadcrumb":{"@id":"https:\/\/www.fcbarcelonanoticias.com\/en\/football\/polish-national-team-seeks-to-recover-szczesny-in-september_313664_102.html#breadcrumb"},"inLanguage":"en-US","potentialAction":[{"@type":"ReadAction","target":["https:\/\/www.fcbarcelonanoticias.com\/en\/football\/polish-national-team-seeks-to-recover-szczesny-in-september_313664_102.html"]}]},{"@type":"ImageObject","inLanguage":"en-US","@id":"https:\/\/www.fcbarcelonanoticias.com\/en\/football\/polish-national-team-seeks-to-recover-szczesny-in-september_313664_102.html#primaryimage","url":"https:\/\/www.fcbarcelonanoticias.com\/en\/wp-content\/uploads\/sites\/2\/2025\/07\/szczesny-champions-barcelona.webp","contentUrl":"https:\/\/www.fcbarcelonanoticias.com\/en\/wp-content\/uploads\/sites\/2\/2025\/07\/szczesny-champions-barcelona.webp","width":1200,"height":675},{"@type":"BreadcrumbList","@id":"https:\/\/www.fcbarcelonanoticias.com\/en\/football\/polish-national-team-seeks-to-recover-szczesny-in-september_313664_102.html#breadcrumb","itemListElement":[{"@type":"ListItem","position":1,"name":"Portada","item":"https:\/\/www.fcbarcelonanoticias.com\/en\/"},{"@type":"ListItem","position":2,"name":"The Polish national team wants to recover Wojciech Szczesny in September"}]},{"@type":"WebSite","@id":"https:\/\/www.fcbarcelonanoticias.com\/en\/#website","url":"https:\/\/www.fcbarcelonanoticias.com\/en\/","name":"EN - FC Barcelona Noticias","description":"","potentialAction":[{"@type":"SearchAction","target":{"@type":"EntryPoint","urlTemplate":"https:\/\/www.fcbarcelonanoticias.com\/en\/?s={search_term_string}"},"query-input":{"@type":"PropertyValueSpecification","valueRequired":true,"valueName":"search_term_string"}}],"inLanguage":"en-US"},{"@type":"Person","@id":"https:\/\/www.fcbarcelonanoticias.com\/en\/#\/schema\/person\/c2cd9f6fa1af5c0d0eccd0fefa575c88","name":"Andr\u00e9s Quiroz","image":{"@type":"ImageObject","inLanguage":"en-US","@id":"https:\/\/secure.gravatar.com\/avatar\/?s=96&d=mm&r=g","url":"https:\/\/secure.gravatar.com\/avatar\/?s=96&d=mm&r=g","contentUrl":"https:\/\/secure.gravatar.com\/avatar\/?s=96&d=mm&r=g","caption":"Andr\u00e9s Quiroz"},"description":"Licenciado en Periodismo por la Universidad de los Andes. Me encargo de analizar y compartir los contenidos m\u00e1s destacados de la\u00a0actualidad del F\u00fatbol Club Barcelona, Mercado de Fichajes y F\u00fatbol Internacional en FCBN. La informaci\u00f3n es poder, pero tambi\u00e9n conocimiento.","url":"https:\/\/www.fcbarcelonanoticias.com\/en\/fc-barcelona\/andres-quiroz_17_115.html"}]}},"_links":{"self":[{"href":"https:\/\/www.fcbarcelonanoticias.com\/en\/wp-json\/wp\/v2\/posts\/41268","targetHints":{"allow":["GET"]}}],"collection":[{"href":"https:\/\/www.fcbarcelonanoticias.com\/en\/wp-json\/wp\/v2\/posts"}],"about":[{"href":"https:\/\/www.fcbarcelonanoticias.com\/en\/wp-json\/wp\/v2\/types\/post"}],"author":[{"embeddable":true,"href":"https:\/\/www.fcbarcelonanoticias.com\/en\/wp-json\/wp\/v2\/users\/347"}],"replies":[{"embeddable":true,"href":"https:\/\/www.fcbarcelonanoticias.com\/en\/wp-json\/wp\/v2\/comments?post=41268"}],"version-history":[{"count":2,"href":"https:\/\/www.fcbarcelonanoticias.com\/en\/wp-json\/wp\/v2\/posts\/41268\/revisions"}],"predecessor-version":[{"id":173561,"href":"https:\/\/www.fcbarcelonanoticias.com\/en\/wp-json\/wp\/v2\/posts\/41268\/revisions\/173561"}],"wp:featuredmedia":[{"embeddable":true,"href":"https:\/\/www.fcbarcelonanoticias.com\/en\/wp-json\/wp\/v2\/media\/41270"}],"wp:attachment":[{"href":"https:\/\/www.fcbarcelonanoticias.com\/en\/wp-json\/wp\/v2\/media?parent=41268"}],"wp:term":[{"taxonomy":"category","embeddable":true,"href":"https:\/\/www.fcbarcelonanoticias.com\/en\/wp-json\/wp\/v2\/categories?post=41268"},{"taxonomy":"post_tag","embeddable":true,"href":"https:\/\/www.fcbarcelonanoticias.com\/en\/wp-json\/wp\/v2\/tags?post=41268"}],"curies":[{"name":"wp","href":"https:\/\/api.w.org\/{rel}","templated":true}]}}