{"id":41272,"date":"2025-07-21T02:37:00","date_gmt":"2025-07-21T00:37:00","guid":{"rendered":"https:\/\/weisetech.dev\/fc-barcelona-noticias\/en\/barca-will-debut-their-2nd-shirt-during-asian-tour_313636_102\/"},"modified":"2026-04-16T09:34:46","modified_gmt":"2026-04-16T07:34:46","slug":"barca-will-debut-their-2nd-shirt-during-asian-tour_313636_102","status":"publish","type":"post","link":"https:\/\/www.fcbarcelonanoticias.com\/en\/football\/preseason\/barca-will-debut-their-2nd-shirt-during-asian-tour_313636_102.html","title":{"rendered":"Bar\u00e7a will debut their second shirt during the Asian tour!"},"content":{"rendered":"<h2 class=\"wp-block-heading\">Bar\u00e7a plans to play their first friendly match of the Asian tour using their second kit for 25\/26. It will go on sale in the last week of July<\/h2>  \r\n<div class=\"article-addons\">\r\n    <a href=\"https:\/\/www.fcbarcelonanoticias.com\/calendar-fc-barcelona.html\"\r\n       target=\"_self\"\r\n       title=\"Calendar of FC Barcelona\"\r\n       class=\"blue-gredient-btn\">\r\n       \r\n        Calendar of FC Barcelona    <\/a>\r\n<\/div>   <p>After the <a data-external=\"0\" data-intl-links-en=\"https:\/\/www.fcbarcelonanoticias.com\/en\/fc-barcelona\/total-laminemania-lamine-yamal-10-shirt-is-sales-hit_313597_102.html\" data-intl-links-es=\"https:\/\/www.fcbarcelonanoticias.com\/fc-barcelona\/lamine-yamal-camiseta-10-ventas-record-barcelona_313597_102.html\" href=\"https:\/\/www.fcbarcelonanoticias.com\/en\/fc-barcelona\/total-laminemania-lamine-yamal-10-shirt-is-sales-hit_313597_102.html\" rel=\"follow\" target=\"_self\" title=\"Total Laminemania: Lamine Yamal's '10' shirt is a sales hit\">sales success of FC Barcelona&#8217;s home shirt for 2025\/26<\/a>, the &#8216;cul\u00e9s&#8217; fans eagerly await the debut of the second &#8216;azulgrana&#8217; kit for the upcoming season. This will be ochre\/gold in color, with the sponsors and logos in black.<\/p>  <p>Luckily, we won&#8217;t have to wait long for the official debut of Bar\u00e7a&#8217;s new alternative shirt. <strong>The team will debut it during the pre-season Asian tour<\/strong>, which begins next weekend in Japan.<\/p>  <h2>Bar\u00e7a would use their second shirt in the first pre-season friendly<\/h2>  <p>Considering that Vissel Kobe&#8217;s home kit is maroon, it is very likely that <strong>Bar\u00e7a will play in Japan next Sunday, July 27, using their second shirt<\/strong> so that the contrast is appropriate between both teams on the field.<\/p>  <p>The match at the Noevir Stadium will be played <strong>from 19:00 local time (12:00 p.m. CEST)<\/strong> and will be broadcast by Bar\u00e7a One globally, free of charge, while &#8216;TV3&#8217; will broadcast the friendly in Spain.<\/p>  <table align=\"center\" cellpadding=\"3\" cellspacing=\"1\" style=\"width:100%;\"> <caption>BAR\u00c7A&#8217;S MATCHES ON THE 2025 ASIAN TOUR<\/caption> \t<thead><tr> <th>Date<\/th> \t\t\t<th>Rival<\/th> \t\t\t<th>Country<\/th> \t\t\t<th>Stadium<\/th> \t\t\t<th>Local\/Catalan Time<\/th> \t\t\t<th>Where to watch<\/th> \t\t<\/tr><\/thead> <tbody> <tr> <td> \t\t\t<p style=\"text-align: center;\">27\/07\/2025<\/p> \t\t\t<\/td> \t\t\t<td> \t\t\t<p style=\"text-align: center;\">Vissel Kobe<\/p> \t\t\t<\/td> \t\t\t<td> \t\t\t<p style=\"text-align: center;\">Japan<\/p> \t\t\t<\/td> \t\t\t<td> \t\t\t<p style=\"text-align: center;\">Noevir Stadium<\/p> \t\t\t<\/td> \t\t\t<td> \t\t\t<p style=\"text-align: center;\">19:00 JST \/ 12:00 CEST<\/p> \t\t\t<\/td> \t\t\t<td style=\"text-align: center;\">Bar\u00e7a One \/TV3<\/td> \t\t<\/tr> <tr> <td> \t\t\t<p style=\"text-align: center;\">31\/07\/2025<\/p> \t\t\t<\/td> \t\t\t<td> \t\t\t<p style=\"text-align: center;\">FC Seoul<\/p> \t\t\t<\/td> \t\t\t<td> \t\t\t<p style=\"text-align: center;\">South Korea<\/p> \t\t\t<\/td> \t\t\t<td> \t\t\t<p style=\"text-align: center;\">Seoul World Cup Stadium<\/p> \t\t\t<\/td> \t\t\t<td> \t\t\t<p style=\"text-align: center;\">20:00 KST \/ 13:00 CEST<\/p> \t\t\t<\/td> \t\t\t<td style=\"text-align: center;\">Bar\u00e7a One \/TV3<\/td> \t\t<\/tr> <tr> <td> \t\t\t<p style=\"text-align: center;\">04\/08\/2025<\/p> \t\t\t<\/td> \t\t\t<td> \t\t\t<p style=\"text-align: center;\">Daegu FC<\/p> \t\t\t<\/td> \t\t\t<td> \t\t\t<p style=\"text-align: center;\">South Korea<\/p> \t\t\t<\/td> \t\t\t<td> \t\t\t<p style=\"text-align: center;\">DGB Daegu Bank Park<\/p> \t\t\t<\/td> \t\t\t<td> \t\t\t<p style=\"text-align: center;\">20:00 KST \/ 13:00 CEST<\/p> \t\t\t<\/td> \t\t\t<td style=\"text-align: center;\">Bar\u00e7a One \/TV3<\/td> \t\t<\/tr> <\/tbody> <\/table> <p>In the case of the match against <strong>FC Seoul<\/strong>, on July 31 in South Korea, it is likely that Bar\u00e7a will finally debut their home shirt, as the Koreans&#8217; home kit is black with a red stripe on the left side.<\/p>  <p>Against <strong>Daegu FC<\/strong>, in the last friendly of the pre-season, the most logical thing would be to use the second kit again, as the local team usually plays its home matches in a light blue shirt.&nbsp;<\/p>  <p>However, it would not be strange if the official debut of the first &#8216;cul\u00e9&#8217; shirt is delayed until the Joan Gamper Trophy, in order to give greater visibility to the shirt dedicated to the collection of basketball star <strong>Kobe Bryant<\/strong>.&nbsp;<\/p>  <h2>This is Bar\u00e7a&#8217;s shirt with Kobe Bryant&#8217;s &#8216;sheath&#8217;<\/h2>  <p>In <a data-external=\"0\" data-intl-links-en=\"https:\/\/www.fcbarcelonanoticias.com\/en\/fc-barcelona\/design-filtered-serious-t-shirt-alternative-barcelona-2025-26_308352_102.html\" data-intl-links-es=\"https:\/\/www.fcbarcelonanoticias.com\/fc-barcelona\/diseno-filtrado-seria-camiseta-alternativa-barcelona-2025-26_308352_102.html\" href=\"https:\/\/www.fcbarcelonanoticias.com\/en\/fc-barcelona\/design-filtered-serious-t-shirt-alternative-barcelona-2025-26_308352_102.html\" rel=\"follow\" target=\"_self\" title=\"Design filtered! This would be Bar\u00e7a's alternative shirt for 2025\/26\">the &#8216;azulgrana&#8217; alternative shirt for 25\/26<\/a>, in addition to the ochre color and the Barcelona badge in black, the presence of &#8216;The sheath&#8217; logo instead of Nike&#8217;s classic &#8216;swoosh&#8217; (pipa) stands out.<\/p>  <p>This logo was chosen by Kobe Bryant in 2003, when he and the American brand launched the &#8216;Black Mamba&#8217; collection. <strong>It is the sheath of a sword<\/strong>, symbolizing the effort that each athlete puts into each performance to exploit their talent. The sword, in this case, is the innate ability of the athlete and the sheath, the effort that protects it.<\/p>  <div class=\"cke-element cke-element--102\"><section class=\"c-related-article\"><figure class=\"c-image__fig\"><a href=\"https:\/\/www.fcbarcelonanoticias.com\/fc-barcelona\/cuando-saldran-venta-nuevas-camisetas-alternativas-barca_313473_102.html\" title=\"segunda camiseta barca\" class=\"c-image__imglink\"><picture><img decoding=\"async\" src=\"https:\/\/www.fcbarcelonanoticias.com\/wp-content\/uploads\/sites\/2\/2025\/07\/fcbn-2798ef9f52e2e5a6ce5e844b84a8edda.webp\" alt=\"segunda camiseta barca\" title=\"segunda camiseta barca\" class=\"c-image__img\" width=\"1200\" height=\"676\" loading=\"lazy\"><\/picture><\/a>     <\/figure><div class=\"c-related-article__wrapper\">         <p class=\"c-related-article__avantitle\">Related<\/p>         <h4 class=\"c-related-article__title\">             <a href=\"https:\/\/www.fcbarcelonanoticias.com\/fc-barcelona\/cuando-saldran-venta-nuevas-camisetas-alternativas-barca_313473_102.html\" title=\"When will the new Bar\u00e7a alternative shirts go on sale?\" class=\"c-related-article__link\">                 When will the new Bar\u00e7a alternative shirts go on sale?             <\/a>         <\/h4>     <\/div> <\/section><\/div>  <p>The shirt, in addition to details in black, also has details in violet on the collar and sleeves. In the case of the third kit, which will be orange, it is still unknown when it will go on sale.<\/p>  <p><strong><u>FOLLOW US ON OUR SOCIAL NETWORKS:<\/u><\/strong><\/p>  <ol> <li>INSTAGRAM:&nbsp;<a data-external=\"1\" href=\"https:\/\/www.instagram.com\/en\/fcbarcelonanoticias_com?utm_source=ig_web_button_share_sheet&amp;igsh=M2ZxMGZmeGhsbGd3\" rel=\"nofollow\" target=\"_blank\" title=\"@fcbarcelonanoticias_com\">fcbarcelonanoticias_com<\/a> <\/li> \t<li>FACEBOOK:&nbsp;<a data-external=\"1\" href=\"https:\/\/www.facebook.com\/en\/wwwfcbarcelonanoticiascom\/\" rel=\"nofollow\" target=\"_blank\" title=\"FCBN\">FCBN<\/a> <\/li> \t<li>X (TWITTER):&nbsp;<a data-external=\"1\" href=\"https:\/\/x.com\/en\/FCBNOTICIAS\" rel=\"nofollow\" target=\"_blank\" title=\"@FCBNOTICIAS\">FCBNOTICIAS<\/a> <\/li> \t<li>THREADS:&nbsp;<a data-external=\"1\" href=\"https:\/\/www.threads.com\/en\/@fcbarcelonanoticias_com\" rel=\"nofollow\" target=\"_blank\" title=\"@fcbarcelonanoticias_com\">fcbarcelonanoticias_com<\/a> <\/li> <\/ol> ","protected":false},"excerpt":{"rendered":"<p>Bar\u00e7a plans to play their first friendly match of the Asian tour using their second kit for 25\/26. It will go on sale in the last week of July After the sales success of FC Barcelona&#8217;s home shirt for 2025\/26, the &#8216;cul\u00e9s&#8217; fans eagerly await the debut of the second &#8216;azulgrana&#8217; kit for the upcoming [&hellip;]<\/p>\n","protected":false},"author":347,"featured_media":14469,"comment_status":"closed","ping_status":"open","sticky":false,"template":"","format":"standard","meta":{"_acf_changed":false,"inline_featured_image":false,"_nextfly_llmd_date_locked":false,"footnotes":""},"categories":[131],"tags":[251],"class_list":["post-41272","post","type-post","status-publish","format-standard","has-post-thumbnail","hentry","category-preseason","tag-t-shirt-fc-barcelona"],"acf":[],"yoast_head":"<!-- This site is optimized with the Yoast SEO plugin v27.3 - https:\/\/yoast.com\/product\/yoast-seo-wordpress\/ -->\n<title>Bar\u00e7a will debut their 2nd shirt during the Asian tour!<\/title>\n<meta name=\"description\" content=\"Bar\u00e7a plans to play their first friendly match of the Asian tour using their second kit for 25\/26. It will go on sale at the end of July\" \/>\n<meta name=\"robots\" content=\"index, follow, max-snippet:-1, max-image-preview:large, max-video-preview:-1\" \/>\n<link rel=\"canonical\" href=\"https:\/\/www.fcbarcelonanoticias.com\/en\/football\/preseason\/barca-will-debut-their-2nd-shirt-during-asian-tour_313636_102.html\" \/>\n<meta property=\"og:locale\" content=\"en_US\" \/>\n<meta property=\"og:type\" content=\"article\" \/>\n<meta property=\"og:title\" content=\"Bar\u00e7a will debut their 2nd shirt during the Asian tour!\" \/>\n<meta property=\"og:description\" content=\"Bar\u00e7a plans to play their first friendly match of the Asian tour using their second kit for 25\/26. It will go on sale at the end of July\" \/>\n<meta property=\"og:url\" content=\"https:\/\/www.fcbarcelonanoticias.com\/en\/football\/preseason\/barca-will-debut-their-2nd-shirt-during-asian-tour_313636_102.html\" \/>\n<meta property=\"og:site_name\" content=\"EN - FC Barcelona Noticias\" \/>\n<meta property=\"article:published_time\" content=\"2025-07-21T00:37:00+00:00\" \/>\n<meta property=\"article:modified_time\" content=\"2026-04-16T07:34:46+00:00\" \/>\n<meta property=\"og:image\" content=\"https:\/\/www.fcbarcelonanoticias.com\/en\/wp-content\/uploads\/sites\/2\/2026\/03\/segunda-camiseta-barcelona-25-26.webp\" \/>\n\t<meta property=\"og:image:width\" content=\"1200\" \/>\n\t<meta property=\"og:image:height\" content=\"675\" \/>\n\t<meta property=\"og:image:type\" content=\"image\/webp\" \/>\n<meta name=\"author\" content=\"Andr\u00e9s Quiroz\" \/>\n<meta name=\"twitter:card\" content=\"summary_large_image\" \/>\n<meta name=\"twitter:label1\" content=\"Written by\" \/>\n\t<meta name=\"twitter:data1\" content=\"Andr\u00e9s Quiroz\" \/>\n\t<meta name=\"twitter:label2\" content=\"Est. reading time\" \/>\n\t<meta name=\"twitter:data2\" content=\"3 minutes\" \/>\n<script type=\"application\/ld+json\" class=\"yoast-schema-graph\">{\"@context\":\"https:\\\/\\\/schema.org\",\"@graph\":[{\"@type\":\"Article\",\"@id\":\"https:\\\/\\\/www.fcbarcelonanoticias.com\\\/en\\\/football\\\/preseason\\\/barca-will-debut-their-2nd-shirt-during-asian-tour_313636_102.html#article\",\"isPartOf\":{\"@id\":\"https:\\\/\\\/www.fcbarcelonanoticias.com\\\/en\\\/football\\\/preseason\\\/barca-will-debut-their-2nd-shirt-during-asian-tour_313636_102.html\"},\"author\":{\"name\":\"Andr\u00e9s Quiroz\",\"@id\":\"https:\\\/\\\/www.fcbarcelonanoticias.com\\\/en\\\/#\\\/schema\\\/person\\\/c2cd9f6fa1af5c0d0eccd0fefa575c88\"},\"headline\":\"Bar\u00e7a will debut their second shirt during the Asian tour!\",\"datePublished\":\"2025-07-21T00:37:00+00:00\",\"dateModified\":\"2026-04-16T07:34:46+00:00\",\"mainEntityOfPage\":{\"@id\":\"https:\\\/\\\/www.fcbarcelonanoticias.com\\\/en\\\/football\\\/preseason\\\/barca-will-debut-their-2nd-shirt-during-asian-tour_313636_102.html\"},\"wordCount\":555,\"image\":{\"@id\":\"https:\\\/\\\/www.fcbarcelonanoticias.com\\\/en\\\/football\\\/preseason\\\/barca-will-debut-their-2nd-shirt-during-asian-tour_313636_102.html#primaryimage\"},\"thumbnailUrl\":\"https:\\\/\\\/www.fcbarcelonanoticias.com\\\/en\\\/wp-content\\\/uploads\\\/sites\\\/2\\\/2026\\\/03\\\/segunda-camiseta-barcelona-25-26.webp\",\"keywords\":[\"T-shirt FC Barcelona\"],\"articleSection\":[\"Preseason\"],\"inLanguage\":\"en-US\"},{\"@type\":\"WebPage\",\"@id\":\"https:\\\/\\\/www.fcbarcelonanoticias.com\\\/en\\\/football\\\/preseason\\\/barca-will-debut-their-2nd-shirt-during-asian-tour_313636_102.html\",\"url\":\"https:\\\/\\\/www.fcbarcelonanoticias.com\\\/en\\\/football\\\/preseason\\\/barca-will-debut-their-2nd-shirt-during-asian-tour_313636_102.html\",\"name\":\"Bar\u00e7a will debut their 2nd shirt during the Asian tour!\",\"isPartOf\":{\"@id\":\"https:\\\/\\\/www.fcbarcelonanoticias.com\\\/en\\\/#website\"},\"primaryImageOfPage\":{\"@id\":\"https:\\\/\\\/www.fcbarcelonanoticias.com\\\/en\\\/football\\\/preseason\\\/barca-will-debut-their-2nd-shirt-during-asian-tour_313636_102.html#primaryimage\"},\"image\":{\"@id\":\"https:\\\/\\\/www.fcbarcelonanoticias.com\\\/en\\\/football\\\/preseason\\\/barca-will-debut-their-2nd-shirt-during-asian-tour_313636_102.html#primaryimage\"},\"thumbnailUrl\":\"https:\\\/\\\/www.fcbarcelonanoticias.com\\\/en\\\/wp-content\\\/uploads\\\/sites\\\/2\\\/2026\\\/03\\\/segunda-camiseta-barcelona-25-26.webp\",\"datePublished\":\"2025-07-21T00:37:00+00:00\",\"dateModified\":\"2026-04-16T07:34:46+00:00\",\"author\":{\"@id\":\"https:\\\/\\\/www.fcbarcelonanoticias.com\\\/en\\\/#\\\/schema\\\/person\\\/c2cd9f6fa1af5c0d0eccd0fefa575c88\"},\"description\":\"Bar\u00e7a plans to play their first friendly match of the Asian tour using their second kit for 25\\\/26. It will go on sale at the end of July\",\"breadcrumb\":{\"@id\":\"https:\\\/\\\/www.fcbarcelonanoticias.com\\\/en\\\/football\\\/preseason\\\/barca-will-debut-their-2nd-shirt-during-asian-tour_313636_102.html#breadcrumb\"},\"inLanguage\":\"en-US\",\"potentialAction\":[{\"@type\":\"ReadAction\",\"target\":[\"https:\\\/\\\/www.fcbarcelonanoticias.com\\\/en\\\/football\\\/preseason\\\/barca-will-debut-their-2nd-shirt-during-asian-tour_313636_102.html\"]}]},{\"@type\":\"ImageObject\",\"inLanguage\":\"en-US\",\"@id\":\"https:\\\/\\\/www.fcbarcelonanoticias.com\\\/en\\\/football\\\/preseason\\\/barca-will-debut-their-2nd-shirt-during-asian-tour_313636_102.html#primaryimage\",\"url\":\"https:\\\/\\\/www.fcbarcelonanoticias.com\\\/en\\\/wp-content\\\/uploads\\\/sites\\\/2\\\/2026\\\/03\\\/segunda-camiseta-barcelona-25-26.webp\",\"contentUrl\":\"https:\\\/\\\/www.fcbarcelonanoticias.com\\\/en\\\/wp-content\\\/uploads\\\/sites\\\/2\\\/2026\\\/03\\\/segunda-camiseta-barcelona-25-26.webp\",\"width\":1200,\"height\":675},{\"@type\":\"BreadcrumbList\",\"@id\":\"https:\\\/\\\/www.fcbarcelonanoticias.com\\\/en\\\/football\\\/preseason\\\/barca-will-debut-their-2nd-shirt-during-asian-tour_313636_102.html#breadcrumb\",\"itemListElement\":[{\"@type\":\"ListItem\",\"position\":1,\"name\":\"Portada\",\"item\":\"https:\\\/\\\/www.fcbarcelonanoticias.com\\\/en\\\/\"},{\"@type\":\"ListItem\",\"position\":2,\"name\":\"Bar\u00e7a will debut their second shirt during the Asian tour!\"}]},{\"@type\":\"WebSite\",\"@id\":\"https:\\\/\\\/www.fcbarcelonanoticias.com\\\/en\\\/#website\",\"url\":\"https:\\\/\\\/www.fcbarcelonanoticias.com\\\/en\\\/\",\"name\":\"EN - FC Barcelona Noticias\",\"description\":\"\",\"potentialAction\":[{\"@type\":\"SearchAction\",\"target\":{\"@type\":\"EntryPoint\",\"urlTemplate\":\"https:\\\/\\\/www.fcbarcelonanoticias.com\\\/en\\\/?s={search_term_string}\"},\"query-input\":{\"@type\":\"PropertyValueSpecification\",\"valueRequired\":true,\"valueName\":\"search_term_string\"}}],\"inLanguage\":\"en-US\"},{\"@type\":\"Person\",\"@id\":\"https:\\\/\\\/www.fcbarcelonanoticias.com\\\/en\\\/#\\\/schema\\\/person\\\/c2cd9f6fa1af5c0d0eccd0fefa575c88\",\"name\":\"Andr\u00e9s Quiroz\",\"image\":{\"@type\":\"ImageObject\",\"inLanguage\":\"en-US\",\"@id\":\"https:\\\/\\\/secure.gravatar.com\\\/avatar\\\/?s=96&d=mm&r=g\",\"url\":\"https:\\\/\\\/secure.gravatar.com\\\/avatar\\\/?s=96&d=mm&r=g\",\"contentUrl\":\"https:\\\/\\\/secure.gravatar.com\\\/avatar\\\/?s=96&d=mm&r=g\",\"caption\":\"Andr\u00e9s Quiroz\"},\"description\":\"Licenciado en Periodismo por la Universidad de los Andes. Me encargo de analizar y compartir los contenidos m\u00e1s destacados de la\u00a0actualidad del F\u00fatbol Club Barcelona, Mercado de Fichajes y F\u00fatbol Internacional en FCBN. La informaci\u00f3n es poder, pero tambi\u00e9n conocimiento.\",\"url\":\"https:\\\/\\\/www.fcbarcelonanoticias.com\\\/en\\\/fc-barcelona\\\/andres-quiroz_17_115.html\"}]}<\/script>\n<!-- \/ Yoast SEO plugin. -->","yoast_head_json":{"title":"Bar\u00e7a will debut their 2nd shirt during the Asian tour!","description":"Bar\u00e7a plans to play their first friendly match of the Asian tour using their second kit for 25\/26. It will go on sale at the end of July","robots":{"index":"index","follow":"follow","max-snippet":"max-snippet:-1","max-image-preview":"max-image-preview:large","max-video-preview":"max-video-preview:-1"},"canonical":"https:\/\/www.fcbarcelonanoticias.com\/en\/football\/preseason\/barca-will-debut-their-2nd-shirt-during-asian-tour_313636_102.html","og_locale":"en_US","og_type":"article","og_title":"Bar\u00e7a will debut their 2nd shirt during the Asian tour!","og_description":"Bar\u00e7a plans to play their first friendly match of the Asian tour using their second kit for 25\/26. It will go on sale at the end of July","og_url":"https:\/\/www.fcbarcelonanoticias.com\/en\/football\/preseason\/barca-will-debut-their-2nd-shirt-during-asian-tour_313636_102.html","og_site_name":"EN - FC Barcelona Noticias","article_published_time":"2025-07-21T00:37:00+00:00","article_modified_time":"2026-04-16T07:34:46+00:00","og_image":[{"width":1200,"height":675,"url":"https:\/\/www.fcbarcelonanoticias.com\/en\/wp-content\/uploads\/sites\/2\/2026\/03\/segunda-camiseta-barcelona-25-26.webp","type":"image\/webp"}],"author":"Andr\u00e9s Quiroz","twitter_card":"summary_large_image","twitter_misc":{"Written by":"Andr\u00e9s Quiroz","Est. reading time":"3 minutes"},"schema":{"@context":"https:\/\/schema.org","@graph":[{"@type":"Article","@id":"https:\/\/www.fcbarcelonanoticias.com\/en\/football\/preseason\/barca-will-debut-their-2nd-shirt-during-asian-tour_313636_102.html#article","isPartOf":{"@id":"https:\/\/www.fcbarcelonanoticias.com\/en\/football\/preseason\/barca-will-debut-their-2nd-shirt-during-asian-tour_313636_102.html"},"author":{"name":"Andr\u00e9s Quiroz","@id":"https:\/\/www.fcbarcelonanoticias.com\/en\/#\/schema\/person\/c2cd9f6fa1af5c0d0eccd0fefa575c88"},"headline":"Bar\u00e7a will debut their second shirt during the Asian tour!","datePublished":"2025-07-21T00:37:00+00:00","dateModified":"2026-04-16T07:34:46+00:00","mainEntityOfPage":{"@id":"https:\/\/www.fcbarcelonanoticias.com\/en\/football\/preseason\/barca-will-debut-their-2nd-shirt-during-asian-tour_313636_102.html"},"wordCount":555,"image":{"@id":"https:\/\/www.fcbarcelonanoticias.com\/en\/football\/preseason\/barca-will-debut-their-2nd-shirt-during-asian-tour_313636_102.html#primaryimage"},"thumbnailUrl":"https:\/\/www.fcbarcelonanoticias.com\/en\/wp-content\/uploads\/sites\/2\/2026\/03\/segunda-camiseta-barcelona-25-26.webp","keywords":["T-shirt FC Barcelona"],"articleSection":["Preseason"],"inLanguage":"en-US"},{"@type":"WebPage","@id":"https:\/\/www.fcbarcelonanoticias.com\/en\/football\/preseason\/barca-will-debut-their-2nd-shirt-during-asian-tour_313636_102.html","url":"https:\/\/www.fcbarcelonanoticias.com\/en\/football\/preseason\/barca-will-debut-their-2nd-shirt-during-asian-tour_313636_102.html","name":"Bar\u00e7a will debut their 2nd shirt during the Asian tour!","isPartOf":{"@id":"https:\/\/www.fcbarcelonanoticias.com\/en\/#website"},"primaryImageOfPage":{"@id":"https:\/\/www.fcbarcelonanoticias.com\/en\/football\/preseason\/barca-will-debut-their-2nd-shirt-during-asian-tour_313636_102.html#primaryimage"},"image":{"@id":"https:\/\/www.fcbarcelonanoticias.com\/en\/football\/preseason\/barca-will-debut-their-2nd-shirt-during-asian-tour_313636_102.html#primaryimage"},"thumbnailUrl":"https:\/\/www.fcbarcelonanoticias.com\/en\/wp-content\/uploads\/sites\/2\/2026\/03\/segunda-camiseta-barcelona-25-26.webp","datePublished":"2025-07-21T00:37:00+00:00","dateModified":"2026-04-16T07:34:46+00:00","author":{"@id":"https:\/\/www.fcbarcelonanoticias.com\/en\/#\/schema\/person\/c2cd9f6fa1af5c0d0eccd0fefa575c88"},"description":"Bar\u00e7a plans to play their first friendly match of the Asian tour using their second kit for 25\/26. It will go on sale at the end of July","breadcrumb":{"@id":"https:\/\/www.fcbarcelonanoticias.com\/en\/football\/preseason\/barca-will-debut-their-2nd-shirt-during-asian-tour_313636_102.html#breadcrumb"},"inLanguage":"en-US","potentialAction":[{"@type":"ReadAction","target":["https:\/\/www.fcbarcelonanoticias.com\/en\/football\/preseason\/barca-will-debut-their-2nd-shirt-during-asian-tour_313636_102.html"]}]},{"@type":"ImageObject","inLanguage":"en-US","@id":"https:\/\/www.fcbarcelonanoticias.com\/en\/football\/preseason\/barca-will-debut-their-2nd-shirt-during-asian-tour_313636_102.html#primaryimage","url":"https:\/\/www.fcbarcelonanoticias.com\/en\/wp-content\/uploads\/sites\/2\/2026\/03\/segunda-camiseta-barcelona-25-26.webp","contentUrl":"https:\/\/www.fcbarcelonanoticias.com\/en\/wp-content\/uploads\/sites\/2\/2026\/03\/segunda-camiseta-barcelona-25-26.webp","width":1200,"height":675},{"@type":"BreadcrumbList","@id":"https:\/\/www.fcbarcelonanoticias.com\/en\/football\/preseason\/barca-will-debut-their-2nd-shirt-during-asian-tour_313636_102.html#breadcrumb","itemListElement":[{"@type":"ListItem","position":1,"name":"Portada","item":"https:\/\/www.fcbarcelonanoticias.com\/en\/"},{"@type":"ListItem","position":2,"name":"Bar\u00e7a will debut their second shirt during the Asian tour!"}]},{"@type":"WebSite","@id":"https:\/\/www.fcbarcelonanoticias.com\/en\/#website","url":"https:\/\/www.fcbarcelonanoticias.com\/en\/","name":"EN - FC Barcelona Noticias","description":"","potentialAction":[{"@type":"SearchAction","target":{"@type":"EntryPoint","urlTemplate":"https:\/\/www.fcbarcelonanoticias.com\/en\/?s={search_term_string}"},"query-input":{"@type":"PropertyValueSpecification","valueRequired":true,"valueName":"search_term_string"}}],"inLanguage":"en-US"},{"@type":"Person","@id":"https:\/\/www.fcbarcelonanoticias.com\/en\/#\/schema\/person\/c2cd9f6fa1af5c0d0eccd0fefa575c88","name":"Andr\u00e9s Quiroz","image":{"@type":"ImageObject","inLanguage":"en-US","@id":"https:\/\/secure.gravatar.com\/avatar\/?s=96&d=mm&r=g","url":"https:\/\/secure.gravatar.com\/avatar\/?s=96&d=mm&r=g","contentUrl":"https:\/\/secure.gravatar.com\/avatar\/?s=96&d=mm&r=g","caption":"Andr\u00e9s Quiroz"},"description":"Licenciado en Periodismo por la Universidad de los Andes. Me encargo de analizar y compartir los contenidos m\u00e1s destacados de la\u00a0actualidad del F\u00fatbol Club Barcelona, Mercado de Fichajes y F\u00fatbol Internacional en FCBN. La informaci\u00f3n es poder, pero tambi\u00e9n conocimiento.","url":"https:\/\/www.fcbarcelonanoticias.com\/en\/fc-barcelona\/andres-quiroz_17_115.html"}]}},"_links":{"self":[{"href":"https:\/\/www.fcbarcelonanoticias.com\/en\/wp-json\/wp\/v2\/posts\/41272","targetHints":{"allow":["GET"]}}],"collection":[{"href":"https:\/\/www.fcbarcelonanoticias.com\/en\/wp-json\/wp\/v2\/posts"}],"about":[{"href":"https:\/\/www.fcbarcelonanoticias.com\/en\/wp-json\/wp\/v2\/types\/post"}],"author":[{"embeddable":true,"href":"https:\/\/www.fcbarcelonanoticias.com\/en\/wp-json\/wp\/v2\/users\/347"}],"replies":[{"embeddable":true,"href":"https:\/\/www.fcbarcelonanoticias.com\/en\/wp-json\/wp\/v2\/comments?post=41272"}],"version-history":[{"count":3,"href":"https:\/\/www.fcbarcelonanoticias.com\/en\/wp-json\/wp\/v2\/posts\/41272\/revisions"}],"predecessor-version":[{"id":176898,"href":"https:\/\/www.fcbarcelonanoticias.com\/en\/wp-json\/wp\/v2\/posts\/41272\/revisions\/176898"}],"wp:featuredmedia":[{"embeddable":true,"href":"https:\/\/www.fcbarcelonanoticias.com\/en\/wp-json\/wp\/v2\/media\/14469"}],"wp:attachment":[{"href":"https:\/\/www.fcbarcelonanoticias.com\/en\/wp-json\/wp\/v2\/media?parent=41272"}],"wp:term":[{"taxonomy":"category","embeddable":true,"href":"https:\/\/www.fcbarcelonanoticias.com\/en\/wp-json\/wp\/v2\/categories?post=41272"},{"taxonomy":"post_tag","embeddable":true,"href":"https:\/\/www.fcbarcelonanoticias.com\/en\/wp-json\/wp\/v2\/tags?post=41272"}],"curies":[{"name":"wp","href":"https:\/\/api.w.org\/{rel}","templated":true}]}}