{"id":41440,"date":"2024-11-20T18:19:00","date_gmt":"2024-11-20T17:19:00","guid":{"rendered":"https:\/\/weisetech.dev\/fc-barcelona-noticias\/en\/raphinha-pedri-frenkie-jong-the-1x1-of-the-8-barca-players-during-the-national-team-break_308746_102\/"},"modified":"2026-04-16T09:46:22","modified_gmt":"2026-04-16T07:46:22","slug":"raphinha-pedri-frenkie-jong-the-1x1-of-the-8-barca-players-during-the-national-team-break_308746_102","status":"publish","type":"post","link":"https:\/\/www.fcbarcelonanoticias.com\/en\/football\/raphinha-pedri-frenkie-jong-the-1x1-of-the-8-barca-players-during-the-national-team-break_308746_102.html","title":{"rendered":"Raphinha, Pedri, Frenkie de Jong&#8230; The 1&#215;1 of the 8 Bar\u00e7a players during the national team break"},"content":{"rendered":"<h2 class=\"wp-block-heading\">FC Barcelona contributed eight players to their respective teams during the last FIFA date in November. Do you want to know who they are and how they did? We tell you at FCBN<\/h2>  \r\n<div class=\"article-addons\">\r\n    <a href=\"https:\/\/www.fcbarcelonanoticias.com\/en\/calendar-fc-barcelona.html\"\r\n       target=\"_self\"\r\n       title=\"Calendar of FC Barcelona\"\r\n       class=\"blue-gredient-btn\">\r\n       \r\n        Calendar of FC Barcelona    <\/a>\r\n<\/div>   <p><strong>FC Barcelona<\/strong> contributed <strong>a total of eight players<\/strong> to their respective national teams during the last FIFA date in November 2024, the final one of the year. This number could have been higher, but it is important to note that both <strong>Lamine Yamal (Spain) and Robert Lewandowski (Poland)<\/strong> were left out of their national teams&#8217; call-ups due to physical problems. Below, at FCBN, we explain how the Bar\u00e7a players fared during this international break.<\/p>  <h3>Spain<\/h3>  <h4>Pedri Gonz\u00e1lez<\/h4>  <p><strong>Pedri Gonz\u00e1lez<\/strong> was one of the standout players for the Spanish national team that participated in both matches for &#8216;La Roja&#8217; against Denmark and Switzerland, respectively. In the match against the Danes, his participation was brief, as he came on as a substitute in the 80th minute, replacing Mikel Merino, and played the rest of the match without particularly standing out.<\/p>  <p>In the clash against Switzerland, <strong>Pedri<\/strong> had more prominence as he was included in the starting eleven by Luis de la Fuente and remained on the field until the 79th minute. During the match against the Swiss, in the 34th minute, <strong>the player from Tegueste received a strong blow to his right knee<\/strong> that left him visibly in pain, requiring medical intervention. Despite this, he was able to continue playing regularly. It is worth noting that he missed a penalty in that match.<\/p>  <h4>Dani Olmo<\/h4>  <p><strong>Dani Olmo<\/strong> returned to the Spanish national team call-up after missing the October FIFA date due to an injury. His return was positive, as Luis de la Fuente included him in the starting lineup and <strong>he played 70 minutes in the Spanish national team&#8217;s 1-2 victory<\/strong> over Denmark.<\/p>  <p>During this match, <strong>Dani Olmo<\/strong> provided an assist that led to the 0-2 goal, scored by <strong>Ayoze P\u00e9rez<\/strong>. In the match against Switzerland, the player from Terrassa was not a starter and remained on the bench.<\/p>  <h4>Marc Casad\u00f3<\/h4>  <p>The midfielder from <strong>Barcelona<\/strong>, <strong>Marc Casad\u00f3<\/strong>, <a data-external=\"0\" data-intl-links-en=\"https:\/\/www.fcbarcelonanoticias.com\/en\/football-soccer\/official-debut-marc-casado-sumo-his-first-minutes-with-absoluta-espana_308642_102.html\" data-intl-links-es=\"https:\/\/www.fcbarcelonanoticias.com\/futbol\/debut-oficial-marc-casado-sumo-sus-primeros-minutos-con-absoluta-espana_308642_102.html\" href=\"https:\/\/www.fcbarcelonanoticias.com\/futbol\/debut-oficial-marc-casado-sumo-sus-primeros-minutos-con-absoluta-espana_308642_102.html\" rel=\"follow\" target=\"_self\" title=\"Official debut! Marc Casad\u00f3 made his first minutes with the Spanish national team\">had a standout debut with the Spanish national team<\/a> during this November FIFA date. The player from Sant Pere de Vilamajor shone in the matches of the fifth round against Denmark and the sixth against Switzerland in the UEFA Nations League.<\/p>  <p>In the match against the Danes, <strong>Casad\u00f3<\/strong> came off the bench as a substitute and was on the field for 20 minutes, while against the Swiss, he started and played the full 90 minutes. As a result, the midfielder had the opportunity to showcase flashes of his play, just as he has been doing with the Blaugrana team, proving to be a powerful and confident option in the midfield of &#8216;La Roja&#8217;.<\/p>  <blockquote class=\"twitter-tweet\"> <p dir=\"ltr\" lang=\"es\">\ud83d\udc4f\ud83c\udffc \u00a1\u00a1\ud835\uddd8\ud835\udde1\ud835\udddb\ud835\udde2\ud835\udde5\ud835\uddd4\ud835\uddd5\ud835\udde8\ud835\uddd8\ud835\udde1\ud835\uddd4 \ud835\udde3\ud835\udde2\ud835\udde5 \ud835\udde7\ud835\udde8 \ud835\uddd7\ud835\uddd8\ud835\uddd5\ud835\udde8\ud835\udde7!!<br><br> Marc Casad\u00f3, midfielder of <a href=\"https:\/\/twitter.com\/en\/FCBarcelona?ref_src=twsrc%5Etfw\">@FCBarcelona<\/a>, begins his journey with the <a href=\"https:\/\/twitter.com\/en\/SEFutbol?ref_src=twsrc%5Etfw\">@SEFutbol<\/a> national team.<br><br> \ud83c\udde9\ud83c\uddf0 \ud83c\udd9a \ud83c\uddea\ud83c\uddf8 | 0-2 | 71\u2019<a href=\"https:\/\/twitter.com\/en\/hashtag\/VamosEspa%C3%B1a?src=hash&amp;ref_src=twsrc%5Etfw\">#VamosEspa\u00f1a<\/a> | <a href=\"https:\/\/twitter.com\/en\/hashtag\/NationsLeague?src=hash&amp;ref_src=twsrc%5Etfw\">#NationsLeague<\/a> <a href=\"https:\/\/t.co\/en\/hHF1tkHYhx\">pic.twitter.com\/hHF1tkHYhx<\/a><\/p> \u2014 Selecci\u00f3n Espa\u00f1ola Masculina de F\u00fatbol (@SEFutbol) <a href=\"https:\/\/twitter.com\/en\/SEFutbol\/status\/1857532959810535694?ref_src=twsrc%5Etfw\">November 15, 2024<\/a> <\/blockquote> <h4>Pau Cubars\u00ed<\/h4>  <p><strong>Pau Cubars\u00ed<\/strong> was called up to the Spanish national team due to the last-minute absence of Aston Villa defender <strong>Pau Torres<\/strong> due to injury. Although he did not have the opportunity to be part of the squad available for the match against Denmark, <strong>he was a starter in the clash against Switzerland and played the full 90 minutes<\/strong>.<\/p>  <h3>Spain U-21<\/h3>  <h4>Pablo Torre<\/h4>  <p>Pablo Torre was called up to join <strong>the U-21 team led by Santi Denia<\/strong> for a series of friendly matches. In the first of them, against the U-21 team of England, the player from Soto de la Marina could only play 27 minutes after coming off the bench.<\/p>  <p>In the following 2-1 victory of &#8216;La Rojita&#8217; over Denmark, <strong>Pablo Torre<\/strong> was a starter and captain of the team. During this match, in which he faced 58 minutes of action, he contributed with a key assist for the goal that opened the scoring, putting the scoreboard at 1-0 in favor of Spain.<\/p>  <h3>Brazil<\/h3>  <h4>Raphinha<\/h4>  <p><strong>Raphinha<\/strong> had a FIFA date in November where he showed two contrasting facets. <a data-external=\"0\" data-intl-links-en=\"https:\/\/www.fcbarcelonanoticias.com\/en\/football-soccer\/contrasting-realities-while-raphinha-gets-away-with-brazil-vinicius-continues-not-to-stand-out_308627_102.html\" data-intl-links-es=\"https:\/\/www.fcbarcelonanoticias.com\/futbol\/realidades-contrastantes-mientras-raphinha-se-sale-con-brasil-vinicius-sigue-sin-destacar_308627_102.html\" href=\"https:\/\/www.fcbarcelonanoticias.com\/futbol\/realidades-contrastantes-mientras-raphinha-se-sale-con-brasil-vinicius-sigue-sin-destacar_308627_102.html\" rel=\"follow\" target=\"_self\" title=\"CONTRASTING REALITIES: While Raphinha shines with Brazil, Vinicius continues to underperform\">While he was the standout figure for &#8216;La Canarinha&#8217;<\/a> in the match that ended in a draw against Venezuela (1-1), scoring a stunning free-kick, his tenth goal with the &#8216;Sele\u00e7\u00e3o&#8217;, in the match against Uruguay, which also ended in a 1-1 draw, he did not manage to be as influential or accurate as in other matches. In both games, he played the full 90 minutes.<\/p>  <blockquote class=\"twitter-tweet\" data-media-max-width=\"560\"> <p dir=\"ltr\" lang=\"es\">\u00c9rase una vez un hombre inspirado.<br><br> \ud835\udc00 \ud835\udc11\ud835\udc00\ud835\udc0f\ud835\udc07\ud835\udc08\ud835\udc0d\ud835\udc07\ud835\udc00 \ud835\udc0b\ud835\udc04 \ud835\udc12\ud835\udc00\ud835\udc0b\ud835\udc04 \ud835\udc13\ud835\udc0e\ud835\udc03\ud835\udc0e. \u26bd\ufe0f\ud83c\udf1f\ud83c\udde7\ud83c\uddf7<a href=\"https:\/\/twitter.com\/en\/hashtag\/EliminatoriasSudamericanas?src=hash&amp;ref_src=twsrc%5Etfw\">#EliminatoriasSudamericanas<\/a><a href=\"https:\/\/twitter.com\/en\/hashtag\/LaCasaDelF%C3%BAtbol?src=hash&amp;ref_src=twsrc%5Etfw\">#LaCasaDelF\u00fatbol<\/a> <a href=\"https:\/\/t.co\/en\/Gm34Jp4ZmC\">pic.twitter.com\/Gm34Jp4ZmC<\/a><\/p> \u2014 F\u00fatbol en Movistar Plus+ (@MovistarFutbol) <a href=\"https:\/\/twitter.com\/en\/MovistarFutbol\/status\/1857179897464046024?ref_src=twsrc%5Etfw\">November 14, 2024<\/a> <\/blockquote> <h3>The Netherlands<\/h3>  <h4>Frenkie de Jong<\/h4>  <p>On the other hand, another player who had a somewhat &#8216;bittersweet&#8217; return to his national team was <strong>Frenkie de Jong<\/strong>. The Dutchman was included by <strong>Ronald Koeman<\/strong> in the starting eleven for the first match of this FIFA date with the Netherlands, which was against Hungary.<\/p>  <p>However, <strong>Frenkie de Jong<\/strong> had to be substituted in the 68th minute after not showing his best level on the field, despite the 4-0 victory for &#8216;Oranje&#8217; in a match that was a true celebration for the Dutch national team. After the match against the Hungarians, the native of Arkel <a data-external=\"0\" data-intl-links-en=\"https:\/\/www.fcbarcelonanoticias.com\/en\/football-soccer\/relief-for-barca-netherlands-releases-frenkie-jong-early_308689_102.html\" data-intl-links-es=\"https:\/\/www.fcbarcelonanoticias.com\/futbol\/alivio-barca-paises-bajos-libera-anticipadamente-frenkie-jong_308689_102.html\" href=\"https:\/\/www.fcbarcelonanoticias.com\/futbol\/alivio-barca-paises-bajos-libera-anticipadamente-frenkie-jong_308689_102.html\" rel=\"follow\" target=\"_self\" title=\"Relief for Bar\u00e7a! Netherlands releases Frenkie de Jong early\">expressed that he was not in optimal physical condition<\/a>, which led his national team to let him go early, withdrawing him from the squad for the match against Bosnia and Herzegovina.<\/p>  <h3>France<\/h3>  <h4>Jules Kound\u00e9<\/h4>  <p>Regarding <strong>Jules Kound\u00e9<\/strong>, the defender who has been converted to right-back, he continued his good performance with the French national team. <strong>Didier Deschamps<\/strong> once again trusted him as his undisputed right-back, playing 90 minutes in the surprising 0-0 draw for the French team against Israel and another 82 minutes in the French victory over Italy by 1-3. The &#8217;23&#8217; from Bar\u00e7a continues <strong>to establish himself as a reliable right-back defensively<\/strong>, and his offensive contributions are steadily increasing.<\/p> ","protected":false},"excerpt":{"rendered":"<p>FC Barcelona contributed eight players to their respective teams during the last FIFA date in November. Do you want to know who they are and how they did? We tell you at FCBN FC Barcelona contributed a total of eight players to their respective national teams during the last FIFA date in November 2024, the [&hellip;]<\/p>\n","protected":false},"author":355,"featured_media":112501,"comment_status":"closed","ping_status":"open","sticky":false,"template":"","format":"standard","meta":{"_acf_changed":false,"inline_featured_image":false,"_nextfly_llmd_date_locked":false,"footnotes":""},"categories":[109,452],"tags":[91,183],"class_list":["post-41440","post","type-post","status-publish","format-standard","has-post-thumbnail","hentry","category-football","category-football-2","tag-national-teams","tag-the-1x1"],"acf":[],"yoast_head":"<!-- This site is optimized with the Yoast SEO plugin v27.3 - https:\/\/yoast.com\/product\/yoast-seo-wordpress\/ -->\n<title>Raphinha, Pedri, Frenkie de Jong... The 1x1 of the 8 Bar\u00e7a players during the national team break<\/title>\n<meta name=\"description\" content=\"FC Barcelona contributed eight players to their respective teams during the last FIFA date in November. Do you want to know who they are and how they did? We tell you at FCBN\" \/>\n<meta name=\"robots\" content=\"index, follow, max-snippet:-1, max-image-preview:large, max-video-preview:-1\" \/>\n<link rel=\"canonical\" href=\"https:\/\/www.fcbarcelonanoticias.com\/en\/football\/raphinha-pedri-frenkie-jong-the-1x1-of-the-8-barca-players-during-the-national-team-break_308746_102.html\" \/>\n<meta property=\"og:locale\" content=\"en_US\" \/>\n<meta property=\"og:type\" content=\"article\" \/>\n<meta property=\"og:title\" content=\"Raphinha, Pedri, Frenkie de Jong... The 1x1 of the 8 Bar\u00e7a players during the national team break\" \/>\n<meta property=\"og:description\" content=\"FC Barcelona contributed eight players to their respective teams during the last FIFA date in November. Do you want to know who they are and how they did? We tell you at FCBN\" \/>\n<meta property=\"og:url\" content=\"https:\/\/www.fcbarcelonanoticias.com\/en\/football\/raphinha-pedri-frenkie-jong-the-1x1-of-the-8-barca-players-during-the-national-team-break_308746_102.html\" \/>\n<meta property=\"og:site_name\" content=\"EN - FC Barcelona Noticias\" \/>\n<meta property=\"article:published_time\" content=\"2024-11-20T17:19:00+00:00\" \/>\n<meta property=\"article:modified_time\" content=\"2026-04-16T07:46:22+00:00\" \/>\n<meta property=\"og:image\" content=\"https:\/\/www.fcbarcelonanoticias.com\/en\/wp-content\/uploads\/sites\/2\/2024\/11\/raphinha-pedri-y-frenkie-de-jong-1.jpeg\" \/>\n\t<meta property=\"og:image:width\" content=\"1300\" \/>\n\t<meta property=\"og:image:height\" content=\"732\" \/>\n\t<meta property=\"og:image:type\" content=\"image\/jpeg\" \/>\n<meta name=\"author\" content=\"Kevin G\u00f3mez\" \/>\n<meta name=\"twitter:card\" content=\"summary_large_image\" \/>\n<meta name=\"twitter:label1\" content=\"Written by\" \/>\n\t<meta name=\"twitter:data1\" content=\"Kevin G\u00f3mez\" \/>\n\t<meta name=\"twitter:label2\" content=\"Est. reading time\" \/>\n\t<meta name=\"twitter:data2\" content=\"5 minutes\" \/>\n<script type=\"application\/ld+json\" class=\"yoast-schema-graph\">{\"@context\":\"https:\\\/\\\/schema.org\",\"@graph\":[{\"@type\":\"Article\",\"@id\":\"https:\\\/\\\/www.fcbarcelonanoticias.com\\\/en\\\/football\\\/raphinha-pedri-frenkie-jong-the-1x1-of-the-8-barca-players-during-the-national-team-break_308746_102.html#article\",\"isPartOf\":{\"@id\":\"https:\\\/\\\/www.fcbarcelonanoticias.com\\\/en\\\/football\\\/raphinha-pedri-frenkie-jong-the-1x1-of-the-8-barca-players-during-the-national-team-break_308746_102.html\"},\"author\":{\"name\":\"Kevin G\u00f3mez\",\"@id\":\"https:\\\/\\\/www.fcbarcelonanoticias.com\\\/en\\\/#\\\/schema\\\/person\\\/991443f134df9a64c6874f96ff984c9d\"},\"headline\":\"Raphinha, Pedri, Frenkie de Jong&#8230; The 1&#215;1 of the 8 Bar\u00e7a players during the national team break\",\"datePublished\":\"2024-11-20T17:19:00+00:00\",\"dateModified\":\"2026-04-16T07:46:22+00:00\",\"mainEntityOfPage\":{\"@id\":\"https:\\\/\\\/www.fcbarcelonanoticias.com\\\/en\\\/football\\\/raphinha-pedri-frenkie-jong-the-1x1-of-the-8-barca-players-during-the-national-team-break_308746_102.html\"},\"wordCount\":985,\"image\":{\"@id\":\"https:\\\/\\\/www.fcbarcelonanoticias.com\\\/en\\\/football\\\/raphinha-pedri-frenkie-jong-the-1x1-of-the-8-barca-players-during-the-national-team-break_308746_102.html#primaryimage\"},\"thumbnailUrl\":\"https:\\\/\\\/www.fcbarcelonanoticias.com\\\/en\\\/wp-content\\\/uploads\\\/sites\\\/2\\\/2024\\\/11\\\/raphinha-pedri-y-frenkie-de-jong-1.jpeg\",\"keywords\":[\"National Teams\",\"The 1x1\"],\"articleSection\":[\"Football\",\"Football\"],\"inLanguage\":\"en-US\"},{\"@type\":\"WebPage\",\"@id\":\"https:\\\/\\\/www.fcbarcelonanoticias.com\\\/en\\\/football\\\/raphinha-pedri-frenkie-jong-the-1x1-of-the-8-barca-players-during-the-national-team-break_308746_102.html\",\"url\":\"https:\\\/\\\/www.fcbarcelonanoticias.com\\\/en\\\/football\\\/raphinha-pedri-frenkie-jong-the-1x1-of-the-8-barca-players-during-the-national-team-break_308746_102.html\",\"name\":\"Raphinha, Pedri, Frenkie de Jong... The 1x1 of the 8 Bar\u00e7a players during the national team break\",\"isPartOf\":{\"@id\":\"https:\\\/\\\/www.fcbarcelonanoticias.com\\\/en\\\/#website\"},\"primaryImageOfPage\":{\"@id\":\"https:\\\/\\\/www.fcbarcelonanoticias.com\\\/en\\\/football\\\/raphinha-pedri-frenkie-jong-the-1x1-of-the-8-barca-players-during-the-national-team-break_308746_102.html#primaryimage\"},\"image\":{\"@id\":\"https:\\\/\\\/www.fcbarcelonanoticias.com\\\/en\\\/football\\\/raphinha-pedri-frenkie-jong-the-1x1-of-the-8-barca-players-during-the-national-team-break_308746_102.html#primaryimage\"},\"thumbnailUrl\":\"https:\\\/\\\/www.fcbarcelonanoticias.com\\\/en\\\/wp-content\\\/uploads\\\/sites\\\/2\\\/2024\\\/11\\\/raphinha-pedri-y-frenkie-de-jong-1.jpeg\",\"datePublished\":\"2024-11-20T17:19:00+00:00\",\"dateModified\":\"2026-04-16T07:46:22+00:00\",\"author\":{\"@id\":\"https:\\\/\\\/www.fcbarcelonanoticias.com\\\/en\\\/#\\\/schema\\\/person\\\/991443f134df9a64c6874f96ff984c9d\"},\"description\":\"FC Barcelona contributed eight players to their respective teams during the last FIFA date in November. Do you want to know who they are and how they did? We tell you at FCBN\",\"breadcrumb\":{\"@id\":\"https:\\\/\\\/www.fcbarcelonanoticias.com\\\/en\\\/football\\\/raphinha-pedri-frenkie-jong-the-1x1-of-the-8-barca-players-during-the-national-team-break_308746_102.html#breadcrumb\"},\"inLanguage\":\"en-US\",\"potentialAction\":[{\"@type\":\"ReadAction\",\"target\":[\"https:\\\/\\\/www.fcbarcelonanoticias.com\\\/en\\\/football\\\/raphinha-pedri-frenkie-jong-the-1x1-of-the-8-barca-players-during-the-national-team-break_308746_102.html\"]}]},{\"@type\":\"ImageObject\",\"inLanguage\":\"en-US\",\"@id\":\"https:\\\/\\\/www.fcbarcelonanoticias.com\\\/en\\\/football\\\/raphinha-pedri-frenkie-jong-the-1x1-of-the-8-barca-players-during-the-national-team-break_308746_102.html#primaryimage\",\"url\":\"https:\\\/\\\/www.fcbarcelonanoticias.com\\\/en\\\/wp-content\\\/uploads\\\/sites\\\/2\\\/2024\\\/11\\\/raphinha-pedri-y-frenkie-de-jong-1.jpeg\",\"contentUrl\":\"https:\\\/\\\/www.fcbarcelonanoticias.com\\\/en\\\/wp-content\\\/uploads\\\/sites\\\/2\\\/2024\\\/11\\\/raphinha-pedri-y-frenkie-de-jong-1.jpeg\",\"width\":1300,\"height\":732},{\"@type\":\"BreadcrumbList\",\"@id\":\"https:\\\/\\\/www.fcbarcelonanoticias.com\\\/en\\\/football\\\/raphinha-pedri-frenkie-jong-the-1x1-of-the-8-barca-players-during-the-national-team-break_308746_102.html#breadcrumb\",\"itemListElement\":[{\"@type\":\"ListItem\",\"position\":1,\"name\":\"Portada\",\"item\":\"https:\\\/\\\/www.fcbarcelonanoticias.com\\\/en\\\/\"},{\"@type\":\"ListItem\",\"position\":2,\"name\":\"Raphinha, Pedri, Frenkie de Jong&#8230; The 1&#215;1 of the 8 Bar\u00e7a players during the national team break\"}]},{\"@type\":\"WebSite\",\"@id\":\"https:\\\/\\\/www.fcbarcelonanoticias.com\\\/en\\\/#website\",\"url\":\"https:\\\/\\\/www.fcbarcelonanoticias.com\\\/en\\\/\",\"name\":\"EN - FC Barcelona Noticias\",\"description\":\"\",\"potentialAction\":[{\"@type\":\"SearchAction\",\"target\":{\"@type\":\"EntryPoint\",\"urlTemplate\":\"https:\\\/\\\/www.fcbarcelonanoticias.com\\\/en\\\/?s={search_term_string}\"},\"query-input\":{\"@type\":\"PropertyValueSpecification\",\"valueRequired\":true,\"valueName\":\"search_term_string\"}}],\"inLanguage\":\"en-US\"},{\"@type\":\"Person\",\"@id\":\"https:\\\/\\\/www.fcbarcelonanoticias.com\\\/en\\\/#\\\/schema\\\/person\\\/991443f134df9a64c6874f96ff984c9d\",\"name\":\"Kevin G\u00f3mez\",\"image\":{\"@type\":\"ImageObject\",\"inLanguage\":\"en-US\",\"@id\":\"https:\\\/\\\/secure.gravatar.com\\\/avatar\\\/?s=96&d=mm&r=g\",\"url\":\"https:\\\/\\\/secure.gravatar.com\\\/avatar\\\/?s=96&d=mm&r=g\",\"contentUrl\":\"https:\\\/\\\/secure.gravatar.com\\\/avatar\\\/?s=96&d=mm&r=g\",\"caption\":\"Kevin G\u00f3mez\"},\"description\":\"Licenciado\u00a0en Periodismo y Comunicaci\u00f3n Audiovisual. Redactor en FCBN responsable de cubrir toda\u00a0la informaci\u00f3n del FC Barcelona y las principales competiciones de\u00a0f\u00fatbol.\",\"url\":\"https:\\\/\\\/www.fcbarcelonanoticias.com\\\/en\\\/jugadores\\\/kevin-gomez_23_115.html\"}]}<\/script>\n<!-- \/ Yoast SEO plugin. -->","yoast_head_json":{"title":"Raphinha, Pedri, Frenkie de Jong... The 1x1 of the 8 Bar\u00e7a players during the national team break","description":"FC Barcelona contributed eight players to their respective teams during the last FIFA date in November. Do you want to know who they are and how they did? We tell you at FCBN","robots":{"index":"index","follow":"follow","max-snippet":"max-snippet:-1","max-image-preview":"max-image-preview:large","max-video-preview":"max-video-preview:-1"},"canonical":"https:\/\/www.fcbarcelonanoticias.com\/en\/football\/raphinha-pedri-frenkie-jong-the-1x1-of-the-8-barca-players-during-the-national-team-break_308746_102.html","og_locale":"en_US","og_type":"article","og_title":"Raphinha, Pedri, Frenkie de Jong... The 1x1 of the 8 Bar\u00e7a players during the national team break","og_description":"FC Barcelona contributed eight players to their respective teams during the last FIFA date in November. Do you want to know who they are and how they did? We tell you at FCBN","og_url":"https:\/\/www.fcbarcelonanoticias.com\/en\/football\/raphinha-pedri-frenkie-jong-the-1x1-of-the-8-barca-players-during-the-national-team-break_308746_102.html","og_site_name":"EN - FC Barcelona Noticias","article_published_time":"2024-11-20T17:19:00+00:00","article_modified_time":"2026-04-16T07:46:22+00:00","og_image":[{"width":1300,"height":732,"url":"https:\/\/www.fcbarcelonanoticias.com\/en\/wp-content\/uploads\/sites\/2\/2024\/11\/raphinha-pedri-y-frenkie-de-jong-1.jpeg","type":"image\/jpeg"}],"author":"Kevin G\u00f3mez","twitter_card":"summary_large_image","twitter_misc":{"Written by":"Kevin G\u00f3mez","Est. reading time":"5 minutes"},"schema":{"@context":"https:\/\/schema.org","@graph":[{"@type":"Article","@id":"https:\/\/www.fcbarcelonanoticias.com\/en\/football\/raphinha-pedri-frenkie-jong-the-1x1-of-the-8-barca-players-during-the-national-team-break_308746_102.html#article","isPartOf":{"@id":"https:\/\/www.fcbarcelonanoticias.com\/en\/football\/raphinha-pedri-frenkie-jong-the-1x1-of-the-8-barca-players-during-the-national-team-break_308746_102.html"},"author":{"name":"Kevin G\u00f3mez","@id":"https:\/\/www.fcbarcelonanoticias.com\/en\/#\/schema\/person\/991443f134df9a64c6874f96ff984c9d"},"headline":"Raphinha, Pedri, Frenkie de Jong&#8230; The 1&#215;1 of the 8 Bar\u00e7a players during the national team break","datePublished":"2024-11-20T17:19:00+00:00","dateModified":"2026-04-16T07:46:22+00:00","mainEntityOfPage":{"@id":"https:\/\/www.fcbarcelonanoticias.com\/en\/football\/raphinha-pedri-frenkie-jong-the-1x1-of-the-8-barca-players-during-the-national-team-break_308746_102.html"},"wordCount":985,"image":{"@id":"https:\/\/www.fcbarcelonanoticias.com\/en\/football\/raphinha-pedri-frenkie-jong-the-1x1-of-the-8-barca-players-during-the-national-team-break_308746_102.html#primaryimage"},"thumbnailUrl":"https:\/\/www.fcbarcelonanoticias.com\/en\/wp-content\/uploads\/sites\/2\/2024\/11\/raphinha-pedri-y-frenkie-de-jong-1.jpeg","keywords":["National Teams","The 1x1"],"articleSection":["Football","Football"],"inLanguage":"en-US"},{"@type":"WebPage","@id":"https:\/\/www.fcbarcelonanoticias.com\/en\/football\/raphinha-pedri-frenkie-jong-the-1x1-of-the-8-barca-players-during-the-national-team-break_308746_102.html","url":"https:\/\/www.fcbarcelonanoticias.com\/en\/football\/raphinha-pedri-frenkie-jong-the-1x1-of-the-8-barca-players-during-the-national-team-break_308746_102.html","name":"Raphinha, Pedri, Frenkie de Jong... The 1x1 of the 8 Bar\u00e7a players during the national team break","isPartOf":{"@id":"https:\/\/www.fcbarcelonanoticias.com\/en\/#website"},"primaryImageOfPage":{"@id":"https:\/\/www.fcbarcelonanoticias.com\/en\/football\/raphinha-pedri-frenkie-jong-the-1x1-of-the-8-barca-players-during-the-national-team-break_308746_102.html#primaryimage"},"image":{"@id":"https:\/\/www.fcbarcelonanoticias.com\/en\/football\/raphinha-pedri-frenkie-jong-the-1x1-of-the-8-barca-players-during-the-national-team-break_308746_102.html#primaryimage"},"thumbnailUrl":"https:\/\/www.fcbarcelonanoticias.com\/en\/wp-content\/uploads\/sites\/2\/2024\/11\/raphinha-pedri-y-frenkie-de-jong-1.jpeg","datePublished":"2024-11-20T17:19:00+00:00","dateModified":"2026-04-16T07:46:22+00:00","author":{"@id":"https:\/\/www.fcbarcelonanoticias.com\/en\/#\/schema\/person\/991443f134df9a64c6874f96ff984c9d"},"description":"FC Barcelona contributed eight players to their respective teams during the last FIFA date in November. Do you want to know who they are and how they did? We tell you at FCBN","breadcrumb":{"@id":"https:\/\/www.fcbarcelonanoticias.com\/en\/football\/raphinha-pedri-frenkie-jong-the-1x1-of-the-8-barca-players-during-the-national-team-break_308746_102.html#breadcrumb"},"inLanguage":"en-US","potentialAction":[{"@type":"ReadAction","target":["https:\/\/www.fcbarcelonanoticias.com\/en\/football\/raphinha-pedri-frenkie-jong-the-1x1-of-the-8-barca-players-during-the-national-team-break_308746_102.html"]}]},{"@type":"ImageObject","inLanguage":"en-US","@id":"https:\/\/www.fcbarcelonanoticias.com\/en\/football\/raphinha-pedri-frenkie-jong-the-1x1-of-the-8-barca-players-during-the-national-team-break_308746_102.html#primaryimage","url":"https:\/\/www.fcbarcelonanoticias.com\/en\/wp-content\/uploads\/sites\/2\/2024\/11\/raphinha-pedri-y-frenkie-de-jong-1.jpeg","contentUrl":"https:\/\/www.fcbarcelonanoticias.com\/en\/wp-content\/uploads\/sites\/2\/2024\/11\/raphinha-pedri-y-frenkie-de-jong-1.jpeg","width":1300,"height":732},{"@type":"BreadcrumbList","@id":"https:\/\/www.fcbarcelonanoticias.com\/en\/football\/raphinha-pedri-frenkie-jong-the-1x1-of-the-8-barca-players-during-the-national-team-break_308746_102.html#breadcrumb","itemListElement":[{"@type":"ListItem","position":1,"name":"Portada","item":"https:\/\/www.fcbarcelonanoticias.com\/en\/"},{"@type":"ListItem","position":2,"name":"Raphinha, Pedri, Frenkie de Jong&#8230; The 1&#215;1 of the 8 Bar\u00e7a players during the national team break"}]},{"@type":"WebSite","@id":"https:\/\/www.fcbarcelonanoticias.com\/en\/#website","url":"https:\/\/www.fcbarcelonanoticias.com\/en\/","name":"EN - FC Barcelona Noticias","description":"","potentialAction":[{"@type":"SearchAction","target":{"@type":"EntryPoint","urlTemplate":"https:\/\/www.fcbarcelonanoticias.com\/en\/?s={search_term_string}"},"query-input":{"@type":"PropertyValueSpecification","valueRequired":true,"valueName":"search_term_string"}}],"inLanguage":"en-US"},{"@type":"Person","@id":"https:\/\/www.fcbarcelonanoticias.com\/en\/#\/schema\/person\/991443f134df9a64c6874f96ff984c9d","name":"Kevin G\u00f3mez","image":{"@type":"ImageObject","inLanguage":"en-US","@id":"https:\/\/secure.gravatar.com\/avatar\/?s=96&d=mm&r=g","url":"https:\/\/secure.gravatar.com\/avatar\/?s=96&d=mm&r=g","contentUrl":"https:\/\/secure.gravatar.com\/avatar\/?s=96&d=mm&r=g","caption":"Kevin G\u00f3mez"},"description":"Licenciado\u00a0en Periodismo y Comunicaci\u00f3n Audiovisual. Redactor en FCBN responsable de cubrir toda\u00a0la informaci\u00f3n del FC Barcelona y las principales competiciones de\u00a0f\u00fatbol.","url":"https:\/\/www.fcbarcelonanoticias.com\/en\/jugadores\/kevin-gomez_23_115.html"}]}},"_links":{"self":[{"href":"https:\/\/www.fcbarcelonanoticias.com\/en\/wp-json\/wp\/v2\/posts\/41440","targetHints":{"allow":["GET"]}}],"collection":[{"href":"https:\/\/www.fcbarcelonanoticias.com\/en\/wp-json\/wp\/v2\/posts"}],"about":[{"href":"https:\/\/www.fcbarcelonanoticias.com\/en\/wp-json\/wp\/v2\/types\/post"}],"author":[{"embeddable":true,"href":"https:\/\/www.fcbarcelonanoticias.com\/en\/wp-json\/wp\/v2\/users\/355"}],"replies":[{"embeddable":true,"href":"https:\/\/www.fcbarcelonanoticias.com\/en\/wp-json\/wp\/v2\/comments?post=41440"}],"version-history":[{"count":4,"href":"https:\/\/www.fcbarcelonanoticias.com\/en\/wp-json\/wp\/v2\/posts\/41440\/revisions"}],"predecessor-version":[{"id":179922,"href":"https:\/\/www.fcbarcelonanoticias.com\/en\/wp-json\/wp\/v2\/posts\/41440\/revisions\/179922"}],"wp:featuredmedia":[{"embeddable":true,"href":"https:\/\/www.fcbarcelonanoticias.com\/en\/wp-json\/wp\/v2\/media\/112501"}],"wp:attachment":[{"href":"https:\/\/www.fcbarcelonanoticias.com\/en\/wp-json\/wp\/v2\/media?parent=41440"}],"wp:term":[{"taxonomy":"category","embeddable":true,"href":"https:\/\/www.fcbarcelonanoticias.com\/en\/wp-json\/wp\/v2\/categories?post=41440"},{"taxonomy":"post_tag","embeddable":true,"href":"https:\/\/www.fcbarcelonanoticias.com\/en\/wp-json\/wp\/v2\/tags?post=41440"}],"curies":[{"name":"wp","href":"https:\/\/api.w.org\/{rel}","templated":true}]}}