{"id":41460,"date":"2024-10-11T18:53:00","date_gmt":"2024-10-11T16:53:00","guid":{"rendered":"https:\/\/weisetech.dev\/fc-barcelona-noticias\/en\/raphinha-kounde-shine-with-selections-date-fifa_307859_102\/"},"modified":"2024-10-12T14:57:00","modified_gmt":"2024-10-12T12:57:00","slug":"raphinha-kounde-shine-with-selections-date-fifa_307859_102","status":"publish","type":"post","link":"https:\/\/www.fcbarcelonanoticias.com\/en\/football\/raphinha-kounde-shine-with-selections-date-fifa_307859_102.html","title":{"rendered":"Raphinha and Kound\u00e9 shine with their national teams on the FIFA date"},"content":{"rendered":"<h2 class=\"wp-block-heading\">Jules Kound\u00e9 and Raphinha were the first FC Barcelona internationals to see action during the FIFA match. On Thursday, both added victories with France and Brazil<\/h2>  \r\n<div class=\"article-addons\">\r\n    <a href=\"https:\/\/www.fcbarcelonanoticias.com\/en\/calendar-fc-barcelona.html\"\r\n       target=\"_self\"\r\n       title=\"Calendar of FC Barcelona\"\r\n       class=\"blue-gredient-btn\">\r\n       \r\n        Calendar of FC Barcelona    <\/a>\r\n<\/div>   <p>France and Brazil added important victories on Thursday against Israel (1-4) and Chile (1-2), respectively, with Jules Kound\u00e9 and Raphinha as figures. Both were starters and played 90 minutes in two very demanding visits that, <strong>luckily for FC Barcelona, \u200b\u200bended without any physical setbacks<\/strong>. In the case of the winger, there was the bittersweet feeling of a goal disallowed for offside, although the &#8216;scratch&#8217; managed to overcome a very complicated match in Santiago at the end.<\/p>  <p>Chile took the lead on the scoreboard as soon as the duel began, thanks to a goal from Eduardo Vargas in the 2nd minute. <strong>The &#8216;verdeamarela&#8217; had a difficult time in the first quarter of an hour<\/strong>, but then managed to take control of the ball and, just Before the break, he equalized the actions with a header from Igor Jesus, after an assist from Savinho from the side.<\/p>  <p>Raphinha made it 1-2 at the beginning of the second half, but the cul\u00e9 striker was slightly ahead when he poked into space. <strong>In total, Bar\u00e7a&#8217;s &#8217;11&#8217; completed 18 of 22 passes (82%), with 6 duels won, 4 lost and 3 balls recovered<\/strong>. Towards the end, Chile seemed physically stronger and went for the victory, but Luiz Henrique culminated a lethal Brazilian counterattack in the 89th minute with a shot placed from the edge of the area to give the victory to a needy Brazil that managed to climb to fourth place. place in the South American qualifiers with 13 points, 6 less than Argentina (19). Next Tuesday, the &#8216;scratch&#8217; will host the bottom of the table, Peru.<\/p>  <h2>Kound\u00e9 was imperial during the Israel-France<\/h2>  <p>Another who had a productive day was Jules Kound\u00e9. Didier Deschamps once again entrusted the right wing to the Bar\u00e7a defender and the Parisian responded with the solvency that he has been showing in recent months. <strong>The defender completed 64 of 69 passes (93%), with 5 of 9 duels won and 5 balls recovered in another match without rest for the &#8217;22&#8217; cul\u00e9<\/strong>. France won the match in Budapest thanks to goals from Eduardo Camavinga, Christopher Nkunku, Matt\u00e9o Guendouzi and Bradley Barcola. With the victory, the Gauls remain second in group B of the Nations League with 6 points, 1 less than Italy (7). On Monday, &#8216;les bleus&#8217; will visit Belgium, third in the group with 4 points.<\/p> ","protected":false},"excerpt":{"rendered":"<p>Jules Kound\u00e9 and Raphinha were the first FC Barcelona internationals to see action during the FIFA match. On Thursday, both added victories with France and Brazil France and Brazil added important victories on Thursday against Israel (1-4) and Chile (1-2), respectively, with Jules Kound\u00e9 and Raphinha as figures. Both were starters and played 90 minutes [&hellip;]<\/p>\n","protected":false},"author":347,"featured_media":41461,"comment_status":"closed","ping_status":"open","sticky":false,"template":"","format":"standard","meta":{"_acf_changed":false,"inline_featured_image":false,"_nextfly_llmd_date_locked":false,"footnotes":""},"categories":[109,452],"tags":[91],"class_list":["post-41460","post","type-post","status-publish","format-standard","has-post-thumbnail","hentry","category-football","category-football-2","tag-national-teams"],"acf":[],"yoast_head":"<!-- This site is optimized with the Yoast SEO plugin v27.3 - https:\/\/yoast.com\/product\/yoast-seo-wordpress\/ -->\n<title>Raphinha and Kound\u00e9 shine with their national teams on the FIFA date<\/title>\n<meta name=\"description\" content=\"Jules Kound\u00e9 and Raphinha were the first FC Barcelona internationals to see action during the FIFA match. On Thursday, both added victories with France and Brazil\" \/>\n<meta name=\"robots\" content=\"index, follow, max-snippet:-1, max-image-preview:large, max-video-preview:-1\" \/>\n<link rel=\"canonical\" href=\"https:\/\/www.fcbarcelonanoticias.com\/en\/football\/raphinha-kounde-shine-with-selections-date-fifa_307859_102.html\" \/>\n<meta property=\"og:locale\" content=\"en_US\" \/>\n<meta property=\"og:type\" content=\"article\" \/>\n<meta property=\"og:title\" content=\"Raphinha and Kound\u00e9 shine with their national teams on the FIFA date\" \/>\n<meta property=\"og:description\" content=\"Jules Kound\u00e9 and Raphinha were the first FC Barcelona internationals to see action during the FIFA match. On Thursday, both added victories with France and Brazil\" \/>\n<meta property=\"og:url\" content=\"https:\/\/www.fcbarcelonanoticias.com\/en\/football\/raphinha-kounde-shine-with-selections-date-fifa_307859_102.html\" \/>\n<meta property=\"og:site_name\" content=\"EN - FC Barcelona Noticias\" \/>\n<meta property=\"article:published_time\" content=\"2024-10-11T16:53:00+00:00\" \/>\n<meta property=\"article:modified_time\" content=\"2024-10-12T12:57:00+00:00\" \/>\n<meta property=\"og:image\" content=\"https:\/\/www.fcbarcelonanoticias.com\/en\/wp-content\/uploads\/sites\/2\/2024\/10\/kounde-raphinha-fecha-fifa-1.jpeg\" \/>\n\t<meta property=\"og:image:width\" content=\"1250\" \/>\n\t<meta property=\"og:image:height\" content=\"730\" \/>\n\t<meta property=\"og:image:type\" content=\"image\/jpeg\" \/>\n<meta name=\"author\" content=\"Andr\u00e9s Quiroz\" \/>\n<meta name=\"twitter:card\" content=\"summary_large_image\" \/>\n<meta name=\"twitter:label1\" content=\"Written by\" \/>\n\t<meta name=\"twitter:data1\" content=\"Andr\u00e9s Quiroz\" \/>\n\t<meta name=\"twitter:label2\" content=\"Est. reading time\" \/>\n\t<meta name=\"twitter:data2\" content=\"2 minutes\" \/>\n<script type=\"application\/ld+json\" class=\"yoast-schema-graph\">{\"@context\":\"https:\\\/\\\/schema.org\",\"@graph\":[{\"@type\":\"Article\",\"@id\":\"https:\\\/\\\/www.fcbarcelonanoticias.com\\\/en\\\/football\\\/raphinha-kounde-shine-with-selections-date-fifa_307859_102.html#article\",\"isPartOf\":{\"@id\":\"https:\\\/\\\/www.fcbarcelonanoticias.com\\\/en\\\/football\\\/raphinha-kounde-shine-with-selections-date-fifa_307859_102.html\"},\"author\":{\"name\":\"Andr\u00e9s Quiroz\",\"@id\":\"https:\\\/\\\/www.fcbarcelonanoticias.com\\\/en\\\/#\\\/schema\\\/person\\\/c2cd9f6fa1af5c0d0eccd0fefa575c88\"},\"headline\":\"Raphinha and Kound\u00e9 shine with their national teams on the FIFA date\",\"datePublished\":\"2024-10-11T16:53:00+00:00\",\"dateModified\":\"2024-10-12T12:57:00+00:00\",\"mainEntityOfPage\":{\"@id\":\"https:\\\/\\\/www.fcbarcelonanoticias.com\\\/en\\\/football\\\/raphinha-kounde-shine-with-selections-date-fifa_307859_102.html\"},\"wordCount\":407,\"image\":{\"@id\":\"https:\\\/\\\/www.fcbarcelonanoticias.com\\\/en\\\/football\\\/raphinha-kounde-shine-with-selections-date-fifa_307859_102.html#primaryimage\"},\"thumbnailUrl\":\"https:\\\/\\\/www.fcbarcelonanoticias.com\\\/en\\\/wp-content\\\/uploads\\\/sites\\\/2\\\/2024\\\/10\\\/kounde-raphinha-fecha-fifa-1.jpeg\",\"keywords\":[\"National Teams\"],\"articleSection\":[\"Football\",\"Football\"],\"inLanguage\":\"en-US\"},{\"@type\":\"WebPage\",\"@id\":\"https:\\\/\\\/www.fcbarcelonanoticias.com\\\/en\\\/football\\\/raphinha-kounde-shine-with-selections-date-fifa_307859_102.html\",\"url\":\"https:\\\/\\\/www.fcbarcelonanoticias.com\\\/en\\\/football\\\/raphinha-kounde-shine-with-selections-date-fifa_307859_102.html\",\"name\":\"Raphinha and Kound\u00e9 shine with their national teams on the FIFA date\",\"isPartOf\":{\"@id\":\"https:\\\/\\\/www.fcbarcelonanoticias.com\\\/en\\\/#website\"},\"primaryImageOfPage\":{\"@id\":\"https:\\\/\\\/www.fcbarcelonanoticias.com\\\/en\\\/football\\\/raphinha-kounde-shine-with-selections-date-fifa_307859_102.html#primaryimage\"},\"image\":{\"@id\":\"https:\\\/\\\/www.fcbarcelonanoticias.com\\\/en\\\/football\\\/raphinha-kounde-shine-with-selections-date-fifa_307859_102.html#primaryimage\"},\"thumbnailUrl\":\"https:\\\/\\\/www.fcbarcelonanoticias.com\\\/en\\\/wp-content\\\/uploads\\\/sites\\\/2\\\/2024\\\/10\\\/kounde-raphinha-fecha-fifa-1.jpeg\",\"datePublished\":\"2024-10-11T16:53:00+00:00\",\"dateModified\":\"2024-10-12T12:57:00+00:00\",\"author\":{\"@id\":\"https:\\\/\\\/www.fcbarcelonanoticias.com\\\/en\\\/#\\\/schema\\\/person\\\/c2cd9f6fa1af5c0d0eccd0fefa575c88\"},\"description\":\"Jules Kound\u00e9 and Raphinha were the first FC Barcelona internationals to see action during the FIFA match. On Thursday, both added victories with France and Brazil\",\"breadcrumb\":{\"@id\":\"https:\\\/\\\/www.fcbarcelonanoticias.com\\\/en\\\/football\\\/raphinha-kounde-shine-with-selections-date-fifa_307859_102.html#breadcrumb\"},\"inLanguage\":\"en-US\",\"potentialAction\":[{\"@type\":\"ReadAction\",\"target\":[\"https:\\\/\\\/www.fcbarcelonanoticias.com\\\/en\\\/football\\\/raphinha-kounde-shine-with-selections-date-fifa_307859_102.html\"]}]},{\"@type\":\"ImageObject\",\"inLanguage\":\"en-US\",\"@id\":\"https:\\\/\\\/www.fcbarcelonanoticias.com\\\/en\\\/football\\\/raphinha-kounde-shine-with-selections-date-fifa_307859_102.html#primaryimage\",\"url\":\"https:\\\/\\\/www.fcbarcelonanoticias.com\\\/en\\\/wp-content\\\/uploads\\\/sites\\\/2\\\/2024\\\/10\\\/kounde-raphinha-fecha-fifa-1.jpeg\",\"contentUrl\":\"https:\\\/\\\/www.fcbarcelonanoticias.com\\\/en\\\/wp-content\\\/uploads\\\/sites\\\/2\\\/2024\\\/10\\\/kounde-raphinha-fecha-fifa-1.jpeg\",\"width\":1250,\"height\":730},{\"@type\":\"BreadcrumbList\",\"@id\":\"https:\\\/\\\/www.fcbarcelonanoticias.com\\\/en\\\/football\\\/raphinha-kounde-shine-with-selections-date-fifa_307859_102.html#breadcrumb\",\"itemListElement\":[{\"@type\":\"ListItem\",\"position\":1,\"name\":\"Portada\",\"item\":\"https:\\\/\\\/www.fcbarcelonanoticias.com\\\/en\\\/\"},{\"@type\":\"ListItem\",\"position\":2,\"name\":\"Raphinha and Kound\u00e9 shine with their national teams on the FIFA date\"}]},{\"@type\":\"WebSite\",\"@id\":\"https:\\\/\\\/www.fcbarcelonanoticias.com\\\/en\\\/#website\",\"url\":\"https:\\\/\\\/www.fcbarcelonanoticias.com\\\/en\\\/\",\"name\":\"EN - FC Barcelona Noticias\",\"description\":\"\",\"potentialAction\":[{\"@type\":\"SearchAction\",\"target\":{\"@type\":\"EntryPoint\",\"urlTemplate\":\"https:\\\/\\\/www.fcbarcelonanoticias.com\\\/en\\\/?s={search_term_string}\"},\"query-input\":{\"@type\":\"PropertyValueSpecification\",\"valueRequired\":true,\"valueName\":\"search_term_string\"}}],\"inLanguage\":\"en-US\"},{\"@type\":\"Person\",\"@id\":\"https:\\\/\\\/www.fcbarcelonanoticias.com\\\/en\\\/#\\\/schema\\\/person\\\/c2cd9f6fa1af5c0d0eccd0fefa575c88\",\"name\":\"Andr\u00e9s Quiroz\",\"image\":{\"@type\":\"ImageObject\",\"inLanguage\":\"en-US\",\"@id\":\"https:\\\/\\\/secure.gravatar.com\\\/avatar\\\/?s=96&d=mm&r=g\",\"url\":\"https:\\\/\\\/secure.gravatar.com\\\/avatar\\\/?s=96&d=mm&r=g\",\"contentUrl\":\"https:\\\/\\\/secure.gravatar.com\\\/avatar\\\/?s=96&d=mm&r=g\",\"caption\":\"Andr\u00e9s Quiroz\"},\"description\":\"Licenciado en Periodismo por la Universidad de los Andes. Me encargo de analizar y compartir los contenidos m\u00e1s destacados de la\u00a0actualidad del F\u00fatbol Club Barcelona, Mercado de Fichajes y F\u00fatbol Internacional en FCBN. La informaci\u00f3n es poder, pero tambi\u00e9n conocimiento.\",\"url\":\"https:\\\/\\\/www.fcbarcelonanoticias.com\\\/en\\\/fc-barcelona\\\/andres-quiroz_17_115.html\"}]}<\/script>\n<!-- \/ Yoast SEO plugin. -->","yoast_head_json":{"title":"Raphinha and Kound\u00e9 shine with their national teams on the FIFA date","description":"Jules Kound\u00e9 and Raphinha were the first FC Barcelona internationals to see action during the FIFA match. On Thursday, both added victories with France and Brazil","robots":{"index":"index","follow":"follow","max-snippet":"max-snippet:-1","max-image-preview":"max-image-preview:large","max-video-preview":"max-video-preview:-1"},"canonical":"https:\/\/www.fcbarcelonanoticias.com\/en\/football\/raphinha-kounde-shine-with-selections-date-fifa_307859_102.html","og_locale":"en_US","og_type":"article","og_title":"Raphinha and Kound\u00e9 shine with their national teams on the FIFA date","og_description":"Jules Kound\u00e9 and Raphinha were the first FC Barcelona internationals to see action during the FIFA match. On Thursday, both added victories with France and Brazil","og_url":"https:\/\/www.fcbarcelonanoticias.com\/en\/football\/raphinha-kounde-shine-with-selections-date-fifa_307859_102.html","og_site_name":"EN - FC Barcelona Noticias","article_published_time":"2024-10-11T16:53:00+00:00","article_modified_time":"2024-10-12T12:57:00+00:00","og_image":[{"width":1250,"height":730,"url":"https:\/\/www.fcbarcelonanoticias.com\/en\/wp-content\/uploads\/sites\/2\/2024\/10\/kounde-raphinha-fecha-fifa-1.jpeg","type":"image\/jpeg"}],"author":"Andr\u00e9s Quiroz","twitter_card":"summary_large_image","twitter_misc":{"Written by":"Andr\u00e9s Quiroz","Est. reading time":"2 minutes"},"schema":{"@context":"https:\/\/schema.org","@graph":[{"@type":"Article","@id":"https:\/\/www.fcbarcelonanoticias.com\/en\/football\/raphinha-kounde-shine-with-selections-date-fifa_307859_102.html#article","isPartOf":{"@id":"https:\/\/www.fcbarcelonanoticias.com\/en\/football\/raphinha-kounde-shine-with-selections-date-fifa_307859_102.html"},"author":{"name":"Andr\u00e9s Quiroz","@id":"https:\/\/www.fcbarcelonanoticias.com\/en\/#\/schema\/person\/c2cd9f6fa1af5c0d0eccd0fefa575c88"},"headline":"Raphinha and Kound\u00e9 shine with their national teams on the FIFA date","datePublished":"2024-10-11T16:53:00+00:00","dateModified":"2024-10-12T12:57:00+00:00","mainEntityOfPage":{"@id":"https:\/\/www.fcbarcelonanoticias.com\/en\/football\/raphinha-kounde-shine-with-selections-date-fifa_307859_102.html"},"wordCount":407,"image":{"@id":"https:\/\/www.fcbarcelonanoticias.com\/en\/football\/raphinha-kounde-shine-with-selections-date-fifa_307859_102.html#primaryimage"},"thumbnailUrl":"https:\/\/www.fcbarcelonanoticias.com\/en\/wp-content\/uploads\/sites\/2\/2024\/10\/kounde-raphinha-fecha-fifa-1.jpeg","keywords":["National Teams"],"articleSection":["Football","Football"],"inLanguage":"en-US"},{"@type":"WebPage","@id":"https:\/\/www.fcbarcelonanoticias.com\/en\/football\/raphinha-kounde-shine-with-selections-date-fifa_307859_102.html","url":"https:\/\/www.fcbarcelonanoticias.com\/en\/football\/raphinha-kounde-shine-with-selections-date-fifa_307859_102.html","name":"Raphinha and Kound\u00e9 shine with their national teams on the FIFA date","isPartOf":{"@id":"https:\/\/www.fcbarcelonanoticias.com\/en\/#website"},"primaryImageOfPage":{"@id":"https:\/\/www.fcbarcelonanoticias.com\/en\/football\/raphinha-kounde-shine-with-selections-date-fifa_307859_102.html#primaryimage"},"image":{"@id":"https:\/\/www.fcbarcelonanoticias.com\/en\/football\/raphinha-kounde-shine-with-selections-date-fifa_307859_102.html#primaryimage"},"thumbnailUrl":"https:\/\/www.fcbarcelonanoticias.com\/en\/wp-content\/uploads\/sites\/2\/2024\/10\/kounde-raphinha-fecha-fifa-1.jpeg","datePublished":"2024-10-11T16:53:00+00:00","dateModified":"2024-10-12T12:57:00+00:00","author":{"@id":"https:\/\/www.fcbarcelonanoticias.com\/en\/#\/schema\/person\/c2cd9f6fa1af5c0d0eccd0fefa575c88"},"description":"Jules Kound\u00e9 and Raphinha were the first FC Barcelona internationals to see action during the FIFA match. On Thursday, both added victories with France and Brazil","breadcrumb":{"@id":"https:\/\/www.fcbarcelonanoticias.com\/en\/football\/raphinha-kounde-shine-with-selections-date-fifa_307859_102.html#breadcrumb"},"inLanguage":"en-US","potentialAction":[{"@type":"ReadAction","target":["https:\/\/www.fcbarcelonanoticias.com\/en\/football\/raphinha-kounde-shine-with-selections-date-fifa_307859_102.html"]}]},{"@type":"ImageObject","inLanguage":"en-US","@id":"https:\/\/www.fcbarcelonanoticias.com\/en\/football\/raphinha-kounde-shine-with-selections-date-fifa_307859_102.html#primaryimage","url":"https:\/\/www.fcbarcelonanoticias.com\/en\/wp-content\/uploads\/sites\/2\/2024\/10\/kounde-raphinha-fecha-fifa-1.jpeg","contentUrl":"https:\/\/www.fcbarcelonanoticias.com\/en\/wp-content\/uploads\/sites\/2\/2024\/10\/kounde-raphinha-fecha-fifa-1.jpeg","width":1250,"height":730},{"@type":"BreadcrumbList","@id":"https:\/\/www.fcbarcelonanoticias.com\/en\/football\/raphinha-kounde-shine-with-selections-date-fifa_307859_102.html#breadcrumb","itemListElement":[{"@type":"ListItem","position":1,"name":"Portada","item":"https:\/\/www.fcbarcelonanoticias.com\/en\/"},{"@type":"ListItem","position":2,"name":"Raphinha and Kound\u00e9 shine with their national teams on the FIFA date"}]},{"@type":"WebSite","@id":"https:\/\/www.fcbarcelonanoticias.com\/en\/#website","url":"https:\/\/www.fcbarcelonanoticias.com\/en\/","name":"EN - FC Barcelona Noticias","description":"","potentialAction":[{"@type":"SearchAction","target":{"@type":"EntryPoint","urlTemplate":"https:\/\/www.fcbarcelonanoticias.com\/en\/?s={search_term_string}"},"query-input":{"@type":"PropertyValueSpecification","valueRequired":true,"valueName":"search_term_string"}}],"inLanguage":"en-US"},{"@type":"Person","@id":"https:\/\/www.fcbarcelonanoticias.com\/en\/#\/schema\/person\/c2cd9f6fa1af5c0d0eccd0fefa575c88","name":"Andr\u00e9s Quiroz","image":{"@type":"ImageObject","inLanguage":"en-US","@id":"https:\/\/secure.gravatar.com\/avatar\/?s=96&d=mm&r=g","url":"https:\/\/secure.gravatar.com\/avatar\/?s=96&d=mm&r=g","contentUrl":"https:\/\/secure.gravatar.com\/avatar\/?s=96&d=mm&r=g","caption":"Andr\u00e9s Quiroz"},"description":"Licenciado en Periodismo por la Universidad de los Andes. Me encargo de analizar y compartir los contenidos m\u00e1s destacados de la\u00a0actualidad del F\u00fatbol Club Barcelona, Mercado de Fichajes y F\u00fatbol Internacional en FCBN. La informaci\u00f3n es poder, pero tambi\u00e9n conocimiento.","url":"https:\/\/www.fcbarcelonanoticias.com\/en\/fc-barcelona\/andres-quiroz_17_115.html"}]}},"_links":{"self":[{"href":"https:\/\/www.fcbarcelonanoticias.com\/en\/wp-json\/wp\/v2\/posts\/41460","targetHints":{"allow":["GET"]}}],"collection":[{"href":"https:\/\/www.fcbarcelonanoticias.com\/en\/wp-json\/wp\/v2\/posts"}],"about":[{"href":"https:\/\/www.fcbarcelonanoticias.com\/en\/wp-json\/wp\/v2\/types\/post"}],"author":[{"embeddable":true,"href":"https:\/\/www.fcbarcelonanoticias.com\/en\/wp-json\/wp\/v2\/users\/347"}],"replies":[{"embeddable":true,"href":"https:\/\/www.fcbarcelonanoticias.com\/en\/wp-json\/wp\/v2\/comments?post=41460"}],"version-history":[{"count":1,"href":"https:\/\/www.fcbarcelonanoticias.com\/en\/wp-json\/wp\/v2\/posts\/41460\/revisions"}],"predecessor-version":[{"id":112424,"href":"https:\/\/www.fcbarcelonanoticias.com\/en\/wp-json\/wp\/v2\/posts\/41460\/revisions\/112424"}],"wp:featuredmedia":[{"embeddable":true,"href":"https:\/\/www.fcbarcelonanoticias.com\/en\/wp-json\/wp\/v2\/media\/41461"}],"wp:attachment":[{"href":"https:\/\/www.fcbarcelonanoticias.com\/en\/wp-json\/wp\/v2\/media?parent=41460"}],"wp:term":[{"taxonomy":"category","embeddable":true,"href":"https:\/\/www.fcbarcelonanoticias.com\/en\/wp-json\/wp\/v2\/categories?post=41460"},{"taxonomy":"post_tag","embeddable":true,"href":"https:\/\/www.fcbarcelonanoticias.com\/en\/wp-json\/wp\/v2\/tags?post=41460"}],"curies":[{"name":"wp","href":"https:\/\/api.w.org\/{rel}","templated":true}]}}