{"id":42036,"date":"2024-12-23T17:36:00","date_gmt":"2024-12-23T16:36:00","guid":{"rendered":"https:\/\/weisetech.dev\/fc-barcelona-noticias\/en\/the-revelation-of-neymar-father-why-the-brazilian-left-barca_309572_102\/"},"modified":"2024-12-23T17:36:00","modified_gmt":"2024-12-23T16:36:00","slug":"the-revelation-of-neymar-father-why-the-brazilian-left-barca_309572_102","status":"publish","type":"post","link":"https:\/\/www.fcbarcelonanoticias.com\/en\/football\/the-revelation-of-neymar-father-why-the-brazilian-left-barca_309572_102.html","title":{"rendered":"The revelation of Neymar&#8217;s father: why the Brazilian left Bar\u00e7a"},"content":{"rendered":"<h2 class=\"wp-block-heading\">Neymar&#8217;s father has revealed the reason why his son decided to leave Bar\u00e7a to head to PSG in the summer of 2017<\/h2>  \r\n<div class=\"article-addons\">\r\n    <a href=\"https:\/\/www.fcbarcelonanoticias.com\/en\/calendar-fc-barcelona.html\"\r\n       target=\"_self\"\r\n       title=\"Calendar of FC Barcelona\"\r\n       class=\"blue-gredient-btn\">\r\n       \r\n        Calendar of FC Barcelona    <\/a>\r\n<\/div>   <p>Seven years later, Neymar Jr.&#8217;s departure from FC Barcelona remains a topic of interest in the Catalan city. The Brazilian star made one of the biggest headlines of the last decade when he left Spotify Camp Nou in the summer of 2017 to join Paris Saint-Germain, who paid the 222 million euros of the player&#8217;s release clause to bring him into their ranks.<\/p>  <p>The operation that ultimately sparked the inflation of prices in the <a data-external=\"0\" data-intl-links-en=\"https:\/\/www.fcbarcelonanoticias.com\/en\/transfers\" data-intl-links-es=\"https:\/\/www.fcbarcelonanoticias.com\/fichajes\" href=\"https:\/\/www.fcbarcelonanoticias.com\/en\/fc-barcelona\/transfers.html\" rel=\"follow\" target=\"_self\" title=\"Transfers\">transfer market<\/a> was orchestrated by the father and representative of the winger, Neymar Santos Sr., who recently explained the details of his arrival at Can Bar\u00e7a in 2013 and his subsequent departure to the Parc des Princes.<\/p>  <h3>Neymar didn&#8217;t want to be in Messi&#8217;s shadow<\/h3>  <p>&#8216;O Pai&#8217;, as Neymar&#8217;s father is known, revealed that <strong>&nbsp;<\/strong>&#8220;signing for Bar\u00e7a was a completely personal decision. I had offers from both Bar\u00e7a and Madrid in my hands. <strong>The one from Madrid was three times higher. And he said no<\/strong>, that he wanted to play with those guys (referring to Su\u00e1rez and Messi). His dream was to play at Bar\u00e7a&#8221;.<\/p>  <p>Similarly, Neymar Sr. stated that it was the player himself who made the decision to leave the Catalan city as he was not willing to take over Lionel Messi&#8217;s role in the team. &#8220;<strong>Going to PSG was also his decision<\/strong>, he decided to change. At that moment we were in a very difficult situation at Bar\u00e7a because we didn&#8217;t know what the sporting management was thinking,&#8221; the father of the winger began to explain.<\/p>  <blockquote> <p>&#8220;It seemed that the club wanted him to take Messi&#8217;s place and he didn&#8217;t want that&#8221;<\/p> <\/blockquote>  <p>&#8220;He decided to leave, to go somewhere else. <strong>I wanted my son to stay at Bar\u00e7a.<\/strong> Until the last days we tried to make him not leave. But he left because he didn&#8217;t want to take Messi&#8217;s position and be the biggest star at Bar\u00e7a,&#8221; concluded the footballer&#8217;s father, finally putting to rest the existing doubts surrounding the Brazilian&#8217;s departure from the cul\u00e9 team.<\/p> ","protected":false},"excerpt":{"rendered":"<p>Neymar&#8217;s father has revealed the reason why his son decided to leave Bar\u00e7a to head to PSG in the summer of 2017 Seven years later, Neymar Jr.&#8217;s departure from FC Barcelona remains a topic of interest in the Catalan city. The Brazilian star made one of the biggest headlines of the last decade when he [&hellip;]<\/p>\n","protected":false},"author":358,"featured_media":42038,"comment_status":"closed","ping_status":"open","sticky":false,"template":"","format":"standard","meta":{"_acf_changed":false,"inline_featured_image":false,"_nextfly_llmd_date_locked":false,"footnotes":""},"categories":[452,109],"tags":[143],"class_list":["post-42036","post","type-post","status-publish","format-standard","has-post-thumbnail","hentry","category-football-2","category-football","tag-neymar-jr"],"acf":[],"yoast_head":"<!-- This site is optimized with the Yoast SEO plugin v27.3 - https:\/\/yoast.com\/product\/yoast-seo-wordpress\/ -->\n<title>The revelation of Neymar&#039;s father: why the Brazilian left Bar\u00e7a<\/title>\n<meta name=\"description\" content=\"Neymar&#039;s father has revealed the reason why his son decided to leave Bar\u00e7a to head to PSG in the summer of 2017\" \/>\n<meta name=\"robots\" content=\"index, follow, max-snippet:-1, max-image-preview:large, max-video-preview:-1\" \/>\n<link rel=\"canonical\" href=\"https:\/\/www.fcbarcelonanoticias.com\/en\/football\/the-revelation-of-neymar-father-why-the-brazilian-left-barca_309572_102.html\" \/>\n<meta property=\"og:locale\" content=\"en_US\" \/>\n<meta property=\"og:type\" content=\"article\" \/>\n<meta property=\"og:title\" content=\"The revelation of Neymar&#039;s father: why the Brazilian left Bar\u00e7a\" \/>\n<meta property=\"og:description\" content=\"Neymar&#039;s father has revealed the reason why his son decided to leave Bar\u00e7a to head to PSG in the summer of 2017\" \/>\n<meta property=\"og:url\" content=\"https:\/\/www.fcbarcelonanoticias.com\/en\/football\/the-revelation-of-neymar-father-why-the-brazilian-left-barca_309572_102.html\" \/>\n<meta property=\"og:site_name\" content=\"EN - FC Barcelona Noticias\" \/>\n<meta property=\"article:published_time\" content=\"2024-12-23T16:36:00+00:00\" \/>\n<meta property=\"og:image\" content=\"https:\/\/www.fcbarcelonanoticias.com\/en\/wp-content\/uploads\/sites\/2\/2024\/12\/neymar-jr-barcelona-scaled.jpeg\" \/>\n\t<meta property=\"og:image:width\" content=\"2560\" \/>\n\t<meta property=\"og:image:height\" content=\"1803\" \/>\n\t<meta property=\"og:image:type\" content=\"image\/jpeg\" \/>\n<meta name=\"author\" content=\"Juan Pablo Berdugo\" \/>\n<meta name=\"twitter:card\" content=\"summary_large_image\" \/>\n<meta name=\"twitter:label1\" content=\"Written by\" \/>\n\t<meta name=\"twitter:data1\" content=\"Juan Pablo Berdugo\" \/>\n\t<meta name=\"twitter:label2\" content=\"Est. reading time\" \/>\n\t<meta name=\"twitter:data2\" content=\"2 minutes\" \/>\n<script type=\"application\/ld+json\" class=\"yoast-schema-graph\">{\"@context\":\"https:\\\/\\\/schema.org\",\"@graph\":[{\"@type\":\"Article\",\"@id\":\"https:\\\/\\\/www.fcbarcelonanoticias.com\\\/en\\\/football\\\/the-revelation-of-neymar-father-why-the-brazilian-left-barca_309572_102.html#article\",\"isPartOf\":{\"@id\":\"https:\\\/\\\/www.fcbarcelonanoticias.com\\\/en\\\/football\\\/the-revelation-of-neymar-father-why-the-brazilian-left-barca_309572_102.html\"},\"author\":{\"name\":\"Juan Pablo Berdugo\",\"@id\":\"https:\\\/\\\/www.fcbarcelonanoticias.com\\\/en\\\/#\\\/schema\\\/person\\\/88d756918a0a1ae9fa593b5edddd1815\"},\"headline\":\"The revelation of Neymar&#8217;s father: why the Brazilian left Bar\u00e7a\",\"datePublished\":\"2024-12-23T16:36:00+00:00\",\"mainEntityOfPage\":{\"@id\":\"https:\\\/\\\/www.fcbarcelonanoticias.com\\\/en\\\/football\\\/the-revelation-of-neymar-father-why-the-brazilian-left-barca_309572_102.html\"},\"wordCount\":387,\"image\":{\"@id\":\"https:\\\/\\\/www.fcbarcelonanoticias.com\\\/en\\\/football\\\/the-revelation-of-neymar-father-why-the-brazilian-left-barca_309572_102.html#primaryimage\"},\"thumbnailUrl\":\"https:\\\/\\\/www.fcbarcelonanoticias.com\\\/en\\\/wp-content\\\/uploads\\\/sites\\\/2\\\/2024\\\/12\\\/neymar-jr-barcelona-scaled.jpeg\",\"keywords\":[\"Neymar Jr\"],\"articleSection\":[\"Football\",\"Football\"],\"inLanguage\":\"en-US\"},{\"@type\":\"WebPage\",\"@id\":\"https:\\\/\\\/www.fcbarcelonanoticias.com\\\/en\\\/football\\\/the-revelation-of-neymar-father-why-the-brazilian-left-barca_309572_102.html\",\"url\":\"https:\\\/\\\/www.fcbarcelonanoticias.com\\\/en\\\/football\\\/the-revelation-of-neymar-father-why-the-brazilian-left-barca_309572_102.html\",\"name\":\"The revelation of Neymar's father: why the Brazilian left Bar\u00e7a\",\"isPartOf\":{\"@id\":\"https:\\\/\\\/www.fcbarcelonanoticias.com\\\/en\\\/#website\"},\"primaryImageOfPage\":{\"@id\":\"https:\\\/\\\/www.fcbarcelonanoticias.com\\\/en\\\/football\\\/the-revelation-of-neymar-father-why-the-brazilian-left-barca_309572_102.html#primaryimage\"},\"image\":{\"@id\":\"https:\\\/\\\/www.fcbarcelonanoticias.com\\\/en\\\/football\\\/the-revelation-of-neymar-father-why-the-brazilian-left-barca_309572_102.html#primaryimage\"},\"thumbnailUrl\":\"https:\\\/\\\/www.fcbarcelonanoticias.com\\\/en\\\/wp-content\\\/uploads\\\/sites\\\/2\\\/2024\\\/12\\\/neymar-jr-barcelona-scaled.jpeg\",\"datePublished\":\"2024-12-23T16:36:00+00:00\",\"author\":{\"@id\":\"https:\\\/\\\/www.fcbarcelonanoticias.com\\\/en\\\/#\\\/schema\\\/person\\\/88d756918a0a1ae9fa593b5edddd1815\"},\"description\":\"Neymar's father has revealed the reason why his son decided to leave Bar\u00e7a to head to PSG in the summer of 2017\",\"breadcrumb\":{\"@id\":\"https:\\\/\\\/www.fcbarcelonanoticias.com\\\/en\\\/football\\\/the-revelation-of-neymar-father-why-the-brazilian-left-barca_309572_102.html#breadcrumb\"},\"inLanguage\":\"en-US\",\"potentialAction\":[{\"@type\":\"ReadAction\",\"target\":[\"https:\\\/\\\/www.fcbarcelonanoticias.com\\\/en\\\/football\\\/the-revelation-of-neymar-father-why-the-brazilian-left-barca_309572_102.html\"]}]},{\"@type\":\"ImageObject\",\"inLanguage\":\"en-US\",\"@id\":\"https:\\\/\\\/www.fcbarcelonanoticias.com\\\/en\\\/football\\\/the-revelation-of-neymar-father-why-the-brazilian-left-barca_309572_102.html#primaryimage\",\"url\":\"https:\\\/\\\/www.fcbarcelonanoticias.com\\\/en\\\/wp-content\\\/uploads\\\/sites\\\/2\\\/2024\\\/12\\\/neymar-jr-barcelona-scaled.jpeg\",\"contentUrl\":\"https:\\\/\\\/www.fcbarcelonanoticias.com\\\/en\\\/wp-content\\\/uploads\\\/sites\\\/2\\\/2024\\\/12\\\/neymar-jr-barcelona-scaled.jpeg\",\"width\":2560,\"height\":1803},{\"@type\":\"BreadcrumbList\",\"@id\":\"https:\\\/\\\/www.fcbarcelonanoticias.com\\\/en\\\/football\\\/the-revelation-of-neymar-father-why-the-brazilian-left-barca_309572_102.html#breadcrumb\",\"itemListElement\":[{\"@type\":\"ListItem\",\"position\":1,\"name\":\"Portada\",\"item\":\"https:\\\/\\\/www.fcbarcelonanoticias.com\\\/en\\\/\"},{\"@type\":\"ListItem\",\"position\":2,\"name\":\"The revelation of Neymar&#8217;s father: why the Brazilian left Bar\u00e7a\"}]},{\"@type\":\"WebSite\",\"@id\":\"https:\\\/\\\/www.fcbarcelonanoticias.com\\\/en\\\/#website\",\"url\":\"https:\\\/\\\/www.fcbarcelonanoticias.com\\\/en\\\/\",\"name\":\"EN - FC Barcelona Noticias\",\"description\":\"\",\"potentialAction\":[{\"@type\":\"SearchAction\",\"target\":{\"@type\":\"EntryPoint\",\"urlTemplate\":\"https:\\\/\\\/www.fcbarcelonanoticias.com\\\/en\\\/?s={search_term_string}\"},\"query-input\":{\"@type\":\"PropertyValueSpecification\",\"valueRequired\":true,\"valueName\":\"search_term_string\"}}],\"inLanguage\":\"en-US\"},{\"@type\":\"Person\",\"@id\":\"https:\\\/\\\/www.fcbarcelonanoticias.com\\\/en\\\/#\\\/schema\\\/person\\\/88d756918a0a1ae9fa593b5edddd1815\",\"name\":\"Juan Pablo Berdugo\",\"image\":{\"@type\":\"ImageObject\",\"inLanguage\":\"en-US\",\"@id\":\"https:\\\/\\\/secure.gravatar.com\\\/avatar\\\/?s=96&d=mm&r=g\",\"url\":\"https:\\\/\\\/secure.gravatar.com\\\/avatar\\\/?s=96&d=mm&r=g\",\"contentUrl\":\"https:\\\/\\\/secure.gravatar.com\\\/avatar\\\/?s=96&d=mm&r=g\",\"caption\":\"Juan Pablo Berdugo\"},\"description\":\"Juan Pablo Berdugo es graduado en Periodismo. Colabora con FCBN como especialista en informaci\u00f3n del primer equipo del FC Barcelona, f\u00fatbol internacional y mercado de fichajes. Destaca por su enfoque anal\u00edtico, su rigor informativo y su capacidad para detectar tendencias emergentes en el f\u00fatbol global.\",\"url\":\"https:\\\/\\\/www.fcbarcelonanoticias.com\\\/en\\\/fc-barcelona\\\/juan-pablo-berdugo_18_115.html\"}]}<\/script>\n<!-- \/ Yoast SEO plugin. -->","yoast_head_json":{"title":"The revelation of Neymar's father: why the Brazilian left Bar\u00e7a","description":"Neymar's father has revealed the reason why his son decided to leave Bar\u00e7a to head to PSG in the summer of 2017","robots":{"index":"index","follow":"follow","max-snippet":"max-snippet:-1","max-image-preview":"max-image-preview:large","max-video-preview":"max-video-preview:-1"},"canonical":"https:\/\/www.fcbarcelonanoticias.com\/en\/football\/the-revelation-of-neymar-father-why-the-brazilian-left-barca_309572_102.html","og_locale":"en_US","og_type":"article","og_title":"The revelation of Neymar's father: why the Brazilian left Bar\u00e7a","og_description":"Neymar's father has revealed the reason why his son decided to leave Bar\u00e7a to head to PSG in the summer of 2017","og_url":"https:\/\/www.fcbarcelonanoticias.com\/en\/football\/the-revelation-of-neymar-father-why-the-brazilian-left-barca_309572_102.html","og_site_name":"EN - FC Barcelona Noticias","article_published_time":"2024-12-23T16:36:00+00:00","og_image":[{"width":2560,"height":1803,"url":"https:\/\/www.fcbarcelonanoticias.com\/en\/wp-content\/uploads\/sites\/2\/2024\/12\/neymar-jr-barcelona-scaled.jpeg","type":"image\/jpeg"}],"author":"Juan Pablo Berdugo","twitter_card":"summary_large_image","twitter_misc":{"Written by":"Juan Pablo Berdugo","Est. reading time":"2 minutes"},"schema":{"@context":"https:\/\/schema.org","@graph":[{"@type":"Article","@id":"https:\/\/www.fcbarcelonanoticias.com\/en\/football\/the-revelation-of-neymar-father-why-the-brazilian-left-barca_309572_102.html#article","isPartOf":{"@id":"https:\/\/www.fcbarcelonanoticias.com\/en\/football\/the-revelation-of-neymar-father-why-the-brazilian-left-barca_309572_102.html"},"author":{"name":"Juan Pablo Berdugo","@id":"https:\/\/www.fcbarcelonanoticias.com\/en\/#\/schema\/person\/88d756918a0a1ae9fa593b5edddd1815"},"headline":"The revelation of Neymar&#8217;s father: why the Brazilian left Bar\u00e7a","datePublished":"2024-12-23T16:36:00+00:00","mainEntityOfPage":{"@id":"https:\/\/www.fcbarcelonanoticias.com\/en\/football\/the-revelation-of-neymar-father-why-the-brazilian-left-barca_309572_102.html"},"wordCount":387,"image":{"@id":"https:\/\/www.fcbarcelonanoticias.com\/en\/football\/the-revelation-of-neymar-father-why-the-brazilian-left-barca_309572_102.html#primaryimage"},"thumbnailUrl":"https:\/\/www.fcbarcelonanoticias.com\/en\/wp-content\/uploads\/sites\/2\/2024\/12\/neymar-jr-barcelona-scaled.jpeg","keywords":["Neymar Jr"],"articleSection":["Football","Football"],"inLanguage":"en-US"},{"@type":"WebPage","@id":"https:\/\/www.fcbarcelonanoticias.com\/en\/football\/the-revelation-of-neymar-father-why-the-brazilian-left-barca_309572_102.html","url":"https:\/\/www.fcbarcelonanoticias.com\/en\/football\/the-revelation-of-neymar-father-why-the-brazilian-left-barca_309572_102.html","name":"The revelation of Neymar's father: why the Brazilian left Bar\u00e7a","isPartOf":{"@id":"https:\/\/www.fcbarcelonanoticias.com\/en\/#website"},"primaryImageOfPage":{"@id":"https:\/\/www.fcbarcelonanoticias.com\/en\/football\/the-revelation-of-neymar-father-why-the-brazilian-left-barca_309572_102.html#primaryimage"},"image":{"@id":"https:\/\/www.fcbarcelonanoticias.com\/en\/football\/the-revelation-of-neymar-father-why-the-brazilian-left-barca_309572_102.html#primaryimage"},"thumbnailUrl":"https:\/\/www.fcbarcelonanoticias.com\/en\/wp-content\/uploads\/sites\/2\/2024\/12\/neymar-jr-barcelona-scaled.jpeg","datePublished":"2024-12-23T16:36:00+00:00","author":{"@id":"https:\/\/www.fcbarcelonanoticias.com\/en\/#\/schema\/person\/88d756918a0a1ae9fa593b5edddd1815"},"description":"Neymar's father has revealed the reason why his son decided to leave Bar\u00e7a to head to PSG in the summer of 2017","breadcrumb":{"@id":"https:\/\/www.fcbarcelonanoticias.com\/en\/football\/the-revelation-of-neymar-father-why-the-brazilian-left-barca_309572_102.html#breadcrumb"},"inLanguage":"en-US","potentialAction":[{"@type":"ReadAction","target":["https:\/\/www.fcbarcelonanoticias.com\/en\/football\/the-revelation-of-neymar-father-why-the-brazilian-left-barca_309572_102.html"]}]},{"@type":"ImageObject","inLanguage":"en-US","@id":"https:\/\/www.fcbarcelonanoticias.com\/en\/football\/the-revelation-of-neymar-father-why-the-brazilian-left-barca_309572_102.html#primaryimage","url":"https:\/\/www.fcbarcelonanoticias.com\/en\/wp-content\/uploads\/sites\/2\/2024\/12\/neymar-jr-barcelona-scaled.jpeg","contentUrl":"https:\/\/www.fcbarcelonanoticias.com\/en\/wp-content\/uploads\/sites\/2\/2024\/12\/neymar-jr-barcelona-scaled.jpeg","width":2560,"height":1803},{"@type":"BreadcrumbList","@id":"https:\/\/www.fcbarcelonanoticias.com\/en\/football\/the-revelation-of-neymar-father-why-the-brazilian-left-barca_309572_102.html#breadcrumb","itemListElement":[{"@type":"ListItem","position":1,"name":"Portada","item":"https:\/\/www.fcbarcelonanoticias.com\/en\/"},{"@type":"ListItem","position":2,"name":"The revelation of Neymar&#8217;s father: why the Brazilian left Bar\u00e7a"}]},{"@type":"WebSite","@id":"https:\/\/www.fcbarcelonanoticias.com\/en\/#website","url":"https:\/\/www.fcbarcelonanoticias.com\/en\/","name":"EN - FC Barcelona Noticias","description":"","potentialAction":[{"@type":"SearchAction","target":{"@type":"EntryPoint","urlTemplate":"https:\/\/www.fcbarcelonanoticias.com\/en\/?s={search_term_string}"},"query-input":{"@type":"PropertyValueSpecification","valueRequired":true,"valueName":"search_term_string"}}],"inLanguage":"en-US"},{"@type":"Person","@id":"https:\/\/www.fcbarcelonanoticias.com\/en\/#\/schema\/person\/88d756918a0a1ae9fa593b5edddd1815","name":"Juan Pablo Berdugo","image":{"@type":"ImageObject","inLanguage":"en-US","@id":"https:\/\/secure.gravatar.com\/avatar\/?s=96&d=mm&r=g","url":"https:\/\/secure.gravatar.com\/avatar\/?s=96&d=mm&r=g","contentUrl":"https:\/\/secure.gravatar.com\/avatar\/?s=96&d=mm&r=g","caption":"Juan Pablo Berdugo"},"description":"Juan Pablo Berdugo es graduado en Periodismo. Colabora con FCBN como especialista en informaci\u00f3n del primer equipo del FC Barcelona, f\u00fatbol internacional y mercado de fichajes. Destaca por su enfoque anal\u00edtico, su rigor informativo y su capacidad para detectar tendencias emergentes en el f\u00fatbol global.","url":"https:\/\/www.fcbarcelonanoticias.com\/en\/fc-barcelona\/juan-pablo-berdugo_18_115.html"}]}},"_links":{"self":[{"href":"https:\/\/www.fcbarcelonanoticias.com\/en\/wp-json\/wp\/v2\/posts\/42036","targetHints":{"allow":["GET"]}}],"collection":[{"href":"https:\/\/www.fcbarcelonanoticias.com\/en\/wp-json\/wp\/v2\/posts"}],"about":[{"href":"https:\/\/www.fcbarcelonanoticias.com\/en\/wp-json\/wp\/v2\/types\/post"}],"author":[{"embeddable":true,"href":"https:\/\/www.fcbarcelonanoticias.com\/en\/wp-json\/wp\/v2\/users\/358"}],"replies":[{"embeddable":true,"href":"https:\/\/www.fcbarcelonanoticias.com\/en\/wp-json\/wp\/v2\/comments?post=42036"}],"version-history":[{"count":1,"href":"https:\/\/www.fcbarcelonanoticias.com\/en\/wp-json\/wp\/v2\/posts\/42036\/revisions"}],"predecessor-version":[{"id":42037,"href":"https:\/\/www.fcbarcelonanoticias.com\/en\/wp-json\/wp\/v2\/posts\/42036\/revisions\/42037"}],"wp:featuredmedia":[{"embeddable":true,"href":"https:\/\/www.fcbarcelonanoticias.com\/en\/wp-json\/wp\/v2\/media\/42038"}],"wp:attachment":[{"href":"https:\/\/www.fcbarcelonanoticias.com\/en\/wp-json\/wp\/v2\/media?parent=42036"}],"wp:term":[{"taxonomy":"category","embeddable":true,"href":"https:\/\/www.fcbarcelonanoticias.com\/en\/wp-json\/wp\/v2\/categories?post=42036"},{"taxonomy":"post_tag","embeddable":true,"href":"https:\/\/www.fcbarcelonanoticias.com\/en\/wp-json\/wp\/v2\/tags?post=42036"}],"curies":[{"name":"wp","href":"https:\/\/api.w.org\/{rel}","templated":true}]}}