{"id":42071,"date":"2024-09-13T02:52:00","date_gmt":"2024-09-13T00:52:00","guid":{"rendered":"https:\/\/weisetech.dev\/fc-barcelona-noticias\/en\/the-most-intimate-lamine-yamal-the-weight-of-fame-his-beginnings-in-the-neighborhood-racism_307247_102\/"},"modified":"2024-09-13T03:15:00","modified_gmt":"2024-09-13T01:15:00","slug":"the-most-intimate-lamine-yamal-the-weight-of-fame-his-beginnings-in-the-neighborhood-racism_307247_102","status":"publish","type":"post","link":"https:\/\/www.fcbarcelonanoticias.com\/en\/football\/the-most-intimate-lamine-yamal-the-weight-of-fame-his-beginnings-in-the-neighborhood-racism_307247_102.html","title":{"rendered":"The most intimate Lamine Yamal: The weight of fame, his beginnings in the neighborhood, racism&#8230;"},"content":{"rendered":"<h2 class=\"wp-block-heading\">In his interview with Pablo Motos on &#8216;El Hormiguero&#8217;, Lamine Yamal showed his most intimate side. The player confessed how he deals with fame and the importance of his mother in this regard, as well as some trivialities about his personal life<\/h2>  \r\n<div class=\"article-addons\">\r\n    <a href=\"https:\/\/www.fcbarcelonanoticias.com\/en\/calendar-fc-barcelona.html\"\r\n       target=\"_self\"\r\n       title=\"Calendar of FC Barcelona\"\r\n       class=\"blue-gredient-btn\">\r\n       \r\n        Calendar of FC Barcelona    <\/a>\r\n<\/div>   <p><strong>Lamine Yamal<\/strong> showed a new image to the public in his interview with <strong>Pablo Motos<\/strong> on &#8216;<strong>El Hormiguero<\/strong>&#8216;. Football fans around the world knew him for his great quality on the pitch, but after his appearance on the famous programme on &#8216;<strong>Antena 3&#8242;<\/strong>, they have been able to see his more personal side. At just 17 years old, the player has established himself as the great star of the present and future of <strong>FC Barcelona<\/strong>, \u200b\u200band when asked how he handles the pressure of fame without letting it go to his &#8216;head&#8217;, the footballer said that his mother is his &#8216;grounding cable&#8217;.<\/p>  <blockquote> <p>&#8220;Going to my mother&#8217;s house and having her tell me: &#8216;Put on your flip-flops, close the door, make the bed&#8230;&#8217; She drives me very straight, it&#8217;s the way to keep my feet on the ground. My mother commands my agent&#8221;<\/p> <\/blockquote>  <p>Disruptive on the pitch, the Catalan winger proved to be more &#8216;meticulous&#8217; at home, with smells being one of his main obsessions. &#8220;I like the whole house to smell like vanilla and then there&#8217;s a scarf at my mother&#8217;s house that I like to smell. I come home and put on the scarf to watch<strong> LQSA<\/strong>,&#8221; he revealed.<\/p>  <p>And among his manias, his tastes also stand out, with the player confessing that he would like to have an exotic pet. &#8220;I want to buy an octopus, I&#8217;ve already thought about the fish tank but my mother says it&#8217;s impossible. At 13 she told me that at 18 and now she tells me that at 21. It&#8217;s an exotic animal, if I go to a friend&#8217;s house he doesn&#8217;t have an octopus, if he comes to mine he does,&#8221; he said, also assuring that, although it seems customary for young footballers to mark their bodies with ink, he prefers to stay away from it. &#8220;I won&#8217;t get tattoos, no,&#8221; he stressed.<\/p>  <p><strong>Lamine <\/strong>revealed that he is enrolled in a cooking course to improve his skills in the kitchen, since &#8220;the best dish I have made, the best, best is chicken nuggets with chips. But frozen nuggets.&#8221; He also spoke about his double, who has gone viral in recent days after appearing on programs such as &#8216;<strong>El Chiringuito de Jugones<\/strong>&#8216; despite <strong>Yamal <\/strong>stating that &#8220;for me he doesn&#8217;t look alike.&#8221;<\/p>  <h2>Lamine&#8217;s response to racists<\/h2>  <p><strong>Lamine<\/strong> also responded forcefully when Pablo Motos asked him what he would say to the far-right racists who made xenophobic comments against him and <strong>Nico Williams<\/strong> during the<strong> Euro Cup<\/strong>.<\/p>  <blockquote> <p>&#8220;It&#8217;s not worth saying anything. The best thing was not to answer. We know our education, our values \u200b\u200band nothing to say&#8221;<\/p> <\/blockquote>  <h2>The importance of the neighborhood in Lamine Yamal&#8217;s life<\/h2>  <p>The young Bar\u00e7a player stressed that he was trained on the street, and that one of his training sessions was with dogs, and that he played goalkeeper in the park. &#8220;It gives you that mischief, that energy, playing without rules&#8230; My older cousin put me as a goalkeeper and I got everything, I&#8217;m not good at it. I turned around so he wouldn&#8217;t hit me and he did. My father had two dogs, he came to school to get me and he brought a ball, we went home dribbling past the dogs,&#8221; he said.<\/p>  <p>The attacker also spoke about his childhood in <strong>Rocafonda<\/strong> and the importance that the neighbourhood has had in his life, making it clear that the influence of the neighbourhood on his present has been transcendental in bringing him to the place where he is now.<\/p>  <blockquote> <p>&#8220;My cousins \u200b\u200bare there, my grandmother, my mother, my father has lived there for many years&#8230; For me, it&#8217;s&nbsp;everything&#8221;<\/p> <\/blockquote>  <p>In fact, his grandmother keeps him in line and constantly advises him, as <strong>Lamine<\/strong> revealed in the interview. &#8220;She always tells me two things: don&#8217;t wear black clothes, she doesn&#8217;t like it, to smile a lot and take care of my parents,&#8221; he commented.<\/p> ","protected":false},"excerpt":{"rendered":"<p>In his interview with Pablo Motos on &#8216;El Hormiguero&#8217;, Lamine Yamal showed his most intimate side. The player confessed how he deals with fame and the importance of his mother in this regard, as well as some trivialities about his personal life Lamine Yamal showed a new image to the public in his interview with [&hellip;]<\/p>\n","protected":false},"author":358,"featured_media":42074,"comment_status":"closed","ping_status":"open","sticky":false,"template":"","format":"standard","meta":{"_acf_changed":false,"inline_featured_image":false,"_nextfly_llmd_date_locked":false,"footnotes":""},"categories":[109,452],"tags":[],"class_list":["post-42071","post","type-post","status-publish","format-standard","has-post-thumbnail","hentry","category-football","category-football-2"],"acf":[],"yoast_head":"<!-- This site is optimized with the Yoast SEO plugin v27.3 - https:\/\/yoast.com\/product\/yoast-seo-wordpress\/ -->\n<title>The most intimate Lamine Yamal: The weight of fame, his beginnings in the neighborhood, racism...<\/title>\n<meta name=\"description\" content=\"In his interview with Pablo Motos on &#039;El Hormiguero&#039;, Lamine Yamal showed his most intimate side. The player confessed how he deals with fame and the importance of his mother in this regard, as well as some trivialities about his personal life\" \/>\n<meta name=\"robots\" content=\"index, follow, max-snippet:-1, max-image-preview:large, max-video-preview:-1\" \/>\n<link rel=\"canonical\" href=\"https:\/\/www.fcbarcelonanoticias.com\/en\/football\/the-most-intimate-lamine-yamal-the-weight-of-fame-his-beginnings-in-the-neighborhood-racism_307247_102.html\" \/>\n<meta property=\"og:locale\" content=\"en_US\" \/>\n<meta property=\"og:type\" content=\"article\" \/>\n<meta property=\"og:title\" content=\"The most intimate Lamine Yamal: The weight of fame, his beginnings in the neighborhood, racism...\" \/>\n<meta property=\"og:description\" content=\"In his interview with Pablo Motos on &#039;El Hormiguero&#039;, Lamine Yamal showed his most intimate side. The player confessed how he deals with fame and the importance of his mother in this regard, as well as some trivialities about his personal life\" \/>\n<meta property=\"og:url\" content=\"https:\/\/www.fcbarcelonanoticias.com\/en\/football\/the-most-intimate-lamine-yamal-the-weight-of-fame-his-beginnings-in-the-neighborhood-racism_307247_102.html\" \/>\n<meta property=\"og:site_name\" content=\"EN - FC Barcelona Noticias\" \/>\n<meta property=\"article:published_time\" content=\"2024-09-13T00:52:00+00:00\" \/>\n<meta property=\"article:modified_time\" content=\"2024-09-13T01:15:00+00:00\" \/>\n<meta property=\"og:image\" content=\"https:\/\/www.fcbarcelonanoticias.com\/en\/wp-content\/uploads\/sites\/2\/2024\/09\/lamine-yamal-entrevista-hormiguero-tv-1.jpeg\" \/>\n\t<meta property=\"og:image:width\" content=\"1250\" \/>\n\t<meta property=\"og:image:height\" content=\"730\" \/>\n\t<meta property=\"og:image:type\" content=\"image\/jpeg\" \/>\n<meta name=\"author\" content=\"Juan Pablo Berdugo\" \/>\n<meta name=\"twitter:card\" content=\"summary_large_image\" \/>\n<meta name=\"twitter:label1\" content=\"Written by\" \/>\n\t<meta name=\"twitter:data1\" content=\"Juan Pablo Berdugo\" \/>\n\t<meta name=\"twitter:label2\" content=\"Est. reading time\" \/>\n\t<meta name=\"twitter:data2\" content=\"3 minutes\" \/>\n<script type=\"application\/ld+json\" class=\"yoast-schema-graph\">{\"@context\":\"https:\\\/\\\/schema.org\",\"@graph\":[{\"@type\":\"Article\",\"@id\":\"https:\\\/\\\/www.fcbarcelonanoticias.com\\\/en\\\/football\\\/the-most-intimate-lamine-yamal-the-weight-of-fame-his-beginnings-in-the-neighborhood-racism_307247_102.html#article\",\"isPartOf\":{\"@id\":\"https:\\\/\\\/www.fcbarcelonanoticias.com\\\/en\\\/football\\\/the-most-intimate-lamine-yamal-the-weight-of-fame-his-beginnings-in-the-neighborhood-racism_307247_102.html\"},\"author\":{\"name\":\"Juan Pablo Berdugo\",\"@id\":\"https:\\\/\\\/www.fcbarcelonanoticias.com\\\/en\\\/#\\\/schema\\\/person\\\/88d756918a0a1ae9fa593b5edddd1815\"},\"headline\":\"The most intimate Lamine Yamal: The weight of fame, his beginnings in the neighborhood, racism&#8230;\",\"datePublished\":\"2024-09-13T00:52:00+00:00\",\"dateModified\":\"2024-09-13T01:15:00+00:00\",\"mainEntityOfPage\":{\"@id\":\"https:\\\/\\\/www.fcbarcelonanoticias.com\\\/en\\\/football\\\/the-most-intimate-lamine-yamal-the-weight-of-fame-his-beginnings-in-the-neighborhood-racism_307247_102.html\"},\"wordCount\":721,\"image\":{\"@id\":\"https:\\\/\\\/www.fcbarcelonanoticias.com\\\/en\\\/football\\\/the-most-intimate-lamine-yamal-the-weight-of-fame-his-beginnings-in-the-neighborhood-racism_307247_102.html#primaryimage\"},\"thumbnailUrl\":\"https:\\\/\\\/www.fcbarcelonanoticias.com\\\/en\\\/wp-content\\\/uploads\\\/sites\\\/2\\\/2024\\\/09\\\/lamine-yamal-entrevista-hormiguero-tv-1.jpeg\",\"articleSection\":[\"Football\",\"Football\"],\"inLanguage\":\"en-US\"},{\"@type\":\"WebPage\",\"@id\":\"https:\\\/\\\/www.fcbarcelonanoticias.com\\\/en\\\/football\\\/the-most-intimate-lamine-yamal-the-weight-of-fame-his-beginnings-in-the-neighborhood-racism_307247_102.html\",\"url\":\"https:\\\/\\\/www.fcbarcelonanoticias.com\\\/en\\\/football\\\/the-most-intimate-lamine-yamal-the-weight-of-fame-his-beginnings-in-the-neighborhood-racism_307247_102.html\",\"name\":\"The most intimate Lamine Yamal: The weight of fame, his beginnings in the neighborhood, racism...\",\"isPartOf\":{\"@id\":\"https:\\\/\\\/www.fcbarcelonanoticias.com\\\/en\\\/#website\"},\"primaryImageOfPage\":{\"@id\":\"https:\\\/\\\/www.fcbarcelonanoticias.com\\\/en\\\/football\\\/the-most-intimate-lamine-yamal-the-weight-of-fame-his-beginnings-in-the-neighborhood-racism_307247_102.html#primaryimage\"},\"image\":{\"@id\":\"https:\\\/\\\/www.fcbarcelonanoticias.com\\\/en\\\/football\\\/the-most-intimate-lamine-yamal-the-weight-of-fame-his-beginnings-in-the-neighborhood-racism_307247_102.html#primaryimage\"},\"thumbnailUrl\":\"https:\\\/\\\/www.fcbarcelonanoticias.com\\\/en\\\/wp-content\\\/uploads\\\/sites\\\/2\\\/2024\\\/09\\\/lamine-yamal-entrevista-hormiguero-tv-1.jpeg\",\"datePublished\":\"2024-09-13T00:52:00+00:00\",\"dateModified\":\"2024-09-13T01:15:00+00:00\",\"author\":{\"@id\":\"https:\\\/\\\/www.fcbarcelonanoticias.com\\\/en\\\/#\\\/schema\\\/person\\\/88d756918a0a1ae9fa593b5edddd1815\"},\"description\":\"In his interview with Pablo Motos on 'El Hormiguero', Lamine Yamal showed his most intimate side. The player confessed how he deals with fame and the importance of his mother in this regard, as well as some trivialities about his personal life\",\"breadcrumb\":{\"@id\":\"https:\\\/\\\/www.fcbarcelonanoticias.com\\\/en\\\/football\\\/the-most-intimate-lamine-yamal-the-weight-of-fame-his-beginnings-in-the-neighborhood-racism_307247_102.html#breadcrumb\"},\"inLanguage\":\"en-US\",\"potentialAction\":[{\"@type\":\"ReadAction\",\"target\":[\"https:\\\/\\\/www.fcbarcelonanoticias.com\\\/en\\\/football\\\/the-most-intimate-lamine-yamal-the-weight-of-fame-his-beginnings-in-the-neighborhood-racism_307247_102.html\"]}]},{\"@type\":\"ImageObject\",\"inLanguage\":\"en-US\",\"@id\":\"https:\\\/\\\/www.fcbarcelonanoticias.com\\\/en\\\/football\\\/the-most-intimate-lamine-yamal-the-weight-of-fame-his-beginnings-in-the-neighborhood-racism_307247_102.html#primaryimage\",\"url\":\"https:\\\/\\\/www.fcbarcelonanoticias.com\\\/en\\\/wp-content\\\/uploads\\\/sites\\\/2\\\/2024\\\/09\\\/lamine-yamal-entrevista-hormiguero-tv-1.jpeg\",\"contentUrl\":\"https:\\\/\\\/www.fcbarcelonanoticias.com\\\/en\\\/wp-content\\\/uploads\\\/sites\\\/2\\\/2024\\\/09\\\/lamine-yamal-entrevista-hormiguero-tv-1.jpeg\",\"width\":1250,\"height\":730},{\"@type\":\"BreadcrumbList\",\"@id\":\"https:\\\/\\\/www.fcbarcelonanoticias.com\\\/en\\\/football\\\/the-most-intimate-lamine-yamal-the-weight-of-fame-his-beginnings-in-the-neighborhood-racism_307247_102.html#breadcrumb\",\"itemListElement\":[{\"@type\":\"ListItem\",\"position\":1,\"name\":\"Portada\",\"item\":\"https:\\\/\\\/www.fcbarcelonanoticias.com\\\/en\\\/\"},{\"@type\":\"ListItem\",\"position\":2,\"name\":\"The most intimate Lamine Yamal: The weight of fame, his beginnings in the neighborhood, racism&#8230;\"}]},{\"@type\":\"WebSite\",\"@id\":\"https:\\\/\\\/www.fcbarcelonanoticias.com\\\/en\\\/#website\",\"url\":\"https:\\\/\\\/www.fcbarcelonanoticias.com\\\/en\\\/\",\"name\":\"EN - FC Barcelona Noticias\",\"description\":\"\",\"potentialAction\":[{\"@type\":\"SearchAction\",\"target\":{\"@type\":\"EntryPoint\",\"urlTemplate\":\"https:\\\/\\\/www.fcbarcelonanoticias.com\\\/en\\\/?s={search_term_string}\"},\"query-input\":{\"@type\":\"PropertyValueSpecification\",\"valueRequired\":true,\"valueName\":\"search_term_string\"}}],\"inLanguage\":\"en-US\"},{\"@type\":\"Person\",\"@id\":\"https:\\\/\\\/www.fcbarcelonanoticias.com\\\/en\\\/#\\\/schema\\\/person\\\/88d756918a0a1ae9fa593b5edddd1815\",\"name\":\"Juan Pablo Berdugo\",\"image\":{\"@type\":\"ImageObject\",\"inLanguage\":\"en-US\",\"@id\":\"https:\\\/\\\/secure.gravatar.com\\\/avatar\\\/?s=96&d=mm&r=g\",\"url\":\"https:\\\/\\\/secure.gravatar.com\\\/avatar\\\/?s=96&d=mm&r=g\",\"contentUrl\":\"https:\\\/\\\/secure.gravatar.com\\\/avatar\\\/?s=96&d=mm&r=g\",\"caption\":\"Juan Pablo Berdugo\"},\"description\":\"Juan Pablo Berdugo es graduado en Periodismo. Colabora con FCBN como especialista en informaci\u00f3n del primer equipo del FC Barcelona, f\u00fatbol internacional y mercado de fichajes. Destaca por su enfoque anal\u00edtico, su rigor informativo y su capacidad para detectar tendencias emergentes en el f\u00fatbol global.\",\"url\":\"https:\\\/\\\/www.fcbarcelonanoticias.com\\\/en\\\/fc-barcelona\\\/juan-pablo-berdugo_18_115.html\"}]}<\/script>\n<!-- \/ Yoast SEO plugin. -->","yoast_head_json":{"title":"The most intimate Lamine Yamal: The weight of fame, his beginnings in the neighborhood, racism...","description":"In his interview with Pablo Motos on 'El Hormiguero', Lamine Yamal showed his most intimate side. The player confessed how he deals with fame and the importance of his mother in this regard, as well as some trivialities about his personal life","robots":{"index":"index","follow":"follow","max-snippet":"max-snippet:-1","max-image-preview":"max-image-preview:large","max-video-preview":"max-video-preview:-1"},"canonical":"https:\/\/www.fcbarcelonanoticias.com\/en\/football\/the-most-intimate-lamine-yamal-the-weight-of-fame-his-beginnings-in-the-neighborhood-racism_307247_102.html","og_locale":"en_US","og_type":"article","og_title":"The most intimate Lamine Yamal: The weight of fame, his beginnings in the neighborhood, racism...","og_description":"In his interview with Pablo Motos on 'El Hormiguero', Lamine Yamal showed his most intimate side. The player confessed how he deals with fame and the importance of his mother in this regard, as well as some trivialities about his personal life","og_url":"https:\/\/www.fcbarcelonanoticias.com\/en\/football\/the-most-intimate-lamine-yamal-the-weight-of-fame-his-beginnings-in-the-neighborhood-racism_307247_102.html","og_site_name":"EN - FC Barcelona Noticias","article_published_time":"2024-09-13T00:52:00+00:00","article_modified_time":"2024-09-13T01:15:00+00:00","og_image":[{"width":1250,"height":730,"url":"https:\/\/www.fcbarcelonanoticias.com\/en\/wp-content\/uploads\/sites\/2\/2024\/09\/lamine-yamal-entrevista-hormiguero-tv-1.jpeg","type":"image\/jpeg"}],"author":"Juan Pablo Berdugo","twitter_card":"summary_large_image","twitter_misc":{"Written by":"Juan Pablo Berdugo","Est. reading time":"3 minutes"},"schema":{"@context":"https:\/\/schema.org","@graph":[{"@type":"Article","@id":"https:\/\/www.fcbarcelonanoticias.com\/en\/football\/the-most-intimate-lamine-yamal-the-weight-of-fame-his-beginnings-in-the-neighborhood-racism_307247_102.html#article","isPartOf":{"@id":"https:\/\/www.fcbarcelonanoticias.com\/en\/football\/the-most-intimate-lamine-yamal-the-weight-of-fame-his-beginnings-in-the-neighborhood-racism_307247_102.html"},"author":{"name":"Juan Pablo Berdugo","@id":"https:\/\/www.fcbarcelonanoticias.com\/en\/#\/schema\/person\/88d756918a0a1ae9fa593b5edddd1815"},"headline":"The most intimate Lamine Yamal: The weight of fame, his beginnings in the neighborhood, racism&#8230;","datePublished":"2024-09-13T00:52:00+00:00","dateModified":"2024-09-13T01:15:00+00:00","mainEntityOfPage":{"@id":"https:\/\/www.fcbarcelonanoticias.com\/en\/football\/the-most-intimate-lamine-yamal-the-weight-of-fame-his-beginnings-in-the-neighborhood-racism_307247_102.html"},"wordCount":721,"image":{"@id":"https:\/\/www.fcbarcelonanoticias.com\/en\/football\/the-most-intimate-lamine-yamal-the-weight-of-fame-his-beginnings-in-the-neighborhood-racism_307247_102.html#primaryimage"},"thumbnailUrl":"https:\/\/www.fcbarcelonanoticias.com\/en\/wp-content\/uploads\/sites\/2\/2024\/09\/lamine-yamal-entrevista-hormiguero-tv-1.jpeg","articleSection":["Football","Football"],"inLanguage":"en-US"},{"@type":"WebPage","@id":"https:\/\/www.fcbarcelonanoticias.com\/en\/football\/the-most-intimate-lamine-yamal-the-weight-of-fame-his-beginnings-in-the-neighborhood-racism_307247_102.html","url":"https:\/\/www.fcbarcelonanoticias.com\/en\/football\/the-most-intimate-lamine-yamal-the-weight-of-fame-his-beginnings-in-the-neighborhood-racism_307247_102.html","name":"The most intimate Lamine Yamal: The weight of fame, his beginnings in the neighborhood, racism...","isPartOf":{"@id":"https:\/\/www.fcbarcelonanoticias.com\/en\/#website"},"primaryImageOfPage":{"@id":"https:\/\/www.fcbarcelonanoticias.com\/en\/football\/the-most-intimate-lamine-yamal-the-weight-of-fame-his-beginnings-in-the-neighborhood-racism_307247_102.html#primaryimage"},"image":{"@id":"https:\/\/www.fcbarcelonanoticias.com\/en\/football\/the-most-intimate-lamine-yamal-the-weight-of-fame-his-beginnings-in-the-neighborhood-racism_307247_102.html#primaryimage"},"thumbnailUrl":"https:\/\/www.fcbarcelonanoticias.com\/en\/wp-content\/uploads\/sites\/2\/2024\/09\/lamine-yamal-entrevista-hormiguero-tv-1.jpeg","datePublished":"2024-09-13T00:52:00+00:00","dateModified":"2024-09-13T01:15:00+00:00","author":{"@id":"https:\/\/www.fcbarcelonanoticias.com\/en\/#\/schema\/person\/88d756918a0a1ae9fa593b5edddd1815"},"description":"In his interview with Pablo Motos on 'El Hormiguero', Lamine Yamal showed his most intimate side. The player confessed how he deals with fame and the importance of his mother in this regard, as well as some trivialities about his personal life","breadcrumb":{"@id":"https:\/\/www.fcbarcelonanoticias.com\/en\/football\/the-most-intimate-lamine-yamal-the-weight-of-fame-his-beginnings-in-the-neighborhood-racism_307247_102.html#breadcrumb"},"inLanguage":"en-US","potentialAction":[{"@type":"ReadAction","target":["https:\/\/www.fcbarcelonanoticias.com\/en\/football\/the-most-intimate-lamine-yamal-the-weight-of-fame-his-beginnings-in-the-neighborhood-racism_307247_102.html"]}]},{"@type":"ImageObject","inLanguage":"en-US","@id":"https:\/\/www.fcbarcelonanoticias.com\/en\/football\/the-most-intimate-lamine-yamal-the-weight-of-fame-his-beginnings-in-the-neighborhood-racism_307247_102.html#primaryimage","url":"https:\/\/www.fcbarcelonanoticias.com\/en\/wp-content\/uploads\/sites\/2\/2024\/09\/lamine-yamal-entrevista-hormiguero-tv-1.jpeg","contentUrl":"https:\/\/www.fcbarcelonanoticias.com\/en\/wp-content\/uploads\/sites\/2\/2024\/09\/lamine-yamal-entrevista-hormiguero-tv-1.jpeg","width":1250,"height":730},{"@type":"BreadcrumbList","@id":"https:\/\/www.fcbarcelonanoticias.com\/en\/football\/the-most-intimate-lamine-yamal-the-weight-of-fame-his-beginnings-in-the-neighborhood-racism_307247_102.html#breadcrumb","itemListElement":[{"@type":"ListItem","position":1,"name":"Portada","item":"https:\/\/www.fcbarcelonanoticias.com\/en\/"},{"@type":"ListItem","position":2,"name":"The most intimate Lamine Yamal: The weight of fame, his beginnings in the neighborhood, racism&#8230;"}]},{"@type":"WebSite","@id":"https:\/\/www.fcbarcelonanoticias.com\/en\/#website","url":"https:\/\/www.fcbarcelonanoticias.com\/en\/","name":"EN - FC Barcelona Noticias","description":"","potentialAction":[{"@type":"SearchAction","target":{"@type":"EntryPoint","urlTemplate":"https:\/\/www.fcbarcelonanoticias.com\/en\/?s={search_term_string}"},"query-input":{"@type":"PropertyValueSpecification","valueRequired":true,"valueName":"search_term_string"}}],"inLanguage":"en-US"},{"@type":"Person","@id":"https:\/\/www.fcbarcelonanoticias.com\/en\/#\/schema\/person\/88d756918a0a1ae9fa593b5edddd1815","name":"Juan Pablo Berdugo","image":{"@type":"ImageObject","inLanguage":"en-US","@id":"https:\/\/secure.gravatar.com\/avatar\/?s=96&d=mm&r=g","url":"https:\/\/secure.gravatar.com\/avatar\/?s=96&d=mm&r=g","contentUrl":"https:\/\/secure.gravatar.com\/avatar\/?s=96&d=mm&r=g","caption":"Juan Pablo Berdugo"},"description":"Juan Pablo Berdugo es graduado en Periodismo. Colabora con FCBN como especialista en informaci\u00f3n del primer equipo del FC Barcelona, f\u00fatbol internacional y mercado de fichajes. Destaca por su enfoque anal\u00edtico, su rigor informativo y su capacidad para detectar tendencias emergentes en el f\u00fatbol global.","url":"https:\/\/www.fcbarcelonanoticias.com\/en\/fc-barcelona\/juan-pablo-berdugo_18_115.html"}]}},"_links":{"self":[{"href":"https:\/\/www.fcbarcelonanoticias.com\/en\/wp-json\/wp\/v2\/posts\/42071","targetHints":{"allow":["GET"]}}],"collection":[{"href":"https:\/\/www.fcbarcelonanoticias.com\/en\/wp-json\/wp\/v2\/posts"}],"about":[{"href":"https:\/\/www.fcbarcelonanoticias.com\/en\/wp-json\/wp\/v2\/types\/post"}],"author":[{"embeddable":true,"href":"https:\/\/www.fcbarcelonanoticias.com\/en\/wp-json\/wp\/v2\/users\/358"}],"replies":[{"embeddable":true,"href":"https:\/\/www.fcbarcelonanoticias.com\/en\/wp-json\/wp\/v2\/comments?post=42071"}],"version-history":[{"count":1,"href":"https:\/\/www.fcbarcelonanoticias.com\/en\/wp-json\/wp\/v2\/posts\/42071\/revisions"}],"predecessor-version":[{"id":42072,"href":"https:\/\/www.fcbarcelonanoticias.com\/en\/wp-json\/wp\/v2\/posts\/42071\/revisions\/42072"}],"wp:featuredmedia":[{"embeddable":true,"href":"https:\/\/www.fcbarcelonanoticias.com\/en\/wp-json\/wp\/v2\/media\/42074"}],"wp:attachment":[{"href":"https:\/\/www.fcbarcelonanoticias.com\/en\/wp-json\/wp\/v2\/media?parent=42071"}],"wp:term":[{"taxonomy":"category","embeddable":true,"href":"https:\/\/www.fcbarcelonanoticias.com\/en\/wp-json\/wp\/v2\/categories?post=42071"},{"taxonomy":"post_tag","embeddable":true,"href":"https:\/\/www.fcbarcelonanoticias.com\/en\/wp-json\/wp\/v2\/tags?post=42071"}],"curies":[{"name":"wp","href":"https:\/\/api.w.org\/{rel}","templated":true}]}}