{"id":42272,"date":"2025-07-12T22:08:00","date_gmt":"2025-07-12T20:08:00","guid":{"rendered":"https:\/\/weisetech.dev\/fc-barcelona-noticias\/en\/inaki-pena-aims-for-pre-season-will-he-leave-barca_313502_102\/"},"modified":"2026-04-16T09:35:18","modified_gmt":"2026-04-16T07:35:18","slug":"inaki-pena-aims-for-pre-season-will-he-leave-barca_313502_102","status":"publish","type":"post","link":"https:\/\/www.fcbarcelonanoticias.com\/en\/football\/transfers\/inaki-pena-aims-for-pre-season-will-he-leave-barca_313502_102.html","title":{"rendered":"I\u00f1aki Pe\u00f1a aims for pre-season with his future in &#8216;air&#8217;: Will he continue in LaLiga?"},"content":{"rendered":"<h2 class=\"wp-block-heading\">I\u00f1aki Pe\u00f1a will join Bar\u00e7a&#8217;s pre-season without having his future defined. The goalkeeper is not in the club&#8217;s plans for 24\/25 and his departure is a matter of days<\/h2>  \r\n<div class=\"article-addons\">\r\n    <a href=\"https:\/\/www.fcbarcelonanoticias.com\/calendar-fc-barcelona.html\"\r\n       target=\"_self\"\r\n       title=\"Calendar of FC Barcelona\"\r\n       class=\"blue-gredient-btn\">\r\n       \r\n        Calendar of FC Barcelona    <\/a>\r\n<\/div>   <p><strong>FC Barcelona<\/strong> starts pre-season this Sunday. In principle, goalkeeper <strong>I\u00f1aki Pe\u00f1a<\/strong> will be part of the group of players called up to undergo medical tests and, subsequently, on Monday, to carry out the first double training session under the orders of <strong>Hansi Flick<\/strong>.<\/p>  <p>In this sense, the &#8217;13&#8217; of the Blaugrana team will join the rest of his teammates <strong>without yet having his future defined<\/strong>, since, for now, he would be the fourth goalkeeper of the team, behind Joan Garc\u00eda, Wojciech Szcz\u0119sny and Marc-Andr\u00e9 ter Stegen.<\/p>  <p>Likewise, the player knows that due to this scenario he is not in the plans of the Catalan club and that, <strong>yes or yes, he must find a team where he can have the minutes he wants<\/strong>.<\/p>  <p>Similarly, according to the most recent rumors about the goalkeeper, the one from Alicante would be willing to change his environment, as he knows he is on the list of Cul\u00e9s discards and does not plan to put obstacles to his departure.<\/p>  <h2><b>Bar\u00e7a is clear with I\u00f1aki: the best thing is a departure<\/b><\/h2>  <p>In this context, the goalkeeper would have made it clear that his priority is to have minutes as a starter, an ambition that was frustrated in the second half of the 2024\/25 season, when he lost the starting position to Szczesny. It should be noted that this occurred while Ter Stegen was still out due to injury.<\/p>  <p>Although Pe\u00f1a has a contract with Bar\u00e7a until June 2026, the club&#8217;s sports management contemplates the <strong>possibility of granting him a letter of freedom<\/strong> in order to facilitate his departure in this summer market. His renewal, for now, is completely ruled out.<\/p>  <p>Therefore, both parties agree on the need to resolve his future as soon as possible, aware that prolonging this situation could affect the team&#8217;s sports planning and the player&#8217;s own projection.<\/p>  <h2><b>I\u00f1aki Pe\u00f1a has suitors in the market, but remains linked to Bar\u00e7a<\/b><\/h2>  <p>The &#8217;13&#8217; of the Blaugrana team has no shortage of interested clubs. <strong>Celta de Vigo, Betis or Espanyol<\/strong> would have sounded out the goalkeeper, but so far his future remains linked to Barcelona, \u200b\u200bdue to the lack of formal offers.<\/p>  <div class=\"cke-element cke-element--102\"><section class=\"c-related-article\"><figure class=\"c-image__fig\"><a href=\"https:\/\/www.fcbarcelonanoticias.com\/fichajes\/inaki-pena-mantiene-dos-vias-abiertas-dejar-barca_313417_102.html\" title=\"I\u00f1aki Pe\u00f1a maintains two options open to leave Bar\u00e7a\" class=\"c-image__imglink\"><picture><img decoding=\"async\" src=\"https:\/\/www.fcbarcelonanoticias.com\/wp-content\/uploads\/sites\/2\/2025\/07\/fcbn-7df96ea5fff965f6a08be9007321172d.webp\" alt=\"I\u00f1aki Pe\u00f1a maintains two options open to leave Bar\u00e7a\" title=\"I\u00f1aki Pe\u00f1a maintains two options open to leave Bar\u00e7a\" class=\"c-image__img\" width=\"1200\" height=\"675\" loading=\"lazy\"><\/picture><\/a>     <\/figure><div class=\"c-related-article__wrapper\">         <p class=\"c-related-article__avantitle\">Related<\/p>         <h4 class=\"c-related-article__title\">             <a href=\"https:\/\/www.fcbarcelonanoticias.com\/fichajes\/inaki-pena-mantiene-dos-vias-abiertas-dejar-barca_313417_102.html\" title=\"I\u00f1aki Pe\u00f1a keeps two options open to leave Bar\u00e7a\" class=\"c-related-article__link\">                 I\u00f1aki Pe\u00f1a keeps two options open to leave Bar\u00e7a             <\/a>         <\/h4>     <\/div> <\/section><\/div>  <p>Another team that had Pe\u00f1a in their folders was Galatasaray, where he played the second part of the 2022\/23 season on loan. However, <a data-external=\"0\" data-intl-links-en=\"https:\/\/www.fcbarcelonanoticias.com\/en\/football\/transfers\/galatasaray-does-not-give-up-last-effort-for-ter-stegen_313498_102.html\" data-intl-links-es=\"https:\/\/www.fcbarcelonanoticias.com\/futbol\/fichajes\/el-galatasaray-no-se-rinde-ultimo-esfuerzo-por-ter-stegen_313498_102.html\" href=\"https:\/\/www.fcbarcelonanoticias.com\/en\/football\/transfers\/galatasaray-does-not-give-up-last-effort-for-ter-stegen_313498_102.html\" rel=\"follow\" target=\"_self\" title=\"\u00a1El Galatasaray no se rinde! \u00daltimo esfuerzo por Ter Stegen\">the Turkish giant in recent hours would have reactivated its interest precisely in his teammate Ter Stegen<\/a>, which could indicate that, if the interest in the Alicante native is true, this would take a back seat.<\/p>  <p><strong>I\u00f1aki Pe\u00f1a has a market value of 8 million euros<\/strong>, according to Transfermarkt. However, the Cul\u00e9 sports dome still has hopes of obtaining at least 10 &#8216;kilos&#8217; for its sale.<\/p>  <p><strong>The &#8217;13&#8217;, during the 2024\/25 season, participated in 23 matches<\/strong> (1,996 minutes), where he received 25 goals and kept his goal undefeated in 7 matches. Will an offer arrive that takes I\u00f1aki out of Barcelona? The market is in full swing and anything can happen.<\/p>  <ul> <li>\ud83d\udc49 Don&#8217;t miss the latest news from the <a data-external=\"0\" data-intl-links-en=\"https:\/\/www.fcbarcelonanoticias.com\/en\/transfers\" data-intl-links-es=\"https:\/\/www.fcbarcelonanoticias.com\/fichajes\" href=\"https:\/\/www.fcbarcelonanoticias.com\/en\/fc-barcelona\/transfers.html\" rel=\"follow\" target=\"_self\" title=\"Fichajes\">FC Barcelona 2025 transfer market<\/a> at FCBN!<\/li> <\/ul> <p><strong><u>FOLLOW US ON OUR SOCIAL NETWORKS:<\/u><\/strong><\/p>  <ol> <li>INSTAGRAM: <a data-external=\"1\" href=\"https:\/\/www.instagram.com\/en\/fcbarcelonanoticias_com?utm_source=ig_web_button_share_sheet&amp;igsh=M2ZxMGZmeGhsbGd3\" rel=\"nofollow\" target=\"_blank\" title=\"@fcbarcelonanoticias_com\">@fcbarcelonanoticias_com<\/a> <\/li> \t<li>FACEBOOK: <a data-external=\"1\" href=\"https:\/\/www.facebook.com\/en\/wwwfcbarcelonanoticiascom\/\" rel=\"nofollow\" target=\"_blank\" title=\"FCBN\">FCBN<\/a> <\/li> \t<li>X (TWITTER): <a data-external=\"1\" href=\"https:\/\/x.com\/en\/FCBNOTICIAS\" rel=\"nofollow\" target=\"_blank\" title=\"@FCBNOTICIAS\">@FCBNOTICIAS<\/a> <\/li> \t<li>THREADS: <a data-external=\"1\" href=\"https:\/\/www.threads.com\/en\/@fcbarcelonanoticias_com\" rel=\"nofollow\" target=\"_blank\" title=\"@fcbarcelonanoticias_com\">@fcbarcelonanoticias_com<\/a> <\/li> <\/ol> ","protected":false},"excerpt":{"rendered":"<p>I\u00f1aki Pe\u00f1a will join Bar\u00e7a&#8217;s pre-season without having his future defined. The goalkeeper is not in the club&#8217;s plans for 24\/25 and his departure is a matter of days FC Barcelona starts pre-season this Sunday. In principle, goalkeeper I\u00f1aki Pe\u00f1a will be part of the group of players called up to undergo medical tests and, [&hellip;]<\/p>\n","protected":false},"author":346,"featured_media":17333,"comment_status":"closed","ping_status":"open","sticky":false,"template":"","format":"standard","meta":{"_acf_changed":false,"inline_featured_image":false,"_nextfly_llmd_date_locked":false,"footnotes":""},"categories":[449,106],"tags":[169,395,367,261],"class_list":["post-42272","post","type-post","status-publish","format-standard","has-post-thumbnail","hentry","category-transfers-2","category-transfers","tag-barca-football","tag-inaki-pena","tag-preseason","tag-football-transfer-rumors"],"acf":[],"yoast_head":"<!-- This site is optimized with the Yoast SEO plugin v27.3 - https:\/\/yoast.com\/product\/yoast-seo-wordpress\/ -->\n<title>I\u00f1aki Pe\u00f1a aims for pre-season: Will he leave Bar\u00e7a?<\/title>\n<meta name=\"description\" content=\"I\u00f1aki Pe\u00f1a will join Bar\u00e7a&#039;s pre-season without having his future defined. What will be the Spanish goalkeeper&#039;s new team?\" \/>\n<meta name=\"robots\" content=\"index, follow, max-snippet:-1, max-image-preview:large, max-video-preview:-1\" \/>\n<link rel=\"canonical\" href=\"https:\/\/www.fcbarcelonanoticias.com\/en\/football\/transfers\/inaki-pena-aims-for-pre-season-will-he-leave-barca_313502_102.html\" \/>\n<meta property=\"og:locale\" content=\"en_US\" \/>\n<meta property=\"og:type\" content=\"article\" \/>\n<meta property=\"og:title\" content=\"I\u00f1aki Pe\u00f1a aims for pre-season: Will he leave Bar\u00e7a?\" \/>\n<meta property=\"og:description\" content=\"I\u00f1aki Pe\u00f1a will join Bar\u00e7a&#039;s pre-season without having his future defined. What will be the Spanish goalkeeper&#039;s new team?\" \/>\n<meta property=\"og:url\" content=\"https:\/\/www.fcbarcelonanoticias.com\/en\/football\/transfers\/inaki-pena-aims-for-pre-season-will-he-leave-barca_313502_102.html\" \/>\n<meta property=\"og:site_name\" content=\"EN - FC Barcelona Noticias\" \/>\n<meta property=\"article:published_time\" content=\"2025-07-12T20:08:00+00:00\" \/>\n<meta property=\"article:modified_time\" content=\"2026-04-16T07:35:18+00:00\" \/>\n<meta property=\"og:image\" content=\"https:\/\/www.fcbarcelonanoticias.com\/en\/wp-content\/uploads\/sites\/2\/2026\/03\/inaki-pena-barca.webp\" \/>\n\t<meta property=\"og:image:width\" content=\"1200\" \/>\n\t<meta property=\"og:image:height\" content=\"675\" \/>\n\t<meta property=\"og:image:type\" content=\"image\/webp\" \/>\n<meta name=\"author\" content=\"Julio Torres\" \/>\n<meta name=\"twitter:card\" content=\"summary_large_image\" \/>\n<meta name=\"twitter:label1\" content=\"Written by\" \/>\n\t<meta name=\"twitter:data1\" content=\"Julio Torres\" \/>\n\t<meta name=\"twitter:label2\" content=\"Est. reading time\" \/>\n\t<meta name=\"twitter:data2\" content=\"3 minutes\" \/>\n<script type=\"application\/ld+json\" class=\"yoast-schema-graph\">{\"@context\":\"https:\\\/\\\/schema.org\",\"@graph\":[{\"@type\":\"Article\",\"@id\":\"https:\\\/\\\/www.fcbarcelonanoticias.com\\\/en\\\/football\\\/transfers\\\/inaki-pena-aims-for-pre-season-will-he-leave-barca_313502_102.html#article\",\"isPartOf\":{\"@id\":\"https:\\\/\\\/www.fcbarcelonanoticias.com\\\/en\\\/football\\\/transfers\\\/inaki-pena-aims-for-pre-season-will-he-leave-barca_313502_102.html\"},\"author\":{\"name\":\"Julio Torres\",\"@id\":\"https:\\\/\\\/www.fcbarcelonanoticias.com\\\/en\\\/#\\\/schema\\\/person\\\/113a604abb717dbdd7c040d6cbb60bc1\"},\"headline\":\"I\u00f1aki Pe\u00f1a aims for pre-season with his future in &#8216;air&#8217;: Will he continue in LaLiga?\",\"datePublished\":\"2025-07-12T20:08:00+00:00\",\"dateModified\":\"2026-04-16T07:35:18+00:00\",\"mainEntityOfPage\":{\"@id\":\"https:\\\/\\\/www.fcbarcelonanoticias.com\\\/en\\\/football\\\/transfers\\\/inaki-pena-aims-for-pre-season-will-he-leave-barca_313502_102.html\"},\"wordCount\":592,\"image\":{\"@id\":\"https:\\\/\\\/www.fcbarcelonanoticias.com\\\/en\\\/football\\\/transfers\\\/inaki-pena-aims-for-pre-season-will-he-leave-barca_313502_102.html#primaryimage\"},\"thumbnailUrl\":\"https:\\\/\\\/www.fcbarcelonanoticias.com\\\/en\\\/wp-content\\\/uploads\\\/sites\\\/2\\\/2026\\\/03\\\/inaki-pena-barca.webp\",\"keywords\":[\"Bar\u00e7a\",\"I\u00f1aki Pe\u00f1a\",\"Preseason\",\"Transfer Rumors\"],\"articleSection\":[\"Transfers\",\"Transfers\"],\"inLanguage\":\"en-US\"},{\"@type\":\"WebPage\",\"@id\":\"https:\\\/\\\/www.fcbarcelonanoticias.com\\\/en\\\/football\\\/transfers\\\/inaki-pena-aims-for-pre-season-will-he-leave-barca_313502_102.html\",\"url\":\"https:\\\/\\\/www.fcbarcelonanoticias.com\\\/en\\\/football\\\/transfers\\\/inaki-pena-aims-for-pre-season-will-he-leave-barca_313502_102.html\",\"name\":\"I\u00f1aki Pe\u00f1a aims for pre-season: Will he leave Bar\u00e7a?\",\"isPartOf\":{\"@id\":\"https:\\\/\\\/www.fcbarcelonanoticias.com\\\/en\\\/#website\"},\"primaryImageOfPage\":{\"@id\":\"https:\\\/\\\/www.fcbarcelonanoticias.com\\\/en\\\/football\\\/transfers\\\/inaki-pena-aims-for-pre-season-will-he-leave-barca_313502_102.html#primaryimage\"},\"image\":{\"@id\":\"https:\\\/\\\/www.fcbarcelonanoticias.com\\\/en\\\/football\\\/transfers\\\/inaki-pena-aims-for-pre-season-will-he-leave-barca_313502_102.html#primaryimage\"},\"thumbnailUrl\":\"https:\\\/\\\/www.fcbarcelonanoticias.com\\\/en\\\/wp-content\\\/uploads\\\/sites\\\/2\\\/2026\\\/03\\\/inaki-pena-barca.webp\",\"datePublished\":\"2025-07-12T20:08:00+00:00\",\"dateModified\":\"2026-04-16T07:35:18+00:00\",\"author\":{\"@id\":\"https:\\\/\\\/www.fcbarcelonanoticias.com\\\/en\\\/#\\\/schema\\\/person\\\/113a604abb717dbdd7c040d6cbb60bc1\"},\"description\":\"I\u00f1aki Pe\u00f1a will join Bar\u00e7a's pre-season without having his future defined. What will be the Spanish goalkeeper's new team?\",\"breadcrumb\":{\"@id\":\"https:\\\/\\\/www.fcbarcelonanoticias.com\\\/en\\\/football\\\/transfers\\\/inaki-pena-aims-for-pre-season-will-he-leave-barca_313502_102.html#breadcrumb\"},\"inLanguage\":\"en-US\",\"potentialAction\":[{\"@type\":\"ReadAction\",\"target\":[\"https:\\\/\\\/www.fcbarcelonanoticias.com\\\/en\\\/football\\\/transfers\\\/inaki-pena-aims-for-pre-season-will-he-leave-barca_313502_102.html\"]}]},{\"@type\":\"ImageObject\",\"inLanguage\":\"en-US\",\"@id\":\"https:\\\/\\\/www.fcbarcelonanoticias.com\\\/en\\\/football\\\/transfers\\\/inaki-pena-aims-for-pre-season-will-he-leave-barca_313502_102.html#primaryimage\",\"url\":\"https:\\\/\\\/www.fcbarcelonanoticias.com\\\/en\\\/wp-content\\\/uploads\\\/sites\\\/2\\\/2026\\\/03\\\/inaki-pena-barca.webp\",\"contentUrl\":\"https:\\\/\\\/www.fcbarcelonanoticias.com\\\/en\\\/wp-content\\\/uploads\\\/sites\\\/2\\\/2026\\\/03\\\/inaki-pena-barca.webp\",\"width\":1200,\"height\":675},{\"@type\":\"BreadcrumbList\",\"@id\":\"https:\\\/\\\/www.fcbarcelonanoticias.com\\\/en\\\/football\\\/transfers\\\/inaki-pena-aims-for-pre-season-will-he-leave-barca_313502_102.html#breadcrumb\",\"itemListElement\":[{\"@type\":\"ListItem\",\"position\":1,\"name\":\"Portada\",\"item\":\"https:\\\/\\\/www.fcbarcelonanoticias.com\\\/en\\\/\"},{\"@type\":\"ListItem\",\"position\":2,\"name\":\"I\u00f1aki Pe\u00f1a aims for pre-season with his future in &#8216;air&#8217;: Will he continue in LaLiga?\"}]},{\"@type\":\"WebSite\",\"@id\":\"https:\\\/\\\/www.fcbarcelonanoticias.com\\\/en\\\/#website\",\"url\":\"https:\\\/\\\/www.fcbarcelonanoticias.com\\\/en\\\/\",\"name\":\"EN - FC Barcelona Noticias\",\"description\":\"\",\"potentialAction\":[{\"@type\":\"SearchAction\",\"target\":{\"@type\":\"EntryPoint\",\"urlTemplate\":\"https:\\\/\\\/www.fcbarcelonanoticias.com\\\/en\\\/?s={search_term_string}\"},\"query-input\":{\"@type\":\"PropertyValueSpecification\",\"valueRequired\":true,\"valueName\":\"search_term_string\"}}],\"inLanguage\":\"en-US\"},{\"@type\":\"Person\",\"@id\":\"https:\\\/\\\/www.fcbarcelonanoticias.com\\\/en\\\/#\\\/schema\\\/person\\\/113a604abb717dbdd7c040d6cbb60bc1\",\"name\":\"Julio Torres\",\"image\":{\"@type\":\"ImageObject\",\"inLanguage\":\"en-US\",\"@id\":\"https:\\\/\\\/secure.gravatar.com\\\/avatar\\\/?s=96&d=mm&r=g\",\"url\":\"https:\\\/\\\/secure.gravatar.com\\\/avatar\\\/?s=96&d=mm&r=g\",\"contentUrl\":\"https:\\\/\\\/secure.gravatar.com\\\/avatar\\\/?s=96&d=mm&r=g\",\"caption\":\"Julio Torres\"},\"description\":\"Julio es un periodista con amplia experiencia en cobertura de toda la actualidad del Barcelona y del f\u00fatbol internacional. No te pierdas\u00a0sus\u00a0an\u00e1lisis reposados y cr\u00f3nicas detalladas sobre el deporte rey. Su estilo directo y bien documentado le ha valido reconocimiento entre los lectores m\u00e1s exigentes de FCBN.\",\"url\":\"https:\\\/\\\/www.fcbarcelonanoticias.com\\\/en\\\/julio-torres_36_115.html\"}]}<\/script>\n<!-- \/ Yoast SEO plugin. -->","yoast_head_json":{"title":"I\u00f1aki Pe\u00f1a aims for pre-season: Will he leave Bar\u00e7a?","description":"I\u00f1aki Pe\u00f1a will join Bar\u00e7a's pre-season without having his future defined. What will be the Spanish goalkeeper's new team?","robots":{"index":"index","follow":"follow","max-snippet":"max-snippet:-1","max-image-preview":"max-image-preview:large","max-video-preview":"max-video-preview:-1"},"canonical":"https:\/\/www.fcbarcelonanoticias.com\/en\/football\/transfers\/inaki-pena-aims-for-pre-season-will-he-leave-barca_313502_102.html","og_locale":"en_US","og_type":"article","og_title":"I\u00f1aki Pe\u00f1a aims for pre-season: Will he leave Bar\u00e7a?","og_description":"I\u00f1aki Pe\u00f1a will join Bar\u00e7a's pre-season without having his future defined. What will be the Spanish goalkeeper's new team?","og_url":"https:\/\/www.fcbarcelonanoticias.com\/en\/football\/transfers\/inaki-pena-aims-for-pre-season-will-he-leave-barca_313502_102.html","og_site_name":"EN - FC Barcelona Noticias","article_published_time":"2025-07-12T20:08:00+00:00","article_modified_time":"2026-04-16T07:35:18+00:00","og_image":[{"width":1200,"height":675,"url":"https:\/\/www.fcbarcelonanoticias.com\/en\/wp-content\/uploads\/sites\/2\/2026\/03\/inaki-pena-barca.webp","type":"image\/webp"}],"author":"Julio Torres","twitter_card":"summary_large_image","twitter_misc":{"Written by":"Julio Torres","Est. reading time":"3 minutes"},"schema":{"@context":"https:\/\/schema.org","@graph":[{"@type":"Article","@id":"https:\/\/www.fcbarcelonanoticias.com\/en\/football\/transfers\/inaki-pena-aims-for-pre-season-will-he-leave-barca_313502_102.html#article","isPartOf":{"@id":"https:\/\/www.fcbarcelonanoticias.com\/en\/football\/transfers\/inaki-pena-aims-for-pre-season-will-he-leave-barca_313502_102.html"},"author":{"name":"Julio Torres","@id":"https:\/\/www.fcbarcelonanoticias.com\/en\/#\/schema\/person\/113a604abb717dbdd7c040d6cbb60bc1"},"headline":"I\u00f1aki Pe\u00f1a aims for pre-season with his future in &#8216;air&#8217;: Will he continue in LaLiga?","datePublished":"2025-07-12T20:08:00+00:00","dateModified":"2026-04-16T07:35:18+00:00","mainEntityOfPage":{"@id":"https:\/\/www.fcbarcelonanoticias.com\/en\/football\/transfers\/inaki-pena-aims-for-pre-season-will-he-leave-barca_313502_102.html"},"wordCount":592,"image":{"@id":"https:\/\/www.fcbarcelonanoticias.com\/en\/football\/transfers\/inaki-pena-aims-for-pre-season-will-he-leave-barca_313502_102.html#primaryimage"},"thumbnailUrl":"https:\/\/www.fcbarcelonanoticias.com\/en\/wp-content\/uploads\/sites\/2\/2026\/03\/inaki-pena-barca.webp","keywords":["Bar\u00e7a","I\u00f1aki Pe\u00f1a","Preseason","Transfer Rumors"],"articleSection":["Transfers","Transfers"],"inLanguage":"en-US"},{"@type":"WebPage","@id":"https:\/\/www.fcbarcelonanoticias.com\/en\/football\/transfers\/inaki-pena-aims-for-pre-season-will-he-leave-barca_313502_102.html","url":"https:\/\/www.fcbarcelonanoticias.com\/en\/football\/transfers\/inaki-pena-aims-for-pre-season-will-he-leave-barca_313502_102.html","name":"I\u00f1aki Pe\u00f1a aims for pre-season: Will he leave Bar\u00e7a?","isPartOf":{"@id":"https:\/\/www.fcbarcelonanoticias.com\/en\/#website"},"primaryImageOfPage":{"@id":"https:\/\/www.fcbarcelonanoticias.com\/en\/football\/transfers\/inaki-pena-aims-for-pre-season-will-he-leave-barca_313502_102.html#primaryimage"},"image":{"@id":"https:\/\/www.fcbarcelonanoticias.com\/en\/football\/transfers\/inaki-pena-aims-for-pre-season-will-he-leave-barca_313502_102.html#primaryimage"},"thumbnailUrl":"https:\/\/www.fcbarcelonanoticias.com\/en\/wp-content\/uploads\/sites\/2\/2026\/03\/inaki-pena-barca.webp","datePublished":"2025-07-12T20:08:00+00:00","dateModified":"2026-04-16T07:35:18+00:00","author":{"@id":"https:\/\/www.fcbarcelonanoticias.com\/en\/#\/schema\/person\/113a604abb717dbdd7c040d6cbb60bc1"},"description":"I\u00f1aki Pe\u00f1a will join Bar\u00e7a's pre-season without having his future defined. What will be the Spanish goalkeeper's new team?","breadcrumb":{"@id":"https:\/\/www.fcbarcelonanoticias.com\/en\/football\/transfers\/inaki-pena-aims-for-pre-season-will-he-leave-barca_313502_102.html#breadcrumb"},"inLanguage":"en-US","potentialAction":[{"@type":"ReadAction","target":["https:\/\/www.fcbarcelonanoticias.com\/en\/football\/transfers\/inaki-pena-aims-for-pre-season-will-he-leave-barca_313502_102.html"]}]},{"@type":"ImageObject","inLanguage":"en-US","@id":"https:\/\/www.fcbarcelonanoticias.com\/en\/football\/transfers\/inaki-pena-aims-for-pre-season-will-he-leave-barca_313502_102.html#primaryimage","url":"https:\/\/www.fcbarcelonanoticias.com\/en\/wp-content\/uploads\/sites\/2\/2026\/03\/inaki-pena-barca.webp","contentUrl":"https:\/\/www.fcbarcelonanoticias.com\/en\/wp-content\/uploads\/sites\/2\/2026\/03\/inaki-pena-barca.webp","width":1200,"height":675},{"@type":"BreadcrumbList","@id":"https:\/\/www.fcbarcelonanoticias.com\/en\/football\/transfers\/inaki-pena-aims-for-pre-season-will-he-leave-barca_313502_102.html#breadcrumb","itemListElement":[{"@type":"ListItem","position":1,"name":"Portada","item":"https:\/\/www.fcbarcelonanoticias.com\/en\/"},{"@type":"ListItem","position":2,"name":"I\u00f1aki Pe\u00f1a aims for pre-season with his future in &#8216;air&#8217;: Will he continue in LaLiga?"}]},{"@type":"WebSite","@id":"https:\/\/www.fcbarcelonanoticias.com\/en\/#website","url":"https:\/\/www.fcbarcelonanoticias.com\/en\/","name":"EN - FC Barcelona Noticias","description":"","potentialAction":[{"@type":"SearchAction","target":{"@type":"EntryPoint","urlTemplate":"https:\/\/www.fcbarcelonanoticias.com\/en\/?s={search_term_string}"},"query-input":{"@type":"PropertyValueSpecification","valueRequired":true,"valueName":"search_term_string"}}],"inLanguage":"en-US"},{"@type":"Person","@id":"https:\/\/www.fcbarcelonanoticias.com\/en\/#\/schema\/person\/113a604abb717dbdd7c040d6cbb60bc1","name":"Julio Torres","image":{"@type":"ImageObject","inLanguage":"en-US","@id":"https:\/\/secure.gravatar.com\/avatar\/?s=96&d=mm&r=g","url":"https:\/\/secure.gravatar.com\/avatar\/?s=96&d=mm&r=g","contentUrl":"https:\/\/secure.gravatar.com\/avatar\/?s=96&d=mm&r=g","caption":"Julio Torres"},"description":"Julio es un periodista con amplia experiencia en cobertura de toda la actualidad del Barcelona y del f\u00fatbol internacional. No te pierdas\u00a0sus\u00a0an\u00e1lisis reposados y cr\u00f3nicas detalladas sobre el deporte rey. Su estilo directo y bien documentado le ha valido reconocimiento entre los lectores m\u00e1s exigentes de FCBN.","url":"https:\/\/www.fcbarcelonanoticias.com\/en\/julio-torres_36_115.html"}]}},"_links":{"self":[{"href":"https:\/\/www.fcbarcelonanoticias.com\/en\/wp-json\/wp\/v2\/posts\/42272","targetHints":{"allow":["GET"]}}],"collection":[{"href":"https:\/\/www.fcbarcelonanoticias.com\/en\/wp-json\/wp\/v2\/posts"}],"about":[{"href":"https:\/\/www.fcbarcelonanoticias.com\/en\/wp-json\/wp\/v2\/types\/post"}],"author":[{"embeddable":true,"href":"https:\/\/www.fcbarcelonanoticias.com\/en\/wp-json\/wp\/v2\/users\/346"}],"replies":[{"embeddable":true,"href":"https:\/\/www.fcbarcelonanoticias.com\/en\/wp-json\/wp\/v2\/comments?post=42272"}],"version-history":[{"count":3,"href":"https:\/\/www.fcbarcelonanoticias.com\/en\/wp-json\/wp\/v2\/posts\/42272\/revisions"}],"predecessor-version":[{"id":176999,"href":"https:\/\/www.fcbarcelonanoticias.com\/en\/wp-json\/wp\/v2\/posts\/42272\/revisions\/176999"}],"wp:featuredmedia":[{"embeddable":true,"href":"https:\/\/www.fcbarcelonanoticias.com\/en\/wp-json\/wp\/v2\/media\/17333"}],"wp:attachment":[{"href":"https:\/\/www.fcbarcelonanoticias.com\/en\/wp-json\/wp\/v2\/media?parent=42272"}],"wp:term":[{"taxonomy":"category","embeddable":true,"href":"https:\/\/www.fcbarcelonanoticias.com\/en\/wp-json\/wp\/v2\/categories?post=42272"},{"taxonomy":"post_tag","embeddable":true,"href":"https:\/\/www.fcbarcelonanoticias.com\/en\/wp-json\/wp\/v2\/tags?post=42272"}],"curies":[{"name":"wp","href":"https:\/\/api.w.org\/{rel}","templated":true}]}}