{"id":42321,"date":"2025-07-10T19:05:00","date_gmt":"2025-07-10T17:05:00","guid":{"rendered":"https:\/\/weisetech.dev\/fc-barcelona-noticias\/en\/will-barca-sell-him-eric-garcia-renewal-on-hold_313470_102\/"},"modified":"2026-04-16T09:26:24","modified_gmt":"2026-04-16T07:26:24","slug":"will-barca-sell-him-eric-garcia-renewal-on-hold_313470_102","status":"publish","type":"post","link":"https:\/\/www.fcbarcelonanoticias.com\/en\/football\/transfers\/will-barca-sell-him-eric-garcia-renewal-on-hold_313470_102.html","title":{"rendered":"Stay or go? Uncertainty over Eric Garc\u00eda&#8217;s future at Bar\u00e7a"},"content":{"rendered":"<h2 class=\"wp-block-heading\">Eric Garc\u00eda hoped to start the preseason having renewed, but Bar\u00e7a has prioritized other matters. Although Flick is counting on him, a last-minute transfer is not ruled out<\/h2>  \r\n<div class=\"article-addons\">\r\n    <a href=\"https:\/\/www.fcbarcelonanoticias.com\/calendar-fc-barcelona.html\"\r\n       target=\"_self\"\r\n       title=\"Calendar of FC Barcelona\"\r\n       class=\"blue-gredient-btn\">\r\n       \r\n        Calendar of FC Barcelona    <\/a>\r\n<\/div>   <p><strong>FC Barcelona<\/strong> has not yet defined the future of <strong>Eric Garc\u00eda<\/strong>. In principle, the player from Martorell has the support of <strong>Hansi Flick<\/strong> to stay in the team, since <strong>the coach greatly values his versatility and professionalism<\/strong> to perform well in alternative positions. However, the defender&#8217;s contract ends in 2026 and, for the moment, his renewal is on hold.<\/p>  <p>The board hoped to extend the contract of &#8217;24&#8217; with the club <strong>for at least three seasons during the month of June<\/strong>. However, the Azulgrana team starts the preseason next Monday and Eric has not yet signed his contractual extension.<\/p>  <h2>Eric Garc\u00eda: Why hasn&#8217;t he renewed with Bar\u00e7a yet?<\/h2>  <p>The reasons for the postponement of his renewal are to address other priority matters. <strong><a data-external=\"0\" data-intl-links-en=\"https:\/\/www.fcbarcelonanoticias.com\/en\/fc-barcelona\/joan-garcia-talks-about-his-arrival-at-barca-really-wanted-it-to-happen_313250_102.html\" data-intl-links-es=\"https:\/\/www.fcbarcelonanoticias.com\/fc-barcelona\/barcelona-fichaje-joan-garcia-entrevista_313250_102.html\" happen=\"\" href=\"https:\/\/www.fcbarcelonanoticias.com\/en\/fc-barcelona\/joan-garcia-talks-about-his-arrival-at-barca-really-wanted-it-to-happen_313250_102.html\" i=\"\" it=\"\" really=\"\" rel=\"follow\" target=\"_self\" title=\"Joan Garc\u00eda talks about his arrival at Bar\u00e7a: \" to=\"\" wanted=\"\">Bar\u00e7a closed the signing of Joan Garc\u00eda<\/a> and was then very close to incorporating Nico Williams<\/strong>. Finally, the negotiation with the Basque player collapsed and the club resumed the list of pending renewals, starting with <strong>Wojciech Szczesny<\/strong>.<\/p>  <p><strong><a data-external=\"0\" data-intl-links-en=\"https:\/\/www.fcbarcelonanoticias.com\/en\/football\/transfers\/frenkie-jong-the-unexpected-reason-delaying-his-renewal-with-fc-barcelona_313433_102.html\" data-intl-links-es=\"https:\/\/www.fcbarcelonanoticias.com\/futbol\/fichajes\/frenkie-jong-inesperado-motivo-frena-su-renovacion-con-fc-barcelona_313433_102.html\" href=\"https:\/\/www.fcbarcelonanoticias.com\/en\/football\/transfers\/frenkie-jong-the-unexpected-reason-delaying-his-renewal-with-fc-barcelona_313433_102.html\" rel=\"follow\" target=\"_self\" title=\"Frenkie de Jong: the unexpected reason delaying his renewal with FC Barcelona\">The next should be Frenkie de Jong<\/a><\/strong>, who, like Garc\u00eda, has a contract that ends next year. The board does not want any player to start the season with the possibility of leaving for free in 2026. Not in vain, <strong>&#8216;Tek&#8217; signed for two seasons, until June 2027<\/strong>, beyond being a veteran player (35 years old).<\/p>  <div class=\"cke-element cke-element--102\"><section class=\"c-related-article\"><figure class=\"c-image__fig\"><a href=\"https:\/\/www.fcbarcelonanoticias.com\/futbol\/fichajes\/szczesny-se-sincera-sobre-su-renovacion-con-barca_313456_102.html\" title=\"Szczesny barca 2025\" class=\"c-image__imglink\"><picture><img decoding=\"async\" src=\"https:\/\/www.fcbarcelonanoticias.com\/wp-content\/uploads\/sites\/2\/2025\/07\/fcbn-6554d7869e2012290162763b631e0e76.webp\" alt=\"Szczesny barca 2025\" title=\"Szczesny barca 2025\" class=\"c-image__img\" width=\"1200\" height=\"676\" loading=\"lazy\"><\/picture><\/a>     <\/figure><div class=\"c-related-article__wrapper\">         <p class=\"c-related-article__avantitle\">Related<\/p>         <h4 class=\"c-related-article__title\">             <a href=\"https:\/\/www.fcbarcelonanoticias.com\/futbol\/fichajes\/szczesny-se-sincera-sobre-su-renovacion-con-barca_313456_102.html\" title=\"Szczesny opens up about his renewal with Bar\u00e7a\" class=\"c-related-article__link\">                 Szczesny opens up about his renewal with Bar\u00e7a             <\/a>         <\/h4>     <\/div> <\/section><\/div>  <p>The only exception for now is the case of <strong>Robert Lewandowski<\/strong>. The Polish player will turn 37 in August and will most likely end up leaving in June 2026. <strong>De Jong&#8217;s case is much more pressing<\/strong>, due to the high amount of his salary.<\/p>  <h2>Calm in Barcelona about the future of Eric Garc\u00eda<\/h2>  <p><strong>With Eric, on the other hand, there is no rush<\/strong>. The center-back wants to stay and Flick guarantees him an important role in 25\/26, starting as the first alternative to the duo <strong>Pau Cubars\u00ed-I\u00f1igo Mart\u00ednez<\/strong> alongside <strong>Ronald Araujo<\/strong>. In addition, the &#8217;24&#8217; showed conditions to lend a hand as a defensive pivot and\/or right back in specific cases, which will make him an important piece in the team.<\/p>  <p>Last season, <strong>Garc\u00eda played 45 games (19 as a starter) in which he scored 5 goals and 3 assists<\/strong>, with a total of 2,104 minutes played. Unless there is a surprise, Bar\u00e7a will not sign another center-back. On the contrary, the most likely thing is that they will get rid of one of the five available (<a data-external=\"0\" data-intl-links-en=\"https:\/\/www.fcbarcelonanoticias.com\/en\/football\/transfers\/poll-which-center-back-should-leave-araujo-or-christensen_313463_102.html\" data-intl-links-es=\"https:\/\/www.fcbarcelonanoticias.com\/futbol\/fichajes\/encuesta-cual-central-debe-vender-barca-araujo-christensen_313463_102.html\" href=\"https:\/\/www.fcbarcelonanoticias.com\/en\/football\/transfers\/poll-which-center-back-should-leave-araujo-or-christensen_313463_102.html\" rel=\"follow\" target=\"_self\" title=\"POLL: Which center-back should Bar\u00e7a sell: Araujo or Christensen?\">Andreas Christensen<\/a>).<\/p>  <p>Although Eric knows that he starts as a substitute and has several LaLiga clubs interested in him, he is confident in his ability to earn a place again. <a data-external=\"0\" data-intl-links-en=\"https:\/\/www.fcbarcelonanoticias.com\/en\/football\/transfers\/girona-reveals-its-plan-to-sign-eric-garcia-this-january_310218_102.html\" data-intl-links-es=\"https:\/\/www.fcbarcelonanoticias.com\/futbol\/fichajes\/girona-revela-su-plan-fichar-eric-garcia-este-enero_310218_102.html\" href=\"https:\/\/www.fcbarcelonanoticias.com\/en\/football\/transfers\/girona-reveals-its-plan-to-sign-eric-garcia-this-january_310218_102.html\" rel=\"follow\" target=\"_self\" title=\"Girona reveals its plan to sign Eric Garc\u00eda this January\">Girona was willing to put 10 million euros net to sign him in January<\/a>, but the coaching staff convinced him to stay. This summer, Bar\u00e7a would not accept offers below 12-15 &#8216;kilos&#8217; in case of putting him on sale.<\/p>  <ul> <li>\ud83d\udc49 Don&#8217;t miss the latest news from the <a data-external=\"0\" data-intl-links-en=\"https:\/\/www.fcbarcelonanoticias.com\/en\/transfers\" data-intl-links-es=\"https:\/\/www.fcbarcelonanoticias.com\/fichajes\" href=\"https:\/\/www.fcbarcelonanoticias.com\/en\/fc-barcelona\/transfers.html\" rel=\"follow\" target=\"_self\" title=\"Signings\">FC Barcelona 2025 transfer market<\/a> at FCBN!<\/li> <\/ul> <p><strong><u>FOLLOW US ON OUR SOCIAL NETWORKS:<\/u><\/strong><\/p>  <ol> <li> <strong>INSTAGRAM:&nbsp;<\/strong><a data-external=\"1\" href=\"https:\/\/www.instagram.com\/en\/fcbarcelonanoticias_com?utm_source=ig_web_button_share_sheet&amp;igsh=M2ZxMGZmeGhsbGd3\" rel=\"nofollow\" target=\"_blank\" title=\"@fcbarcelonanoticias_com\">fcbarcelonanoticias_com<\/a> <\/li> \t<li><strong>FACEBOOK:&nbsp;<a data-external=\"1\" href=\"https:\/\/www.facebook.com\/en\/wwwfcbarcelonanoticiascom\/\" rel=\"nofollow\" target=\"_blank\" title=\"FCBN\">FCBN<\/a><\/strong><\/li> \t<li> <strong>X (TWITTER):&nbsp;<\/strong><a data-external=\"1\" href=\"https:\/\/x.com\/en\/FCBNOTICIAS\" rel=\"nofollow\" target=\"_blank\" title=\"@FCBNOTICIAS\">FCBNOTICIAS<\/a> <\/li> \t<li> <strong>THREADS:&nbsp;<\/strong><a data-external=\"1\" href=\"https:\/\/www.threads.com\/en\/@fcbarcelonanoticias_com\" rel=\"nofollow\" target=\"_blank\" title=\"@fcbarcelonanoticias_com\">fcbarcelonanoticias_com<\/a> <\/li> <\/ol> ","protected":false},"excerpt":{"rendered":"<p>Eric Garc\u00eda hoped to start the preseason having renewed, but Bar\u00e7a has prioritized other matters. Although Flick is counting on him, a last-minute transfer is not ruled out FC Barcelona has not yet defined the future of Eric Garc\u00eda. In principle, the player from Martorell has the support of Hansi Flick to stay in the [&hellip;]<\/p>\n","protected":false},"author":347,"featured_media":6500,"comment_status":"closed","ping_status":"open","sticky":false,"template":"","format":"standard","meta":{"_acf_changed":false,"inline_featured_image":false,"_nextfly_llmd_date_locked":false,"footnotes":""},"categories":[437,106,449],"tags":[169,295,87,261],"class_list":["post-42321","post","type-post","status-publish","format-standard","has-post-thumbnail","hentry","category-eric-garcia","category-transfers","category-transfers-2","tag-barca-football","tag-eric-garcia","tag-hansi-flick","tag-football-transfer-rumors"],"acf":[],"yoast_head":"<!-- This site is optimized with the Yoast SEO plugin v27.3 - https:\/\/yoast.com\/product\/yoast-seo-wordpress\/ -->\n<title>Will Bar\u00e7a sell him? Eric Garc\u00eda, renewal on hold<\/title>\n<meta name=\"description\" content=\"Eric Garc\u00eda hoped to start the preseason having renewed, but Bar\u00e7a has prioritized other matters. Although Flick is counting on him, a last-minute transfer is not ruled out\" \/>\n<meta name=\"robots\" content=\"index, follow, max-snippet:-1, max-image-preview:large, max-video-preview:-1\" \/>\n<link rel=\"canonical\" href=\"https:\/\/www.fcbarcelonanoticias.com\/en\/football\/transfers\/will-barca-sell-him-eric-garcia-renewal-on-hold_313470_102.html\" \/>\n<meta property=\"og:locale\" content=\"en_US\" \/>\n<meta property=\"og:type\" content=\"article\" \/>\n<meta property=\"og:title\" content=\"Will Bar\u00e7a sell him? Eric Garc\u00eda, renewal on hold\" \/>\n<meta property=\"og:description\" content=\"Eric Garc\u00eda hoped to start the preseason having renewed, but Bar\u00e7a has prioritized other matters. Although Flick is counting on him, a last-minute transfer is not ruled out\" \/>\n<meta property=\"og:url\" content=\"https:\/\/www.fcbarcelonanoticias.com\/en\/football\/transfers\/will-barca-sell-him-eric-garcia-renewal-on-hold_313470_102.html\" \/>\n<meta property=\"og:site_name\" content=\"EN - FC Barcelona Noticias\" \/>\n<meta property=\"article:published_time\" content=\"2025-07-10T17:05:00+00:00\" \/>\n<meta property=\"article:modified_time\" content=\"2026-04-16T07:26:24+00:00\" \/>\n<meta property=\"og:image\" content=\"https:\/\/www.fcbarcelonanoticias.com\/en\/wp-content\/uploads\/sites\/2\/2025\/05\/eric-garcia-v-inter-milan.jpeg\" \/>\n\t<meta property=\"og:image:width\" content=\"1200\" \/>\n\t<meta property=\"og:image:height\" content=\"675\" \/>\n\t<meta property=\"og:image:type\" content=\"image\/jpeg\" \/>\n<meta name=\"author\" content=\"Andr\u00e9s Quiroz\" \/>\n<meta name=\"twitter:card\" content=\"summary_large_image\" \/>\n<meta name=\"twitter:label1\" content=\"Written by\" \/>\n\t<meta name=\"twitter:data1\" content=\"Andr\u00e9s Quiroz\" \/>\n\t<meta name=\"twitter:label2\" content=\"Est. reading time\" \/>\n\t<meta name=\"twitter:data2\" content=\"3 minutes\" \/>\n<script type=\"application\/ld+json\" class=\"yoast-schema-graph\">{\"@context\":\"https:\\\/\\\/schema.org\",\"@graph\":[{\"@type\":\"Article\",\"@id\":\"https:\\\/\\\/www.fcbarcelonanoticias.com\\\/en\\\/football\\\/transfers\\\/will-barca-sell-him-eric-garcia-renewal-on-hold_313470_102.html#article\",\"isPartOf\":{\"@id\":\"https:\\\/\\\/www.fcbarcelonanoticias.com\\\/en\\\/football\\\/transfers\\\/will-barca-sell-him-eric-garcia-renewal-on-hold_313470_102.html\"},\"author\":{\"name\":\"Andr\u00e9s Quiroz\",\"@id\":\"https:\\\/\\\/www.fcbarcelonanoticias.com\\\/en\\\/#\\\/schema\\\/person\\\/c2cd9f6fa1af5c0d0eccd0fefa575c88\"},\"headline\":\"Stay or go? Uncertainty over Eric Garc\u00eda&#8217;s future at Bar\u00e7a\",\"datePublished\":\"2025-07-10T17:05:00+00:00\",\"dateModified\":\"2026-04-16T07:26:24+00:00\",\"mainEntityOfPage\":{\"@id\":\"https:\\\/\\\/www.fcbarcelonanoticias.com\\\/en\\\/football\\\/transfers\\\/will-barca-sell-him-eric-garcia-renewal-on-hold_313470_102.html\"},\"wordCount\":551,\"image\":{\"@id\":\"https:\\\/\\\/www.fcbarcelonanoticias.com\\\/en\\\/football\\\/transfers\\\/will-barca-sell-him-eric-garcia-renewal-on-hold_313470_102.html#primaryimage\"},\"thumbnailUrl\":\"https:\\\/\\\/www.fcbarcelonanoticias.com\\\/en\\\/wp-content\\\/uploads\\\/sites\\\/2\\\/2025\\\/05\\\/eric-garcia-v-inter-milan.jpeg\",\"keywords\":[\"Bar\u00e7a\",\"Eric Garc\u00eda\",\"Hansi Flick\",\"Transfer Rumors\"],\"articleSection\":[\"Eric Garc\u00eda\",\"Transfers\",\"Transfers\"],\"inLanguage\":\"en-US\"},{\"@type\":\"WebPage\",\"@id\":\"https:\\\/\\\/www.fcbarcelonanoticias.com\\\/en\\\/football\\\/transfers\\\/will-barca-sell-him-eric-garcia-renewal-on-hold_313470_102.html\",\"url\":\"https:\\\/\\\/www.fcbarcelonanoticias.com\\\/en\\\/football\\\/transfers\\\/will-barca-sell-him-eric-garcia-renewal-on-hold_313470_102.html\",\"name\":\"Will Bar\u00e7a sell him? Eric Garc\u00eda, renewal on hold\",\"isPartOf\":{\"@id\":\"https:\\\/\\\/www.fcbarcelonanoticias.com\\\/en\\\/#website\"},\"primaryImageOfPage\":{\"@id\":\"https:\\\/\\\/www.fcbarcelonanoticias.com\\\/en\\\/football\\\/transfers\\\/will-barca-sell-him-eric-garcia-renewal-on-hold_313470_102.html#primaryimage\"},\"image\":{\"@id\":\"https:\\\/\\\/www.fcbarcelonanoticias.com\\\/en\\\/football\\\/transfers\\\/will-barca-sell-him-eric-garcia-renewal-on-hold_313470_102.html#primaryimage\"},\"thumbnailUrl\":\"https:\\\/\\\/www.fcbarcelonanoticias.com\\\/en\\\/wp-content\\\/uploads\\\/sites\\\/2\\\/2025\\\/05\\\/eric-garcia-v-inter-milan.jpeg\",\"datePublished\":\"2025-07-10T17:05:00+00:00\",\"dateModified\":\"2026-04-16T07:26:24+00:00\",\"author\":{\"@id\":\"https:\\\/\\\/www.fcbarcelonanoticias.com\\\/en\\\/#\\\/schema\\\/person\\\/c2cd9f6fa1af5c0d0eccd0fefa575c88\"},\"description\":\"Eric Garc\u00eda hoped to start the preseason having renewed, but Bar\u00e7a has prioritized other matters. Although Flick is counting on him, a last-minute transfer is not ruled out\",\"breadcrumb\":{\"@id\":\"https:\\\/\\\/www.fcbarcelonanoticias.com\\\/en\\\/football\\\/transfers\\\/will-barca-sell-him-eric-garcia-renewal-on-hold_313470_102.html#breadcrumb\"},\"inLanguage\":\"en-US\",\"potentialAction\":[{\"@type\":\"ReadAction\",\"target\":[\"https:\\\/\\\/www.fcbarcelonanoticias.com\\\/en\\\/football\\\/transfers\\\/will-barca-sell-him-eric-garcia-renewal-on-hold_313470_102.html\"]}]},{\"@type\":\"ImageObject\",\"inLanguage\":\"en-US\",\"@id\":\"https:\\\/\\\/www.fcbarcelonanoticias.com\\\/en\\\/football\\\/transfers\\\/will-barca-sell-him-eric-garcia-renewal-on-hold_313470_102.html#primaryimage\",\"url\":\"https:\\\/\\\/www.fcbarcelonanoticias.com\\\/en\\\/wp-content\\\/uploads\\\/sites\\\/2\\\/2025\\\/05\\\/eric-garcia-v-inter-milan.jpeg\",\"contentUrl\":\"https:\\\/\\\/www.fcbarcelonanoticias.com\\\/en\\\/wp-content\\\/uploads\\\/sites\\\/2\\\/2025\\\/05\\\/eric-garcia-v-inter-milan.jpeg\",\"width\":1200,\"height\":675},{\"@type\":\"BreadcrumbList\",\"@id\":\"https:\\\/\\\/www.fcbarcelonanoticias.com\\\/en\\\/football\\\/transfers\\\/will-barca-sell-him-eric-garcia-renewal-on-hold_313470_102.html#breadcrumb\",\"itemListElement\":[{\"@type\":\"ListItem\",\"position\":1,\"name\":\"Portada\",\"item\":\"https:\\\/\\\/www.fcbarcelonanoticias.com\\\/en\\\/\"},{\"@type\":\"ListItem\",\"position\":2,\"name\":\"Stay or go? Uncertainty over Eric Garc\u00eda&#8217;s future at Bar\u00e7a\"}]},{\"@type\":\"WebSite\",\"@id\":\"https:\\\/\\\/www.fcbarcelonanoticias.com\\\/en\\\/#website\",\"url\":\"https:\\\/\\\/www.fcbarcelonanoticias.com\\\/en\\\/\",\"name\":\"EN - FC Barcelona Noticias\",\"description\":\"\",\"potentialAction\":[{\"@type\":\"SearchAction\",\"target\":{\"@type\":\"EntryPoint\",\"urlTemplate\":\"https:\\\/\\\/www.fcbarcelonanoticias.com\\\/en\\\/?s={search_term_string}\"},\"query-input\":{\"@type\":\"PropertyValueSpecification\",\"valueRequired\":true,\"valueName\":\"search_term_string\"}}],\"inLanguage\":\"en-US\"},{\"@type\":\"Person\",\"@id\":\"https:\\\/\\\/www.fcbarcelonanoticias.com\\\/en\\\/#\\\/schema\\\/person\\\/c2cd9f6fa1af5c0d0eccd0fefa575c88\",\"name\":\"Andr\u00e9s Quiroz\",\"image\":{\"@type\":\"ImageObject\",\"inLanguage\":\"en-US\",\"@id\":\"https:\\\/\\\/secure.gravatar.com\\\/avatar\\\/?s=96&d=mm&r=g\",\"url\":\"https:\\\/\\\/secure.gravatar.com\\\/avatar\\\/?s=96&d=mm&r=g\",\"contentUrl\":\"https:\\\/\\\/secure.gravatar.com\\\/avatar\\\/?s=96&d=mm&r=g\",\"caption\":\"Andr\u00e9s Quiroz\"},\"description\":\"Licenciado en Periodismo por la Universidad de los Andes. Me encargo de analizar y compartir los contenidos m\u00e1s destacados de la\u00a0actualidad del F\u00fatbol Club Barcelona, Mercado de Fichajes y F\u00fatbol Internacional en FCBN. La informaci\u00f3n es poder, pero tambi\u00e9n conocimiento.\",\"url\":\"https:\\\/\\\/www.fcbarcelonanoticias.com\\\/en\\\/fc-barcelona\\\/andres-quiroz_17_115.html\"}]}<\/script>\n<!-- \/ Yoast SEO plugin. -->","yoast_head_json":{"title":"Will Bar\u00e7a sell him? Eric Garc\u00eda, renewal on hold","description":"Eric Garc\u00eda hoped to start the preseason having renewed, but Bar\u00e7a has prioritized other matters. Although Flick is counting on him, a last-minute transfer is not ruled out","robots":{"index":"index","follow":"follow","max-snippet":"max-snippet:-1","max-image-preview":"max-image-preview:large","max-video-preview":"max-video-preview:-1"},"canonical":"https:\/\/www.fcbarcelonanoticias.com\/en\/football\/transfers\/will-barca-sell-him-eric-garcia-renewal-on-hold_313470_102.html","og_locale":"en_US","og_type":"article","og_title":"Will Bar\u00e7a sell him? Eric Garc\u00eda, renewal on hold","og_description":"Eric Garc\u00eda hoped to start the preseason having renewed, but Bar\u00e7a has prioritized other matters. Although Flick is counting on him, a last-minute transfer is not ruled out","og_url":"https:\/\/www.fcbarcelonanoticias.com\/en\/football\/transfers\/will-barca-sell-him-eric-garcia-renewal-on-hold_313470_102.html","og_site_name":"EN - FC Barcelona Noticias","article_published_time":"2025-07-10T17:05:00+00:00","article_modified_time":"2026-04-16T07:26:24+00:00","og_image":[{"width":1200,"height":675,"url":"https:\/\/www.fcbarcelonanoticias.com\/en\/wp-content\/uploads\/sites\/2\/2025\/05\/eric-garcia-v-inter-milan.jpeg","type":"image\/jpeg"}],"author":"Andr\u00e9s Quiroz","twitter_card":"summary_large_image","twitter_misc":{"Written by":"Andr\u00e9s Quiroz","Est. reading time":"3 minutes"},"schema":{"@context":"https:\/\/schema.org","@graph":[{"@type":"Article","@id":"https:\/\/www.fcbarcelonanoticias.com\/en\/football\/transfers\/will-barca-sell-him-eric-garcia-renewal-on-hold_313470_102.html#article","isPartOf":{"@id":"https:\/\/www.fcbarcelonanoticias.com\/en\/football\/transfers\/will-barca-sell-him-eric-garcia-renewal-on-hold_313470_102.html"},"author":{"name":"Andr\u00e9s Quiroz","@id":"https:\/\/www.fcbarcelonanoticias.com\/en\/#\/schema\/person\/c2cd9f6fa1af5c0d0eccd0fefa575c88"},"headline":"Stay or go? Uncertainty over Eric Garc\u00eda&#8217;s future at Bar\u00e7a","datePublished":"2025-07-10T17:05:00+00:00","dateModified":"2026-04-16T07:26:24+00:00","mainEntityOfPage":{"@id":"https:\/\/www.fcbarcelonanoticias.com\/en\/football\/transfers\/will-barca-sell-him-eric-garcia-renewal-on-hold_313470_102.html"},"wordCount":551,"image":{"@id":"https:\/\/www.fcbarcelonanoticias.com\/en\/football\/transfers\/will-barca-sell-him-eric-garcia-renewal-on-hold_313470_102.html#primaryimage"},"thumbnailUrl":"https:\/\/www.fcbarcelonanoticias.com\/en\/wp-content\/uploads\/sites\/2\/2025\/05\/eric-garcia-v-inter-milan.jpeg","keywords":["Bar\u00e7a","Eric Garc\u00eda","Hansi Flick","Transfer Rumors"],"articleSection":["Eric Garc\u00eda","Transfers","Transfers"],"inLanguage":"en-US"},{"@type":"WebPage","@id":"https:\/\/www.fcbarcelonanoticias.com\/en\/football\/transfers\/will-barca-sell-him-eric-garcia-renewal-on-hold_313470_102.html","url":"https:\/\/www.fcbarcelonanoticias.com\/en\/football\/transfers\/will-barca-sell-him-eric-garcia-renewal-on-hold_313470_102.html","name":"Will Bar\u00e7a sell him? Eric Garc\u00eda, renewal on hold","isPartOf":{"@id":"https:\/\/www.fcbarcelonanoticias.com\/en\/#website"},"primaryImageOfPage":{"@id":"https:\/\/www.fcbarcelonanoticias.com\/en\/football\/transfers\/will-barca-sell-him-eric-garcia-renewal-on-hold_313470_102.html#primaryimage"},"image":{"@id":"https:\/\/www.fcbarcelonanoticias.com\/en\/football\/transfers\/will-barca-sell-him-eric-garcia-renewal-on-hold_313470_102.html#primaryimage"},"thumbnailUrl":"https:\/\/www.fcbarcelonanoticias.com\/en\/wp-content\/uploads\/sites\/2\/2025\/05\/eric-garcia-v-inter-milan.jpeg","datePublished":"2025-07-10T17:05:00+00:00","dateModified":"2026-04-16T07:26:24+00:00","author":{"@id":"https:\/\/www.fcbarcelonanoticias.com\/en\/#\/schema\/person\/c2cd9f6fa1af5c0d0eccd0fefa575c88"},"description":"Eric Garc\u00eda hoped to start the preseason having renewed, but Bar\u00e7a has prioritized other matters. Although Flick is counting on him, a last-minute transfer is not ruled out","breadcrumb":{"@id":"https:\/\/www.fcbarcelonanoticias.com\/en\/football\/transfers\/will-barca-sell-him-eric-garcia-renewal-on-hold_313470_102.html#breadcrumb"},"inLanguage":"en-US","potentialAction":[{"@type":"ReadAction","target":["https:\/\/www.fcbarcelonanoticias.com\/en\/football\/transfers\/will-barca-sell-him-eric-garcia-renewal-on-hold_313470_102.html"]}]},{"@type":"ImageObject","inLanguage":"en-US","@id":"https:\/\/www.fcbarcelonanoticias.com\/en\/football\/transfers\/will-barca-sell-him-eric-garcia-renewal-on-hold_313470_102.html#primaryimage","url":"https:\/\/www.fcbarcelonanoticias.com\/en\/wp-content\/uploads\/sites\/2\/2025\/05\/eric-garcia-v-inter-milan.jpeg","contentUrl":"https:\/\/www.fcbarcelonanoticias.com\/en\/wp-content\/uploads\/sites\/2\/2025\/05\/eric-garcia-v-inter-milan.jpeg","width":1200,"height":675},{"@type":"BreadcrumbList","@id":"https:\/\/www.fcbarcelonanoticias.com\/en\/football\/transfers\/will-barca-sell-him-eric-garcia-renewal-on-hold_313470_102.html#breadcrumb","itemListElement":[{"@type":"ListItem","position":1,"name":"Portada","item":"https:\/\/www.fcbarcelonanoticias.com\/en\/"},{"@type":"ListItem","position":2,"name":"Stay or go? Uncertainty over Eric Garc\u00eda&#8217;s future at Bar\u00e7a"}]},{"@type":"WebSite","@id":"https:\/\/www.fcbarcelonanoticias.com\/en\/#website","url":"https:\/\/www.fcbarcelonanoticias.com\/en\/","name":"EN - FC Barcelona Noticias","description":"","potentialAction":[{"@type":"SearchAction","target":{"@type":"EntryPoint","urlTemplate":"https:\/\/www.fcbarcelonanoticias.com\/en\/?s={search_term_string}"},"query-input":{"@type":"PropertyValueSpecification","valueRequired":true,"valueName":"search_term_string"}}],"inLanguage":"en-US"},{"@type":"Person","@id":"https:\/\/www.fcbarcelonanoticias.com\/en\/#\/schema\/person\/c2cd9f6fa1af5c0d0eccd0fefa575c88","name":"Andr\u00e9s Quiroz","image":{"@type":"ImageObject","inLanguage":"en-US","@id":"https:\/\/secure.gravatar.com\/avatar\/?s=96&d=mm&r=g","url":"https:\/\/secure.gravatar.com\/avatar\/?s=96&d=mm&r=g","contentUrl":"https:\/\/secure.gravatar.com\/avatar\/?s=96&d=mm&r=g","caption":"Andr\u00e9s Quiroz"},"description":"Licenciado en Periodismo por la Universidad de los Andes. Me encargo de analizar y compartir los contenidos m\u00e1s destacados de la\u00a0actualidad del F\u00fatbol Club Barcelona, Mercado de Fichajes y F\u00fatbol Internacional en FCBN. La informaci\u00f3n es poder, pero tambi\u00e9n conocimiento.","url":"https:\/\/www.fcbarcelonanoticias.com\/en\/fc-barcelona\/andres-quiroz_17_115.html"}]}},"_links":{"self":[{"href":"https:\/\/www.fcbarcelonanoticias.com\/en\/wp-json\/wp\/v2\/posts\/42321","targetHints":{"allow":["GET"]}}],"collection":[{"href":"https:\/\/www.fcbarcelonanoticias.com\/en\/wp-json\/wp\/v2\/posts"}],"about":[{"href":"https:\/\/www.fcbarcelonanoticias.com\/en\/wp-json\/wp\/v2\/types\/post"}],"author":[{"embeddable":true,"href":"https:\/\/www.fcbarcelonanoticias.com\/en\/wp-json\/wp\/v2\/users\/347"}],"replies":[{"embeddable":true,"href":"https:\/\/www.fcbarcelonanoticias.com\/en\/wp-json\/wp\/v2\/comments?post=42321"}],"version-history":[{"count":3,"href":"https:\/\/www.fcbarcelonanoticias.com\/en\/wp-json\/wp\/v2\/posts\/42321\/revisions"}],"predecessor-version":[{"id":174413,"href":"https:\/\/www.fcbarcelonanoticias.com\/en\/wp-json\/wp\/v2\/posts\/42321\/revisions\/174413"}],"wp:featuredmedia":[{"embeddable":true,"href":"https:\/\/www.fcbarcelonanoticias.com\/en\/wp-json\/wp\/v2\/media\/6500"}],"wp:attachment":[{"href":"https:\/\/www.fcbarcelonanoticias.com\/en\/wp-json\/wp\/v2\/media?parent=42321"}],"wp:term":[{"taxonomy":"category","embeddable":true,"href":"https:\/\/www.fcbarcelonanoticias.com\/en\/wp-json\/wp\/v2\/categories?post=42321"},{"taxonomy":"post_tag","embeddable":true,"href":"https:\/\/www.fcbarcelonanoticias.com\/en\/wp-json\/wp\/v2\/tags?post=42321"}],"curies":[{"name":"wp","href":"https:\/\/api.w.org\/{rel}","templated":true}]}}