{"id":42421,"date":"2025-07-10T02:44:00","date_gmt":"2025-07-10T00:44:00","guid":{"rendered":"https:\/\/weisetech.dev\/fc-barcelona-noticias\/en\/poll-which-center-back-should-leave-araujo-or-christensen_313463_102\/"},"modified":"2026-04-16T09:47:28","modified_gmt":"2026-04-16T07:47:28","slug":"poll-which-center-back-should-leave-araujo-or-christensen_313463_102","status":"publish","type":"post","link":"https:\/\/www.fcbarcelonanoticias.com\/en\/football\/transfers\/poll-which-center-back-should-leave-araujo-or-christensen_313463_102.html","title":{"rendered":"POLL: Which center-back should Bar\u00e7a sell: Araujo or Christensen?"},"content":{"rendered":"<h2 class=\"wp-block-heading\">Bar\u00e7a currently has 5 center-backs in its squad. Barring any surprises, Christensen and Araujo are the options identified as potentially transferable: Which one should the club sell?<\/h2>  \r\n<div class=\"article-addons\">\r\n    <a href=\"https:\/\/www.fcbarcelonanoticias.com\/calendar-fc-barcelona.html\"\r\n       target=\"_self\"\r\n       title=\"Calendar of FC Barcelona\"\r\n       class=\"blue-gredient-btn\">\r\n       \r\n        Calendar of FC Barcelona    <\/a>\r\n<\/div>   <p>The board of <a data-external=\"0\" data-intl-links-en=\"https:\/\/www.fcbarcelonanoticias.com\/en\/fc-barcelona\" data-intl-links-es=\"https:\/\/www.fcbarcelonanoticias.com\/fc-barcelona\" href=\"https:\/\/www.fcbarcelonanoticias.com\/en\/football-soccer\/fc-barcelona.html\" rel=\"follow\" target=\"_self\" title=\"FC Barcelona\">FC Barcelona<\/a> needs to raise funds this summer to balance the books and resolve the arrival of at least a couple more additions, including the signing of a left winger. Among the possible departures that the team is considering is one of its center-backs, with <a data-external=\"0\" data-intl-links-es=\"https:\/\/www.fcbarcelonanoticias.com\/tags\/ronald-araujo\" href=\"https:\/\/www.fcbarcelonanoticias.com\/jugador\/ronald-araujo.html\" rel=\"follow\" target=\"_self\" title=\"#RonaldAraujo\">Ronald Araujo<\/a> and <a data-external=\"0\" data-intl-links-es=\"https:\/\/www.fcbarcelonanoticias.com\/tags\/christensen\" href=\"https:\/\/www.fcbarcelonanoticias.com\/en\/tags\/christensen\" rel=\"follow\" target=\"_self\" title=\"#Christensen\">Andreas Christensen<\/a> being the main candidates to enter the market.<\/p>  <p>            <\/p> <div class=\"poll-wrapper\" id=\"poll_456\">             <div class=\"poll-content\">                 <div class=\"poll-top\">                     <span class=\"category\">THE POLL<\/span>                     <span class=\"title\">Which center back should Bar\u00e7a sell: Araujo or Christensen?<\/span>                 <\/div>                 <div class=\"poll-bottom loading\" data-container=\"45660dee1eb5bb200.63176900 1763168010en\">                 <\/div>             <\/div>         <\/div>                 <div data-poll-element=\"poll_456\" data-poll-id=\"456\" data-fetch-url=\"\/_call?controller=ComitiumSuite%5CBundle%5CCSBundle%5CWidgets%5CPoll%5CController%5CWidgetController&amp;action=fetchPoll&amp;_parameters=kqC4I1IfX63opO%252FsCjT6AC%252FAtBvbBDks6NJGh%252FQFpiePwyhxKYgqs5kqyVNJpftDitYPlC3UIbY%252BtKfGeUUm%252BCaAp2GihUuF6Bj2wAl2GV76Hk%252FOScpnRb8ZyzV%252FTWx8YkYhWLWsnv5ieCzSlcIcoPqwPcoSlbFg9inH9u5G%252BpKzKS%252FCE%252F6YsdWFVxj4kNQFGe%252Bi%252B6raTIXTPtvK0EzEfuhccbAKYRfvfMDg7B6km28Lprr%252Bw%252FHUgYckNS5bTzpNZ0ki8WEmiDCLeyjrzWWz4SstvsPDZI2aUbUtbph6u89BtVjh8JTUZvhkC%252FG4B%252BAxXJ%252FvpS76HNrMiT0esq0%252Fen%252BfgXNveoejHO0m6XAEkgB9vbTLWqGfe2Y0J8dnSjwPhVkkm%252BloLo96LCFIl3yNIuFX2rJdPZLxk8xMBOg3xWGPE8U0LLj1F9%252B3kES4QF8tI4sdk7XtozZ6XUP3%252FSw16buxux08dPUUzaPgMdn1lAneKNdvfGdkK3l6KCgQqNtSlmUgXqGdoqJ3yYMpdbuzRGf%252BKEuKb1uN6%252FqyavUlb2QY4CJQE3v2YzBw%252Bq5PezD7ZdCuP4FYVveNqh01i%252B6CAgS6P4ELFSpT3%252B6sA8ghRe1JRhSOriEPTctMDXRpZ7i11j2RLAFdc7FHmBmKlJhOgtVF6dfClb0bjidRBssTZisyQdf0prt4wGU7j%252BgYJh1j462k47jBoCNI7Uo8EB21dW02xGbHYM9vgpeZ9NpXYmqh1iMnYqGwh3qkcCW%252BFfvwg%252BxygAbb5Jg0dIpVxij3QhC6gTipIHN451iv7FydM4FxlPafvjEgifAiuiPAZz7L5BWiH1wBfll%252B2lPv9H%252FaINoQkK%252Bc4f%252B6jd6jUOw8pXQ%253D&amp;_locale=en&amp;_poll_id=456\" data-save-url=\"\/_call?controller=ComitiumSuite%5CBundle%5CCSBundle%5CWidgets%5CPoll%5CController%5CWidgetController&amp;action=saveVoteToQueue&amp;_parameters=kqC4I1IfX63opO%252FsCjT6AC%252FAtBvbBDks6NJGh%252FQFpiePwyhxKYgqs5kqyVNJpftDitYPlC3UIbY%252BtKfGeUUm%252BCaAp2GihUuF6Bj2wAl2GV76Hk%252FOScpnRb8ZyzV%252FTWx8YkYhWLWsnv5ieCzSlcIcoPqwPcoSlbFg9inH9u5G%252BpKzKS%252FCE%252F6YsdWFVxj4kNQFGe%252Bi%252B6raTIXTPtvK0EzEfuhccbAKYRfvfMDg7B6km28Lprr%252Bw%252FHUgYckNS5bTzpNZ0ki8WEmiDCLeyjrzWWz4SstvsPDZI2aUbUtbph6u89BtVjh8JTUZvhkC%252FG4B%252BAxXJ%252FvpS76HNrMiT0esq0%252Fen%252BfgXNveoejHO0m6XAEkgB9vbTLWqGfe2Y0J8dnSjwPhVkkm%252BloLo96LCFIl3yNIuFX2rJdPZLxk8xMBOg3xWGPE8U0LLj1F9%252B3kES4QF8tI4sdk7XtozZ6XUP3%252FSw16buxux08dPUUzaPgMdn1lAneKNdvfGdkK3l6KCgQqNtSlmUgXqGdoqJ3yYMpdbuzRGf%252BKEuKb1uN6%252FqyavUlb2QY4CJQE3v2YzBw%252Bq5PezD7ZdCuP4FYVveNqh01i%252B6CAgS6P4ELFSpT3%252B6sA8ghRe1JRhSOriEPTctMDXRpZ7i11j2RLAFdc7FHmBmKlJhOgtVF6dfClb0bjidRBssTZisyQdf0prt4wGU7j%252BgYJh1j462k47jBoCNI7Uo8EB21dW02xGbHYM9vgpeZ9NpXYmqh1iMnYqGwh3qkcCW%252BFfvwg%252BxygAbb5Jg0dIpVxij3QhC6gTipIHN451iv7FydM4FxlPafvjEgifAiuiPAZz7L5BWiH1wBfll%252B2lPv9H%252FaINoQkK%252Bc4f%252B6jd6jUOw8pXQ%253D&amp;_poll_id=456\" data-locale=\"en\" data-uuid=\"60dee1eb5bb200.63176900 1763168010\"><\/div>       <p>For now, the club has five center-backs in the squad. <a data-external=\"0\" data-intl-links-es=\"https:\/\/www.fcbarcelonanoticias.com\/tags\/inigo-martinez\" href=\"https:\/\/www.fcbarcelonanoticias.com\/en\/tags\/inigo-martinez.html\" rel=\"follow\" target=\"_self\" title=\"#\u00cd\u00f1igoMart\u00ednez\">I\u00f1igo Mart\u00ednez<\/a> and <a data-external=\"0\" data-intl-links-es=\"https:\/\/www.fcbarcelonanoticias.com\/tags\/pau-cubarsi\" href=\"https:\/\/www.fcbarcelonanoticias.com\/jugador\/pau-cubarsi.html\" rel=\"follow\" target=\"_self\" title=\"#PauCubars\u00ed\">Pau Cubars\u00ed<\/a> are the favorites to retain their starting positions in 25\/26, while <a data-external=\"0\" data-intl-links-es=\"https:\/\/www.fcbarcelonanoticias.com\/tags\/eric-garcia\" href=\"https:\/\/www.fcbarcelonanoticias.com\/jugador\/eric-garcia.html\" rel=\"follow\" target=\"_self\" title=\"#EricGarc\u00eda\">Eric Garc\u00eda<\/a>, barring any surprises, should renew his contract soon. Hansi Flick convinced him to stay in January and the player from Martorell responded to the manager&#8217;s confidence with good performances in La Liga and the Champions League.<\/p>  <p>The &#8217;24&#8217; even performed as a right-back and also lent a hand as a defensive pivot. Considering this versatility, the Danish player and the &#8216;charr\u00faa&#8217; are identified as potentially transferable. Araujo is the team&#8217;s second captain and, <strong>although his clause decreased in the first two weeks of the summer market<\/strong>, he has no intention of leaving and hopes to fight for a starting position.<\/p>  <div class=\"cke-element cke-element--102\"><section class=\"c-related-article\"><figure class=\"c-image__fig\"><a href=\"https:\/\/www.fcbarcelonanoticias.com\/fc-barcelona\/ronald-araujo-adelanta-pretemporada-reafirma-continuidad-barca_313441_102.html\" title=\"Ronald Araujo FCB\" class=\"c-image__imglink\"><picture><img decoding=\"async\" src=\"https:\/\/www.fcbarcelonanoticias.com\/wp-content\/uploads\/sites\/2\/2025\/07\/fcbn-798aebb335dfe4282b1f8d9625be4b10.webp\" alt=\"Ronald Araujo FCB\" title=\"Ronald Araujo FCB\" class=\"c-image__img\" width=\"1200\" height=\"675\" loading=\"lazy\"><\/picture><\/a>     <\/figure><div class=\"c-related-article__wrapper\">         <p class=\"c-related-article__avantitle\">Related<\/p>         <h4 class=\"c-related-article__title\">             <a href=\"https:\/\/www.fcbarcelonanoticias.com\/fc-barcelona\/ronald-araujo-adelanta-pretemporada-reafirma-continuidad-barca_313441_102.html\" title=\"Ronald Araujo advances his preseason and reaffirms his continuity at Bar\u00e7a\" class=\"c-related-article__link\">                 Ronald Araujo advances his preseason and reaffirms his continuity at Bar\u00e7a             <\/a>         <\/h4>     <\/div> <\/section><\/div>  <p>The &#8216;4&#8217;, however, was heavily criticized for his performance in the return leg of the Champions League &#8216;semi-finals&#8217; against Inter, but Flick continues to trust him. <strong>Christensen, on the other hand, ends his contract in 2026<\/strong> and, although the coaching staff also values his experience, he is the main one identified to leave. The &#8217;15&#8217; was out for eight months due to injury in 24\/25 and could even leave with a letter of freedom.<\/p> ","protected":false},"excerpt":{"rendered":"<p>Bar\u00e7a currently has 5 center-backs in its squad. Barring any surprises, Christensen and Araujo are the options identified as potentially transferable: Which one should the club sell? The board of FC Barcelona needs to raise funds this summer to balance the books and resolve the arrival of at least a couple more additions, including the [&hellip;]<\/p>\n","protected":false},"author":347,"featured_media":14067,"comment_status":"closed","ping_status":"open","sticky":false,"template":"","format":"standard","meta":{"_acf_changed":false,"inline_featured_image":false,"_nextfly_llmd_date_locked":false,"footnotes":""},"categories":[449,106],"tags":[249,87,285,460,261],"class_list":["post-42421","post","type-post","status-publish","format-standard","has-post-thumbnail","hentry","category-transfers-2","category-transfers","tag-andreas-christensen","tag-hansi-flick","tag-ronald-araujo","tag-ronald-araujo-2","tag-football-transfer-rumors"],"acf":[],"yoast_head":"<!-- This site is optimized with the Yoast SEO plugin v27.3 - https:\/\/yoast.com\/product\/yoast-seo-wordpress\/ -->\n<title>POLL: Which center-back should leave: Araujo or Christensen?<\/title>\n<meta name=\"description\" content=\"Bar\u00e7a currently has 5 center-backs in its squad. Barring any surprises, Christensen and Araujo are the options identified as potentially transferable\" \/>\n<meta name=\"robots\" content=\"index, follow, max-snippet:-1, max-image-preview:large, max-video-preview:-1\" \/>\n<link rel=\"canonical\" href=\"https:\/\/www.fcbarcelonanoticias.com\/en\/football\/transfers\/poll-which-center-back-should-leave-araujo-or-christensen_313463_102.html\" \/>\n<meta property=\"og:locale\" content=\"en_US\" \/>\n<meta property=\"og:type\" content=\"article\" \/>\n<meta property=\"og:title\" content=\"POLL: Which center-back should leave: Araujo or Christensen?\" \/>\n<meta property=\"og:description\" content=\"Bar\u00e7a currently has 5 center-backs in its squad. Barring any surprises, Christensen and Araujo are the options identified as potentially transferable\" \/>\n<meta property=\"og:url\" content=\"https:\/\/www.fcbarcelonanoticias.com\/en\/football\/transfers\/poll-which-center-back-should-leave-araujo-or-christensen_313463_102.html\" \/>\n<meta property=\"og:site_name\" content=\"EN - FC Barcelona Noticias\" \/>\n<meta property=\"article:published_time\" content=\"2025-07-10T00:44:00+00:00\" \/>\n<meta property=\"article:modified_time\" content=\"2026-04-16T07:47:28+00:00\" \/>\n<meta property=\"og:image\" content=\"https:\/\/www.fcbarcelonanoticias.com\/en\/wp-content\/uploads\/sites\/2\/2026\/03\/ronald-araujo-andreas-christensen-fc-barcelona.webp\" \/>\n\t<meta property=\"og:image:width\" content=\"1200\" \/>\n\t<meta property=\"og:image:height\" content=\"675\" \/>\n\t<meta property=\"og:image:type\" content=\"image\/webp\" \/>\n<meta name=\"author\" content=\"Andr\u00e9s Quiroz\" \/>\n<meta name=\"twitter:card\" content=\"summary_large_image\" \/>\n<meta name=\"twitter:label1\" content=\"Written by\" \/>\n\t<meta name=\"twitter:data1\" content=\"Andr\u00e9s Quiroz\" \/>\n\t<meta name=\"twitter:label2\" content=\"Est. reading time\" \/>\n\t<meta name=\"twitter:data2\" content=\"2 minutes\" \/>\n<script type=\"application\/ld+json\" class=\"yoast-schema-graph\">{\"@context\":\"https:\\\/\\\/schema.org\",\"@graph\":[{\"@type\":\"Article\",\"@id\":\"https:\\\/\\\/www.fcbarcelonanoticias.com\\\/en\\\/football\\\/transfers\\\/poll-which-center-back-should-leave-araujo-or-christensen_313463_102.html#article\",\"isPartOf\":{\"@id\":\"https:\\\/\\\/www.fcbarcelonanoticias.com\\\/en\\\/football\\\/transfers\\\/poll-which-center-back-should-leave-araujo-or-christensen_313463_102.html\"},\"author\":{\"name\":\"Andr\u00e9s Quiroz\",\"@id\":\"https:\\\/\\\/www.fcbarcelonanoticias.com\\\/en\\\/#\\\/schema\\\/person\\\/c2cd9f6fa1af5c0d0eccd0fefa575c88\"},\"headline\":\"POLL: Which center-back should Bar\u00e7a sell: Araujo or Christensen?\",\"datePublished\":\"2025-07-10T00:44:00+00:00\",\"dateModified\":\"2026-04-16T07:47:28+00:00\",\"mainEntityOfPage\":{\"@id\":\"https:\\\/\\\/www.fcbarcelonanoticias.com\\\/en\\\/football\\\/transfers\\\/poll-which-center-back-should-leave-araujo-or-christensen_313463_102.html\"},\"wordCount\":325,\"image\":{\"@id\":\"https:\\\/\\\/www.fcbarcelonanoticias.com\\\/en\\\/football\\\/transfers\\\/poll-which-center-back-should-leave-araujo-or-christensen_313463_102.html#primaryimage\"},\"thumbnailUrl\":\"https:\\\/\\\/www.fcbarcelonanoticias.com\\\/en\\\/wp-content\\\/uploads\\\/sites\\\/2\\\/2026\\\/03\\\/ronald-araujo-andreas-christensen-fc-barcelona.webp\",\"keywords\":[\"Christensen\",\"Hansi Flick\",\"Ronald Araujo\",\"Ronald Araujo\",\"Transfer Rumors\"],\"articleSection\":[\"Transfers\",\"Transfers\"],\"inLanguage\":\"en-US\"},{\"@type\":\"WebPage\",\"@id\":\"https:\\\/\\\/www.fcbarcelonanoticias.com\\\/en\\\/football\\\/transfers\\\/poll-which-center-back-should-leave-araujo-or-christensen_313463_102.html\",\"url\":\"https:\\\/\\\/www.fcbarcelonanoticias.com\\\/en\\\/football\\\/transfers\\\/poll-which-center-back-should-leave-araujo-or-christensen_313463_102.html\",\"name\":\"POLL: Which center-back should leave: Araujo or Christensen?\",\"isPartOf\":{\"@id\":\"https:\\\/\\\/www.fcbarcelonanoticias.com\\\/en\\\/#website\"},\"primaryImageOfPage\":{\"@id\":\"https:\\\/\\\/www.fcbarcelonanoticias.com\\\/en\\\/football\\\/transfers\\\/poll-which-center-back-should-leave-araujo-or-christensen_313463_102.html#primaryimage\"},\"image\":{\"@id\":\"https:\\\/\\\/www.fcbarcelonanoticias.com\\\/en\\\/football\\\/transfers\\\/poll-which-center-back-should-leave-araujo-or-christensen_313463_102.html#primaryimage\"},\"thumbnailUrl\":\"https:\\\/\\\/www.fcbarcelonanoticias.com\\\/en\\\/wp-content\\\/uploads\\\/sites\\\/2\\\/2026\\\/03\\\/ronald-araujo-andreas-christensen-fc-barcelona.webp\",\"datePublished\":\"2025-07-10T00:44:00+00:00\",\"dateModified\":\"2026-04-16T07:47:28+00:00\",\"author\":{\"@id\":\"https:\\\/\\\/www.fcbarcelonanoticias.com\\\/en\\\/#\\\/schema\\\/person\\\/c2cd9f6fa1af5c0d0eccd0fefa575c88\"},\"description\":\"Bar\u00e7a currently has 5 center-backs in its squad. Barring any surprises, Christensen and Araujo are the options identified as potentially transferable\",\"breadcrumb\":{\"@id\":\"https:\\\/\\\/www.fcbarcelonanoticias.com\\\/en\\\/football\\\/transfers\\\/poll-which-center-back-should-leave-araujo-or-christensen_313463_102.html#breadcrumb\"},\"inLanguage\":\"en-US\",\"potentialAction\":[{\"@type\":\"ReadAction\",\"target\":[\"https:\\\/\\\/www.fcbarcelonanoticias.com\\\/en\\\/football\\\/transfers\\\/poll-which-center-back-should-leave-araujo-or-christensen_313463_102.html\"]}]},{\"@type\":\"ImageObject\",\"inLanguage\":\"en-US\",\"@id\":\"https:\\\/\\\/www.fcbarcelonanoticias.com\\\/en\\\/football\\\/transfers\\\/poll-which-center-back-should-leave-araujo-or-christensen_313463_102.html#primaryimage\",\"url\":\"https:\\\/\\\/www.fcbarcelonanoticias.com\\\/en\\\/wp-content\\\/uploads\\\/sites\\\/2\\\/2026\\\/03\\\/ronald-araujo-andreas-christensen-fc-barcelona.webp\",\"contentUrl\":\"https:\\\/\\\/www.fcbarcelonanoticias.com\\\/en\\\/wp-content\\\/uploads\\\/sites\\\/2\\\/2026\\\/03\\\/ronald-araujo-andreas-christensen-fc-barcelona.webp\",\"width\":1200,\"height\":675},{\"@type\":\"BreadcrumbList\",\"@id\":\"https:\\\/\\\/www.fcbarcelonanoticias.com\\\/en\\\/football\\\/transfers\\\/poll-which-center-back-should-leave-araujo-or-christensen_313463_102.html#breadcrumb\",\"itemListElement\":[{\"@type\":\"ListItem\",\"position\":1,\"name\":\"Portada\",\"item\":\"https:\\\/\\\/www.fcbarcelonanoticias.com\\\/en\\\/\"},{\"@type\":\"ListItem\",\"position\":2,\"name\":\"POLL: Which center-back should Bar\u00e7a sell: Araujo or Christensen?\"}]},{\"@type\":\"WebSite\",\"@id\":\"https:\\\/\\\/www.fcbarcelonanoticias.com\\\/en\\\/#website\",\"url\":\"https:\\\/\\\/www.fcbarcelonanoticias.com\\\/en\\\/\",\"name\":\"EN - FC Barcelona Noticias\",\"description\":\"\",\"potentialAction\":[{\"@type\":\"SearchAction\",\"target\":{\"@type\":\"EntryPoint\",\"urlTemplate\":\"https:\\\/\\\/www.fcbarcelonanoticias.com\\\/en\\\/?s={search_term_string}\"},\"query-input\":{\"@type\":\"PropertyValueSpecification\",\"valueRequired\":true,\"valueName\":\"search_term_string\"}}],\"inLanguage\":\"en-US\"},{\"@type\":\"Person\",\"@id\":\"https:\\\/\\\/www.fcbarcelonanoticias.com\\\/en\\\/#\\\/schema\\\/person\\\/c2cd9f6fa1af5c0d0eccd0fefa575c88\",\"name\":\"Andr\u00e9s Quiroz\",\"image\":{\"@type\":\"ImageObject\",\"inLanguage\":\"en-US\",\"@id\":\"https:\\\/\\\/secure.gravatar.com\\\/avatar\\\/?s=96&d=mm&r=g\",\"url\":\"https:\\\/\\\/secure.gravatar.com\\\/avatar\\\/?s=96&d=mm&r=g\",\"contentUrl\":\"https:\\\/\\\/secure.gravatar.com\\\/avatar\\\/?s=96&d=mm&r=g\",\"caption\":\"Andr\u00e9s Quiroz\"},\"description\":\"Licenciado en Periodismo por la Universidad de los Andes. Me encargo de analizar y compartir los contenidos m\u00e1s destacados de la\u00a0actualidad del F\u00fatbol Club Barcelona, Mercado de Fichajes y F\u00fatbol Internacional en FCBN. La informaci\u00f3n es poder, pero tambi\u00e9n conocimiento.\",\"url\":\"https:\\\/\\\/www.fcbarcelonanoticias.com\\\/en\\\/fc-barcelona\\\/andres-quiroz_17_115.html\"}]}<\/script>\n<!-- \/ Yoast SEO plugin. -->","yoast_head_json":{"title":"POLL: Which center-back should leave: Araujo or Christensen?","description":"Bar\u00e7a currently has 5 center-backs in its squad. Barring any surprises, Christensen and Araujo are the options identified as potentially transferable","robots":{"index":"index","follow":"follow","max-snippet":"max-snippet:-1","max-image-preview":"max-image-preview:large","max-video-preview":"max-video-preview:-1"},"canonical":"https:\/\/www.fcbarcelonanoticias.com\/en\/football\/transfers\/poll-which-center-back-should-leave-araujo-or-christensen_313463_102.html","og_locale":"en_US","og_type":"article","og_title":"POLL: Which center-back should leave: Araujo or Christensen?","og_description":"Bar\u00e7a currently has 5 center-backs in its squad. Barring any surprises, Christensen and Araujo are the options identified as potentially transferable","og_url":"https:\/\/www.fcbarcelonanoticias.com\/en\/football\/transfers\/poll-which-center-back-should-leave-araujo-or-christensen_313463_102.html","og_site_name":"EN - FC Barcelona Noticias","article_published_time":"2025-07-10T00:44:00+00:00","article_modified_time":"2026-04-16T07:47:28+00:00","og_image":[{"width":1200,"height":675,"url":"https:\/\/www.fcbarcelonanoticias.com\/en\/wp-content\/uploads\/sites\/2\/2026\/03\/ronald-araujo-andreas-christensen-fc-barcelona.webp","type":"image\/webp"}],"author":"Andr\u00e9s Quiroz","twitter_card":"summary_large_image","twitter_misc":{"Written by":"Andr\u00e9s Quiroz","Est. reading time":"2 minutes"},"schema":{"@context":"https:\/\/schema.org","@graph":[{"@type":"Article","@id":"https:\/\/www.fcbarcelonanoticias.com\/en\/football\/transfers\/poll-which-center-back-should-leave-araujo-or-christensen_313463_102.html#article","isPartOf":{"@id":"https:\/\/www.fcbarcelonanoticias.com\/en\/football\/transfers\/poll-which-center-back-should-leave-araujo-or-christensen_313463_102.html"},"author":{"name":"Andr\u00e9s Quiroz","@id":"https:\/\/www.fcbarcelonanoticias.com\/en\/#\/schema\/person\/c2cd9f6fa1af5c0d0eccd0fefa575c88"},"headline":"POLL: Which center-back should Bar\u00e7a sell: Araujo or Christensen?","datePublished":"2025-07-10T00:44:00+00:00","dateModified":"2026-04-16T07:47:28+00:00","mainEntityOfPage":{"@id":"https:\/\/www.fcbarcelonanoticias.com\/en\/football\/transfers\/poll-which-center-back-should-leave-araujo-or-christensen_313463_102.html"},"wordCount":325,"image":{"@id":"https:\/\/www.fcbarcelonanoticias.com\/en\/football\/transfers\/poll-which-center-back-should-leave-araujo-or-christensen_313463_102.html#primaryimage"},"thumbnailUrl":"https:\/\/www.fcbarcelonanoticias.com\/en\/wp-content\/uploads\/sites\/2\/2026\/03\/ronald-araujo-andreas-christensen-fc-barcelona.webp","keywords":["Christensen","Hansi Flick","Ronald Araujo","Ronald Araujo","Transfer Rumors"],"articleSection":["Transfers","Transfers"],"inLanguage":"en-US"},{"@type":"WebPage","@id":"https:\/\/www.fcbarcelonanoticias.com\/en\/football\/transfers\/poll-which-center-back-should-leave-araujo-or-christensen_313463_102.html","url":"https:\/\/www.fcbarcelonanoticias.com\/en\/football\/transfers\/poll-which-center-back-should-leave-araujo-or-christensen_313463_102.html","name":"POLL: Which center-back should leave: Araujo or Christensen?","isPartOf":{"@id":"https:\/\/www.fcbarcelonanoticias.com\/en\/#website"},"primaryImageOfPage":{"@id":"https:\/\/www.fcbarcelonanoticias.com\/en\/football\/transfers\/poll-which-center-back-should-leave-araujo-or-christensen_313463_102.html#primaryimage"},"image":{"@id":"https:\/\/www.fcbarcelonanoticias.com\/en\/football\/transfers\/poll-which-center-back-should-leave-araujo-or-christensen_313463_102.html#primaryimage"},"thumbnailUrl":"https:\/\/www.fcbarcelonanoticias.com\/en\/wp-content\/uploads\/sites\/2\/2026\/03\/ronald-araujo-andreas-christensen-fc-barcelona.webp","datePublished":"2025-07-10T00:44:00+00:00","dateModified":"2026-04-16T07:47:28+00:00","author":{"@id":"https:\/\/www.fcbarcelonanoticias.com\/en\/#\/schema\/person\/c2cd9f6fa1af5c0d0eccd0fefa575c88"},"description":"Bar\u00e7a currently has 5 center-backs in its squad. Barring any surprises, Christensen and Araujo are the options identified as potentially transferable","breadcrumb":{"@id":"https:\/\/www.fcbarcelonanoticias.com\/en\/football\/transfers\/poll-which-center-back-should-leave-araujo-or-christensen_313463_102.html#breadcrumb"},"inLanguage":"en-US","potentialAction":[{"@type":"ReadAction","target":["https:\/\/www.fcbarcelonanoticias.com\/en\/football\/transfers\/poll-which-center-back-should-leave-araujo-or-christensen_313463_102.html"]}]},{"@type":"ImageObject","inLanguage":"en-US","@id":"https:\/\/www.fcbarcelonanoticias.com\/en\/football\/transfers\/poll-which-center-back-should-leave-araujo-or-christensen_313463_102.html#primaryimage","url":"https:\/\/www.fcbarcelonanoticias.com\/en\/wp-content\/uploads\/sites\/2\/2026\/03\/ronald-araujo-andreas-christensen-fc-barcelona.webp","contentUrl":"https:\/\/www.fcbarcelonanoticias.com\/en\/wp-content\/uploads\/sites\/2\/2026\/03\/ronald-araujo-andreas-christensen-fc-barcelona.webp","width":1200,"height":675},{"@type":"BreadcrumbList","@id":"https:\/\/www.fcbarcelonanoticias.com\/en\/football\/transfers\/poll-which-center-back-should-leave-araujo-or-christensen_313463_102.html#breadcrumb","itemListElement":[{"@type":"ListItem","position":1,"name":"Portada","item":"https:\/\/www.fcbarcelonanoticias.com\/en\/"},{"@type":"ListItem","position":2,"name":"POLL: Which center-back should Bar\u00e7a sell: Araujo or Christensen?"}]},{"@type":"WebSite","@id":"https:\/\/www.fcbarcelonanoticias.com\/en\/#website","url":"https:\/\/www.fcbarcelonanoticias.com\/en\/","name":"EN - FC Barcelona Noticias","description":"","potentialAction":[{"@type":"SearchAction","target":{"@type":"EntryPoint","urlTemplate":"https:\/\/www.fcbarcelonanoticias.com\/en\/?s={search_term_string}"},"query-input":{"@type":"PropertyValueSpecification","valueRequired":true,"valueName":"search_term_string"}}],"inLanguage":"en-US"},{"@type":"Person","@id":"https:\/\/www.fcbarcelonanoticias.com\/en\/#\/schema\/person\/c2cd9f6fa1af5c0d0eccd0fefa575c88","name":"Andr\u00e9s Quiroz","image":{"@type":"ImageObject","inLanguage":"en-US","@id":"https:\/\/secure.gravatar.com\/avatar\/?s=96&d=mm&r=g","url":"https:\/\/secure.gravatar.com\/avatar\/?s=96&d=mm&r=g","contentUrl":"https:\/\/secure.gravatar.com\/avatar\/?s=96&d=mm&r=g","caption":"Andr\u00e9s Quiroz"},"description":"Licenciado en Periodismo por la Universidad de los Andes. Me encargo de analizar y compartir los contenidos m\u00e1s destacados de la\u00a0actualidad del F\u00fatbol Club Barcelona, Mercado de Fichajes y F\u00fatbol Internacional en FCBN. La informaci\u00f3n es poder, pero tambi\u00e9n conocimiento.","url":"https:\/\/www.fcbarcelonanoticias.com\/en\/fc-barcelona\/andres-quiroz_17_115.html"}]}},"_links":{"self":[{"href":"https:\/\/www.fcbarcelonanoticias.com\/en\/wp-json\/wp\/v2\/posts\/42421","targetHints":{"allow":["GET"]}}],"collection":[{"href":"https:\/\/www.fcbarcelonanoticias.com\/en\/wp-json\/wp\/v2\/posts"}],"about":[{"href":"https:\/\/www.fcbarcelonanoticias.com\/en\/wp-json\/wp\/v2\/types\/post"}],"author":[{"embeddable":true,"href":"https:\/\/www.fcbarcelonanoticias.com\/en\/wp-json\/wp\/v2\/users\/347"}],"replies":[{"embeddable":true,"href":"https:\/\/www.fcbarcelonanoticias.com\/en\/wp-json\/wp\/v2\/comments?post=42421"}],"version-history":[{"count":6,"href":"https:\/\/www.fcbarcelonanoticias.com\/en\/wp-json\/wp\/v2\/posts\/42421\/revisions"}],"predecessor-version":[{"id":180226,"href":"https:\/\/www.fcbarcelonanoticias.com\/en\/wp-json\/wp\/v2\/posts\/42421\/revisions\/180226"}],"wp:featuredmedia":[{"embeddable":true,"href":"https:\/\/www.fcbarcelonanoticias.com\/en\/wp-json\/wp\/v2\/media\/14067"}],"wp:attachment":[{"href":"https:\/\/www.fcbarcelonanoticias.com\/en\/wp-json\/wp\/v2\/media?parent=42421"}],"wp:term":[{"taxonomy":"category","embeddable":true,"href":"https:\/\/www.fcbarcelonanoticias.com\/en\/wp-json\/wp\/v2\/categories?post=42421"},{"taxonomy":"post_tag","embeddable":true,"href":"https:\/\/www.fcbarcelonanoticias.com\/en\/wp-json\/wp\/v2\/tags?post=42421"}],"curies":[{"name":"wp","href":"https:\/\/api.w.org\/{rel}","templated":true}]}}