{"id":42598,"date":"2024-10-30T18:50:00","date_gmt":"2024-10-30T17:50:00","guid":{"rendered":"https:\/\/weisetech.dev\/fc-barcelona-noticias\/en\/viral-gavi-message-about-ballon-gold-fiasco-vinicius_308287_102\/"},"modified":"2026-04-16T09:40:09","modified_gmt":"2026-04-16T07:40:09","slug":"viral-gavi-message-about-ballon-gold-fiasco-vinicius_308287_102","status":"publish","type":"post","link":"https:\/\/www.fcbarcelonanoticias.com\/en\/football\/viral-gavi-message-about-ballon-gold-fiasco-vinicius_308287_102.html","title":{"rendered":"Gavi&#8217;s viral message about the Ballon d&#8217;Or and the Vinicius fiasco"},"content":{"rendered":"<h2 class=\"wp-block-heading\">Pablo P\u00e1ez Gavira, Gavi, lit up social networks again with two publications related to the Ballon d&#8217;Or that fuel his Saturday clash with Vinicius Jr.<\/h2>  \r\n<div class=\"article-addons\">\r\n    <a href=\"https:\/\/www.fcbarcelonanoticias.com\/en\/calendar-fc-barcelona.html\"\r\n       target=\"_self\"\r\n       title=\"Calendar of FC Barcelona\"\r\n       class=\"blue-gredient-btn\">\r\n       \r\n        Calendar of FC Barcelona    <\/a>\r\n<\/div>   <p>The long-awaited message from Pablo P\u00e1ez Gavira, Gavi, about the results of the Ballon d&#8217;Or gala did not disappoint his followers on social networks. <strong>The FC Barcelona midfielder shared through Instagram stories his congratulatory messages to Lamine Yamal and Rodrigo Hern\u00e1ndez<\/strong>, both awarded during the &#8216;France Football&#8217; gala.<\/p>  <p><strong>&#8220;More than deserved brother,&#8221; wrote the Andalusian to congratulate Lamine for winning the Kopa Trophy<\/strong> for the best youth player in the world. The &#8216;6&#8217; shared a nice illustration in which he and Yamal appear next to Pedri, each one posing with the award that both Gavi and the Tenerife native won in 2021 and 2022, respectively.<\/p>  <blockquote class=\"twitter-tweet\"> <p dir=\"ltr\" lang=\"in\">\ud83c\udfc6 2021 Kopa Trophy: Pedri<br> \ud83c\udfc6 2022 Kopa Trophy: Gavi<br> \ud83c\udfc6 2024 Kopa Trophy: Lamine Yamal<br><br> Barcelona keep on producing \ud83d\udc8e <a href=\"https:\/\/t.co\/en\/nOdxZplmEO\">pic.twitter.com\/nodxzplmeo<\/a><\/p> \u2014 Everythingfootballn (@Everythingfoo) <a href=\"https:\/\/twitter.com\/en\/Everythingfoo\/status\/1851560436111421725?ref_src=twsrc%5Etfw\">October 30, 2024<\/a> <\/blockquote> <p>For his part, the one from Los Palacios and Villafranca also congratulated Rodri for winning the Ballon d&#8217;Or, an award that only one Spanish footballer in history had won (Luis Su\u00e1rez Miramontes, in 1960). <strong>&#8220;Congratulations friend, well deserved!&#8221; wrote the Bar\u00e7a midfielder to his teammate on the Spanish national team.<\/strong><\/p>  <blockquote class=\"twitter-tweet\"> <p dir=\"ltr\" lang=\"ca\">Gavi congratulates Rodri! \ud83d\udc4f [IG] <a href=\"https:\/\/t.co\/en\/TdJypiHf1B\">pic.twitter.com\/tdjypihf1b<\/a><\/p> \u2014 City Report (@cityreport_) <a href=\"https:\/\/twitter.com\/en\/cityreport_\/status\/1851048258849665417?ref_src=twsrc%5Etfw\">October 28, 2024<\/a> <\/blockquote> <div class=\"cke-element cke-element--102\"><section class=\"c-related-article\"><figure class=\"c-image__fig\"><a href=\"https:\/\/www.fcbarcelonanoticias.com\/laliga\/pique-gavi-vinicius-encendio-tramo-final-clasico_308196_102.html\" title=\"Gavi celebrates a Bar\u00e7a goal and Vinicius complains to him\" class=\"c-image__imglink\"><picture><img decoding=\"async\" src=\"https:\/\/www.fcbarcelonanoticias.com\/wp-content\/uploads\/sites\/2\/2024\/10\/fcbn-94b7de67d01ecffd64c252e265811d90.jpeg\" alt=\"Gavi celebrates a Bar\u00e7a goal and Vinicius complains to him\" title=\"Gavi celebrates a Bar\u00e7a goal and Vinicius complains to him\" class=\"c-image__img\" width=\"1250\" height=\"730\" loading=\"lazy\"><\/picture><\/a>     <\/figure><div class=\"c-related-article__wrapper\">         <p class=\"c-related-article__avantitle\">Related<\/p>         <h4 class=\"c-related-article__title\">             <a href=\"https:\/\/www.fcbarcelonanoticias.com\/laliga\/pique-gavi-vinicius-encendio-tramo-final-clasico_308196_102.html\" title=\"The attack by Gavi and Vinicius that lit up the final stretch of the Classic\" class=\"c-related-article__link\">                 The attack by Gavi and Vinicius that lit up the final stretch of the Classic             <\/a>         <\/h4>     <\/div> <\/section><\/div>  <p>Gavi&#8217;s messages come after his controversy with Vinicius Jr. during the Classic. The Andalusian had a spicy exchange with the &#8216;7&#8217; in which the Bar\u00e7a player pointed out the four for the goals scored by Bar\u00e7a, while the Brazilian brought out his Champions titles and added a phrase that ended up being the stuff of memes .<strong> &#8220;I&#8217;m going for the Ballon d&#8217;Or,&#8221; Vini concluded.<\/strong> Well, the one from Rio de Janeiro was left empty-handed, causing Real Madrid to reject &#8216;France Football&#8217;.<\/p>  <h3>Eric Garc\u00eda also went viral on the networks &#8216;thanks&#8217; to Vinicius<\/h3>  <p>Another who went viral in the last few hours &#8216;thanks&#8217; to Vinicius and his frustration over the Ballon d&#8217;Or was Eric Garc\u00eda. Thousands of users on Twitter, Instagram and TikTok have shared a video of the Cl\u00e1sico played at the Bernab\u00e9u in April 2022 which, curiously, also ended with a crushing 0-4 in favor of Bar\u00e7a where <strong>the cul\u00e9 defender launched a premonitory phrase.<\/strong><\/p>  <blockquote class=\"twitter-tweet\"> <p dir=\"ltr\" lang=\"en\">\ud83d\udd19 Eric Garc\u00eda to Vinicius:<br><br> &#8220;Hey, you! Ballon D&#8217;or for you next season! Ballon D&#8217;or right?&#8221; <a href=\"https:\/\/t.co\/en\/BjV6Z8fK9D\">pic.twitter.com\/bjv6z8fk9d<\/a><\/p> \u2014 \ud835\uddd6\ud835\ude02\ud835\uddf9\ud835\uddf2\ud835\uddff\ud835\ude00\ud835\uddf4\ud835\uddff\ud835\uddee\ud835\ude00\ud835\ude00\ud835\uddff\ud835\uddfc\ud835\uddfc\ud835\ude01 (@culersgrasroot_) <a href=\"https:\/\/twitter.com\/en\/culersgrasroot_\/status\/1851222598547308933?ref_src=twsrc%5Etfw\">October 29, 2024<\/a> <\/blockquote> <p><strong>&#8220;You, next year Ballon d&#8217;Or. Ballon d&#8217;Or,&#8221; Eric told Vini after the dispute over a ball. <\/strong>Two and a half years after that phrase, Madrid&#8217;s &#8216;7&#8217; continues dreaming of the &#8216;France Football&#8217; award, which this year was a balm for Bar\u00e7a&#8217;s win in the Cl\u00e1sico on Saturday and, in the end, ended up being a fiasco of time not only for the Flamengo youth squad, but for all of Madrid fans.<\/p> ","protected":false},"excerpt":{"rendered":"<p>Pablo P\u00e1ez Gavira, Gavi, lit up social networks again with two publications related to the Ballon d&#8217;Or that fuel his Saturday clash with Vinicius Jr. The long-awaited message from Pablo P\u00e1ez Gavira, Gavi, about the results of the Ballon d&#8217;Or gala did not disappoint his followers on social networks. The FC Barcelona midfielder shared through [&hellip;]<\/p>\n","protected":false},"author":347,"featured_media":42600,"comment_status":"closed","ping_status":"open","sticky":false,"template":"","format":"standard","meta":{"_acf_changed":false,"inline_featured_image":false,"_nextfly_llmd_date_locked":false,"footnotes":""},"categories":[452,109],"tags":[153,53,46,175],"class_list":["post-42598","post","type-post","status-publish","format-standard","has-post-thumbnail","hentry","category-football-2","category-football","tag-ballon-or","tag-el-clasico","tag-fc-barcelona-vs-real-madrid","tag-viral"],"acf":[],"yoast_head":"<!-- This site is optimized with the Yoast SEO plugin v27.3 - https:\/\/yoast.com\/product\/yoast-seo-wordpress\/ -->\n<title>Gavi&#039;s viral message about the Ballon d&#039;Or and the Vinicius fiasco<\/title>\n<meta name=\"description\" content=\"Pablo P\u00e1ez Gavira, Gavi, lit up social networks again with two publications related to the Ballon d&#039;Or that fuel his Saturday clash with Vinicius Jr.\" \/>\n<meta name=\"robots\" content=\"index, follow, max-snippet:-1, max-image-preview:large, max-video-preview:-1\" \/>\n<link rel=\"canonical\" href=\"https:\/\/www.fcbarcelonanoticias.com\/en\/football\/viral-gavi-message-about-ballon-gold-fiasco-vinicius_308287_102.html\" \/>\n<meta property=\"og:locale\" content=\"en_US\" \/>\n<meta property=\"og:type\" content=\"article\" \/>\n<meta property=\"og:title\" content=\"Gavi&#039;s viral message about the Ballon d&#039;Or and the Vinicius fiasco\" \/>\n<meta property=\"og:description\" content=\"Pablo P\u00e1ez Gavira, Gavi, lit up social networks again with two publications related to the Ballon d&#039;Or that fuel his Saturday clash with Vinicius Jr.\" \/>\n<meta property=\"og:url\" content=\"https:\/\/www.fcbarcelonanoticias.com\/en\/football\/viral-gavi-message-about-ballon-gold-fiasco-vinicius_308287_102.html\" \/>\n<meta property=\"og:site_name\" content=\"EN - FC Barcelona Noticias\" \/>\n<meta property=\"article:published_time\" content=\"2024-10-30T17:50:00+00:00\" \/>\n<meta property=\"article:modified_time\" content=\"2026-04-16T07:40:09+00:00\" \/>\n<meta property=\"og:image\" content=\"https:\/\/www.fcbarcelonanoticias.com\/en\/wp-content\/uploads\/sites\/2\/2024\/10\/gavi-v-vinicius-clasico.jpeg\" \/>\n\t<meta property=\"og:image:width\" content=\"1250\" \/>\n\t<meta property=\"og:image:height\" content=\"730\" \/>\n\t<meta property=\"og:image:type\" content=\"image\/jpeg\" \/>\n<meta name=\"author\" content=\"Andr\u00e9s Quiroz\" \/>\n<meta name=\"twitter:card\" content=\"summary_large_image\" \/>\n<meta name=\"twitter:label1\" content=\"Written by\" \/>\n\t<meta name=\"twitter:data1\" content=\"Andr\u00e9s Quiroz\" \/>\n\t<meta name=\"twitter:label2\" content=\"Est. reading time\" \/>\n\t<meta name=\"twitter:data2\" content=\"2 minutes\" \/>\n<script type=\"application\/ld+json\" class=\"yoast-schema-graph\">{\"@context\":\"https:\\\/\\\/schema.org\",\"@graph\":[{\"@type\":\"Article\",\"@id\":\"https:\\\/\\\/www.fcbarcelonanoticias.com\\\/en\\\/football\\\/viral-gavi-message-about-ballon-gold-fiasco-vinicius_308287_102.html#article\",\"isPartOf\":{\"@id\":\"https:\\\/\\\/www.fcbarcelonanoticias.com\\\/en\\\/football\\\/viral-gavi-message-about-ballon-gold-fiasco-vinicius_308287_102.html\"},\"author\":{\"name\":\"Andr\u00e9s Quiroz\",\"@id\":\"https:\\\/\\\/www.fcbarcelonanoticias.com\\\/en\\\/#\\\/schema\\\/person\\\/c2cd9f6fa1af5c0d0eccd0fefa575c88\"},\"headline\":\"Gavi&#8217;s viral message about the Ballon d&#8217;Or and the Vinicius fiasco\",\"datePublished\":\"2024-10-30T17:50:00+00:00\",\"dateModified\":\"2026-04-16T07:40:09+00:00\",\"mainEntityOfPage\":{\"@id\":\"https:\\\/\\\/www.fcbarcelonanoticias.com\\\/en\\\/football\\\/viral-gavi-message-about-ballon-gold-fiasco-vinicius_308287_102.html\"},\"wordCount\":515,\"image\":{\"@id\":\"https:\\\/\\\/www.fcbarcelonanoticias.com\\\/en\\\/football\\\/viral-gavi-message-about-ballon-gold-fiasco-vinicius_308287_102.html#primaryimage\"},\"thumbnailUrl\":\"https:\\\/\\\/www.fcbarcelonanoticias.com\\\/en\\\/wp-content\\\/uploads\\\/sites\\\/2\\\/2024\\\/10\\\/gavi-v-vinicius-clasico.jpeg\",\"keywords\":[\"Ballon d'Or\",\"El Cl\u00e1sico\",\"FC Barcelona vs Real Madrid\",\"Viral\"],\"articleSection\":[\"Football\",\"Football\"],\"inLanguage\":\"en-US\"},{\"@type\":\"WebPage\",\"@id\":\"https:\\\/\\\/www.fcbarcelonanoticias.com\\\/en\\\/football\\\/viral-gavi-message-about-ballon-gold-fiasco-vinicius_308287_102.html\",\"url\":\"https:\\\/\\\/www.fcbarcelonanoticias.com\\\/en\\\/football\\\/viral-gavi-message-about-ballon-gold-fiasco-vinicius_308287_102.html\",\"name\":\"Gavi's viral message about the Ballon d'Or and the Vinicius fiasco\",\"isPartOf\":{\"@id\":\"https:\\\/\\\/www.fcbarcelonanoticias.com\\\/en\\\/#website\"},\"primaryImageOfPage\":{\"@id\":\"https:\\\/\\\/www.fcbarcelonanoticias.com\\\/en\\\/football\\\/viral-gavi-message-about-ballon-gold-fiasco-vinicius_308287_102.html#primaryimage\"},\"image\":{\"@id\":\"https:\\\/\\\/www.fcbarcelonanoticias.com\\\/en\\\/football\\\/viral-gavi-message-about-ballon-gold-fiasco-vinicius_308287_102.html#primaryimage\"},\"thumbnailUrl\":\"https:\\\/\\\/www.fcbarcelonanoticias.com\\\/en\\\/wp-content\\\/uploads\\\/sites\\\/2\\\/2024\\\/10\\\/gavi-v-vinicius-clasico.jpeg\",\"datePublished\":\"2024-10-30T17:50:00+00:00\",\"dateModified\":\"2026-04-16T07:40:09+00:00\",\"author\":{\"@id\":\"https:\\\/\\\/www.fcbarcelonanoticias.com\\\/en\\\/#\\\/schema\\\/person\\\/c2cd9f6fa1af5c0d0eccd0fefa575c88\"},\"description\":\"Pablo P\u00e1ez Gavira, Gavi, lit up social networks again with two publications related to the Ballon d'Or that fuel his Saturday clash with Vinicius Jr.\",\"breadcrumb\":{\"@id\":\"https:\\\/\\\/www.fcbarcelonanoticias.com\\\/en\\\/football\\\/viral-gavi-message-about-ballon-gold-fiasco-vinicius_308287_102.html#breadcrumb\"},\"inLanguage\":\"en-US\",\"potentialAction\":[{\"@type\":\"ReadAction\",\"target\":[\"https:\\\/\\\/www.fcbarcelonanoticias.com\\\/en\\\/football\\\/viral-gavi-message-about-ballon-gold-fiasco-vinicius_308287_102.html\"]}]},{\"@type\":\"ImageObject\",\"inLanguage\":\"en-US\",\"@id\":\"https:\\\/\\\/www.fcbarcelonanoticias.com\\\/en\\\/football\\\/viral-gavi-message-about-ballon-gold-fiasco-vinicius_308287_102.html#primaryimage\",\"url\":\"https:\\\/\\\/www.fcbarcelonanoticias.com\\\/en\\\/wp-content\\\/uploads\\\/sites\\\/2\\\/2024\\\/10\\\/gavi-v-vinicius-clasico.jpeg\",\"contentUrl\":\"https:\\\/\\\/www.fcbarcelonanoticias.com\\\/en\\\/wp-content\\\/uploads\\\/sites\\\/2\\\/2024\\\/10\\\/gavi-v-vinicius-clasico.jpeg\",\"width\":1250,\"height\":730},{\"@type\":\"BreadcrumbList\",\"@id\":\"https:\\\/\\\/www.fcbarcelonanoticias.com\\\/en\\\/football\\\/viral-gavi-message-about-ballon-gold-fiasco-vinicius_308287_102.html#breadcrumb\",\"itemListElement\":[{\"@type\":\"ListItem\",\"position\":1,\"name\":\"Portada\",\"item\":\"https:\\\/\\\/www.fcbarcelonanoticias.com\\\/en\\\/\"},{\"@type\":\"ListItem\",\"position\":2,\"name\":\"Gavi&#8217;s viral message about the Ballon d&#8217;Or and the Vinicius fiasco\"}]},{\"@type\":\"WebSite\",\"@id\":\"https:\\\/\\\/www.fcbarcelonanoticias.com\\\/en\\\/#website\",\"url\":\"https:\\\/\\\/www.fcbarcelonanoticias.com\\\/en\\\/\",\"name\":\"EN - FC Barcelona Noticias\",\"description\":\"\",\"potentialAction\":[{\"@type\":\"SearchAction\",\"target\":{\"@type\":\"EntryPoint\",\"urlTemplate\":\"https:\\\/\\\/www.fcbarcelonanoticias.com\\\/en\\\/?s={search_term_string}\"},\"query-input\":{\"@type\":\"PropertyValueSpecification\",\"valueRequired\":true,\"valueName\":\"search_term_string\"}}],\"inLanguage\":\"en-US\"},{\"@type\":\"Person\",\"@id\":\"https:\\\/\\\/www.fcbarcelonanoticias.com\\\/en\\\/#\\\/schema\\\/person\\\/c2cd9f6fa1af5c0d0eccd0fefa575c88\",\"name\":\"Andr\u00e9s Quiroz\",\"image\":{\"@type\":\"ImageObject\",\"inLanguage\":\"en-US\",\"@id\":\"https:\\\/\\\/secure.gravatar.com\\\/avatar\\\/?s=96&d=mm&r=g\",\"url\":\"https:\\\/\\\/secure.gravatar.com\\\/avatar\\\/?s=96&d=mm&r=g\",\"contentUrl\":\"https:\\\/\\\/secure.gravatar.com\\\/avatar\\\/?s=96&d=mm&r=g\",\"caption\":\"Andr\u00e9s Quiroz\"},\"description\":\"Licenciado en Periodismo por la Universidad de los Andes. Me encargo de analizar y compartir los contenidos m\u00e1s destacados de la\u00a0actualidad del F\u00fatbol Club Barcelona, Mercado de Fichajes y F\u00fatbol Internacional en FCBN. La informaci\u00f3n es poder, pero tambi\u00e9n conocimiento.\",\"url\":\"https:\\\/\\\/www.fcbarcelonanoticias.com\\\/en\\\/fc-barcelona\\\/andres-quiroz_17_115.html\"}]}<\/script>\n<!-- \/ Yoast SEO plugin. -->","yoast_head_json":{"title":"Gavi's viral message about the Ballon d'Or and the Vinicius fiasco","description":"Pablo P\u00e1ez Gavira, Gavi, lit up social networks again with two publications related to the Ballon d'Or that fuel his Saturday clash with Vinicius Jr.","robots":{"index":"index","follow":"follow","max-snippet":"max-snippet:-1","max-image-preview":"max-image-preview:large","max-video-preview":"max-video-preview:-1"},"canonical":"https:\/\/www.fcbarcelonanoticias.com\/en\/football\/viral-gavi-message-about-ballon-gold-fiasco-vinicius_308287_102.html","og_locale":"en_US","og_type":"article","og_title":"Gavi's viral message about the Ballon d'Or and the Vinicius fiasco","og_description":"Pablo P\u00e1ez Gavira, Gavi, lit up social networks again with two publications related to the Ballon d'Or that fuel his Saturday clash with Vinicius Jr.","og_url":"https:\/\/www.fcbarcelonanoticias.com\/en\/football\/viral-gavi-message-about-ballon-gold-fiasco-vinicius_308287_102.html","og_site_name":"EN - FC Barcelona Noticias","article_published_time":"2024-10-30T17:50:00+00:00","article_modified_time":"2026-04-16T07:40:09+00:00","og_image":[{"width":1250,"height":730,"url":"https:\/\/www.fcbarcelonanoticias.com\/en\/wp-content\/uploads\/sites\/2\/2024\/10\/gavi-v-vinicius-clasico.jpeg","type":"image\/jpeg"}],"author":"Andr\u00e9s Quiroz","twitter_card":"summary_large_image","twitter_misc":{"Written by":"Andr\u00e9s Quiroz","Est. reading time":"2 minutes"},"schema":{"@context":"https:\/\/schema.org","@graph":[{"@type":"Article","@id":"https:\/\/www.fcbarcelonanoticias.com\/en\/football\/viral-gavi-message-about-ballon-gold-fiasco-vinicius_308287_102.html#article","isPartOf":{"@id":"https:\/\/www.fcbarcelonanoticias.com\/en\/football\/viral-gavi-message-about-ballon-gold-fiasco-vinicius_308287_102.html"},"author":{"name":"Andr\u00e9s Quiroz","@id":"https:\/\/www.fcbarcelonanoticias.com\/en\/#\/schema\/person\/c2cd9f6fa1af5c0d0eccd0fefa575c88"},"headline":"Gavi&#8217;s viral message about the Ballon d&#8217;Or and the Vinicius fiasco","datePublished":"2024-10-30T17:50:00+00:00","dateModified":"2026-04-16T07:40:09+00:00","mainEntityOfPage":{"@id":"https:\/\/www.fcbarcelonanoticias.com\/en\/football\/viral-gavi-message-about-ballon-gold-fiasco-vinicius_308287_102.html"},"wordCount":515,"image":{"@id":"https:\/\/www.fcbarcelonanoticias.com\/en\/football\/viral-gavi-message-about-ballon-gold-fiasco-vinicius_308287_102.html#primaryimage"},"thumbnailUrl":"https:\/\/www.fcbarcelonanoticias.com\/en\/wp-content\/uploads\/sites\/2\/2024\/10\/gavi-v-vinicius-clasico.jpeg","keywords":["Ballon d'Or","El Cl\u00e1sico","FC Barcelona vs Real Madrid","Viral"],"articleSection":["Football","Football"],"inLanguage":"en-US"},{"@type":"WebPage","@id":"https:\/\/www.fcbarcelonanoticias.com\/en\/football\/viral-gavi-message-about-ballon-gold-fiasco-vinicius_308287_102.html","url":"https:\/\/www.fcbarcelonanoticias.com\/en\/football\/viral-gavi-message-about-ballon-gold-fiasco-vinicius_308287_102.html","name":"Gavi's viral message about the Ballon d'Or and the Vinicius fiasco","isPartOf":{"@id":"https:\/\/www.fcbarcelonanoticias.com\/en\/#website"},"primaryImageOfPage":{"@id":"https:\/\/www.fcbarcelonanoticias.com\/en\/football\/viral-gavi-message-about-ballon-gold-fiasco-vinicius_308287_102.html#primaryimage"},"image":{"@id":"https:\/\/www.fcbarcelonanoticias.com\/en\/football\/viral-gavi-message-about-ballon-gold-fiasco-vinicius_308287_102.html#primaryimage"},"thumbnailUrl":"https:\/\/www.fcbarcelonanoticias.com\/en\/wp-content\/uploads\/sites\/2\/2024\/10\/gavi-v-vinicius-clasico.jpeg","datePublished":"2024-10-30T17:50:00+00:00","dateModified":"2026-04-16T07:40:09+00:00","author":{"@id":"https:\/\/www.fcbarcelonanoticias.com\/en\/#\/schema\/person\/c2cd9f6fa1af5c0d0eccd0fefa575c88"},"description":"Pablo P\u00e1ez Gavira, Gavi, lit up social networks again with two publications related to the Ballon d'Or that fuel his Saturday clash with Vinicius Jr.","breadcrumb":{"@id":"https:\/\/www.fcbarcelonanoticias.com\/en\/football\/viral-gavi-message-about-ballon-gold-fiasco-vinicius_308287_102.html#breadcrumb"},"inLanguage":"en-US","potentialAction":[{"@type":"ReadAction","target":["https:\/\/www.fcbarcelonanoticias.com\/en\/football\/viral-gavi-message-about-ballon-gold-fiasco-vinicius_308287_102.html"]}]},{"@type":"ImageObject","inLanguage":"en-US","@id":"https:\/\/www.fcbarcelonanoticias.com\/en\/football\/viral-gavi-message-about-ballon-gold-fiasco-vinicius_308287_102.html#primaryimage","url":"https:\/\/www.fcbarcelonanoticias.com\/en\/wp-content\/uploads\/sites\/2\/2024\/10\/gavi-v-vinicius-clasico.jpeg","contentUrl":"https:\/\/www.fcbarcelonanoticias.com\/en\/wp-content\/uploads\/sites\/2\/2024\/10\/gavi-v-vinicius-clasico.jpeg","width":1250,"height":730},{"@type":"BreadcrumbList","@id":"https:\/\/www.fcbarcelonanoticias.com\/en\/football\/viral-gavi-message-about-ballon-gold-fiasco-vinicius_308287_102.html#breadcrumb","itemListElement":[{"@type":"ListItem","position":1,"name":"Portada","item":"https:\/\/www.fcbarcelonanoticias.com\/en\/"},{"@type":"ListItem","position":2,"name":"Gavi&#8217;s viral message about the Ballon d&#8217;Or and the Vinicius fiasco"}]},{"@type":"WebSite","@id":"https:\/\/www.fcbarcelonanoticias.com\/en\/#website","url":"https:\/\/www.fcbarcelonanoticias.com\/en\/","name":"EN - FC Barcelona Noticias","description":"","potentialAction":[{"@type":"SearchAction","target":{"@type":"EntryPoint","urlTemplate":"https:\/\/www.fcbarcelonanoticias.com\/en\/?s={search_term_string}"},"query-input":{"@type":"PropertyValueSpecification","valueRequired":true,"valueName":"search_term_string"}}],"inLanguage":"en-US"},{"@type":"Person","@id":"https:\/\/www.fcbarcelonanoticias.com\/en\/#\/schema\/person\/c2cd9f6fa1af5c0d0eccd0fefa575c88","name":"Andr\u00e9s Quiroz","image":{"@type":"ImageObject","inLanguage":"en-US","@id":"https:\/\/secure.gravatar.com\/avatar\/?s=96&d=mm&r=g","url":"https:\/\/secure.gravatar.com\/avatar\/?s=96&d=mm&r=g","contentUrl":"https:\/\/secure.gravatar.com\/avatar\/?s=96&d=mm&r=g","caption":"Andr\u00e9s Quiroz"},"description":"Licenciado en Periodismo por la Universidad de los Andes. Me encargo de analizar y compartir los contenidos m\u00e1s destacados de la\u00a0actualidad del F\u00fatbol Club Barcelona, Mercado de Fichajes y F\u00fatbol Internacional en FCBN. La informaci\u00f3n es poder, pero tambi\u00e9n conocimiento.","url":"https:\/\/www.fcbarcelonanoticias.com\/en\/fc-barcelona\/andres-quiroz_17_115.html"}]}},"_links":{"self":[{"href":"https:\/\/www.fcbarcelonanoticias.com\/en\/wp-json\/wp\/v2\/posts\/42598","targetHints":{"allow":["GET"]}}],"collection":[{"href":"https:\/\/www.fcbarcelonanoticias.com\/en\/wp-json\/wp\/v2\/posts"}],"about":[{"href":"https:\/\/www.fcbarcelonanoticias.com\/en\/wp-json\/wp\/v2\/types\/post"}],"author":[{"embeddable":true,"href":"https:\/\/www.fcbarcelonanoticias.com\/en\/wp-json\/wp\/v2\/users\/347"}],"replies":[{"embeddable":true,"href":"https:\/\/www.fcbarcelonanoticias.com\/en\/wp-json\/wp\/v2\/comments?post=42598"}],"version-history":[{"count":3,"href":"https:\/\/www.fcbarcelonanoticias.com\/en\/wp-json\/wp\/v2\/posts\/42598\/revisions"}],"predecessor-version":[{"id":178216,"href":"https:\/\/www.fcbarcelonanoticias.com\/en\/wp-json\/wp\/v2\/posts\/42598\/revisions\/178216"}],"wp:featuredmedia":[{"embeddable":true,"href":"https:\/\/www.fcbarcelonanoticias.com\/en\/wp-json\/wp\/v2\/media\/42600"}],"wp:attachment":[{"href":"https:\/\/www.fcbarcelonanoticias.com\/en\/wp-json\/wp\/v2\/media?parent=42598"}],"wp:term":[{"taxonomy":"category","embeddable":true,"href":"https:\/\/www.fcbarcelonanoticias.com\/en\/wp-json\/wp\/v2\/categories?post=42598"},{"taxonomy":"post_tag","embeddable":true,"href":"https:\/\/www.fcbarcelonanoticias.com\/en\/wp-json\/wp\/v2\/tags?post=42598"}],"curies":[{"name":"wp","href":"https:\/\/api.w.org\/{rel}","templated":true}]}}