{"id":43119,"date":"2023-02-04T18:29:00","date_gmt":"2023-02-04T17:29:00","guid":{"rendered":"https:\/\/weisetech.dev\/fc-barcelona-noticias\/en\/aubameyang-on-chelsea-exit-ramp-after-being-ruled-out-of-champions-league_289302_102\/"},"modified":"2023-02-04T18:29:00","modified_gmt":"2023-02-04T17:29:00","slug":"aubameyang-on-chelsea-exit-ramp-after-being-ruled-out-of-champions-league_289302_102","status":"publish","type":"post","link":"https:\/\/www.fcbarcelonanoticias.com\/en\/international-football\/aubameyang-on-chelsea-exit-ramp-after-being-ruled-out-of-champions-league_289302_102.html","title":{"rendered":"Aubameyang, on the Chelsea exit ramp after being ruled out of the Champions League"},"content":{"rendered":"<h2 class=\"wp-block-heading\">Pierre-Emerick Aubameyang&#8217;s days are numbered at Chelsea. Graham Potter&#8217;s men took him off the list for the Champions League before the arrivals of Joao F\u00e9lix and Enzo Fern\u00e1ndez, so the Gabonese knows that he will have to look for a team in summer<\/h2>  \r\n<div class=\"article-addons\">\r\n    <a href=\"https:\/\/www.fcbarcelonanoticias.com\/en\/calendar-fc-barcelona.html\"\r\n       target=\"_self\"\r\n       title=\"Calendar of FC Barcelona\"\r\n       class=\"blue-gredient-btn\">\r\n       \r\n        Calendar of FC Barcelona    <\/a>\r\n<\/div>   <p>The bad fortune has pursued to Pierre-Emerick Aubameyang in the last months. After a summer convulso in which some asaltantes ingresaron to his residence in Barcelona, the forward was transferred to Chelsea on the end of the market in front of the economic urgencies of the Bar\u00e7a. <strong>The cul\u00e9s invoiceed 12 &#8216;kilos&#8217; by his traspaso and the gabon\u00e9s reencontraba with Thomas Tuchel in Stamford Bridge<\/strong>, but the German technician as soon as it sustained some weeks in the charge.<\/p>  <p>From the arrival of Graham Potter, <strong>the ex captain of the Arsenal only has seen action in 782 minutes (3 goals and 1 assistance in 18 parties) <\/strong>and, after the impressive wintry market &#8216;blue&#8217;, the gabon\u00e9s was excluded of the list of available players to contest the eighth of final of the Champions League (against the Borussia Dortmund). The same English trainer has recognised the misfortune of the forward, but no descarta his continuity.<\/p>  <p>&#8220;<strong>It is an unlucky situation, but Aubameyang will litigate by a gap during the rest of the season&#8221;<\/strong>, said Potter after doing official that Joao F\u00e9lix, Mijailo Mudryk and Enzo Fern\u00e1ndez ingresaban to the list of the club to contest the League of Champions. &#8216;Auba&#8217; Already contemplated the possibility to return to the Bar\u00e7a in January, but the normative FIFA prevented his return this course to the city condal. Neither it could give a pass to the Athletic of Madrid, since the &#8216;colchoneros&#8217; bet by Depay.<\/p>  <p>However, in summer the history could be different. Neither the club neither the player wanted to separate in September of the past year, but <strong>the urgencies of the group blaugrana with the mass salarial forced the exit of the gabon\u00e9s in front of the refusal of Memphis Depay to leave to Italy<\/strong>. With agreement until June of 2024, the one of Laval knows that it does not have place in Stamford Bridge for the 2023\/24 and would be loved to go back to Barcelona, as long as Xavi Hern\u00e1ndez give the &#8216;OK&#8217; to the operation.<\/p>  <h3>The second disappointment of Aubameyang in London<\/h3>  <p>The player of 33 years was separated of the Arsenal in December of 2021 after a misunderstanding with Mikel Arteta for returning late of an announcement with his country. <strong>Still being captain and one of the maxima goleadores in the history of the &#8216;gunners&#8217;, the gabon\u00e9s went out with letter of freedom in January for fichar by <a data-external=\"0\" data-intl-links-en=\"https:\/\/www.fcbarcelonanoticias.com\/en\/fc-barcelona\/the-seville-loads-against-the-barca-for-preventing-the-entry-to-his-fans_289299_102.html\" data-intl-links-es=\"https:\/\/www.fcbarcelonanoticias.com\/fc-barcelona\/sevilla-carga-contra-barca-por-impedir-ingreso-su-aficion_289299_102.html\" href=\"https:\/\/www.fcbarcelonanoticias.com\/en\/fc-barcelona\/the-seville-loads-against-the-barca-for-preventing-the-entry-to-his-fans_289299_102.html\" rel=\"follow\" target=\"_self\" title=\"El Sevilla carga contra el Bar\u00e7a por impedir el ingreso a su afici\u00f3n\">the Bar\u00e7a<\/a><\/strong>. Now, it repeats his bad fortune in the English capital, this time in front of a wild market of the group &#8216;blue&#8217;.<\/p>  <p><strong>&#8220;In shock and disappointed&#8221;<\/strong>, ensured &#8216;Telegraph&#8217; felt &#8216;Auba&#8217; after remaining out of the Champions. The arrivals of Joao, Mudryk and Badiashile leave him without place for the maximum continental tournament and his apparitions in the rest of the season will see reduced to residual minutes in the Premier. <strong>&#8220;Pierre has not done at all badly, there is not problem&#8221;<\/strong>, added Potter on his situation. Nevertheless, the reality is the one who is. Aubameyang Has to go out of Chelsea what before.<\/p> ","protected":false},"excerpt":{"rendered":"<p>Pierre-Emerick Aubameyang&#8217;s days are numbered at Chelsea. Graham Potter&#8217;s men took him off the list for the Champions League before the arrivals of Joao F\u00e9lix and Enzo Fern\u00e1ndez, so the Gabonese knows that he will have to look for a team in summer The bad fortune has pursued to Pierre-Emerick Aubameyang in the last months. [&hellip;]<\/p>\n","protected":false},"author":347,"featured_media":43120,"comment_status":"closed","ping_status":"open","sticky":false,"template":"","format":"standard","meta":{"_acf_changed":false,"inline_featured_image":false,"_nextfly_llmd_date_locked":false,"footnotes":""},"categories":[453,107],"tags":[230,161],"class_list":["post-43119","post","type-post","status-publish","format-standard","has-post-thumbnail","hentry","category-players-2","category-players","tag-aubameyang","tag-chelsea"],"acf":[],"yoast_head":"<!-- This site is optimized with the Yoast SEO plugin v27.3 - https:\/\/yoast.com\/product\/yoast-seo-wordpress\/ -->\n<title>Aubameyang, on the Chelsea exit ramp after being ruled out of the Champions League<\/title>\n<meta name=\"description\" content=\"Pierre-Emerick Aubameyang&#039;s days are numbered at Chelsea. Graham Potter&#039;s men took him off the list for the Champions League before the arrivals of Joao F\u00e9lix and Enzo Fern\u00e1ndez, so the Gabonese knows that he will have to look for a team in summer\" \/>\n<meta name=\"robots\" content=\"index, follow, max-snippet:-1, max-image-preview:large, max-video-preview:-1\" \/>\n<link rel=\"canonical\" href=\"https:\/\/www.fcbarcelonanoticias.com\/en\/international-football\/aubameyang-on-chelsea-exit-ramp-after-being-ruled-out-of-champions-league_289302_102.html\" \/>\n<meta property=\"og:locale\" content=\"en_US\" \/>\n<meta property=\"og:type\" content=\"article\" \/>\n<meta property=\"og:title\" content=\"Aubameyang, on the Chelsea exit ramp after being ruled out of the Champions League\" \/>\n<meta property=\"og:description\" content=\"Pierre-Emerick Aubameyang&#039;s days are numbered at Chelsea. Graham Potter&#039;s men took him off the list for the Champions League before the arrivals of Joao F\u00e9lix and Enzo Fern\u00e1ndez, so the Gabonese knows that he will have to look for a team in summer\" \/>\n<meta property=\"og:url\" content=\"https:\/\/www.fcbarcelonanoticias.com\/en\/international-football\/aubameyang-on-chelsea-exit-ramp-after-being-ruled-out-of-champions-league_289302_102.html\" \/>\n<meta property=\"og:site_name\" content=\"EN - FC Barcelona Noticias\" \/>\n<meta property=\"article:published_time\" content=\"2023-02-04T17:29:00+00:00\" \/>\n<meta property=\"og:image\" content=\"https:\/\/www.fcbarcelonanoticias.com\/en\/wp-content\/uploads\/sites\/2\/2023\/02\/chelsea-fc-v-arsenal-fc-premier-league-1.jpeg\" \/>\n\t<meta property=\"og:image:width\" content=\"1200\" \/>\n\t<meta property=\"og:image:height\" content=\"704\" \/>\n\t<meta property=\"og:image:type\" content=\"image\/jpeg\" \/>\n<meta name=\"author\" content=\"Andr\u00e9s Quiroz\" \/>\n<meta name=\"twitter:card\" content=\"summary_large_image\" \/>\n<meta name=\"twitter:label1\" content=\"Written by\" \/>\n\t<meta name=\"twitter:data1\" content=\"Andr\u00e9s Quiroz\" \/>\n\t<meta name=\"twitter:label2\" content=\"Est. reading time\" \/>\n\t<meta name=\"twitter:data2\" content=\"3 minutes\" \/>\n<script type=\"application\/ld+json\" class=\"yoast-schema-graph\">{\"@context\":\"https:\\\/\\\/schema.org\",\"@graph\":[{\"@type\":\"Article\",\"@id\":\"https:\\\/\\\/www.fcbarcelonanoticias.com\\\/en\\\/international-football\\\/aubameyang-on-chelsea-exit-ramp-after-being-ruled-out-of-champions-league_289302_102.html#article\",\"isPartOf\":{\"@id\":\"https:\\\/\\\/www.fcbarcelonanoticias.com\\\/en\\\/international-football\\\/aubameyang-on-chelsea-exit-ramp-after-being-ruled-out-of-champions-league_289302_102.html\"},\"author\":{\"name\":\"Andr\u00e9s Quiroz\",\"@id\":\"https:\\\/\\\/www.fcbarcelonanoticias.com\\\/en\\\/#\\\/schema\\\/person\\\/c2cd9f6fa1af5c0d0eccd0fefa575c88\"},\"headline\":\"Aubameyang, on the Chelsea exit ramp after being ruled out of the Champions League\",\"datePublished\":\"2023-02-04T17:29:00+00:00\",\"mainEntityOfPage\":{\"@id\":\"https:\\\/\\\/www.fcbarcelonanoticias.com\\\/en\\\/international-football\\\/aubameyang-on-chelsea-exit-ramp-after-being-ruled-out-of-champions-league_289302_102.html\"},\"wordCount\":566,\"image\":{\"@id\":\"https:\\\/\\\/www.fcbarcelonanoticias.com\\\/en\\\/international-football\\\/aubameyang-on-chelsea-exit-ramp-after-being-ruled-out-of-champions-league_289302_102.html#primaryimage\"},\"thumbnailUrl\":\"https:\\\/\\\/www.fcbarcelonanoticias.com\\\/en\\\/wp-content\\\/uploads\\\/sites\\\/2\\\/2023\\\/02\\\/chelsea-fc-v-arsenal-fc-premier-league-1.jpeg\",\"keywords\":[\"Aubameyang\",\"Chelsea\"],\"articleSection\":[\"Players\",\"Players\"],\"inLanguage\":\"en-US\"},{\"@type\":\"WebPage\",\"@id\":\"https:\\\/\\\/www.fcbarcelonanoticias.com\\\/en\\\/international-football\\\/aubameyang-on-chelsea-exit-ramp-after-being-ruled-out-of-champions-league_289302_102.html\",\"url\":\"https:\\\/\\\/www.fcbarcelonanoticias.com\\\/en\\\/international-football\\\/aubameyang-on-chelsea-exit-ramp-after-being-ruled-out-of-champions-league_289302_102.html\",\"name\":\"Aubameyang, on the Chelsea exit ramp after being ruled out of the Champions League\",\"isPartOf\":{\"@id\":\"https:\\\/\\\/www.fcbarcelonanoticias.com\\\/en\\\/#website\"},\"primaryImageOfPage\":{\"@id\":\"https:\\\/\\\/www.fcbarcelonanoticias.com\\\/en\\\/international-football\\\/aubameyang-on-chelsea-exit-ramp-after-being-ruled-out-of-champions-league_289302_102.html#primaryimage\"},\"image\":{\"@id\":\"https:\\\/\\\/www.fcbarcelonanoticias.com\\\/en\\\/international-football\\\/aubameyang-on-chelsea-exit-ramp-after-being-ruled-out-of-champions-league_289302_102.html#primaryimage\"},\"thumbnailUrl\":\"https:\\\/\\\/www.fcbarcelonanoticias.com\\\/en\\\/wp-content\\\/uploads\\\/sites\\\/2\\\/2023\\\/02\\\/chelsea-fc-v-arsenal-fc-premier-league-1.jpeg\",\"datePublished\":\"2023-02-04T17:29:00+00:00\",\"author\":{\"@id\":\"https:\\\/\\\/www.fcbarcelonanoticias.com\\\/en\\\/#\\\/schema\\\/person\\\/c2cd9f6fa1af5c0d0eccd0fefa575c88\"},\"description\":\"Pierre-Emerick Aubameyang's days are numbered at Chelsea. Graham Potter's men took him off the list for the Champions League before the arrivals of Joao F\u00e9lix and Enzo Fern\u00e1ndez, so the Gabonese knows that he will have to look for a team in summer\",\"breadcrumb\":{\"@id\":\"https:\\\/\\\/www.fcbarcelonanoticias.com\\\/en\\\/international-football\\\/aubameyang-on-chelsea-exit-ramp-after-being-ruled-out-of-champions-league_289302_102.html#breadcrumb\"},\"inLanguage\":\"en-US\",\"potentialAction\":[{\"@type\":\"ReadAction\",\"target\":[\"https:\\\/\\\/www.fcbarcelonanoticias.com\\\/en\\\/international-football\\\/aubameyang-on-chelsea-exit-ramp-after-being-ruled-out-of-champions-league_289302_102.html\"]}]},{\"@type\":\"ImageObject\",\"inLanguage\":\"en-US\",\"@id\":\"https:\\\/\\\/www.fcbarcelonanoticias.com\\\/en\\\/international-football\\\/aubameyang-on-chelsea-exit-ramp-after-being-ruled-out-of-champions-league_289302_102.html#primaryimage\",\"url\":\"https:\\\/\\\/www.fcbarcelonanoticias.com\\\/en\\\/wp-content\\\/uploads\\\/sites\\\/2\\\/2023\\\/02\\\/chelsea-fc-v-arsenal-fc-premier-league-1.jpeg\",\"contentUrl\":\"https:\\\/\\\/www.fcbarcelonanoticias.com\\\/en\\\/wp-content\\\/uploads\\\/sites\\\/2\\\/2023\\\/02\\\/chelsea-fc-v-arsenal-fc-premier-league-1.jpeg\",\"width\":1200,\"height\":704},{\"@type\":\"BreadcrumbList\",\"@id\":\"https:\\\/\\\/www.fcbarcelonanoticias.com\\\/en\\\/international-football\\\/aubameyang-on-chelsea-exit-ramp-after-being-ruled-out-of-champions-league_289302_102.html#breadcrumb\",\"itemListElement\":[{\"@type\":\"ListItem\",\"position\":1,\"name\":\"Portada\",\"item\":\"https:\\\/\\\/www.fcbarcelonanoticias.com\\\/en\\\/\"},{\"@type\":\"ListItem\",\"position\":2,\"name\":\"Aubameyang, on the Chelsea exit ramp after being ruled out of the Champions League\"}]},{\"@type\":\"WebSite\",\"@id\":\"https:\\\/\\\/www.fcbarcelonanoticias.com\\\/en\\\/#website\",\"url\":\"https:\\\/\\\/www.fcbarcelonanoticias.com\\\/en\\\/\",\"name\":\"EN - FC Barcelona Noticias\",\"description\":\"\",\"potentialAction\":[{\"@type\":\"SearchAction\",\"target\":{\"@type\":\"EntryPoint\",\"urlTemplate\":\"https:\\\/\\\/www.fcbarcelonanoticias.com\\\/en\\\/?s={search_term_string}\"},\"query-input\":{\"@type\":\"PropertyValueSpecification\",\"valueRequired\":true,\"valueName\":\"search_term_string\"}}],\"inLanguage\":\"en-US\"},{\"@type\":\"Person\",\"@id\":\"https:\\\/\\\/www.fcbarcelonanoticias.com\\\/en\\\/#\\\/schema\\\/person\\\/c2cd9f6fa1af5c0d0eccd0fefa575c88\",\"name\":\"Andr\u00e9s Quiroz\",\"image\":{\"@type\":\"ImageObject\",\"inLanguage\":\"en-US\",\"@id\":\"https:\\\/\\\/secure.gravatar.com\\\/avatar\\\/?s=96&d=mm&r=g\",\"url\":\"https:\\\/\\\/secure.gravatar.com\\\/avatar\\\/?s=96&d=mm&r=g\",\"contentUrl\":\"https:\\\/\\\/secure.gravatar.com\\\/avatar\\\/?s=96&d=mm&r=g\",\"caption\":\"Andr\u00e9s Quiroz\"},\"description\":\"Licenciado en Periodismo por la Universidad de los Andes. Me encargo de analizar y compartir los contenidos m\u00e1s destacados de la\u00a0actualidad del F\u00fatbol Club Barcelona, Mercado de Fichajes y F\u00fatbol Internacional en FCBN. La informaci\u00f3n es poder, pero tambi\u00e9n conocimiento.\",\"url\":\"https:\\\/\\\/www.fcbarcelonanoticias.com\\\/en\\\/fc-barcelona\\\/andres-quiroz_17_115.html\"}]}<\/script>\n<!-- \/ Yoast SEO plugin. -->","yoast_head_json":{"title":"Aubameyang, on the Chelsea exit ramp after being ruled out of the Champions League","description":"Pierre-Emerick Aubameyang's days are numbered at Chelsea. Graham Potter's men took him off the list for the Champions League before the arrivals of Joao F\u00e9lix and Enzo Fern\u00e1ndez, so the Gabonese knows that he will have to look for a team in summer","robots":{"index":"index","follow":"follow","max-snippet":"max-snippet:-1","max-image-preview":"max-image-preview:large","max-video-preview":"max-video-preview:-1"},"canonical":"https:\/\/www.fcbarcelonanoticias.com\/en\/international-football\/aubameyang-on-chelsea-exit-ramp-after-being-ruled-out-of-champions-league_289302_102.html","og_locale":"en_US","og_type":"article","og_title":"Aubameyang, on the Chelsea exit ramp after being ruled out of the Champions League","og_description":"Pierre-Emerick Aubameyang's days are numbered at Chelsea. Graham Potter's men took him off the list for the Champions League before the arrivals of Joao F\u00e9lix and Enzo Fern\u00e1ndez, so the Gabonese knows that he will have to look for a team in summer","og_url":"https:\/\/www.fcbarcelonanoticias.com\/en\/international-football\/aubameyang-on-chelsea-exit-ramp-after-being-ruled-out-of-champions-league_289302_102.html","og_site_name":"EN - FC Barcelona Noticias","article_published_time":"2023-02-04T17:29:00+00:00","og_image":[{"width":1200,"height":704,"url":"https:\/\/www.fcbarcelonanoticias.com\/en\/wp-content\/uploads\/sites\/2\/2023\/02\/chelsea-fc-v-arsenal-fc-premier-league-1.jpeg","type":"image\/jpeg"}],"author":"Andr\u00e9s Quiroz","twitter_card":"summary_large_image","twitter_misc":{"Written by":"Andr\u00e9s Quiroz","Est. reading time":"3 minutes"},"schema":{"@context":"https:\/\/schema.org","@graph":[{"@type":"Article","@id":"https:\/\/www.fcbarcelonanoticias.com\/en\/international-football\/aubameyang-on-chelsea-exit-ramp-after-being-ruled-out-of-champions-league_289302_102.html#article","isPartOf":{"@id":"https:\/\/www.fcbarcelonanoticias.com\/en\/international-football\/aubameyang-on-chelsea-exit-ramp-after-being-ruled-out-of-champions-league_289302_102.html"},"author":{"name":"Andr\u00e9s Quiroz","@id":"https:\/\/www.fcbarcelonanoticias.com\/en\/#\/schema\/person\/c2cd9f6fa1af5c0d0eccd0fefa575c88"},"headline":"Aubameyang, on the Chelsea exit ramp after being ruled out of the Champions League","datePublished":"2023-02-04T17:29:00+00:00","mainEntityOfPage":{"@id":"https:\/\/www.fcbarcelonanoticias.com\/en\/international-football\/aubameyang-on-chelsea-exit-ramp-after-being-ruled-out-of-champions-league_289302_102.html"},"wordCount":566,"image":{"@id":"https:\/\/www.fcbarcelonanoticias.com\/en\/international-football\/aubameyang-on-chelsea-exit-ramp-after-being-ruled-out-of-champions-league_289302_102.html#primaryimage"},"thumbnailUrl":"https:\/\/www.fcbarcelonanoticias.com\/en\/wp-content\/uploads\/sites\/2\/2023\/02\/chelsea-fc-v-arsenal-fc-premier-league-1.jpeg","keywords":["Aubameyang","Chelsea"],"articleSection":["Players","Players"],"inLanguage":"en-US"},{"@type":"WebPage","@id":"https:\/\/www.fcbarcelonanoticias.com\/en\/international-football\/aubameyang-on-chelsea-exit-ramp-after-being-ruled-out-of-champions-league_289302_102.html","url":"https:\/\/www.fcbarcelonanoticias.com\/en\/international-football\/aubameyang-on-chelsea-exit-ramp-after-being-ruled-out-of-champions-league_289302_102.html","name":"Aubameyang, on the Chelsea exit ramp after being ruled out of the Champions League","isPartOf":{"@id":"https:\/\/www.fcbarcelonanoticias.com\/en\/#website"},"primaryImageOfPage":{"@id":"https:\/\/www.fcbarcelonanoticias.com\/en\/international-football\/aubameyang-on-chelsea-exit-ramp-after-being-ruled-out-of-champions-league_289302_102.html#primaryimage"},"image":{"@id":"https:\/\/www.fcbarcelonanoticias.com\/en\/international-football\/aubameyang-on-chelsea-exit-ramp-after-being-ruled-out-of-champions-league_289302_102.html#primaryimage"},"thumbnailUrl":"https:\/\/www.fcbarcelonanoticias.com\/en\/wp-content\/uploads\/sites\/2\/2023\/02\/chelsea-fc-v-arsenal-fc-premier-league-1.jpeg","datePublished":"2023-02-04T17:29:00+00:00","author":{"@id":"https:\/\/www.fcbarcelonanoticias.com\/en\/#\/schema\/person\/c2cd9f6fa1af5c0d0eccd0fefa575c88"},"description":"Pierre-Emerick Aubameyang's days are numbered at Chelsea. Graham Potter's men took him off the list for the Champions League before the arrivals of Joao F\u00e9lix and Enzo Fern\u00e1ndez, so the Gabonese knows that he will have to look for a team in summer","breadcrumb":{"@id":"https:\/\/www.fcbarcelonanoticias.com\/en\/international-football\/aubameyang-on-chelsea-exit-ramp-after-being-ruled-out-of-champions-league_289302_102.html#breadcrumb"},"inLanguage":"en-US","potentialAction":[{"@type":"ReadAction","target":["https:\/\/www.fcbarcelonanoticias.com\/en\/international-football\/aubameyang-on-chelsea-exit-ramp-after-being-ruled-out-of-champions-league_289302_102.html"]}]},{"@type":"ImageObject","inLanguage":"en-US","@id":"https:\/\/www.fcbarcelonanoticias.com\/en\/international-football\/aubameyang-on-chelsea-exit-ramp-after-being-ruled-out-of-champions-league_289302_102.html#primaryimage","url":"https:\/\/www.fcbarcelonanoticias.com\/en\/wp-content\/uploads\/sites\/2\/2023\/02\/chelsea-fc-v-arsenal-fc-premier-league-1.jpeg","contentUrl":"https:\/\/www.fcbarcelonanoticias.com\/en\/wp-content\/uploads\/sites\/2\/2023\/02\/chelsea-fc-v-arsenal-fc-premier-league-1.jpeg","width":1200,"height":704},{"@type":"BreadcrumbList","@id":"https:\/\/www.fcbarcelonanoticias.com\/en\/international-football\/aubameyang-on-chelsea-exit-ramp-after-being-ruled-out-of-champions-league_289302_102.html#breadcrumb","itemListElement":[{"@type":"ListItem","position":1,"name":"Portada","item":"https:\/\/www.fcbarcelonanoticias.com\/en\/"},{"@type":"ListItem","position":2,"name":"Aubameyang, on the Chelsea exit ramp after being ruled out of the Champions League"}]},{"@type":"WebSite","@id":"https:\/\/www.fcbarcelonanoticias.com\/en\/#website","url":"https:\/\/www.fcbarcelonanoticias.com\/en\/","name":"EN - FC Barcelona Noticias","description":"","potentialAction":[{"@type":"SearchAction","target":{"@type":"EntryPoint","urlTemplate":"https:\/\/www.fcbarcelonanoticias.com\/en\/?s={search_term_string}"},"query-input":{"@type":"PropertyValueSpecification","valueRequired":true,"valueName":"search_term_string"}}],"inLanguage":"en-US"},{"@type":"Person","@id":"https:\/\/www.fcbarcelonanoticias.com\/en\/#\/schema\/person\/c2cd9f6fa1af5c0d0eccd0fefa575c88","name":"Andr\u00e9s Quiroz","image":{"@type":"ImageObject","inLanguage":"en-US","@id":"https:\/\/secure.gravatar.com\/avatar\/?s=96&d=mm&r=g","url":"https:\/\/secure.gravatar.com\/avatar\/?s=96&d=mm&r=g","contentUrl":"https:\/\/secure.gravatar.com\/avatar\/?s=96&d=mm&r=g","caption":"Andr\u00e9s Quiroz"},"description":"Licenciado en Periodismo por la Universidad de los Andes. Me encargo de analizar y compartir los contenidos m\u00e1s destacados de la\u00a0actualidad del F\u00fatbol Club Barcelona, Mercado de Fichajes y F\u00fatbol Internacional en FCBN. La informaci\u00f3n es poder, pero tambi\u00e9n conocimiento.","url":"https:\/\/www.fcbarcelonanoticias.com\/en\/fc-barcelona\/andres-quiroz_17_115.html"}]}},"_links":{"self":[{"href":"https:\/\/www.fcbarcelonanoticias.com\/en\/wp-json\/wp\/v2\/posts\/43119","targetHints":{"allow":["GET"]}}],"collection":[{"href":"https:\/\/www.fcbarcelonanoticias.com\/en\/wp-json\/wp\/v2\/posts"}],"about":[{"href":"https:\/\/www.fcbarcelonanoticias.com\/en\/wp-json\/wp\/v2\/types\/post"}],"author":[{"embeddable":true,"href":"https:\/\/www.fcbarcelonanoticias.com\/en\/wp-json\/wp\/v2\/users\/347"}],"replies":[{"embeddable":true,"href":"https:\/\/www.fcbarcelonanoticias.com\/en\/wp-json\/wp\/v2\/comments?post=43119"}],"version-history":[{"count":1,"href":"https:\/\/www.fcbarcelonanoticias.com\/en\/wp-json\/wp\/v2\/posts\/43119\/revisions"}],"predecessor-version":[{"id":113436,"href":"https:\/\/www.fcbarcelonanoticias.com\/en\/wp-json\/wp\/v2\/posts\/43119\/revisions\/113436"}],"wp:featuredmedia":[{"embeddable":true,"href":"https:\/\/www.fcbarcelonanoticias.com\/en\/wp-json\/wp\/v2\/media\/43120"}],"wp:attachment":[{"href":"https:\/\/www.fcbarcelonanoticias.com\/en\/wp-json\/wp\/v2\/media?parent=43119"}],"wp:term":[{"taxonomy":"category","embeddable":true,"href":"https:\/\/www.fcbarcelonanoticias.com\/en\/wp-json\/wp\/v2\/categories?post=43119"},{"taxonomy":"post_tag","embeddable":true,"href":"https:\/\/www.fcbarcelonanoticias.com\/en\/wp-json\/wp\/v2\/tags?post=43119"}],"curies":[{"name":"wp","href":"https:\/\/api.w.org\/{rel}","templated":true}]}}