{"id":43237,"date":"2019-07-08T19:44:00","date_gmt":"2019-07-08T17:44:00","guid":{"rendered":"https:\/\/weisetech.dev\/fc-barcelona-noticias\/en\/bomb-the-psg-announces-in-a-communique-that-will-take-measured-against-neymar_226348_102\/"},"modified":"2019-07-08T19:53:00","modified_gmt":"2019-07-08T17:53:00","slug":"bomb-the-psg-announces-in-a-communique-that-will-take-measured-against-neymar_226348_102","status":"publish","type":"post","link":"https:\/\/www.fcbarcelonanoticias.com\/en\/international-football\/bomb-the-psg-announces-in-a-communique-that-will-take-measured-against-neymar_226348_102.html","title":{"rendered":"BOMB: The PSG announces in a communiqu\u00e9 that will take &#8220;measured&#8221; against Neymar"},"content":{"rendered":"<h2 class=\"wp-block-heading\">In case it had not remained clear the taut relation between Neymar\u00a0and Paris Saint-Germain, here goes the definite proof. The club has issued a communiqu\u00e9 in which it announces &#8220;measured&#8221; against the Brazilian for having been missing to the first train of pre-season<\/h2>  \r\n<div class=\"article-addons\">\r\n    <a href=\"https:\/\/www.fcbarcelonanoticias.com\/en\/calendar-fc-barcelona.html\"\r\n       target=\"_self\"\r\n       title=\"Calendar of FC Barcelona\"\r\n       class=\"blue-gredient-btn\">\r\n       \r\n        Calendar of FC Barcelona    <\/a>\r\n<\/div>   <p>In case it had not remained the sufficiently clear, the &#8216;Serial Neymar&#8217; has burst definitively. Although <strong>the Brazilian and&nbsp;Paris Saint-Germain already had  distanciado<\/strong> of way irreconciliable in the last months, the definite proof has arrived this Monday in the afternoon. The French club has declared to Neymar in rebeld\u00eda after not to have presented to the first training of the pre-season 2019, and <strong>has announced through a communiqu\u00e9 that will take &#8220;measured&#8221; against him<\/strong>.<\/p> <p>The Brazilian star had to return this Monday to Paris, but has  ausentado without permission of the club and this has caused the reaction of Paris Saint-Germain, that <strong>has not doubted in making public the communiqu\u00e9 against Neymar, far to try handle the situation of internal form<\/strong>. This could give a track that Nasser To the-Khelaifi already gives by stray to the Brazilian, without having not even eagerness for solving the things.<\/p> <p>The communiqu\u00e9 of Paris Saint-Germain says that <strong>Neymar Jr&nbsp;&#8220;did not present  to the hour and agreed place and without having been authorised by the club&#8221;<\/strong>, by what in the breast of the club regret &#8220;this situation&#8221; and announce that &#8220;they will take the suitable measures&#8221; against the player,<strong> whose possible signing by the Barcelona carries weeks is in mouth of all the world<\/strong>.<\/p> <p>The gesture of Neymar Jr, in any case, surprises taking into account that Josep Maria Bartomeu, the president of the FC Barcelona, already announced in his last appearance in front of the media that <a href=\"https:\/\/www.fcbarcelonanoticias.com\/fc-barcelona\/el-psg-no-quiere-que-neymar-se-vaya-asi-que-no-hay-caso_226254_102.html\"><strong>&#8220;there is not case&#8221; between Neymar and the Bar\u00e7a<\/strong><\/a>, since <strong>Paris Saint-Germain would not have the intention to leave escape to the Brazilian<\/strong>, in words of the own Bartomeu.<\/p> <h2>It interests or it does not interest Neymar to the Bar\u00e7a?<\/h2> <p><strong>It did not want to answer on the feasibility of the signing as long as the PSG agreed<\/strong>, and when they asked after him a comparative between Demb\u00e9l\u00e9 and Neymar, the president cul\u00e9 did not doubt in putting to the French above the ex Barcelona, leaving clear his full confidence in that <a href=\"https:\/\/www.fcbarcelonanoticias.com\/en\/fc-barcelona\/a-pesar-de-los-rumores-dembele-y-coutinho-se-podrian-terminar-quedando-en-el-barca_226258_102.html\"><strong>so much Demb\u00e9l\u00e9 like Coutinho will continue<\/strong><\/a> in the Bar\u00e7a the next season.<\/p> <p>If really it is like this, and having the arrival of Griezmann, Neymar Jr would not have place in the staff of the FC Barcelona. Unless, in the weeks to come, it produce  a radical twist in the planned plans of the Bar\u00e7a, and bet  by repescar to the Brazilian and give exit to Coutinho, to Demb\u00e9l\u00e9 or can even that to both footballers. <strong>For the moment, and until it close  the <a href=\"https:\/\/www.fcbarcelonanoticias.com\/en\/fc-barcelona\/fichajes.html\">market of signings<\/a>, everything will be in the air<\/strong>.<\/p> <blockquote class=\"twitter-tweet\" data-lang=\"es\"> <p lang=\"fr\" dir=\"ltr\">Communiqu\u00e9 du Club &#8211; Neymar Jr ?<\/p> \u2014 Paris Saint-Germain (@PSG_inside) <a href=\"https:\/\/twitter.com\/en\/PSG_inside\/status\/1148276351390158848?ref_src=twsrc%5Etfw\">8 July 2019<\/a> <\/blockquote> ","protected":false},"excerpt":{"rendered":"<p>In case it had not remained clear the taut relation between Neymar\u00a0and Paris Saint-Germain, here goes the definite proof. The club has issued a communiqu\u00e9 in which it announces &#8220;measured&#8221; against the Brazilian for having been missing to the first train of pre-season In case it had not remained the sufficiently clear, the &#8216;Serial Neymar&#8217; [&hellip;]<\/p>\n","protected":false},"author":366,"featured_media":43239,"comment_status":"closed","ping_status":"open","sticky":false,"template":"","format":"standard","meta":{"_acf_changed":false,"inline_featured_image":false,"_nextfly_llmd_date_locked":false,"footnotes":""},"categories":[1],"tags":[143,88],"class_list":["post-43237","post","type-post","status-publish","format-standard","has-post-thumbnail","hentry","category-sin-categoria","tag-neymar-jr","tag-paris-saint-germain"],"acf":[],"yoast_head":"<!-- This site is optimized with the Yoast SEO plugin v27.3 - https:\/\/yoast.com\/product\/yoast-seo-wordpress\/ -->\n<title>BOMB: The PSG announces &quot;measured&quot; against Neymar Jr in a communiqu\u00e9<\/title>\n<meta name=\"description\" content=\"In case it had not remained clear the taut relation between Neymar and Paris Saint-Germain, here goes the definite proof. The club has issued a...\" \/>\n<meta name=\"robots\" content=\"index, follow, max-snippet:-1, max-image-preview:large, max-video-preview:-1\" \/>\n<link rel=\"canonical\" href=\"https:\/\/www.fcbarcelonanoticias.com\/en\/international-football\/bomb-the-psg-announces-in-a-communique-that-will-take-measured-against-neymar_226348_102.html\" \/>\n<meta property=\"og:locale\" content=\"en_US\" \/>\n<meta property=\"og:type\" content=\"article\" \/>\n<meta property=\"og:title\" content=\"BOMB: The PSG announces &quot;measured&quot; against Neymar Jr in a communiqu\u00e9\" \/>\n<meta property=\"og:description\" content=\"In case it had not remained clear the taut relation between Neymar and Paris Saint-Germain, here goes the definite proof. The club has issued a...\" \/>\n<meta property=\"og:url\" content=\"https:\/\/www.fcbarcelonanoticias.com\/en\/international-football\/bomb-the-psg-announces-in-a-communique-that-will-take-measured-against-neymar_226348_102.html\" \/>\n<meta property=\"og:site_name\" content=\"EN - FC Barcelona Noticias\" \/>\n<meta property=\"article:published_time\" content=\"2019-07-08T17:44:00+00:00\" \/>\n<meta property=\"article:modified_time\" content=\"2019-07-08T17:53:00+00:00\" \/>\n<meta property=\"og:image\" content=\"https:\/\/www.fcbarcelonanoticias.com\/en\/wp-content\/uploads\/sites\/2\/2019\/07\/neymar-psg-entreno-296455.jpeg\" \/>\n\t<meta property=\"og:image:width\" content=\"761\" \/>\n\t<meta property=\"og:image:height\" content=\"428\" \/>\n\t<meta property=\"og:image:type\" content=\"image\/jpeg\" \/>\n<meta name=\"author\" content=\"Carlos Dom\u00ednguez\" \/>\n<meta name=\"twitter:card\" content=\"summary_large_image\" \/>\n<meta name=\"twitter:label1\" content=\"Written by\" \/>\n\t<meta name=\"twitter:data1\" content=\"Carlos Dom\u00ednguez\" \/>\n\t<meta name=\"twitter:label2\" content=\"Est. reading time\" \/>\n\t<meta name=\"twitter:data2\" content=\"2 minutes\" \/>\n<script type=\"application\/ld+json\" class=\"yoast-schema-graph\">{\"@context\":\"https:\\\/\\\/schema.org\",\"@graph\":[{\"@type\":\"Article\",\"@id\":\"https:\\\/\\\/www.fcbarcelonanoticias.com\\\/en\\\/international-football\\\/bomb-the-psg-announces-in-a-communique-that-will-take-measured-against-neymar_226348_102.html#article\",\"isPartOf\":{\"@id\":\"https:\\\/\\\/www.fcbarcelonanoticias.com\\\/en\\\/international-football\\\/bomb-the-psg-announces-in-a-communique-that-will-take-measured-against-neymar_226348_102.html\"},\"author\":{\"name\":\"Carlos Dom\u00ednguez\",\"@id\":\"https:\\\/\\\/www.fcbarcelonanoticias.com\\\/en\\\/#\\\/schema\\\/person\\\/888e29b17b79c70d1c617d8a7bc9b8c6\"},\"headline\":\"BOMB: The PSG announces in a communiqu\u00e9 that will take &#8220;measured&#8221; against Neymar\",\"datePublished\":\"2019-07-08T17:44:00+00:00\",\"dateModified\":\"2019-07-08T17:53:00+00:00\",\"mainEntityOfPage\":{\"@id\":\"https:\\\/\\\/www.fcbarcelonanoticias.com\\\/en\\\/international-football\\\/bomb-the-psg-announces-in-a-communique-that-will-take-measured-against-neymar_226348_102.html\"},\"wordCount\":508,\"image\":{\"@id\":\"https:\\\/\\\/www.fcbarcelonanoticias.com\\\/en\\\/international-football\\\/bomb-the-psg-announces-in-a-communique-that-will-take-measured-against-neymar_226348_102.html#primaryimage\"},\"thumbnailUrl\":\"https:\\\/\\\/www.fcbarcelonanoticias.com\\\/en\\\/wp-content\\\/uploads\\\/sites\\\/2\\\/2019\\\/07\\\/neymar-psg-entreno-296455.jpeg\",\"keywords\":[\"Neymar Jr\",\"Paris Saint-Germain\"],\"articleSection\":[\"Sin categor\u00eda\"],\"inLanguage\":\"en-US\"},{\"@type\":\"WebPage\",\"@id\":\"https:\\\/\\\/www.fcbarcelonanoticias.com\\\/en\\\/international-football\\\/bomb-the-psg-announces-in-a-communique-that-will-take-measured-against-neymar_226348_102.html\",\"url\":\"https:\\\/\\\/www.fcbarcelonanoticias.com\\\/en\\\/international-football\\\/bomb-the-psg-announces-in-a-communique-that-will-take-measured-against-neymar_226348_102.html\",\"name\":\"BOMB: The PSG announces \\\"measured\\\" against Neymar Jr in a communiqu\u00e9\",\"isPartOf\":{\"@id\":\"https:\\\/\\\/www.fcbarcelonanoticias.com\\\/en\\\/#website\"},\"primaryImageOfPage\":{\"@id\":\"https:\\\/\\\/www.fcbarcelonanoticias.com\\\/en\\\/international-football\\\/bomb-the-psg-announces-in-a-communique-that-will-take-measured-against-neymar_226348_102.html#primaryimage\"},\"image\":{\"@id\":\"https:\\\/\\\/www.fcbarcelonanoticias.com\\\/en\\\/international-football\\\/bomb-the-psg-announces-in-a-communique-that-will-take-measured-against-neymar_226348_102.html#primaryimage\"},\"thumbnailUrl\":\"https:\\\/\\\/www.fcbarcelonanoticias.com\\\/en\\\/wp-content\\\/uploads\\\/sites\\\/2\\\/2019\\\/07\\\/neymar-psg-entreno-296455.jpeg\",\"datePublished\":\"2019-07-08T17:44:00+00:00\",\"dateModified\":\"2019-07-08T17:53:00+00:00\",\"author\":{\"@id\":\"https:\\\/\\\/www.fcbarcelonanoticias.com\\\/en\\\/#\\\/schema\\\/person\\\/888e29b17b79c70d1c617d8a7bc9b8c6\"},\"description\":\"In case it had not remained clear the taut relation between Neymar and Paris Saint-Germain, here goes the definite proof. The club has issued a...\",\"breadcrumb\":{\"@id\":\"https:\\\/\\\/www.fcbarcelonanoticias.com\\\/en\\\/international-football\\\/bomb-the-psg-announces-in-a-communique-that-will-take-measured-against-neymar_226348_102.html#breadcrumb\"},\"inLanguage\":\"en-US\",\"potentialAction\":[{\"@type\":\"ReadAction\",\"target\":[\"https:\\\/\\\/www.fcbarcelonanoticias.com\\\/en\\\/international-football\\\/bomb-the-psg-announces-in-a-communique-that-will-take-measured-against-neymar_226348_102.html\"]}]},{\"@type\":\"ImageObject\",\"inLanguage\":\"en-US\",\"@id\":\"https:\\\/\\\/www.fcbarcelonanoticias.com\\\/en\\\/international-football\\\/bomb-the-psg-announces-in-a-communique-that-will-take-measured-against-neymar_226348_102.html#primaryimage\",\"url\":\"https:\\\/\\\/www.fcbarcelonanoticias.com\\\/en\\\/wp-content\\\/uploads\\\/sites\\\/2\\\/2019\\\/07\\\/neymar-psg-entreno-296455.jpeg\",\"contentUrl\":\"https:\\\/\\\/www.fcbarcelonanoticias.com\\\/en\\\/wp-content\\\/uploads\\\/sites\\\/2\\\/2019\\\/07\\\/neymar-psg-entreno-296455.jpeg\",\"width\":761,\"height\":428},{\"@type\":\"BreadcrumbList\",\"@id\":\"https:\\\/\\\/www.fcbarcelonanoticias.com\\\/en\\\/international-football\\\/bomb-the-psg-announces-in-a-communique-that-will-take-measured-against-neymar_226348_102.html#breadcrumb\",\"itemListElement\":[{\"@type\":\"ListItem\",\"position\":1,\"name\":\"Portada\",\"item\":\"https:\\\/\\\/www.fcbarcelonanoticias.com\\\/en\\\/\"},{\"@type\":\"ListItem\",\"position\":2,\"name\":\"BOMB: The PSG announces in a communiqu\u00e9 that will take &#8220;measured&#8221; against Neymar\"}]},{\"@type\":\"WebSite\",\"@id\":\"https:\\\/\\\/www.fcbarcelonanoticias.com\\\/en\\\/#website\",\"url\":\"https:\\\/\\\/www.fcbarcelonanoticias.com\\\/en\\\/\",\"name\":\"EN - FC Barcelona Noticias\",\"description\":\"\",\"potentialAction\":[{\"@type\":\"SearchAction\",\"target\":{\"@type\":\"EntryPoint\",\"urlTemplate\":\"https:\\\/\\\/www.fcbarcelonanoticias.com\\\/en\\\/?s={search_term_string}\"},\"query-input\":{\"@type\":\"PropertyValueSpecification\",\"valueRequired\":true,\"valueName\":\"search_term_string\"}}],\"inLanguage\":\"en-US\"},{\"@type\":\"Person\",\"@id\":\"https:\\\/\\\/www.fcbarcelonanoticias.com\\\/en\\\/#\\\/schema\\\/person\\\/888e29b17b79c70d1c617d8a7bc9b8c6\",\"name\":\"Carlos Dom\u00ednguez\",\"image\":{\"@type\":\"ImageObject\",\"inLanguage\":\"en-US\",\"@id\":\"https:\\\/\\\/secure.gravatar.com\\\/avatar\\\/?s=96&d=mm&r=g\",\"url\":\"https:\\\/\\\/secure.gravatar.com\\\/avatar\\\/?s=96&d=mm&r=g\",\"contentUrl\":\"https:\\\/\\\/secure.gravatar.com\\\/avatar\\\/?s=96&d=mm&r=g\",\"caption\":\"Carlos Dom\u00ednguez\"},\"url\":\"https:\\\/\\\/www.fcbarcelonanoticias.com\\\/en\\\/carlos-dominguez_2_115.html\"}]}<\/script>\n<!-- \/ Yoast SEO plugin. -->","yoast_head_json":{"title":"BOMB: The PSG announces \"measured\" against Neymar Jr in a communiqu\u00e9","description":"In case it had not remained clear the taut relation between Neymar and Paris Saint-Germain, here goes the definite proof. The club has issued a...","robots":{"index":"index","follow":"follow","max-snippet":"max-snippet:-1","max-image-preview":"max-image-preview:large","max-video-preview":"max-video-preview:-1"},"canonical":"https:\/\/www.fcbarcelonanoticias.com\/en\/international-football\/bomb-the-psg-announces-in-a-communique-that-will-take-measured-against-neymar_226348_102.html","og_locale":"en_US","og_type":"article","og_title":"BOMB: The PSG announces \"measured\" against Neymar Jr in a communiqu\u00e9","og_description":"In case it had not remained clear the taut relation between Neymar and Paris Saint-Germain, here goes the definite proof. The club has issued a...","og_url":"https:\/\/www.fcbarcelonanoticias.com\/en\/international-football\/bomb-the-psg-announces-in-a-communique-that-will-take-measured-against-neymar_226348_102.html","og_site_name":"EN - FC Barcelona Noticias","article_published_time":"2019-07-08T17:44:00+00:00","article_modified_time":"2019-07-08T17:53:00+00:00","og_image":[{"width":761,"height":428,"url":"https:\/\/www.fcbarcelonanoticias.com\/en\/wp-content\/uploads\/sites\/2\/2019\/07\/neymar-psg-entreno-296455.jpeg","type":"image\/jpeg"}],"author":"Carlos Dom\u00ednguez","twitter_card":"summary_large_image","twitter_misc":{"Written by":"Carlos Dom\u00ednguez","Est. reading time":"2 minutes"},"schema":{"@context":"https:\/\/schema.org","@graph":[{"@type":"Article","@id":"https:\/\/www.fcbarcelonanoticias.com\/en\/international-football\/bomb-the-psg-announces-in-a-communique-that-will-take-measured-against-neymar_226348_102.html#article","isPartOf":{"@id":"https:\/\/www.fcbarcelonanoticias.com\/en\/international-football\/bomb-the-psg-announces-in-a-communique-that-will-take-measured-against-neymar_226348_102.html"},"author":{"name":"Carlos Dom\u00ednguez","@id":"https:\/\/www.fcbarcelonanoticias.com\/en\/#\/schema\/person\/888e29b17b79c70d1c617d8a7bc9b8c6"},"headline":"BOMB: The PSG announces in a communiqu\u00e9 that will take &#8220;measured&#8221; against Neymar","datePublished":"2019-07-08T17:44:00+00:00","dateModified":"2019-07-08T17:53:00+00:00","mainEntityOfPage":{"@id":"https:\/\/www.fcbarcelonanoticias.com\/en\/international-football\/bomb-the-psg-announces-in-a-communique-that-will-take-measured-against-neymar_226348_102.html"},"wordCount":508,"image":{"@id":"https:\/\/www.fcbarcelonanoticias.com\/en\/international-football\/bomb-the-psg-announces-in-a-communique-that-will-take-measured-against-neymar_226348_102.html#primaryimage"},"thumbnailUrl":"https:\/\/www.fcbarcelonanoticias.com\/en\/wp-content\/uploads\/sites\/2\/2019\/07\/neymar-psg-entreno-296455.jpeg","keywords":["Neymar Jr","Paris Saint-Germain"],"articleSection":["Sin categor\u00eda"],"inLanguage":"en-US"},{"@type":"WebPage","@id":"https:\/\/www.fcbarcelonanoticias.com\/en\/international-football\/bomb-the-psg-announces-in-a-communique-that-will-take-measured-against-neymar_226348_102.html","url":"https:\/\/www.fcbarcelonanoticias.com\/en\/international-football\/bomb-the-psg-announces-in-a-communique-that-will-take-measured-against-neymar_226348_102.html","name":"BOMB: The PSG announces \"measured\" against Neymar Jr in a communiqu\u00e9","isPartOf":{"@id":"https:\/\/www.fcbarcelonanoticias.com\/en\/#website"},"primaryImageOfPage":{"@id":"https:\/\/www.fcbarcelonanoticias.com\/en\/international-football\/bomb-the-psg-announces-in-a-communique-that-will-take-measured-against-neymar_226348_102.html#primaryimage"},"image":{"@id":"https:\/\/www.fcbarcelonanoticias.com\/en\/international-football\/bomb-the-psg-announces-in-a-communique-that-will-take-measured-against-neymar_226348_102.html#primaryimage"},"thumbnailUrl":"https:\/\/www.fcbarcelonanoticias.com\/en\/wp-content\/uploads\/sites\/2\/2019\/07\/neymar-psg-entreno-296455.jpeg","datePublished":"2019-07-08T17:44:00+00:00","dateModified":"2019-07-08T17:53:00+00:00","author":{"@id":"https:\/\/www.fcbarcelonanoticias.com\/en\/#\/schema\/person\/888e29b17b79c70d1c617d8a7bc9b8c6"},"description":"In case it had not remained clear the taut relation between Neymar and Paris Saint-Germain, here goes the definite proof. The club has issued a...","breadcrumb":{"@id":"https:\/\/www.fcbarcelonanoticias.com\/en\/international-football\/bomb-the-psg-announces-in-a-communique-that-will-take-measured-against-neymar_226348_102.html#breadcrumb"},"inLanguage":"en-US","potentialAction":[{"@type":"ReadAction","target":["https:\/\/www.fcbarcelonanoticias.com\/en\/international-football\/bomb-the-psg-announces-in-a-communique-that-will-take-measured-against-neymar_226348_102.html"]}]},{"@type":"ImageObject","inLanguage":"en-US","@id":"https:\/\/www.fcbarcelonanoticias.com\/en\/international-football\/bomb-the-psg-announces-in-a-communique-that-will-take-measured-against-neymar_226348_102.html#primaryimage","url":"https:\/\/www.fcbarcelonanoticias.com\/en\/wp-content\/uploads\/sites\/2\/2019\/07\/neymar-psg-entreno-296455.jpeg","contentUrl":"https:\/\/www.fcbarcelonanoticias.com\/en\/wp-content\/uploads\/sites\/2\/2019\/07\/neymar-psg-entreno-296455.jpeg","width":761,"height":428},{"@type":"BreadcrumbList","@id":"https:\/\/www.fcbarcelonanoticias.com\/en\/international-football\/bomb-the-psg-announces-in-a-communique-that-will-take-measured-against-neymar_226348_102.html#breadcrumb","itemListElement":[{"@type":"ListItem","position":1,"name":"Portada","item":"https:\/\/www.fcbarcelonanoticias.com\/en\/"},{"@type":"ListItem","position":2,"name":"BOMB: The PSG announces in a communiqu\u00e9 that will take &#8220;measured&#8221; against Neymar"}]},{"@type":"WebSite","@id":"https:\/\/www.fcbarcelonanoticias.com\/en\/#website","url":"https:\/\/www.fcbarcelonanoticias.com\/en\/","name":"EN - FC Barcelona Noticias","description":"","potentialAction":[{"@type":"SearchAction","target":{"@type":"EntryPoint","urlTemplate":"https:\/\/www.fcbarcelonanoticias.com\/en\/?s={search_term_string}"},"query-input":{"@type":"PropertyValueSpecification","valueRequired":true,"valueName":"search_term_string"}}],"inLanguage":"en-US"},{"@type":"Person","@id":"https:\/\/www.fcbarcelonanoticias.com\/en\/#\/schema\/person\/888e29b17b79c70d1c617d8a7bc9b8c6","name":"Carlos Dom\u00ednguez","image":{"@type":"ImageObject","inLanguage":"en-US","@id":"https:\/\/secure.gravatar.com\/avatar\/?s=96&d=mm&r=g","url":"https:\/\/secure.gravatar.com\/avatar\/?s=96&d=mm&r=g","contentUrl":"https:\/\/secure.gravatar.com\/avatar\/?s=96&d=mm&r=g","caption":"Carlos Dom\u00ednguez"},"url":"https:\/\/www.fcbarcelonanoticias.com\/en\/carlos-dominguez_2_115.html"}]}},"_links":{"self":[{"href":"https:\/\/www.fcbarcelonanoticias.com\/en\/wp-json\/wp\/v2\/posts\/43237","targetHints":{"allow":["GET"]}}],"collection":[{"href":"https:\/\/www.fcbarcelonanoticias.com\/en\/wp-json\/wp\/v2\/posts"}],"about":[{"href":"https:\/\/www.fcbarcelonanoticias.com\/en\/wp-json\/wp\/v2\/types\/post"}],"author":[{"embeddable":true,"href":"https:\/\/www.fcbarcelonanoticias.com\/en\/wp-json\/wp\/v2\/users\/366"}],"replies":[{"embeddable":true,"href":"https:\/\/www.fcbarcelonanoticias.com\/en\/wp-json\/wp\/v2\/comments?post=43237"}],"version-history":[{"count":1,"href":"https:\/\/www.fcbarcelonanoticias.com\/en\/wp-json\/wp\/v2\/posts\/43237\/revisions"}],"predecessor-version":[{"id":43238,"href":"https:\/\/www.fcbarcelonanoticias.com\/en\/wp-json\/wp\/v2\/posts\/43237\/revisions\/43238"}],"wp:featuredmedia":[{"embeddable":true,"href":"https:\/\/www.fcbarcelonanoticias.com\/en\/wp-json\/wp\/v2\/media\/43239"}],"wp:attachment":[{"href":"https:\/\/www.fcbarcelonanoticias.com\/en\/wp-json\/wp\/v2\/media?parent=43237"}],"wp:term":[{"taxonomy":"category","embeddable":true,"href":"https:\/\/www.fcbarcelonanoticias.com\/en\/wp-json\/wp\/v2\/categories?post=43237"},{"taxonomy":"post_tag","embeddable":true,"href":"https:\/\/www.fcbarcelonanoticias.com\/en\/wp-json\/wp\/v2\/tags?post=43237"}],"curies":[{"name":"wp","href":"https:\/\/api.w.org\/{rel}","templated":true}]}}