{"id":43398,"date":"2023-01-11T00:44:00","date_gmt":"2023-01-10T23:44:00","guid":{"rendered":"https:\/\/weisetech.dev\/fc-barcelona-noticias\/en\/by-decision-of-mbappe-the-psg-raisin-of-the-homage-to-leo-messi-in-his-return_288509_102\/"},"modified":"2023-01-11T08:16:00","modified_gmt":"2023-01-11T07:16:00","slug":"by-decision-of-mbappe-the-psg-raisin-of-the-homage-to-leo-messi-in-his-return_288509_102","status":"publish","type":"post","link":"https:\/\/www.fcbarcelonanoticias.com\/en\/international-football\/by-decision-of-mbappe-the-psg-raisin-of-the-homage-to-leo-messi-in-his-return_288509_102.html","title":{"rendered":"By Mbapp\u00e9&#8217;s decision? The PSG &#8216;passes&#8217; the tribute to Leo Messi on his return"},"content":{"rendered":"<h2 class=\"wp-block-heading\">Leo Messi will return to the Parc des Princes this Wednesday in the match in which Paris Saint-Germain will host Angers. The man from Rosario will be a substitute and, contrary to expectations, he will not be honored for winning the World Cup<\/h2>  \r\n<div class=\"article-addons\">\r\n    <a href=\"https:\/\/www.fcbarcelonanoticias.com\/en\/calendar-fc-barcelona.html\"\r\n       target=\"_self\"\r\n       title=\"Calendar of FC Barcelona\"\r\n       class=\"blue-gredient-btn\">\r\n       \r\n        Calendar of FC Barcelona    <\/a>\r\n<\/div>   <p>Unlike the rest of his mates that play in Europe, <a data-external=\"0\" data-intl-links-en=\"https:\/\/www.fcbarcelonanoticias.com\/en\/transfers\/multiple-benefits-would-have-new-agreement-messi-with-psg_288488_102.html\" data-intl-links-es=\"https:\/\/www.fcbarcelonanoticias.com\/fichajes\/multiples-beneficios-tendria-nuevo-acuerdo-messi-con-psg_288488_102.html\" href=\"https:\/\/www.fcbarcelonanoticias.com\/en\/transfers\/multiple-benefits-would-have-new-agreement-messi-with-psg_288488_102.html\" rel=\"follow\" target=\"_self\" title=\"Los m\u00faltiples beneficios que tendr\u00eda el nuevo acuerdo de Messi con el PSG\">Leo Messi<\/a> will not receive a homage by part of the Pars Saint-Germain in his return to the Park of the Princes. Like this it informed it the journalist David Opoczynski , of the newspaper &#8216;Him Parisien&#8217;, in the previous to the crash of the Wednesday in front of the Angers. &#8220;At all it will happen. <b>The PSG has decided not organising a special homage to his star<\/b>&#8220;, wrote Opoczynski.<\/p>  <blockquote class=\"twitter-tweet\"> <p dir=\"ltr\" lang=\"fr\">PSG-Angers : pas Of f\u00eate au Parc pour Lionel Messi<br> \u27a1\ufe0f <a href=\"https:\/\/t.co\/en\/BdTz8TXzSJ\">https:\/\/t.co\/bdtz8txzsj<\/a> <a href=\"https:\/\/t.co\/en\/ih0bjPjTvP\">pic.twitter.com\/ih0bjpjtvp<\/a><\/p> \u2014 Him Parisien | PSG (@him_Parisien_PSG) <a href=\"https:\/\/twitter.com\/en\/le_Parisien_PSG\/status\/1612833896550354944?ref_src=twsrc%5Etfw\">January 10, 2023<\/a> <\/blockquote> <p>In the previous press conference to the crash, Christophe Galtier had given evasive on the subject. The club delivered a statuette to the player of 35 years and his mates received him with a corridor after his return to the trainings in &#8216;Camp give Loges&#8217;, but finally there will be more homages for the captain of the &#8216;albiceleste&#8217;. According to the information of &#8216;Him Parisien&#8217;, <strong>with the recibimiento in the training is sufficient<\/strong>, since it already has happened almost a month from the final.<\/p>  <p>&#8220;<b>I expect that our fans celebrate it, there is not reason not to do it&#8221;<\/b>, had said Galtier in the previous in front of the Angers. However, foreseeing whistles by part of some sector of the fans, and considering the mockeries of the goalkeeper Emiliano &#8216;Dibu&#8217; Mart\u00ednez to Kylian Mbapp\u00e9, the directive of the PSG has decanted by &#8216;happen&#8217; of a new homage for Leo, which also could see like a snub against Kylian Mbapp\u00e9.<\/p>  <blockquote class=\"twitter-tweet\"> <p dir=\"ltr\" lang=\"es\">\ud83c\udd97\ud83d\udcc4 The summoned to receive to Angers this Wednesday in Parc give Princes.<br><br> \ud83d\udd1c\ud83c\udfdf <a href=\"https:\/\/twitter.com\/en\/hashtag\/PSGSCO?src=hash&amp;ref_src=twsrc%5Etfw\">#PSGSCO<\/a> <a href=\"https:\/\/t.co\/en\/25FEgtHJ7b\">pic.twitter.com\/25fegthj7b<\/a><\/p> \u2014 Paris Saint-Germain (@PSG_espanol) <a href=\"https:\/\/twitter.com\/en\/PSG_espanol\/status\/1612822268752850945?ref_src=twsrc%5Etfw\">January 10, 2023<\/a> <\/blockquote> <p>The &#8216;7&#8217; converted a &#8216;hat trick&#8217; in the final and remained with the Boot of Gold of the World-wide, but could not repeat the title achieved in 2018. <strong>Although Kylian is not summoned for the party in front of the Angers would have to be in the terracings of the Park of the Princes the<\/strong> Wednesday in his free day. The PSG comes to fall in front of the Lens in the last day of Tie it 1, result that reduced to four his advantage on the escort in the classification.<\/p>  <h3>Paris does not want errors with the renewal of Messi<\/h3>  <p>Further of the morbo generated by his return to the Park of the Princes, <a data-external=\"0\" data-intl-links-en=\"https:\/\/www.fcbarcelonanoticias.com\/en\/international-football\/with-psg-it-is-not-enough-al-khelaifi-willing-to-expand-in-premier_288479_102.html\" data-intl-links-es=\"https:\/\/www.fcbarcelonanoticias.com\/futbol-internacional\/con-psg-no-basta-al-khelaifi-dispuesto-expandirse-en-premier_288479_102.html\" href=\"https:\/\/www.fcbarcelonanoticias.com\/en\/international-football\/with-psg-it-is-not-enough-al-khelaifi-willing-to-expand-in-premier_288479_102.html\" rel=\"follow\" target=\"_self\" title=\"\u00a1Con el PSG no basta! Al-Khela\u00effi, dispuesto a expandirse en la Premier\">Nasser To the Khela\u00effi<\/a> does not want errors that hinder his plan to renew to Messi. <strong>The employer catar\u00ed prepares an ofert\u00f3n to the &#8217;30&#8217; to retain him, at least, by a pair of seasons more<\/strong>, by what a new crossing with the fans would be key to these heights to throw the negotiations by embroiders it. The &#8216;ultras&#8217; Parisians already whistled to Leo and to all the staff in the past season after the elimination in Champions in front of the Madrid.<\/p> ","protected":false},"excerpt":{"rendered":"<p>Leo Messi will return to the Parc des Princes this Wednesday in the match in which Paris Saint-Germain will host Angers. The man from Rosario will be a substitute and, contrary to expectations, he will not be honored for winning the World Cup Unlike the rest of his mates that play in Europe, Leo Messi [&hellip;]<\/p>\n","protected":false},"author":347,"featured_media":43401,"comment_status":"closed","ping_status":"open","sticky":false,"template":"","format":"standard","meta":{"_acf_changed":false,"inline_featured_image":false,"_nextfly_llmd_date_locked":false,"footnotes":""},"categories":[451,115],"tags":[171,88],"class_list":["post-43398","post","type-post","status-publish","format-standard","has-post-thumbnail","hentry","category-lionel-messi-2","category-lionel-messi","tag-mbappe","tag-paris-saint-germain"],"acf":[],"yoast_head":"<!-- This site is optimized with the Yoast SEO plugin v27.3 - https:\/\/yoast.com\/product\/yoast-seo-wordpress\/ -->\n<title>By decision of Mbapp\u00e9? The PSG &#039;raisin&#039; of the homage to Leo Messi in his return<\/title>\n<meta name=\"description\" content=\"Leo Messi will return to the Park of the Princes this Wednesday in the party in which Paris Saint-Germain will receive to the Angers. The rosarino will be acting and, contrary to the expected, will not be homenajeado for obtaining the Glass of the World\" \/>\n<meta name=\"robots\" content=\"index, follow, max-snippet:-1, max-image-preview:large, max-video-preview:-1\" \/>\n<link rel=\"canonical\" href=\"https:\/\/www.fcbarcelonanoticias.com\/en\/international-football\/by-decision-of-mbappe-the-psg-raisin-of-the-homage-to-leo-messi-in-his-return_288509_102.html\" \/>\n<meta property=\"og:locale\" content=\"en_US\" \/>\n<meta property=\"og:type\" content=\"article\" \/>\n<meta property=\"og:title\" content=\"By decision of Mbapp\u00e9? The PSG &#039;raisin&#039; of the homage to Leo Messi in his return\" \/>\n<meta property=\"og:description\" content=\"Leo Messi will return to the Park of the Princes this Wednesday in the party in which Paris Saint-Germain will receive to the Angers. The rosarino will be acting and, contrary to the expected, will not be homenajeado for obtaining the Glass of the World\" \/>\n<meta property=\"og:url\" content=\"https:\/\/www.fcbarcelonanoticias.com\/en\/international-football\/by-decision-of-mbappe-the-psg-raisin-of-the-homage-to-leo-messi-in-his-return_288509_102.html\" \/>\n<meta property=\"og:site_name\" content=\"EN - FC Barcelona Noticias\" \/>\n<meta property=\"article:published_time\" content=\"2023-01-10T23:44:00+00:00\" \/>\n<meta property=\"article:modified_time\" content=\"2023-01-11T07:16:00+00:00\" \/>\n<meta property=\"og:image\" content=\"https:\/\/www.fcbarcelonanoticias.com\/en\/wp-content\/uploads\/sites\/2\/2023\/01\/fbl-fra-ligue1-psg-auxerre-2-1.jpeg\" \/>\n\t<meta property=\"og:image:width\" content=\"1200\" \/>\n\t<meta property=\"og:image:height\" content=\"704\" \/>\n\t<meta property=\"og:image:type\" content=\"image\/jpeg\" \/>\n<meta name=\"author\" content=\"Andr\u00e9s Quiroz\" \/>\n<meta name=\"twitter:card\" content=\"summary_large_image\" \/>\n<meta name=\"twitter:label1\" content=\"Written by\" \/>\n\t<meta name=\"twitter:data1\" content=\"Andr\u00e9s Quiroz\" \/>\n\t<meta name=\"twitter:label2\" content=\"Est. reading time\" \/>\n\t<meta name=\"twitter:data2\" content=\"3 minutes\" \/>\n<script type=\"application\/ld+json\" class=\"yoast-schema-graph\">{\"@context\":\"https:\\\/\\\/schema.org\",\"@graph\":[{\"@type\":\"Article\",\"@id\":\"https:\\\/\\\/www.fcbarcelonanoticias.com\\\/en\\\/international-football\\\/by-decision-of-mbappe-the-psg-raisin-of-the-homage-to-leo-messi-in-his-return_288509_102.html#article\",\"isPartOf\":{\"@id\":\"https:\\\/\\\/www.fcbarcelonanoticias.com\\\/en\\\/international-football\\\/by-decision-of-mbappe-the-psg-raisin-of-the-homage-to-leo-messi-in-his-return_288509_102.html\"},\"author\":{\"name\":\"Andr\u00e9s Quiroz\",\"@id\":\"https:\\\/\\\/www.fcbarcelonanoticias.com\\\/en\\\/#\\\/schema\\\/person\\\/c2cd9f6fa1af5c0d0eccd0fefa575c88\"},\"headline\":\"By Mbapp\u00e9&#8217;s decision? The PSG &#8216;passes&#8217; the tribute to Leo Messi on his return\",\"datePublished\":\"2023-01-10T23:44:00+00:00\",\"dateModified\":\"2023-01-11T07:16:00+00:00\",\"mainEntityOfPage\":{\"@id\":\"https:\\\/\\\/www.fcbarcelonanoticias.com\\\/en\\\/international-football\\\/by-decision-of-mbappe-the-psg-raisin-of-the-homage-to-leo-messi-in-his-return_288509_102.html\"},\"wordCount\":542,\"image\":{\"@id\":\"https:\\\/\\\/www.fcbarcelonanoticias.com\\\/en\\\/international-football\\\/by-decision-of-mbappe-the-psg-raisin-of-the-homage-to-leo-messi-in-his-return_288509_102.html#primaryimage\"},\"thumbnailUrl\":\"https:\\\/\\\/www.fcbarcelonanoticias.com\\\/en\\\/wp-content\\\/uploads\\\/sites\\\/2\\\/2023\\\/01\\\/fbl-fra-ligue1-psg-auxerre-2-1.jpeg\",\"keywords\":[\"Mbapp\u00e9\",\"Paris Saint-Germain\"],\"articleSection\":[\"Lionel Messi\",\"Lionel Messi\"],\"inLanguage\":\"en-US\"},{\"@type\":\"WebPage\",\"@id\":\"https:\\\/\\\/www.fcbarcelonanoticias.com\\\/en\\\/international-football\\\/by-decision-of-mbappe-the-psg-raisin-of-the-homage-to-leo-messi-in-his-return_288509_102.html\",\"url\":\"https:\\\/\\\/www.fcbarcelonanoticias.com\\\/en\\\/international-football\\\/by-decision-of-mbappe-the-psg-raisin-of-the-homage-to-leo-messi-in-his-return_288509_102.html\",\"name\":\"By decision of Mbapp\u00e9? The PSG 'raisin' of the homage to Leo Messi in his return\",\"isPartOf\":{\"@id\":\"https:\\\/\\\/www.fcbarcelonanoticias.com\\\/en\\\/#website\"},\"primaryImageOfPage\":{\"@id\":\"https:\\\/\\\/www.fcbarcelonanoticias.com\\\/en\\\/international-football\\\/by-decision-of-mbappe-the-psg-raisin-of-the-homage-to-leo-messi-in-his-return_288509_102.html#primaryimage\"},\"image\":{\"@id\":\"https:\\\/\\\/www.fcbarcelonanoticias.com\\\/en\\\/international-football\\\/by-decision-of-mbappe-the-psg-raisin-of-the-homage-to-leo-messi-in-his-return_288509_102.html#primaryimage\"},\"thumbnailUrl\":\"https:\\\/\\\/www.fcbarcelonanoticias.com\\\/en\\\/wp-content\\\/uploads\\\/sites\\\/2\\\/2023\\\/01\\\/fbl-fra-ligue1-psg-auxerre-2-1.jpeg\",\"datePublished\":\"2023-01-10T23:44:00+00:00\",\"dateModified\":\"2023-01-11T07:16:00+00:00\",\"author\":{\"@id\":\"https:\\\/\\\/www.fcbarcelonanoticias.com\\\/en\\\/#\\\/schema\\\/person\\\/c2cd9f6fa1af5c0d0eccd0fefa575c88\"},\"description\":\"Leo Messi will return to the Park of the Princes this Wednesday in the party in which Paris Saint-Germain will receive to the Angers. The rosarino will be acting and, contrary to the expected, will not be homenajeado for obtaining the Glass of the World\",\"breadcrumb\":{\"@id\":\"https:\\\/\\\/www.fcbarcelonanoticias.com\\\/en\\\/international-football\\\/by-decision-of-mbappe-the-psg-raisin-of-the-homage-to-leo-messi-in-his-return_288509_102.html#breadcrumb\"},\"inLanguage\":\"en-US\",\"potentialAction\":[{\"@type\":\"ReadAction\",\"target\":[\"https:\\\/\\\/www.fcbarcelonanoticias.com\\\/en\\\/international-football\\\/by-decision-of-mbappe-the-psg-raisin-of-the-homage-to-leo-messi-in-his-return_288509_102.html\"]}]},{\"@type\":\"ImageObject\",\"inLanguage\":\"en-US\",\"@id\":\"https:\\\/\\\/www.fcbarcelonanoticias.com\\\/en\\\/international-football\\\/by-decision-of-mbappe-the-psg-raisin-of-the-homage-to-leo-messi-in-his-return_288509_102.html#primaryimage\",\"url\":\"https:\\\/\\\/www.fcbarcelonanoticias.com\\\/en\\\/wp-content\\\/uploads\\\/sites\\\/2\\\/2023\\\/01\\\/fbl-fra-ligue1-psg-auxerre-2-1.jpeg\",\"contentUrl\":\"https:\\\/\\\/www.fcbarcelonanoticias.com\\\/en\\\/wp-content\\\/uploads\\\/sites\\\/2\\\/2023\\\/01\\\/fbl-fra-ligue1-psg-auxerre-2-1.jpeg\",\"width\":1200,\"height\":704},{\"@type\":\"BreadcrumbList\",\"@id\":\"https:\\\/\\\/www.fcbarcelonanoticias.com\\\/en\\\/international-football\\\/by-decision-of-mbappe-the-psg-raisin-of-the-homage-to-leo-messi-in-his-return_288509_102.html#breadcrumb\",\"itemListElement\":[{\"@type\":\"ListItem\",\"position\":1,\"name\":\"Portada\",\"item\":\"https:\\\/\\\/www.fcbarcelonanoticias.com\\\/en\\\/\"},{\"@type\":\"ListItem\",\"position\":2,\"name\":\"By Mbapp\u00e9&#8217;s decision? The PSG &#8216;passes&#8217; the tribute to Leo Messi on his return\"}]},{\"@type\":\"WebSite\",\"@id\":\"https:\\\/\\\/www.fcbarcelonanoticias.com\\\/en\\\/#website\",\"url\":\"https:\\\/\\\/www.fcbarcelonanoticias.com\\\/en\\\/\",\"name\":\"EN - FC Barcelona Noticias\",\"description\":\"\",\"potentialAction\":[{\"@type\":\"SearchAction\",\"target\":{\"@type\":\"EntryPoint\",\"urlTemplate\":\"https:\\\/\\\/www.fcbarcelonanoticias.com\\\/en\\\/?s={search_term_string}\"},\"query-input\":{\"@type\":\"PropertyValueSpecification\",\"valueRequired\":true,\"valueName\":\"search_term_string\"}}],\"inLanguage\":\"en-US\"},{\"@type\":\"Person\",\"@id\":\"https:\\\/\\\/www.fcbarcelonanoticias.com\\\/en\\\/#\\\/schema\\\/person\\\/c2cd9f6fa1af5c0d0eccd0fefa575c88\",\"name\":\"Andr\u00e9s Quiroz\",\"image\":{\"@type\":\"ImageObject\",\"inLanguage\":\"en-US\",\"@id\":\"https:\\\/\\\/secure.gravatar.com\\\/avatar\\\/?s=96&d=mm&r=g\",\"url\":\"https:\\\/\\\/secure.gravatar.com\\\/avatar\\\/?s=96&d=mm&r=g\",\"contentUrl\":\"https:\\\/\\\/secure.gravatar.com\\\/avatar\\\/?s=96&d=mm&r=g\",\"caption\":\"Andr\u00e9s Quiroz\"},\"description\":\"Licenciado en Periodismo por la Universidad de los Andes. Me encargo de analizar y compartir los contenidos m\u00e1s destacados de la\u00a0actualidad del F\u00fatbol Club Barcelona, Mercado de Fichajes y F\u00fatbol Internacional en FCBN. La informaci\u00f3n es poder, pero tambi\u00e9n conocimiento.\",\"url\":\"https:\\\/\\\/www.fcbarcelonanoticias.com\\\/en\\\/fc-barcelona\\\/andres-quiroz_17_115.html\"}]}<\/script>\n<!-- \/ Yoast SEO plugin. -->","yoast_head_json":{"title":"By decision of Mbapp\u00e9? The PSG 'raisin' of the homage to Leo Messi in his return","description":"Leo Messi will return to the Park of the Princes this Wednesday in the party in which Paris Saint-Germain will receive to the Angers. The rosarino will be acting and, contrary to the expected, will not be homenajeado for obtaining the Glass of the World","robots":{"index":"index","follow":"follow","max-snippet":"max-snippet:-1","max-image-preview":"max-image-preview:large","max-video-preview":"max-video-preview:-1"},"canonical":"https:\/\/www.fcbarcelonanoticias.com\/en\/international-football\/by-decision-of-mbappe-the-psg-raisin-of-the-homage-to-leo-messi-in-his-return_288509_102.html","og_locale":"en_US","og_type":"article","og_title":"By decision of Mbapp\u00e9? The PSG 'raisin' of the homage to Leo Messi in his return","og_description":"Leo Messi will return to the Park of the Princes this Wednesday in the party in which Paris Saint-Germain will receive to the Angers. The rosarino will be acting and, contrary to the expected, will not be homenajeado for obtaining the Glass of the World","og_url":"https:\/\/www.fcbarcelonanoticias.com\/en\/international-football\/by-decision-of-mbappe-the-psg-raisin-of-the-homage-to-leo-messi-in-his-return_288509_102.html","og_site_name":"EN - FC Barcelona Noticias","article_published_time":"2023-01-10T23:44:00+00:00","article_modified_time":"2023-01-11T07:16:00+00:00","og_image":[{"width":1200,"height":704,"url":"https:\/\/www.fcbarcelonanoticias.com\/en\/wp-content\/uploads\/sites\/2\/2023\/01\/fbl-fra-ligue1-psg-auxerre-2-1.jpeg","type":"image\/jpeg"}],"author":"Andr\u00e9s Quiroz","twitter_card":"summary_large_image","twitter_misc":{"Written by":"Andr\u00e9s Quiroz","Est. reading time":"3 minutes"},"schema":{"@context":"https:\/\/schema.org","@graph":[{"@type":"Article","@id":"https:\/\/www.fcbarcelonanoticias.com\/en\/international-football\/by-decision-of-mbappe-the-psg-raisin-of-the-homage-to-leo-messi-in-his-return_288509_102.html#article","isPartOf":{"@id":"https:\/\/www.fcbarcelonanoticias.com\/en\/international-football\/by-decision-of-mbappe-the-psg-raisin-of-the-homage-to-leo-messi-in-his-return_288509_102.html"},"author":{"name":"Andr\u00e9s Quiroz","@id":"https:\/\/www.fcbarcelonanoticias.com\/en\/#\/schema\/person\/c2cd9f6fa1af5c0d0eccd0fefa575c88"},"headline":"By Mbapp\u00e9&#8217;s decision? The PSG &#8216;passes&#8217; the tribute to Leo Messi on his return","datePublished":"2023-01-10T23:44:00+00:00","dateModified":"2023-01-11T07:16:00+00:00","mainEntityOfPage":{"@id":"https:\/\/www.fcbarcelonanoticias.com\/en\/international-football\/by-decision-of-mbappe-the-psg-raisin-of-the-homage-to-leo-messi-in-his-return_288509_102.html"},"wordCount":542,"image":{"@id":"https:\/\/www.fcbarcelonanoticias.com\/en\/international-football\/by-decision-of-mbappe-the-psg-raisin-of-the-homage-to-leo-messi-in-his-return_288509_102.html#primaryimage"},"thumbnailUrl":"https:\/\/www.fcbarcelonanoticias.com\/en\/wp-content\/uploads\/sites\/2\/2023\/01\/fbl-fra-ligue1-psg-auxerre-2-1.jpeg","keywords":["Mbapp\u00e9","Paris Saint-Germain"],"articleSection":["Lionel Messi","Lionel Messi"],"inLanguage":"en-US"},{"@type":"WebPage","@id":"https:\/\/www.fcbarcelonanoticias.com\/en\/international-football\/by-decision-of-mbappe-the-psg-raisin-of-the-homage-to-leo-messi-in-his-return_288509_102.html","url":"https:\/\/www.fcbarcelonanoticias.com\/en\/international-football\/by-decision-of-mbappe-the-psg-raisin-of-the-homage-to-leo-messi-in-his-return_288509_102.html","name":"By decision of Mbapp\u00e9? The PSG 'raisin' of the homage to Leo Messi in his return","isPartOf":{"@id":"https:\/\/www.fcbarcelonanoticias.com\/en\/#website"},"primaryImageOfPage":{"@id":"https:\/\/www.fcbarcelonanoticias.com\/en\/international-football\/by-decision-of-mbappe-the-psg-raisin-of-the-homage-to-leo-messi-in-his-return_288509_102.html#primaryimage"},"image":{"@id":"https:\/\/www.fcbarcelonanoticias.com\/en\/international-football\/by-decision-of-mbappe-the-psg-raisin-of-the-homage-to-leo-messi-in-his-return_288509_102.html#primaryimage"},"thumbnailUrl":"https:\/\/www.fcbarcelonanoticias.com\/en\/wp-content\/uploads\/sites\/2\/2023\/01\/fbl-fra-ligue1-psg-auxerre-2-1.jpeg","datePublished":"2023-01-10T23:44:00+00:00","dateModified":"2023-01-11T07:16:00+00:00","author":{"@id":"https:\/\/www.fcbarcelonanoticias.com\/en\/#\/schema\/person\/c2cd9f6fa1af5c0d0eccd0fefa575c88"},"description":"Leo Messi will return to the Park of the Princes this Wednesday in the party in which Paris Saint-Germain will receive to the Angers. The rosarino will be acting and, contrary to the expected, will not be homenajeado for obtaining the Glass of the World","breadcrumb":{"@id":"https:\/\/www.fcbarcelonanoticias.com\/en\/international-football\/by-decision-of-mbappe-the-psg-raisin-of-the-homage-to-leo-messi-in-his-return_288509_102.html#breadcrumb"},"inLanguage":"en-US","potentialAction":[{"@type":"ReadAction","target":["https:\/\/www.fcbarcelonanoticias.com\/en\/international-football\/by-decision-of-mbappe-the-psg-raisin-of-the-homage-to-leo-messi-in-his-return_288509_102.html"]}]},{"@type":"ImageObject","inLanguage":"en-US","@id":"https:\/\/www.fcbarcelonanoticias.com\/en\/international-football\/by-decision-of-mbappe-the-psg-raisin-of-the-homage-to-leo-messi-in-his-return_288509_102.html#primaryimage","url":"https:\/\/www.fcbarcelonanoticias.com\/en\/wp-content\/uploads\/sites\/2\/2023\/01\/fbl-fra-ligue1-psg-auxerre-2-1.jpeg","contentUrl":"https:\/\/www.fcbarcelonanoticias.com\/en\/wp-content\/uploads\/sites\/2\/2023\/01\/fbl-fra-ligue1-psg-auxerre-2-1.jpeg","width":1200,"height":704},{"@type":"BreadcrumbList","@id":"https:\/\/www.fcbarcelonanoticias.com\/en\/international-football\/by-decision-of-mbappe-the-psg-raisin-of-the-homage-to-leo-messi-in-his-return_288509_102.html#breadcrumb","itemListElement":[{"@type":"ListItem","position":1,"name":"Portada","item":"https:\/\/www.fcbarcelonanoticias.com\/en\/"},{"@type":"ListItem","position":2,"name":"By Mbapp\u00e9&#8217;s decision? The PSG &#8216;passes&#8217; the tribute to Leo Messi on his return"}]},{"@type":"WebSite","@id":"https:\/\/www.fcbarcelonanoticias.com\/en\/#website","url":"https:\/\/www.fcbarcelonanoticias.com\/en\/","name":"EN - FC Barcelona Noticias","description":"","potentialAction":[{"@type":"SearchAction","target":{"@type":"EntryPoint","urlTemplate":"https:\/\/www.fcbarcelonanoticias.com\/en\/?s={search_term_string}"},"query-input":{"@type":"PropertyValueSpecification","valueRequired":true,"valueName":"search_term_string"}}],"inLanguage":"en-US"},{"@type":"Person","@id":"https:\/\/www.fcbarcelonanoticias.com\/en\/#\/schema\/person\/c2cd9f6fa1af5c0d0eccd0fefa575c88","name":"Andr\u00e9s Quiroz","image":{"@type":"ImageObject","inLanguage":"en-US","@id":"https:\/\/secure.gravatar.com\/avatar\/?s=96&d=mm&r=g","url":"https:\/\/secure.gravatar.com\/avatar\/?s=96&d=mm&r=g","contentUrl":"https:\/\/secure.gravatar.com\/avatar\/?s=96&d=mm&r=g","caption":"Andr\u00e9s Quiroz"},"description":"Licenciado en Periodismo por la Universidad de los Andes. Me encargo de analizar y compartir los contenidos m\u00e1s destacados de la\u00a0actualidad del F\u00fatbol Club Barcelona, Mercado de Fichajes y F\u00fatbol Internacional en FCBN. La informaci\u00f3n es poder, pero tambi\u00e9n conocimiento.","url":"https:\/\/www.fcbarcelonanoticias.com\/en\/fc-barcelona\/andres-quiroz_17_115.html"}]}},"_links":{"self":[{"href":"https:\/\/www.fcbarcelonanoticias.com\/en\/wp-json\/wp\/v2\/posts\/43398","targetHints":{"allow":["GET"]}}],"collection":[{"href":"https:\/\/www.fcbarcelonanoticias.com\/en\/wp-json\/wp\/v2\/posts"}],"about":[{"href":"https:\/\/www.fcbarcelonanoticias.com\/en\/wp-json\/wp\/v2\/types\/post"}],"author":[{"embeddable":true,"href":"https:\/\/www.fcbarcelonanoticias.com\/en\/wp-json\/wp\/v2\/users\/347"}],"replies":[{"embeddable":true,"href":"https:\/\/www.fcbarcelonanoticias.com\/en\/wp-json\/wp\/v2\/comments?post=43398"}],"version-history":[{"count":1,"href":"https:\/\/www.fcbarcelonanoticias.com\/en\/wp-json\/wp\/v2\/posts\/43398\/revisions"}],"predecessor-version":[{"id":113730,"href":"https:\/\/www.fcbarcelonanoticias.com\/en\/wp-json\/wp\/v2\/posts\/43398\/revisions\/113730"}],"wp:featuredmedia":[{"embeddable":true,"href":"https:\/\/www.fcbarcelonanoticias.com\/en\/wp-json\/wp\/v2\/media\/43401"}],"wp:attachment":[{"href":"https:\/\/www.fcbarcelonanoticias.com\/en\/wp-json\/wp\/v2\/media?parent=43398"}],"wp:term":[{"taxonomy":"category","embeddable":true,"href":"https:\/\/www.fcbarcelonanoticias.com\/en\/wp-json\/wp\/v2\/categories?post=43398"},{"taxonomy":"post_tag","embeddable":true,"href":"https:\/\/www.fcbarcelonanoticias.com\/en\/wp-json\/wp\/v2\/tags?post=43398"}],"curies":[{"name":"wp","href":"https:\/\/api.w.org\/{rel}","templated":true}]}}