{"id":4353,"date":"2025-11-26T19:20:00","date_gmt":"2025-11-26T18:20:00","guid":{"rendered":"https:\/\/weisetech.dev\/fc-barcelona-noticias\/en\/eric-rashford-and-joan-garcia-were-self-critical-in-london_315341_102\/"},"modified":"2025-11-26T19:20:00","modified_gmt":"2025-11-26T18:20:00","slug":"eric-rashford-and-joan-garcia-were-self-critical-in-london_315341_102","status":"publish","type":"post","link":"https:\/\/www.fcbarcelonanoticias.com\/en\/champions-league\/eric-rashford-and-joan-garcia-were-self-critical-in-london_315341_102.html","title":{"rendered":"Eric, Rashford and Joan Garc\u00eda spoke for Bar\u00e7a after the debacle in London"},"content":{"rendered":"<h2 class=\"wp-block-heading\">Three Bar\u00e7a players spoke to the media after Bar\u00e7a&#8217;s 3-0 defeat to Chelsea. Eric Garc\u00eda, Joan Garc\u00eda, and Rashford were self-critical at Stamford Bridge<\/h2>  \r\n<div class=\"article-addons\">\r\n    <a href=\"https:\/\/www.fcbarcelonanoticias.com\/en\/calendar-fc-barcelona.html\"\r\n       target=\"_self\"\r\n       title=\"Calendar of FC Barcelona\"\r\n       class=\"blue-gredient-btn\">\r\n       \r\n        Calendar of FC Barcelona    <\/a>\r\n<\/div>   <p><a data-external=\"0\" data-intl-links-en=\"https:\/\/www.fcbarcelonanoticias.com\/en\/champions-league\/chelsea-3-0-barcelona-blaugrana-debacle-at-stamford-bridge_315335_102.html\" data-intl-links-es=\"https:\/\/www.fcbarcelonanoticias.com\/champions-league\/barcelona-desdibujado-inferioridad-cae-goleado-chelsea-3-0_315335_102.html\" href=\"https:\/\/www.fcbarcelonanoticias.com\/en\/champions-league\/chelsea-3-0-barcelona-blaugrana-debacle-at-stamford-bridge_315335_102.html\" rel=\"follow\" target=\"_self\" title=\"Un Barcelona desdibujado y en inferioridad cae goleado ante el Chelsea (3-0)\">FC Barcelona&#8217;s heavy defeat against Chelsea (3-0)<\/a> left the squad very demoralized. After the match, only three players spoke to the media, pointing out the reasons for the Blaugrana&#8217;s downfall. Both<strong> Joan Garc\u00eda<\/strong> and<strong> Marcus Rashford<\/strong> highlighted the expulsion of <a data-external=\"0\" data-intl-links-en=\"https:\/\/www.fcbarcelonanoticias.com\/en\/champions-league\/absurd-expulsion-araujo-left-barca-with-10-against-chelsea_315334_102.html\" data-intl-links-es=\"https:\/\/www.fcbarcelonanoticias.com\/champions-league\/ronald-araujo-revive-fantasmas-champions-temprana-expulsion-chelsea_315334_102.html\" href=\"https:\/\/www.fcbarcelonanoticias.com\/en\/champions-league\/absurd-expulsion-araujo-left-barca-with-10-against-chelsea_315334_102.html\" rel=\"follow\" target=\"_self\" title=\"Ronald Araujo revive sus fantasmas en Champions: temprana expulsi\u00f3n ante Chelsea\">Ronald Araujo<\/a> as a decisive factor in Bar\u00e7a&#8217;s debacle.<\/p>  <p>**Eric Garc\u00eda**, for his part, was more self-critical about the team&#8217;s collective performance. The Martorell native repeated as a defensive pivot and, in the second half, returned to the center of defense to cover the gap left by Araujo.<\/p>  <p>&#8220;I think they were outplaying us with their pressure. We didn&#8217;t know how to adjust well. <strong>We tried to jump with the full-backs and it was impossible. We had to run after the ball the whole time<\/strong>,&#8221; argued the &#8217;24&#8217; to &#8216;Movistar+&#8217; at the end of the match.<\/p>  <blockquote class=\"twitter-tweet\"> <p dir=\"ltr\" lang=\"en\">.<a href=\"https:\/\/twitter.com\/en\/ericgm3?ref_src=twsrc%5Etfw\">@ericgm3<\/a> &#8220;It has been a very painful defeat&#8221;<br><br> &#8220;In the second half we tried to hold on and the result hurts us.&#8221;<a href=\"https:\/\/twitter.com\/en\/hashtag\/LaCasaDelF%C3%BAtbol?src=hash&amp;ref_src=twsrc%5Etfw\">#LaCasaDelF\u00fatbol<\/a> <a href=\"https:\/\/twitter.com\/en\/hashtag\/UCL?src=hash&amp;ref_src=twsrc%5Etfw\">#UCL<\/a> <a href=\"https:\/\/t.co\/en\/i9VqPHDr6P\">pic.twitter.com\/i9VqPHDr6P<\/a><\/p> \u2014 F\u00fatbol en Movistar Plus+ (@MovistarFutbol) <a href=\"https:\/\/twitter.com\/en\/MovistarFutbol\/status\/1993443721719992507?ref_src=twsrc%5Etfw\">November 25, 2025<\/a> <\/blockquote> <p>In that regard, he stressed the need to correct mistakes and quickly turn the page. &#8220;<strong>We have to be more competitive in these types of matches<\/strong>. The duels, second balls&#8230; <strong>if you don&#8217;t get tough, it&#8217;s impossible to win<\/strong>,&#8221; Eric pointed out<\/p>  <h2>Joan Garc\u00eda lost his undefeated streak with Bar\u00e7a<\/h2>  <p>Joan Garc\u00eda, for his part, referred to Araujo&#8217;s expulsion as the turning point of the match, although he made it clear that Bar\u00e7a never had control of the game during the 90 minutes.&#8221;It&#8217;s been tough. It was eleven against eleven, and when we went down to ten men, <strong>we tried to dig deep, but they have quality and knew how to find the spaces<\/strong>,&#8221; the Catalan goalkeeper began.<\/p>  <blockquote class=\"twitter-tweet\"> <p dir=\"ltr\" lang=\"en\">&#8221;It has been tough&#8221;.<br><br> The words of Joan Garc\u00eda. <a href=\"https:\/\/twitter.com\/en\/hashtag\/UCL?src=hash&amp;ref_src=twsrc%5Etfw\">#UCL<\/a> <a href=\"https:\/\/twitter.com\/en\/hashtag\/LaCasaDelF%C3%BAtbol?src=hash&amp;ref_src=twsrc%5Etfw\">#LaCasaDelF\u00fatbol<\/a> <a href=\"https:\/\/t.co\/en\/lm7HPjEdrT\">pic.twitter.com\/lm7HPjEdrT<\/a><\/p> \u2014 F\u00fatbol en Movistar Plus+ (@MovistarFutbol) <a href=\"https:\/\/twitter.com\/en\/MovistarFutbol\/status\/1993439904391741506?ref_src=twsrc%5Etfw\">November 25, 2025<\/a> <\/blockquote> <p>However, Garc\u00eda defended the Barcelona captain for his red card before halftime. &#8220;Nobody likes to leave their team with one less player. The message in the locker room at halftime was to give it our all and keep playing. Their second goal soon after cut that rhythm for us,&#8221; added the &#8217;13&#8217;.<\/p>  <p>For the goalkeeper, Tuesday&#8217;s was his first defeat in a Bar\u00e7a shirt. In his first 8 appearances, the player from Sallent recorded 7 wins and 4 clean sheets. Regarding this, he commented: &#8220;<strong>We want to keep a clean sheet as many times as possible<\/strong>. It&#8217;s true that these last few games haven&#8217;t gone as we wanted, but there&#8217;s nothing else to do but keep fighting.&#8221;<\/p>  <h2>Rashford couldn&#8217;t make a difference in the second half<\/h2>  <p>On the other hand, Marcus Rashford also pointed out the difficulty of playing the entire second half with ten men. The Englishman came on for **Ferran Torres** after the break, but contributed very little in attack, first as a left winger and then as a center forward.<\/p>  <p>&#8220;It was a very difficult match, especially with that red card. It was hard to come back. <strong>We tried to stay compact, but we lost a lot of balls<\/strong>,&#8221; explained &#8216;Rashy&#8217;. In turn, he made it clear that, beyond the numerical inferiority, the team was far from playing a good game.&#8221;If you do things well with the ball, it&#8217;s a game where we could have done more. <strong>We have to be ready to recover and come back at the weekend<\/strong>,&#8221; stated Rashford, who failed to score against a Chelsea side he had previously scored against on six occasions.<\/p>  <ul> <li>\ud83d\udc49Consult more FC Barcelona news in our section dedicated to&nbsp;<strong><a data-external=\"0\" data-intl-links-en=\"https:\/\/www.fcbarcelonanoticias.com\/en\/fc-barcelona\" data-intl-links-es=\"https:\/\/www.fcbarcelonanoticias.com\/fc-barcelona\" href=\"https:\/\/www.fcbarcelonanoticias.com\/en\/football-soccer\/fc-barcelona.html\" rel=\"follow\" target=\"_self\" title=\"FC Barcelona\">Football Club Barcelona<\/a><\/strong>.<\/li> <\/ul> ","protected":false},"excerpt":{"rendered":"<p>Three Bar\u00e7a players spoke to the media after Bar\u00e7a&#8217;s 3-0 defeat to Chelsea. Eric Garc\u00eda, Joan Garc\u00eda, and Rashford were self-critical at Stamford Bridge FC Barcelona&#8217;s heavy defeat against Chelsea (3-0) left the squad very demoralized. After the match, only three players spoke to the media, pointing out the reasons for the Blaugrana&#8217;s downfall. Both [&hellip;]<\/p>\n","protected":false},"author":347,"featured_media":4354,"comment_status":"closed","ping_status":"open","sticky":false,"template":"","format":"standard","meta":{"_acf_changed":false,"inline_featured_image":false,"_nextfly_llmd_date_locked":false,"footnotes":""},"categories":[112,447],"tags":[161,295,185,466,250],"class_list":["post-4353","post","type-post","status-publish","format-standard","has-post-thumbnail","hentry","category-champions-league","category-champions-league-2","tag-chelsea","tag-eric-garcia","tag-joan-garcia","tag-marcus-rashford-2","tag-marcus-rashford"],"acf":[],"yoast_head":"<!-- This site is optimized with the Yoast SEO plugin v27.3 - https:\/\/yoast.com\/product\/yoast-seo-wordpress\/ -->\n<title>Eric, Rashford and Joan Garc\u00eda were self-critical in London<\/title>\n<meta name=\"description\" content=\"Eric Garc\u00eda, Joan Garc\u00eda, and Rashford showed self-criticism at Stamford Bridge, pointing out the keys to Bar\u00e7a&#039;s defeat against Chelsea (3-0)\" \/>\n<meta name=\"robots\" content=\"index, follow, max-snippet:-1, max-image-preview:large, max-video-preview:-1\" \/>\n<link rel=\"canonical\" href=\"https:\/\/www.fcbarcelonanoticias.com\/en\/champions-league\/eric-rashford-and-joan-garcia-were-self-critical-in-london_315341_102.html\" \/>\n<meta property=\"og:locale\" content=\"en_US\" \/>\n<meta property=\"og:type\" content=\"article\" \/>\n<meta property=\"og:title\" content=\"Eric, Rashford and Joan Garc\u00eda were self-critical in London\" \/>\n<meta property=\"og:description\" content=\"Eric Garc\u00eda, Joan Garc\u00eda, and Rashford showed self-criticism at Stamford Bridge, pointing out the keys to Bar\u00e7a&#039;s defeat against Chelsea (3-0)\" \/>\n<meta property=\"og:url\" content=\"https:\/\/www.fcbarcelonanoticias.com\/en\/champions-league\/eric-rashford-and-joan-garcia-were-self-critical-in-london_315341_102.html\" \/>\n<meta property=\"og:site_name\" content=\"EN - FC Barcelona Noticias\" \/>\n<meta property=\"article:published_time\" content=\"2025-11-26T18:20:00+00:00\" \/>\n<meta property=\"og:image\" content=\"https:\/\/www.fcbarcelonanoticias.com\/en\/wp-content\/uploads\/sites\/2\/2025\/11\/jugadores-fc-barceelona-v-chelsea-champions-2.webp\" \/>\n\t<meta property=\"og:image:width\" content=\"1200\" \/>\n\t<meta property=\"og:image:height\" content=\"675\" \/>\n\t<meta property=\"og:image:type\" content=\"image\/webp\" \/>\n<meta name=\"author\" content=\"Andr\u00e9s Quiroz\" \/>\n<meta name=\"twitter:card\" content=\"summary_large_image\" \/>\n<meta name=\"twitter:label1\" content=\"Written by\" \/>\n\t<meta name=\"twitter:data1\" content=\"Andr\u00e9s Quiroz\" \/>\n\t<meta name=\"twitter:label2\" content=\"Est. reading time\" \/>\n\t<meta name=\"twitter:data2\" content=\"3 minutes\" \/>\n<script type=\"application\/ld+json\" class=\"yoast-schema-graph\">{\"@context\":\"https:\\\/\\\/schema.org\",\"@graph\":[{\"@type\":\"Article\",\"@id\":\"https:\\\/\\\/www.fcbarcelonanoticias.com\\\/en\\\/champions-league\\\/eric-rashford-and-joan-garcia-were-self-critical-in-london_315341_102.html#article\",\"isPartOf\":{\"@id\":\"https:\\\/\\\/www.fcbarcelonanoticias.com\\\/en\\\/champions-league\\\/eric-rashford-and-joan-garcia-were-self-critical-in-london_315341_102.html\"},\"author\":{\"name\":\"Andr\u00e9s Quiroz\",\"@id\":\"https:\\\/\\\/www.fcbarcelonanoticias.com\\\/en\\\/#\\\/schema\\\/person\\\/c2cd9f6fa1af5c0d0eccd0fefa575c88\"},\"headline\":\"Eric, Rashford and Joan Garc\u00eda spoke for Bar\u00e7a after the debacle in London\",\"datePublished\":\"2025-11-26T18:20:00+00:00\",\"mainEntityOfPage\":{\"@id\":\"https:\\\/\\\/www.fcbarcelonanoticias.com\\\/en\\\/champions-league\\\/eric-rashford-and-joan-garcia-were-self-critical-in-london_315341_102.html\"},\"wordCount\":666,\"image\":{\"@id\":\"https:\\\/\\\/www.fcbarcelonanoticias.com\\\/en\\\/champions-league\\\/eric-rashford-and-joan-garcia-were-self-critical-in-london_315341_102.html#primaryimage\"},\"thumbnailUrl\":\"https:\\\/\\\/www.fcbarcelonanoticias.com\\\/en\\\/wp-content\\\/uploads\\\/sites\\\/2\\\/2025\\\/11\\\/jugadores-fc-barceelona-v-chelsea-champions-2.webp\",\"keywords\":[\"Chelsea\",\"Eric Garc\u00eda\",\"Joan Garc\u00eda\",\"Marcus Rashford\",\"Marcus Rashford\"],\"articleSection\":[\"Champions League\",\"Champions League\"],\"inLanguage\":\"en-US\"},{\"@type\":\"WebPage\",\"@id\":\"https:\\\/\\\/www.fcbarcelonanoticias.com\\\/en\\\/champions-league\\\/eric-rashford-and-joan-garcia-were-self-critical-in-london_315341_102.html\",\"url\":\"https:\\\/\\\/www.fcbarcelonanoticias.com\\\/en\\\/champions-league\\\/eric-rashford-and-joan-garcia-were-self-critical-in-london_315341_102.html\",\"name\":\"Eric, Rashford and Joan Garc\u00eda were self-critical in London\",\"isPartOf\":{\"@id\":\"https:\\\/\\\/www.fcbarcelonanoticias.com\\\/en\\\/#website\"},\"primaryImageOfPage\":{\"@id\":\"https:\\\/\\\/www.fcbarcelonanoticias.com\\\/en\\\/champions-league\\\/eric-rashford-and-joan-garcia-were-self-critical-in-london_315341_102.html#primaryimage\"},\"image\":{\"@id\":\"https:\\\/\\\/www.fcbarcelonanoticias.com\\\/en\\\/champions-league\\\/eric-rashford-and-joan-garcia-were-self-critical-in-london_315341_102.html#primaryimage\"},\"thumbnailUrl\":\"https:\\\/\\\/www.fcbarcelonanoticias.com\\\/en\\\/wp-content\\\/uploads\\\/sites\\\/2\\\/2025\\\/11\\\/jugadores-fc-barceelona-v-chelsea-champions-2.webp\",\"datePublished\":\"2025-11-26T18:20:00+00:00\",\"author\":{\"@id\":\"https:\\\/\\\/www.fcbarcelonanoticias.com\\\/en\\\/#\\\/schema\\\/person\\\/c2cd9f6fa1af5c0d0eccd0fefa575c88\"},\"description\":\"Eric Garc\u00eda, Joan Garc\u00eda, and Rashford showed self-criticism at Stamford Bridge, pointing out the keys to Bar\u00e7a's defeat against Chelsea (3-0)\",\"breadcrumb\":{\"@id\":\"https:\\\/\\\/www.fcbarcelonanoticias.com\\\/en\\\/champions-league\\\/eric-rashford-and-joan-garcia-were-self-critical-in-london_315341_102.html#breadcrumb\"},\"inLanguage\":\"en-US\",\"potentialAction\":[{\"@type\":\"ReadAction\",\"target\":[\"https:\\\/\\\/www.fcbarcelonanoticias.com\\\/en\\\/champions-league\\\/eric-rashford-and-joan-garcia-were-self-critical-in-london_315341_102.html\"]}]},{\"@type\":\"ImageObject\",\"inLanguage\":\"en-US\",\"@id\":\"https:\\\/\\\/www.fcbarcelonanoticias.com\\\/en\\\/champions-league\\\/eric-rashford-and-joan-garcia-were-self-critical-in-london_315341_102.html#primaryimage\",\"url\":\"https:\\\/\\\/www.fcbarcelonanoticias.com\\\/en\\\/wp-content\\\/uploads\\\/sites\\\/2\\\/2025\\\/11\\\/jugadores-fc-barceelona-v-chelsea-champions-2.webp\",\"contentUrl\":\"https:\\\/\\\/www.fcbarcelonanoticias.com\\\/en\\\/wp-content\\\/uploads\\\/sites\\\/2\\\/2025\\\/11\\\/jugadores-fc-barceelona-v-chelsea-champions-2.webp\",\"width\":1200,\"height\":675},{\"@type\":\"BreadcrumbList\",\"@id\":\"https:\\\/\\\/www.fcbarcelonanoticias.com\\\/en\\\/champions-league\\\/eric-rashford-and-joan-garcia-were-self-critical-in-london_315341_102.html#breadcrumb\",\"itemListElement\":[{\"@type\":\"ListItem\",\"position\":1,\"name\":\"Portada\",\"item\":\"https:\\\/\\\/www.fcbarcelonanoticias.com\\\/en\\\/\"},{\"@type\":\"ListItem\",\"position\":2,\"name\":\"Eric, Rashford and Joan Garc\u00eda spoke for Bar\u00e7a after the debacle in London\"}]},{\"@type\":\"WebSite\",\"@id\":\"https:\\\/\\\/www.fcbarcelonanoticias.com\\\/en\\\/#website\",\"url\":\"https:\\\/\\\/www.fcbarcelonanoticias.com\\\/en\\\/\",\"name\":\"EN - FC Barcelona Noticias\",\"description\":\"\",\"potentialAction\":[{\"@type\":\"SearchAction\",\"target\":{\"@type\":\"EntryPoint\",\"urlTemplate\":\"https:\\\/\\\/www.fcbarcelonanoticias.com\\\/en\\\/?s={search_term_string}\"},\"query-input\":{\"@type\":\"PropertyValueSpecification\",\"valueRequired\":true,\"valueName\":\"search_term_string\"}}],\"inLanguage\":\"en-US\"},{\"@type\":\"Person\",\"@id\":\"https:\\\/\\\/www.fcbarcelonanoticias.com\\\/en\\\/#\\\/schema\\\/person\\\/c2cd9f6fa1af5c0d0eccd0fefa575c88\",\"name\":\"Andr\u00e9s Quiroz\",\"image\":{\"@type\":\"ImageObject\",\"inLanguage\":\"en-US\",\"@id\":\"https:\\\/\\\/secure.gravatar.com\\\/avatar\\\/?s=96&d=mm&r=g\",\"url\":\"https:\\\/\\\/secure.gravatar.com\\\/avatar\\\/?s=96&d=mm&r=g\",\"contentUrl\":\"https:\\\/\\\/secure.gravatar.com\\\/avatar\\\/?s=96&d=mm&r=g\",\"caption\":\"Andr\u00e9s Quiroz\"},\"description\":\"Licenciado en Periodismo por la Universidad de los Andes. Me encargo de analizar y compartir los contenidos m\u00e1s destacados de la\u00a0actualidad del F\u00fatbol Club Barcelona, Mercado de Fichajes y F\u00fatbol Internacional en FCBN. La informaci\u00f3n es poder, pero tambi\u00e9n conocimiento.\",\"url\":\"https:\\\/\\\/www.fcbarcelonanoticias.com\\\/en\\\/fc-barcelona\\\/andres-quiroz_17_115.html\"}]}<\/script>\n<!-- \/ Yoast SEO plugin. -->","yoast_head_json":{"title":"Eric, Rashford and Joan Garc\u00eda were self-critical in London","description":"Eric Garc\u00eda, Joan Garc\u00eda, and Rashford showed self-criticism at Stamford Bridge, pointing out the keys to Bar\u00e7a's defeat against Chelsea (3-0)","robots":{"index":"index","follow":"follow","max-snippet":"max-snippet:-1","max-image-preview":"max-image-preview:large","max-video-preview":"max-video-preview:-1"},"canonical":"https:\/\/www.fcbarcelonanoticias.com\/en\/champions-league\/eric-rashford-and-joan-garcia-were-self-critical-in-london_315341_102.html","og_locale":"en_US","og_type":"article","og_title":"Eric, Rashford and Joan Garc\u00eda were self-critical in London","og_description":"Eric Garc\u00eda, Joan Garc\u00eda, and Rashford showed self-criticism at Stamford Bridge, pointing out the keys to Bar\u00e7a's defeat against Chelsea (3-0)","og_url":"https:\/\/www.fcbarcelonanoticias.com\/en\/champions-league\/eric-rashford-and-joan-garcia-were-self-critical-in-london_315341_102.html","og_site_name":"EN - FC Barcelona Noticias","article_published_time":"2025-11-26T18:20:00+00:00","og_image":[{"width":1200,"height":675,"url":"https:\/\/www.fcbarcelonanoticias.com\/en\/wp-content\/uploads\/sites\/2\/2025\/11\/jugadores-fc-barceelona-v-chelsea-champions-2.webp","type":"image\/webp"}],"author":"Andr\u00e9s Quiroz","twitter_card":"summary_large_image","twitter_misc":{"Written by":"Andr\u00e9s Quiroz","Est. reading time":"3 minutes"},"schema":{"@context":"https:\/\/schema.org","@graph":[{"@type":"Article","@id":"https:\/\/www.fcbarcelonanoticias.com\/en\/champions-league\/eric-rashford-and-joan-garcia-were-self-critical-in-london_315341_102.html#article","isPartOf":{"@id":"https:\/\/www.fcbarcelonanoticias.com\/en\/champions-league\/eric-rashford-and-joan-garcia-were-self-critical-in-london_315341_102.html"},"author":{"name":"Andr\u00e9s Quiroz","@id":"https:\/\/www.fcbarcelonanoticias.com\/en\/#\/schema\/person\/c2cd9f6fa1af5c0d0eccd0fefa575c88"},"headline":"Eric, Rashford and Joan Garc\u00eda spoke for Bar\u00e7a after the debacle in London","datePublished":"2025-11-26T18:20:00+00:00","mainEntityOfPage":{"@id":"https:\/\/www.fcbarcelonanoticias.com\/en\/champions-league\/eric-rashford-and-joan-garcia-were-self-critical-in-london_315341_102.html"},"wordCount":666,"image":{"@id":"https:\/\/www.fcbarcelonanoticias.com\/en\/champions-league\/eric-rashford-and-joan-garcia-were-self-critical-in-london_315341_102.html#primaryimage"},"thumbnailUrl":"https:\/\/www.fcbarcelonanoticias.com\/en\/wp-content\/uploads\/sites\/2\/2025\/11\/jugadores-fc-barceelona-v-chelsea-champions-2.webp","keywords":["Chelsea","Eric Garc\u00eda","Joan Garc\u00eda","Marcus Rashford","Marcus Rashford"],"articleSection":["Champions League","Champions League"],"inLanguage":"en-US"},{"@type":"WebPage","@id":"https:\/\/www.fcbarcelonanoticias.com\/en\/champions-league\/eric-rashford-and-joan-garcia-were-self-critical-in-london_315341_102.html","url":"https:\/\/www.fcbarcelonanoticias.com\/en\/champions-league\/eric-rashford-and-joan-garcia-were-self-critical-in-london_315341_102.html","name":"Eric, Rashford and Joan Garc\u00eda were self-critical in London","isPartOf":{"@id":"https:\/\/www.fcbarcelonanoticias.com\/en\/#website"},"primaryImageOfPage":{"@id":"https:\/\/www.fcbarcelonanoticias.com\/en\/champions-league\/eric-rashford-and-joan-garcia-were-self-critical-in-london_315341_102.html#primaryimage"},"image":{"@id":"https:\/\/www.fcbarcelonanoticias.com\/en\/champions-league\/eric-rashford-and-joan-garcia-were-self-critical-in-london_315341_102.html#primaryimage"},"thumbnailUrl":"https:\/\/www.fcbarcelonanoticias.com\/en\/wp-content\/uploads\/sites\/2\/2025\/11\/jugadores-fc-barceelona-v-chelsea-champions-2.webp","datePublished":"2025-11-26T18:20:00+00:00","author":{"@id":"https:\/\/www.fcbarcelonanoticias.com\/en\/#\/schema\/person\/c2cd9f6fa1af5c0d0eccd0fefa575c88"},"description":"Eric Garc\u00eda, Joan Garc\u00eda, and Rashford showed self-criticism at Stamford Bridge, pointing out the keys to Bar\u00e7a's defeat against Chelsea (3-0)","breadcrumb":{"@id":"https:\/\/www.fcbarcelonanoticias.com\/en\/champions-league\/eric-rashford-and-joan-garcia-were-self-critical-in-london_315341_102.html#breadcrumb"},"inLanguage":"en-US","potentialAction":[{"@type":"ReadAction","target":["https:\/\/www.fcbarcelonanoticias.com\/en\/champions-league\/eric-rashford-and-joan-garcia-were-self-critical-in-london_315341_102.html"]}]},{"@type":"ImageObject","inLanguage":"en-US","@id":"https:\/\/www.fcbarcelonanoticias.com\/en\/champions-league\/eric-rashford-and-joan-garcia-were-self-critical-in-london_315341_102.html#primaryimage","url":"https:\/\/www.fcbarcelonanoticias.com\/en\/wp-content\/uploads\/sites\/2\/2025\/11\/jugadores-fc-barceelona-v-chelsea-champions-2.webp","contentUrl":"https:\/\/www.fcbarcelonanoticias.com\/en\/wp-content\/uploads\/sites\/2\/2025\/11\/jugadores-fc-barceelona-v-chelsea-champions-2.webp","width":1200,"height":675},{"@type":"BreadcrumbList","@id":"https:\/\/www.fcbarcelonanoticias.com\/en\/champions-league\/eric-rashford-and-joan-garcia-were-self-critical-in-london_315341_102.html#breadcrumb","itemListElement":[{"@type":"ListItem","position":1,"name":"Portada","item":"https:\/\/www.fcbarcelonanoticias.com\/en\/"},{"@type":"ListItem","position":2,"name":"Eric, Rashford and Joan Garc\u00eda spoke for Bar\u00e7a after the debacle in London"}]},{"@type":"WebSite","@id":"https:\/\/www.fcbarcelonanoticias.com\/en\/#website","url":"https:\/\/www.fcbarcelonanoticias.com\/en\/","name":"EN - FC Barcelona Noticias","description":"","potentialAction":[{"@type":"SearchAction","target":{"@type":"EntryPoint","urlTemplate":"https:\/\/www.fcbarcelonanoticias.com\/en\/?s={search_term_string}"},"query-input":{"@type":"PropertyValueSpecification","valueRequired":true,"valueName":"search_term_string"}}],"inLanguage":"en-US"},{"@type":"Person","@id":"https:\/\/www.fcbarcelonanoticias.com\/en\/#\/schema\/person\/c2cd9f6fa1af5c0d0eccd0fefa575c88","name":"Andr\u00e9s Quiroz","image":{"@type":"ImageObject","inLanguage":"en-US","@id":"https:\/\/secure.gravatar.com\/avatar\/?s=96&d=mm&r=g","url":"https:\/\/secure.gravatar.com\/avatar\/?s=96&d=mm&r=g","contentUrl":"https:\/\/secure.gravatar.com\/avatar\/?s=96&d=mm&r=g","caption":"Andr\u00e9s Quiroz"},"description":"Licenciado en Periodismo por la Universidad de los Andes. Me encargo de analizar y compartir los contenidos m\u00e1s destacados de la\u00a0actualidad del F\u00fatbol Club Barcelona, Mercado de Fichajes y F\u00fatbol Internacional en FCBN. La informaci\u00f3n es poder, pero tambi\u00e9n conocimiento.","url":"https:\/\/www.fcbarcelonanoticias.com\/en\/fc-barcelona\/andres-quiroz_17_115.html"}]}},"_links":{"self":[{"href":"https:\/\/www.fcbarcelonanoticias.com\/en\/wp-json\/wp\/v2\/posts\/4353","targetHints":{"allow":["GET"]}}],"collection":[{"href":"https:\/\/www.fcbarcelonanoticias.com\/en\/wp-json\/wp\/v2\/posts"}],"about":[{"href":"https:\/\/www.fcbarcelonanoticias.com\/en\/wp-json\/wp\/v2\/types\/post"}],"author":[{"embeddable":true,"href":"https:\/\/www.fcbarcelonanoticias.com\/en\/wp-json\/wp\/v2\/users\/347"}],"replies":[{"embeddable":true,"href":"https:\/\/www.fcbarcelonanoticias.com\/en\/wp-json\/wp\/v2\/comments?post=4353"}],"version-history":[{"count":1,"href":"https:\/\/www.fcbarcelonanoticias.com\/en\/wp-json\/wp\/v2\/posts\/4353\/revisions"}],"predecessor-version":[{"id":101228,"href":"https:\/\/www.fcbarcelonanoticias.com\/en\/wp-json\/wp\/v2\/posts\/4353\/revisions\/101228"}],"wp:featuredmedia":[{"embeddable":true,"href":"https:\/\/www.fcbarcelonanoticias.com\/en\/wp-json\/wp\/v2\/media\/4354"}],"wp:attachment":[{"href":"https:\/\/www.fcbarcelonanoticias.com\/en\/wp-json\/wp\/v2\/media?parent=4353"}],"wp:term":[{"taxonomy":"category","embeddable":true,"href":"https:\/\/www.fcbarcelonanoticias.com\/en\/wp-json\/wp\/v2\/categories?post=4353"},{"taxonomy":"post_tag","embeddable":true,"href":"https:\/\/www.fcbarcelonanoticias.com\/en\/wp-json\/wp\/v2\/tags?post=4353"}],"curies":[{"name":"wp","href":"https:\/\/api.w.org\/{rel}","templated":true}]}}