{"id":43744,"date":"2024-07-11T09:39:00","date_gmt":"2024-07-11T07:39:00","guid":{"rendered":"https:\/\/weisetech.dev\/fc-barcelona-noticias\/en\/date-and-time-of-the-copa-america-final-between-argentinia-and-colombia_305333_102\/"},"modified":"2024-07-11T23:46:00","modified_gmt":"2024-07-11T21:46:00","slug":"date-and-time-of-the-copa-america-final-between-argentinia-and-colombia_305333_102","status":"publish","type":"post","link":"https:\/\/www.fcbarcelonanoticias.com\/en\/international-football\/date-and-time-of-the-copa-america-final-between-argentinia-and-colombia_305333_102.html","title":{"rendered":"Date and time of the Copa America final between Argentina and Colombia"},"content":{"rendered":"<h2 class=\"wp-block-heading\">This Sunday the new champion of the Copa Am\u00e9rica will be known and below we review all the details of the match between Leo Messi&#8217;s Argentina and the Colombian team led by Luis D\u00edaz and James Rodr\u00edguez<\/h2>  \r\n<div class=\"article-addons\">\r\n    <a href=\"https:\/\/www.fcbarcelonanoticias.com\/en\/calendar-fc-barcelona.html\"\r\n       target=\"_self\"\r\n       title=\"Calendar of FC Barcelona\"\r\n       class=\"blue-gredient-btn\">\r\n       \r\n        Calendar of FC Barcelona    <\/a>\r\n<\/div>   <p>Argentina and Colombia will define the next weekend to the new champion of the Glass America in a final that promises a lot of in the city of Miami. <strong>The ones of Lionel Scaloni sealed his classification in the first semifinal of the tournament <a data-external=\"0\" data-intl-links-en=\"https:\/\/www.fcbarcelonanoticias.com\/en\/international-football\/argentina-leaves-doubts-behind-against-canada-and-will-play-another-copa-america-final-2-0_305301_102.html\" data-intl-links-es=\"https:\/\/www.fcbarcelonanoticias.com\/futbol-internacional\/argentina-deja-dudas-atras-contra-canada-jugara-otra-final-copa-america-2-0_305301_102.html\" href=\"https:\/\/www.fcbarcelonanoticias.com\/en\/international-football\/argentina-leaves-doubts-behind-against-canada-and-will-play-another-copa-america-final-2-0_305301_102.html\" rel=\"follow\" target=\"_self\" title=\"Argentina deja las dudas atr\u00e1s contra Canad\u00e1 y jugar\u00e1 otra final de Copa Am\u00e9rica (2-0)\">after defeating with some comfort to Canada (2-0)<\/a><\/strong> with goals of Juli\u00e1n \u00c1lvarez and Leo Messi, an identical result to the of the debut in the competition in which the albiceleste also had confronted to the combined North American.<\/p>  <p><strong>In spite of have not deployed up to now his more brilliant game, Argentina arrives invicta to the final with four victories and a tie<\/strong>. The valid champions of the competition, and also of the world, surpassed in the debut to Canada (2-0) and afterwards surpassed to Chile(0-1) and Peru (2-0) to complete his first phase and advance with puntaje ideal to the quarter-finals like leaders of the group To. In chambers, the Argentinians suffered more than the thought and even brushed the elimination after a 1-1 in front of Ecuador that finished resolving in the tande of penaltis (1-1, 4-2 p.).<\/p>  <p>By his part, Colombia arrives to the final <strong><a data-external=\"0\" data-intl-links-en=\"https:\/\/www.fcbarcelonanoticias.com\/en\/international-football\/to-the-final-against-argentina-colombia-resists-the-entire-2nd-half-with-10-and-eliminates-uruguay-1-0_305332_102.html\" data-intl-links-es=\"https:\/\/www.fcbarcelonanoticias.com\/futbol-internacional\/a-final-contra-argentina-colombia-resiste-toda-2a-parte-con-10-elimina-uruguay-1-0_305332_102.html\" href=\"https:\/\/www.fcbarcelonanoticias.com\/en\/international-football\/to-the-final-against-argentina-colombia-resists-the-entire-2nd-half-with-10-and-eliminates-uruguay-1-0_305332_102.html\" rel=\"follow\" target=\"_self\" title=\"\u00a1A la final contra Argentina! Colombia resiste toda la 2\u00aa parte con 10 y elimina a Uruguay (1-0)\">after leaving on the way to the another big favourite of the tournament, the selection of Uruguay<\/a>. <\/strong>The cafeteros added two victories in the phase of groups, in front of Paraguay (2-1) and Costa Rica (3-0), closing with a tie in front of Brazil (1-1) that left them like leaders of the group D. Afterwards, in quarter-finals, <strong>kept his good level to the golear 5-0 to Panama, to install in the semifinals in front of an Uruguay that came deploying a big game. Finally, Colombia imposed by 1-0, with a player less during the second time, but resisting the celestial attacks.<\/strong><\/p>  <h2>Date and schedule of the final of the Glass America 2024<\/h2>  <ul> <li>Monday, 15 July (2:00 h, &#8216;Movistar Plus+&#8217; and &#8216;TV3&#8217;). Hard Rock Stadium of Miami (20:00h venues) | Argentina-Colombia<\/li> <\/ul> <p>Like this, everything is defined to know to the new champion of the Glass America, a tournament that for the first time has had 16 participants and a format of four groups. <strong>The ones of Leo Messi will look for to revalidate his title after the triumph in 2021 and besides remain in solitary like the most winning selection if they attain to raise the trophy by time sixteenth occasion. <\/strong>Colombia by his part, goes to by his second trophy after the championship obtained in 2001.<\/p> ","protected":false},"excerpt":{"rendered":"<p>This Sunday the new champion of the Copa Am\u00e9rica will be known and below we review all the details of the match between Leo Messi&#8217;s Argentina and the Colombian team led by Luis D\u00edaz and James Rodr\u00edguez Argentina and Colombia will define the next weekend to the new champion of the Glass America in a [&hellip;]<\/p>\n","protected":false},"author":345,"featured_media":43669,"comment_status":"closed","ping_status":"open","sticky":false,"template":"","format":"standard","meta":{"_acf_changed":false,"inline_featured_image":false,"_nextfly_llmd_date_locked":false,"footnotes":""},"categories":[115,451],"tags":[364],"class_list":["post-43744","post","type-post","status-publish","format-standard","has-post-thumbnail","hentry","category-lionel-messi","category-lionel-messi-2","tag-luis-diaz"],"acf":[],"yoast_head":"<!-- This site is optimized with the Yoast SEO plugin v27.3 - https:\/\/yoast.com\/product\/yoast-seo-wordpress\/ -->\n<title>Date and time of the Copa America final between Argentina and Colombia<\/title>\n<meta name=\"description\" content=\"This Sunday the new champion of the Copa Am\u00e9rica will be known and below we review all the details of the match between Leo Messi&#039;s Argentina and the Colombian team led by Luis D\u00edaz and James Rodr\u00edguez\" \/>\n<meta name=\"robots\" content=\"index, follow, max-snippet:-1, max-image-preview:large, max-video-preview:-1\" \/>\n<link rel=\"canonical\" href=\"https:\/\/www.fcbarcelonanoticias.com\/en\/international-football\/date-and-time-of-the-copa-america-final-between-argentinia-and-colombia_305333_102.html\" \/>\n<meta property=\"og:locale\" content=\"en_US\" \/>\n<meta property=\"og:type\" content=\"article\" \/>\n<meta property=\"og:title\" content=\"Date and time of the Copa America final between Argentina and Colombia\" \/>\n<meta property=\"og:description\" content=\"This Sunday the new champion of the Copa Am\u00e9rica will be known and below we review all the details of the match between Leo Messi&#039;s Argentina and the Colombian team led by Luis D\u00edaz and James Rodr\u00edguez\" \/>\n<meta property=\"og:url\" content=\"https:\/\/www.fcbarcelonanoticias.com\/en\/international-football\/date-and-time-of-the-copa-america-final-between-argentinia-and-colombia_305333_102.html\" \/>\n<meta property=\"og:site_name\" content=\"EN - FC Barcelona Noticias\" \/>\n<meta property=\"article:published_time\" content=\"2024-07-11T07:39:00+00:00\" \/>\n<meta property=\"article:modified_time\" content=\"2024-07-11T21:46:00+00:00\" \/>\n<meta property=\"og:image\" content=\"https:\/\/www.fcbarcelonanoticias.com\/en\/wp-content\/uploads\/sites\/2\/2024\/07\/trofeo-copa-america.jpeg\" \/>\n\t<meta property=\"og:image:width\" content=\"1300\" \/>\n\t<meta property=\"og:image:height\" content=\"734\" \/>\n\t<meta property=\"og:image:type\" content=\"image\/jpeg\" \/>\n<meta name=\"author\" content=\"Carlos Montenegro\" \/>\n<meta name=\"twitter:card\" content=\"summary_large_image\" \/>\n<meta name=\"twitter:label1\" content=\"Written by\" \/>\n\t<meta name=\"twitter:data1\" content=\"Carlos Montenegro\" \/>\n\t<meta name=\"twitter:label2\" content=\"Est. reading time\" \/>\n\t<meta name=\"twitter:data2\" content=\"2 minutes\" \/>\n<script type=\"application\/ld+json\" class=\"yoast-schema-graph\">{\"@context\":\"https:\\\/\\\/schema.org\",\"@graph\":[{\"@type\":\"Article\",\"@id\":\"https:\\\/\\\/www.fcbarcelonanoticias.com\\\/en\\\/international-football\\\/date-and-time-of-the-copa-america-final-between-argentinia-and-colombia_305333_102.html#article\",\"isPartOf\":{\"@id\":\"https:\\\/\\\/www.fcbarcelonanoticias.com\\\/en\\\/international-football\\\/date-and-time-of-the-copa-america-final-between-argentinia-and-colombia_305333_102.html\"},\"author\":{\"name\":\"Carlos Montenegro\",\"@id\":\"https:\\\/\\\/www.fcbarcelonanoticias.com\\\/en\\\/#\\\/schema\\\/person\\\/aa1d038709c262cb247e240f6b39bbf5\"},\"headline\":\"Date and time of the Copa America final between Argentina and Colombia\",\"datePublished\":\"2024-07-11T07:39:00+00:00\",\"dateModified\":\"2024-07-11T21:46:00+00:00\",\"mainEntityOfPage\":{\"@id\":\"https:\\\/\\\/www.fcbarcelonanoticias.com\\\/en\\\/international-football\\\/date-and-time-of-the-copa-america-final-between-argentinia-and-colombia_305333_102.html\"},\"wordCount\":457,\"image\":{\"@id\":\"https:\\\/\\\/www.fcbarcelonanoticias.com\\\/en\\\/international-football\\\/date-and-time-of-the-copa-america-final-between-argentinia-and-colombia_305333_102.html#primaryimage\"},\"thumbnailUrl\":\"https:\\\/\\\/www.fcbarcelonanoticias.com\\\/en\\\/wp-content\\\/uploads\\\/sites\\\/2\\\/2024\\\/07\\\/trofeo-copa-america.jpeg\",\"keywords\":[\"Luis D\u00edaz\"],\"articleSection\":[\"Lionel Messi\",\"Lionel Messi\"],\"inLanguage\":\"en-US\"},{\"@type\":\"WebPage\",\"@id\":\"https:\\\/\\\/www.fcbarcelonanoticias.com\\\/en\\\/international-football\\\/date-and-time-of-the-copa-america-final-between-argentinia-and-colombia_305333_102.html\",\"url\":\"https:\\\/\\\/www.fcbarcelonanoticias.com\\\/en\\\/international-football\\\/date-and-time-of-the-copa-america-final-between-argentinia-and-colombia_305333_102.html\",\"name\":\"Date and time of the Copa America final between Argentina and Colombia\",\"isPartOf\":{\"@id\":\"https:\\\/\\\/www.fcbarcelonanoticias.com\\\/en\\\/#website\"},\"primaryImageOfPage\":{\"@id\":\"https:\\\/\\\/www.fcbarcelonanoticias.com\\\/en\\\/international-football\\\/date-and-time-of-the-copa-america-final-between-argentinia-and-colombia_305333_102.html#primaryimage\"},\"image\":{\"@id\":\"https:\\\/\\\/www.fcbarcelonanoticias.com\\\/en\\\/international-football\\\/date-and-time-of-the-copa-america-final-between-argentinia-and-colombia_305333_102.html#primaryimage\"},\"thumbnailUrl\":\"https:\\\/\\\/www.fcbarcelonanoticias.com\\\/en\\\/wp-content\\\/uploads\\\/sites\\\/2\\\/2024\\\/07\\\/trofeo-copa-america.jpeg\",\"datePublished\":\"2024-07-11T07:39:00+00:00\",\"dateModified\":\"2024-07-11T21:46:00+00:00\",\"author\":{\"@id\":\"https:\\\/\\\/www.fcbarcelonanoticias.com\\\/en\\\/#\\\/schema\\\/person\\\/aa1d038709c262cb247e240f6b39bbf5\"},\"description\":\"This Sunday the new champion of the Copa Am\u00e9rica will be known and below we review all the details of the match between Leo Messi's Argentina and the Colombian team led by Luis D\u00edaz and James Rodr\u00edguez\",\"breadcrumb\":{\"@id\":\"https:\\\/\\\/www.fcbarcelonanoticias.com\\\/en\\\/international-football\\\/date-and-time-of-the-copa-america-final-between-argentinia-and-colombia_305333_102.html#breadcrumb\"},\"inLanguage\":\"en-US\",\"potentialAction\":[{\"@type\":\"ReadAction\",\"target\":[\"https:\\\/\\\/www.fcbarcelonanoticias.com\\\/en\\\/international-football\\\/date-and-time-of-the-copa-america-final-between-argentinia-and-colombia_305333_102.html\"]}]},{\"@type\":\"ImageObject\",\"inLanguage\":\"en-US\",\"@id\":\"https:\\\/\\\/www.fcbarcelonanoticias.com\\\/en\\\/international-football\\\/date-and-time-of-the-copa-america-final-between-argentinia-and-colombia_305333_102.html#primaryimage\",\"url\":\"https:\\\/\\\/www.fcbarcelonanoticias.com\\\/en\\\/wp-content\\\/uploads\\\/sites\\\/2\\\/2024\\\/07\\\/trofeo-copa-america.jpeg\",\"contentUrl\":\"https:\\\/\\\/www.fcbarcelonanoticias.com\\\/en\\\/wp-content\\\/uploads\\\/sites\\\/2\\\/2024\\\/07\\\/trofeo-copa-america.jpeg\",\"width\":1300,\"height\":734},{\"@type\":\"BreadcrumbList\",\"@id\":\"https:\\\/\\\/www.fcbarcelonanoticias.com\\\/en\\\/international-football\\\/date-and-time-of-the-copa-america-final-between-argentinia-and-colombia_305333_102.html#breadcrumb\",\"itemListElement\":[{\"@type\":\"ListItem\",\"position\":1,\"name\":\"Portada\",\"item\":\"https:\\\/\\\/www.fcbarcelonanoticias.com\\\/en\\\/\"},{\"@type\":\"ListItem\",\"position\":2,\"name\":\"Date and time of the Copa America final between Argentina and Colombia\"}]},{\"@type\":\"WebSite\",\"@id\":\"https:\\\/\\\/www.fcbarcelonanoticias.com\\\/en\\\/#website\",\"url\":\"https:\\\/\\\/www.fcbarcelonanoticias.com\\\/en\\\/\",\"name\":\"EN - FC Barcelona Noticias\",\"description\":\"\",\"potentialAction\":[{\"@type\":\"SearchAction\",\"target\":{\"@type\":\"EntryPoint\",\"urlTemplate\":\"https:\\\/\\\/www.fcbarcelonanoticias.com\\\/en\\\/?s={search_term_string}\"},\"query-input\":{\"@type\":\"PropertyValueSpecification\",\"valueRequired\":true,\"valueName\":\"search_term_string\"}}],\"inLanguage\":\"en-US\"},{\"@type\":\"Person\",\"@id\":\"https:\\\/\\\/www.fcbarcelonanoticias.com\\\/en\\\/#\\\/schema\\\/person\\\/aa1d038709c262cb247e240f6b39bbf5\",\"name\":\"Carlos Montenegro\",\"image\":{\"@type\":\"ImageObject\",\"inLanguage\":\"en-US\",\"@id\":\"https:\\\/\\\/secure.gravatar.com\\\/avatar\\\/?s=96&d=mm&r=g\",\"url\":\"https:\\\/\\\/secure.gravatar.com\\\/avatar\\\/?s=96&d=mm&r=g\",\"contentUrl\":\"https:\\\/\\\/secure.gravatar.com\\\/avatar\\\/?s=96&d=mm&r=g\",\"caption\":\"Carlos Montenegro\"},\"url\":\"https:\\\/\\\/www.fcbarcelonanoticias.com\\\/en\\\/carlos-montenegro_20_115.html\"}]}<\/script>\n<!-- \/ Yoast SEO plugin. -->","yoast_head_json":{"title":"Date and time of the Copa America final between Argentina and Colombia","description":"This Sunday the new champion of the Copa Am\u00e9rica will be known and below we review all the details of the match between Leo Messi's Argentina and the Colombian team led by Luis D\u00edaz and James Rodr\u00edguez","robots":{"index":"index","follow":"follow","max-snippet":"max-snippet:-1","max-image-preview":"max-image-preview:large","max-video-preview":"max-video-preview:-1"},"canonical":"https:\/\/www.fcbarcelonanoticias.com\/en\/international-football\/date-and-time-of-the-copa-america-final-between-argentinia-and-colombia_305333_102.html","og_locale":"en_US","og_type":"article","og_title":"Date and time of the Copa America final between Argentina and Colombia","og_description":"This Sunday the new champion of the Copa Am\u00e9rica will be known and below we review all the details of the match between Leo Messi's Argentina and the Colombian team led by Luis D\u00edaz and James Rodr\u00edguez","og_url":"https:\/\/www.fcbarcelonanoticias.com\/en\/international-football\/date-and-time-of-the-copa-america-final-between-argentinia-and-colombia_305333_102.html","og_site_name":"EN - FC Barcelona Noticias","article_published_time":"2024-07-11T07:39:00+00:00","article_modified_time":"2024-07-11T21:46:00+00:00","og_image":[{"width":1300,"height":734,"url":"https:\/\/www.fcbarcelonanoticias.com\/en\/wp-content\/uploads\/sites\/2\/2024\/07\/trofeo-copa-america.jpeg","type":"image\/jpeg"}],"author":"Carlos Montenegro","twitter_card":"summary_large_image","twitter_misc":{"Written by":"Carlos Montenegro","Est. reading time":"2 minutes"},"schema":{"@context":"https:\/\/schema.org","@graph":[{"@type":"Article","@id":"https:\/\/www.fcbarcelonanoticias.com\/en\/international-football\/date-and-time-of-the-copa-america-final-between-argentinia-and-colombia_305333_102.html#article","isPartOf":{"@id":"https:\/\/www.fcbarcelonanoticias.com\/en\/international-football\/date-and-time-of-the-copa-america-final-between-argentinia-and-colombia_305333_102.html"},"author":{"name":"Carlos Montenegro","@id":"https:\/\/www.fcbarcelonanoticias.com\/en\/#\/schema\/person\/aa1d038709c262cb247e240f6b39bbf5"},"headline":"Date and time of the Copa America final between Argentina and Colombia","datePublished":"2024-07-11T07:39:00+00:00","dateModified":"2024-07-11T21:46:00+00:00","mainEntityOfPage":{"@id":"https:\/\/www.fcbarcelonanoticias.com\/en\/international-football\/date-and-time-of-the-copa-america-final-between-argentinia-and-colombia_305333_102.html"},"wordCount":457,"image":{"@id":"https:\/\/www.fcbarcelonanoticias.com\/en\/international-football\/date-and-time-of-the-copa-america-final-between-argentinia-and-colombia_305333_102.html#primaryimage"},"thumbnailUrl":"https:\/\/www.fcbarcelonanoticias.com\/en\/wp-content\/uploads\/sites\/2\/2024\/07\/trofeo-copa-america.jpeg","keywords":["Luis D\u00edaz"],"articleSection":["Lionel Messi","Lionel Messi"],"inLanguage":"en-US"},{"@type":"WebPage","@id":"https:\/\/www.fcbarcelonanoticias.com\/en\/international-football\/date-and-time-of-the-copa-america-final-between-argentinia-and-colombia_305333_102.html","url":"https:\/\/www.fcbarcelonanoticias.com\/en\/international-football\/date-and-time-of-the-copa-america-final-between-argentinia-and-colombia_305333_102.html","name":"Date and time of the Copa America final between Argentina and Colombia","isPartOf":{"@id":"https:\/\/www.fcbarcelonanoticias.com\/en\/#website"},"primaryImageOfPage":{"@id":"https:\/\/www.fcbarcelonanoticias.com\/en\/international-football\/date-and-time-of-the-copa-america-final-between-argentinia-and-colombia_305333_102.html#primaryimage"},"image":{"@id":"https:\/\/www.fcbarcelonanoticias.com\/en\/international-football\/date-and-time-of-the-copa-america-final-between-argentinia-and-colombia_305333_102.html#primaryimage"},"thumbnailUrl":"https:\/\/www.fcbarcelonanoticias.com\/en\/wp-content\/uploads\/sites\/2\/2024\/07\/trofeo-copa-america.jpeg","datePublished":"2024-07-11T07:39:00+00:00","dateModified":"2024-07-11T21:46:00+00:00","author":{"@id":"https:\/\/www.fcbarcelonanoticias.com\/en\/#\/schema\/person\/aa1d038709c262cb247e240f6b39bbf5"},"description":"This Sunday the new champion of the Copa Am\u00e9rica will be known and below we review all the details of the match between Leo Messi's Argentina and the Colombian team led by Luis D\u00edaz and James Rodr\u00edguez","breadcrumb":{"@id":"https:\/\/www.fcbarcelonanoticias.com\/en\/international-football\/date-and-time-of-the-copa-america-final-between-argentinia-and-colombia_305333_102.html#breadcrumb"},"inLanguage":"en-US","potentialAction":[{"@type":"ReadAction","target":["https:\/\/www.fcbarcelonanoticias.com\/en\/international-football\/date-and-time-of-the-copa-america-final-between-argentinia-and-colombia_305333_102.html"]}]},{"@type":"ImageObject","inLanguage":"en-US","@id":"https:\/\/www.fcbarcelonanoticias.com\/en\/international-football\/date-and-time-of-the-copa-america-final-between-argentinia-and-colombia_305333_102.html#primaryimage","url":"https:\/\/www.fcbarcelonanoticias.com\/en\/wp-content\/uploads\/sites\/2\/2024\/07\/trofeo-copa-america.jpeg","contentUrl":"https:\/\/www.fcbarcelonanoticias.com\/en\/wp-content\/uploads\/sites\/2\/2024\/07\/trofeo-copa-america.jpeg","width":1300,"height":734},{"@type":"BreadcrumbList","@id":"https:\/\/www.fcbarcelonanoticias.com\/en\/international-football\/date-and-time-of-the-copa-america-final-between-argentinia-and-colombia_305333_102.html#breadcrumb","itemListElement":[{"@type":"ListItem","position":1,"name":"Portada","item":"https:\/\/www.fcbarcelonanoticias.com\/en\/"},{"@type":"ListItem","position":2,"name":"Date and time of the Copa America final between Argentina and Colombia"}]},{"@type":"WebSite","@id":"https:\/\/www.fcbarcelonanoticias.com\/en\/#website","url":"https:\/\/www.fcbarcelonanoticias.com\/en\/","name":"EN - FC Barcelona Noticias","description":"","potentialAction":[{"@type":"SearchAction","target":{"@type":"EntryPoint","urlTemplate":"https:\/\/www.fcbarcelonanoticias.com\/en\/?s={search_term_string}"},"query-input":{"@type":"PropertyValueSpecification","valueRequired":true,"valueName":"search_term_string"}}],"inLanguage":"en-US"},{"@type":"Person","@id":"https:\/\/www.fcbarcelonanoticias.com\/en\/#\/schema\/person\/aa1d038709c262cb247e240f6b39bbf5","name":"Carlos Montenegro","image":{"@type":"ImageObject","inLanguage":"en-US","@id":"https:\/\/secure.gravatar.com\/avatar\/?s=96&d=mm&r=g","url":"https:\/\/secure.gravatar.com\/avatar\/?s=96&d=mm&r=g","contentUrl":"https:\/\/secure.gravatar.com\/avatar\/?s=96&d=mm&r=g","caption":"Carlos Montenegro"},"url":"https:\/\/www.fcbarcelonanoticias.com\/en\/carlos-montenegro_20_115.html"}]}},"_links":{"self":[{"href":"https:\/\/www.fcbarcelonanoticias.com\/en\/wp-json\/wp\/v2\/posts\/43744","targetHints":{"allow":["GET"]}}],"collection":[{"href":"https:\/\/www.fcbarcelonanoticias.com\/en\/wp-json\/wp\/v2\/posts"}],"about":[{"href":"https:\/\/www.fcbarcelonanoticias.com\/en\/wp-json\/wp\/v2\/types\/post"}],"author":[{"embeddable":true,"href":"https:\/\/www.fcbarcelonanoticias.com\/en\/wp-json\/wp\/v2\/users\/345"}],"replies":[{"embeddable":true,"href":"https:\/\/www.fcbarcelonanoticias.com\/en\/wp-json\/wp\/v2\/comments?post=43744"}],"version-history":[{"count":1,"href":"https:\/\/www.fcbarcelonanoticias.com\/en\/wp-json\/wp\/v2\/posts\/43744\/revisions"}],"predecessor-version":[{"id":114192,"href":"https:\/\/www.fcbarcelonanoticias.com\/en\/wp-json\/wp\/v2\/posts\/43744\/revisions\/114192"}],"wp:featuredmedia":[{"embeddable":true,"href":"https:\/\/www.fcbarcelonanoticias.com\/en\/wp-json\/wp\/v2\/media\/43669"}],"wp:attachment":[{"href":"https:\/\/www.fcbarcelonanoticias.com\/en\/wp-json\/wp\/v2\/media?parent=43744"}],"wp:term":[{"taxonomy":"category","embeddable":true,"href":"https:\/\/www.fcbarcelonanoticias.com\/en\/wp-json\/wp\/v2\/categories?post=43744"},{"taxonomy":"post_tag","embeddable":true,"href":"https:\/\/www.fcbarcelonanoticias.com\/en\/wp-json\/wp\/v2\/tags?post=43744"}],"curies":[{"name":"wp","href":"https:\/\/api.w.org\/{rel}","templated":true}]}}