{"id":43804,"date":"2022-09-18T19:10:00","date_gmt":"2022-09-18T17:10:00","guid":{"rendered":"https:\/\/weisetech.dev\/fc-barcelona-noticias\/en\/deulofeu-leads-udinese-sinks-inter-3-1_284487_102\/"},"modified":"2022-09-18T19:10:00","modified_gmt":"2022-09-18T17:10:00","slug":"deulofeu-leads-udinese-sinks-inter-3-1_284487_102","status":"publish","type":"post","link":"https:\/\/www.fcbarcelonanoticias.com\/en\/international-football\/deulofeu-leads-udinese-sinks-inter-3-1_284487_102.html","title":{"rendered":"Deulofeu leads a Udinese that sinks Inter (3-1)"},"content":{"rendered":"<h2 class=\"wp-block-heading\">Udinese gave one of the surprises of the weekend by defeating Inter Milan 3-1. The &#8216;friuliani&#8217; were led by a differential Gerard Deulofeu, who distributed two assists and constantly generated danger<\/h2>  \r\n<div class=\"article-addons\">\r\n    <a href=\"https:\/\/www.fcbarcelonanoticias.com\/en\/calendar-fc-barcelona.html\"\r\n       target=\"_self\"\r\n       title=\"Calendar of FC Barcelona\"\r\n       class=\"blue-gredient-btn\">\r\n       \r\n        Calendar of FC Barcelona    <\/a>\r\n<\/div>   <p>The <a data-external=\"0\" data-intl-links-en=\"https:\/\/www.fcbarcelonanoticias.com\/en\/tags\/inter-milan\" data-intl-links-es=\"https:\/\/www.fcbarcelonanoticias.com\/tags\/inter-milan\" href=\"https:\/\/www.fcbarcelonanoticias.com\/en\/tags\/inter-milan.html\" rel=\"follow\" target=\"_self\" title=\"Inter Milan\">Inter of Milan<\/a> visited Dacia Sand during this Sunday to see the faces with the Udinese in the corresponding party to the seventh day of the Series To. <strong>The &#8216;neroazzurri&#8217; arrived to the meeting after a pair of consecutive victories to the Torino (1-0) and to Viktoria Plzen by Champions League (0-2<\/strong>) and looked for to continue with his good series in the local championship, where are needed of triumphs for scalar positions in the table of clasifiaci\u00f3n.<\/p>  <p>By his part, the square directed by Andrea Sottil is the disclosure of the championship, <strong>situating in the first places of the table and chaining 6 parties of way invicta, with 1 tie and five consecutive victories<\/strong>. Like this then , the party in front of &#8216;Il Biscione&#8217; tornaba key for the &#8216;bianconeri&#8217; in his research to keep in European positions, place impensado for the team in some last years in where his priority went through not losing the category.<\/p>  <p>Of this way, both groups confronted in duel of high intensity, and like this remained showed from the first minute. The ones of Simone Inzaghi gave a tempranero &#8216;hit&#8217; on the table thanks to Nicol\u00f2 Barella, the one who annotated one of the goals of the day with a free shot envoy to the square of the arch defended by Marco Silvestri. However, <strong>the ones of Sottil grew in front of the adversity and put tables in the marker 17&#8242; afterwards by a goal in own door of Milan Skriniar<\/strong>.<\/p>  <p>After the so much celebrated by the rivals, the &#8216;neroazzurri&#8217; saw very affected and his passivity carried to the Udinese to dominate the meeting. Besides, they starred one of the most controversial episodes of the meeting since Inzaghi took the determination <strong>to replace so much to Bastoni as to Mkhitaryan, both admonished, before the rest<\/strong>. The footballers evidenciaron his discontent with the trainer, being the central the one who worse took it to him pateando with violence the bench.<\/p>  <h3>The &#8216;estocada&#8217; final<\/h3>  <p>Finally, in the second part all finished of &#8216;derrumbar&#8217; for the interistas, those who were victims of a big <a data-external=\"0\" data-intl-links-en=\"https:\/\/www.fcbarcelonanoticias.com\/en\/tags\/deulofeu\" data-intl-links-es=\"https:\/\/www.fcbarcelonanoticias.com\/tags\/deulofeu\" href=\"https:\/\/www.fcbarcelonanoticias.com\/en\/tags\/deulofeu.html\" rel=\"follow\" target=\"_self\" title=\"Deulofeu\">Gerard Deulofeu<\/a>. <strong>The ex canterano of the FC Barcelona was the protagonist of the meeting when giving the two assistances that certified the traced back &#8216;bianconeri&#8217;<\/strong>. The first of them took place in the minute 84, when Bijol put the 2-1 when commanding a head butt at the end of the network, whereas the second was taken advantage of by an Arslan that put the 3-1 definite to the 93&#8242;. Like this the things, the &#8216;Zebrette&#8217; goes up to the peak of the table moment\u00e1neamente and equalises the best start of his history (16 points in 7 dates) of the hand of the Spanish extreme.<\/p> ","protected":false},"excerpt":{"rendered":"<p>Udinese gave one of the surprises of the weekend by defeating Inter Milan 3-1. The &#8216;friuliani&#8217; were led by a differential Gerard Deulofeu, who distributed two assists and constantly generated danger The Inter of Milan visited Dacia Sand during this Sunday to see the faces with the Udinese in the corresponding party to the seventh [&hellip;]<\/p>\n","protected":false},"author":358,"featured_media":43806,"comment_status":"closed","ping_status":"open","sticky":false,"template":"","format":"standard","meta":{"_acf_changed":false,"inline_featured_image":false,"_nextfly_llmd_date_locked":false,"footnotes":""},"categories":[1],"tags":[210,100],"class_list":["post-43804","post","type-post","status-publish","format-standard","has-post-thumbnail","hentry","category-sin-categoria","tag-deulofeu","tag-inter-milan"],"acf":[],"yoast_head":"<!-- This site is optimized with the Yoast SEO plugin v27.3 - https:\/\/yoast.com\/product\/yoast-seo-wordpress\/ -->\n<title>Deulofeu Leads to an Udinese that sinks to the Inter (3-1)<\/title>\n<meta name=\"description\" content=\"The Udinese gave one of the surprises of the weekend when defeating to the Inter of Milan by 3-1. The &#039;friuliani&#039; were led by Gerard Deulofeu dife...\" \/>\n<meta name=\"robots\" content=\"index, follow, max-snippet:-1, max-image-preview:large, max-video-preview:-1\" \/>\n<link rel=\"canonical\" href=\"https:\/\/www.fcbarcelonanoticias.com\/en\/international-football\/deulofeu-leads-udinese-sinks-inter-3-1_284487_102.html\" \/>\n<meta property=\"og:locale\" content=\"en_US\" \/>\n<meta property=\"og:type\" content=\"article\" \/>\n<meta property=\"og:title\" content=\"Deulofeu Leads to an Udinese that sinks to the Inter (3-1)\" \/>\n<meta property=\"og:description\" content=\"The Udinese gave one of the surprises of the weekend when defeating to the Inter of Milan by 3-1. The &#039;friuliani&#039; were led by Gerard Deulofeu dife...\" \/>\n<meta property=\"og:url\" content=\"https:\/\/www.fcbarcelonanoticias.com\/en\/international-football\/deulofeu-leads-udinese-sinks-inter-3-1_284487_102.html\" \/>\n<meta property=\"og:site_name\" content=\"EN - FC Barcelona Noticias\" \/>\n<meta property=\"article:published_time\" content=\"2022-09-18T17:10:00+00:00\" \/>\n<meta property=\"og:image\" content=\"https:\/\/www.fcbarcelonanoticias.com\/en\/wp-content\/uploads\/sites\/2\/2022\/09\/gerard-deulefou-ante-el-inter.jpeg\" \/>\n\t<meta property=\"og:image:width\" content=\"1300\" \/>\n\t<meta property=\"og:image:height\" content=\"732\" \/>\n\t<meta property=\"og:image:type\" content=\"image\/jpeg\" \/>\n<meta name=\"author\" content=\"Juan Pablo Berdugo\" \/>\n<meta name=\"twitter:card\" content=\"summary_large_image\" \/>\n<meta name=\"twitter:label1\" content=\"Written by\" \/>\n\t<meta name=\"twitter:data1\" content=\"Juan Pablo Berdugo\" \/>\n\t<meta name=\"twitter:label2\" content=\"Est. reading time\" \/>\n\t<meta name=\"twitter:data2\" content=\"2 minutes\" \/>\n<script type=\"application\/ld+json\" class=\"yoast-schema-graph\">{\"@context\":\"https:\\\/\\\/schema.org\",\"@graph\":[{\"@type\":\"Article\",\"@id\":\"https:\\\/\\\/www.fcbarcelonanoticias.com\\\/en\\\/international-football\\\/deulofeu-leads-udinese-sinks-inter-3-1_284487_102.html#article\",\"isPartOf\":{\"@id\":\"https:\\\/\\\/www.fcbarcelonanoticias.com\\\/en\\\/international-football\\\/deulofeu-leads-udinese-sinks-inter-3-1_284487_102.html\"},\"author\":{\"name\":\"Juan Pablo Berdugo\",\"@id\":\"https:\\\/\\\/www.fcbarcelonanoticias.com\\\/en\\\/#\\\/schema\\\/person\\\/88d756918a0a1ae9fa593b5edddd1815\"},\"headline\":\"Deulofeu leads a Udinese that sinks Inter (3-1)\",\"datePublished\":\"2022-09-18T17:10:00+00:00\",\"mainEntityOfPage\":{\"@id\":\"https:\\\/\\\/www.fcbarcelonanoticias.com\\\/en\\\/international-football\\\/deulofeu-leads-udinese-sinks-inter-3-1_284487_102.html\"},\"wordCount\":488,\"image\":{\"@id\":\"https:\\\/\\\/www.fcbarcelonanoticias.com\\\/en\\\/international-football\\\/deulofeu-leads-udinese-sinks-inter-3-1_284487_102.html#primaryimage\"},\"thumbnailUrl\":\"https:\\\/\\\/www.fcbarcelonanoticias.com\\\/en\\\/wp-content\\\/uploads\\\/sites\\\/2\\\/2022\\\/09\\\/gerard-deulefou-ante-el-inter.jpeg\",\"keywords\":[\"Deulofeu\",\"Inter Milan\"],\"articleSection\":[\"Sin categor\u00eda\"],\"inLanguage\":\"en-US\"},{\"@type\":\"WebPage\",\"@id\":\"https:\\\/\\\/www.fcbarcelonanoticias.com\\\/en\\\/international-football\\\/deulofeu-leads-udinese-sinks-inter-3-1_284487_102.html\",\"url\":\"https:\\\/\\\/www.fcbarcelonanoticias.com\\\/en\\\/international-football\\\/deulofeu-leads-udinese-sinks-inter-3-1_284487_102.html\",\"name\":\"Deulofeu Leads to an Udinese that sinks to the Inter (3-1)\",\"isPartOf\":{\"@id\":\"https:\\\/\\\/www.fcbarcelonanoticias.com\\\/en\\\/#website\"},\"primaryImageOfPage\":{\"@id\":\"https:\\\/\\\/www.fcbarcelonanoticias.com\\\/en\\\/international-football\\\/deulofeu-leads-udinese-sinks-inter-3-1_284487_102.html#primaryimage\"},\"image\":{\"@id\":\"https:\\\/\\\/www.fcbarcelonanoticias.com\\\/en\\\/international-football\\\/deulofeu-leads-udinese-sinks-inter-3-1_284487_102.html#primaryimage\"},\"thumbnailUrl\":\"https:\\\/\\\/www.fcbarcelonanoticias.com\\\/en\\\/wp-content\\\/uploads\\\/sites\\\/2\\\/2022\\\/09\\\/gerard-deulefou-ante-el-inter.jpeg\",\"datePublished\":\"2022-09-18T17:10:00+00:00\",\"author\":{\"@id\":\"https:\\\/\\\/www.fcbarcelonanoticias.com\\\/en\\\/#\\\/schema\\\/person\\\/88d756918a0a1ae9fa593b5edddd1815\"},\"description\":\"The Udinese gave one of the surprises of the weekend when defeating to the Inter of Milan by 3-1. The 'friuliani' were led by Gerard Deulofeu dife...\",\"breadcrumb\":{\"@id\":\"https:\\\/\\\/www.fcbarcelonanoticias.com\\\/en\\\/international-football\\\/deulofeu-leads-udinese-sinks-inter-3-1_284487_102.html#breadcrumb\"},\"inLanguage\":\"en-US\",\"potentialAction\":[{\"@type\":\"ReadAction\",\"target\":[\"https:\\\/\\\/www.fcbarcelonanoticias.com\\\/en\\\/international-football\\\/deulofeu-leads-udinese-sinks-inter-3-1_284487_102.html\"]}]},{\"@type\":\"ImageObject\",\"inLanguage\":\"en-US\",\"@id\":\"https:\\\/\\\/www.fcbarcelonanoticias.com\\\/en\\\/international-football\\\/deulofeu-leads-udinese-sinks-inter-3-1_284487_102.html#primaryimage\",\"url\":\"https:\\\/\\\/www.fcbarcelonanoticias.com\\\/en\\\/wp-content\\\/uploads\\\/sites\\\/2\\\/2022\\\/09\\\/gerard-deulefou-ante-el-inter.jpeg\",\"contentUrl\":\"https:\\\/\\\/www.fcbarcelonanoticias.com\\\/en\\\/wp-content\\\/uploads\\\/sites\\\/2\\\/2022\\\/09\\\/gerard-deulefou-ante-el-inter.jpeg\",\"width\":1300,\"height\":732},{\"@type\":\"BreadcrumbList\",\"@id\":\"https:\\\/\\\/www.fcbarcelonanoticias.com\\\/en\\\/international-football\\\/deulofeu-leads-udinese-sinks-inter-3-1_284487_102.html#breadcrumb\",\"itemListElement\":[{\"@type\":\"ListItem\",\"position\":1,\"name\":\"Portada\",\"item\":\"https:\\\/\\\/www.fcbarcelonanoticias.com\\\/en\\\/\"},{\"@type\":\"ListItem\",\"position\":2,\"name\":\"Deulofeu leads a Udinese that sinks Inter (3-1)\"}]},{\"@type\":\"WebSite\",\"@id\":\"https:\\\/\\\/www.fcbarcelonanoticias.com\\\/en\\\/#website\",\"url\":\"https:\\\/\\\/www.fcbarcelonanoticias.com\\\/en\\\/\",\"name\":\"EN - FC Barcelona Noticias\",\"description\":\"\",\"potentialAction\":[{\"@type\":\"SearchAction\",\"target\":{\"@type\":\"EntryPoint\",\"urlTemplate\":\"https:\\\/\\\/www.fcbarcelonanoticias.com\\\/en\\\/?s={search_term_string}\"},\"query-input\":{\"@type\":\"PropertyValueSpecification\",\"valueRequired\":true,\"valueName\":\"search_term_string\"}}],\"inLanguage\":\"en-US\"},{\"@type\":\"Person\",\"@id\":\"https:\\\/\\\/www.fcbarcelonanoticias.com\\\/en\\\/#\\\/schema\\\/person\\\/88d756918a0a1ae9fa593b5edddd1815\",\"name\":\"Juan Pablo Berdugo\",\"image\":{\"@type\":\"ImageObject\",\"inLanguage\":\"en-US\",\"@id\":\"https:\\\/\\\/secure.gravatar.com\\\/avatar\\\/?s=96&d=mm&r=g\",\"url\":\"https:\\\/\\\/secure.gravatar.com\\\/avatar\\\/?s=96&d=mm&r=g\",\"contentUrl\":\"https:\\\/\\\/secure.gravatar.com\\\/avatar\\\/?s=96&d=mm&r=g\",\"caption\":\"Juan Pablo Berdugo\"},\"description\":\"Juan Pablo Berdugo es graduado en Periodismo. Colabora con FCBN como especialista en informaci\u00f3n del primer equipo del FC Barcelona, f\u00fatbol internacional y mercado de fichajes. Destaca por su enfoque anal\u00edtico, su rigor informativo y su capacidad para detectar tendencias emergentes en el f\u00fatbol global.\",\"url\":\"https:\\\/\\\/www.fcbarcelonanoticias.com\\\/en\\\/fc-barcelona\\\/juan-pablo-berdugo_18_115.html\"}]}<\/script>\n<!-- \/ Yoast SEO plugin. -->","yoast_head_json":{"title":"Deulofeu Leads to an Udinese that sinks to the Inter (3-1)","description":"The Udinese gave one of the surprises of the weekend when defeating to the Inter of Milan by 3-1. The 'friuliani' were led by Gerard Deulofeu dife...","robots":{"index":"index","follow":"follow","max-snippet":"max-snippet:-1","max-image-preview":"max-image-preview:large","max-video-preview":"max-video-preview:-1"},"canonical":"https:\/\/www.fcbarcelonanoticias.com\/en\/international-football\/deulofeu-leads-udinese-sinks-inter-3-1_284487_102.html","og_locale":"en_US","og_type":"article","og_title":"Deulofeu Leads to an Udinese that sinks to the Inter (3-1)","og_description":"The Udinese gave one of the surprises of the weekend when defeating to the Inter of Milan by 3-1. The 'friuliani' were led by Gerard Deulofeu dife...","og_url":"https:\/\/www.fcbarcelonanoticias.com\/en\/international-football\/deulofeu-leads-udinese-sinks-inter-3-1_284487_102.html","og_site_name":"EN - FC Barcelona Noticias","article_published_time":"2022-09-18T17:10:00+00:00","og_image":[{"width":1300,"height":732,"url":"https:\/\/www.fcbarcelonanoticias.com\/en\/wp-content\/uploads\/sites\/2\/2022\/09\/gerard-deulefou-ante-el-inter.jpeg","type":"image\/jpeg"}],"author":"Juan Pablo Berdugo","twitter_card":"summary_large_image","twitter_misc":{"Written by":"Juan Pablo Berdugo","Est. reading time":"2 minutes"},"schema":{"@context":"https:\/\/schema.org","@graph":[{"@type":"Article","@id":"https:\/\/www.fcbarcelonanoticias.com\/en\/international-football\/deulofeu-leads-udinese-sinks-inter-3-1_284487_102.html#article","isPartOf":{"@id":"https:\/\/www.fcbarcelonanoticias.com\/en\/international-football\/deulofeu-leads-udinese-sinks-inter-3-1_284487_102.html"},"author":{"name":"Juan Pablo Berdugo","@id":"https:\/\/www.fcbarcelonanoticias.com\/en\/#\/schema\/person\/88d756918a0a1ae9fa593b5edddd1815"},"headline":"Deulofeu leads a Udinese that sinks Inter (3-1)","datePublished":"2022-09-18T17:10:00+00:00","mainEntityOfPage":{"@id":"https:\/\/www.fcbarcelonanoticias.com\/en\/international-football\/deulofeu-leads-udinese-sinks-inter-3-1_284487_102.html"},"wordCount":488,"image":{"@id":"https:\/\/www.fcbarcelonanoticias.com\/en\/international-football\/deulofeu-leads-udinese-sinks-inter-3-1_284487_102.html#primaryimage"},"thumbnailUrl":"https:\/\/www.fcbarcelonanoticias.com\/en\/wp-content\/uploads\/sites\/2\/2022\/09\/gerard-deulefou-ante-el-inter.jpeg","keywords":["Deulofeu","Inter Milan"],"articleSection":["Sin categor\u00eda"],"inLanguage":"en-US"},{"@type":"WebPage","@id":"https:\/\/www.fcbarcelonanoticias.com\/en\/international-football\/deulofeu-leads-udinese-sinks-inter-3-1_284487_102.html","url":"https:\/\/www.fcbarcelonanoticias.com\/en\/international-football\/deulofeu-leads-udinese-sinks-inter-3-1_284487_102.html","name":"Deulofeu Leads to an Udinese that sinks to the Inter (3-1)","isPartOf":{"@id":"https:\/\/www.fcbarcelonanoticias.com\/en\/#website"},"primaryImageOfPage":{"@id":"https:\/\/www.fcbarcelonanoticias.com\/en\/international-football\/deulofeu-leads-udinese-sinks-inter-3-1_284487_102.html#primaryimage"},"image":{"@id":"https:\/\/www.fcbarcelonanoticias.com\/en\/international-football\/deulofeu-leads-udinese-sinks-inter-3-1_284487_102.html#primaryimage"},"thumbnailUrl":"https:\/\/www.fcbarcelonanoticias.com\/en\/wp-content\/uploads\/sites\/2\/2022\/09\/gerard-deulefou-ante-el-inter.jpeg","datePublished":"2022-09-18T17:10:00+00:00","author":{"@id":"https:\/\/www.fcbarcelonanoticias.com\/en\/#\/schema\/person\/88d756918a0a1ae9fa593b5edddd1815"},"description":"The Udinese gave one of the surprises of the weekend when defeating to the Inter of Milan by 3-1. The 'friuliani' were led by Gerard Deulofeu dife...","breadcrumb":{"@id":"https:\/\/www.fcbarcelonanoticias.com\/en\/international-football\/deulofeu-leads-udinese-sinks-inter-3-1_284487_102.html#breadcrumb"},"inLanguage":"en-US","potentialAction":[{"@type":"ReadAction","target":["https:\/\/www.fcbarcelonanoticias.com\/en\/international-football\/deulofeu-leads-udinese-sinks-inter-3-1_284487_102.html"]}]},{"@type":"ImageObject","inLanguage":"en-US","@id":"https:\/\/www.fcbarcelonanoticias.com\/en\/international-football\/deulofeu-leads-udinese-sinks-inter-3-1_284487_102.html#primaryimage","url":"https:\/\/www.fcbarcelonanoticias.com\/en\/wp-content\/uploads\/sites\/2\/2022\/09\/gerard-deulefou-ante-el-inter.jpeg","contentUrl":"https:\/\/www.fcbarcelonanoticias.com\/en\/wp-content\/uploads\/sites\/2\/2022\/09\/gerard-deulefou-ante-el-inter.jpeg","width":1300,"height":732},{"@type":"BreadcrumbList","@id":"https:\/\/www.fcbarcelonanoticias.com\/en\/international-football\/deulofeu-leads-udinese-sinks-inter-3-1_284487_102.html#breadcrumb","itemListElement":[{"@type":"ListItem","position":1,"name":"Portada","item":"https:\/\/www.fcbarcelonanoticias.com\/en\/"},{"@type":"ListItem","position":2,"name":"Deulofeu leads a Udinese that sinks Inter (3-1)"}]},{"@type":"WebSite","@id":"https:\/\/www.fcbarcelonanoticias.com\/en\/#website","url":"https:\/\/www.fcbarcelonanoticias.com\/en\/","name":"EN - FC Barcelona Noticias","description":"","potentialAction":[{"@type":"SearchAction","target":{"@type":"EntryPoint","urlTemplate":"https:\/\/www.fcbarcelonanoticias.com\/en\/?s={search_term_string}"},"query-input":{"@type":"PropertyValueSpecification","valueRequired":true,"valueName":"search_term_string"}}],"inLanguage":"en-US"},{"@type":"Person","@id":"https:\/\/www.fcbarcelonanoticias.com\/en\/#\/schema\/person\/88d756918a0a1ae9fa593b5edddd1815","name":"Juan Pablo Berdugo","image":{"@type":"ImageObject","inLanguage":"en-US","@id":"https:\/\/secure.gravatar.com\/avatar\/?s=96&d=mm&r=g","url":"https:\/\/secure.gravatar.com\/avatar\/?s=96&d=mm&r=g","contentUrl":"https:\/\/secure.gravatar.com\/avatar\/?s=96&d=mm&r=g","caption":"Juan Pablo Berdugo"},"description":"Juan Pablo Berdugo es graduado en Periodismo. Colabora con FCBN como especialista en informaci\u00f3n del primer equipo del FC Barcelona, f\u00fatbol internacional y mercado de fichajes. Destaca por su enfoque anal\u00edtico, su rigor informativo y su capacidad para detectar tendencias emergentes en el f\u00fatbol global.","url":"https:\/\/www.fcbarcelonanoticias.com\/en\/fc-barcelona\/juan-pablo-berdugo_18_115.html"}]}},"_links":{"self":[{"href":"https:\/\/www.fcbarcelonanoticias.com\/en\/wp-json\/wp\/v2\/posts\/43804","targetHints":{"allow":["GET"]}}],"collection":[{"href":"https:\/\/www.fcbarcelonanoticias.com\/en\/wp-json\/wp\/v2\/posts"}],"about":[{"href":"https:\/\/www.fcbarcelonanoticias.com\/en\/wp-json\/wp\/v2\/types\/post"}],"author":[{"embeddable":true,"href":"https:\/\/www.fcbarcelonanoticias.com\/en\/wp-json\/wp\/v2\/users\/358"}],"replies":[{"embeddable":true,"href":"https:\/\/www.fcbarcelonanoticias.com\/en\/wp-json\/wp\/v2\/comments?post=43804"}],"version-history":[{"count":1,"href":"https:\/\/www.fcbarcelonanoticias.com\/en\/wp-json\/wp\/v2\/posts\/43804\/revisions"}],"predecessor-version":[{"id":114260,"href":"https:\/\/www.fcbarcelonanoticias.com\/en\/wp-json\/wp\/v2\/posts\/43804\/revisions\/114260"}],"wp:featuredmedia":[{"embeddable":true,"href":"https:\/\/www.fcbarcelonanoticias.com\/en\/wp-json\/wp\/v2\/media\/43806"}],"wp:attachment":[{"href":"https:\/\/www.fcbarcelonanoticias.com\/en\/wp-json\/wp\/v2\/media?parent=43804"}],"wp:term":[{"taxonomy":"category","embeddable":true,"href":"https:\/\/www.fcbarcelonanoticias.com\/en\/wp-json\/wp\/v2\/categories?post=43804"},{"taxonomy":"post_tag","embeddable":true,"href":"https:\/\/www.fcbarcelonanoticias.com\/en\/wp-json\/wp\/v2\/tags?post=43804"}],"curies":[{"name":"wp","href":"https:\/\/api.w.org\/{rel}","templated":true}]}}