{"id":43872,"date":"2024-05-20T17:23:00","date_gmt":"2024-05-20T15:23:00","guid":{"rendered":"https:\/\/weisetech.dev\/fc-barcelona-noticias\/en\/drama-in-paris-mbappe-goes-to-cannes-with-dembele-with-psg-playing-in-metz_303688_102\/"},"modified":"2024-05-20T23:44:00","modified_gmt":"2024-05-20T21:44:00","slug":"drama-in-paris-mbappe-goes-to-cannes-with-dembele-with-psg-playing-in-metz_303688_102","status":"publish","type":"post","link":"https:\/\/www.fcbarcelonanoticias.com\/en\/international-football\/drama-in-paris-mbappe-goes-to-cannes-with-dembele-with-psg-playing-in-metz_303688_102.html","title":{"rendered":"Drama in Paris! Mbappe goes to Cannes with Dembele with PSG playing in Metz"},"content":{"rendered":"<h2 class=\"wp-block-heading\">Paris Saint-Germain is about to close a new season in which they have missed out on the Champions League, although they now have another possible problem after a &#8216;breakaway&#8217; by Mbapp\u00e9 and Dembele<\/h2>  \r\n<div class=\"article-addons\">\r\n    <a href=\"https:\/\/www.fcbarcelonanoticias.com\/en\/calendar-fc-barcelona.html\"\r\n       target=\"_self\"\r\n       title=\"Calendar of FC Barcelona\"\r\n       class=\"blue-gredient-btn\">\r\n       \r\n        Calendar of FC Barcelona    <\/a>\r\n<\/div>   <p><a data-external=\"0\" data-intl-links-en=\"https:\/\/www.fcbarcelonanoticias.com\/en\/transfers\/napoli-begin-offensive-for-tie-down-kvaratskhelia-and-keep-away-from-barca-and-psg_303684_102.html\" data-intl-links-es=\"https:\/\/www.fcbarcelonanoticias.com\/fichajes\/napoles-inicia-su-ofensiva-atar-kvaratskhelia-alejarle-de-barca-y-psg_303684_102.html\" href=\"https:\/\/www.fcbarcelonanoticias.com\/en\/transfers\/napoli-begin-offensive-for-tie-down-kvaratskhelia-and-keep-away-from-barca-and-psg_303684_102.html\" rel=\"follow\" target=\"_self\" title=\"El N\u00e1poles inicia su ofensiva para 'atar' a Kvaratskhelia y alejarle de&nbsp;Bar\u00e7a&nbsp;y&nbsp;PSG\">Paris Saint-Germain<\/a> closed his season in Tie it 1 with a victory by 0-2 in the field of the Metz, <strong>one in which several headlines had received rest not to be in the party, although Kylian Mbapp\u00e9 and Ousmane Demb\u00e9l\u00e9 have gone a bit further. <\/strong>And it is that although already the ones of Luis Enrique were champions from does several weeks, the team still has slope the final of Glass and thus it expected that the group remained together in Metz, something that was very far to be like this.<\/p>  <p>With the club trying keep centred in the duel that have in front of the Olympique of Lyon, and after have not been able to achieve his European dream once again, <strong>Ousmane Demb\u00e9l\u00e9 has decided to join to Mbapp\u00e9 to spend the day of Cannes, where develops the annual festival of cinema.<\/strong> This situation has created some chaos in the French capital by the little interest that the two forwards have showed in a day of game of the PSG.<\/p>  <blockquote class=\"twitter-tweet\"> <p dir=\"ltr\" lang=\"in\">Mbappe x Dembele <a href=\"https:\/\/t.co\/en\/6f07xgfFpi\">pic.twitter.com\/6f07xgffpi<\/a><\/p> \u2014 S\ud83e\udd8balome (@S_allomenn) <a href=\"https:\/\/twitter.com\/en\/S_allomenn\/status\/1792438341608063039?ref_src=twsrc%5Etfw\">May 20, 2024<\/a> <\/blockquote> <h2>The situation can complicate even more in Paris<\/h2>  <p>In fact, &#8216;RMC Sports&#8217; has revealed just after the exit of Demb\u00e9l\u00e9 and Mbapp\u00e9 that the situation has lived like something directly abnormal,<strong> especially because unlike Kylian, the one who already announced that it will leave free, the ex of the Bar\u00e7a still has agreement.<\/strong> Ousmane Finish to arrive for this season and supposes that it will be next year like one of the figures of the team, but his motivation does not seem to be in the suitable tuning.<\/p>  <p>Be in Cannes has done even that the own French press ensures that it is preparing everything &#8220;for anything this summer&#8221;, regarding the possibility that, as in the trip, Demb\u00e9l\u00e9 can finish accompanying to Mbapp\u00e9 in the list of drops of the Parisian group.<strong> The situation could be even more taut if in the final, the PSG is not able to win to the Lyon. <\/strong><\/p> ","protected":false},"excerpt":{"rendered":"<p>Paris Saint-Germain is about to close a new season in which they have missed out on the Champions League, although they now have another possible problem after a &#8216;breakaway&#8217; by Mbapp\u00e9 and Dembele Paris Saint-Germain closed his season in Tie it 1 with a victory by 0-2 in the field of the Metz, one in [&hellip;]<\/p>\n","protected":false},"author":345,"featured_media":43468,"comment_status":"closed","ping_status":"open","sticky":false,"template":"","format":"standard","meta":{"_acf_changed":false,"inline_featured_image":false,"_nextfly_llmd_date_locked":false,"footnotes":""},"categories":[1],"tags":[146,171,88],"class_list":["post-43872","post","type-post","status-publish","format-standard","has-post-thumbnail","hentry","category-sin-categoria","tag-dembele","tag-mbappe","tag-paris-saint-germain"],"acf":[],"yoast_head":"<!-- This site is optimized with the Yoast SEO plugin v27.3 - https:\/\/yoast.com\/product\/yoast-seo-wordpress\/ -->\n<title>Drama in Paris! Mbappe goes to Cannes with Dembele with PSG playing in Metz<\/title>\n<meta name=\"description\" content=\"Paris Saint-Germain is about to close a new season in which they have missed out on the Champions League, although they now have another possible problem after a &#039;breakaway&#039; by Mbapp\u00e9 and Dembele\" \/>\n<meta name=\"robots\" content=\"index, follow, max-snippet:-1, max-image-preview:large, max-video-preview:-1\" \/>\n<link rel=\"canonical\" href=\"https:\/\/www.fcbarcelonanoticias.com\/en\/international-football\/drama-in-paris-mbappe-goes-to-cannes-with-dembele-with-psg-playing-in-metz_303688_102.html\" \/>\n<meta property=\"og:locale\" content=\"en_US\" \/>\n<meta property=\"og:type\" content=\"article\" \/>\n<meta property=\"og:title\" content=\"Drama in Paris! Mbappe goes to Cannes with Dembele with PSG playing in Metz\" \/>\n<meta property=\"og:description\" content=\"Paris Saint-Germain is about to close a new season in which they have missed out on the Champions League, although they now have another possible problem after a &#039;breakaway&#039; by Mbapp\u00e9 and Dembele\" \/>\n<meta property=\"og:url\" content=\"https:\/\/www.fcbarcelonanoticias.com\/en\/international-football\/drama-in-paris-mbappe-goes-to-cannes-with-dembele-with-psg-playing-in-metz_303688_102.html\" \/>\n<meta property=\"og:site_name\" content=\"EN - FC Barcelona Noticias\" \/>\n<meta property=\"article:published_time\" content=\"2024-05-20T15:23:00+00:00\" \/>\n<meta property=\"article:modified_time\" content=\"2024-05-20T21:44:00+00:00\" \/>\n<meta property=\"og:image\" content=\"https:\/\/www.fcbarcelonanoticias.com\/en\/wp-content\/uploads\/sites\/2\/2023\/08\/dembele-mbappe-entrenamiento.jpeg\" \/>\n\t<meta property=\"og:image:width\" content=\"1300\" \/>\n\t<meta property=\"og:image:height\" content=\"732\" \/>\n\t<meta property=\"og:image:type\" content=\"image\/jpeg\" \/>\n<meta name=\"author\" content=\"Carlos Montenegro\" \/>\n<meta name=\"twitter:card\" content=\"summary_large_image\" \/>\n<meta name=\"twitter:label1\" content=\"Written by\" \/>\n\t<meta name=\"twitter:data1\" content=\"Carlos Montenegro\" \/>\n\t<meta name=\"twitter:label2\" content=\"Est. reading time\" \/>\n\t<meta name=\"twitter:data2\" content=\"2 minutes\" \/>\n<script type=\"application\/ld+json\" class=\"yoast-schema-graph\">{\"@context\":\"https:\\\/\\\/schema.org\",\"@graph\":[{\"@type\":\"Article\",\"@id\":\"https:\\\/\\\/www.fcbarcelonanoticias.com\\\/en\\\/international-football\\\/drama-in-paris-mbappe-goes-to-cannes-with-dembele-with-psg-playing-in-metz_303688_102.html#article\",\"isPartOf\":{\"@id\":\"https:\\\/\\\/www.fcbarcelonanoticias.com\\\/en\\\/international-football\\\/drama-in-paris-mbappe-goes-to-cannes-with-dembele-with-psg-playing-in-metz_303688_102.html\"},\"author\":{\"name\":\"Carlos Montenegro\",\"@id\":\"https:\\\/\\\/www.fcbarcelonanoticias.com\\\/en\\\/#\\\/schema\\\/person\\\/aa1d038709c262cb247e240f6b39bbf5\"},\"headline\":\"Drama in Paris! Mbappe goes to Cannes with Dembele with PSG playing in Metz\",\"datePublished\":\"2024-05-20T15:23:00+00:00\",\"dateModified\":\"2024-05-20T21:44:00+00:00\",\"mainEntityOfPage\":{\"@id\":\"https:\\\/\\\/www.fcbarcelonanoticias.com\\\/en\\\/international-football\\\/drama-in-paris-mbappe-goes-to-cannes-with-dembele-with-psg-playing-in-metz_303688_102.html\"},\"wordCount\":388,\"image\":{\"@id\":\"https:\\\/\\\/www.fcbarcelonanoticias.com\\\/en\\\/international-football\\\/drama-in-paris-mbappe-goes-to-cannes-with-dembele-with-psg-playing-in-metz_303688_102.html#primaryimage\"},\"thumbnailUrl\":\"https:\\\/\\\/www.fcbarcelonanoticias.com\\\/en\\\/wp-content\\\/uploads\\\/sites\\\/2\\\/2023\\\/08\\\/dembele-mbappe-entrenamiento.jpeg\",\"keywords\":[\"Demb\u00e9l\u00e9\",\"Mbapp\u00e9\",\"Paris Saint-Germain\"],\"articleSection\":[\"Sin categor\u00eda\"],\"inLanguage\":\"en-US\"},{\"@type\":\"WebPage\",\"@id\":\"https:\\\/\\\/www.fcbarcelonanoticias.com\\\/en\\\/international-football\\\/drama-in-paris-mbappe-goes-to-cannes-with-dembele-with-psg-playing-in-metz_303688_102.html\",\"url\":\"https:\\\/\\\/www.fcbarcelonanoticias.com\\\/en\\\/international-football\\\/drama-in-paris-mbappe-goes-to-cannes-with-dembele-with-psg-playing-in-metz_303688_102.html\",\"name\":\"Drama in Paris! Mbappe goes to Cannes with Dembele with PSG playing in Metz\",\"isPartOf\":{\"@id\":\"https:\\\/\\\/www.fcbarcelonanoticias.com\\\/en\\\/#website\"},\"primaryImageOfPage\":{\"@id\":\"https:\\\/\\\/www.fcbarcelonanoticias.com\\\/en\\\/international-football\\\/drama-in-paris-mbappe-goes-to-cannes-with-dembele-with-psg-playing-in-metz_303688_102.html#primaryimage\"},\"image\":{\"@id\":\"https:\\\/\\\/www.fcbarcelonanoticias.com\\\/en\\\/international-football\\\/drama-in-paris-mbappe-goes-to-cannes-with-dembele-with-psg-playing-in-metz_303688_102.html#primaryimage\"},\"thumbnailUrl\":\"https:\\\/\\\/www.fcbarcelonanoticias.com\\\/en\\\/wp-content\\\/uploads\\\/sites\\\/2\\\/2023\\\/08\\\/dembele-mbappe-entrenamiento.jpeg\",\"datePublished\":\"2024-05-20T15:23:00+00:00\",\"dateModified\":\"2024-05-20T21:44:00+00:00\",\"author\":{\"@id\":\"https:\\\/\\\/www.fcbarcelonanoticias.com\\\/en\\\/#\\\/schema\\\/person\\\/aa1d038709c262cb247e240f6b39bbf5\"},\"description\":\"Paris Saint-Germain is about to close a new season in which they have missed out on the Champions League, although they now have another possible problem after a 'breakaway' by Mbapp\u00e9 and Dembele\",\"breadcrumb\":{\"@id\":\"https:\\\/\\\/www.fcbarcelonanoticias.com\\\/en\\\/international-football\\\/drama-in-paris-mbappe-goes-to-cannes-with-dembele-with-psg-playing-in-metz_303688_102.html#breadcrumb\"},\"inLanguage\":\"en-US\",\"potentialAction\":[{\"@type\":\"ReadAction\",\"target\":[\"https:\\\/\\\/www.fcbarcelonanoticias.com\\\/en\\\/international-football\\\/drama-in-paris-mbappe-goes-to-cannes-with-dembele-with-psg-playing-in-metz_303688_102.html\"]}]},{\"@type\":\"ImageObject\",\"inLanguage\":\"en-US\",\"@id\":\"https:\\\/\\\/www.fcbarcelonanoticias.com\\\/en\\\/international-football\\\/drama-in-paris-mbappe-goes-to-cannes-with-dembele-with-psg-playing-in-metz_303688_102.html#primaryimage\",\"url\":\"https:\\\/\\\/www.fcbarcelonanoticias.com\\\/en\\\/wp-content\\\/uploads\\\/sites\\\/2\\\/2023\\\/08\\\/dembele-mbappe-entrenamiento.jpeg\",\"contentUrl\":\"https:\\\/\\\/www.fcbarcelonanoticias.com\\\/en\\\/wp-content\\\/uploads\\\/sites\\\/2\\\/2023\\\/08\\\/dembele-mbappe-entrenamiento.jpeg\",\"width\":1300,\"height\":732},{\"@type\":\"BreadcrumbList\",\"@id\":\"https:\\\/\\\/www.fcbarcelonanoticias.com\\\/en\\\/international-football\\\/drama-in-paris-mbappe-goes-to-cannes-with-dembele-with-psg-playing-in-metz_303688_102.html#breadcrumb\",\"itemListElement\":[{\"@type\":\"ListItem\",\"position\":1,\"name\":\"Portada\",\"item\":\"https:\\\/\\\/www.fcbarcelonanoticias.com\\\/en\\\/\"},{\"@type\":\"ListItem\",\"position\":2,\"name\":\"Drama in Paris! Mbappe goes to Cannes with Dembele with PSG playing in Metz\"}]},{\"@type\":\"WebSite\",\"@id\":\"https:\\\/\\\/www.fcbarcelonanoticias.com\\\/en\\\/#website\",\"url\":\"https:\\\/\\\/www.fcbarcelonanoticias.com\\\/en\\\/\",\"name\":\"EN - FC Barcelona Noticias\",\"description\":\"\",\"potentialAction\":[{\"@type\":\"SearchAction\",\"target\":{\"@type\":\"EntryPoint\",\"urlTemplate\":\"https:\\\/\\\/www.fcbarcelonanoticias.com\\\/en\\\/?s={search_term_string}\"},\"query-input\":{\"@type\":\"PropertyValueSpecification\",\"valueRequired\":true,\"valueName\":\"search_term_string\"}}],\"inLanguage\":\"en-US\"},{\"@type\":\"Person\",\"@id\":\"https:\\\/\\\/www.fcbarcelonanoticias.com\\\/en\\\/#\\\/schema\\\/person\\\/aa1d038709c262cb247e240f6b39bbf5\",\"name\":\"Carlos Montenegro\",\"image\":{\"@type\":\"ImageObject\",\"inLanguage\":\"en-US\",\"@id\":\"https:\\\/\\\/secure.gravatar.com\\\/avatar\\\/?s=96&d=mm&r=g\",\"url\":\"https:\\\/\\\/secure.gravatar.com\\\/avatar\\\/?s=96&d=mm&r=g\",\"contentUrl\":\"https:\\\/\\\/secure.gravatar.com\\\/avatar\\\/?s=96&d=mm&r=g\",\"caption\":\"Carlos Montenegro\"},\"url\":\"https:\\\/\\\/www.fcbarcelonanoticias.com\\\/en\\\/carlos-montenegro_20_115.html\"}]}<\/script>\n<!-- \/ Yoast SEO plugin. -->","yoast_head_json":{"title":"Drama in Paris! Mbappe goes to Cannes with Dembele with PSG playing in Metz","description":"Paris Saint-Germain is about to close a new season in which they have missed out on the Champions League, although they now have another possible problem after a 'breakaway' by Mbapp\u00e9 and Dembele","robots":{"index":"index","follow":"follow","max-snippet":"max-snippet:-1","max-image-preview":"max-image-preview:large","max-video-preview":"max-video-preview:-1"},"canonical":"https:\/\/www.fcbarcelonanoticias.com\/en\/international-football\/drama-in-paris-mbappe-goes-to-cannes-with-dembele-with-psg-playing-in-metz_303688_102.html","og_locale":"en_US","og_type":"article","og_title":"Drama in Paris! Mbappe goes to Cannes with Dembele with PSG playing in Metz","og_description":"Paris Saint-Germain is about to close a new season in which they have missed out on the Champions League, although they now have another possible problem after a 'breakaway' by Mbapp\u00e9 and Dembele","og_url":"https:\/\/www.fcbarcelonanoticias.com\/en\/international-football\/drama-in-paris-mbappe-goes-to-cannes-with-dembele-with-psg-playing-in-metz_303688_102.html","og_site_name":"EN - FC Barcelona Noticias","article_published_time":"2024-05-20T15:23:00+00:00","article_modified_time":"2024-05-20T21:44:00+00:00","og_image":[{"width":1300,"height":732,"url":"https:\/\/www.fcbarcelonanoticias.com\/en\/wp-content\/uploads\/sites\/2\/2023\/08\/dembele-mbappe-entrenamiento.jpeg","type":"image\/jpeg"}],"author":"Carlos Montenegro","twitter_card":"summary_large_image","twitter_misc":{"Written by":"Carlos Montenegro","Est. reading time":"2 minutes"},"schema":{"@context":"https:\/\/schema.org","@graph":[{"@type":"Article","@id":"https:\/\/www.fcbarcelonanoticias.com\/en\/international-football\/drama-in-paris-mbappe-goes-to-cannes-with-dembele-with-psg-playing-in-metz_303688_102.html#article","isPartOf":{"@id":"https:\/\/www.fcbarcelonanoticias.com\/en\/international-football\/drama-in-paris-mbappe-goes-to-cannes-with-dembele-with-psg-playing-in-metz_303688_102.html"},"author":{"name":"Carlos Montenegro","@id":"https:\/\/www.fcbarcelonanoticias.com\/en\/#\/schema\/person\/aa1d038709c262cb247e240f6b39bbf5"},"headline":"Drama in Paris! Mbappe goes to Cannes with Dembele with PSG playing in Metz","datePublished":"2024-05-20T15:23:00+00:00","dateModified":"2024-05-20T21:44:00+00:00","mainEntityOfPage":{"@id":"https:\/\/www.fcbarcelonanoticias.com\/en\/international-football\/drama-in-paris-mbappe-goes-to-cannes-with-dembele-with-psg-playing-in-metz_303688_102.html"},"wordCount":388,"image":{"@id":"https:\/\/www.fcbarcelonanoticias.com\/en\/international-football\/drama-in-paris-mbappe-goes-to-cannes-with-dembele-with-psg-playing-in-metz_303688_102.html#primaryimage"},"thumbnailUrl":"https:\/\/www.fcbarcelonanoticias.com\/en\/wp-content\/uploads\/sites\/2\/2023\/08\/dembele-mbappe-entrenamiento.jpeg","keywords":["Demb\u00e9l\u00e9","Mbapp\u00e9","Paris Saint-Germain"],"articleSection":["Sin categor\u00eda"],"inLanguage":"en-US"},{"@type":"WebPage","@id":"https:\/\/www.fcbarcelonanoticias.com\/en\/international-football\/drama-in-paris-mbappe-goes-to-cannes-with-dembele-with-psg-playing-in-metz_303688_102.html","url":"https:\/\/www.fcbarcelonanoticias.com\/en\/international-football\/drama-in-paris-mbappe-goes-to-cannes-with-dembele-with-psg-playing-in-metz_303688_102.html","name":"Drama in Paris! Mbappe goes to Cannes with Dembele with PSG playing in Metz","isPartOf":{"@id":"https:\/\/www.fcbarcelonanoticias.com\/en\/#website"},"primaryImageOfPage":{"@id":"https:\/\/www.fcbarcelonanoticias.com\/en\/international-football\/drama-in-paris-mbappe-goes-to-cannes-with-dembele-with-psg-playing-in-metz_303688_102.html#primaryimage"},"image":{"@id":"https:\/\/www.fcbarcelonanoticias.com\/en\/international-football\/drama-in-paris-mbappe-goes-to-cannes-with-dembele-with-psg-playing-in-metz_303688_102.html#primaryimage"},"thumbnailUrl":"https:\/\/www.fcbarcelonanoticias.com\/en\/wp-content\/uploads\/sites\/2\/2023\/08\/dembele-mbappe-entrenamiento.jpeg","datePublished":"2024-05-20T15:23:00+00:00","dateModified":"2024-05-20T21:44:00+00:00","author":{"@id":"https:\/\/www.fcbarcelonanoticias.com\/en\/#\/schema\/person\/aa1d038709c262cb247e240f6b39bbf5"},"description":"Paris Saint-Germain is about to close a new season in which they have missed out on the Champions League, although they now have another possible problem after a 'breakaway' by Mbapp\u00e9 and Dembele","breadcrumb":{"@id":"https:\/\/www.fcbarcelonanoticias.com\/en\/international-football\/drama-in-paris-mbappe-goes-to-cannes-with-dembele-with-psg-playing-in-metz_303688_102.html#breadcrumb"},"inLanguage":"en-US","potentialAction":[{"@type":"ReadAction","target":["https:\/\/www.fcbarcelonanoticias.com\/en\/international-football\/drama-in-paris-mbappe-goes-to-cannes-with-dembele-with-psg-playing-in-metz_303688_102.html"]}]},{"@type":"ImageObject","inLanguage":"en-US","@id":"https:\/\/www.fcbarcelonanoticias.com\/en\/international-football\/drama-in-paris-mbappe-goes-to-cannes-with-dembele-with-psg-playing-in-metz_303688_102.html#primaryimage","url":"https:\/\/www.fcbarcelonanoticias.com\/en\/wp-content\/uploads\/sites\/2\/2023\/08\/dembele-mbappe-entrenamiento.jpeg","contentUrl":"https:\/\/www.fcbarcelonanoticias.com\/en\/wp-content\/uploads\/sites\/2\/2023\/08\/dembele-mbappe-entrenamiento.jpeg","width":1300,"height":732},{"@type":"BreadcrumbList","@id":"https:\/\/www.fcbarcelonanoticias.com\/en\/international-football\/drama-in-paris-mbappe-goes-to-cannes-with-dembele-with-psg-playing-in-metz_303688_102.html#breadcrumb","itemListElement":[{"@type":"ListItem","position":1,"name":"Portada","item":"https:\/\/www.fcbarcelonanoticias.com\/en\/"},{"@type":"ListItem","position":2,"name":"Drama in Paris! Mbappe goes to Cannes with Dembele with PSG playing in Metz"}]},{"@type":"WebSite","@id":"https:\/\/www.fcbarcelonanoticias.com\/en\/#website","url":"https:\/\/www.fcbarcelonanoticias.com\/en\/","name":"EN - FC Barcelona Noticias","description":"","potentialAction":[{"@type":"SearchAction","target":{"@type":"EntryPoint","urlTemplate":"https:\/\/www.fcbarcelonanoticias.com\/en\/?s={search_term_string}"},"query-input":{"@type":"PropertyValueSpecification","valueRequired":true,"valueName":"search_term_string"}}],"inLanguage":"en-US"},{"@type":"Person","@id":"https:\/\/www.fcbarcelonanoticias.com\/en\/#\/schema\/person\/aa1d038709c262cb247e240f6b39bbf5","name":"Carlos Montenegro","image":{"@type":"ImageObject","inLanguage":"en-US","@id":"https:\/\/secure.gravatar.com\/avatar\/?s=96&d=mm&r=g","url":"https:\/\/secure.gravatar.com\/avatar\/?s=96&d=mm&r=g","contentUrl":"https:\/\/secure.gravatar.com\/avatar\/?s=96&d=mm&r=g","caption":"Carlos Montenegro"},"url":"https:\/\/www.fcbarcelonanoticias.com\/en\/carlos-montenegro_20_115.html"}]}},"_links":{"self":[{"href":"https:\/\/www.fcbarcelonanoticias.com\/en\/wp-json\/wp\/v2\/posts\/43872","targetHints":{"allow":["GET"]}}],"collection":[{"href":"https:\/\/www.fcbarcelonanoticias.com\/en\/wp-json\/wp\/v2\/posts"}],"about":[{"href":"https:\/\/www.fcbarcelonanoticias.com\/en\/wp-json\/wp\/v2\/types\/post"}],"author":[{"embeddable":true,"href":"https:\/\/www.fcbarcelonanoticias.com\/en\/wp-json\/wp\/v2\/users\/345"}],"replies":[{"embeddable":true,"href":"https:\/\/www.fcbarcelonanoticias.com\/en\/wp-json\/wp\/v2\/comments?post=43872"}],"version-history":[{"count":1,"href":"https:\/\/www.fcbarcelonanoticias.com\/en\/wp-json\/wp\/v2\/posts\/43872\/revisions"}],"predecessor-version":[{"id":43873,"href":"https:\/\/www.fcbarcelonanoticias.com\/en\/wp-json\/wp\/v2\/posts\/43872\/revisions\/43873"}],"wp:featuredmedia":[{"embeddable":true,"href":"https:\/\/www.fcbarcelonanoticias.com\/en\/wp-json\/wp\/v2\/media\/43468"}],"wp:attachment":[{"href":"https:\/\/www.fcbarcelonanoticias.com\/en\/wp-json\/wp\/v2\/media?parent=43872"}],"wp:term":[{"taxonomy":"category","embeddable":true,"href":"https:\/\/www.fcbarcelonanoticias.com\/en\/wp-json\/wp\/v2\/categories?post=43872"},{"taxonomy":"post_tag","embeddable":true,"href":"https:\/\/www.fcbarcelonanoticias.com\/en\/wp-json\/wp\/v2\/tags?post=43872"}],"curies":[{"name":"wp","href":"https:\/\/api.w.org\/{rel}","templated":true}]}}