{"id":43886,"date":"2022-08-31T20:16:00","date_gmt":"2022-08-31T18:16:00","guid":{"rendered":"https:\/\/weisetech.dev\/fc-barcelona-noticias\/en\/ex-barcelona-ronald-koeman-has-in-his-eyes-netherlands_283853_102\/"},"modified":"2022-08-31T20:16:00","modified_gmt":"2022-08-31T18:16:00","slug":"ex-barcelona-ronald-koeman-has-in-his-eyes-netherlands_283853_102","status":"publish","type":"post","link":"https:\/\/www.fcbarcelonanoticias.com\/en\/international-football\/ex-barcelona-ronald-koeman-has-in-his-eyes-netherlands_283853_102.html","title":{"rendered":"The former Bar\u00e7a player Ronald Koeman has in his sights for the Netherlands"},"content":{"rendered":"<h2 class=\"wp-block-heading\">The good performance of Xavi Simons at PSV could lead him to the Dutch national team at just 19 years old. This has been confirmed by Ronald Koeman, who at an Eredivisie awards gala praised the player and confessed that he follows him closely<\/h2>  \r\n<div class=\"article-addons\">\r\n    <a href=\"https:\/\/www.fcbarcelonanoticias.com\/en\/calendar-fc-barcelona.html\"\r\n       target=\"_self\"\r\n       title=\"Calendar of FC Barcelona\"\r\n       class=\"blue-gredient-btn\">\r\n       \r\n        Calendar of FC Barcelona    <\/a>\r\n<\/div>   <p>Xavi Simons seems to have found his place in the world in <a data-external=\"0\" data-intl-links-en=\"https:\/\/www.fcbarcelonanoticias.com\/en\/tags\/psv-eindhoven\" data-intl-links-es=\"https:\/\/www.fcbarcelonanoticias.com\/tags\/psv-eindhoven\" href=\"https:\/\/www.fcbarcelonanoticias.com\/en\/tags\/psv-eindhoven.html\" rel=\"follow\" target=\"_self\" title=\"PSV Eindhoven\">the PSV Eindhoven<\/a>. The youngster &#8216;jewel&#8217; Dutch abandoned sorpresivamente the rows of Paris Saint-Germain to have his big opportunity in First Division, in where the &#8216;ranchers&#8217; achieved to do with his services after &#8216;steal it&#8217; to the French. Under the orders of Ruud go Nistelrooy, his big valedor inside the entity, <strong>the midfield player has reached his best level and has consolidated like a key piece of the &#8216;blanquirrojos&#8217;<\/strong>.<\/p>  <p>His big performance has not happened unobserved for Ronald Koeman, the one who has admitted that follows closely the progression of the player. Like this it confirmed it the same trainer in a gala of prizes of the Eredivisie, in where it was asked after the present of the footballer. <strong>The &#8216;Sergeant&#8217; will do charge of the benches of the &#8216;Orange Mechanical&#8217; once that these culminate his participation in the World-wide of Qatar 2022<\/strong>, and already would be thinking in Simons like part of his announcements.<\/p>  <p>In the middle of the ceremony, the presenter of the same approached until the place of the technical future of the &#8216;Oranje&#8217; and asked him his point of view on the evolution like footballer of the ex canterano of the Farm. &#8220;<strong>I see a player that also fits the prize to the Talent of the Year. If it follows like this, can that it achieve it to final of season<\/strong>&#8220;, began saying Koeman, the one who sees to Simons like a clear candidate to do with the award that rewards to the disclosure of the season.<\/p>  <p>Of the same way, the ex trainer of the FC Barcelona no descart\u00f3 the presence of the mediocampista in the announcements of the selection in a future. Koeman Affirmed that, to keep the level showed during this start of campaign, east can be an alternative for the future. &#8220;<strong>By the form in that it develops in the PSV, playing parties and contesting minutes, that could be an option for the future<\/strong>. Perhaps first the juvenile Dutch and afterwards the absolute selection?&#8221;, it manifested.<\/p>  <h3>&#8220;I think that it is pleasant to see&#8221;<\/h3>  <p>Finally, Ronald showed his predilection by the &#8216;perla&#8217; of the PSV. The trainer no escatim\u00f3 in praises to the hour to express on Simons, ensuring that of his like to observe him. &#8220;<strong>It is desinhibido. You see to a boy that plays to the football as if it was doing it with his club the Tuesday at night. I think that it is pleasant to<\/strong>see &#8220;, concluded Koeman, in a very clear message on his future in the selection.<\/p> ","protected":false},"excerpt":{"rendered":"<p>The good performance of Xavi Simons at PSV could lead him to the Dutch national team at just 19 years old. This has been confirmed by Ronald Koeman, who at an Eredivisie awards gala praised the player and confessed that he follows him closely Xavi Simons seems to have found his place in the world [&hellip;]<\/p>\n","protected":false},"author":358,"featured_media":8603,"comment_status":"closed","ping_status":"open","sticky":false,"template":"","format":"standard","meta":{"_acf_changed":false,"inline_featured_image":false,"_nextfly_llmd_date_locked":false,"footnotes":""},"categories":[453,107],"tags":[222,209],"class_list":["post-43886","post","type-post","status-publish","format-standard","has-post-thumbnail","hentry","category-players-2","category-players","tag-psv-eindhoven","tag-ronald-koeman"],"acf":[],"yoast_head":"<!-- This site is optimized with the Yoast SEO plugin v27.3 - https:\/\/yoast.com\/product\/yoast-seo-wordpress\/ -->\n<title>The former Bar\u00e7a player Ronald Koeman has in his sights for the Netherlands<\/title>\n<meta name=\"description\" content=\"The good performance of Xavi Simons in the PSV could carry it to the Dutch selection with hardly 19 years. Like this it has it ocnfirmado Ronald Koeman, the one who in one...\" \/>\n<meta name=\"robots\" content=\"index, follow, max-snippet:-1, max-image-preview:large, max-video-preview:-1\" \/>\n<link rel=\"canonical\" href=\"https:\/\/www.fcbarcelonanoticias.com\/en\/international-football\/ex-barcelona-ronald-koeman-has-in-his-eyes-netherlands_283853_102.html\" \/>\n<meta property=\"og:locale\" content=\"en_US\" \/>\n<meta property=\"og:type\" content=\"article\" \/>\n<meta property=\"og:title\" content=\"The former Bar\u00e7a player Ronald Koeman has in his sights for the Netherlands\" \/>\n<meta property=\"og:description\" content=\"The good performance of Xavi Simons in the PSV could carry it to the Dutch selection with hardly 19 years. Like this it has it ocnfirmado Ronald Koeman, the one who in one...\" \/>\n<meta property=\"og:url\" content=\"https:\/\/www.fcbarcelonanoticias.com\/en\/international-football\/ex-barcelona-ronald-koeman-has-in-his-eyes-netherlands_283853_102.html\" \/>\n<meta property=\"og:site_name\" content=\"EN - FC Barcelona Noticias\" \/>\n<meta property=\"article:published_time\" content=\"2022-08-31T18:16:00+00:00\" \/>\n<meta property=\"og:image\" content=\"https:\/\/www.fcbarcelonanoticias.com\/en\/wp-content\/uploads\/sites\/2\/2022\/11\/xavi-simons-con-el-psv.jpeg\" \/>\n\t<meta property=\"og:image:width\" content=\"1300\" \/>\n\t<meta property=\"og:image:height\" content=\"732\" \/>\n\t<meta property=\"og:image:type\" content=\"image\/jpeg\" \/>\n<meta name=\"author\" content=\"Juan Pablo Berdugo\" \/>\n<meta name=\"twitter:card\" content=\"summary_large_image\" \/>\n<meta name=\"twitter:label1\" content=\"Written by\" \/>\n\t<meta name=\"twitter:data1\" content=\"Juan Pablo Berdugo\" \/>\n\t<meta name=\"twitter:label2\" content=\"Est. reading time\" \/>\n\t<meta name=\"twitter:data2\" content=\"2 minutes\" \/>\n<script type=\"application\/ld+json\" class=\"yoast-schema-graph\">{\"@context\":\"https:\\\/\\\/schema.org\",\"@graph\":[{\"@type\":\"Article\",\"@id\":\"https:\\\/\\\/www.fcbarcelonanoticias.com\\\/en\\\/international-football\\\/ex-barcelona-ronald-koeman-has-in-his-eyes-netherlands_283853_102.html#article\",\"isPartOf\":{\"@id\":\"https:\\\/\\\/www.fcbarcelonanoticias.com\\\/en\\\/international-football\\\/ex-barcelona-ronald-koeman-has-in-his-eyes-netherlands_283853_102.html\"},\"author\":{\"name\":\"Juan Pablo Berdugo\",\"@id\":\"https:\\\/\\\/www.fcbarcelonanoticias.com\\\/en\\\/#\\\/schema\\\/person\\\/88d756918a0a1ae9fa593b5edddd1815\"},\"headline\":\"The former Bar\u00e7a player Ronald Koeman has in his sights for the Netherlands\",\"datePublished\":\"2022-08-31T18:16:00+00:00\",\"mainEntityOfPage\":{\"@id\":\"https:\\\/\\\/www.fcbarcelonanoticias.com\\\/en\\\/international-football\\\/ex-barcelona-ronald-koeman-has-in-his-eyes-netherlands_283853_102.html\"},\"wordCount\":488,\"image\":{\"@id\":\"https:\\\/\\\/www.fcbarcelonanoticias.com\\\/en\\\/international-football\\\/ex-barcelona-ronald-koeman-has-in-his-eyes-netherlands_283853_102.html#primaryimage\"},\"thumbnailUrl\":\"https:\\\/\\\/www.fcbarcelonanoticias.com\\\/en\\\/wp-content\\\/uploads\\\/sites\\\/2\\\/2022\\\/11\\\/xavi-simons-con-el-psv.jpeg\",\"keywords\":[\"PSV Eindhoven\",\"Ronald Koeman\"],\"articleSection\":[\"Players\",\"Players\"],\"inLanguage\":\"en-US\"},{\"@type\":\"WebPage\",\"@id\":\"https:\\\/\\\/www.fcbarcelonanoticias.com\\\/en\\\/international-football\\\/ex-barcelona-ronald-koeman-has-in-his-eyes-netherlands_283853_102.html\",\"url\":\"https:\\\/\\\/www.fcbarcelonanoticias.com\\\/en\\\/international-football\\\/ex-barcelona-ronald-koeman-has-in-his-eyes-netherlands_283853_102.html\",\"name\":\"The former Bar\u00e7a player Ronald Koeman has in his sights for the Netherlands\",\"isPartOf\":{\"@id\":\"https:\\\/\\\/www.fcbarcelonanoticias.com\\\/en\\\/#website\"},\"primaryImageOfPage\":{\"@id\":\"https:\\\/\\\/www.fcbarcelonanoticias.com\\\/en\\\/international-football\\\/ex-barcelona-ronald-koeman-has-in-his-eyes-netherlands_283853_102.html#primaryimage\"},\"image\":{\"@id\":\"https:\\\/\\\/www.fcbarcelonanoticias.com\\\/en\\\/international-football\\\/ex-barcelona-ronald-koeman-has-in-his-eyes-netherlands_283853_102.html#primaryimage\"},\"thumbnailUrl\":\"https:\\\/\\\/www.fcbarcelonanoticias.com\\\/en\\\/wp-content\\\/uploads\\\/sites\\\/2\\\/2022\\\/11\\\/xavi-simons-con-el-psv.jpeg\",\"datePublished\":\"2022-08-31T18:16:00+00:00\",\"author\":{\"@id\":\"https:\\\/\\\/www.fcbarcelonanoticias.com\\\/en\\\/#\\\/schema\\\/person\\\/88d756918a0a1ae9fa593b5edddd1815\"},\"description\":\"The good performance of Xavi Simons in the PSV could carry it to the Dutch selection with hardly 19 years. Like this it has it ocnfirmado Ronald Koeman, the one who in one...\",\"breadcrumb\":{\"@id\":\"https:\\\/\\\/www.fcbarcelonanoticias.com\\\/en\\\/international-football\\\/ex-barcelona-ronald-koeman-has-in-his-eyes-netherlands_283853_102.html#breadcrumb\"},\"inLanguage\":\"en-US\",\"potentialAction\":[{\"@type\":\"ReadAction\",\"target\":[\"https:\\\/\\\/www.fcbarcelonanoticias.com\\\/en\\\/international-football\\\/ex-barcelona-ronald-koeman-has-in-his-eyes-netherlands_283853_102.html\"]}]},{\"@type\":\"ImageObject\",\"inLanguage\":\"en-US\",\"@id\":\"https:\\\/\\\/www.fcbarcelonanoticias.com\\\/en\\\/international-football\\\/ex-barcelona-ronald-koeman-has-in-his-eyes-netherlands_283853_102.html#primaryimage\",\"url\":\"https:\\\/\\\/www.fcbarcelonanoticias.com\\\/en\\\/wp-content\\\/uploads\\\/sites\\\/2\\\/2022\\\/11\\\/xavi-simons-con-el-psv.jpeg\",\"contentUrl\":\"https:\\\/\\\/www.fcbarcelonanoticias.com\\\/en\\\/wp-content\\\/uploads\\\/sites\\\/2\\\/2022\\\/11\\\/xavi-simons-con-el-psv.jpeg\",\"width\":1300,\"height\":732},{\"@type\":\"BreadcrumbList\",\"@id\":\"https:\\\/\\\/www.fcbarcelonanoticias.com\\\/en\\\/international-football\\\/ex-barcelona-ronald-koeman-has-in-his-eyes-netherlands_283853_102.html#breadcrumb\",\"itemListElement\":[{\"@type\":\"ListItem\",\"position\":1,\"name\":\"Portada\",\"item\":\"https:\\\/\\\/www.fcbarcelonanoticias.com\\\/en\\\/\"},{\"@type\":\"ListItem\",\"position\":2,\"name\":\"The former Bar\u00e7a player Ronald Koeman has in his sights for the Netherlands\"}]},{\"@type\":\"WebSite\",\"@id\":\"https:\\\/\\\/www.fcbarcelonanoticias.com\\\/en\\\/#website\",\"url\":\"https:\\\/\\\/www.fcbarcelonanoticias.com\\\/en\\\/\",\"name\":\"EN - FC Barcelona Noticias\",\"description\":\"\",\"potentialAction\":[{\"@type\":\"SearchAction\",\"target\":{\"@type\":\"EntryPoint\",\"urlTemplate\":\"https:\\\/\\\/www.fcbarcelonanoticias.com\\\/en\\\/?s={search_term_string}\"},\"query-input\":{\"@type\":\"PropertyValueSpecification\",\"valueRequired\":true,\"valueName\":\"search_term_string\"}}],\"inLanguage\":\"en-US\"},{\"@type\":\"Person\",\"@id\":\"https:\\\/\\\/www.fcbarcelonanoticias.com\\\/en\\\/#\\\/schema\\\/person\\\/88d756918a0a1ae9fa593b5edddd1815\",\"name\":\"Juan Pablo Berdugo\",\"image\":{\"@type\":\"ImageObject\",\"inLanguage\":\"en-US\",\"@id\":\"https:\\\/\\\/secure.gravatar.com\\\/avatar\\\/?s=96&d=mm&r=g\",\"url\":\"https:\\\/\\\/secure.gravatar.com\\\/avatar\\\/?s=96&d=mm&r=g\",\"contentUrl\":\"https:\\\/\\\/secure.gravatar.com\\\/avatar\\\/?s=96&d=mm&r=g\",\"caption\":\"Juan Pablo Berdugo\"},\"description\":\"Juan Pablo Berdugo es graduado en Periodismo. Colabora con FCBN como especialista en informaci\u00f3n del primer equipo del FC Barcelona, f\u00fatbol internacional y mercado de fichajes. Destaca por su enfoque anal\u00edtico, su rigor informativo y su capacidad para detectar tendencias emergentes en el f\u00fatbol global.\",\"url\":\"https:\\\/\\\/www.fcbarcelonanoticias.com\\\/en\\\/fc-barcelona\\\/juan-pablo-berdugo_18_115.html\"}]}<\/script>\n<!-- \/ Yoast SEO plugin. -->","yoast_head_json":{"title":"The former Bar\u00e7a player Ronald Koeman has in his sights for the Netherlands","description":"The good performance of Xavi Simons in the PSV could carry it to the Dutch selection with hardly 19 years. Like this it has it ocnfirmado Ronald Koeman, the one who in one...","robots":{"index":"index","follow":"follow","max-snippet":"max-snippet:-1","max-image-preview":"max-image-preview:large","max-video-preview":"max-video-preview:-1"},"canonical":"https:\/\/www.fcbarcelonanoticias.com\/en\/international-football\/ex-barcelona-ronald-koeman-has-in-his-eyes-netherlands_283853_102.html","og_locale":"en_US","og_type":"article","og_title":"The former Bar\u00e7a player Ronald Koeman has in his sights for the Netherlands","og_description":"The good performance of Xavi Simons in the PSV could carry it to the Dutch selection with hardly 19 years. Like this it has it ocnfirmado Ronald Koeman, the one who in one...","og_url":"https:\/\/www.fcbarcelonanoticias.com\/en\/international-football\/ex-barcelona-ronald-koeman-has-in-his-eyes-netherlands_283853_102.html","og_site_name":"EN - FC Barcelona Noticias","article_published_time":"2022-08-31T18:16:00+00:00","og_image":[{"width":1300,"height":732,"url":"https:\/\/www.fcbarcelonanoticias.com\/en\/wp-content\/uploads\/sites\/2\/2022\/11\/xavi-simons-con-el-psv.jpeg","type":"image\/jpeg"}],"author":"Juan Pablo Berdugo","twitter_card":"summary_large_image","twitter_misc":{"Written by":"Juan Pablo Berdugo","Est. reading time":"2 minutes"},"schema":{"@context":"https:\/\/schema.org","@graph":[{"@type":"Article","@id":"https:\/\/www.fcbarcelonanoticias.com\/en\/international-football\/ex-barcelona-ronald-koeman-has-in-his-eyes-netherlands_283853_102.html#article","isPartOf":{"@id":"https:\/\/www.fcbarcelonanoticias.com\/en\/international-football\/ex-barcelona-ronald-koeman-has-in-his-eyes-netherlands_283853_102.html"},"author":{"name":"Juan Pablo Berdugo","@id":"https:\/\/www.fcbarcelonanoticias.com\/en\/#\/schema\/person\/88d756918a0a1ae9fa593b5edddd1815"},"headline":"The former Bar\u00e7a player Ronald Koeman has in his sights for the Netherlands","datePublished":"2022-08-31T18:16:00+00:00","mainEntityOfPage":{"@id":"https:\/\/www.fcbarcelonanoticias.com\/en\/international-football\/ex-barcelona-ronald-koeman-has-in-his-eyes-netherlands_283853_102.html"},"wordCount":488,"image":{"@id":"https:\/\/www.fcbarcelonanoticias.com\/en\/international-football\/ex-barcelona-ronald-koeman-has-in-his-eyes-netherlands_283853_102.html#primaryimage"},"thumbnailUrl":"https:\/\/www.fcbarcelonanoticias.com\/en\/wp-content\/uploads\/sites\/2\/2022\/11\/xavi-simons-con-el-psv.jpeg","keywords":["PSV Eindhoven","Ronald Koeman"],"articleSection":["Players","Players"],"inLanguage":"en-US"},{"@type":"WebPage","@id":"https:\/\/www.fcbarcelonanoticias.com\/en\/international-football\/ex-barcelona-ronald-koeman-has-in-his-eyes-netherlands_283853_102.html","url":"https:\/\/www.fcbarcelonanoticias.com\/en\/international-football\/ex-barcelona-ronald-koeman-has-in-his-eyes-netherlands_283853_102.html","name":"The former Bar\u00e7a player Ronald Koeman has in his sights for the Netherlands","isPartOf":{"@id":"https:\/\/www.fcbarcelonanoticias.com\/en\/#website"},"primaryImageOfPage":{"@id":"https:\/\/www.fcbarcelonanoticias.com\/en\/international-football\/ex-barcelona-ronald-koeman-has-in-his-eyes-netherlands_283853_102.html#primaryimage"},"image":{"@id":"https:\/\/www.fcbarcelonanoticias.com\/en\/international-football\/ex-barcelona-ronald-koeman-has-in-his-eyes-netherlands_283853_102.html#primaryimage"},"thumbnailUrl":"https:\/\/www.fcbarcelonanoticias.com\/en\/wp-content\/uploads\/sites\/2\/2022\/11\/xavi-simons-con-el-psv.jpeg","datePublished":"2022-08-31T18:16:00+00:00","author":{"@id":"https:\/\/www.fcbarcelonanoticias.com\/en\/#\/schema\/person\/88d756918a0a1ae9fa593b5edddd1815"},"description":"The good performance of Xavi Simons in the PSV could carry it to the Dutch selection with hardly 19 years. Like this it has it ocnfirmado Ronald Koeman, the one who in one...","breadcrumb":{"@id":"https:\/\/www.fcbarcelonanoticias.com\/en\/international-football\/ex-barcelona-ronald-koeman-has-in-his-eyes-netherlands_283853_102.html#breadcrumb"},"inLanguage":"en-US","potentialAction":[{"@type":"ReadAction","target":["https:\/\/www.fcbarcelonanoticias.com\/en\/international-football\/ex-barcelona-ronald-koeman-has-in-his-eyes-netherlands_283853_102.html"]}]},{"@type":"ImageObject","inLanguage":"en-US","@id":"https:\/\/www.fcbarcelonanoticias.com\/en\/international-football\/ex-barcelona-ronald-koeman-has-in-his-eyes-netherlands_283853_102.html#primaryimage","url":"https:\/\/www.fcbarcelonanoticias.com\/en\/wp-content\/uploads\/sites\/2\/2022\/11\/xavi-simons-con-el-psv.jpeg","contentUrl":"https:\/\/www.fcbarcelonanoticias.com\/en\/wp-content\/uploads\/sites\/2\/2022\/11\/xavi-simons-con-el-psv.jpeg","width":1300,"height":732},{"@type":"BreadcrumbList","@id":"https:\/\/www.fcbarcelonanoticias.com\/en\/international-football\/ex-barcelona-ronald-koeman-has-in-his-eyes-netherlands_283853_102.html#breadcrumb","itemListElement":[{"@type":"ListItem","position":1,"name":"Portada","item":"https:\/\/www.fcbarcelonanoticias.com\/en\/"},{"@type":"ListItem","position":2,"name":"The former Bar\u00e7a player Ronald Koeman has in his sights for the Netherlands"}]},{"@type":"WebSite","@id":"https:\/\/www.fcbarcelonanoticias.com\/en\/#website","url":"https:\/\/www.fcbarcelonanoticias.com\/en\/","name":"EN - FC Barcelona Noticias","description":"","potentialAction":[{"@type":"SearchAction","target":{"@type":"EntryPoint","urlTemplate":"https:\/\/www.fcbarcelonanoticias.com\/en\/?s={search_term_string}"},"query-input":{"@type":"PropertyValueSpecification","valueRequired":true,"valueName":"search_term_string"}}],"inLanguage":"en-US"},{"@type":"Person","@id":"https:\/\/www.fcbarcelonanoticias.com\/en\/#\/schema\/person\/88d756918a0a1ae9fa593b5edddd1815","name":"Juan Pablo Berdugo","image":{"@type":"ImageObject","inLanguage":"en-US","@id":"https:\/\/secure.gravatar.com\/avatar\/?s=96&d=mm&r=g","url":"https:\/\/secure.gravatar.com\/avatar\/?s=96&d=mm&r=g","contentUrl":"https:\/\/secure.gravatar.com\/avatar\/?s=96&d=mm&r=g","caption":"Juan Pablo Berdugo"},"description":"Juan Pablo Berdugo es graduado en Periodismo. Colabora con FCBN como especialista en informaci\u00f3n del primer equipo del FC Barcelona, f\u00fatbol internacional y mercado de fichajes. Destaca por su enfoque anal\u00edtico, su rigor informativo y su capacidad para detectar tendencias emergentes en el f\u00fatbol global.","url":"https:\/\/www.fcbarcelonanoticias.com\/en\/fc-barcelona\/juan-pablo-berdugo_18_115.html"}]}},"_links":{"self":[{"href":"https:\/\/www.fcbarcelonanoticias.com\/en\/wp-json\/wp\/v2\/posts\/43886","targetHints":{"allow":["GET"]}}],"collection":[{"href":"https:\/\/www.fcbarcelonanoticias.com\/en\/wp-json\/wp\/v2\/posts"}],"about":[{"href":"https:\/\/www.fcbarcelonanoticias.com\/en\/wp-json\/wp\/v2\/types\/post"}],"author":[{"embeddable":true,"href":"https:\/\/www.fcbarcelonanoticias.com\/en\/wp-json\/wp\/v2\/users\/358"}],"replies":[{"embeddable":true,"href":"https:\/\/www.fcbarcelonanoticias.com\/en\/wp-json\/wp\/v2\/comments?post=43886"}],"version-history":[{"count":1,"href":"https:\/\/www.fcbarcelonanoticias.com\/en\/wp-json\/wp\/v2\/posts\/43886\/revisions"}],"predecessor-version":[{"id":114391,"href":"https:\/\/www.fcbarcelonanoticias.com\/en\/wp-json\/wp\/v2\/posts\/43886\/revisions\/114391"}],"wp:featuredmedia":[{"embeddable":true,"href":"https:\/\/www.fcbarcelonanoticias.com\/en\/wp-json\/wp\/v2\/media\/8603"}],"wp:attachment":[{"href":"https:\/\/www.fcbarcelonanoticias.com\/en\/wp-json\/wp\/v2\/media?parent=43886"}],"wp:term":[{"taxonomy":"category","embeddable":true,"href":"https:\/\/www.fcbarcelonanoticias.com\/en\/wp-json\/wp\/v2\/categories?post=43886"},{"taxonomy":"post_tag","embeddable":true,"href":"https:\/\/www.fcbarcelonanoticias.com\/en\/wp-json\/wp\/v2\/tags?post=43886"}],"curies":[{"name":"wp","href":"https:\/\/api.w.org\/{rel}","templated":true}]}}