{"id":4391,"date":"2024-11-26T19:54:00","date_gmt":"2024-11-26T18:54:00","guid":{"rendered":"https:\/\/weisetech.dev\/fc-barcelona-noticias\/en\/fc-barcelona-brest-confirmed-lineups-match-champions-league-24-25_308885_102\/"},"modified":"2024-11-26T20:02:00","modified_gmt":"2024-11-26T19:02:00","slug":"fc-barcelona-brest-confirmed-lineups-match-champions-league-24-25_308885_102","status":"publish","type":"post","link":"https:\/\/www.fcbarcelonanoticias.com\/en\/champions-league\/fc-barcelona-brest-confirmed-lineups-match-champions-league-24-25_308885_102.html","title":{"rendered":"FC Barcelona &#8211; Brest: Confirmed lineups for the Champions League match 24\/25"},"content":{"rendered":"<h2 class=\"wp-block-heading\">CONFIRMED LINEUPS! These are the starting XI of FC Barcelona and Brest for the match of matchday 5 of the Champions League 2024-2025<\/h2>  \r\n<div class=\"article-addons\">\r\n    <a href=\"https:\/\/www.fcbarcelonanoticias.com\/en\/calendar-fc-barcelona.html\"\r\n       target=\"_self\"\r\n       title=\"Calendar of FC Barcelona\"\r\n       class=\"blue-gredient-btn\">\r\n       \r\n        Calendar of FC Barcelona    <\/a>\r\n<\/div>   <p><strong>OFFICIAL:<\/strong> We have now confirmed the starting line-ups and benches for Hansi Flick&#8217;s Bar\u00e7a and \u00c9ric Roy&#8217;s Stade Brestois for the fifth matchday of the 2024-2025 UEFA Champions League league phase.<\/p>  <h3>CONFIRMED: FC Barcelona line-up<\/h3>  <ul> <li> <strong>FC Barcelona&#8217;s starting XI: <\/strong>I\u00f1aki Pe\u00f1a; Kound\u00e9; Pau Cubars\u00ed; \u00cd\u00f1igo Mart\u00ednez; Gerard Mart\u00edn; Casad\u00f3; Ferm\u00edn L\u00f3pez; Pedri; Dani Olmo; Raphinha; Lewandowski<\/li> \t<li> <strong>Bench: <\/strong>Balde, Gavi, Pablo Torre, Pau V\u00edctor, Frenkie de Jong, Eric Garc\u00eda, Szczesny, Kochen, H\u00e9ctor Fort, S. Dom\u00ednguez, Cuenca, Guillermo<\/li> \t<li> <strong>Injured: <\/strong>Ter Stegen, Ronald Araujo, Ferran Torres, Ansu Fati, Lamine Yamal, Christensen, Marc Bernal<\/li> \t<li> <strong>Sanctioned: <\/strong>None<\/li> <\/ul> <h4>CONFIRMED: Brest line-up<\/h4>  <ul> <li> <strong>FC Brest starting XI: <\/strong> (x).<\/li> \t<li> <strong>Bench: <\/strong> (x)<\/li> \t<li> <strong>Injured: <\/strong>Ivani\u0107, Mimovi\u0107, Olayinka, Radonji\u0107.<\/li> \t<li> <strong>Sanctioned of the Crash Red: <\/strong>none.<\/li> <\/ul> ","protected":false},"excerpt":{"rendered":"<p>CONFIRMED LINEUPS! These are the starting XI of FC Barcelona and Brest for the match of matchday 5 of the Champions League 2024-2025 OFFICIAL: We have now confirmed the starting line-ups and benches for Hansi Flick&#8217;s Bar\u00e7a and \u00c9ric Roy&#8217;s Stade Brestois for the fifth matchday of the 2024-2025 UEFA Champions League league phase. CONFIRMED: [&hellip;]<\/p>\n","protected":false},"author":351,"featured_media":4392,"comment_status":"closed","ping_status":"open","sticky":false,"template":"","format":"standard","meta":{"_acf_changed":false,"inline_featured_image":false,"_nextfly_llmd_date_locked":false,"footnotes":""},"categories":[112,447],"tags":[201,237,87],"class_list":["post-4391","post","type-post","status-publish","format-standard","has-post-thumbnail","hentry","category-champions-league","category-champions-league-2","tag-lineups","tag-fc-barcelona-vs-brest","tag-hansi-flick"],"acf":[],"yoast_head":"<!-- This site is optimized with the Yoast SEO plugin v27.3 - https:\/\/yoast.com\/product\/yoast-seo-wordpress\/ -->\n<title>FC Barcelona - Brest: Confirmed lineups for the Champions League match 24\/25<\/title>\n<meta name=\"description\" content=\"CONFIRMED LINEUPS! These are the starting XI of FC Barcelona and Brest for the match of matchday 5 of the Champions League 2024-2025\" \/>\n<meta name=\"robots\" content=\"index, follow, max-snippet:-1, max-image-preview:large, max-video-preview:-1\" \/>\n<link rel=\"canonical\" href=\"https:\/\/www.fcbarcelonanoticias.com\/en\/champions-league\/fc-barcelona-brest-confirmed-lineups-match-champions-league-24-25_308885_102.html\" \/>\n<meta property=\"og:locale\" content=\"en_US\" \/>\n<meta property=\"og:type\" content=\"article\" \/>\n<meta property=\"og:title\" content=\"FC Barcelona - Brest: Confirmed lineups for the Champions League match 24\/25\" \/>\n<meta property=\"og:description\" content=\"CONFIRMED LINEUPS! These are the starting XI of FC Barcelona and Brest for the match of matchday 5 of the Champions League 2024-2025\" \/>\n<meta property=\"og:url\" content=\"https:\/\/www.fcbarcelonanoticias.com\/en\/champions-league\/fc-barcelona-brest-confirmed-lineups-match-champions-league-24-25_308885_102.html\" \/>\n<meta property=\"og:site_name\" content=\"EN - FC Barcelona Noticias\" \/>\n<meta property=\"article:published_time\" content=\"2024-11-26T18:54:00+00:00\" \/>\n<meta property=\"article:modified_time\" content=\"2024-11-26T19:02:00+00:00\" \/>\n<meta property=\"og:image\" content=\"https:\/\/www.fcbarcelonanoticias.com\/en\/wp-content\/uploads\/sites\/2\/2024\/11\/alineaciones-confirmadas-fc-barcelona-vs-brest-champions-league.jpeg\" \/>\n\t<meta property=\"og:image:width\" content=\"1200\" \/>\n\t<meta property=\"og:image:height\" content=\"675\" \/>\n\t<meta property=\"og:image:type\" content=\"image\/jpeg\" \/>\n<meta name=\"author\" content=\"David Jim\u00e9nez\" \/>\n<meta name=\"twitter:card\" content=\"summary_large_image\" \/>\n<meta name=\"twitter:label1\" content=\"Written by\" \/>\n\t<meta name=\"twitter:data1\" content=\"David Jim\u00e9nez\" \/>\n\t<meta name=\"twitter:label2\" content=\"Est. reading time\" \/>\n\t<meta name=\"twitter:data2\" content=\"1 minute\" \/>\n<script type=\"application\/ld+json\" class=\"yoast-schema-graph\">{\"@context\":\"https:\\\/\\\/schema.org\",\"@graph\":[{\"@type\":\"Article\",\"@id\":\"https:\\\/\\\/www.fcbarcelonanoticias.com\\\/en\\\/champions-league\\\/fc-barcelona-brest-confirmed-lineups-match-champions-league-24-25_308885_102.html#article\",\"isPartOf\":{\"@id\":\"https:\\\/\\\/www.fcbarcelonanoticias.com\\\/en\\\/champions-league\\\/fc-barcelona-brest-confirmed-lineups-match-champions-league-24-25_308885_102.html\"},\"author\":{\"name\":\"David Jim\u00e9nez\",\"@id\":\"https:\\\/\\\/www.fcbarcelonanoticias.com\\\/en\\\/#\\\/schema\\\/person\\\/ba19d9de61d41107240dd68c56521ef5\"},\"headline\":\"FC Barcelona &#8211; Brest: Confirmed lineups for the Champions League match 24\\\/25\",\"datePublished\":\"2024-11-26T18:54:00+00:00\",\"dateModified\":\"2024-11-26T19:02:00+00:00\",\"mainEntityOfPage\":{\"@id\":\"https:\\\/\\\/www.fcbarcelonanoticias.com\\\/en\\\/champions-league\\\/fc-barcelona-brest-confirmed-lineups-match-champions-league-24-25_308885_102.html\"},\"wordCount\":160,\"image\":{\"@id\":\"https:\\\/\\\/www.fcbarcelonanoticias.com\\\/en\\\/champions-league\\\/fc-barcelona-brest-confirmed-lineups-match-champions-league-24-25_308885_102.html#primaryimage\"},\"thumbnailUrl\":\"https:\\\/\\\/www.fcbarcelonanoticias.com\\\/en\\\/wp-content\\\/uploads\\\/sites\\\/2\\\/2024\\\/11\\\/alineaciones-confirmadas-fc-barcelona-vs-brest-champions-league.jpeg\",\"keywords\":[\"FC Barcelona Lineups\",\"FC Barcelona vs Brest\",\"Hansi Flick\"],\"articleSection\":[\"Champions League\",\"Champions League\"],\"inLanguage\":\"en-US\"},{\"@type\":\"WebPage\",\"@id\":\"https:\\\/\\\/www.fcbarcelonanoticias.com\\\/en\\\/champions-league\\\/fc-barcelona-brest-confirmed-lineups-match-champions-league-24-25_308885_102.html\",\"url\":\"https:\\\/\\\/www.fcbarcelonanoticias.com\\\/en\\\/champions-league\\\/fc-barcelona-brest-confirmed-lineups-match-champions-league-24-25_308885_102.html\",\"name\":\"FC Barcelona - Brest: Confirmed lineups for the Champions League match 24\\\/25\",\"isPartOf\":{\"@id\":\"https:\\\/\\\/www.fcbarcelonanoticias.com\\\/en\\\/#website\"},\"primaryImageOfPage\":{\"@id\":\"https:\\\/\\\/www.fcbarcelonanoticias.com\\\/en\\\/champions-league\\\/fc-barcelona-brest-confirmed-lineups-match-champions-league-24-25_308885_102.html#primaryimage\"},\"image\":{\"@id\":\"https:\\\/\\\/www.fcbarcelonanoticias.com\\\/en\\\/champions-league\\\/fc-barcelona-brest-confirmed-lineups-match-champions-league-24-25_308885_102.html#primaryimage\"},\"thumbnailUrl\":\"https:\\\/\\\/www.fcbarcelonanoticias.com\\\/en\\\/wp-content\\\/uploads\\\/sites\\\/2\\\/2024\\\/11\\\/alineaciones-confirmadas-fc-barcelona-vs-brest-champions-league.jpeg\",\"datePublished\":\"2024-11-26T18:54:00+00:00\",\"dateModified\":\"2024-11-26T19:02:00+00:00\",\"author\":{\"@id\":\"https:\\\/\\\/www.fcbarcelonanoticias.com\\\/en\\\/#\\\/schema\\\/person\\\/ba19d9de61d41107240dd68c56521ef5\"},\"description\":\"CONFIRMED LINEUPS! These are the starting XI of FC Barcelona and Brest for the match of matchday 5 of the Champions League 2024-2025\",\"breadcrumb\":{\"@id\":\"https:\\\/\\\/www.fcbarcelonanoticias.com\\\/en\\\/champions-league\\\/fc-barcelona-brest-confirmed-lineups-match-champions-league-24-25_308885_102.html#breadcrumb\"},\"inLanguage\":\"en-US\",\"potentialAction\":[{\"@type\":\"ReadAction\",\"target\":[\"https:\\\/\\\/www.fcbarcelonanoticias.com\\\/en\\\/champions-league\\\/fc-barcelona-brest-confirmed-lineups-match-champions-league-24-25_308885_102.html\"]}]},{\"@type\":\"ImageObject\",\"inLanguage\":\"en-US\",\"@id\":\"https:\\\/\\\/www.fcbarcelonanoticias.com\\\/en\\\/champions-league\\\/fc-barcelona-brest-confirmed-lineups-match-champions-league-24-25_308885_102.html#primaryimage\",\"url\":\"https:\\\/\\\/www.fcbarcelonanoticias.com\\\/en\\\/wp-content\\\/uploads\\\/sites\\\/2\\\/2024\\\/11\\\/alineaciones-confirmadas-fc-barcelona-vs-brest-champions-league.jpeg\",\"contentUrl\":\"https:\\\/\\\/www.fcbarcelonanoticias.com\\\/en\\\/wp-content\\\/uploads\\\/sites\\\/2\\\/2024\\\/11\\\/alineaciones-confirmadas-fc-barcelona-vs-brest-champions-league.jpeg\",\"width\":1200,\"height\":675},{\"@type\":\"BreadcrumbList\",\"@id\":\"https:\\\/\\\/www.fcbarcelonanoticias.com\\\/en\\\/champions-league\\\/fc-barcelona-brest-confirmed-lineups-match-champions-league-24-25_308885_102.html#breadcrumb\",\"itemListElement\":[{\"@type\":\"ListItem\",\"position\":1,\"name\":\"Portada\",\"item\":\"https:\\\/\\\/www.fcbarcelonanoticias.com\\\/en\\\/\"},{\"@type\":\"ListItem\",\"position\":2,\"name\":\"FC Barcelona &#8211; Brest: Confirmed lineups for the Champions League match 24\\\/25\"}]},{\"@type\":\"WebSite\",\"@id\":\"https:\\\/\\\/www.fcbarcelonanoticias.com\\\/en\\\/#website\",\"url\":\"https:\\\/\\\/www.fcbarcelonanoticias.com\\\/en\\\/\",\"name\":\"EN - FC Barcelona Noticias\",\"description\":\"\",\"potentialAction\":[{\"@type\":\"SearchAction\",\"target\":{\"@type\":\"EntryPoint\",\"urlTemplate\":\"https:\\\/\\\/www.fcbarcelonanoticias.com\\\/en\\\/?s={search_term_string}\"},\"query-input\":{\"@type\":\"PropertyValueSpecification\",\"valueRequired\":true,\"valueName\":\"search_term_string\"}}],\"inLanguage\":\"en-US\"},{\"@type\":\"Person\",\"@id\":\"https:\\\/\\\/www.fcbarcelonanoticias.com\\\/en\\\/#\\\/schema\\\/person\\\/ba19d9de61d41107240dd68c56521ef5\",\"name\":\"David Jim\u00e9nez\",\"image\":{\"@type\":\"ImageObject\",\"inLanguage\":\"en-US\",\"@id\":\"https:\\\/\\\/secure.gravatar.com\\\/avatar\\\/?s=96&d=mm&r=g\",\"url\":\"https:\\\/\\\/secure.gravatar.com\\\/avatar\\\/?s=96&d=mm&r=g\",\"contentUrl\":\"https:\\\/\\\/secure.gravatar.com\\\/avatar\\\/?s=96&d=mm&r=g\",\"caption\":\"David Jim\u00e9nez\"},\"description\":\"Responsable editorial en FC Barcelona Noticias (FCBN).\u00a0Especializado en la actualidad del F\u00fatbol Club Barcelona: partidos, fichajes, an\u00e1lisis t\u00e1ctico y competiciones oficiales. Coordina coberturas, edici\u00f3n y est\u00e1ndares editoriales para garantizar rigor, contexto y verificaci\u00f3n de datos en todos los contenidos. Con gran experiencia en el ecosistema\u00a0digital deportivo, medios de comunicaci\u00f3n\u00a0y gesti\u00f3n de audiencias. Impulsa piezas explicativas, gu\u00edas pr\u00e1cticas y contenidos innovadores de servicio al lector, priorizando fuentes oficiales (F\u00fatbol Club Barcelona, LaLiga, UEFA, RFEF) y contrastes m\u00faltiples. Transparencia editorial: trabajamos conforme a nuestra Pol\u00edtica Editorial y Pol\u00edtica de Correcciones. M\u00e1s informaci\u00f3n sobre el medio en Qui\u00e9nes somos.\",\"url\":\"https:\\\/\\\/www.fcbarcelonanoticias.com\\\/en\\\/fc-barcelona\\\/david-jimenez_7_115.html\"}]}<\/script>\n<!-- \/ Yoast SEO plugin. -->","yoast_head_json":{"title":"FC Barcelona - Brest: Confirmed lineups for the Champions League match 24\/25","description":"CONFIRMED LINEUPS! These are the starting XI of FC Barcelona and Brest for the match of matchday 5 of the Champions League 2024-2025","robots":{"index":"index","follow":"follow","max-snippet":"max-snippet:-1","max-image-preview":"max-image-preview:large","max-video-preview":"max-video-preview:-1"},"canonical":"https:\/\/www.fcbarcelonanoticias.com\/en\/champions-league\/fc-barcelona-brest-confirmed-lineups-match-champions-league-24-25_308885_102.html","og_locale":"en_US","og_type":"article","og_title":"FC Barcelona - Brest: Confirmed lineups for the Champions League match 24\/25","og_description":"CONFIRMED LINEUPS! These are the starting XI of FC Barcelona and Brest for the match of matchday 5 of the Champions League 2024-2025","og_url":"https:\/\/www.fcbarcelonanoticias.com\/en\/champions-league\/fc-barcelona-brest-confirmed-lineups-match-champions-league-24-25_308885_102.html","og_site_name":"EN - FC Barcelona Noticias","article_published_time":"2024-11-26T18:54:00+00:00","article_modified_time":"2024-11-26T19:02:00+00:00","og_image":[{"width":1200,"height":675,"url":"https:\/\/www.fcbarcelonanoticias.com\/en\/wp-content\/uploads\/sites\/2\/2024\/11\/alineaciones-confirmadas-fc-barcelona-vs-brest-champions-league.jpeg","type":"image\/jpeg"}],"author":"David Jim\u00e9nez","twitter_card":"summary_large_image","twitter_misc":{"Written by":"David Jim\u00e9nez","Est. reading time":"1 minute"},"schema":{"@context":"https:\/\/schema.org","@graph":[{"@type":"Article","@id":"https:\/\/www.fcbarcelonanoticias.com\/en\/champions-league\/fc-barcelona-brest-confirmed-lineups-match-champions-league-24-25_308885_102.html#article","isPartOf":{"@id":"https:\/\/www.fcbarcelonanoticias.com\/en\/champions-league\/fc-barcelona-brest-confirmed-lineups-match-champions-league-24-25_308885_102.html"},"author":{"name":"David Jim\u00e9nez","@id":"https:\/\/www.fcbarcelonanoticias.com\/en\/#\/schema\/person\/ba19d9de61d41107240dd68c56521ef5"},"headline":"FC Barcelona &#8211; Brest: Confirmed lineups for the Champions League match 24\/25","datePublished":"2024-11-26T18:54:00+00:00","dateModified":"2024-11-26T19:02:00+00:00","mainEntityOfPage":{"@id":"https:\/\/www.fcbarcelonanoticias.com\/en\/champions-league\/fc-barcelona-brest-confirmed-lineups-match-champions-league-24-25_308885_102.html"},"wordCount":160,"image":{"@id":"https:\/\/www.fcbarcelonanoticias.com\/en\/champions-league\/fc-barcelona-brest-confirmed-lineups-match-champions-league-24-25_308885_102.html#primaryimage"},"thumbnailUrl":"https:\/\/www.fcbarcelonanoticias.com\/en\/wp-content\/uploads\/sites\/2\/2024\/11\/alineaciones-confirmadas-fc-barcelona-vs-brest-champions-league.jpeg","keywords":["FC Barcelona Lineups","FC Barcelona vs Brest","Hansi Flick"],"articleSection":["Champions League","Champions League"],"inLanguage":"en-US"},{"@type":"WebPage","@id":"https:\/\/www.fcbarcelonanoticias.com\/en\/champions-league\/fc-barcelona-brest-confirmed-lineups-match-champions-league-24-25_308885_102.html","url":"https:\/\/www.fcbarcelonanoticias.com\/en\/champions-league\/fc-barcelona-brest-confirmed-lineups-match-champions-league-24-25_308885_102.html","name":"FC Barcelona - Brest: Confirmed lineups for the Champions League match 24\/25","isPartOf":{"@id":"https:\/\/www.fcbarcelonanoticias.com\/en\/#website"},"primaryImageOfPage":{"@id":"https:\/\/www.fcbarcelonanoticias.com\/en\/champions-league\/fc-barcelona-brest-confirmed-lineups-match-champions-league-24-25_308885_102.html#primaryimage"},"image":{"@id":"https:\/\/www.fcbarcelonanoticias.com\/en\/champions-league\/fc-barcelona-brest-confirmed-lineups-match-champions-league-24-25_308885_102.html#primaryimage"},"thumbnailUrl":"https:\/\/www.fcbarcelonanoticias.com\/en\/wp-content\/uploads\/sites\/2\/2024\/11\/alineaciones-confirmadas-fc-barcelona-vs-brest-champions-league.jpeg","datePublished":"2024-11-26T18:54:00+00:00","dateModified":"2024-11-26T19:02:00+00:00","author":{"@id":"https:\/\/www.fcbarcelonanoticias.com\/en\/#\/schema\/person\/ba19d9de61d41107240dd68c56521ef5"},"description":"CONFIRMED LINEUPS! These are the starting XI of FC Barcelona and Brest for the match of matchday 5 of the Champions League 2024-2025","breadcrumb":{"@id":"https:\/\/www.fcbarcelonanoticias.com\/en\/champions-league\/fc-barcelona-brest-confirmed-lineups-match-champions-league-24-25_308885_102.html#breadcrumb"},"inLanguage":"en-US","potentialAction":[{"@type":"ReadAction","target":["https:\/\/www.fcbarcelonanoticias.com\/en\/champions-league\/fc-barcelona-brest-confirmed-lineups-match-champions-league-24-25_308885_102.html"]}]},{"@type":"ImageObject","inLanguage":"en-US","@id":"https:\/\/www.fcbarcelonanoticias.com\/en\/champions-league\/fc-barcelona-brest-confirmed-lineups-match-champions-league-24-25_308885_102.html#primaryimage","url":"https:\/\/www.fcbarcelonanoticias.com\/en\/wp-content\/uploads\/sites\/2\/2024\/11\/alineaciones-confirmadas-fc-barcelona-vs-brest-champions-league.jpeg","contentUrl":"https:\/\/www.fcbarcelonanoticias.com\/en\/wp-content\/uploads\/sites\/2\/2024\/11\/alineaciones-confirmadas-fc-barcelona-vs-brest-champions-league.jpeg","width":1200,"height":675},{"@type":"BreadcrumbList","@id":"https:\/\/www.fcbarcelonanoticias.com\/en\/champions-league\/fc-barcelona-brest-confirmed-lineups-match-champions-league-24-25_308885_102.html#breadcrumb","itemListElement":[{"@type":"ListItem","position":1,"name":"Portada","item":"https:\/\/www.fcbarcelonanoticias.com\/en\/"},{"@type":"ListItem","position":2,"name":"FC Barcelona &#8211; Brest: Confirmed lineups for the Champions League match 24\/25"}]},{"@type":"WebSite","@id":"https:\/\/www.fcbarcelonanoticias.com\/en\/#website","url":"https:\/\/www.fcbarcelonanoticias.com\/en\/","name":"EN - FC Barcelona Noticias","description":"","potentialAction":[{"@type":"SearchAction","target":{"@type":"EntryPoint","urlTemplate":"https:\/\/www.fcbarcelonanoticias.com\/en\/?s={search_term_string}"},"query-input":{"@type":"PropertyValueSpecification","valueRequired":true,"valueName":"search_term_string"}}],"inLanguage":"en-US"},{"@type":"Person","@id":"https:\/\/www.fcbarcelonanoticias.com\/en\/#\/schema\/person\/ba19d9de61d41107240dd68c56521ef5","name":"David Jim\u00e9nez","image":{"@type":"ImageObject","inLanguage":"en-US","@id":"https:\/\/secure.gravatar.com\/avatar\/?s=96&d=mm&r=g","url":"https:\/\/secure.gravatar.com\/avatar\/?s=96&d=mm&r=g","contentUrl":"https:\/\/secure.gravatar.com\/avatar\/?s=96&d=mm&r=g","caption":"David Jim\u00e9nez"},"description":"Responsable editorial en FC Barcelona Noticias (FCBN).\u00a0Especializado en la actualidad del F\u00fatbol Club Barcelona: partidos, fichajes, an\u00e1lisis t\u00e1ctico y competiciones oficiales. Coordina coberturas, edici\u00f3n y est\u00e1ndares editoriales para garantizar rigor, contexto y verificaci\u00f3n de datos en todos los contenidos. Con gran experiencia en el ecosistema\u00a0digital deportivo, medios de comunicaci\u00f3n\u00a0y gesti\u00f3n de audiencias. Impulsa piezas explicativas, gu\u00edas pr\u00e1cticas y contenidos innovadores de servicio al lector, priorizando fuentes oficiales (F\u00fatbol Club Barcelona, LaLiga, UEFA, RFEF) y contrastes m\u00faltiples. Transparencia editorial: trabajamos conforme a nuestra Pol\u00edtica Editorial y Pol\u00edtica de Correcciones. M\u00e1s informaci\u00f3n sobre el medio en Qui\u00e9nes somos.","url":"https:\/\/www.fcbarcelonanoticias.com\/en\/fc-barcelona\/david-jimenez_7_115.html"}]}},"_links":{"self":[{"href":"https:\/\/www.fcbarcelonanoticias.com\/en\/wp-json\/wp\/v2\/posts\/4391","targetHints":{"allow":["GET"]}}],"collection":[{"href":"https:\/\/www.fcbarcelonanoticias.com\/en\/wp-json\/wp\/v2\/posts"}],"about":[{"href":"https:\/\/www.fcbarcelonanoticias.com\/en\/wp-json\/wp\/v2\/types\/post"}],"author":[{"embeddable":true,"href":"https:\/\/www.fcbarcelonanoticias.com\/en\/wp-json\/wp\/v2\/users\/351"}],"replies":[{"embeddable":true,"href":"https:\/\/www.fcbarcelonanoticias.com\/en\/wp-json\/wp\/v2\/comments?post=4391"}],"version-history":[{"count":1,"href":"https:\/\/www.fcbarcelonanoticias.com\/en\/wp-json\/wp\/v2\/posts\/4391\/revisions"}],"predecessor-version":[{"id":101279,"href":"https:\/\/www.fcbarcelonanoticias.com\/en\/wp-json\/wp\/v2\/posts\/4391\/revisions\/101279"}],"wp:featuredmedia":[{"embeddable":true,"href":"https:\/\/www.fcbarcelonanoticias.com\/en\/wp-json\/wp\/v2\/media\/4392"}],"wp:attachment":[{"href":"https:\/\/www.fcbarcelonanoticias.com\/en\/wp-json\/wp\/v2\/media?parent=4391"}],"wp:term":[{"taxonomy":"category","embeddable":true,"href":"https:\/\/www.fcbarcelonanoticias.com\/en\/wp-json\/wp\/v2\/categories?post=4391"},{"taxonomy":"post_tag","embeddable":true,"href":"https:\/\/www.fcbarcelonanoticias.com\/en\/wp-json\/wp\/v2\/tags?post=4391"}],"curies":[{"name":"wp","href":"https:\/\/api.w.org\/{rel}","templated":true}]}}