{"id":43949,"date":"2024-05-12T23:32:00","date_gmt":"2024-05-12T21:32:00","guid":{"rendered":"https:\/\/weisetech.dev\/fc-barcelona-noticias\/en\/farewell-bitter-of-kylian-mbappe-of-the-park-of-the-princes_303464_102\/"},"modified":"2024-05-12T23:32:00","modified_gmt":"2024-05-12T21:32:00","slug":"farewell-bitter-of-kylian-mbappe-of-the-park-of-the-princes_303464_102","status":"publish","type":"post","link":"https:\/\/www.fcbarcelonanoticias.com\/en\/international-football\/farewell-bitter-of-kylian-mbappe-of-the-park-of-the-princes_303464_102.html","title":{"rendered":"Kylian Mbapp\u00e9&#8217;s &#8216;bitter&#8217; farewell to the Parc des Princes"},"content":{"rendered":"<h2 class=\"wp-block-heading\">Kylian Mbapp\u00e9 will not have very good memories of his last night at the Parc des Princes as a PSG player. His club did not organize a farewell for him, beyond the celebration of Ligue 1, and he was defeated despite a great goal from him<\/h2>  \r\n<div class=\"article-addons\">\r\n    <a href=\"https:\/\/www.fcbarcelonanoticias.com\/en\/calendar-fc-barcelona.html\"\r\n       target=\"_self\"\r\n       title=\"Calendar of FC Barcelona\"\r\n       class=\"blue-gredient-btn\">\r\n       \r\n        Calendar of FC Barcelona    <\/a>\r\n<\/div>   <p>Officially,<strong> Kylian Mbapp\u00e9 has sacked of the Park of the Princes after leading to Paris Saint-Germain during the last seven years<\/strong>. It has given the last goodbye to the fans in a night very agridulce with the defeat in front of the Toulouse before the celebration of the title of Tie it 1. He had commissioned , precisely, to open the marker in a night that, in paper, went to be calm for the ones of Luis Enrique.<\/p>  <p>The one of Bondy leaves of Paris in an odd night. It was pitado, shyly, in the previous of the clash when the megaphony announced that it went to be headline. They were very few the fans gathered in the feudo Parisian, but the history changed when, minutes before the pitazo initial, broke the protocol and<strong> the ultras of the PSG homenajearon to Mbapp\u00e9 with a moving tifo that he appreciated personally.<\/strong> His club did not have at all that see with this.<\/p>  <h2>The PSG &#8216;forget&#8217; of Mbapp\u00e9<\/h2>  <p>Once begun the clash, Mbapp\u00e9 showed what better knows to do: desequiibrar the parties with a control or a dribbling.<strong> This time, against the Toulouse, left the two. Arnau Tenas Sent a balloon in long that found to the attacker of 25 years in career to the rival area. It took out<\/strong> a trick of magic to control, dribble to Subtract and define, to empty goal, to open the marker before the ten minutes. The VAR reviewed the played by a possible position advanced, but there was not at all.<\/p>  <p>Until there, all was joy in the Park of the Princes, but the Toulouse did not leave that the party followed. <strong>They did quickly with the control of the party and signed the tables five minutes after the target of Mbapp\u00e9 after a big collective action that finish with a shot of Dallinga to win to the guardameta Catalan<\/strong>. The history did not change too much in the resumption and Gboho surprised to the PSG with a shot of long distance, direct to the long stick, before Magri signed the sentence in the discount.<\/p>  <h2>Mbapp\u00e9 Had a &#8216;fright&#8217; and remained without homage<\/h2>  <p>It has been the farewell more &#8216;bitter&#8217; possible for a Mbapp\u00e9 that had a fright after an entrance that painted badly, but remained in at all, and that has said goodbye as a player more. The club chaired by Nasser To the-Khela\u00effi did not organise him any type of homage and only was &#8216;celebrated&#8217; by the ultras before the party. The ad\u00ed\u00f3s colder after seven years in the capital of France that have saldado, up to now, with 256 goals in 307 clashes.<\/p> ","protected":false},"excerpt":{"rendered":"<p>Kylian Mbapp\u00e9 will not have very good memories of his last night at the Parc des Princes as a PSG player. His club did not organize a farewell for him, beyond the celebration of Ligue 1, and he was defeated despite a great goal from him Officially, Kylian Mbapp\u00e9 has sacked of the Park of [&hellip;]<\/p>\n","protected":false},"author":0,"featured_media":43950,"comment_status":"closed","ping_status":"open","sticky":false,"template":"","format":"standard","meta":{"_acf_changed":false,"inline_featured_image":false,"_nextfly_llmd_date_locked":false,"footnotes":""},"categories":[1],"tags":[171,88],"class_list":["post-43949","post","type-post","status-publish","format-standard","has-post-thumbnail","hentry","category-sin-categoria","tag-mbappe","tag-paris-saint-germain"],"acf":[],"yoast_head":"<!-- This site is optimized with the Yoast SEO plugin v27.3 - https:\/\/yoast.com\/product\/yoast-seo-wordpress\/ -->\n<title>Farewell &#039;bitter&#039; of Kylian Mbapp\u00e9 of the Park of the Princes<\/title>\n<meta name=\"description\" content=\"Kylian Mbapp\u00e9 Will not have very good memories of his last night in the Park of the Princes like player of the PSG. His club did not organise him a farewell, further of the celebration of Tie it 1, and fell defeated in spite of a golazo his\" \/>\n<meta name=\"robots\" content=\"index, follow, max-snippet:-1, max-image-preview:large, max-video-preview:-1\" \/>\n<link rel=\"canonical\" href=\"https:\/\/www.fcbarcelonanoticias.com\/en\/international-football\/farewell-bitter-of-kylian-mbappe-of-the-park-of-the-princes_303464_102.html\" \/>\n<meta property=\"og:locale\" content=\"en_US\" \/>\n<meta property=\"og:type\" content=\"article\" \/>\n<meta property=\"og:title\" content=\"Farewell &#039;bitter&#039; of Kylian Mbapp\u00e9 of the Park of the Princes\" \/>\n<meta property=\"og:description\" content=\"Kylian Mbapp\u00e9 Will not have very good memories of his last night in the Park of the Princes like player of the PSG. His club did not organise him a farewell, further of the celebration of Tie it 1, and fell defeated in spite of a golazo his\" \/>\n<meta property=\"og:url\" content=\"https:\/\/www.fcbarcelonanoticias.com\/en\/international-football\/farewell-bitter-of-kylian-mbappe-of-the-park-of-the-princes_303464_102.html\" \/>\n<meta property=\"og:site_name\" content=\"EN - FC Barcelona Noticias\" \/>\n<meta property=\"article:published_time\" content=\"2024-05-12T21:32:00+00:00\" \/>\n<meta property=\"og:image\" content=\"https:\/\/www.fcbarcelonanoticias.com\/en\/wp-content\/uploads\/sites\/2\/2024\/05\/kylian-mbappe-en-su-despedida-del-parque-de-los-principes.jpeg\" \/>\n\t<meta property=\"og:image:width\" content=\"1200\" \/>\n\t<meta property=\"og:image:height\" content=\"675\" \/>\n\t<meta property=\"og:image:type\" content=\"image\/jpeg\" \/>\n<meta name=\"twitter:card\" content=\"summary_large_image\" \/>\n<meta name=\"twitter:label1\" content=\"Est. reading time\" \/>\n\t<meta name=\"twitter:data1\" content=\"2 minutes\" \/>\n<script type=\"application\/ld+json\" class=\"yoast-schema-graph\">{\"@context\":\"https:\\\/\\\/schema.org\",\"@graph\":[{\"@type\":\"Article\",\"@id\":\"https:\\\/\\\/www.fcbarcelonanoticias.com\\\/en\\\/international-football\\\/farewell-bitter-of-kylian-mbappe-of-the-park-of-the-princes_303464_102.html#article\",\"isPartOf\":{\"@id\":\"https:\\\/\\\/www.fcbarcelonanoticias.com\\\/en\\\/international-football\\\/farewell-bitter-of-kylian-mbappe-of-the-park-of-the-princes_303464_102.html\"},\"author\":{\"name\":\"\",\"@id\":\"\"},\"headline\":\"Kylian Mbapp\u00e9&#8217;s &#8216;bitter&#8217; farewell to the Parc des Princes\",\"datePublished\":\"2024-05-12T21:32:00+00:00\",\"mainEntityOfPage\":{\"@id\":\"https:\\\/\\\/www.fcbarcelonanoticias.com\\\/en\\\/international-football\\\/farewell-bitter-of-kylian-mbappe-of-the-park-of-the-princes_303464_102.html\"},\"wordCount\":493,\"image\":{\"@id\":\"https:\\\/\\\/www.fcbarcelonanoticias.com\\\/en\\\/international-football\\\/farewell-bitter-of-kylian-mbappe-of-the-park-of-the-princes_303464_102.html#primaryimage\"},\"thumbnailUrl\":\"https:\\\/\\\/www.fcbarcelonanoticias.com\\\/en\\\/wp-content\\\/uploads\\\/sites\\\/2\\\/2024\\\/05\\\/kylian-mbappe-en-su-despedida-del-parque-de-los-principes.jpeg\",\"keywords\":[\"Mbapp\u00e9\",\"Paris Saint-Germain\"],\"articleSection\":[\"Sin categor\u00eda\"],\"inLanguage\":\"en-US\"},{\"@type\":\"WebPage\",\"@id\":\"https:\\\/\\\/www.fcbarcelonanoticias.com\\\/en\\\/international-football\\\/farewell-bitter-of-kylian-mbappe-of-the-park-of-the-princes_303464_102.html\",\"url\":\"https:\\\/\\\/www.fcbarcelonanoticias.com\\\/en\\\/international-football\\\/farewell-bitter-of-kylian-mbappe-of-the-park-of-the-princes_303464_102.html\",\"name\":\"Farewell 'bitter' of Kylian Mbapp\u00e9 of the Park of the Princes\",\"isPartOf\":{\"@id\":\"https:\\\/\\\/www.fcbarcelonanoticias.com\\\/en\\\/#website\"},\"primaryImageOfPage\":{\"@id\":\"https:\\\/\\\/www.fcbarcelonanoticias.com\\\/en\\\/international-football\\\/farewell-bitter-of-kylian-mbappe-of-the-park-of-the-princes_303464_102.html#primaryimage\"},\"image\":{\"@id\":\"https:\\\/\\\/www.fcbarcelonanoticias.com\\\/en\\\/international-football\\\/farewell-bitter-of-kylian-mbappe-of-the-park-of-the-princes_303464_102.html#primaryimage\"},\"thumbnailUrl\":\"https:\\\/\\\/www.fcbarcelonanoticias.com\\\/en\\\/wp-content\\\/uploads\\\/sites\\\/2\\\/2024\\\/05\\\/kylian-mbappe-en-su-despedida-del-parque-de-los-principes.jpeg\",\"datePublished\":\"2024-05-12T21:32:00+00:00\",\"author\":{\"@id\":\"\"},\"description\":\"Kylian Mbapp\u00e9 Will not have very good memories of his last night in the Park of the Princes like player of the PSG. His club did not organise him a farewell, further of the celebration of Tie it 1, and fell defeated in spite of a golazo his\",\"breadcrumb\":{\"@id\":\"https:\\\/\\\/www.fcbarcelonanoticias.com\\\/en\\\/international-football\\\/farewell-bitter-of-kylian-mbappe-of-the-park-of-the-princes_303464_102.html#breadcrumb\"},\"inLanguage\":\"en-US\",\"potentialAction\":[{\"@type\":\"ReadAction\",\"target\":[\"https:\\\/\\\/www.fcbarcelonanoticias.com\\\/en\\\/international-football\\\/farewell-bitter-of-kylian-mbappe-of-the-park-of-the-princes_303464_102.html\"]}]},{\"@type\":\"ImageObject\",\"inLanguage\":\"en-US\",\"@id\":\"https:\\\/\\\/www.fcbarcelonanoticias.com\\\/en\\\/international-football\\\/farewell-bitter-of-kylian-mbappe-of-the-park-of-the-princes_303464_102.html#primaryimage\",\"url\":\"https:\\\/\\\/www.fcbarcelonanoticias.com\\\/en\\\/wp-content\\\/uploads\\\/sites\\\/2\\\/2024\\\/05\\\/kylian-mbappe-en-su-despedida-del-parque-de-los-principes.jpeg\",\"contentUrl\":\"https:\\\/\\\/www.fcbarcelonanoticias.com\\\/en\\\/wp-content\\\/uploads\\\/sites\\\/2\\\/2024\\\/05\\\/kylian-mbappe-en-su-despedida-del-parque-de-los-principes.jpeg\",\"width\":1200,\"height\":675},{\"@type\":\"BreadcrumbList\",\"@id\":\"https:\\\/\\\/www.fcbarcelonanoticias.com\\\/en\\\/international-football\\\/farewell-bitter-of-kylian-mbappe-of-the-park-of-the-princes_303464_102.html#breadcrumb\",\"itemListElement\":[{\"@type\":\"ListItem\",\"position\":1,\"name\":\"Portada\",\"item\":\"https:\\\/\\\/www.fcbarcelonanoticias.com\\\/en\\\/\"},{\"@type\":\"ListItem\",\"position\":2,\"name\":\"Kylian Mbapp\u00e9&#8217;s &#8216;bitter&#8217; farewell to the Parc des Princes\"}]},{\"@type\":\"WebSite\",\"@id\":\"https:\\\/\\\/www.fcbarcelonanoticias.com\\\/en\\\/#website\",\"url\":\"https:\\\/\\\/www.fcbarcelonanoticias.com\\\/en\\\/\",\"name\":\"EN - FC Barcelona Noticias\",\"description\":\"\",\"potentialAction\":[{\"@type\":\"SearchAction\",\"target\":{\"@type\":\"EntryPoint\",\"urlTemplate\":\"https:\\\/\\\/www.fcbarcelonanoticias.com\\\/en\\\/?s={search_term_string}\"},\"query-input\":{\"@type\":\"PropertyValueSpecification\",\"valueRequired\":true,\"valueName\":\"search_term_string\"}}],\"inLanguage\":\"en-US\"}]}<\/script>\n<!-- \/ Yoast SEO plugin. -->","yoast_head_json":{"title":"Farewell 'bitter' of Kylian Mbapp\u00e9 of the Park of the Princes","description":"Kylian Mbapp\u00e9 Will not have very good memories of his last night in the Park of the Princes like player of the PSG. His club did not organise him a farewell, further of the celebration of Tie it 1, and fell defeated in spite of a golazo his","robots":{"index":"index","follow":"follow","max-snippet":"max-snippet:-1","max-image-preview":"max-image-preview:large","max-video-preview":"max-video-preview:-1"},"canonical":"https:\/\/www.fcbarcelonanoticias.com\/en\/international-football\/farewell-bitter-of-kylian-mbappe-of-the-park-of-the-princes_303464_102.html","og_locale":"en_US","og_type":"article","og_title":"Farewell 'bitter' of Kylian Mbapp\u00e9 of the Park of the Princes","og_description":"Kylian Mbapp\u00e9 Will not have very good memories of his last night in the Park of the Princes like player of the PSG. His club did not organise him a farewell, further of the celebration of Tie it 1, and fell defeated in spite of a golazo his","og_url":"https:\/\/www.fcbarcelonanoticias.com\/en\/international-football\/farewell-bitter-of-kylian-mbappe-of-the-park-of-the-princes_303464_102.html","og_site_name":"EN - FC Barcelona Noticias","article_published_time":"2024-05-12T21:32:00+00:00","og_image":[{"width":1200,"height":675,"url":"https:\/\/www.fcbarcelonanoticias.com\/en\/wp-content\/uploads\/sites\/2\/2024\/05\/kylian-mbappe-en-su-despedida-del-parque-de-los-principes.jpeg","type":"image\/jpeg"}],"twitter_card":"summary_large_image","twitter_misc":{"Est. reading time":"2 minutes"},"schema":{"@context":"https:\/\/schema.org","@graph":[{"@type":"Article","@id":"https:\/\/www.fcbarcelonanoticias.com\/en\/international-football\/farewell-bitter-of-kylian-mbappe-of-the-park-of-the-princes_303464_102.html#article","isPartOf":{"@id":"https:\/\/www.fcbarcelonanoticias.com\/en\/international-football\/farewell-bitter-of-kylian-mbappe-of-the-park-of-the-princes_303464_102.html"},"author":{"name":"","@id":""},"headline":"Kylian Mbapp\u00e9&#8217;s &#8216;bitter&#8217; farewell to the Parc des Princes","datePublished":"2024-05-12T21:32:00+00:00","mainEntityOfPage":{"@id":"https:\/\/www.fcbarcelonanoticias.com\/en\/international-football\/farewell-bitter-of-kylian-mbappe-of-the-park-of-the-princes_303464_102.html"},"wordCount":493,"image":{"@id":"https:\/\/www.fcbarcelonanoticias.com\/en\/international-football\/farewell-bitter-of-kylian-mbappe-of-the-park-of-the-princes_303464_102.html#primaryimage"},"thumbnailUrl":"https:\/\/www.fcbarcelonanoticias.com\/en\/wp-content\/uploads\/sites\/2\/2024\/05\/kylian-mbappe-en-su-despedida-del-parque-de-los-principes.jpeg","keywords":["Mbapp\u00e9","Paris Saint-Germain"],"articleSection":["Sin categor\u00eda"],"inLanguage":"en-US"},{"@type":"WebPage","@id":"https:\/\/www.fcbarcelonanoticias.com\/en\/international-football\/farewell-bitter-of-kylian-mbappe-of-the-park-of-the-princes_303464_102.html","url":"https:\/\/www.fcbarcelonanoticias.com\/en\/international-football\/farewell-bitter-of-kylian-mbappe-of-the-park-of-the-princes_303464_102.html","name":"Farewell 'bitter' of Kylian Mbapp\u00e9 of the Park of the Princes","isPartOf":{"@id":"https:\/\/www.fcbarcelonanoticias.com\/en\/#website"},"primaryImageOfPage":{"@id":"https:\/\/www.fcbarcelonanoticias.com\/en\/international-football\/farewell-bitter-of-kylian-mbappe-of-the-park-of-the-princes_303464_102.html#primaryimage"},"image":{"@id":"https:\/\/www.fcbarcelonanoticias.com\/en\/international-football\/farewell-bitter-of-kylian-mbappe-of-the-park-of-the-princes_303464_102.html#primaryimage"},"thumbnailUrl":"https:\/\/www.fcbarcelonanoticias.com\/en\/wp-content\/uploads\/sites\/2\/2024\/05\/kylian-mbappe-en-su-despedida-del-parque-de-los-principes.jpeg","datePublished":"2024-05-12T21:32:00+00:00","author":{"@id":""},"description":"Kylian Mbapp\u00e9 Will not have very good memories of his last night in the Park of the Princes like player of the PSG. His club did not organise him a farewell, further of the celebration of Tie it 1, and fell defeated in spite of a golazo his","breadcrumb":{"@id":"https:\/\/www.fcbarcelonanoticias.com\/en\/international-football\/farewell-bitter-of-kylian-mbappe-of-the-park-of-the-princes_303464_102.html#breadcrumb"},"inLanguage":"en-US","potentialAction":[{"@type":"ReadAction","target":["https:\/\/www.fcbarcelonanoticias.com\/en\/international-football\/farewell-bitter-of-kylian-mbappe-of-the-park-of-the-princes_303464_102.html"]}]},{"@type":"ImageObject","inLanguage":"en-US","@id":"https:\/\/www.fcbarcelonanoticias.com\/en\/international-football\/farewell-bitter-of-kylian-mbappe-of-the-park-of-the-princes_303464_102.html#primaryimage","url":"https:\/\/www.fcbarcelonanoticias.com\/en\/wp-content\/uploads\/sites\/2\/2024\/05\/kylian-mbappe-en-su-despedida-del-parque-de-los-principes.jpeg","contentUrl":"https:\/\/www.fcbarcelonanoticias.com\/en\/wp-content\/uploads\/sites\/2\/2024\/05\/kylian-mbappe-en-su-despedida-del-parque-de-los-principes.jpeg","width":1200,"height":675},{"@type":"BreadcrumbList","@id":"https:\/\/www.fcbarcelonanoticias.com\/en\/international-football\/farewell-bitter-of-kylian-mbappe-of-the-park-of-the-princes_303464_102.html#breadcrumb","itemListElement":[{"@type":"ListItem","position":1,"name":"Portada","item":"https:\/\/www.fcbarcelonanoticias.com\/en\/"},{"@type":"ListItem","position":2,"name":"Kylian Mbapp\u00e9&#8217;s &#8216;bitter&#8217; farewell to the Parc des Princes"}]},{"@type":"WebSite","@id":"https:\/\/www.fcbarcelonanoticias.com\/en\/#website","url":"https:\/\/www.fcbarcelonanoticias.com\/en\/","name":"EN - FC Barcelona Noticias","description":"","potentialAction":[{"@type":"SearchAction","target":{"@type":"EntryPoint","urlTemplate":"https:\/\/www.fcbarcelonanoticias.com\/en\/?s={search_term_string}"},"query-input":{"@type":"PropertyValueSpecification","valueRequired":true,"valueName":"search_term_string"}}],"inLanguage":"en-US"}]}},"_links":{"self":[{"href":"https:\/\/www.fcbarcelonanoticias.com\/en\/wp-json\/wp\/v2\/posts\/43949","targetHints":{"allow":["GET"]}}],"collection":[{"href":"https:\/\/www.fcbarcelonanoticias.com\/en\/wp-json\/wp\/v2\/posts"}],"about":[{"href":"https:\/\/www.fcbarcelonanoticias.com\/en\/wp-json\/wp\/v2\/types\/post"}],"replies":[{"embeddable":true,"href":"https:\/\/www.fcbarcelonanoticias.com\/en\/wp-json\/wp\/v2\/comments?post=43949"}],"version-history":[{"count":1,"href":"https:\/\/www.fcbarcelonanoticias.com\/en\/wp-json\/wp\/v2\/posts\/43949\/revisions"}],"predecessor-version":[{"id":114459,"href":"https:\/\/www.fcbarcelonanoticias.com\/en\/wp-json\/wp\/v2\/posts\/43949\/revisions\/114459"}],"wp:featuredmedia":[{"embeddable":true,"href":"https:\/\/www.fcbarcelonanoticias.com\/en\/wp-json\/wp\/v2\/media\/43950"}],"wp:attachment":[{"href":"https:\/\/www.fcbarcelonanoticias.com\/en\/wp-json\/wp\/v2\/media?parent=43949"}],"wp:term":[{"taxonomy":"category","embeddable":true,"href":"https:\/\/www.fcbarcelonanoticias.com\/en\/wp-json\/wp\/v2\/categories?post=43949"},{"taxonomy":"post_tag","embeddable":true,"href":"https:\/\/www.fcbarcelonanoticias.com\/en\/wp-json\/wp\/v2\/tags?post=43949"}],"curies":[{"name":"wp","href":"https:\/\/api.w.org\/{rel}","templated":true}]}}