{"id":43959,"date":"2023-02-28T00:14:00","date_gmt":"2023-02-27T23:14:00","guid":{"rendered":"https:\/\/weisetech.dev\/fc-barcelona-noticias\/en\/fifa-passes-real-madrid-at-the-best-awards_290053_102\/"},"modified":"2023-02-28T00:14:00","modified_gmt":"2023-02-27T23:14:00","slug":"fifa-passes-real-madrid-at-the-best-awards_290053_102","status":"publish","type":"post","link":"https:\/\/www.fcbarcelonanoticias.com\/en\/international-football\/fifa-passes-real-madrid-at-the-best-awards_290053_102.html","title":{"rendered":"FIFA &#8216;passes&#8217; Real Madrid at The Best awards"},"content":{"rendered":"<h2 class=\"wp-block-heading\">As expected, Real Madrid did not win any prize at the FIFA The Best gala. With the World Cup in Qatar as a priority, what the &#8216;merengues&#8217; did in 2022\/23 went to the background for the award<\/h2>  \r\n<div class=\"article-addons\">\r\n    <a href=\"https:\/\/www.fcbarcelonanoticias.com\/en\/calendar-fc-barcelona.html\"\r\n       target=\"_self\"\r\n       title=\"Calendar of FC Barcelona\"\r\n       class=\"blue-gredient-btn\">\r\n       \r\n        Calendar of FC Barcelona    <\/a>\r\n<\/div>   <p>The FIFA &#8216;happened&#8217; of the Real Madrid in the ceremony of the prizes The Best, where <a data-external=\"0\" data-intl-links-en=\"https:\/\/www.fcbarcelonanoticias.com\/en\/players\/lionel-messi\/lionel-messi-returns-throne-is-consecrated-as-the-best-fifa_290042_102.html\" data-intl-links-es=\"https:\/\/www.fcbarcelonanoticias.com\/jugadores\/lionel-messi\/messi-regresa-trono-leo-se-lleva-the-best-2022-fifa_290042_102.html\" href=\"https:\/\/www.fcbarcelonanoticias.com\/en\/players\/lionel-messi\/lionel-messi-returns-throne-is-consecrated-as-the-best-fifa_290042_102.html\" rel=\"follow\" target=\"_self\" title=\"\u00a1Messi regresa al trono! Leo se lleva el 'The Best' 2022 de la FIFA\">Leo Messi<\/a> and Alexia Putellas were awarded like the best players of 2022. Between the finalists in the masculine category, <strong>Karim Benzema finished behind the &#8216;Flea&#8217; and of Kylian Mbapp\u00e9, both figures with his selections in the World-wide of Qatar<\/strong>, where the &#8216;9&#8217; Frenchman was the big absent of &#8216;Them Bleus&#8217; by injury.<\/p>  <p>And it is that, for FIFA, was clear that the Glass of the World eclipsar\u00eda the become in the 2022\/23, by which the gala of the The Best turned into an authentic Argentinian party. <strong>In addition to Messi, Emiliano &#8216;Dibu&#8217; Mart\u00ednez and Lionel Scaloni were recognised like better goalkeeper and better trainer<\/strong>, leaving backwards to Thibaut Courtois and Carlo Ancelotti. No in vain, the &#8216;White House&#8217; opted for sending only to Emilio Butrague\u00f1o, director of institutional relations of the club, as only representative to the event.<\/p>  <p>This yes, <strong>so much the goalkeeper like the captain of the Madrid were included in the XI FIFPro 2022 beside Luka Modric and Carlos Casemiro<\/strong>, today in the Manchester United. The Brazilian yes was in the gala to receive his recognition, unlike Erling Haaland, Kevin Of Bruyne and Pep Guardiola, also absent the Monday in Paris. Previously, the big white season had been recognised by &#8216;France Football&#8217; in the gala of the Balloon of Gold.<\/p>  <p>There, the 44 goals in 47 parties of Benzema in the 2022\/23 turned him into the big winner of the night. <strong>The Monday, the consecration of Leo Messi with Argentina did not give for surprises<\/strong> and, even, the same Mbapp\u00e9 surrendered to the &#8217;10&#8217;, &#8216;MVP&#8217; indisputable of the last Glass of the World. Kylian Was goleador of the tournament, but did not reach him to revalidate the title obtained in 2018.<\/p>  <h3>Laporta Was in Paris, but did not speak with Leo<\/h3>  <p>The one who himself attended to the gala FIFA was Joan Laporta to accompany to the best player of the world, <a data-external=\"0\" data-intl-links-en=\"https:\/\/www.fcbarcelonanoticias.com\/en\/feminine-football\/second-consecutive-alexia-putellas-is-crowned-with-the-best_290046_102.html\" data-intl-links-es=\"https:\/\/www.fcbarcelonanoticias.com\/futbol-femenino\/segundo-consecutivo-alexia-putellas-se-corona-con-the-best_290046_102.html\" href=\"https:\/\/www.fcbarcelonanoticias.com\/en\/feminine-football\/second-consecutive-alexia-putellas-is-crowned-with-the-best_290046_102.html\" rel=\"follow\" target=\"_self\" title=\"\u00a1Segundo consecutivo! Alexia Putellas se corona con el 'The Best'\">Alexia Putellas<\/a>. It expected with anxieties a possible reunion of the mandator cul\u00e9 with the &#8216;Flea&#8217;, but l<strong>to delegation of the Bar\u00e7a returned immediately to the city condal after the premiaci\u00f3n<\/strong>, by which the adjusted &#8216;timing&#8217; of the ceremony prevented that Messi and Laporta crossed in the event.<\/p>  <blockquote class=\"twitter-tweet\"> <p dir=\"ltr\" lang=\"ca\">Enhorabona, Alexia! Gr\u00e0cies per Persist in the teu somni i per tenir sempre present to them persones that t&#8217;acompanyen in the cam\u00ed. <a href=\"https:\/\/t.co\/en\/dyA45xLSJQ\">https:\/\/t.co\/dya45xlsjq<\/a><\/p> \u2014 Joan Laporta Estruch\ud83c\udf97 (@JoanLaportaFCB) <a href=\"https:\/\/twitter.com\/en\/JoanLaportaFCB\/status\/1630338589870510080?ref_src=twsrc%5Etfw\">February 27, 2023<\/a> <\/blockquote> ","protected":false},"excerpt":{"rendered":"<p>As expected, Real Madrid did not win any prize at the FIFA The Best gala. With the World Cup in Qatar as a priority, what the &#8216;merengues&#8217; did in 2022\/23 went to the background for the award The FIFA &#8216;happened&#8217; of the Real Madrid in the ceremony of the prizes The Best, where Leo Messi [&hellip;]<\/p>\n","protected":false},"author":347,"featured_media":8597,"comment_status":"closed","ping_status":"open","sticky":false,"template":"","format":"standard","meta":{"_acf_changed":false,"inline_featured_image":false,"_nextfly_llmd_date_locked":false,"footnotes":""},"categories":[450,119],"tags":[162],"class_list":["post-43959","post","type-post","status-publish","format-standard","has-post-thumbnail","hentry","category-real-madrid-2","category-real-madrid","tag-fifa"],"acf":[],"yoast_head":"<!-- This site is optimized with the Yoast SEO plugin v27.3 - https:\/\/yoast.com\/product\/yoast-seo-wordpress\/ -->\n<title>FIFA &#039;passes&#039; Real Madrid at The Best awards<\/title>\n<meta name=\"description\" content=\"As expected, Real Madrid did not win any prize at the FIFA The Best gala. With the World Cup in Qatar as a priority, what the &#039;merengues&#039; did in 2022\/23 went to the background for the award\" \/>\n<meta name=\"robots\" content=\"index, follow, max-snippet:-1, max-image-preview:large, max-video-preview:-1\" \/>\n<link rel=\"canonical\" href=\"https:\/\/www.fcbarcelonanoticias.com\/en\/international-football\/fifa-passes-real-madrid-at-the-best-awards_290053_102.html\" \/>\n<meta property=\"og:locale\" content=\"en_US\" \/>\n<meta property=\"og:type\" content=\"article\" \/>\n<meta property=\"og:title\" content=\"FIFA &#039;passes&#039; Real Madrid at The Best awards\" \/>\n<meta property=\"og:description\" content=\"As expected, Real Madrid did not win any prize at the FIFA The Best gala. With the World Cup in Qatar as a priority, what the &#039;merengues&#039; did in 2022\/23 went to the background for the award\" \/>\n<meta property=\"og:url\" content=\"https:\/\/www.fcbarcelonanoticias.com\/en\/international-football\/fifa-passes-real-madrid-at-the-best-awards_290053_102.html\" \/>\n<meta property=\"og:site_name\" content=\"EN - FC Barcelona Noticias\" \/>\n<meta property=\"article:published_time\" content=\"2023-02-27T23:14:00+00:00\" \/>\n<meta property=\"og:image\" content=\"https:\/\/www.fcbarcelonanoticias.com\/en\/wp-content\/uploads\/sites\/2\/2022\/12\/gianni-infantino-fifa.jpeg\" \/>\n\t<meta property=\"og:image:width\" content=\"1300\" \/>\n\t<meta property=\"og:image:height\" content=\"732\" \/>\n\t<meta property=\"og:image:type\" content=\"image\/jpeg\" \/>\n<meta name=\"author\" content=\"Andr\u00e9s Quiroz\" \/>\n<meta name=\"twitter:card\" content=\"summary_large_image\" \/>\n<meta name=\"twitter:label1\" content=\"Written by\" \/>\n\t<meta name=\"twitter:data1\" content=\"Andr\u00e9s Quiroz\" \/>\n\t<meta name=\"twitter:label2\" content=\"Est. reading time\" \/>\n\t<meta name=\"twitter:data2\" content=\"2 minutes\" \/>\n<script type=\"application\/ld+json\" class=\"yoast-schema-graph\">{\"@context\":\"https:\\\/\\\/schema.org\",\"@graph\":[{\"@type\":\"Article\",\"@id\":\"https:\\\/\\\/www.fcbarcelonanoticias.com\\\/en\\\/international-football\\\/fifa-passes-real-madrid-at-the-best-awards_290053_102.html#article\",\"isPartOf\":{\"@id\":\"https:\\\/\\\/www.fcbarcelonanoticias.com\\\/en\\\/international-football\\\/fifa-passes-real-madrid-at-the-best-awards_290053_102.html\"},\"author\":{\"name\":\"Andr\u00e9s Quiroz\",\"@id\":\"https:\\\/\\\/www.fcbarcelonanoticias.com\\\/en\\\/#\\\/schema\\\/person\\\/c2cd9f6fa1af5c0d0eccd0fefa575c88\"},\"headline\":\"FIFA &#8216;passes&#8217; Real Madrid at The Best awards\",\"datePublished\":\"2023-02-27T23:14:00+00:00\",\"mainEntityOfPage\":{\"@id\":\"https:\\\/\\\/www.fcbarcelonanoticias.com\\\/en\\\/international-football\\\/fifa-passes-real-madrid-at-the-best-awards_290053_102.html\"},\"wordCount\":454,\"image\":{\"@id\":\"https:\\\/\\\/www.fcbarcelonanoticias.com\\\/en\\\/international-football\\\/fifa-passes-real-madrid-at-the-best-awards_290053_102.html#primaryimage\"},\"thumbnailUrl\":\"https:\\\/\\\/www.fcbarcelonanoticias.com\\\/en\\\/wp-content\\\/uploads\\\/sites\\\/2\\\/2022\\\/12\\\/gianni-infantino-fifa.jpeg\",\"keywords\":[\"FIFA\"],\"articleSection\":[\"Real Madrid\",\"Real Madrid\"],\"inLanguage\":\"en-US\"},{\"@type\":\"WebPage\",\"@id\":\"https:\\\/\\\/www.fcbarcelonanoticias.com\\\/en\\\/international-football\\\/fifa-passes-real-madrid-at-the-best-awards_290053_102.html\",\"url\":\"https:\\\/\\\/www.fcbarcelonanoticias.com\\\/en\\\/international-football\\\/fifa-passes-real-madrid-at-the-best-awards_290053_102.html\",\"name\":\"FIFA 'passes' Real Madrid at The Best awards\",\"isPartOf\":{\"@id\":\"https:\\\/\\\/www.fcbarcelonanoticias.com\\\/en\\\/#website\"},\"primaryImageOfPage\":{\"@id\":\"https:\\\/\\\/www.fcbarcelonanoticias.com\\\/en\\\/international-football\\\/fifa-passes-real-madrid-at-the-best-awards_290053_102.html#primaryimage\"},\"image\":{\"@id\":\"https:\\\/\\\/www.fcbarcelonanoticias.com\\\/en\\\/international-football\\\/fifa-passes-real-madrid-at-the-best-awards_290053_102.html#primaryimage\"},\"thumbnailUrl\":\"https:\\\/\\\/www.fcbarcelonanoticias.com\\\/en\\\/wp-content\\\/uploads\\\/sites\\\/2\\\/2022\\\/12\\\/gianni-infantino-fifa.jpeg\",\"datePublished\":\"2023-02-27T23:14:00+00:00\",\"author\":{\"@id\":\"https:\\\/\\\/www.fcbarcelonanoticias.com\\\/en\\\/#\\\/schema\\\/person\\\/c2cd9f6fa1af5c0d0eccd0fefa575c88\"},\"description\":\"As expected, Real Madrid did not win any prize at the FIFA The Best gala. With the World Cup in Qatar as a priority, what the 'merengues' did in 2022\\\/23 went to the background for the award\",\"breadcrumb\":{\"@id\":\"https:\\\/\\\/www.fcbarcelonanoticias.com\\\/en\\\/international-football\\\/fifa-passes-real-madrid-at-the-best-awards_290053_102.html#breadcrumb\"},\"inLanguage\":\"en-US\",\"potentialAction\":[{\"@type\":\"ReadAction\",\"target\":[\"https:\\\/\\\/www.fcbarcelonanoticias.com\\\/en\\\/international-football\\\/fifa-passes-real-madrid-at-the-best-awards_290053_102.html\"]}]},{\"@type\":\"ImageObject\",\"inLanguage\":\"en-US\",\"@id\":\"https:\\\/\\\/www.fcbarcelonanoticias.com\\\/en\\\/international-football\\\/fifa-passes-real-madrid-at-the-best-awards_290053_102.html#primaryimage\",\"url\":\"https:\\\/\\\/www.fcbarcelonanoticias.com\\\/en\\\/wp-content\\\/uploads\\\/sites\\\/2\\\/2022\\\/12\\\/gianni-infantino-fifa.jpeg\",\"contentUrl\":\"https:\\\/\\\/www.fcbarcelonanoticias.com\\\/en\\\/wp-content\\\/uploads\\\/sites\\\/2\\\/2022\\\/12\\\/gianni-infantino-fifa.jpeg\",\"width\":1300,\"height\":732},{\"@type\":\"BreadcrumbList\",\"@id\":\"https:\\\/\\\/www.fcbarcelonanoticias.com\\\/en\\\/international-football\\\/fifa-passes-real-madrid-at-the-best-awards_290053_102.html#breadcrumb\",\"itemListElement\":[{\"@type\":\"ListItem\",\"position\":1,\"name\":\"Portada\",\"item\":\"https:\\\/\\\/www.fcbarcelonanoticias.com\\\/en\\\/\"},{\"@type\":\"ListItem\",\"position\":2,\"name\":\"FIFA &#8216;passes&#8217; Real Madrid at The Best awards\"}]},{\"@type\":\"WebSite\",\"@id\":\"https:\\\/\\\/www.fcbarcelonanoticias.com\\\/en\\\/#website\",\"url\":\"https:\\\/\\\/www.fcbarcelonanoticias.com\\\/en\\\/\",\"name\":\"EN - FC Barcelona Noticias\",\"description\":\"\",\"potentialAction\":[{\"@type\":\"SearchAction\",\"target\":{\"@type\":\"EntryPoint\",\"urlTemplate\":\"https:\\\/\\\/www.fcbarcelonanoticias.com\\\/en\\\/?s={search_term_string}\"},\"query-input\":{\"@type\":\"PropertyValueSpecification\",\"valueRequired\":true,\"valueName\":\"search_term_string\"}}],\"inLanguage\":\"en-US\"},{\"@type\":\"Person\",\"@id\":\"https:\\\/\\\/www.fcbarcelonanoticias.com\\\/en\\\/#\\\/schema\\\/person\\\/c2cd9f6fa1af5c0d0eccd0fefa575c88\",\"name\":\"Andr\u00e9s Quiroz\",\"image\":{\"@type\":\"ImageObject\",\"inLanguage\":\"en-US\",\"@id\":\"https:\\\/\\\/secure.gravatar.com\\\/avatar\\\/?s=96&d=mm&r=g\",\"url\":\"https:\\\/\\\/secure.gravatar.com\\\/avatar\\\/?s=96&d=mm&r=g\",\"contentUrl\":\"https:\\\/\\\/secure.gravatar.com\\\/avatar\\\/?s=96&d=mm&r=g\",\"caption\":\"Andr\u00e9s Quiroz\"},\"description\":\"Licenciado en Periodismo por la Universidad de los Andes. Me encargo de analizar y compartir los contenidos m\u00e1s destacados de la\u00a0actualidad del F\u00fatbol Club Barcelona, Mercado de Fichajes y F\u00fatbol Internacional en FCBN. La informaci\u00f3n es poder, pero tambi\u00e9n conocimiento.\",\"url\":\"https:\\\/\\\/www.fcbarcelonanoticias.com\\\/en\\\/fc-barcelona\\\/andres-quiroz_17_115.html\"}]}<\/script>\n<!-- \/ Yoast SEO plugin. -->","yoast_head_json":{"title":"FIFA 'passes' Real Madrid at The Best awards","description":"As expected, Real Madrid did not win any prize at the FIFA The Best gala. With the World Cup in Qatar as a priority, what the 'merengues' did in 2022\/23 went to the background for the award","robots":{"index":"index","follow":"follow","max-snippet":"max-snippet:-1","max-image-preview":"max-image-preview:large","max-video-preview":"max-video-preview:-1"},"canonical":"https:\/\/www.fcbarcelonanoticias.com\/en\/international-football\/fifa-passes-real-madrid-at-the-best-awards_290053_102.html","og_locale":"en_US","og_type":"article","og_title":"FIFA 'passes' Real Madrid at The Best awards","og_description":"As expected, Real Madrid did not win any prize at the FIFA The Best gala. With the World Cup in Qatar as a priority, what the 'merengues' did in 2022\/23 went to the background for the award","og_url":"https:\/\/www.fcbarcelonanoticias.com\/en\/international-football\/fifa-passes-real-madrid-at-the-best-awards_290053_102.html","og_site_name":"EN - FC Barcelona Noticias","article_published_time":"2023-02-27T23:14:00+00:00","og_image":[{"width":1300,"height":732,"url":"https:\/\/www.fcbarcelonanoticias.com\/en\/wp-content\/uploads\/sites\/2\/2022\/12\/gianni-infantino-fifa.jpeg","type":"image\/jpeg"}],"author":"Andr\u00e9s Quiroz","twitter_card":"summary_large_image","twitter_misc":{"Written by":"Andr\u00e9s Quiroz","Est. reading time":"2 minutes"},"schema":{"@context":"https:\/\/schema.org","@graph":[{"@type":"Article","@id":"https:\/\/www.fcbarcelonanoticias.com\/en\/international-football\/fifa-passes-real-madrid-at-the-best-awards_290053_102.html#article","isPartOf":{"@id":"https:\/\/www.fcbarcelonanoticias.com\/en\/international-football\/fifa-passes-real-madrid-at-the-best-awards_290053_102.html"},"author":{"name":"Andr\u00e9s Quiroz","@id":"https:\/\/www.fcbarcelonanoticias.com\/en\/#\/schema\/person\/c2cd9f6fa1af5c0d0eccd0fefa575c88"},"headline":"FIFA &#8216;passes&#8217; Real Madrid at The Best awards","datePublished":"2023-02-27T23:14:00+00:00","mainEntityOfPage":{"@id":"https:\/\/www.fcbarcelonanoticias.com\/en\/international-football\/fifa-passes-real-madrid-at-the-best-awards_290053_102.html"},"wordCount":454,"image":{"@id":"https:\/\/www.fcbarcelonanoticias.com\/en\/international-football\/fifa-passes-real-madrid-at-the-best-awards_290053_102.html#primaryimage"},"thumbnailUrl":"https:\/\/www.fcbarcelonanoticias.com\/en\/wp-content\/uploads\/sites\/2\/2022\/12\/gianni-infantino-fifa.jpeg","keywords":["FIFA"],"articleSection":["Real Madrid","Real Madrid"],"inLanguage":"en-US"},{"@type":"WebPage","@id":"https:\/\/www.fcbarcelonanoticias.com\/en\/international-football\/fifa-passes-real-madrid-at-the-best-awards_290053_102.html","url":"https:\/\/www.fcbarcelonanoticias.com\/en\/international-football\/fifa-passes-real-madrid-at-the-best-awards_290053_102.html","name":"FIFA 'passes' Real Madrid at The Best awards","isPartOf":{"@id":"https:\/\/www.fcbarcelonanoticias.com\/en\/#website"},"primaryImageOfPage":{"@id":"https:\/\/www.fcbarcelonanoticias.com\/en\/international-football\/fifa-passes-real-madrid-at-the-best-awards_290053_102.html#primaryimage"},"image":{"@id":"https:\/\/www.fcbarcelonanoticias.com\/en\/international-football\/fifa-passes-real-madrid-at-the-best-awards_290053_102.html#primaryimage"},"thumbnailUrl":"https:\/\/www.fcbarcelonanoticias.com\/en\/wp-content\/uploads\/sites\/2\/2022\/12\/gianni-infantino-fifa.jpeg","datePublished":"2023-02-27T23:14:00+00:00","author":{"@id":"https:\/\/www.fcbarcelonanoticias.com\/en\/#\/schema\/person\/c2cd9f6fa1af5c0d0eccd0fefa575c88"},"description":"As expected, Real Madrid did not win any prize at the FIFA The Best gala. With the World Cup in Qatar as a priority, what the 'merengues' did in 2022\/23 went to the background for the award","breadcrumb":{"@id":"https:\/\/www.fcbarcelonanoticias.com\/en\/international-football\/fifa-passes-real-madrid-at-the-best-awards_290053_102.html#breadcrumb"},"inLanguage":"en-US","potentialAction":[{"@type":"ReadAction","target":["https:\/\/www.fcbarcelonanoticias.com\/en\/international-football\/fifa-passes-real-madrid-at-the-best-awards_290053_102.html"]}]},{"@type":"ImageObject","inLanguage":"en-US","@id":"https:\/\/www.fcbarcelonanoticias.com\/en\/international-football\/fifa-passes-real-madrid-at-the-best-awards_290053_102.html#primaryimage","url":"https:\/\/www.fcbarcelonanoticias.com\/en\/wp-content\/uploads\/sites\/2\/2022\/12\/gianni-infantino-fifa.jpeg","contentUrl":"https:\/\/www.fcbarcelonanoticias.com\/en\/wp-content\/uploads\/sites\/2\/2022\/12\/gianni-infantino-fifa.jpeg","width":1300,"height":732},{"@type":"BreadcrumbList","@id":"https:\/\/www.fcbarcelonanoticias.com\/en\/international-football\/fifa-passes-real-madrid-at-the-best-awards_290053_102.html#breadcrumb","itemListElement":[{"@type":"ListItem","position":1,"name":"Portada","item":"https:\/\/www.fcbarcelonanoticias.com\/en\/"},{"@type":"ListItem","position":2,"name":"FIFA &#8216;passes&#8217; Real Madrid at The Best awards"}]},{"@type":"WebSite","@id":"https:\/\/www.fcbarcelonanoticias.com\/en\/#website","url":"https:\/\/www.fcbarcelonanoticias.com\/en\/","name":"EN - FC Barcelona Noticias","description":"","potentialAction":[{"@type":"SearchAction","target":{"@type":"EntryPoint","urlTemplate":"https:\/\/www.fcbarcelonanoticias.com\/en\/?s={search_term_string}"},"query-input":{"@type":"PropertyValueSpecification","valueRequired":true,"valueName":"search_term_string"}}],"inLanguage":"en-US"},{"@type":"Person","@id":"https:\/\/www.fcbarcelonanoticias.com\/en\/#\/schema\/person\/c2cd9f6fa1af5c0d0eccd0fefa575c88","name":"Andr\u00e9s Quiroz","image":{"@type":"ImageObject","inLanguage":"en-US","@id":"https:\/\/secure.gravatar.com\/avatar\/?s=96&d=mm&r=g","url":"https:\/\/secure.gravatar.com\/avatar\/?s=96&d=mm&r=g","contentUrl":"https:\/\/secure.gravatar.com\/avatar\/?s=96&d=mm&r=g","caption":"Andr\u00e9s Quiroz"},"description":"Licenciado en Periodismo por la Universidad de los Andes. Me encargo de analizar y compartir los contenidos m\u00e1s destacados de la\u00a0actualidad del F\u00fatbol Club Barcelona, Mercado de Fichajes y F\u00fatbol Internacional en FCBN. La informaci\u00f3n es poder, pero tambi\u00e9n conocimiento.","url":"https:\/\/www.fcbarcelonanoticias.com\/en\/fc-barcelona\/andres-quiroz_17_115.html"}]}},"_links":{"self":[{"href":"https:\/\/www.fcbarcelonanoticias.com\/en\/wp-json\/wp\/v2\/posts\/43959","targetHints":{"allow":["GET"]}}],"collection":[{"href":"https:\/\/www.fcbarcelonanoticias.com\/en\/wp-json\/wp\/v2\/posts"}],"about":[{"href":"https:\/\/www.fcbarcelonanoticias.com\/en\/wp-json\/wp\/v2\/types\/post"}],"author":[{"embeddable":true,"href":"https:\/\/www.fcbarcelonanoticias.com\/en\/wp-json\/wp\/v2\/users\/347"}],"replies":[{"embeddable":true,"href":"https:\/\/www.fcbarcelonanoticias.com\/en\/wp-json\/wp\/v2\/comments?post=43959"}],"version-history":[{"count":1,"href":"https:\/\/www.fcbarcelonanoticias.com\/en\/wp-json\/wp\/v2\/posts\/43959\/revisions"}],"predecessor-version":[{"id":114415,"href":"https:\/\/www.fcbarcelonanoticias.com\/en\/wp-json\/wp\/v2\/posts\/43959\/revisions\/114415"}],"wp:featuredmedia":[{"embeddable":true,"href":"https:\/\/www.fcbarcelonanoticias.com\/en\/wp-json\/wp\/v2\/media\/8597"}],"wp:attachment":[{"href":"https:\/\/www.fcbarcelonanoticias.com\/en\/wp-json\/wp\/v2\/media?parent=43959"}],"wp:term":[{"taxonomy":"category","embeddable":true,"href":"https:\/\/www.fcbarcelonanoticias.com\/en\/wp-json\/wp\/v2\/categories?post=43959"},{"taxonomy":"post_tag","embeddable":true,"href":"https:\/\/www.fcbarcelonanoticias.com\/en\/wp-json\/wp\/v2\/tags?post=43959"}],"curies":[{"name":"wp","href":"https:\/\/api.w.org\/{rel}","templated":true}]}}