{"id":4399,"date":"2024-11-27T05:28:00","date_gmt":"2024-11-27T04:28:00","guid":{"rendered":"https:\/\/weisetech.dev\/fc-barcelona-noticias\/en\/star-fc-barcelona-speaks-out-on-his-possible-renewal_308902_102\/"},"modified":"2024-11-27T05:36:00","modified_gmt":"2024-11-27T04:36:00","slug":"star-fc-barcelona-speaks-out-on-his-possible-renewal_308902_102","status":"publish","type":"post","link":"https:\/\/www.fcbarcelonanoticias.com\/en\/champions-league\/star-fc-barcelona-speaks-out-on-his-possible-renewal_308902_102.html","title":{"rendered":"An FC Barcelona star speaks out about his possible renewal"},"content":{"rendered":"<h2 class=\"wp-block-heading\">After the victory against Brest (3-0), Pedri spoke to the press and did not want to get involved with his contract renewal. In addition, he &#8216;put an end&#8217; to the controversy with Xavi<\/h2>  \r\n<div class=\"article-addons\">\r\n    <a href=\"https:\/\/www.fcbarcelonanoticias.com\/en\/calendar-fc-barcelona.html\"\r\n       target=\"_self\"\r\n       title=\"Calendar of FC Barcelona\"\r\n       class=\"blue-gredient-btn\">\r\n       \r\n        Calendar of FC Barcelona    <\/a>\r\n<\/div>   <p>Despite not having his name in the statistics for <a data-external=\"0\" data-intl-links-en=\"https:\/\/www.fcbarcelonanoticias.com\/en\/champions-league\/barca-beats-brest-3-0-is-second-in-champions-league-qualification_308886_102.html\" data-intl-links-es=\"https:\/\/www.fcbarcelonanoticias.com\/champions-league\/barca-vence-brest-3-0-es-segundo-clasificacion-champions-league_308886_102.html\" href=\"https:\/\/www.fcbarcelonanoticias.com\/en\/champions-league\/barca-smiles-again-and-beats-brest-in-the-first-match-without-cheering-stand-2-0_308886_102.html\" rel=\"follow\" target=\"_self\" title=\"Barcelona smile again and beat Brest (3-0) to take second place in the Champions League\">FC Barcelona&#8217;s 3-0 win over Brest<\/a>, <strong>Pedri Gonz\u00e1lez<\/strong> was one of the team&#8217;s highlights at Montju\u00efc. The Canary Islander was in charge of managing the tempo of the match, and his boots produced the most dangerous plays for the Blaugrana team.<\/p>  <p>At the end of the match, the midfielder spoke to the media, although they were not very concerned about his great performance, since the focus was on two more &#8216;hot&#8217; issues. The first of them, the extension of his contract with <strong>Bar\u00e7a<\/strong>, a matter on which the footballer decided not to comment and to play it cool with the signing of his new commitment.<\/p>  <p>&#8220;I don&#8217;t know anything yet, I was focused on the game. I will speak with my representatives, but I am happy here <strong>and whatever has to happen, will happen<\/strong>,&#8221; <strong>Pedri <\/strong>was limited to saying, although in the last few hours information emerged that assured that the club and the Tenerife native were getting closer to shaking hands and closing his renewal agreement.<\/p>  <h3>Pedri put an end to the controversy with Xavi<\/h3>  <p>Finally, <strong>Gonz\u00e1lez <\/strong>wanted to clarify his words about the physical preparation of the squad under the orders of <strong>Xavi Hern\u00e1ndez<\/strong>, since a few months ago <a data-external=\"0\" data-intl-links-en=\"https:\/\/www.fcbarcelonanoticias.com\/en\/football-soccer\/palo-to-xavi-pedri-clarifies-the-big-difference-between-working-with-the-man-from-egarense-and-with-hansi-flick_307080_102.html\" data-intl-links-es=\"https:\/\/www.fcbarcelonanoticias.com\/futbol\/palo-xavi-pedri-aclara-gran-diferencia-entre-trabajar-con-egarense-con-hansi-flick_307080_102.html\" href=\"https:\/\/www.fcbarcelonanoticias.com\/en\/football-soccer\/palo-to-xavi-pedri-clarifies-the-big-difference-between-working-with-the-man-from-egarense-and-with-hansi-flick_307080_102.html\" rel=\"follow\" target=\"_self\" title=\"'Palo' to Xavi? Pedri clarifies the big difference between working with the Egarense and with Flick\">the Bar\u00e7a star started a controversy by stating that with Hansi Flick they worked &#8220;much more than before.&#8221;<\/a><\/p>  <blockquote> <p>&#8220;We train in the gym differently. I don&#8217;t want to say that we didn&#8217;t work out before, as they say, that I said that we didn&#8217;t work out with Xavi, that&#8217;s a lie&#8221;<\/p> <\/blockquote>  <p>&#8220;It&#8217;s just that we work in a different way, <strong>in a way that suits me, personally, much better<\/strong> and I&#8217;ve found that way of training with rubber bands and different things that works better for me,&#8221; concluded the footballer, thus &#8216;setting an end&#8217; to any speculation about any disagreement between the Eurocup champion and the former <strong>Bar\u00e7a <\/strong>coach.<\/p> ","protected":false},"excerpt":{"rendered":"<p>After the victory against Brest (3-0), Pedri spoke to the press and did not want to get involved with his contract renewal. In addition, he &#8216;put an end&#8217; to the controversy with Xavi Despite not having his name in the statistics for FC Barcelona&#8217;s 3-0 win over Brest, Pedri Gonz\u00e1lez was one of the team&#8217;s [&hellip;]<\/p>\n","protected":false},"author":358,"featured_media":4400,"comment_status":"closed","ping_status":"open","sticky":false,"template":"","format":"standard","meta":{"_acf_changed":false,"inline_featured_image":false,"_nextfly_llmd_date_locked":false,"footnotes":""},"categories":[447,112],"tags":[48],"class_list":["post-4399","post","type-post","status-publish","format-standard","has-post-thumbnail","hentry","category-champions-league-2","category-champions-league","tag-xavi-hernandez"],"acf":[],"yoast_head":"<!-- This site is optimized with the Yoast SEO plugin v27.3 - https:\/\/yoast.com\/product\/yoast-seo-wordpress\/ -->\n<title>An FC Barcelona star speaks out about his possible renewal<\/title>\n<meta name=\"description\" content=\"After the victory against Brest (3-0), Pedri spoke to the press and did not want to get involved with his contract renewal. In addition, he &#039;put an end&#039; to the controversy with Xavi\" \/>\n<meta name=\"robots\" content=\"index, follow, max-snippet:-1, max-image-preview:large, max-video-preview:-1\" \/>\n<link rel=\"canonical\" href=\"https:\/\/www.fcbarcelonanoticias.com\/en\/champions-league\/star-fc-barcelona-speaks-out-on-his-possible-renewal_308902_102.html\" \/>\n<meta property=\"og:locale\" content=\"en_US\" \/>\n<meta property=\"og:type\" content=\"article\" \/>\n<meta property=\"og:title\" content=\"An FC Barcelona star speaks out about his possible renewal\" \/>\n<meta property=\"og:description\" content=\"After the victory against Brest (3-0), Pedri spoke to the press and did not want to get involved with his contract renewal. In addition, he &#039;put an end&#039; to the controversy with Xavi\" \/>\n<meta property=\"og:url\" content=\"https:\/\/www.fcbarcelonanoticias.com\/en\/champions-league\/star-fc-barcelona-speaks-out-on-his-possible-renewal_308902_102.html\" \/>\n<meta property=\"og:site_name\" content=\"EN - FC Barcelona Noticias\" \/>\n<meta property=\"article:published_time\" content=\"2024-11-27T04:28:00+00:00\" \/>\n<meta property=\"article:modified_time\" content=\"2024-11-27T04:36:00+00:00\" \/>\n<meta property=\"og:image\" content=\"https:\/\/www.fcbarcelonanoticias.com\/en\/wp-content\/uploads\/sites\/2\/2024\/11\/fc-barcelona-v-stade-brestois-29-uefa-champions-league-2024-25-league-phase-md5-4-1.jpeg\" \/>\n\t<meta property=\"og:image:width\" content=\"1200\" \/>\n\t<meta property=\"og:image:height\" content=\"675\" \/>\n\t<meta property=\"og:image:type\" content=\"image\/jpeg\" \/>\n<meta name=\"author\" content=\"Juan Pablo Berdugo\" \/>\n<meta name=\"twitter:card\" content=\"summary_large_image\" \/>\n<meta name=\"twitter:label1\" content=\"Written by\" \/>\n\t<meta name=\"twitter:data1\" content=\"Juan Pablo Berdugo\" \/>\n\t<meta name=\"twitter:label2\" content=\"Est. reading time\" \/>\n\t<meta name=\"twitter:data2\" content=\"2 minutes\" \/>\n<script type=\"application\/ld+json\" class=\"yoast-schema-graph\">{\"@context\":\"https:\\\/\\\/schema.org\",\"@graph\":[{\"@type\":\"Article\",\"@id\":\"https:\\\/\\\/www.fcbarcelonanoticias.com\\\/en\\\/champions-league\\\/star-fc-barcelona-speaks-out-on-his-possible-renewal_308902_102.html#article\",\"isPartOf\":{\"@id\":\"https:\\\/\\\/www.fcbarcelonanoticias.com\\\/en\\\/champions-league\\\/star-fc-barcelona-speaks-out-on-his-possible-renewal_308902_102.html\"},\"author\":{\"name\":\"Juan Pablo Berdugo\",\"@id\":\"https:\\\/\\\/www.fcbarcelonanoticias.com\\\/en\\\/#\\\/schema\\\/person\\\/88d756918a0a1ae9fa593b5edddd1815\"},\"headline\":\"An FC Barcelona star speaks out about his possible renewal\",\"datePublished\":\"2024-11-27T04:28:00+00:00\",\"dateModified\":\"2024-11-27T04:36:00+00:00\",\"mainEntityOfPage\":{\"@id\":\"https:\\\/\\\/www.fcbarcelonanoticias.com\\\/en\\\/champions-league\\\/star-fc-barcelona-speaks-out-on-his-possible-renewal_308902_102.html\"},\"wordCount\":378,\"image\":{\"@id\":\"https:\\\/\\\/www.fcbarcelonanoticias.com\\\/en\\\/champions-league\\\/star-fc-barcelona-speaks-out-on-his-possible-renewal_308902_102.html#primaryimage\"},\"thumbnailUrl\":\"https:\\\/\\\/www.fcbarcelonanoticias.com\\\/en\\\/wp-content\\\/uploads\\\/sites\\\/2\\\/2024\\\/11\\\/fc-barcelona-v-stade-brestois-29-uefa-champions-league-2024-25-league-phase-md5-4-1.jpeg\",\"keywords\":[\"Xavi Hern\u00e1ndez\"],\"articleSection\":[\"Champions League\",\"Champions League\"],\"inLanguage\":\"en-US\"},{\"@type\":\"WebPage\",\"@id\":\"https:\\\/\\\/www.fcbarcelonanoticias.com\\\/en\\\/champions-league\\\/star-fc-barcelona-speaks-out-on-his-possible-renewal_308902_102.html\",\"url\":\"https:\\\/\\\/www.fcbarcelonanoticias.com\\\/en\\\/champions-league\\\/star-fc-barcelona-speaks-out-on-his-possible-renewal_308902_102.html\",\"name\":\"An FC Barcelona star speaks out about his possible renewal\",\"isPartOf\":{\"@id\":\"https:\\\/\\\/www.fcbarcelonanoticias.com\\\/en\\\/#website\"},\"primaryImageOfPage\":{\"@id\":\"https:\\\/\\\/www.fcbarcelonanoticias.com\\\/en\\\/champions-league\\\/star-fc-barcelona-speaks-out-on-his-possible-renewal_308902_102.html#primaryimage\"},\"image\":{\"@id\":\"https:\\\/\\\/www.fcbarcelonanoticias.com\\\/en\\\/champions-league\\\/star-fc-barcelona-speaks-out-on-his-possible-renewal_308902_102.html#primaryimage\"},\"thumbnailUrl\":\"https:\\\/\\\/www.fcbarcelonanoticias.com\\\/en\\\/wp-content\\\/uploads\\\/sites\\\/2\\\/2024\\\/11\\\/fc-barcelona-v-stade-brestois-29-uefa-champions-league-2024-25-league-phase-md5-4-1.jpeg\",\"datePublished\":\"2024-11-27T04:28:00+00:00\",\"dateModified\":\"2024-11-27T04:36:00+00:00\",\"author\":{\"@id\":\"https:\\\/\\\/www.fcbarcelonanoticias.com\\\/en\\\/#\\\/schema\\\/person\\\/88d756918a0a1ae9fa593b5edddd1815\"},\"description\":\"After the victory against Brest (3-0), Pedri spoke to the press and did not want to get involved with his contract renewal. In addition, he 'put an end' to the controversy with Xavi\",\"breadcrumb\":{\"@id\":\"https:\\\/\\\/www.fcbarcelonanoticias.com\\\/en\\\/champions-league\\\/star-fc-barcelona-speaks-out-on-his-possible-renewal_308902_102.html#breadcrumb\"},\"inLanguage\":\"en-US\",\"potentialAction\":[{\"@type\":\"ReadAction\",\"target\":[\"https:\\\/\\\/www.fcbarcelonanoticias.com\\\/en\\\/champions-league\\\/star-fc-barcelona-speaks-out-on-his-possible-renewal_308902_102.html\"]}]},{\"@type\":\"ImageObject\",\"inLanguage\":\"en-US\",\"@id\":\"https:\\\/\\\/www.fcbarcelonanoticias.com\\\/en\\\/champions-league\\\/star-fc-barcelona-speaks-out-on-his-possible-renewal_308902_102.html#primaryimage\",\"url\":\"https:\\\/\\\/www.fcbarcelonanoticias.com\\\/en\\\/wp-content\\\/uploads\\\/sites\\\/2\\\/2024\\\/11\\\/fc-barcelona-v-stade-brestois-29-uefa-champions-league-2024-25-league-phase-md5-4-1.jpeg\",\"contentUrl\":\"https:\\\/\\\/www.fcbarcelonanoticias.com\\\/en\\\/wp-content\\\/uploads\\\/sites\\\/2\\\/2024\\\/11\\\/fc-barcelona-v-stade-brestois-29-uefa-champions-league-2024-25-league-phase-md5-4-1.jpeg\",\"width\":1200,\"height\":675},{\"@type\":\"BreadcrumbList\",\"@id\":\"https:\\\/\\\/www.fcbarcelonanoticias.com\\\/en\\\/champions-league\\\/star-fc-barcelona-speaks-out-on-his-possible-renewal_308902_102.html#breadcrumb\",\"itemListElement\":[{\"@type\":\"ListItem\",\"position\":1,\"name\":\"Portada\",\"item\":\"https:\\\/\\\/www.fcbarcelonanoticias.com\\\/en\\\/\"},{\"@type\":\"ListItem\",\"position\":2,\"name\":\"An FC Barcelona star speaks out about his possible renewal\"}]},{\"@type\":\"WebSite\",\"@id\":\"https:\\\/\\\/www.fcbarcelonanoticias.com\\\/en\\\/#website\",\"url\":\"https:\\\/\\\/www.fcbarcelonanoticias.com\\\/en\\\/\",\"name\":\"EN - FC Barcelona Noticias\",\"description\":\"\",\"potentialAction\":[{\"@type\":\"SearchAction\",\"target\":{\"@type\":\"EntryPoint\",\"urlTemplate\":\"https:\\\/\\\/www.fcbarcelonanoticias.com\\\/en\\\/?s={search_term_string}\"},\"query-input\":{\"@type\":\"PropertyValueSpecification\",\"valueRequired\":true,\"valueName\":\"search_term_string\"}}],\"inLanguage\":\"en-US\"},{\"@type\":\"Person\",\"@id\":\"https:\\\/\\\/www.fcbarcelonanoticias.com\\\/en\\\/#\\\/schema\\\/person\\\/88d756918a0a1ae9fa593b5edddd1815\",\"name\":\"Juan Pablo Berdugo\",\"image\":{\"@type\":\"ImageObject\",\"inLanguage\":\"en-US\",\"@id\":\"https:\\\/\\\/secure.gravatar.com\\\/avatar\\\/?s=96&d=mm&r=g\",\"url\":\"https:\\\/\\\/secure.gravatar.com\\\/avatar\\\/?s=96&d=mm&r=g\",\"contentUrl\":\"https:\\\/\\\/secure.gravatar.com\\\/avatar\\\/?s=96&d=mm&r=g\",\"caption\":\"Juan Pablo Berdugo\"},\"description\":\"Juan Pablo Berdugo es graduado en Periodismo. Colabora con FCBN como especialista en informaci\u00f3n del primer equipo del FC Barcelona, f\u00fatbol internacional y mercado de fichajes. Destaca por su enfoque anal\u00edtico, su rigor informativo y su capacidad para detectar tendencias emergentes en el f\u00fatbol global.\",\"url\":\"https:\\\/\\\/www.fcbarcelonanoticias.com\\\/en\\\/fc-barcelona\\\/juan-pablo-berdugo_18_115.html\"}]}<\/script>\n<!-- \/ Yoast SEO plugin. -->","yoast_head_json":{"title":"An FC Barcelona star speaks out about his possible renewal","description":"After the victory against Brest (3-0), Pedri spoke to the press and did not want to get involved with his contract renewal. In addition, he 'put an end' to the controversy with Xavi","robots":{"index":"index","follow":"follow","max-snippet":"max-snippet:-1","max-image-preview":"max-image-preview:large","max-video-preview":"max-video-preview:-1"},"canonical":"https:\/\/www.fcbarcelonanoticias.com\/en\/champions-league\/star-fc-barcelona-speaks-out-on-his-possible-renewal_308902_102.html","og_locale":"en_US","og_type":"article","og_title":"An FC Barcelona star speaks out about his possible renewal","og_description":"After the victory against Brest (3-0), Pedri spoke to the press and did not want to get involved with his contract renewal. In addition, he 'put an end' to the controversy with Xavi","og_url":"https:\/\/www.fcbarcelonanoticias.com\/en\/champions-league\/star-fc-barcelona-speaks-out-on-his-possible-renewal_308902_102.html","og_site_name":"EN - FC Barcelona Noticias","article_published_time":"2024-11-27T04:28:00+00:00","article_modified_time":"2024-11-27T04:36:00+00:00","og_image":[{"width":1200,"height":675,"url":"https:\/\/www.fcbarcelonanoticias.com\/en\/wp-content\/uploads\/sites\/2\/2024\/11\/fc-barcelona-v-stade-brestois-29-uefa-champions-league-2024-25-league-phase-md5-4-1.jpeg","type":"image\/jpeg"}],"author":"Juan Pablo Berdugo","twitter_card":"summary_large_image","twitter_misc":{"Written by":"Juan Pablo Berdugo","Est. reading time":"2 minutes"},"schema":{"@context":"https:\/\/schema.org","@graph":[{"@type":"Article","@id":"https:\/\/www.fcbarcelonanoticias.com\/en\/champions-league\/star-fc-barcelona-speaks-out-on-his-possible-renewal_308902_102.html#article","isPartOf":{"@id":"https:\/\/www.fcbarcelonanoticias.com\/en\/champions-league\/star-fc-barcelona-speaks-out-on-his-possible-renewal_308902_102.html"},"author":{"name":"Juan Pablo Berdugo","@id":"https:\/\/www.fcbarcelonanoticias.com\/en\/#\/schema\/person\/88d756918a0a1ae9fa593b5edddd1815"},"headline":"An FC Barcelona star speaks out about his possible renewal","datePublished":"2024-11-27T04:28:00+00:00","dateModified":"2024-11-27T04:36:00+00:00","mainEntityOfPage":{"@id":"https:\/\/www.fcbarcelonanoticias.com\/en\/champions-league\/star-fc-barcelona-speaks-out-on-his-possible-renewal_308902_102.html"},"wordCount":378,"image":{"@id":"https:\/\/www.fcbarcelonanoticias.com\/en\/champions-league\/star-fc-barcelona-speaks-out-on-his-possible-renewal_308902_102.html#primaryimage"},"thumbnailUrl":"https:\/\/www.fcbarcelonanoticias.com\/en\/wp-content\/uploads\/sites\/2\/2024\/11\/fc-barcelona-v-stade-brestois-29-uefa-champions-league-2024-25-league-phase-md5-4-1.jpeg","keywords":["Xavi Hern\u00e1ndez"],"articleSection":["Champions League","Champions League"],"inLanguage":"en-US"},{"@type":"WebPage","@id":"https:\/\/www.fcbarcelonanoticias.com\/en\/champions-league\/star-fc-barcelona-speaks-out-on-his-possible-renewal_308902_102.html","url":"https:\/\/www.fcbarcelonanoticias.com\/en\/champions-league\/star-fc-barcelona-speaks-out-on-his-possible-renewal_308902_102.html","name":"An FC Barcelona star speaks out about his possible renewal","isPartOf":{"@id":"https:\/\/www.fcbarcelonanoticias.com\/en\/#website"},"primaryImageOfPage":{"@id":"https:\/\/www.fcbarcelonanoticias.com\/en\/champions-league\/star-fc-barcelona-speaks-out-on-his-possible-renewal_308902_102.html#primaryimage"},"image":{"@id":"https:\/\/www.fcbarcelonanoticias.com\/en\/champions-league\/star-fc-barcelona-speaks-out-on-his-possible-renewal_308902_102.html#primaryimage"},"thumbnailUrl":"https:\/\/www.fcbarcelonanoticias.com\/en\/wp-content\/uploads\/sites\/2\/2024\/11\/fc-barcelona-v-stade-brestois-29-uefa-champions-league-2024-25-league-phase-md5-4-1.jpeg","datePublished":"2024-11-27T04:28:00+00:00","dateModified":"2024-11-27T04:36:00+00:00","author":{"@id":"https:\/\/www.fcbarcelonanoticias.com\/en\/#\/schema\/person\/88d756918a0a1ae9fa593b5edddd1815"},"description":"After the victory against Brest (3-0), Pedri spoke to the press and did not want to get involved with his contract renewal. In addition, he 'put an end' to the controversy with Xavi","breadcrumb":{"@id":"https:\/\/www.fcbarcelonanoticias.com\/en\/champions-league\/star-fc-barcelona-speaks-out-on-his-possible-renewal_308902_102.html#breadcrumb"},"inLanguage":"en-US","potentialAction":[{"@type":"ReadAction","target":["https:\/\/www.fcbarcelonanoticias.com\/en\/champions-league\/star-fc-barcelona-speaks-out-on-his-possible-renewal_308902_102.html"]}]},{"@type":"ImageObject","inLanguage":"en-US","@id":"https:\/\/www.fcbarcelonanoticias.com\/en\/champions-league\/star-fc-barcelona-speaks-out-on-his-possible-renewal_308902_102.html#primaryimage","url":"https:\/\/www.fcbarcelonanoticias.com\/en\/wp-content\/uploads\/sites\/2\/2024\/11\/fc-barcelona-v-stade-brestois-29-uefa-champions-league-2024-25-league-phase-md5-4-1.jpeg","contentUrl":"https:\/\/www.fcbarcelonanoticias.com\/en\/wp-content\/uploads\/sites\/2\/2024\/11\/fc-barcelona-v-stade-brestois-29-uefa-champions-league-2024-25-league-phase-md5-4-1.jpeg","width":1200,"height":675},{"@type":"BreadcrumbList","@id":"https:\/\/www.fcbarcelonanoticias.com\/en\/champions-league\/star-fc-barcelona-speaks-out-on-his-possible-renewal_308902_102.html#breadcrumb","itemListElement":[{"@type":"ListItem","position":1,"name":"Portada","item":"https:\/\/www.fcbarcelonanoticias.com\/en\/"},{"@type":"ListItem","position":2,"name":"An FC Barcelona star speaks out about his possible renewal"}]},{"@type":"WebSite","@id":"https:\/\/www.fcbarcelonanoticias.com\/en\/#website","url":"https:\/\/www.fcbarcelonanoticias.com\/en\/","name":"EN - FC Barcelona Noticias","description":"","potentialAction":[{"@type":"SearchAction","target":{"@type":"EntryPoint","urlTemplate":"https:\/\/www.fcbarcelonanoticias.com\/en\/?s={search_term_string}"},"query-input":{"@type":"PropertyValueSpecification","valueRequired":true,"valueName":"search_term_string"}}],"inLanguage":"en-US"},{"@type":"Person","@id":"https:\/\/www.fcbarcelonanoticias.com\/en\/#\/schema\/person\/88d756918a0a1ae9fa593b5edddd1815","name":"Juan Pablo Berdugo","image":{"@type":"ImageObject","inLanguage":"en-US","@id":"https:\/\/secure.gravatar.com\/avatar\/?s=96&d=mm&r=g","url":"https:\/\/secure.gravatar.com\/avatar\/?s=96&d=mm&r=g","contentUrl":"https:\/\/secure.gravatar.com\/avatar\/?s=96&d=mm&r=g","caption":"Juan Pablo Berdugo"},"description":"Juan Pablo Berdugo es graduado en Periodismo. Colabora con FCBN como especialista en informaci\u00f3n del primer equipo del FC Barcelona, f\u00fatbol internacional y mercado de fichajes. Destaca por su enfoque anal\u00edtico, su rigor informativo y su capacidad para detectar tendencias emergentes en el f\u00fatbol global.","url":"https:\/\/www.fcbarcelonanoticias.com\/en\/fc-barcelona\/juan-pablo-berdugo_18_115.html"}]}},"_links":{"self":[{"href":"https:\/\/www.fcbarcelonanoticias.com\/en\/wp-json\/wp\/v2\/posts\/4399","targetHints":{"allow":["GET"]}}],"collection":[{"href":"https:\/\/www.fcbarcelonanoticias.com\/en\/wp-json\/wp\/v2\/posts"}],"about":[{"href":"https:\/\/www.fcbarcelonanoticias.com\/en\/wp-json\/wp\/v2\/types\/post"}],"author":[{"embeddable":true,"href":"https:\/\/www.fcbarcelonanoticias.com\/en\/wp-json\/wp\/v2\/users\/358"}],"replies":[{"embeddable":true,"href":"https:\/\/www.fcbarcelonanoticias.com\/en\/wp-json\/wp\/v2\/comments?post=4399"}],"version-history":[{"count":1,"href":"https:\/\/www.fcbarcelonanoticias.com\/en\/wp-json\/wp\/v2\/posts\/4399\/revisions"}],"predecessor-version":[{"id":101299,"href":"https:\/\/www.fcbarcelonanoticias.com\/en\/wp-json\/wp\/v2\/posts\/4399\/revisions\/101299"}],"wp:featuredmedia":[{"embeddable":true,"href":"https:\/\/www.fcbarcelonanoticias.com\/en\/wp-json\/wp\/v2\/media\/4400"}],"wp:attachment":[{"href":"https:\/\/www.fcbarcelonanoticias.com\/en\/wp-json\/wp\/v2\/media?parent=4399"}],"wp:term":[{"taxonomy":"category","embeddable":true,"href":"https:\/\/www.fcbarcelonanoticias.com\/en\/wp-json\/wp\/v2\/categories?post=4399"},{"taxonomy":"post_tag","embeddable":true,"href":"https:\/\/www.fcbarcelonanoticias.com\/en\/wp-json\/wp\/v2\/tags?post=4399"}],"curies":[{"name":"wp","href":"https:\/\/api.w.org\/{rel}","templated":true}]}}