{"id":4402,"date":"2024-11-26T04:38:00","date_gmt":"2024-11-26T03:38:00","guid":{"rendered":"https:\/\/weisetech.dev\/fc-barcelona-noticias\/en\/fc-barcelona-brest-probable-lineups-match-champions-league-24-25_308878_102\/"},"modified":"2026-03-27T11:37:09","modified_gmt":"2026-03-27T10:37:09","slug":"fc-barcelona-brest-probable-lineups-match-champions-league-24-25_308878_102","status":"publish","type":"post","link":"https:\/\/www.fcbarcelonanoticias.com\/en\/champions-league\/fc-barcelona-brest-probable-lineups-match-champions-league-24-25_308878_102.html","title":{"rendered":"FC Barcelona &#8211; Brest: Probable lineups for the Champions League match 24\/25"},"content":{"rendered":"<h2 class=\"wp-block-heading\">FC Barcelona and Brest face each other this Tuesday in the Champions League. Hansi Flick will seek to defeat the French team with the confirmed absences of Lamine Yamal and Alejandro Balde<\/h2>  \r\n<div class=\"article-addons\">\r\n    <a href=\"https:\/\/www.fcbarcelonanoticias.com\/en\/calendar-fc-barcelona.html\"\r\n       target=\"_self\"\r\n       title=\"Calendar of FC Barcelona\"\r\n       class=\"blue-gredient-btn\">\r\n       \r\n        Calendar of FC Barcelona    <\/a>\r\n<\/div>   <p><strong><a data-external=\"0\" data-intl-links-en=\"https:\/\/www.fcbarcelonanoticias.com\/en\/champions-league\/barca-brest-let-laliga-bad-streak-not-affect-the-champions-league_308866_102.html\" data-intl-links-es=\"https:\/\/www.fcbarcelonanoticias.com\/champions-league\/barca-brest-mala-racha-laliga-no-afecte-champions-league_308866_102.html\" href=\"https:\/\/www.fcbarcelonanoticias.com\/en\/champions-league\/barca-brest-let-laliga-bad-streak-not-affect-the-champions-league_308866_102.html\" rel=\"follow\" target=\"_self\" title=\"Bar\u00e7a-Brest: Let LaLiga's bad streak not affect the Champions League\">FC Barcelona host Brest at the Estadi Olimpic Llu\u00eds Companys on Tuesday,<\/a><\/strong> on Matchday 5 of the 2024\/25 Champions League league phase. Hansi Flick&#8217;s men will be looking to react after two consecutive defeats in the league and claim their fourth European victory.<\/p>  <p>Bar\u00e7a have two of their injured players back for the match, Ferran Torres and Eric Garc\u00eda, but <strong>Lamine Yamal and Alejandro Balde<\/strong> are certain to be out. Below we review the possible starting lineups for Barcelona and Brest: <strong>The number of each player is indicated in parentheses (#)<\/strong>.<\/p>  <h3>POSSIBLE FC BARCELONA LINEUP<\/h3>  <div class=\"media media-image\" data-ck-asset-wrapper=\"\"> <div class=\"media-item\"> <img loading=\"lazy\" decoding=\"async\" alt=\"Posible formaci\u00f3n titular del FC Barcelona contra el Brest\" data-id=\"1448209\" data-resize=\"9\" height=\"563\" src=\"https:\/\/www.fcbarcelonanoticias.com\/wp-content\/uploads\/sites\/2\/2024\/11\/fcbn-bb3cf9b7b74a964407244761078ad4cf.jpeg\" title=\"Posible formaci\u00f3n titular del FC Barcelona contra el Brest\" width=\"1000\"><div class=\"media-title\">Possible starting line-up for FC Barcelona against Brest<\/div> <\/div> <\/div>  <ul> <li> <strong>FC Barcelona&#8217;s starting XI: <\/strong>(#13) I\u00f1aki Pe\u00f1a; (#23) Kound\u00e9; (#2) Pau Cubars\u00ed; (#5) \u00cd\u00f1igo Mart\u00ednez; (#35) Gerard Mart\u00edn; (#17) Casad\u00f3; (#6) Gavi; (#8) Pedri; (#20) Dani Olmo; (#11) Raphinha; (#9) Lewandowski.<\/li> \t<li> <strong>FC Barcelona bench: <\/strong>(#25 P) Szczesny; (#7) Ferran Torres; (#14) Pablo Torre; (#16) Ferm\u00edn L\u00f3pez; (#18) Pau V\u00edctor; (#21) Frenkie de&nbsp;Jong; (#24) Eric Garc\u00eda; (#32) H\u00e9ctor Fort; (#36) S.Dom\u00ednguez<\/li> <\/ul> <p><strong>FC Barcelona will face Stade Brestois with the notable absence of Lamine Yamal<\/strong>, who has not yet recovered from his right ankle injury, a setback that has prevented him from playing the last two games against Celta and Real Sociedad.<\/p>  <p>However, the forward is not the only regular starter that the Blaugranas will miss. Hansi Flick confirmed in a press conference that another player who will not be available for the Champions League match is the team&#8217;s starting left back, Alejandro Balde. In total, Bar\u00e7a has seven confirmed absences due to injury.<\/p>  <ul> <li> <strong>FC Barcelona injured players: <\/strong>(#1) Ter Stegen (knee); (#3) Alejandro Balde (muscular); (#4) Ronald Araujo (cu\u00e1driceps); (#10) Ansu Fati (biceps femoral); (#15) Andreas Christensen (sinew of Achilles); (#19) Lamine Yamal (ankle); (#21) Marc Bernal (knee). <strong>Sanctioned:<\/strong> Any<\/li> <\/ul> <h4>POSSIBLE BREST STARTING ELEVEN<\/h4>  <ul> <li> <strong>Brest starting XI: <\/strong> Bizot; Lala, Chardonnet, Him Cardinal, Ha\u00efdara, Camara, Fernandes, Magnetti, Doumbia, Ajorque, Sima.<\/li> \t<li> <strong>Bench: <\/strong>(in brief); <strong>Drops:<\/strong> Lees-Melou (fibula), Locko (sinew of Achilles)\ufeff<\/li> <\/ul> ","protected":false},"excerpt":{"rendered":"<p>FC Barcelona and Brest face each other this Tuesday in the Champions League. Hansi Flick will seek to defeat the French team with the confirmed absences of Lamine Yamal and Alejandro Balde FC Barcelona host Brest at the Estadi Olimpic Llu\u00eds Companys on Tuesday, on Matchday 5 of the 2024\/25 Champions League league phase. Hansi [&hellip;]<\/p>\n","protected":false},"author":351,"featured_media":4403,"comment_status":"closed","ping_status":"open","sticky":false,"template":"","format":"standard","meta":{"_acf_changed":false,"inline_featured_image":false,"_nextfly_llmd_date_locked":false,"footnotes":""},"categories":[447,112],"tags":[201,237,87],"class_list":["post-4402","post","type-post","status-publish","format-standard","has-post-thumbnail","hentry","category-champions-league-2","category-champions-league","tag-lineups","tag-fc-barcelona-vs-brest","tag-hansi-flick"],"acf":[],"yoast_head":"<!-- This site is optimized with the Yoast SEO plugin v27.3 - https:\/\/yoast.com\/product\/yoast-seo-wordpress\/ -->\n<title>FC Barcelona - Brest: Probable lineups for the Champions League match 24\/25<\/title>\n<meta name=\"description\" content=\"FC Barcelona and Brest face each other this Tuesday in the Champions League. Hansi Flick will seek to defeat the French team with the confirmed absences of Lamine Yamal and Alejandro Balde\" \/>\n<meta name=\"robots\" content=\"index, follow, max-snippet:-1, max-image-preview:large, max-video-preview:-1\" \/>\n<link rel=\"canonical\" href=\"https:\/\/www.fcbarcelonanoticias.com\/en\/champions-league\/fc-barcelona-brest-probable-lineups-match-champions-league-24-25_308878_102.html\" \/>\n<meta property=\"og:locale\" content=\"en_US\" \/>\n<meta property=\"og:type\" content=\"article\" \/>\n<meta property=\"og:title\" content=\"FC Barcelona - Brest: Probable lineups for the Champions League match 24\/25\" \/>\n<meta property=\"og:description\" content=\"FC Barcelona and Brest face each other this Tuesday in the Champions League. Hansi Flick will seek to defeat the French team with the confirmed absences of Lamine Yamal and Alejandro Balde\" \/>\n<meta property=\"og:url\" content=\"https:\/\/www.fcbarcelonanoticias.com\/en\/champions-league\/fc-barcelona-brest-probable-lineups-match-champions-league-24-25_308878_102.html\" \/>\n<meta property=\"og:site_name\" content=\"EN - FC Barcelona Noticias\" \/>\n<meta property=\"article:published_time\" content=\"2024-11-26T03:38:00+00:00\" \/>\n<meta property=\"article:modified_time\" content=\"2026-03-27T10:37:09+00:00\" \/>\n<meta property=\"og:image\" content=\"https:\/\/www.fcbarcelonanoticias.com\/en\/wp-content\/uploads\/sites\/2\/2024\/11\/fc-barcelona-brest-alineaciones-probables-champions-league.jpeg\" \/>\n\t<meta property=\"og:image:width\" content=\"1200\" \/>\n\t<meta property=\"og:image:height\" content=\"675\" \/>\n\t<meta property=\"og:image:type\" content=\"image\/jpeg\" \/>\n<meta name=\"author\" content=\"David Jim\u00e9nez\" \/>\n<meta name=\"twitter:card\" content=\"summary_large_image\" \/>\n<meta name=\"twitter:label1\" content=\"Written by\" \/>\n\t<meta name=\"twitter:data1\" content=\"David Jim\u00e9nez\" \/>\n\t<meta name=\"twitter:label2\" content=\"Est. reading time\" \/>\n\t<meta name=\"twitter:data2\" content=\"2 minutes\" \/>\n<script type=\"application\/ld+json\" class=\"yoast-schema-graph\">{\"@context\":\"https:\\\/\\\/schema.org\",\"@graph\":[{\"@type\":\"Article\",\"@id\":\"https:\\\/\\\/www.fcbarcelonanoticias.com\\\/en\\\/champions-league\\\/fc-barcelona-brest-probable-lineups-match-champions-league-24-25_308878_102.html#article\",\"isPartOf\":{\"@id\":\"https:\\\/\\\/www.fcbarcelonanoticias.com\\\/en\\\/champions-league\\\/fc-barcelona-brest-probable-lineups-match-champions-league-24-25_308878_102.html\"},\"author\":{\"name\":\"David Jim\u00e9nez\",\"@id\":\"https:\\\/\\\/www.fcbarcelonanoticias.com\\\/en\\\/#\\\/schema\\\/person\\\/ba19d9de61d41107240dd68c56521ef5\"},\"headline\":\"FC Barcelona &#8211; Brest: Probable lineups for the Champions League match 24\\\/25\",\"datePublished\":\"2024-11-26T03:38:00+00:00\",\"dateModified\":\"2026-03-27T10:37:09+00:00\",\"mainEntityOfPage\":{\"@id\":\"https:\\\/\\\/www.fcbarcelonanoticias.com\\\/en\\\/champions-league\\\/fc-barcelona-brest-probable-lineups-match-champions-league-24-25_308878_102.html\"},\"wordCount\":356,\"image\":{\"@id\":\"https:\\\/\\\/www.fcbarcelonanoticias.com\\\/en\\\/champions-league\\\/fc-barcelona-brest-probable-lineups-match-champions-league-24-25_308878_102.html#primaryimage\"},\"thumbnailUrl\":\"https:\\\/\\\/www.fcbarcelonanoticias.com\\\/en\\\/wp-content\\\/uploads\\\/sites\\\/2\\\/2024\\\/11\\\/fc-barcelona-brest-alineaciones-probables-champions-league.jpeg\",\"keywords\":[\"FC Barcelona Lineups\",\"FC Barcelona vs Brest\",\"Hansi Flick\"],\"articleSection\":[\"Champions League\",\"Champions League\"],\"inLanguage\":\"en-US\"},{\"@type\":\"WebPage\",\"@id\":\"https:\\\/\\\/www.fcbarcelonanoticias.com\\\/en\\\/champions-league\\\/fc-barcelona-brest-probable-lineups-match-champions-league-24-25_308878_102.html\",\"url\":\"https:\\\/\\\/www.fcbarcelonanoticias.com\\\/en\\\/champions-league\\\/fc-barcelona-brest-probable-lineups-match-champions-league-24-25_308878_102.html\",\"name\":\"FC Barcelona - Brest: Probable lineups for the Champions League match 24\\\/25\",\"isPartOf\":{\"@id\":\"https:\\\/\\\/www.fcbarcelonanoticias.com\\\/en\\\/#website\"},\"primaryImageOfPage\":{\"@id\":\"https:\\\/\\\/www.fcbarcelonanoticias.com\\\/en\\\/champions-league\\\/fc-barcelona-brest-probable-lineups-match-champions-league-24-25_308878_102.html#primaryimage\"},\"image\":{\"@id\":\"https:\\\/\\\/www.fcbarcelonanoticias.com\\\/en\\\/champions-league\\\/fc-barcelona-brest-probable-lineups-match-champions-league-24-25_308878_102.html#primaryimage\"},\"thumbnailUrl\":\"https:\\\/\\\/www.fcbarcelonanoticias.com\\\/en\\\/wp-content\\\/uploads\\\/sites\\\/2\\\/2024\\\/11\\\/fc-barcelona-brest-alineaciones-probables-champions-league.jpeg\",\"datePublished\":\"2024-11-26T03:38:00+00:00\",\"dateModified\":\"2026-03-27T10:37:09+00:00\",\"author\":{\"@id\":\"https:\\\/\\\/www.fcbarcelonanoticias.com\\\/en\\\/#\\\/schema\\\/person\\\/ba19d9de61d41107240dd68c56521ef5\"},\"description\":\"FC Barcelona and Brest face each other this Tuesday in the Champions League. Hansi Flick will seek to defeat the French team with the confirmed absences of Lamine Yamal and Alejandro Balde\",\"breadcrumb\":{\"@id\":\"https:\\\/\\\/www.fcbarcelonanoticias.com\\\/en\\\/champions-league\\\/fc-barcelona-brest-probable-lineups-match-champions-league-24-25_308878_102.html#breadcrumb\"},\"inLanguage\":\"en-US\",\"potentialAction\":[{\"@type\":\"ReadAction\",\"target\":[\"https:\\\/\\\/www.fcbarcelonanoticias.com\\\/en\\\/champions-league\\\/fc-barcelona-brest-probable-lineups-match-champions-league-24-25_308878_102.html\"]}]},{\"@type\":\"ImageObject\",\"inLanguage\":\"en-US\",\"@id\":\"https:\\\/\\\/www.fcbarcelonanoticias.com\\\/en\\\/champions-league\\\/fc-barcelona-brest-probable-lineups-match-champions-league-24-25_308878_102.html#primaryimage\",\"url\":\"https:\\\/\\\/www.fcbarcelonanoticias.com\\\/en\\\/wp-content\\\/uploads\\\/sites\\\/2\\\/2024\\\/11\\\/fc-barcelona-brest-alineaciones-probables-champions-league.jpeg\",\"contentUrl\":\"https:\\\/\\\/www.fcbarcelonanoticias.com\\\/en\\\/wp-content\\\/uploads\\\/sites\\\/2\\\/2024\\\/11\\\/fc-barcelona-brest-alineaciones-probables-champions-league.jpeg\",\"width\":1200,\"height\":675},{\"@type\":\"BreadcrumbList\",\"@id\":\"https:\\\/\\\/www.fcbarcelonanoticias.com\\\/en\\\/champions-league\\\/fc-barcelona-brest-probable-lineups-match-champions-league-24-25_308878_102.html#breadcrumb\",\"itemListElement\":[{\"@type\":\"ListItem\",\"position\":1,\"name\":\"Portada\",\"item\":\"https:\\\/\\\/www.fcbarcelonanoticias.com\\\/en\\\/\"},{\"@type\":\"ListItem\",\"position\":2,\"name\":\"FC Barcelona &#8211; Brest: Probable lineups for the Champions League match 24\\\/25\"}]},{\"@type\":\"WebSite\",\"@id\":\"https:\\\/\\\/www.fcbarcelonanoticias.com\\\/en\\\/#website\",\"url\":\"https:\\\/\\\/www.fcbarcelonanoticias.com\\\/en\\\/\",\"name\":\"EN - FC Barcelona Noticias\",\"description\":\"\",\"potentialAction\":[{\"@type\":\"SearchAction\",\"target\":{\"@type\":\"EntryPoint\",\"urlTemplate\":\"https:\\\/\\\/www.fcbarcelonanoticias.com\\\/en\\\/?s={search_term_string}\"},\"query-input\":{\"@type\":\"PropertyValueSpecification\",\"valueRequired\":true,\"valueName\":\"search_term_string\"}}],\"inLanguage\":\"en-US\"},{\"@type\":\"Person\",\"@id\":\"https:\\\/\\\/www.fcbarcelonanoticias.com\\\/en\\\/#\\\/schema\\\/person\\\/ba19d9de61d41107240dd68c56521ef5\",\"name\":\"David Jim\u00e9nez\",\"image\":{\"@type\":\"ImageObject\",\"inLanguage\":\"en-US\",\"@id\":\"https:\\\/\\\/secure.gravatar.com\\\/avatar\\\/?s=96&d=mm&r=g\",\"url\":\"https:\\\/\\\/secure.gravatar.com\\\/avatar\\\/?s=96&d=mm&r=g\",\"contentUrl\":\"https:\\\/\\\/secure.gravatar.com\\\/avatar\\\/?s=96&d=mm&r=g\",\"caption\":\"David Jim\u00e9nez\"},\"description\":\"Responsable editorial en FC Barcelona Noticias (FCBN).\u00a0Especializado en la actualidad del F\u00fatbol Club Barcelona: partidos, fichajes, an\u00e1lisis t\u00e1ctico y competiciones oficiales. Coordina coberturas, edici\u00f3n y est\u00e1ndares editoriales para garantizar rigor, contexto y verificaci\u00f3n de datos en todos los contenidos. Con gran experiencia en el ecosistema\u00a0digital deportivo, medios de comunicaci\u00f3n\u00a0y gesti\u00f3n de audiencias. Impulsa piezas explicativas, gu\u00edas pr\u00e1cticas y contenidos innovadores de servicio al lector, priorizando fuentes oficiales (F\u00fatbol Club Barcelona, LaLiga, UEFA, RFEF) y contrastes m\u00faltiples. Transparencia editorial: trabajamos conforme a nuestra Pol\u00edtica Editorial y Pol\u00edtica de Correcciones. M\u00e1s informaci\u00f3n sobre el medio en Qui\u00e9nes somos.\",\"url\":\"https:\\\/\\\/www.fcbarcelonanoticias.com\\\/en\\\/fc-barcelona\\\/david-jimenez_7_115.html\"}]}<\/script>\n<!-- \/ Yoast SEO plugin. -->","yoast_head_json":{"title":"FC Barcelona - Brest: Probable lineups for the Champions League match 24\/25","description":"FC Barcelona and Brest face each other this Tuesday in the Champions League. Hansi Flick will seek to defeat the French team with the confirmed absences of Lamine Yamal and Alejandro Balde","robots":{"index":"index","follow":"follow","max-snippet":"max-snippet:-1","max-image-preview":"max-image-preview:large","max-video-preview":"max-video-preview:-1"},"canonical":"https:\/\/www.fcbarcelonanoticias.com\/en\/champions-league\/fc-barcelona-brest-probable-lineups-match-champions-league-24-25_308878_102.html","og_locale":"en_US","og_type":"article","og_title":"FC Barcelona - Brest: Probable lineups for the Champions League match 24\/25","og_description":"FC Barcelona and Brest face each other this Tuesday in the Champions League. Hansi Flick will seek to defeat the French team with the confirmed absences of Lamine Yamal and Alejandro Balde","og_url":"https:\/\/www.fcbarcelonanoticias.com\/en\/champions-league\/fc-barcelona-brest-probable-lineups-match-champions-league-24-25_308878_102.html","og_site_name":"EN - FC Barcelona Noticias","article_published_time":"2024-11-26T03:38:00+00:00","article_modified_time":"2026-03-27T10:37:09+00:00","og_image":[{"width":1200,"height":675,"url":"https:\/\/www.fcbarcelonanoticias.com\/en\/wp-content\/uploads\/sites\/2\/2024\/11\/fc-barcelona-brest-alineaciones-probables-champions-league.jpeg","type":"image\/jpeg"}],"author":"David Jim\u00e9nez","twitter_card":"summary_large_image","twitter_misc":{"Written by":"David Jim\u00e9nez","Est. reading time":"2 minutes"},"schema":{"@context":"https:\/\/schema.org","@graph":[{"@type":"Article","@id":"https:\/\/www.fcbarcelonanoticias.com\/en\/champions-league\/fc-barcelona-brest-probable-lineups-match-champions-league-24-25_308878_102.html#article","isPartOf":{"@id":"https:\/\/www.fcbarcelonanoticias.com\/en\/champions-league\/fc-barcelona-brest-probable-lineups-match-champions-league-24-25_308878_102.html"},"author":{"name":"David Jim\u00e9nez","@id":"https:\/\/www.fcbarcelonanoticias.com\/en\/#\/schema\/person\/ba19d9de61d41107240dd68c56521ef5"},"headline":"FC Barcelona &#8211; Brest: Probable lineups for the Champions League match 24\/25","datePublished":"2024-11-26T03:38:00+00:00","dateModified":"2026-03-27T10:37:09+00:00","mainEntityOfPage":{"@id":"https:\/\/www.fcbarcelonanoticias.com\/en\/champions-league\/fc-barcelona-brest-probable-lineups-match-champions-league-24-25_308878_102.html"},"wordCount":356,"image":{"@id":"https:\/\/www.fcbarcelonanoticias.com\/en\/champions-league\/fc-barcelona-brest-probable-lineups-match-champions-league-24-25_308878_102.html#primaryimage"},"thumbnailUrl":"https:\/\/www.fcbarcelonanoticias.com\/en\/wp-content\/uploads\/sites\/2\/2024\/11\/fc-barcelona-brest-alineaciones-probables-champions-league.jpeg","keywords":["FC Barcelona Lineups","FC Barcelona vs Brest","Hansi Flick"],"articleSection":["Champions League","Champions League"],"inLanguage":"en-US"},{"@type":"WebPage","@id":"https:\/\/www.fcbarcelonanoticias.com\/en\/champions-league\/fc-barcelona-brest-probable-lineups-match-champions-league-24-25_308878_102.html","url":"https:\/\/www.fcbarcelonanoticias.com\/en\/champions-league\/fc-barcelona-brest-probable-lineups-match-champions-league-24-25_308878_102.html","name":"FC Barcelona - Brest: Probable lineups for the Champions League match 24\/25","isPartOf":{"@id":"https:\/\/www.fcbarcelonanoticias.com\/en\/#website"},"primaryImageOfPage":{"@id":"https:\/\/www.fcbarcelonanoticias.com\/en\/champions-league\/fc-barcelona-brest-probable-lineups-match-champions-league-24-25_308878_102.html#primaryimage"},"image":{"@id":"https:\/\/www.fcbarcelonanoticias.com\/en\/champions-league\/fc-barcelona-brest-probable-lineups-match-champions-league-24-25_308878_102.html#primaryimage"},"thumbnailUrl":"https:\/\/www.fcbarcelonanoticias.com\/en\/wp-content\/uploads\/sites\/2\/2024\/11\/fc-barcelona-brest-alineaciones-probables-champions-league.jpeg","datePublished":"2024-11-26T03:38:00+00:00","dateModified":"2026-03-27T10:37:09+00:00","author":{"@id":"https:\/\/www.fcbarcelonanoticias.com\/en\/#\/schema\/person\/ba19d9de61d41107240dd68c56521ef5"},"description":"FC Barcelona and Brest face each other this Tuesday in the Champions League. Hansi Flick will seek to defeat the French team with the confirmed absences of Lamine Yamal and Alejandro Balde","breadcrumb":{"@id":"https:\/\/www.fcbarcelonanoticias.com\/en\/champions-league\/fc-barcelona-brest-probable-lineups-match-champions-league-24-25_308878_102.html#breadcrumb"},"inLanguage":"en-US","potentialAction":[{"@type":"ReadAction","target":["https:\/\/www.fcbarcelonanoticias.com\/en\/champions-league\/fc-barcelona-brest-probable-lineups-match-champions-league-24-25_308878_102.html"]}]},{"@type":"ImageObject","inLanguage":"en-US","@id":"https:\/\/www.fcbarcelonanoticias.com\/en\/champions-league\/fc-barcelona-brest-probable-lineups-match-champions-league-24-25_308878_102.html#primaryimage","url":"https:\/\/www.fcbarcelonanoticias.com\/en\/wp-content\/uploads\/sites\/2\/2024\/11\/fc-barcelona-brest-alineaciones-probables-champions-league.jpeg","contentUrl":"https:\/\/www.fcbarcelonanoticias.com\/en\/wp-content\/uploads\/sites\/2\/2024\/11\/fc-barcelona-brest-alineaciones-probables-champions-league.jpeg","width":1200,"height":675},{"@type":"BreadcrumbList","@id":"https:\/\/www.fcbarcelonanoticias.com\/en\/champions-league\/fc-barcelona-brest-probable-lineups-match-champions-league-24-25_308878_102.html#breadcrumb","itemListElement":[{"@type":"ListItem","position":1,"name":"Portada","item":"https:\/\/www.fcbarcelonanoticias.com\/en\/"},{"@type":"ListItem","position":2,"name":"FC Barcelona &#8211; Brest: Probable lineups for the Champions League match 24\/25"}]},{"@type":"WebSite","@id":"https:\/\/www.fcbarcelonanoticias.com\/en\/#website","url":"https:\/\/www.fcbarcelonanoticias.com\/en\/","name":"EN - FC Barcelona Noticias","description":"","potentialAction":[{"@type":"SearchAction","target":{"@type":"EntryPoint","urlTemplate":"https:\/\/www.fcbarcelonanoticias.com\/en\/?s={search_term_string}"},"query-input":{"@type":"PropertyValueSpecification","valueRequired":true,"valueName":"search_term_string"}}],"inLanguage":"en-US"},{"@type":"Person","@id":"https:\/\/www.fcbarcelonanoticias.com\/en\/#\/schema\/person\/ba19d9de61d41107240dd68c56521ef5","name":"David Jim\u00e9nez","image":{"@type":"ImageObject","inLanguage":"en-US","@id":"https:\/\/secure.gravatar.com\/avatar\/?s=96&d=mm&r=g","url":"https:\/\/secure.gravatar.com\/avatar\/?s=96&d=mm&r=g","contentUrl":"https:\/\/secure.gravatar.com\/avatar\/?s=96&d=mm&r=g","caption":"David Jim\u00e9nez"},"description":"Responsable editorial en FC Barcelona Noticias (FCBN).\u00a0Especializado en la actualidad del F\u00fatbol Club Barcelona: partidos, fichajes, an\u00e1lisis t\u00e1ctico y competiciones oficiales. Coordina coberturas, edici\u00f3n y est\u00e1ndares editoriales para garantizar rigor, contexto y verificaci\u00f3n de datos en todos los contenidos. Con gran experiencia en el ecosistema\u00a0digital deportivo, medios de comunicaci\u00f3n\u00a0y gesti\u00f3n de audiencias. Impulsa piezas explicativas, gu\u00edas pr\u00e1cticas y contenidos innovadores de servicio al lector, priorizando fuentes oficiales (F\u00fatbol Club Barcelona, LaLiga, UEFA, RFEF) y contrastes m\u00faltiples. Transparencia editorial: trabajamos conforme a nuestra Pol\u00edtica Editorial y Pol\u00edtica de Correcciones. M\u00e1s informaci\u00f3n sobre el medio en Qui\u00e9nes somos.","url":"https:\/\/www.fcbarcelonanoticias.com\/en\/fc-barcelona\/david-jimenez_7_115.html"}]}},"_links":{"self":[{"href":"https:\/\/www.fcbarcelonanoticias.com\/en\/wp-json\/wp\/v2\/posts\/4402","targetHints":{"allow":["GET"]}}],"collection":[{"href":"https:\/\/www.fcbarcelonanoticias.com\/en\/wp-json\/wp\/v2\/posts"}],"about":[{"href":"https:\/\/www.fcbarcelonanoticias.com\/en\/wp-json\/wp\/v2\/types\/post"}],"author":[{"embeddable":true,"href":"https:\/\/www.fcbarcelonanoticias.com\/en\/wp-json\/wp\/v2\/users\/351"}],"replies":[{"embeddable":true,"href":"https:\/\/www.fcbarcelonanoticias.com\/en\/wp-json\/wp\/v2\/comments?post=4402"}],"version-history":[{"count":2,"href":"https:\/\/www.fcbarcelonanoticias.com\/en\/wp-json\/wp\/v2\/posts\/4402\/revisions"}],"predecessor-version":[{"id":160274,"href":"https:\/\/www.fcbarcelonanoticias.com\/en\/wp-json\/wp\/v2\/posts\/4402\/revisions\/160274"}],"wp:featuredmedia":[{"embeddable":true,"href":"https:\/\/www.fcbarcelonanoticias.com\/en\/wp-json\/wp\/v2\/media\/4403"}],"wp:attachment":[{"href":"https:\/\/www.fcbarcelonanoticias.com\/en\/wp-json\/wp\/v2\/media?parent=4402"}],"wp:term":[{"taxonomy":"category","embeddable":true,"href":"https:\/\/www.fcbarcelonanoticias.com\/en\/wp-json\/wp\/v2\/categories?post=4402"},{"taxonomy":"post_tag","embeddable":true,"href":"https:\/\/www.fcbarcelonanoticias.com\/en\/wp-json\/wp\/v2\/tags?post=4402"}],"curies":[{"name":"wp","href":"https:\/\/api.w.org\/{rel}","templated":true}]}}