{"id":44055,"date":"2022-10-22T21:15:00","date_gmt":"2022-10-22T19:15:00","guid":{"rendered":"https:\/\/weisetech.dev\/fc-barcelona-noticias\/en\/france-in-picture-another-heavy-weight-could-lose-and_285745_102\/"},"modified":"2022-10-22T21:15:00","modified_gmt":"2022-10-22T19:15:00","slug":"france-in-picture-another-heavy-weight-could-lose-and_285745_102","status":"publish","type":"post","link":"https:\/\/www.fcbarcelonanoticias.com\/en\/international-football\/france-in-picture-another-heavy-weight-could-lose-and_285745_102.html","title":{"rendered":"France, in picture! Another &#8216;heavyweight&#8217; could miss the World Cup"},"content":{"rendered":"<h2 class=\"wp-block-heading\">One month before the start of the World Cup, the French team fears for a new key loss in defense. Rapha\u00ebl Varane left injured on Saturday with Manchester United in the match against Chelsea (1-1) due to a problem in his right knee<\/h2>  \r\n<div class=\"article-addons\">\r\n    <a href=\"https:\/\/www.fcbarcelonanoticias.com\/en\/calendar-fc-barcelona.html\"\r\n       target=\"_self\"\r\n       title=\"Calendar of FC Barcelona\"\r\n       class=\"blue-gredient-btn\">\r\n       \r\n        Calendar of FC Barcelona    <\/a>\r\n<\/div>   <p>The bad news follow arriving for the seleccionador French Didier Deschamps. To the drop confirmed N&#8217;Golo Kant\u00e9 could add<strong> Rapha\u00ebl Varane, the one who left lesionado the Saturday in Old Trafford in the party that the <a data-external=\"0\" data-intl-links-en=\"https:\/\/www.fcbarcelonanoticias.com\/en\/players\/cristiano-ronaldo-pronounces-being-separated-manchester-united_285685_102.html\" data-intl-links-es=\"https:\/\/www.fcbarcelonanoticias.com\/jugadores\/cristiano-ronaldo-se-pronuncia-ser-apartado-manchester-united_285685_102.html\" href=\"https:\/\/www.fcbarcelonanoticias.com\/en\/players\/cristiano-ronaldo-pronounces-being-separated-manchester-united_285685_102.html\" rel=\"follow\" target=\"_self\" title=\"Cristiano Ronaldo se pronuncia tras ser apartado del Manchester United\">Manchester United<\/a> contested in front of Chelsea (1-1)<\/strong>. The central had a problem in his right knee and left to the changing room crying, fearing an injury that can deprive him to play the World-wide.<\/p>  <p>The ex defender of the Real Madrid left to run a pass to Pierre-Emerick Aubameyang and, <strong>when it wanted to contest him the balloon to the gabon\u00e9s, supported badly the right leg and the knee failed<\/strong>. The Frenchman asked immediately the medical assistance and, when feeling that something went badly, could not contain the tears and left to the changing room. This yes, attained to abandon the field by his own means, leaving his place to Victor Lindel\u00f6f.<\/p>  <p><strong>The possible drop of the central would add to the one of the goalkeeper of the AC Milan, Mike Maigna<\/strong>, the one who recay\u00f3 of his injury in the twin in a training with the group &#8216;rossoneri&#8217;, while it tried to return to the action after lesionarse in the last stop of selections. In this way, Hugo Lloris will go back to be the indisputable bet in the arch of &#8216;Them Bles&#8217; for Catar, as sucedi\u00f3 in the last four Glasses of the World.<\/p>  <p><strong>One that yes seems to arrive to the limit to the World-wide is <a data-external=\"0\" data-intl-links-en=\"https:\/\/www.fcbarcelonanoticias.com\/en\/international-football\/it-follows-the-wrap-of-the-pogba-like-this-it-wanted-to-prejudice-paul-to-mb_284682_102.html\" data-intl-links-es=\"https:\/\/www.fcbarcelonanoticias.com\/futbol-internacional\/sigue-lio-pogba-quiso-perjudicar-paul-mbappe_284682_102.html\" href=\"https:\/\/www.fcbarcelonanoticias.com\/en\/international-football\/it-follows-the-wrap-of-the-pogba-like-this-it-wanted-to-prejudice-paul-to-mb_284682_102.html\" rel=\"follow\" target=\"_self\" title=\"Sigue el l\u00edo de los Pogba: As\u00ed quiso perjudicar Paul a Mbapp\u00e9\">Paul Pogba<\/a><\/strong>. <strong>The mediocentro has begun to train with the Juventus this week<\/strong> after lesionarse in July, when recently it began the pre-season. The worrisome for the ex player of the United is his fault of competitive rhythm, since from his return to the &#8216;Vecchia Signora&#8217; has not attained to contest any official party by his problems in the meniscus of the right knee.<\/p>  <h3>A problem more for the United<\/h3>  <p>The drop of Rapha\u00ebl Varane complicates the things for the technical Erik have Hag, the one who had attained to find some balance deep down with the French and the Argentinian Lisandro Mart\u00ednez. <strong>With exception of the derbi in front of the City, the United had attained to leave his arch in zero in two of the last three days of the Premier League<\/strong>. The Saturday, the &#8216;network devils&#8217; added a tie ag\u00f3nico in Stamford Bridge with a goal of Carlos Casemiro in the 90+4&#8242; that allows them be still in the high part of the table (fifth with 20 points).<\/p> ","protected":false},"excerpt":{"rendered":"<p>One month before the start of the World Cup, the French team fears for a new key loss in defense. Rapha\u00ebl Varane left injured on Saturday with Manchester United in the match against Chelsea (1-1) due to a problem in his right knee The bad news follow arriving for the seleccionador French Didier Deschamps. To [&hellip;]<\/p>\n","protected":false},"author":347,"featured_media":44056,"comment_status":"closed","ping_status":"open","sticky":false,"template":"","format":"standard","meta":{"_acf_changed":false,"inline_featured_image":false,"_nextfly_llmd_date_locked":false,"footnotes":""},"categories":[1],"tags":[197,291],"class_list":["post-44055","post","type-post","status-publish","format-standard","has-post-thumbnail","hentry","category-sin-categoria","tag-manchester-united","tag-paul-pogba"],"acf":[],"yoast_head":"<!-- This site is optimized with the Yoast SEO plugin v27.3 - https:\/\/yoast.com\/product\/yoast-seo-wordpress\/ -->\n<title>France, in picture! Another &#039;heavyweight&#039; could miss the World Cup<\/title>\n<meta name=\"description\" content=\"To a month for the beginning of the World-wide, the selection of France fears by a new low key in defence. Rapha\u00ebl Varane left lesionado the Saturday with the...\" \/>\n<meta name=\"robots\" content=\"index, follow, max-snippet:-1, max-image-preview:large, max-video-preview:-1\" \/>\n<link rel=\"canonical\" href=\"https:\/\/www.fcbarcelonanoticias.com\/en\/international-football\/france-in-picture-another-heavy-weight-could-lose-and_285745_102.html\" \/>\n<meta property=\"og:locale\" content=\"en_US\" \/>\n<meta property=\"og:type\" content=\"article\" \/>\n<meta property=\"og:title\" content=\"France, in picture! Another &#039;heavyweight&#039; could miss the World Cup\" \/>\n<meta property=\"og:description\" content=\"To a month for the beginning of the World-wide, the selection of France fears by a new low key in defence. Rapha\u00ebl Varane left lesionado the Saturday with the...\" \/>\n<meta property=\"og:url\" content=\"https:\/\/www.fcbarcelonanoticias.com\/en\/international-football\/france-in-picture-another-heavy-weight-could-lose-and_285745_102.html\" \/>\n<meta property=\"og:site_name\" content=\"EN - FC Barcelona Noticias\" \/>\n<meta property=\"article:published_time\" content=\"2022-10-22T19:15:00+00:00\" \/>\n<meta property=\"og:image\" content=\"https:\/\/www.fcbarcelonanoticias.com\/en\/wp-content\/uploads\/sites\/2\/2022\/10\/raphael-varane-manchester-united.jpeg\" \/>\n\t<meta property=\"og:image:width\" content=\"1300\" \/>\n\t<meta property=\"og:image:height\" content=\"732\" \/>\n\t<meta property=\"og:image:type\" content=\"image\/jpeg\" \/>\n<meta name=\"author\" content=\"Andr\u00e9s Quiroz\" \/>\n<meta name=\"twitter:card\" content=\"summary_large_image\" \/>\n<meta name=\"twitter:label1\" content=\"Written by\" \/>\n\t<meta name=\"twitter:data1\" content=\"Andr\u00e9s Quiroz\" \/>\n\t<meta name=\"twitter:label2\" content=\"Est. reading time\" \/>\n\t<meta name=\"twitter:data2\" content=\"2 minutes\" \/>\n<script type=\"application\/ld+json\" class=\"yoast-schema-graph\">{\"@context\":\"https:\\\/\\\/schema.org\",\"@graph\":[{\"@type\":\"Article\",\"@id\":\"https:\\\/\\\/www.fcbarcelonanoticias.com\\\/en\\\/international-football\\\/france-in-picture-another-heavy-weight-could-lose-and_285745_102.html#article\",\"isPartOf\":{\"@id\":\"https:\\\/\\\/www.fcbarcelonanoticias.com\\\/en\\\/international-football\\\/france-in-picture-another-heavy-weight-could-lose-and_285745_102.html\"},\"author\":{\"name\":\"Andr\u00e9s Quiroz\",\"@id\":\"https:\\\/\\\/www.fcbarcelonanoticias.com\\\/en\\\/#\\\/schema\\\/person\\\/c2cd9f6fa1af5c0d0eccd0fefa575c88\"},\"headline\":\"France, in picture! Another &#8216;heavyweight&#8217; could miss the World Cup\",\"datePublished\":\"2022-10-22T19:15:00+00:00\",\"mainEntityOfPage\":{\"@id\":\"https:\\\/\\\/www.fcbarcelonanoticias.com\\\/en\\\/international-football\\\/france-in-picture-another-heavy-weight-could-lose-and_285745_102.html\"},\"wordCount\":476,\"image\":{\"@id\":\"https:\\\/\\\/www.fcbarcelonanoticias.com\\\/en\\\/international-football\\\/france-in-picture-another-heavy-weight-could-lose-and_285745_102.html#primaryimage\"},\"thumbnailUrl\":\"https:\\\/\\\/www.fcbarcelonanoticias.com\\\/en\\\/wp-content\\\/uploads\\\/sites\\\/2\\\/2022\\\/10\\\/raphael-varane-manchester-united.jpeg\",\"keywords\":[\"Manchester United\",\"Paul Pogba\"],\"articleSection\":[\"Sin categor\u00eda\"],\"inLanguage\":\"en-US\"},{\"@type\":\"WebPage\",\"@id\":\"https:\\\/\\\/www.fcbarcelonanoticias.com\\\/en\\\/international-football\\\/france-in-picture-another-heavy-weight-could-lose-and_285745_102.html\",\"url\":\"https:\\\/\\\/www.fcbarcelonanoticias.com\\\/en\\\/international-football\\\/france-in-picture-another-heavy-weight-could-lose-and_285745_102.html\",\"name\":\"France, in picture! Another 'heavyweight' could miss the World Cup\",\"isPartOf\":{\"@id\":\"https:\\\/\\\/www.fcbarcelonanoticias.com\\\/en\\\/#website\"},\"primaryImageOfPage\":{\"@id\":\"https:\\\/\\\/www.fcbarcelonanoticias.com\\\/en\\\/international-football\\\/france-in-picture-another-heavy-weight-could-lose-and_285745_102.html#primaryimage\"},\"image\":{\"@id\":\"https:\\\/\\\/www.fcbarcelonanoticias.com\\\/en\\\/international-football\\\/france-in-picture-another-heavy-weight-could-lose-and_285745_102.html#primaryimage\"},\"thumbnailUrl\":\"https:\\\/\\\/www.fcbarcelonanoticias.com\\\/en\\\/wp-content\\\/uploads\\\/sites\\\/2\\\/2022\\\/10\\\/raphael-varane-manchester-united.jpeg\",\"datePublished\":\"2022-10-22T19:15:00+00:00\",\"author\":{\"@id\":\"https:\\\/\\\/www.fcbarcelonanoticias.com\\\/en\\\/#\\\/schema\\\/person\\\/c2cd9f6fa1af5c0d0eccd0fefa575c88\"},\"description\":\"To a month for the beginning of the World-wide, the selection of France fears by a new low key in defence. Rapha\u00ebl Varane left lesionado the Saturday with the...\",\"breadcrumb\":{\"@id\":\"https:\\\/\\\/www.fcbarcelonanoticias.com\\\/en\\\/international-football\\\/france-in-picture-another-heavy-weight-could-lose-and_285745_102.html#breadcrumb\"},\"inLanguage\":\"en-US\",\"potentialAction\":[{\"@type\":\"ReadAction\",\"target\":[\"https:\\\/\\\/www.fcbarcelonanoticias.com\\\/en\\\/international-football\\\/france-in-picture-another-heavy-weight-could-lose-and_285745_102.html\"]}]},{\"@type\":\"ImageObject\",\"inLanguage\":\"en-US\",\"@id\":\"https:\\\/\\\/www.fcbarcelonanoticias.com\\\/en\\\/international-football\\\/france-in-picture-another-heavy-weight-could-lose-and_285745_102.html#primaryimage\",\"url\":\"https:\\\/\\\/www.fcbarcelonanoticias.com\\\/en\\\/wp-content\\\/uploads\\\/sites\\\/2\\\/2022\\\/10\\\/raphael-varane-manchester-united.jpeg\",\"contentUrl\":\"https:\\\/\\\/www.fcbarcelonanoticias.com\\\/en\\\/wp-content\\\/uploads\\\/sites\\\/2\\\/2022\\\/10\\\/raphael-varane-manchester-united.jpeg\",\"width\":1300,\"height\":732},{\"@type\":\"BreadcrumbList\",\"@id\":\"https:\\\/\\\/www.fcbarcelonanoticias.com\\\/en\\\/international-football\\\/france-in-picture-another-heavy-weight-could-lose-and_285745_102.html#breadcrumb\",\"itemListElement\":[{\"@type\":\"ListItem\",\"position\":1,\"name\":\"Portada\",\"item\":\"https:\\\/\\\/www.fcbarcelonanoticias.com\\\/en\\\/\"},{\"@type\":\"ListItem\",\"position\":2,\"name\":\"France, in picture! Another &#8216;heavyweight&#8217; could miss the World Cup\"}]},{\"@type\":\"WebSite\",\"@id\":\"https:\\\/\\\/www.fcbarcelonanoticias.com\\\/en\\\/#website\",\"url\":\"https:\\\/\\\/www.fcbarcelonanoticias.com\\\/en\\\/\",\"name\":\"EN - FC Barcelona Noticias\",\"description\":\"\",\"potentialAction\":[{\"@type\":\"SearchAction\",\"target\":{\"@type\":\"EntryPoint\",\"urlTemplate\":\"https:\\\/\\\/www.fcbarcelonanoticias.com\\\/en\\\/?s={search_term_string}\"},\"query-input\":{\"@type\":\"PropertyValueSpecification\",\"valueRequired\":true,\"valueName\":\"search_term_string\"}}],\"inLanguage\":\"en-US\"},{\"@type\":\"Person\",\"@id\":\"https:\\\/\\\/www.fcbarcelonanoticias.com\\\/en\\\/#\\\/schema\\\/person\\\/c2cd9f6fa1af5c0d0eccd0fefa575c88\",\"name\":\"Andr\u00e9s Quiroz\",\"image\":{\"@type\":\"ImageObject\",\"inLanguage\":\"en-US\",\"@id\":\"https:\\\/\\\/secure.gravatar.com\\\/avatar\\\/?s=96&d=mm&r=g\",\"url\":\"https:\\\/\\\/secure.gravatar.com\\\/avatar\\\/?s=96&d=mm&r=g\",\"contentUrl\":\"https:\\\/\\\/secure.gravatar.com\\\/avatar\\\/?s=96&d=mm&r=g\",\"caption\":\"Andr\u00e9s Quiroz\"},\"description\":\"Licenciado en Periodismo por la Universidad de los Andes. Me encargo de analizar y compartir los contenidos m\u00e1s destacados de la\u00a0actualidad del F\u00fatbol Club Barcelona, Mercado de Fichajes y F\u00fatbol Internacional en FCBN. La informaci\u00f3n es poder, pero tambi\u00e9n conocimiento.\",\"url\":\"https:\\\/\\\/www.fcbarcelonanoticias.com\\\/en\\\/fc-barcelona\\\/andres-quiroz_17_115.html\"}]}<\/script>\n<!-- \/ Yoast SEO plugin. -->","yoast_head_json":{"title":"France, in picture! Another 'heavyweight' could miss the World Cup","description":"To a month for the beginning of the World-wide, the selection of France fears by a new low key in defence. Rapha\u00ebl Varane left lesionado the Saturday with the...","robots":{"index":"index","follow":"follow","max-snippet":"max-snippet:-1","max-image-preview":"max-image-preview:large","max-video-preview":"max-video-preview:-1"},"canonical":"https:\/\/www.fcbarcelonanoticias.com\/en\/international-football\/france-in-picture-another-heavy-weight-could-lose-and_285745_102.html","og_locale":"en_US","og_type":"article","og_title":"France, in picture! Another 'heavyweight' could miss the World Cup","og_description":"To a month for the beginning of the World-wide, the selection of France fears by a new low key in defence. Rapha\u00ebl Varane left lesionado the Saturday with the...","og_url":"https:\/\/www.fcbarcelonanoticias.com\/en\/international-football\/france-in-picture-another-heavy-weight-could-lose-and_285745_102.html","og_site_name":"EN - FC Barcelona Noticias","article_published_time":"2022-10-22T19:15:00+00:00","og_image":[{"width":1300,"height":732,"url":"https:\/\/www.fcbarcelonanoticias.com\/en\/wp-content\/uploads\/sites\/2\/2022\/10\/raphael-varane-manchester-united.jpeg","type":"image\/jpeg"}],"author":"Andr\u00e9s Quiroz","twitter_card":"summary_large_image","twitter_misc":{"Written by":"Andr\u00e9s Quiroz","Est. reading time":"2 minutes"},"schema":{"@context":"https:\/\/schema.org","@graph":[{"@type":"Article","@id":"https:\/\/www.fcbarcelonanoticias.com\/en\/international-football\/france-in-picture-another-heavy-weight-could-lose-and_285745_102.html#article","isPartOf":{"@id":"https:\/\/www.fcbarcelonanoticias.com\/en\/international-football\/france-in-picture-another-heavy-weight-could-lose-and_285745_102.html"},"author":{"name":"Andr\u00e9s Quiroz","@id":"https:\/\/www.fcbarcelonanoticias.com\/en\/#\/schema\/person\/c2cd9f6fa1af5c0d0eccd0fefa575c88"},"headline":"France, in picture! Another &#8216;heavyweight&#8217; could miss the World Cup","datePublished":"2022-10-22T19:15:00+00:00","mainEntityOfPage":{"@id":"https:\/\/www.fcbarcelonanoticias.com\/en\/international-football\/france-in-picture-another-heavy-weight-could-lose-and_285745_102.html"},"wordCount":476,"image":{"@id":"https:\/\/www.fcbarcelonanoticias.com\/en\/international-football\/france-in-picture-another-heavy-weight-could-lose-and_285745_102.html#primaryimage"},"thumbnailUrl":"https:\/\/www.fcbarcelonanoticias.com\/en\/wp-content\/uploads\/sites\/2\/2022\/10\/raphael-varane-manchester-united.jpeg","keywords":["Manchester United","Paul Pogba"],"articleSection":["Sin categor\u00eda"],"inLanguage":"en-US"},{"@type":"WebPage","@id":"https:\/\/www.fcbarcelonanoticias.com\/en\/international-football\/france-in-picture-another-heavy-weight-could-lose-and_285745_102.html","url":"https:\/\/www.fcbarcelonanoticias.com\/en\/international-football\/france-in-picture-another-heavy-weight-could-lose-and_285745_102.html","name":"France, in picture! Another 'heavyweight' could miss the World Cup","isPartOf":{"@id":"https:\/\/www.fcbarcelonanoticias.com\/en\/#website"},"primaryImageOfPage":{"@id":"https:\/\/www.fcbarcelonanoticias.com\/en\/international-football\/france-in-picture-another-heavy-weight-could-lose-and_285745_102.html#primaryimage"},"image":{"@id":"https:\/\/www.fcbarcelonanoticias.com\/en\/international-football\/france-in-picture-another-heavy-weight-could-lose-and_285745_102.html#primaryimage"},"thumbnailUrl":"https:\/\/www.fcbarcelonanoticias.com\/en\/wp-content\/uploads\/sites\/2\/2022\/10\/raphael-varane-manchester-united.jpeg","datePublished":"2022-10-22T19:15:00+00:00","author":{"@id":"https:\/\/www.fcbarcelonanoticias.com\/en\/#\/schema\/person\/c2cd9f6fa1af5c0d0eccd0fefa575c88"},"description":"To a month for the beginning of the World-wide, the selection of France fears by a new low key in defence. Rapha\u00ebl Varane left lesionado the Saturday with the...","breadcrumb":{"@id":"https:\/\/www.fcbarcelonanoticias.com\/en\/international-football\/france-in-picture-another-heavy-weight-could-lose-and_285745_102.html#breadcrumb"},"inLanguage":"en-US","potentialAction":[{"@type":"ReadAction","target":["https:\/\/www.fcbarcelonanoticias.com\/en\/international-football\/france-in-picture-another-heavy-weight-could-lose-and_285745_102.html"]}]},{"@type":"ImageObject","inLanguage":"en-US","@id":"https:\/\/www.fcbarcelonanoticias.com\/en\/international-football\/france-in-picture-another-heavy-weight-could-lose-and_285745_102.html#primaryimage","url":"https:\/\/www.fcbarcelonanoticias.com\/en\/wp-content\/uploads\/sites\/2\/2022\/10\/raphael-varane-manchester-united.jpeg","contentUrl":"https:\/\/www.fcbarcelonanoticias.com\/en\/wp-content\/uploads\/sites\/2\/2022\/10\/raphael-varane-manchester-united.jpeg","width":1300,"height":732},{"@type":"BreadcrumbList","@id":"https:\/\/www.fcbarcelonanoticias.com\/en\/international-football\/france-in-picture-another-heavy-weight-could-lose-and_285745_102.html#breadcrumb","itemListElement":[{"@type":"ListItem","position":1,"name":"Portada","item":"https:\/\/www.fcbarcelonanoticias.com\/en\/"},{"@type":"ListItem","position":2,"name":"France, in picture! Another &#8216;heavyweight&#8217; could miss the World Cup"}]},{"@type":"WebSite","@id":"https:\/\/www.fcbarcelonanoticias.com\/en\/#website","url":"https:\/\/www.fcbarcelonanoticias.com\/en\/","name":"EN - FC Barcelona Noticias","description":"","potentialAction":[{"@type":"SearchAction","target":{"@type":"EntryPoint","urlTemplate":"https:\/\/www.fcbarcelonanoticias.com\/en\/?s={search_term_string}"},"query-input":{"@type":"PropertyValueSpecification","valueRequired":true,"valueName":"search_term_string"}}],"inLanguage":"en-US"},{"@type":"Person","@id":"https:\/\/www.fcbarcelonanoticias.com\/en\/#\/schema\/person\/c2cd9f6fa1af5c0d0eccd0fefa575c88","name":"Andr\u00e9s Quiroz","image":{"@type":"ImageObject","inLanguage":"en-US","@id":"https:\/\/secure.gravatar.com\/avatar\/?s=96&d=mm&r=g","url":"https:\/\/secure.gravatar.com\/avatar\/?s=96&d=mm&r=g","contentUrl":"https:\/\/secure.gravatar.com\/avatar\/?s=96&d=mm&r=g","caption":"Andr\u00e9s Quiroz"},"description":"Licenciado en Periodismo por la Universidad de los Andes. Me encargo de analizar y compartir los contenidos m\u00e1s destacados de la\u00a0actualidad del F\u00fatbol Club Barcelona, Mercado de Fichajes y F\u00fatbol Internacional en FCBN. La informaci\u00f3n es poder, pero tambi\u00e9n conocimiento.","url":"https:\/\/www.fcbarcelonanoticias.com\/en\/fc-barcelona\/andres-quiroz_17_115.html"}]}},"_links":{"self":[{"href":"https:\/\/www.fcbarcelonanoticias.com\/en\/wp-json\/wp\/v2\/posts\/44055","targetHints":{"allow":["GET"]}}],"collection":[{"href":"https:\/\/www.fcbarcelonanoticias.com\/en\/wp-json\/wp\/v2\/posts"}],"about":[{"href":"https:\/\/www.fcbarcelonanoticias.com\/en\/wp-json\/wp\/v2\/types\/post"}],"author":[{"embeddable":true,"href":"https:\/\/www.fcbarcelonanoticias.com\/en\/wp-json\/wp\/v2\/users\/347"}],"replies":[{"embeddable":true,"href":"https:\/\/www.fcbarcelonanoticias.com\/en\/wp-json\/wp\/v2\/comments?post=44055"}],"version-history":[{"count":1,"href":"https:\/\/www.fcbarcelonanoticias.com\/en\/wp-json\/wp\/v2\/posts\/44055\/revisions"}],"predecessor-version":[{"id":114501,"href":"https:\/\/www.fcbarcelonanoticias.com\/en\/wp-json\/wp\/v2\/posts\/44055\/revisions\/114501"}],"wp:featuredmedia":[{"embeddable":true,"href":"https:\/\/www.fcbarcelonanoticias.com\/en\/wp-json\/wp\/v2\/media\/44056"}],"wp:attachment":[{"href":"https:\/\/www.fcbarcelonanoticias.com\/en\/wp-json\/wp\/v2\/media?parent=44055"}],"wp:term":[{"taxonomy":"category","embeddable":true,"href":"https:\/\/www.fcbarcelonanoticias.com\/en\/wp-json\/wp\/v2\/categories?post=44055"},{"taxonomy":"post_tag","embeddable":true,"href":"https:\/\/www.fcbarcelonanoticias.com\/en\/wp-json\/wp\/v2\/tags?post=44055"}],"curies":[{"name":"wp","href":"https:\/\/api.w.org\/{rel}","templated":true}]}}