{"id":44107,"date":"2024-04-23T23:28:00","date_gmt":"2024-04-23T21:28:00","guid":{"rendered":"https:\/\/weisetech.dev\/fc-barcelona-noticias\/en\/former-madrid-player-charges-against-deco-to-defend-mateu-alemany_302900_102\/"},"modified":"2024-04-24T04:43:00","modified_gmt":"2024-04-24T02:43:00","slug":"former-madrid-player-charges-against-deco-to-defend-mateu-alemany_302900_102","status":"publish","type":"post","link":"https:\/\/www.fcbarcelonanoticias.com\/en\/international-football\/former-madrid-player-charges-against-deco-to-defend-mateu-alemany_302900_102.html","title":{"rendered":"A former Madrid player charges against Deco to defend Mateu Alemany"},"content":{"rendered":"<h2 class=\"wp-block-heading\">Santi Ca\u00f1izares, former Valencia CF and Real Madrid goalkeeper, had no qualms in praising the work of Mateu Alemany and Xavi Hern\u00e1ndez at FC Barcelona. However, he also hit out at Deco for his management in the sports management of the Bar\u00e7a club<\/h2>  \r\n<div class=\"article-addons\">\r\n    <a href=\"https:\/\/www.fcbarcelonanoticias.com\/en\/calendar-fc-barcelona.html\"\r\n       target=\"_self\"\r\n       title=\"Calendar of FC Barcelona\"\r\n       class=\"blue-gredient-btn\">\r\n       \r\n        Calendar of FC Barcelona    <\/a>\r\n<\/div>   <p>The name of Mateu Alemany, without any doubt, is synonymous of an excellent management regarding the sportive direction. The Majorcan, stood out between other things by his paper like president of the RCD Mallorca (2003-2009) and general manager of Valencia CF (2017-2019), <strong>assumed the challenge to turn into the director of football in the FC Barcelona (2021-2023)<\/strong> in a moment extremely convulso for the club in economic terms. Nevertheless, this was not an obstacle so that the Barcelona cast reinforced season after season with interesting footballers to costs irrisorios, since the incorporations based to a large extent in players that arrived in condition of free agents.<\/p>  <p>This is not simply an empty affirmation, since during his period like attendant to manage the additions of the Barcelonan square, from the summer of 2021 until the winter of 2023, <strong>Mateu Alemany was behind a total of 19 signings<\/strong>, of which nine were acquisitions to cost zero, between them Andreas Christensen, Pierre-Emerick Aubameyang and Memphis Depay. Equally, some arrived in quality of loan (3) and others by means of traspasos (7), between which find names &#8216;top&#8217; as Robert Lewandowski, Jules Kound\u00e9 and Raphinha, for mentioning only some.<\/p>  <p>The important work of the Majorcan no only reached to be recognised inside the FC Barcelona, <a data-external=\"0\" data-intl-links-en=\"https:\/\/www.fcbarcelonanoticias.com\/en\/fc-barcelona\/the-reasons-why-mateu-alemany-left-barca-this-summer_296002_102.html\" data-intl-links-es=\"https:\/\/www.fcbarcelonanoticias.com\/fc-barcelona\/motivos-por-cuales-mateu-alemany-abandono-barca-este-verano_296002_102.html\" href=\"https:\/\/www.fcbarcelonanoticias.com\/en\/fc-barcelona\/the-reasons-why-mateu-alemany-left-barca-this-summer_296002_102.html\" rel=\"follow\" target=\"_self\" title=\"Los motivos por los cuales Mateu Alemany abandon\u00f3 el Bar\u00e7a este verano\">entity that suffered a hard loss after his game<\/a>, but also by several external actors in the field of the international football. One of them, recently revealed, went Santi Ca\u00f1izares, exguardameta of Valencia CF and the Real Madrid, the one who had the opportunity of elogiar the work of Mateu Alemany in the Barcelona cast during an interview in &#8216;Irradiate Mark&#8217;, taking advantage of also to criticise to Deco. &#8220;<strong><a data-external=\"0\" data-intl-links-en=\"https:\/\/www.fcbarcelonanoticias.com\/en\/club\/xavi-deco-already-planning-next-season-fc-barcelona_302899_102.html\" data-intl-links-es=\"https:\/\/www.fcbarcelonanoticias.com\/club\/xavi-deco-ya-planifican-proxima-temporada-fc-barcelona_302899_102.html\" href=\"https:\/\/www.fcbarcelonanoticias.com\/en\/club\/xavi-deco-already-planning-next-season-fc-barcelona_302899_102.html\" rel=\"follow\" target=\"_self\" title=\"Xavi y Deco ya planifican la pr\u00f3xima temporada del Bar\u00e7a\">I desconf\u00edo of the project that can do Deco.<\/a> For me the Messi of the dispatches for the Bar\u00e7a was Mateu<\/strong>&#8220;, limited.<\/p>  <h2>Ca\u00f1izares Also commented the importance of the role of Xavi for the FC Barcelona<\/h2>  <p>Besides, the opinion of the exfutbolista did not detain there, since during this conversation also stood out the fundamental reason whereby the Catalan picture <a data-external=\"0\" data-intl-links-en=\"https:\/\/www.fcbarcelonanoticias.com\/en\/fc-barcelona\/doubts-about-laporta-xavi-seems-like-he-will-back-down-and-now-he-needs-the-president-approval_302898_102.html\" data-intl-links-es=\"https:\/\/www.fcbarcelonanoticias.com\/fc-barcelona\/dudas-laporta-xavi-parece-dara-marcha-atras-ahora-falta-visto-bueno-presidente_302898_102.html\" href=\"https:\/\/www.fcbarcelonanoticias.com\/en\/fc-barcelona\/doubts-about-laporta-xavi-seems-like-he-will-back-down-and-now-he-needs-the-president-approval_302898_102.html\" rel=\"follow\" target=\"_self\" title=\"\u00bfDudas de Laporta? Xavi parece que dar\u00e1 marcha atr\u00e1s y ahora le falta el visto bueno del presidente\">would have to try keep to Xavi Hern\u00e1ndez like trainer for the next season<\/a>. &#8220;<strong>Laporta Has in Xavi something fantastic, that is a shield in front of the failure because it is a legend of the Barcelona, respect him although it do not like you. The directive feels protected having to Xavi<\/strong>&#8220;, concluded Ca\u00f1izares.<\/p> ","protected":false},"excerpt":{"rendered":"<p>Santi Ca\u00f1izares, former Valencia CF and Real Madrid goalkeeper, had no qualms in praising the work of Mateu Alemany and Xavi Hern\u00e1ndez at FC Barcelona. However, he also hit out at Deco for his management in the sports management of the Bar\u00e7a club The name of Mateu Alemany, without any doubt, is synonymous of an [&hellip;]<\/p>\n","protected":false},"author":355,"featured_media":44110,"comment_status":"closed","ping_status":"open","sticky":false,"template":"","format":"standard","meta":{"_acf_changed":false,"inline_featured_image":false,"_nextfly_llmd_date_locked":false,"footnotes":""},"categories":[111],"tags":[335,329,48],"class_list":["post-44107","post","type-post","status-publish","format-standard","has-post-thumbnail","hentry","category-fc-barcelona","tag-deco","tag-mateu-alemany","tag-xavi-hernandez"],"acf":[],"yoast_head":"<!-- This site is optimized with the Yoast SEO plugin v27.3 - https:\/\/yoast.com\/product\/yoast-seo-wordpress\/ -->\n<title>A former Madrid player charges against Deco to defend Mateu Alemany<\/title>\n<meta name=\"description\" content=\"Santi Ca\u00f1izares, former Valencia CF and Real Madrid goalkeeper, had no qualms in praising the work of Mateu Alemany and Xavi Hern\u00e1ndez at FC Barcelona. However, he also hit out at Deco for his management in the sports management of the Bar\u00e7a club\" \/>\n<meta name=\"robots\" content=\"index, follow, max-snippet:-1, max-image-preview:large, max-video-preview:-1\" \/>\n<link rel=\"canonical\" href=\"https:\/\/www.fcbarcelonanoticias.com\/en\/international-football\/former-madrid-player-charges-against-deco-to-defend-mateu-alemany_302900_102.html\" \/>\n<meta property=\"og:locale\" content=\"en_US\" \/>\n<meta property=\"og:type\" content=\"article\" \/>\n<meta property=\"og:title\" content=\"A former Madrid player charges against Deco to defend Mateu Alemany\" \/>\n<meta property=\"og:description\" content=\"Santi Ca\u00f1izares, former Valencia CF and Real Madrid goalkeeper, had no qualms in praising the work of Mateu Alemany and Xavi Hern\u00e1ndez at FC Barcelona. However, he also hit out at Deco for his management in the sports management of the Bar\u00e7a club\" \/>\n<meta property=\"og:url\" content=\"https:\/\/www.fcbarcelonanoticias.com\/en\/international-football\/former-madrid-player-charges-against-deco-to-defend-mateu-alemany_302900_102.html\" \/>\n<meta property=\"og:site_name\" content=\"EN - FC Barcelona Noticias\" \/>\n<meta property=\"article:published_time\" content=\"2024-04-23T21:28:00+00:00\" \/>\n<meta property=\"article:modified_time\" content=\"2024-04-24T02:43:00+00:00\" \/>\n<meta property=\"og:image\" content=\"https:\/\/www.fcbarcelonanoticias.com\/en\/wp-content\/uploads\/sites\/2\/2024\/04\/deco-imagen-archivo-1.jpeg\" \/>\n\t<meta property=\"og:image:width\" content=\"1300\" \/>\n\t<meta property=\"og:image:height\" content=\"732\" \/>\n\t<meta property=\"og:image:type\" content=\"image\/jpeg\" \/>\n<meta name=\"author\" content=\"Kevin G\u00f3mez\" \/>\n<meta name=\"twitter:card\" content=\"summary_large_image\" \/>\n<meta name=\"twitter:label1\" content=\"Written by\" \/>\n\t<meta name=\"twitter:data1\" content=\"Kevin G\u00f3mez\" \/>\n\t<meta name=\"twitter:label2\" content=\"Est. reading time\" \/>\n\t<meta name=\"twitter:data2\" content=\"2 minutes\" \/>\n<script type=\"application\/ld+json\" class=\"yoast-schema-graph\">{\"@context\":\"https:\\\/\\\/schema.org\",\"@graph\":[{\"@type\":\"Article\",\"@id\":\"https:\\\/\\\/www.fcbarcelonanoticias.com\\\/en\\\/international-football\\\/former-madrid-player-charges-against-deco-to-defend-mateu-alemany_302900_102.html#article\",\"isPartOf\":{\"@id\":\"https:\\\/\\\/www.fcbarcelonanoticias.com\\\/en\\\/international-football\\\/former-madrid-player-charges-against-deco-to-defend-mateu-alemany_302900_102.html\"},\"author\":{\"name\":\"Kevin G\u00f3mez\",\"@id\":\"https:\\\/\\\/www.fcbarcelonanoticias.com\\\/en\\\/#\\\/schema\\\/person\\\/991443f134df9a64c6874f96ff984c9d\"},\"headline\":\"A former Madrid player charges against Deco to defend Mateu Alemany\",\"datePublished\":\"2024-04-23T21:28:00+00:00\",\"dateModified\":\"2024-04-24T02:43:00+00:00\",\"mainEntityOfPage\":{\"@id\":\"https:\\\/\\\/www.fcbarcelonanoticias.com\\\/en\\\/international-football\\\/former-madrid-player-charges-against-deco-to-defend-mateu-alemany_302900_102.html\"},\"wordCount\":451,\"image\":{\"@id\":\"https:\\\/\\\/www.fcbarcelonanoticias.com\\\/en\\\/international-football\\\/former-madrid-player-charges-against-deco-to-defend-mateu-alemany_302900_102.html#primaryimage\"},\"thumbnailUrl\":\"https:\\\/\\\/www.fcbarcelonanoticias.com\\\/en\\\/wp-content\\\/uploads\\\/sites\\\/2\\\/2024\\\/04\\\/deco-imagen-archivo-1.jpeg\",\"keywords\":[\"Deco\",\"Mateu Alemany\",\"Xavi Hern\u00e1ndez\"],\"articleSection\":[\"FC Barcelona\"],\"inLanguage\":\"en-US\"},{\"@type\":\"WebPage\",\"@id\":\"https:\\\/\\\/www.fcbarcelonanoticias.com\\\/en\\\/international-football\\\/former-madrid-player-charges-against-deco-to-defend-mateu-alemany_302900_102.html\",\"url\":\"https:\\\/\\\/www.fcbarcelonanoticias.com\\\/en\\\/international-football\\\/former-madrid-player-charges-against-deco-to-defend-mateu-alemany_302900_102.html\",\"name\":\"A former Madrid player charges against Deco to defend Mateu Alemany\",\"isPartOf\":{\"@id\":\"https:\\\/\\\/www.fcbarcelonanoticias.com\\\/en\\\/#website\"},\"primaryImageOfPage\":{\"@id\":\"https:\\\/\\\/www.fcbarcelonanoticias.com\\\/en\\\/international-football\\\/former-madrid-player-charges-against-deco-to-defend-mateu-alemany_302900_102.html#primaryimage\"},\"image\":{\"@id\":\"https:\\\/\\\/www.fcbarcelonanoticias.com\\\/en\\\/international-football\\\/former-madrid-player-charges-against-deco-to-defend-mateu-alemany_302900_102.html#primaryimage\"},\"thumbnailUrl\":\"https:\\\/\\\/www.fcbarcelonanoticias.com\\\/en\\\/wp-content\\\/uploads\\\/sites\\\/2\\\/2024\\\/04\\\/deco-imagen-archivo-1.jpeg\",\"datePublished\":\"2024-04-23T21:28:00+00:00\",\"dateModified\":\"2024-04-24T02:43:00+00:00\",\"author\":{\"@id\":\"https:\\\/\\\/www.fcbarcelonanoticias.com\\\/en\\\/#\\\/schema\\\/person\\\/991443f134df9a64c6874f96ff984c9d\"},\"description\":\"Santi Ca\u00f1izares, former Valencia CF and Real Madrid goalkeeper, had no qualms in praising the work of Mateu Alemany and Xavi Hern\u00e1ndez at FC Barcelona. However, he also hit out at Deco for his management in the sports management of the Bar\u00e7a club\",\"breadcrumb\":{\"@id\":\"https:\\\/\\\/www.fcbarcelonanoticias.com\\\/en\\\/international-football\\\/former-madrid-player-charges-against-deco-to-defend-mateu-alemany_302900_102.html#breadcrumb\"},\"inLanguage\":\"en-US\",\"potentialAction\":[{\"@type\":\"ReadAction\",\"target\":[\"https:\\\/\\\/www.fcbarcelonanoticias.com\\\/en\\\/international-football\\\/former-madrid-player-charges-against-deco-to-defend-mateu-alemany_302900_102.html\"]}]},{\"@type\":\"ImageObject\",\"inLanguage\":\"en-US\",\"@id\":\"https:\\\/\\\/www.fcbarcelonanoticias.com\\\/en\\\/international-football\\\/former-madrid-player-charges-against-deco-to-defend-mateu-alemany_302900_102.html#primaryimage\",\"url\":\"https:\\\/\\\/www.fcbarcelonanoticias.com\\\/en\\\/wp-content\\\/uploads\\\/sites\\\/2\\\/2024\\\/04\\\/deco-imagen-archivo-1.jpeg\",\"contentUrl\":\"https:\\\/\\\/www.fcbarcelonanoticias.com\\\/en\\\/wp-content\\\/uploads\\\/sites\\\/2\\\/2024\\\/04\\\/deco-imagen-archivo-1.jpeg\",\"width\":1300,\"height\":732},{\"@type\":\"BreadcrumbList\",\"@id\":\"https:\\\/\\\/www.fcbarcelonanoticias.com\\\/en\\\/international-football\\\/former-madrid-player-charges-against-deco-to-defend-mateu-alemany_302900_102.html#breadcrumb\",\"itemListElement\":[{\"@type\":\"ListItem\",\"position\":1,\"name\":\"Portada\",\"item\":\"https:\\\/\\\/www.fcbarcelonanoticias.com\\\/en\\\/\"},{\"@type\":\"ListItem\",\"position\":2,\"name\":\"A former Madrid player charges against Deco to defend Mateu Alemany\"}]},{\"@type\":\"WebSite\",\"@id\":\"https:\\\/\\\/www.fcbarcelonanoticias.com\\\/en\\\/#website\",\"url\":\"https:\\\/\\\/www.fcbarcelonanoticias.com\\\/en\\\/\",\"name\":\"EN - FC Barcelona Noticias\",\"description\":\"\",\"potentialAction\":[{\"@type\":\"SearchAction\",\"target\":{\"@type\":\"EntryPoint\",\"urlTemplate\":\"https:\\\/\\\/www.fcbarcelonanoticias.com\\\/en\\\/?s={search_term_string}\"},\"query-input\":{\"@type\":\"PropertyValueSpecification\",\"valueRequired\":true,\"valueName\":\"search_term_string\"}}],\"inLanguage\":\"en-US\"},{\"@type\":\"Person\",\"@id\":\"https:\\\/\\\/www.fcbarcelonanoticias.com\\\/en\\\/#\\\/schema\\\/person\\\/991443f134df9a64c6874f96ff984c9d\",\"name\":\"Kevin G\u00f3mez\",\"image\":{\"@type\":\"ImageObject\",\"inLanguage\":\"en-US\",\"@id\":\"https:\\\/\\\/secure.gravatar.com\\\/avatar\\\/?s=96&d=mm&r=g\",\"url\":\"https:\\\/\\\/secure.gravatar.com\\\/avatar\\\/?s=96&d=mm&r=g\",\"contentUrl\":\"https:\\\/\\\/secure.gravatar.com\\\/avatar\\\/?s=96&d=mm&r=g\",\"caption\":\"Kevin G\u00f3mez\"},\"description\":\"Licenciado\u00a0en Periodismo y Comunicaci\u00f3n Audiovisual. Redactor en FCBN responsable de cubrir toda\u00a0la informaci\u00f3n del FC Barcelona y las principales competiciones de\u00a0f\u00fatbol.\",\"url\":\"https:\\\/\\\/www.fcbarcelonanoticias.com\\\/en\\\/jugadores\\\/kevin-gomez_23_115.html\"}]}<\/script>\n<!-- \/ Yoast SEO plugin. -->","yoast_head_json":{"title":"A former Madrid player charges against Deco to defend Mateu Alemany","description":"Santi Ca\u00f1izares, former Valencia CF and Real Madrid goalkeeper, had no qualms in praising the work of Mateu Alemany and Xavi Hern\u00e1ndez at FC Barcelona. However, he also hit out at Deco for his management in the sports management of the Bar\u00e7a club","robots":{"index":"index","follow":"follow","max-snippet":"max-snippet:-1","max-image-preview":"max-image-preview:large","max-video-preview":"max-video-preview:-1"},"canonical":"https:\/\/www.fcbarcelonanoticias.com\/en\/international-football\/former-madrid-player-charges-against-deco-to-defend-mateu-alemany_302900_102.html","og_locale":"en_US","og_type":"article","og_title":"A former Madrid player charges against Deco to defend Mateu Alemany","og_description":"Santi Ca\u00f1izares, former Valencia CF and Real Madrid goalkeeper, had no qualms in praising the work of Mateu Alemany and Xavi Hern\u00e1ndez at FC Barcelona. However, he also hit out at Deco for his management in the sports management of the Bar\u00e7a club","og_url":"https:\/\/www.fcbarcelonanoticias.com\/en\/international-football\/former-madrid-player-charges-against-deco-to-defend-mateu-alemany_302900_102.html","og_site_name":"EN - FC Barcelona Noticias","article_published_time":"2024-04-23T21:28:00+00:00","article_modified_time":"2024-04-24T02:43:00+00:00","og_image":[{"width":1300,"height":732,"url":"https:\/\/www.fcbarcelonanoticias.com\/en\/wp-content\/uploads\/sites\/2\/2024\/04\/deco-imagen-archivo-1.jpeg","type":"image\/jpeg"}],"author":"Kevin G\u00f3mez","twitter_card":"summary_large_image","twitter_misc":{"Written by":"Kevin G\u00f3mez","Est. reading time":"2 minutes"},"schema":{"@context":"https:\/\/schema.org","@graph":[{"@type":"Article","@id":"https:\/\/www.fcbarcelonanoticias.com\/en\/international-football\/former-madrid-player-charges-against-deco-to-defend-mateu-alemany_302900_102.html#article","isPartOf":{"@id":"https:\/\/www.fcbarcelonanoticias.com\/en\/international-football\/former-madrid-player-charges-against-deco-to-defend-mateu-alemany_302900_102.html"},"author":{"name":"Kevin G\u00f3mez","@id":"https:\/\/www.fcbarcelonanoticias.com\/en\/#\/schema\/person\/991443f134df9a64c6874f96ff984c9d"},"headline":"A former Madrid player charges against Deco to defend Mateu Alemany","datePublished":"2024-04-23T21:28:00+00:00","dateModified":"2024-04-24T02:43:00+00:00","mainEntityOfPage":{"@id":"https:\/\/www.fcbarcelonanoticias.com\/en\/international-football\/former-madrid-player-charges-against-deco-to-defend-mateu-alemany_302900_102.html"},"wordCount":451,"image":{"@id":"https:\/\/www.fcbarcelonanoticias.com\/en\/international-football\/former-madrid-player-charges-against-deco-to-defend-mateu-alemany_302900_102.html#primaryimage"},"thumbnailUrl":"https:\/\/www.fcbarcelonanoticias.com\/en\/wp-content\/uploads\/sites\/2\/2024\/04\/deco-imagen-archivo-1.jpeg","keywords":["Deco","Mateu Alemany","Xavi Hern\u00e1ndez"],"articleSection":["FC Barcelona"],"inLanguage":"en-US"},{"@type":"WebPage","@id":"https:\/\/www.fcbarcelonanoticias.com\/en\/international-football\/former-madrid-player-charges-against-deco-to-defend-mateu-alemany_302900_102.html","url":"https:\/\/www.fcbarcelonanoticias.com\/en\/international-football\/former-madrid-player-charges-against-deco-to-defend-mateu-alemany_302900_102.html","name":"A former Madrid player charges against Deco to defend Mateu Alemany","isPartOf":{"@id":"https:\/\/www.fcbarcelonanoticias.com\/en\/#website"},"primaryImageOfPage":{"@id":"https:\/\/www.fcbarcelonanoticias.com\/en\/international-football\/former-madrid-player-charges-against-deco-to-defend-mateu-alemany_302900_102.html#primaryimage"},"image":{"@id":"https:\/\/www.fcbarcelonanoticias.com\/en\/international-football\/former-madrid-player-charges-against-deco-to-defend-mateu-alemany_302900_102.html#primaryimage"},"thumbnailUrl":"https:\/\/www.fcbarcelonanoticias.com\/en\/wp-content\/uploads\/sites\/2\/2024\/04\/deco-imagen-archivo-1.jpeg","datePublished":"2024-04-23T21:28:00+00:00","dateModified":"2024-04-24T02:43:00+00:00","author":{"@id":"https:\/\/www.fcbarcelonanoticias.com\/en\/#\/schema\/person\/991443f134df9a64c6874f96ff984c9d"},"description":"Santi Ca\u00f1izares, former Valencia CF and Real Madrid goalkeeper, had no qualms in praising the work of Mateu Alemany and Xavi Hern\u00e1ndez at FC Barcelona. However, he also hit out at Deco for his management in the sports management of the Bar\u00e7a club","breadcrumb":{"@id":"https:\/\/www.fcbarcelonanoticias.com\/en\/international-football\/former-madrid-player-charges-against-deco-to-defend-mateu-alemany_302900_102.html#breadcrumb"},"inLanguage":"en-US","potentialAction":[{"@type":"ReadAction","target":["https:\/\/www.fcbarcelonanoticias.com\/en\/international-football\/former-madrid-player-charges-against-deco-to-defend-mateu-alemany_302900_102.html"]}]},{"@type":"ImageObject","inLanguage":"en-US","@id":"https:\/\/www.fcbarcelonanoticias.com\/en\/international-football\/former-madrid-player-charges-against-deco-to-defend-mateu-alemany_302900_102.html#primaryimage","url":"https:\/\/www.fcbarcelonanoticias.com\/en\/wp-content\/uploads\/sites\/2\/2024\/04\/deco-imagen-archivo-1.jpeg","contentUrl":"https:\/\/www.fcbarcelonanoticias.com\/en\/wp-content\/uploads\/sites\/2\/2024\/04\/deco-imagen-archivo-1.jpeg","width":1300,"height":732},{"@type":"BreadcrumbList","@id":"https:\/\/www.fcbarcelonanoticias.com\/en\/international-football\/former-madrid-player-charges-against-deco-to-defend-mateu-alemany_302900_102.html#breadcrumb","itemListElement":[{"@type":"ListItem","position":1,"name":"Portada","item":"https:\/\/www.fcbarcelonanoticias.com\/en\/"},{"@type":"ListItem","position":2,"name":"A former Madrid player charges against Deco to defend Mateu Alemany"}]},{"@type":"WebSite","@id":"https:\/\/www.fcbarcelonanoticias.com\/en\/#website","url":"https:\/\/www.fcbarcelonanoticias.com\/en\/","name":"EN - FC Barcelona Noticias","description":"","potentialAction":[{"@type":"SearchAction","target":{"@type":"EntryPoint","urlTemplate":"https:\/\/www.fcbarcelonanoticias.com\/en\/?s={search_term_string}"},"query-input":{"@type":"PropertyValueSpecification","valueRequired":true,"valueName":"search_term_string"}}],"inLanguage":"en-US"},{"@type":"Person","@id":"https:\/\/www.fcbarcelonanoticias.com\/en\/#\/schema\/person\/991443f134df9a64c6874f96ff984c9d","name":"Kevin G\u00f3mez","image":{"@type":"ImageObject","inLanguage":"en-US","@id":"https:\/\/secure.gravatar.com\/avatar\/?s=96&d=mm&r=g","url":"https:\/\/secure.gravatar.com\/avatar\/?s=96&d=mm&r=g","contentUrl":"https:\/\/secure.gravatar.com\/avatar\/?s=96&d=mm&r=g","caption":"Kevin G\u00f3mez"},"description":"Licenciado\u00a0en Periodismo y Comunicaci\u00f3n Audiovisual. Redactor en FCBN responsable de cubrir toda\u00a0la informaci\u00f3n del FC Barcelona y las principales competiciones de\u00a0f\u00fatbol.","url":"https:\/\/www.fcbarcelonanoticias.com\/en\/jugadores\/kevin-gomez_23_115.html"}]}},"_links":{"self":[{"href":"https:\/\/www.fcbarcelonanoticias.com\/en\/wp-json\/wp\/v2\/posts\/44107","targetHints":{"allow":["GET"]}}],"collection":[{"href":"https:\/\/www.fcbarcelonanoticias.com\/en\/wp-json\/wp\/v2\/posts"}],"about":[{"href":"https:\/\/www.fcbarcelonanoticias.com\/en\/wp-json\/wp\/v2\/types\/post"}],"author":[{"embeddable":true,"href":"https:\/\/www.fcbarcelonanoticias.com\/en\/wp-json\/wp\/v2\/users\/355"}],"replies":[{"embeddable":true,"href":"https:\/\/www.fcbarcelonanoticias.com\/en\/wp-json\/wp\/v2\/comments?post=44107"}],"version-history":[{"count":1,"href":"https:\/\/www.fcbarcelonanoticias.com\/en\/wp-json\/wp\/v2\/posts\/44107\/revisions"}],"predecessor-version":[{"id":44108,"href":"https:\/\/www.fcbarcelonanoticias.com\/en\/wp-json\/wp\/v2\/posts\/44107\/revisions\/44108"}],"wp:featuredmedia":[{"embeddable":true,"href":"https:\/\/www.fcbarcelonanoticias.com\/en\/wp-json\/wp\/v2\/media\/44110"}],"wp:attachment":[{"href":"https:\/\/www.fcbarcelonanoticias.com\/en\/wp-json\/wp\/v2\/media?parent=44107"}],"wp:term":[{"taxonomy":"category","embeddable":true,"href":"https:\/\/www.fcbarcelonanoticias.com\/en\/wp-json\/wp\/v2\/categories?post=44107"},{"taxonomy":"post_tag","embeddable":true,"href":"https:\/\/www.fcbarcelonanoticias.com\/en\/wp-json\/wp\/v2\/tags?post=44107"}],"curies":[{"name":"wp","href":"https:\/\/api.w.org\/{rel}","templated":true}]}}