{"id":44355,"date":"2022-05-29T17:55:00","date_gmt":"2022-05-29T15:55:00","guid":{"rendered":"https:\/\/weisetech.dev\/fc-barcelona-noticias\/en\/henry-requests-ballon-gold-benzema-sends-dart-salah_280744_102\/"},"modified":"2022-05-29T17:56:00","modified_gmt":"2022-05-29T15:56:00","slug":"henry-requests-ballon-gold-benzema-sends-dart-salah_280744_102","status":"publish","type":"post","link":"https:\/\/www.fcbarcelonanoticias.com\/en\/international-football\/henry-requests-ballon-gold-benzema-sends-dart-salah_280744_102.html","title":{"rendered":"Henry asks for the Ballon d&#8217;Or for Benzema and sends a &#8216;dart&#8217; to Salah"},"content":{"rendered":"<h2 class=\"wp-block-heading\">After Madrid&#8217;s triumph in the Champions League, all the spotlights have been on Karim Benzema, who is confirmed as the favorite to win the Ballon d&#8217;Or. This has been echoed by Thierry Henry, who has requested the award for his compatriot<\/h2>  \r\n<div class=\"article-addons\">\r\n    <a href=\"https:\/\/www.fcbarcelonanoticias.com\/en\/calendar-fc-barcelona.html\"\r\n       target=\"_self\"\r\n       title=\"Calendar of FC Barcelona\"\r\n       class=\"blue-gredient-btn\">\r\n       \r\n        Calendar of FC Barcelona    <\/a>\r\n<\/div>   <p>The <a data-external=\"0\" data-intl-links-en=\"https:\/\/www.fcbarcelonanoticias.com\/en\/real-madrid\" data-intl-links-es=\"https:\/\/www.fcbarcelonanoticias.com\/real-madrid\" href=\"https:\/\/www.fcbarcelonanoticias.com\/en\/football-soccer\/real-madrid.html\" rel=\"follow\" target=\"_self\" title=\"Real Madrid\">Real Madrid<\/a> lived a night dreamed in Paris when defeating to the <a data-external=\"0\" data-intl-links-en=\"https:\/\/www.fcbarcelonanoticias.com\/en\/tags\/liverpool\" data-intl-links-es=\"https:\/\/www.fcbarcelonanoticias.com\/tags\/liverpool\" href=\"https:\/\/www.fcbarcelonanoticias.com\/en\/tags\/liverpool.html\" rel=\"follow\" target=\"_self\" title=\"Liverpool\">Liverpool<\/a> by 0-1 and consecrate like the champions of the Champions League, the fourteenth in the history of the white institution. Of this way, the merengues put him &#8216;full stop&#8217; to a season dreamed, in which in addition to raising the &#8216;Orejona&#8217;, did with his League number 35. In both competitions <strong>the big figure of the White House was the French forward, Karim Benzema<\/strong>, the one who commissioned to put the team to his back to carry them to the highest.<\/p>  <p>In this sense, the historical player Frenchman, Thierry Henry, did not doubt in undoing in praises to his compatriot. In spite of that Thibaut Courtois was the main manager of the triumph of the whites in front of the &#8216;reds&#8217;, the influence of Benzema in the team along the tournament and the season in general is indisputable. On this did echo the ex footballer of the FC Barcelona in the transmission of the final in &#8216;CBS&#8217; where acted like commentator, since when finishing the meeting exclaimed that &#8220;<strong>it only wanted to say something for France Football or the one who was voting. Close the votes, the Balloon of Gold has won it Benzema. Goodbye!<\/strong>&#8220;.<\/p>  <p>The &#8216;cat&#8217; culminated his best campaign like madridista. The forward was the &#8216;star&#8217; of the square, being determinant split if and party no. The group directed by Carlo Ancelotti was much better when the was in the terrain of game and noticed considerably his absences, as it happened in the 0-4 in front of the Barcelona. The ex of the Lyon closed the course <strong>contesting 46 meetings, in which it annotated 44 goals and delivered 15 assistances<\/strong>, putting in the &#8216;pole position&#8217; to do with the Balloon of Gold.<\/p>  <h3>Hard message to Salah<\/h3>  <p>Likewise, Henry took advantage of the moment to send him a &#8216;dart&#8217; to Salah. The Egyptian forward commissioned of &#8216;light&#8217; the previous of the final in front of the merengues, ensuring that it looked for &#8220;revenge&#8221; after the triumph of the whites in the 2018. &#8220;<strong>I prefer to the Real Madrid<\/strong>. We lost in the final against them, so I want to play and win them&#8221; and &#8220;Is a mission of revenge? Yes. We lost in the final of the Champions of 2018 and went a sad day for all we. <strong>It is time to the revenge<\/strong>&#8221; were some of the words of &#8216;Mo&#8217; in the previous days to the party, being considered like a &#8216;provocador&#8217; by diverse figures of the football.<\/p>  <p>In this regard it pronounced Henry when finalising the party, being very critical with his colleague and reproaching him his attitude in the previous of the most important crash of the year. Thierry, that knows what is to lose a final after having been won by the Bar\u00e7a in the 2006, ensured that &#8220;always I say it. You do not speak never before of a final. It wins to the Real Madrid and afterwards speeches and say &#8220;Has been a revenge&#8221; and all this. <strong>When speeches before a final, it is necessary to win it<\/strong>&#8220;. Definitely, a &#8216;ghost&#8217; that will pursue to Salah by long.<\/p> ","protected":false},"excerpt":{"rendered":"<p>After Madrid&#8217;s triumph in the Champions League, all the spotlights have been on Karim Benzema, who is confirmed as the favorite to win the Ballon d&#8217;Or. This has been echoed by Thierry Henry, who has requested the award for his compatriot The Real Madrid lived a night dreamed in Paris when defeating to the Liverpool [&hellip;]<\/p>\n","protected":false},"author":358,"featured_media":44356,"comment_status":"closed","ping_status":"open","sticky":false,"template":"","format":"standard","meta":{"_acf_changed":false,"inline_featured_image":false,"_nextfly_llmd_date_locked":false,"footnotes":""},"categories":[119,450],"tags":[101,150],"class_list":["post-44355","post","type-post","status-publish","format-standard","has-post-thumbnail","hentry","category-real-madrid","category-real-madrid-2","tag-liverpool","tag-salah"],"acf":[],"yoast_head":"<!-- This site is optimized with the Yoast SEO plugin v27.3 - https:\/\/yoast.com\/product\/yoast-seo-wordpress\/ -->\n<title>Henry asks for the Ballon d&#039;Or for Benzema and sends a &#039;dart&#039; to Salah<\/title>\n<meta name=\"description\" content=\"After the triumph of the Madrid in the Champions League all the focuses have gone on Karim Benzema, the one who confirms like favourite to win the Balloon of Gold. Of it is...\" \/>\n<meta name=\"robots\" content=\"index, follow, max-snippet:-1, max-image-preview:large, max-video-preview:-1\" \/>\n<link rel=\"canonical\" href=\"https:\/\/www.fcbarcelonanoticias.com\/en\/international-football\/henry-requests-ballon-gold-benzema-sends-dart-salah_280744_102.html\" \/>\n<meta property=\"og:locale\" content=\"en_US\" \/>\n<meta property=\"og:type\" content=\"article\" \/>\n<meta property=\"og:title\" content=\"Henry asks for the Ballon d&#039;Or for Benzema and sends a &#039;dart&#039; to Salah\" \/>\n<meta property=\"og:description\" content=\"After the triumph of the Madrid in the Champions League all the focuses have gone on Karim Benzema, the one who confirms like favourite to win the Balloon of Gold. Of it is...\" \/>\n<meta property=\"og:url\" content=\"https:\/\/www.fcbarcelonanoticias.com\/en\/international-football\/henry-requests-ballon-gold-benzema-sends-dart-salah_280744_102.html\" \/>\n<meta property=\"og:site_name\" content=\"EN - FC Barcelona Noticias\" \/>\n<meta property=\"article:published_time\" content=\"2022-05-29T15:55:00+00:00\" \/>\n<meta property=\"article:modified_time\" content=\"2022-05-29T15:56:00+00:00\" \/>\n<meta property=\"og:image\" content=\"https:\/\/www.fcbarcelonanoticias.com\/en\/wp-content\/uploads\/sites\/2\/2022\/05\/karim-bnezema-y-thierry-henry-sonriendo.jpeg\" \/>\n\t<meta property=\"og:image:width\" content=\"1300\" \/>\n\t<meta property=\"og:image:height\" content=\"732\" \/>\n\t<meta property=\"og:image:type\" content=\"image\/jpeg\" \/>\n<meta name=\"author\" content=\"Juan Pablo Berdugo\" \/>\n<meta name=\"twitter:card\" content=\"summary_large_image\" \/>\n<meta name=\"twitter:label1\" content=\"Written by\" \/>\n\t<meta name=\"twitter:data1\" content=\"Juan Pablo Berdugo\" \/>\n\t<meta name=\"twitter:label2\" content=\"Est. reading time\" \/>\n\t<meta name=\"twitter:data2\" content=\"3 minutes\" \/>\n<script type=\"application\/ld+json\" class=\"yoast-schema-graph\">{\"@context\":\"https:\\\/\\\/schema.org\",\"@graph\":[{\"@type\":\"Article\",\"@id\":\"https:\\\/\\\/www.fcbarcelonanoticias.com\\\/en\\\/international-football\\\/henry-requests-ballon-gold-benzema-sends-dart-salah_280744_102.html#article\",\"isPartOf\":{\"@id\":\"https:\\\/\\\/www.fcbarcelonanoticias.com\\\/en\\\/international-football\\\/henry-requests-ballon-gold-benzema-sends-dart-salah_280744_102.html\"},\"author\":{\"name\":\"Juan Pablo Berdugo\",\"@id\":\"https:\\\/\\\/www.fcbarcelonanoticias.com\\\/en\\\/#\\\/schema\\\/person\\\/88d756918a0a1ae9fa593b5edddd1815\"},\"headline\":\"Henry asks for the Ballon d&#8217;Or for Benzema and sends a &#8216;dart&#8217; to Salah\",\"datePublished\":\"2022-05-29T15:55:00+00:00\",\"dateModified\":\"2022-05-29T15:56:00+00:00\",\"mainEntityOfPage\":{\"@id\":\"https:\\\/\\\/www.fcbarcelonanoticias.com\\\/en\\\/international-football\\\/henry-requests-ballon-gold-benzema-sends-dart-salah_280744_102.html\"},\"wordCount\":580,\"image\":{\"@id\":\"https:\\\/\\\/www.fcbarcelonanoticias.com\\\/en\\\/international-football\\\/henry-requests-ballon-gold-benzema-sends-dart-salah_280744_102.html#primaryimage\"},\"thumbnailUrl\":\"https:\\\/\\\/www.fcbarcelonanoticias.com\\\/en\\\/wp-content\\\/uploads\\\/sites\\\/2\\\/2022\\\/05\\\/karim-bnezema-y-thierry-henry-sonriendo.jpeg\",\"keywords\":[\"Liverpool\",\"Salah\"],\"articleSection\":[\"Real Madrid\",\"Real Madrid\"],\"inLanguage\":\"en-US\"},{\"@type\":\"WebPage\",\"@id\":\"https:\\\/\\\/www.fcbarcelonanoticias.com\\\/en\\\/international-football\\\/henry-requests-ballon-gold-benzema-sends-dart-salah_280744_102.html\",\"url\":\"https:\\\/\\\/www.fcbarcelonanoticias.com\\\/en\\\/international-football\\\/henry-requests-ballon-gold-benzema-sends-dart-salah_280744_102.html\",\"name\":\"Henry asks for the Ballon d'Or for Benzema and sends a 'dart' to Salah\",\"isPartOf\":{\"@id\":\"https:\\\/\\\/www.fcbarcelonanoticias.com\\\/en\\\/#website\"},\"primaryImageOfPage\":{\"@id\":\"https:\\\/\\\/www.fcbarcelonanoticias.com\\\/en\\\/international-football\\\/henry-requests-ballon-gold-benzema-sends-dart-salah_280744_102.html#primaryimage\"},\"image\":{\"@id\":\"https:\\\/\\\/www.fcbarcelonanoticias.com\\\/en\\\/international-football\\\/henry-requests-ballon-gold-benzema-sends-dart-salah_280744_102.html#primaryimage\"},\"thumbnailUrl\":\"https:\\\/\\\/www.fcbarcelonanoticias.com\\\/en\\\/wp-content\\\/uploads\\\/sites\\\/2\\\/2022\\\/05\\\/karim-bnezema-y-thierry-henry-sonriendo.jpeg\",\"datePublished\":\"2022-05-29T15:55:00+00:00\",\"dateModified\":\"2022-05-29T15:56:00+00:00\",\"author\":{\"@id\":\"https:\\\/\\\/www.fcbarcelonanoticias.com\\\/en\\\/#\\\/schema\\\/person\\\/88d756918a0a1ae9fa593b5edddd1815\"},\"description\":\"After the triumph of the Madrid in the Champions League all the focuses have gone on Karim Benzema, the one who confirms like favourite to win the Balloon of Gold. Of it is...\",\"breadcrumb\":{\"@id\":\"https:\\\/\\\/www.fcbarcelonanoticias.com\\\/en\\\/international-football\\\/henry-requests-ballon-gold-benzema-sends-dart-salah_280744_102.html#breadcrumb\"},\"inLanguage\":\"en-US\",\"potentialAction\":[{\"@type\":\"ReadAction\",\"target\":[\"https:\\\/\\\/www.fcbarcelonanoticias.com\\\/en\\\/international-football\\\/henry-requests-ballon-gold-benzema-sends-dart-salah_280744_102.html\"]}]},{\"@type\":\"ImageObject\",\"inLanguage\":\"en-US\",\"@id\":\"https:\\\/\\\/www.fcbarcelonanoticias.com\\\/en\\\/international-football\\\/henry-requests-ballon-gold-benzema-sends-dart-salah_280744_102.html#primaryimage\",\"url\":\"https:\\\/\\\/www.fcbarcelonanoticias.com\\\/en\\\/wp-content\\\/uploads\\\/sites\\\/2\\\/2022\\\/05\\\/karim-bnezema-y-thierry-henry-sonriendo.jpeg\",\"contentUrl\":\"https:\\\/\\\/www.fcbarcelonanoticias.com\\\/en\\\/wp-content\\\/uploads\\\/sites\\\/2\\\/2022\\\/05\\\/karim-bnezema-y-thierry-henry-sonriendo.jpeg\",\"width\":1300,\"height\":732},{\"@type\":\"BreadcrumbList\",\"@id\":\"https:\\\/\\\/www.fcbarcelonanoticias.com\\\/en\\\/international-football\\\/henry-requests-ballon-gold-benzema-sends-dart-salah_280744_102.html#breadcrumb\",\"itemListElement\":[{\"@type\":\"ListItem\",\"position\":1,\"name\":\"Portada\",\"item\":\"https:\\\/\\\/www.fcbarcelonanoticias.com\\\/en\\\/\"},{\"@type\":\"ListItem\",\"position\":2,\"name\":\"Henry asks for the Ballon d&#8217;Or for Benzema and sends a &#8216;dart&#8217; to Salah\"}]},{\"@type\":\"WebSite\",\"@id\":\"https:\\\/\\\/www.fcbarcelonanoticias.com\\\/en\\\/#website\",\"url\":\"https:\\\/\\\/www.fcbarcelonanoticias.com\\\/en\\\/\",\"name\":\"EN - FC Barcelona Noticias\",\"description\":\"\",\"potentialAction\":[{\"@type\":\"SearchAction\",\"target\":{\"@type\":\"EntryPoint\",\"urlTemplate\":\"https:\\\/\\\/www.fcbarcelonanoticias.com\\\/en\\\/?s={search_term_string}\"},\"query-input\":{\"@type\":\"PropertyValueSpecification\",\"valueRequired\":true,\"valueName\":\"search_term_string\"}}],\"inLanguage\":\"en-US\"},{\"@type\":\"Person\",\"@id\":\"https:\\\/\\\/www.fcbarcelonanoticias.com\\\/en\\\/#\\\/schema\\\/person\\\/88d756918a0a1ae9fa593b5edddd1815\",\"name\":\"Juan Pablo Berdugo\",\"image\":{\"@type\":\"ImageObject\",\"inLanguage\":\"en-US\",\"@id\":\"https:\\\/\\\/secure.gravatar.com\\\/avatar\\\/?s=96&d=mm&r=g\",\"url\":\"https:\\\/\\\/secure.gravatar.com\\\/avatar\\\/?s=96&d=mm&r=g\",\"contentUrl\":\"https:\\\/\\\/secure.gravatar.com\\\/avatar\\\/?s=96&d=mm&r=g\",\"caption\":\"Juan Pablo Berdugo\"},\"description\":\"Juan Pablo Berdugo es graduado en Periodismo. Colabora con FCBN como especialista en informaci\u00f3n del primer equipo del FC Barcelona, f\u00fatbol internacional y mercado de fichajes. Destaca por su enfoque anal\u00edtico, su rigor informativo y su capacidad para detectar tendencias emergentes en el f\u00fatbol global.\",\"url\":\"https:\\\/\\\/www.fcbarcelonanoticias.com\\\/en\\\/fc-barcelona\\\/juan-pablo-berdugo_18_115.html\"}]}<\/script>\n<!-- \/ Yoast SEO plugin. -->","yoast_head_json":{"title":"Henry asks for the Ballon d'Or for Benzema and sends a 'dart' to Salah","description":"After the triumph of the Madrid in the Champions League all the focuses have gone on Karim Benzema, the one who confirms like favourite to win the Balloon of Gold. Of it is...","robots":{"index":"index","follow":"follow","max-snippet":"max-snippet:-1","max-image-preview":"max-image-preview:large","max-video-preview":"max-video-preview:-1"},"canonical":"https:\/\/www.fcbarcelonanoticias.com\/en\/international-football\/henry-requests-ballon-gold-benzema-sends-dart-salah_280744_102.html","og_locale":"en_US","og_type":"article","og_title":"Henry asks for the Ballon d'Or for Benzema and sends a 'dart' to Salah","og_description":"After the triumph of the Madrid in the Champions League all the focuses have gone on Karim Benzema, the one who confirms like favourite to win the Balloon of Gold. Of it is...","og_url":"https:\/\/www.fcbarcelonanoticias.com\/en\/international-football\/henry-requests-ballon-gold-benzema-sends-dart-salah_280744_102.html","og_site_name":"EN - FC Barcelona Noticias","article_published_time":"2022-05-29T15:55:00+00:00","article_modified_time":"2022-05-29T15:56:00+00:00","og_image":[{"width":1300,"height":732,"url":"https:\/\/www.fcbarcelonanoticias.com\/en\/wp-content\/uploads\/sites\/2\/2022\/05\/karim-bnezema-y-thierry-henry-sonriendo.jpeg","type":"image\/jpeg"}],"author":"Juan Pablo Berdugo","twitter_card":"summary_large_image","twitter_misc":{"Written by":"Juan Pablo Berdugo","Est. reading time":"3 minutes"},"schema":{"@context":"https:\/\/schema.org","@graph":[{"@type":"Article","@id":"https:\/\/www.fcbarcelonanoticias.com\/en\/international-football\/henry-requests-ballon-gold-benzema-sends-dart-salah_280744_102.html#article","isPartOf":{"@id":"https:\/\/www.fcbarcelonanoticias.com\/en\/international-football\/henry-requests-ballon-gold-benzema-sends-dart-salah_280744_102.html"},"author":{"name":"Juan Pablo Berdugo","@id":"https:\/\/www.fcbarcelonanoticias.com\/en\/#\/schema\/person\/88d756918a0a1ae9fa593b5edddd1815"},"headline":"Henry asks for the Ballon d&#8217;Or for Benzema and sends a &#8216;dart&#8217; to Salah","datePublished":"2022-05-29T15:55:00+00:00","dateModified":"2022-05-29T15:56:00+00:00","mainEntityOfPage":{"@id":"https:\/\/www.fcbarcelonanoticias.com\/en\/international-football\/henry-requests-ballon-gold-benzema-sends-dart-salah_280744_102.html"},"wordCount":580,"image":{"@id":"https:\/\/www.fcbarcelonanoticias.com\/en\/international-football\/henry-requests-ballon-gold-benzema-sends-dart-salah_280744_102.html#primaryimage"},"thumbnailUrl":"https:\/\/www.fcbarcelonanoticias.com\/en\/wp-content\/uploads\/sites\/2\/2022\/05\/karim-bnezema-y-thierry-henry-sonriendo.jpeg","keywords":["Liverpool","Salah"],"articleSection":["Real Madrid","Real Madrid"],"inLanguage":"en-US"},{"@type":"WebPage","@id":"https:\/\/www.fcbarcelonanoticias.com\/en\/international-football\/henry-requests-ballon-gold-benzema-sends-dart-salah_280744_102.html","url":"https:\/\/www.fcbarcelonanoticias.com\/en\/international-football\/henry-requests-ballon-gold-benzema-sends-dart-salah_280744_102.html","name":"Henry asks for the Ballon d'Or for Benzema and sends a 'dart' to Salah","isPartOf":{"@id":"https:\/\/www.fcbarcelonanoticias.com\/en\/#website"},"primaryImageOfPage":{"@id":"https:\/\/www.fcbarcelonanoticias.com\/en\/international-football\/henry-requests-ballon-gold-benzema-sends-dart-salah_280744_102.html#primaryimage"},"image":{"@id":"https:\/\/www.fcbarcelonanoticias.com\/en\/international-football\/henry-requests-ballon-gold-benzema-sends-dart-salah_280744_102.html#primaryimage"},"thumbnailUrl":"https:\/\/www.fcbarcelonanoticias.com\/en\/wp-content\/uploads\/sites\/2\/2022\/05\/karim-bnezema-y-thierry-henry-sonriendo.jpeg","datePublished":"2022-05-29T15:55:00+00:00","dateModified":"2022-05-29T15:56:00+00:00","author":{"@id":"https:\/\/www.fcbarcelonanoticias.com\/en\/#\/schema\/person\/88d756918a0a1ae9fa593b5edddd1815"},"description":"After the triumph of the Madrid in the Champions League all the focuses have gone on Karim Benzema, the one who confirms like favourite to win the Balloon of Gold. Of it is...","breadcrumb":{"@id":"https:\/\/www.fcbarcelonanoticias.com\/en\/international-football\/henry-requests-ballon-gold-benzema-sends-dart-salah_280744_102.html#breadcrumb"},"inLanguage":"en-US","potentialAction":[{"@type":"ReadAction","target":["https:\/\/www.fcbarcelonanoticias.com\/en\/international-football\/henry-requests-ballon-gold-benzema-sends-dart-salah_280744_102.html"]}]},{"@type":"ImageObject","inLanguage":"en-US","@id":"https:\/\/www.fcbarcelonanoticias.com\/en\/international-football\/henry-requests-ballon-gold-benzema-sends-dart-salah_280744_102.html#primaryimage","url":"https:\/\/www.fcbarcelonanoticias.com\/en\/wp-content\/uploads\/sites\/2\/2022\/05\/karim-bnezema-y-thierry-henry-sonriendo.jpeg","contentUrl":"https:\/\/www.fcbarcelonanoticias.com\/en\/wp-content\/uploads\/sites\/2\/2022\/05\/karim-bnezema-y-thierry-henry-sonriendo.jpeg","width":1300,"height":732},{"@type":"BreadcrumbList","@id":"https:\/\/www.fcbarcelonanoticias.com\/en\/international-football\/henry-requests-ballon-gold-benzema-sends-dart-salah_280744_102.html#breadcrumb","itemListElement":[{"@type":"ListItem","position":1,"name":"Portada","item":"https:\/\/www.fcbarcelonanoticias.com\/en\/"},{"@type":"ListItem","position":2,"name":"Henry asks for the Ballon d&#8217;Or for Benzema and sends a &#8216;dart&#8217; to Salah"}]},{"@type":"WebSite","@id":"https:\/\/www.fcbarcelonanoticias.com\/en\/#website","url":"https:\/\/www.fcbarcelonanoticias.com\/en\/","name":"EN - FC Barcelona Noticias","description":"","potentialAction":[{"@type":"SearchAction","target":{"@type":"EntryPoint","urlTemplate":"https:\/\/www.fcbarcelonanoticias.com\/en\/?s={search_term_string}"},"query-input":{"@type":"PropertyValueSpecification","valueRequired":true,"valueName":"search_term_string"}}],"inLanguage":"en-US"},{"@type":"Person","@id":"https:\/\/www.fcbarcelonanoticias.com\/en\/#\/schema\/person\/88d756918a0a1ae9fa593b5edddd1815","name":"Juan Pablo Berdugo","image":{"@type":"ImageObject","inLanguage":"en-US","@id":"https:\/\/secure.gravatar.com\/avatar\/?s=96&d=mm&r=g","url":"https:\/\/secure.gravatar.com\/avatar\/?s=96&d=mm&r=g","contentUrl":"https:\/\/secure.gravatar.com\/avatar\/?s=96&d=mm&r=g","caption":"Juan Pablo Berdugo"},"description":"Juan Pablo Berdugo es graduado en Periodismo. Colabora con FCBN como especialista en informaci\u00f3n del primer equipo del FC Barcelona, f\u00fatbol internacional y mercado de fichajes. Destaca por su enfoque anal\u00edtico, su rigor informativo y su capacidad para detectar tendencias emergentes en el f\u00fatbol global.","url":"https:\/\/www.fcbarcelonanoticias.com\/en\/fc-barcelona\/juan-pablo-berdugo_18_115.html"}]}},"_links":{"self":[{"href":"https:\/\/www.fcbarcelonanoticias.com\/en\/wp-json\/wp\/v2\/posts\/44355","targetHints":{"allow":["GET"]}}],"collection":[{"href":"https:\/\/www.fcbarcelonanoticias.com\/en\/wp-json\/wp\/v2\/posts"}],"about":[{"href":"https:\/\/www.fcbarcelonanoticias.com\/en\/wp-json\/wp\/v2\/types\/post"}],"author":[{"embeddable":true,"href":"https:\/\/www.fcbarcelonanoticias.com\/en\/wp-json\/wp\/v2\/users\/358"}],"replies":[{"embeddable":true,"href":"https:\/\/www.fcbarcelonanoticias.com\/en\/wp-json\/wp\/v2\/comments?post=44355"}],"version-history":[{"count":1,"href":"https:\/\/www.fcbarcelonanoticias.com\/en\/wp-json\/wp\/v2\/posts\/44355\/revisions"}],"predecessor-version":[{"id":114862,"href":"https:\/\/www.fcbarcelonanoticias.com\/en\/wp-json\/wp\/v2\/posts\/44355\/revisions\/114862"}],"wp:featuredmedia":[{"embeddable":true,"href":"https:\/\/www.fcbarcelonanoticias.com\/en\/wp-json\/wp\/v2\/media\/44356"}],"wp:attachment":[{"href":"https:\/\/www.fcbarcelonanoticias.com\/en\/wp-json\/wp\/v2\/media?parent=44355"}],"wp:term":[{"taxonomy":"category","embeddable":true,"href":"https:\/\/www.fcbarcelonanoticias.com\/en\/wp-json\/wp\/v2\/categories?post=44355"},{"taxonomy":"post_tag","embeddable":true,"href":"https:\/\/www.fcbarcelonanoticias.com\/en\/wp-json\/wp\/v2\/tags?post=44355"}],"curies":[{"name":"wp","href":"https:\/\/api.w.org\/{rel}","templated":true}]}}