{"id":44394,"date":"2020-11-26T10:06:00","date_gmt":"2020-11-26T09:06:00","guid":{"rendered":"https:\/\/weisetech.dev\/fc-barcelona-noticias\/en\/heartfelt-memory-pele-maradona-will-play-again-heaven-diego_262654_102\/"},"modified":"2020-11-26T10:06:00","modified_gmt":"2020-11-26T09:06:00","slug":"heartfelt-memory-pele-maradona-will-play-again-heaven-diego_262654_102","status":"publish","type":"post","link":"https:\/\/www.fcbarcelonanoticias.com\/en\/international-football\/heartfelt-memory-pele-maradona-will-play-again-heaven-diego_262654_102.html","title":{"rendered":"The heartfelt memory of Pel\u00e9 to Maradona: &#8220;We will play in heaven again, Diego&#8221;"},"content":{"rendered":"<h2 class=\"wp-block-heading\">Pel\u00e9, legend of Santos and the Brazilian team, remembered his friend Diego Armando Maradona with a heartfelt message on Twitter. The Brazilian and the Argentine always had a great relationship<\/h2>  \r\n<div class=\"article-addons\">\r\n    <a href=\"https:\/\/www.fcbarcelonanoticias.com\/en\/calendar-fc-barcelona.html\"\r\n       target=\"_self\"\r\n       title=\"Calendar of FC Barcelona\"\r\n       class=\"blue-gredient-btn\">\r\n       \r\n        Calendar of FC Barcelona    <\/a>\r\n<\/div>   <p><strong>The news of the demise of <a data-external=\"0\" data-intl-links-en=\"https:\/\/www.fcbarcelonanoticias.com\/en\/tags\/diego-armando-maradona\" data-intl-links-es=\"https:\/\/www.fcbarcelonanoticias.com\/tags\/diego-armando-maradona\" href=\"https:\/\/www.fcbarcelonanoticias.com\/en\/tags\/diego-armando-maradona.html\" rel=\"follow\" target=\"_self\" title=\"Diego Armando Maradona\">Diego Armando Maradona<\/a> has <a data-external=\"0\" data-intl-links-en=\"https:\/\/www.fcbarcelonanoticias.com\/en\/fc-barcelona\/the-sport-cries-the-reactions-of-the-biggest-after-the-death-of-maradona_262639_102.html\" data-intl-links-es=\"https:\/\/www.fcbarcelonanoticias.com\/fc-barcelona\/el-deporte-llora-reacciones-mas-grandes-muerte-maradona_262639_102.html\" href=\"https:\/\/www.fcbarcelonanoticias.com\/en\/fc-barcelona\/the-sport-cries-the-reactions-of-the-biggest-after-the-death-of-maradona_262639_102.html\" rel=\"follow\" target=\"_self\" title=\"\u00a1El deporte llora! Las reacciones de los m\u00e1s grandes tras la muerte de Maradona\">left to the world of the football and of the very touched sport<\/a>\u200b<\/strong>. The Argentinian always will be considered one of the greater figures of the history of the deport king and in his country is for a lot of the greater idol of always. The fans cry his death, but also do it the footballers, the ex players and a lot of people that shared moments with him along his life.<\/p>  <p>One of these people is Edson Arantes do Nascimento, more known as I Peeled. <strong>The ex Brazilian forward is, as &#8216;The Lint&#8217;, a legend and one of the best players of the history<\/strong>. With the Brazilian selection raised three World-wide, in 1958, 1962 and 1970, and keeps on being the maximum goleador with an alone club, in his case the Saints, of the history of this sport.<\/p>  <p>The one of Tr\u00eas Cora\u00e7\u00f5is carried a lot of years having a very healthy rivalry with Maradona between the fans of one and another player for arguing which was better. But between both ex players there was very good relation and shared a lot of together moments out of the terrains of game. By all this, <strong>Peeled has felt a lot his demise and has wanted to express his pain <\/strong>in social networks.<\/p>  <p>In his account of Twitter, the legendary forward of Brazil recognised to feel very sad by the death of his fellow and commanded him a beautiful message. &#8220;What sad news. I lost to a big fellow and the world lost a legend. Still it remains a lot for saying, but for now, that God of strengths to the members of the family. <strong>Some day patearemos together a ball in the Sky, Diego<\/strong>&#8220;, wrote.<\/p>  <h3>I peeled and Maradona, two legends and friends<\/h3>  <p>It is curious like two of the best players of always, in spite of the difference of age, have had always the big relation that have had the Brazilian and the Argentinian. In fact, <strong>the remembered &#8217;10&#8217; of the combined albiceleste interviewed to the ex of the Saints in television<\/strong> in a moment that all the fans to the football always will remember. Two legends and two friends that, as it says Peeled, perhaps some day pateen together a ball in the sky.<\/p> ","protected":false},"excerpt":{"rendered":"<p>Pel\u00e9, legend of Santos and the Brazilian team, remembered his friend Diego Armando Maradona with a heartfelt message on Twitter. The Brazilian and the Argentine always had a great relationship The news of the demise of Diego Armando Maradona has left to the world of the football and of the very touched sport\u200b. The Argentinian [&hellip;]<\/p>\n","protected":false},"author":380,"featured_media":44397,"comment_status":"closed","ping_status":"open","sticky":false,"template":"","format":"standard","meta":{"_acf_changed":false,"inline_featured_image":false,"_nextfly_llmd_date_locked":false,"footnotes":""},"categories":[107,453],"tags":[43],"class_list":["post-44394","post","type-post","status-publish","format-standard","has-post-thumbnail","hentry","category-players","category-players-2","tag-diego-armando-maradona"],"acf":[],"yoast_head":"<!-- This site is optimized with the Yoast SEO plugin v27.3 - https:\/\/yoast.com\/product\/yoast-seo-wordpress\/ -->\n<title>The heartfelt memory of Pel\u00e9 to Maradona: &quot;We will play in heaven again, Diego&quot;<\/title>\n<meta name=\"description\" content=\"I peeled, legend of the Saints and of the selection of Brazil, remembered to his fellow Diego Armando Maradona with a felt message in Twitter. The Brazilian and the argentin...\" \/>\n<meta name=\"robots\" content=\"index, follow, max-snippet:-1, max-image-preview:large, max-video-preview:-1\" \/>\n<link rel=\"canonical\" href=\"https:\/\/www.fcbarcelonanoticias.com\/en\/international-football\/heartfelt-memory-pele-maradona-will-play-again-heaven-diego_262654_102.html\" \/>\n<meta property=\"og:locale\" content=\"en_US\" \/>\n<meta property=\"og:type\" content=\"article\" \/>\n<meta property=\"og:title\" content=\"The heartfelt memory of Pel\u00e9 to Maradona: &quot;We will play in heaven again, Diego&quot;\" \/>\n<meta property=\"og:description\" content=\"I peeled, legend of the Saints and of the selection of Brazil, remembered to his fellow Diego Armando Maradona with a felt message in Twitter. The Brazilian and the argentin...\" \/>\n<meta property=\"og:url\" content=\"https:\/\/www.fcbarcelonanoticias.com\/en\/international-football\/heartfelt-memory-pele-maradona-will-play-again-heaven-diego_262654_102.html\" \/>\n<meta property=\"og:site_name\" content=\"EN - FC Barcelona Noticias\" \/>\n<meta property=\"article:published_time\" content=\"2020-11-26T09:06:00+00:00\" \/>\n<meta property=\"og:image\" content=\"https:\/\/www.fcbarcelonanoticias.com\/en\/wp-content\/uploads\/sites\/2\/2020\/11\/maradona-pele-recuerdo-1.jpeg\" \/>\n\t<meta property=\"og:image:width\" content=\"1300\" \/>\n\t<meta property=\"og:image:height\" content=\"741\" \/>\n\t<meta property=\"og:image:type\" content=\"image\/jpeg\" \/>\n<meta name=\"author\" content=\"user_4036\" \/>\n<meta name=\"twitter:card\" content=\"summary_large_image\" \/>\n<meta name=\"twitter:label1\" content=\"Written by\" \/>\n\t<meta name=\"twitter:data1\" content=\"user_4036\" \/>\n\t<meta name=\"twitter:label2\" content=\"Est. reading time\" \/>\n\t<meta name=\"twitter:data2\" content=\"2 minutes\" \/>\n<script type=\"application\/ld+json\" class=\"yoast-schema-graph\">{\"@context\":\"https:\\\/\\\/schema.org\",\"@graph\":[{\"@type\":\"Article\",\"@id\":\"https:\\\/\\\/www.fcbarcelonanoticias.com\\\/en\\\/international-football\\\/heartfelt-memory-pele-maradona-will-play-again-heaven-diego_262654_102.html#article\",\"isPartOf\":{\"@id\":\"https:\\\/\\\/www.fcbarcelonanoticias.com\\\/en\\\/international-football\\\/heartfelt-memory-pele-maradona-will-play-again-heaven-diego_262654_102.html\"},\"author\":{\"name\":\"user_4036\",\"@id\":\"https:\\\/\\\/www.fcbarcelonanoticias.com\\\/en\\\/#\\\/schema\\\/person\\\/2c11766f24f3c56715694e077889a703\"},\"headline\":\"The heartfelt memory of Pel\u00e9 to Maradona: &#8220;We will play in heaven again, Diego&#8221;\",\"datePublished\":\"2020-11-26T09:06:00+00:00\",\"mainEntityOfPage\":{\"@id\":\"https:\\\/\\\/www.fcbarcelonanoticias.com\\\/en\\\/international-football\\\/heartfelt-memory-pele-maradona-will-play-again-heaven-diego_262654_102.html\"},\"wordCount\":428,\"image\":{\"@id\":\"https:\\\/\\\/www.fcbarcelonanoticias.com\\\/en\\\/international-football\\\/heartfelt-memory-pele-maradona-will-play-again-heaven-diego_262654_102.html#primaryimage\"},\"thumbnailUrl\":\"https:\\\/\\\/www.fcbarcelonanoticias.com\\\/en\\\/wp-content\\\/uploads\\\/sites\\\/2\\\/2020\\\/11\\\/maradona-pele-recuerdo-1.jpeg\",\"keywords\":[\"Diego Armando Maradona\"],\"articleSection\":[\"Players\",\"Players\"],\"inLanguage\":\"en-US\"},{\"@type\":\"WebPage\",\"@id\":\"https:\\\/\\\/www.fcbarcelonanoticias.com\\\/en\\\/international-football\\\/heartfelt-memory-pele-maradona-will-play-again-heaven-diego_262654_102.html\",\"url\":\"https:\\\/\\\/www.fcbarcelonanoticias.com\\\/en\\\/international-football\\\/heartfelt-memory-pele-maradona-will-play-again-heaven-diego_262654_102.html\",\"name\":\"The heartfelt memory of Pel\u00e9 to Maradona: \\\"We will play in heaven again, Diego\\\"\",\"isPartOf\":{\"@id\":\"https:\\\/\\\/www.fcbarcelonanoticias.com\\\/en\\\/#website\"},\"primaryImageOfPage\":{\"@id\":\"https:\\\/\\\/www.fcbarcelonanoticias.com\\\/en\\\/international-football\\\/heartfelt-memory-pele-maradona-will-play-again-heaven-diego_262654_102.html#primaryimage\"},\"image\":{\"@id\":\"https:\\\/\\\/www.fcbarcelonanoticias.com\\\/en\\\/international-football\\\/heartfelt-memory-pele-maradona-will-play-again-heaven-diego_262654_102.html#primaryimage\"},\"thumbnailUrl\":\"https:\\\/\\\/www.fcbarcelonanoticias.com\\\/en\\\/wp-content\\\/uploads\\\/sites\\\/2\\\/2020\\\/11\\\/maradona-pele-recuerdo-1.jpeg\",\"datePublished\":\"2020-11-26T09:06:00+00:00\",\"author\":{\"@id\":\"https:\\\/\\\/www.fcbarcelonanoticias.com\\\/en\\\/#\\\/schema\\\/person\\\/2c11766f24f3c56715694e077889a703\"},\"description\":\"I peeled, legend of the Saints and of the selection of Brazil, remembered to his fellow Diego Armando Maradona with a felt message in Twitter. The Brazilian and the argentin...\",\"breadcrumb\":{\"@id\":\"https:\\\/\\\/www.fcbarcelonanoticias.com\\\/en\\\/international-football\\\/heartfelt-memory-pele-maradona-will-play-again-heaven-diego_262654_102.html#breadcrumb\"},\"inLanguage\":\"en-US\",\"potentialAction\":[{\"@type\":\"ReadAction\",\"target\":[\"https:\\\/\\\/www.fcbarcelonanoticias.com\\\/en\\\/international-football\\\/heartfelt-memory-pele-maradona-will-play-again-heaven-diego_262654_102.html\"]}]},{\"@type\":\"ImageObject\",\"inLanguage\":\"en-US\",\"@id\":\"https:\\\/\\\/www.fcbarcelonanoticias.com\\\/en\\\/international-football\\\/heartfelt-memory-pele-maradona-will-play-again-heaven-diego_262654_102.html#primaryimage\",\"url\":\"https:\\\/\\\/www.fcbarcelonanoticias.com\\\/en\\\/wp-content\\\/uploads\\\/sites\\\/2\\\/2020\\\/11\\\/maradona-pele-recuerdo-1.jpeg\",\"contentUrl\":\"https:\\\/\\\/www.fcbarcelonanoticias.com\\\/en\\\/wp-content\\\/uploads\\\/sites\\\/2\\\/2020\\\/11\\\/maradona-pele-recuerdo-1.jpeg\",\"width\":1300,\"height\":741},{\"@type\":\"BreadcrumbList\",\"@id\":\"https:\\\/\\\/www.fcbarcelonanoticias.com\\\/en\\\/international-football\\\/heartfelt-memory-pele-maradona-will-play-again-heaven-diego_262654_102.html#breadcrumb\",\"itemListElement\":[{\"@type\":\"ListItem\",\"position\":1,\"name\":\"Portada\",\"item\":\"https:\\\/\\\/www.fcbarcelonanoticias.com\\\/en\\\/\"},{\"@type\":\"ListItem\",\"position\":2,\"name\":\"The heartfelt memory of Pel\u00e9 to Maradona: &#8220;We will play in heaven again, Diego&#8221;\"}]},{\"@type\":\"WebSite\",\"@id\":\"https:\\\/\\\/www.fcbarcelonanoticias.com\\\/en\\\/#website\",\"url\":\"https:\\\/\\\/www.fcbarcelonanoticias.com\\\/en\\\/\",\"name\":\"EN - FC Barcelona Noticias\",\"description\":\"\",\"potentialAction\":[{\"@type\":\"SearchAction\",\"target\":{\"@type\":\"EntryPoint\",\"urlTemplate\":\"https:\\\/\\\/www.fcbarcelonanoticias.com\\\/en\\\/?s={search_term_string}\"},\"query-input\":{\"@type\":\"PropertyValueSpecification\",\"valueRequired\":true,\"valueName\":\"search_term_string\"}}],\"inLanguage\":\"en-US\"},{\"@type\":\"Person\",\"@id\":\"https:\\\/\\\/www.fcbarcelonanoticias.com\\\/en\\\/#\\\/schema\\\/person\\\/2c11766f24f3c56715694e077889a703\",\"name\":\"user_4036\",\"image\":{\"@type\":\"ImageObject\",\"inLanguage\":\"en-US\",\"@id\":\"https:\\\/\\\/secure.gravatar.com\\\/avatar\\\/?s=96&d=mm&r=g\",\"url\":\"https:\\\/\\\/secure.gravatar.com\\\/avatar\\\/?s=96&d=mm&r=g\",\"contentUrl\":\"https:\\\/\\\/secure.gravatar.com\\\/avatar\\\/?s=96&d=mm&r=g\",\"caption\":\"user_4036\"},\"url\":\"https:\\\/\\\/www.fcbarcelonanoticias.com\\\/en\\\/user_4036.html\"}]}<\/script>\n<!-- \/ Yoast SEO plugin. -->","yoast_head_json":{"title":"The heartfelt memory of Pel\u00e9 to Maradona: \"We will play in heaven again, Diego\"","description":"I peeled, legend of the Saints and of the selection of Brazil, remembered to his fellow Diego Armando Maradona with a felt message in Twitter. The Brazilian and the argentin...","robots":{"index":"index","follow":"follow","max-snippet":"max-snippet:-1","max-image-preview":"max-image-preview:large","max-video-preview":"max-video-preview:-1"},"canonical":"https:\/\/www.fcbarcelonanoticias.com\/en\/international-football\/heartfelt-memory-pele-maradona-will-play-again-heaven-diego_262654_102.html","og_locale":"en_US","og_type":"article","og_title":"The heartfelt memory of Pel\u00e9 to Maradona: \"We will play in heaven again, Diego\"","og_description":"I peeled, legend of the Saints and of the selection of Brazil, remembered to his fellow Diego Armando Maradona with a felt message in Twitter. The Brazilian and the argentin...","og_url":"https:\/\/www.fcbarcelonanoticias.com\/en\/international-football\/heartfelt-memory-pele-maradona-will-play-again-heaven-diego_262654_102.html","og_site_name":"EN - FC Barcelona Noticias","article_published_time":"2020-11-26T09:06:00+00:00","og_image":[{"width":1300,"height":741,"url":"https:\/\/www.fcbarcelonanoticias.com\/en\/wp-content\/uploads\/sites\/2\/2020\/11\/maradona-pele-recuerdo-1.jpeg","type":"image\/jpeg"}],"author":"user_4036","twitter_card":"summary_large_image","twitter_misc":{"Written by":"user_4036","Est. reading time":"2 minutes"},"schema":{"@context":"https:\/\/schema.org","@graph":[{"@type":"Article","@id":"https:\/\/www.fcbarcelonanoticias.com\/en\/international-football\/heartfelt-memory-pele-maradona-will-play-again-heaven-diego_262654_102.html#article","isPartOf":{"@id":"https:\/\/www.fcbarcelonanoticias.com\/en\/international-football\/heartfelt-memory-pele-maradona-will-play-again-heaven-diego_262654_102.html"},"author":{"name":"user_4036","@id":"https:\/\/www.fcbarcelonanoticias.com\/en\/#\/schema\/person\/2c11766f24f3c56715694e077889a703"},"headline":"The heartfelt memory of Pel\u00e9 to Maradona: &#8220;We will play in heaven again, Diego&#8221;","datePublished":"2020-11-26T09:06:00+00:00","mainEntityOfPage":{"@id":"https:\/\/www.fcbarcelonanoticias.com\/en\/international-football\/heartfelt-memory-pele-maradona-will-play-again-heaven-diego_262654_102.html"},"wordCount":428,"image":{"@id":"https:\/\/www.fcbarcelonanoticias.com\/en\/international-football\/heartfelt-memory-pele-maradona-will-play-again-heaven-diego_262654_102.html#primaryimage"},"thumbnailUrl":"https:\/\/www.fcbarcelonanoticias.com\/en\/wp-content\/uploads\/sites\/2\/2020\/11\/maradona-pele-recuerdo-1.jpeg","keywords":["Diego Armando Maradona"],"articleSection":["Players","Players"],"inLanguage":"en-US"},{"@type":"WebPage","@id":"https:\/\/www.fcbarcelonanoticias.com\/en\/international-football\/heartfelt-memory-pele-maradona-will-play-again-heaven-diego_262654_102.html","url":"https:\/\/www.fcbarcelonanoticias.com\/en\/international-football\/heartfelt-memory-pele-maradona-will-play-again-heaven-diego_262654_102.html","name":"The heartfelt memory of Pel\u00e9 to Maradona: \"We will play in heaven again, Diego\"","isPartOf":{"@id":"https:\/\/www.fcbarcelonanoticias.com\/en\/#website"},"primaryImageOfPage":{"@id":"https:\/\/www.fcbarcelonanoticias.com\/en\/international-football\/heartfelt-memory-pele-maradona-will-play-again-heaven-diego_262654_102.html#primaryimage"},"image":{"@id":"https:\/\/www.fcbarcelonanoticias.com\/en\/international-football\/heartfelt-memory-pele-maradona-will-play-again-heaven-diego_262654_102.html#primaryimage"},"thumbnailUrl":"https:\/\/www.fcbarcelonanoticias.com\/en\/wp-content\/uploads\/sites\/2\/2020\/11\/maradona-pele-recuerdo-1.jpeg","datePublished":"2020-11-26T09:06:00+00:00","author":{"@id":"https:\/\/www.fcbarcelonanoticias.com\/en\/#\/schema\/person\/2c11766f24f3c56715694e077889a703"},"description":"I peeled, legend of the Saints and of the selection of Brazil, remembered to his fellow Diego Armando Maradona with a felt message in Twitter. The Brazilian and the argentin...","breadcrumb":{"@id":"https:\/\/www.fcbarcelonanoticias.com\/en\/international-football\/heartfelt-memory-pele-maradona-will-play-again-heaven-diego_262654_102.html#breadcrumb"},"inLanguage":"en-US","potentialAction":[{"@type":"ReadAction","target":["https:\/\/www.fcbarcelonanoticias.com\/en\/international-football\/heartfelt-memory-pele-maradona-will-play-again-heaven-diego_262654_102.html"]}]},{"@type":"ImageObject","inLanguage":"en-US","@id":"https:\/\/www.fcbarcelonanoticias.com\/en\/international-football\/heartfelt-memory-pele-maradona-will-play-again-heaven-diego_262654_102.html#primaryimage","url":"https:\/\/www.fcbarcelonanoticias.com\/en\/wp-content\/uploads\/sites\/2\/2020\/11\/maradona-pele-recuerdo-1.jpeg","contentUrl":"https:\/\/www.fcbarcelonanoticias.com\/en\/wp-content\/uploads\/sites\/2\/2020\/11\/maradona-pele-recuerdo-1.jpeg","width":1300,"height":741},{"@type":"BreadcrumbList","@id":"https:\/\/www.fcbarcelonanoticias.com\/en\/international-football\/heartfelt-memory-pele-maradona-will-play-again-heaven-diego_262654_102.html#breadcrumb","itemListElement":[{"@type":"ListItem","position":1,"name":"Portada","item":"https:\/\/www.fcbarcelonanoticias.com\/en\/"},{"@type":"ListItem","position":2,"name":"The heartfelt memory of Pel\u00e9 to Maradona: &#8220;We will play in heaven again, Diego&#8221;"}]},{"@type":"WebSite","@id":"https:\/\/www.fcbarcelonanoticias.com\/en\/#website","url":"https:\/\/www.fcbarcelonanoticias.com\/en\/","name":"EN - FC Barcelona Noticias","description":"","potentialAction":[{"@type":"SearchAction","target":{"@type":"EntryPoint","urlTemplate":"https:\/\/www.fcbarcelonanoticias.com\/en\/?s={search_term_string}"},"query-input":{"@type":"PropertyValueSpecification","valueRequired":true,"valueName":"search_term_string"}}],"inLanguage":"en-US"},{"@type":"Person","@id":"https:\/\/www.fcbarcelonanoticias.com\/en\/#\/schema\/person\/2c11766f24f3c56715694e077889a703","name":"user_4036","image":{"@type":"ImageObject","inLanguage":"en-US","@id":"https:\/\/secure.gravatar.com\/avatar\/?s=96&d=mm&r=g","url":"https:\/\/secure.gravatar.com\/avatar\/?s=96&d=mm&r=g","contentUrl":"https:\/\/secure.gravatar.com\/avatar\/?s=96&d=mm&r=g","caption":"user_4036"},"url":"https:\/\/www.fcbarcelonanoticias.com\/en\/user_4036.html"}]}},"_links":{"self":[{"href":"https:\/\/www.fcbarcelonanoticias.com\/en\/wp-json\/wp\/v2\/posts\/44394","targetHints":{"allow":["GET"]}}],"collection":[{"href":"https:\/\/www.fcbarcelonanoticias.com\/en\/wp-json\/wp\/v2\/posts"}],"about":[{"href":"https:\/\/www.fcbarcelonanoticias.com\/en\/wp-json\/wp\/v2\/types\/post"}],"author":[{"embeddable":true,"href":"https:\/\/www.fcbarcelonanoticias.com\/en\/wp-json\/wp\/v2\/users\/380"}],"replies":[{"embeddable":true,"href":"https:\/\/www.fcbarcelonanoticias.com\/en\/wp-json\/wp\/v2\/comments?post=44394"}],"version-history":[{"count":1,"href":"https:\/\/www.fcbarcelonanoticias.com\/en\/wp-json\/wp\/v2\/posts\/44394\/revisions"}],"predecessor-version":[{"id":114917,"href":"https:\/\/www.fcbarcelonanoticias.com\/en\/wp-json\/wp\/v2\/posts\/44394\/revisions\/114917"}],"wp:featuredmedia":[{"embeddable":true,"href":"https:\/\/www.fcbarcelonanoticias.com\/en\/wp-json\/wp\/v2\/media\/44397"}],"wp:attachment":[{"href":"https:\/\/www.fcbarcelonanoticias.com\/en\/wp-json\/wp\/v2\/media?parent=44394"}],"wp:term":[{"taxonomy":"category","embeddable":true,"href":"https:\/\/www.fcbarcelonanoticias.com\/en\/wp-json\/wp\/v2\/categories?post=44394"},{"taxonomy":"post_tag","embeddable":true,"href":"https:\/\/www.fcbarcelonanoticias.com\/en\/wp-json\/wp\/v2\/tags?post=44394"}],"curies":[{"name":"wp","href":"https:\/\/api.w.org\/{rel}","templated":true}]}}