{"id":4444,"date":"2024-11-27T05:04:00","date_gmt":"2024-11-27T04:04:00","guid":{"rendered":"https:\/\/weisetech.dev\/fc-barcelona-noticias\/en\/florian-wirtz-display-in-bayer-leverkusen-5-0-win_308900_102\/"},"modified":"2024-11-27T05:28:00","modified_gmt":"2024-11-27T04:28:00","slug":"florian-wirtz-display-in-bayer-leverkusen-5-0-win_308900_102","status":"publish","type":"post","link":"https:\/\/www.fcbarcelonanoticias.com\/en\/champions-league\/florian-wirtz-display-in-bayer-leverkusen-5-0-win_308900_102.html","title":{"rendered":"Florian Wirtz&#8217;s display in Bayer Leverkusen&#8217;s 5-0 win"},"content":{"rendered":"<h2 class=\"wp-block-heading\">Florian Wirtz was the star of Leverkusen&#8217;s rout of RB Salzburg. The German scored a brace and was named the &#8216;MVP&#8217; of the match<\/h2>  \r\n<div class=\"article-addons\">\r\n    <a href=\"https:\/\/www.fcbarcelonanoticias.com\/en\/calendar-fc-barcelona.html\"\r\n       target=\"_self\"\r\n       title=\"Calendar of FC Barcelona\"\r\n       class=\"blue-gredient-btn\">\r\n       \r\n        Calendar of FC Barcelona    <\/a>\r\n<\/div>   <p><strong>Florian Wirtz<\/strong> put on another great performance in the <strong>Champions League<\/strong>. After suffering a brutal 4-0 defeat by <strong>Liverpool <\/strong>in the previous matchday, the aspirins returned to winning ways with a crushing 5-0 victory over <strong>RB Salzburg<\/strong> at the BayArena, with the 21-year-old midfielder being the star of the match by scoring a double and taking home the &#8216;MVP&#8217; of the match.<\/p>  <p>The German star was in charge of opening the scoring in the match, sending a very controversial penalty into the back of the Austrian team&#8217;s net that the <strong>VAR <\/strong>declared for handball despite the fact that the ball hit the defender&#8217;s knee before hitting his arm.<\/p>  <div class=\"article-video-wrapper\" data-ck-asset-wrapper=\"\"> <div class=\"article-video\"> <div><\/div> <\/div> <\/div>  <h3>Wirtz, Leverkusen&#8217;s Champions League &#8216;MVP&#8217;<\/h3>  <p>However, <strong>Wirtz&#8217;s <\/strong>particular show had only just begun and around the half-hour mark of the match, the footballer received the ball on the edge of the area, faced a couple of defenders and, after a series of dribbles only within reach of a &#8216;crack&#8217; of his category, scored his second goal of the night and began to seal the victory for <strong>Xabi Alonso<\/strong>&#8216;s team.<\/p>  <p>His great performance earned him the title of &#8216;MVP&#8217; of the match, receiving the award for the fourth time in this <strong>Champions League<\/strong>. A tournament in which he has already accumulated five goals and an assist in just five games played and which establishes him as one of the best in the world in his position, further &#8216;igniting&#8217; the bidding for his signing, <a data-external=\"0\" data-intl-links-en=\"https:\/\/www.fcbarcelonanoticias.com\/en\/transfers\/bayern-munich-gain-ground-in-signing-real-madrid-dream-target_308741_102.html\" data-intl-links-es=\"https:\/\/www.fcbarcelonanoticias.com\/fichajes\/bayern-munich-gana-terreno-en-fichaje-objetivo-sonado-real-madrid_308741_102.html\" href=\"https:\/\/www.fcbarcelonanoticias.com\/en\/transfers\/bayern-munich-gain-ground-in-signing-real-madrid-dream-target_308741_102.html\" rel=\"follow\" target=\"_self\" title=\"Bayern Munich gain ground in signing Real Madrid's 'dream' target\">in which teams such as FC Barcelona, \u200b\u200bReal Madrid and Bayern Munich are fighting to incorporate him into their ranks<\/a>.<\/p> ","protected":false},"excerpt":{"rendered":"<p>Florian Wirtz was the star of Leverkusen&#8217;s rout of RB Salzburg. The German scored a brace and was named the &#8216;MVP&#8217; of the match Florian Wirtz put on another great performance in the Champions League. After suffering a brutal 4-0 defeat by Liverpool in the previous matchday, the aspirins returned to winning ways with a [&hellip;]<\/p>\n","protected":false},"author":358,"featured_media":4445,"comment_status":"closed","ping_status":"open","sticky":false,"template":"","format":"standard","meta":{"_acf_changed":false,"inline_featured_image":false,"_nextfly_llmd_date_locked":false,"footnotes":""},"categories":[447,112],"tags":[283],"class_list":["post-4444","post","type-post","status-publish","format-standard","has-post-thumbnail","hentry","category-champions-league-2","category-champions-league","tag-florian-wirtz"],"acf":[],"yoast_head":"<!-- This site is optimized with the Yoast SEO plugin v27.3 - https:\/\/yoast.com\/product\/yoast-seo-wordpress\/ -->\n<title>Florian Wirtz&#039;s display in Bayer Leverkusen&#039;s 5-0 win<\/title>\n<meta name=\"description\" content=\"Florian Wirtz was the star of Leverkusen&#039;s rout of RB Salzburg. The German scored a brace and was named the &#039;MVP&#039; of the match\" \/>\n<meta name=\"robots\" content=\"index, follow, max-snippet:-1, max-image-preview:large, max-video-preview:-1\" \/>\n<link rel=\"canonical\" href=\"https:\/\/www.fcbarcelonanoticias.com\/en\/champions-league\/florian-wirtz-display-in-bayer-leverkusen-5-0-win_308900_102.html\" \/>\n<meta property=\"og:locale\" content=\"en_US\" \/>\n<meta property=\"og:type\" content=\"article\" \/>\n<meta property=\"og:title\" content=\"Florian Wirtz&#039;s display in Bayer Leverkusen&#039;s 5-0 win\" \/>\n<meta property=\"og:description\" content=\"Florian Wirtz was the star of Leverkusen&#039;s rout of RB Salzburg. The German scored a brace and was named the &#039;MVP&#039; of the match\" \/>\n<meta property=\"og:url\" content=\"https:\/\/www.fcbarcelonanoticias.com\/en\/champions-league\/florian-wirtz-display-in-bayer-leverkusen-5-0-win_308900_102.html\" \/>\n<meta property=\"og:site_name\" content=\"EN - FC Barcelona Noticias\" \/>\n<meta property=\"article:published_time\" content=\"2024-11-27T04:04:00+00:00\" \/>\n<meta property=\"article:modified_time\" content=\"2024-11-27T04:28:00+00:00\" \/>\n<meta property=\"og:image\" content=\"https:\/\/www.fcbarcelonanoticias.com\/en\/wp-content\/uploads\/sites\/2\/2024\/11\/bayer-04-leverkusen-v-fc-salzburg-uefa-champions-league-2024-25-league-phase-md5-1.jpeg\" \/>\n\t<meta property=\"og:image:width\" content=\"1200\" \/>\n\t<meta property=\"og:image:height\" content=\"675\" \/>\n\t<meta property=\"og:image:type\" content=\"image\/jpeg\" \/>\n<meta name=\"author\" content=\"Juan Pablo Berdugo\" \/>\n<meta name=\"twitter:card\" content=\"summary_large_image\" \/>\n<meta name=\"twitter:label1\" content=\"Written by\" \/>\n\t<meta name=\"twitter:data1\" content=\"Juan Pablo Berdugo\" \/>\n\t<meta name=\"twitter:label2\" content=\"Est. reading time\" \/>\n\t<meta name=\"twitter:data2\" content=\"1 minute\" \/>\n<script type=\"application\/ld+json\" class=\"yoast-schema-graph\">{\"@context\":\"https:\\\/\\\/schema.org\",\"@graph\":[{\"@type\":\"Article\",\"@id\":\"https:\\\/\\\/www.fcbarcelonanoticias.com\\\/en\\\/champions-league\\\/florian-wirtz-display-in-bayer-leverkusen-5-0-win_308900_102.html#article\",\"isPartOf\":{\"@id\":\"https:\\\/\\\/www.fcbarcelonanoticias.com\\\/en\\\/champions-league\\\/florian-wirtz-display-in-bayer-leverkusen-5-0-win_308900_102.html\"},\"author\":{\"name\":\"Juan Pablo Berdugo\",\"@id\":\"https:\\\/\\\/www.fcbarcelonanoticias.com\\\/en\\\/#\\\/schema\\\/person\\\/88d756918a0a1ae9fa593b5edddd1815\"},\"headline\":\"Florian Wirtz&#8217;s display in Bayer Leverkusen&#8217;s 5-0 win\",\"datePublished\":\"2024-11-27T04:04:00+00:00\",\"dateModified\":\"2024-11-27T04:28:00+00:00\",\"mainEntityOfPage\":{\"@id\":\"https:\\\/\\\/www.fcbarcelonanoticias.com\\\/en\\\/champions-league\\\/florian-wirtz-display-in-bayer-leverkusen-5-0-win_308900_102.html\"},\"wordCount\":300,\"image\":{\"@id\":\"https:\\\/\\\/www.fcbarcelonanoticias.com\\\/en\\\/champions-league\\\/florian-wirtz-display-in-bayer-leverkusen-5-0-win_308900_102.html#primaryimage\"},\"thumbnailUrl\":\"https:\\\/\\\/www.fcbarcelonanoticias.com\\\/en\\\/wp-content\\\/uploads\\\/sites\\\/2\\\/2024\\\/11\\\/bayer-04-leverkusen-v-fc-salzburg-uefa-champions-league-2024-25-league-phase-md5-1.jpeg\",\"keywords\":[\"Florian Wirtz\"],\"articleSection\":[\"Champions League\",\"Champions League\"],\"inLanguage\":\"en-US\"},{\"@type\":\"WebPage\",\"@id\":\"https:\\\/\\\/www.fcbarcelonanoticias.com\\\/en\\\/champions-league\\\/florian-wirtz-display-in-bayer-leverkusen-5-0-win_308900_102.html\",\"url\":\"https:\\\/\\\/www.fcbarcelonanoticias.com\\\/en\\\/champions-league\\\/florian-wirtz-display-in-bayer-leverkusen-5-0-win_308900_102.html\",\"name\":\"Florian Wirtz's display in Bayer Leverkusen's 5-0 win\",\"isPartOf\":{\"@id\":\"https:\\\/\\\/www.fcbarcelonanoticias.com\\\/en\\\/#website\"},\"primaryImageOfPage\":{\"@id\":\"https:\\\/\\\/www.fcbarcelonanoticias.com\\\/en\\\/champions-league\\\/florian-wirtz-display-in-bayer-leverkusen-5-0-win_308900_102.html#primaryimage\"},\"image\":{\"@id\":\"https:\\\/\\\/www.fcbarcelonanoticias.com\\\/en\\\/champions-league\\\/florian-wirtz-display-in-bayer-leverkusen-5-0-win_308900_102.html#primaryimage\"},\"thumbnailUrl\":\"https:\\\/\\\/www.fcbarcelonanoticias.com\\\/en\\\/wp-content\\\/uploads\\\/sites\\\/2\\\/2024\\\/11\\\/bayer-04-leverkusen-v-fc-salzburg-uefa-champions-league-2024-25-league-phase-md5-1.jpeg\",\"datePublished\":\"2024-11-27T04:04:00+00:00\",\"dateModified\":\"2024-11-27T04:28:00+00:00\",\"author\":{\"@id\":\"https:\\\/\\\/www.fcbarcelonanoticias.com\\\/en\\\/#\\\/schema\\\/person\\\/88d756918a0a1ae9fa593b5edddd1815\"},\"description\":\"Florian Wirtz was the star of Leverkusen's rout of RB Salzburg. The German scored a brace and was named the 'MVP' of the match\",\"breadcrumb\":{\"@id\":\"https:\\\/\\\/www.fcbarcelonanoticias.com\\\/en\\\/champions-league\\\/florian-wirtz-display-in-bayer-leverkusen-5-0-win_308900_102.html#breadcrumb\"},\"inLanguage\":\"en-US\",\"potentialAction\":[{\"@type\":\"ReadAction\",\"target\":[\"https:\\\/\\\/www.fcbarcelonanoticias.com\\\/en\\\/champions-league\\\/florian-wirtz-display-in-bayer-leverkusen-5-0-win_308900_102.html\"]}]},{\"@type\":\"ImageObject\",\"inLanguage\":\"en-US\",\"@id\":\"https:\\\/\\\/www.fcbarcelonanoticias.com\\\/en\\\/champions-league\\\/florian-wirtz-display-in-bayer-leverkusen-5-0-win_308900_102.html#primaryimage\",\"url\":\"https:\\\/\\\/www.fcbarcelonanoticias.com\\\/en\\\/wp-content\\\/uploads\\\/sites\\\/2\\\/2024\\\/11\\\/bayer-04-leverkusen-v-fc-salzburg-uefa-champions-league-2024-25-league-phase-md5-1.jpeg\",\"contentUrl\":\"https:\\\/\\\/www.fcbarcelonanoticias.com\\\/en\\\/wp-content\\\/uploads\\\/sites\\\/2\\\/2024\\\/11\\\/bayer-04-leverkusen-v-fc-salzburg-uefa-champions-league-2024-25-league-phase-md5-1.jpeg\",\"width\":1200,\"height\":675},{\"@type\":\"BreadcrumbList\",\"@id\":\"https:\\\/\\\/www.fcbarcelonanoticias.com\\\/en\\\/champions-league\\\/florian-wirtz-display-in-bayer-leverkusen-5-0-win_308900_102.html#breadcrumb\",\"itemListElement\":[{\"@type\":\"ListItem\",\"position\":1,\"name\":\"Portada\",\"item\":\"https:\\\/\\\/www.fcbarcelonanoticias.com\\\/en\\\/\"},{\"@type\":\"ListItem\",\"position\":2,\"name\":\"Florian Wirtz&#8217;s display in Bayer Leverkusen&#8217;s 5-0 win\"}]},{\"@type\":\"WebSite\",\"@id\":\"https:\\\/\\\/www.fcbarcelonanoticias.com\\\/en\\\/#website\",\"url\":\"https:\\\/\\\/www.fcbarcelonanoticias.com\\\/en\\\/\",\"name\":\"EN - FC Barcelona Noticias\",\"description\":\"\",\"potentialAction\":[{\"@type\":\"SearchAction\",\"target\":{\"@type\":\"EntryPoint\",\"urlTemplate\":\"https:\\\/\\\/www.fcbarcelonanoticias.com\\\/en\\\/?s={search_term_string}\"},\"query-input\":{\"@type\":\"PropertyValueSpecification\",\"valueRequired\":true,\"valueName\":\"search_term_string\"}}],\"inLanguage\":\"en-US\"},{\"@type\":\"Person\",\"@id\":\"https:\\\/\\\/www.fcbarcelonanoticias.com\\\/en\\\/#\\\/schema\\\/person\\\/88d756918a0a1ae9fa593b5edddd1815\",\"name\":\"Juan Pablo Berdugo\",\"image\":{\"@type\":\"ImageObject\",\"inLanguage\":\"en-US\",\"@id\":\"https:\\\/\\\/secure.gravatar.com\\\/avatar\\\/?s=96&d=mm&r=g\",\"url\":\"https:\\\/\\\/secure.gravatar.com\\\/avatar\\\/?s=96&d=mm&r=g\",\"contentUrl\":\"https:\\\/\\\/secure.gravatar.com\\\/avatar\\\/?s=96&d=mm&r=g\",\"caption\":\"Juan Pablo Berdugo\"},\"description\":\"Juan Pablo Berdugo es graduado en Periodismo. Colabora con FCBN como especialista en informaci\u00f3n del primer equipo del FC Barcelona, f\u00fatbol internacional y mercado de fichajes. Destaca por su enfoque anal\u00edtico, su rigor informativo y su capacidad para detectar tendencias emergentes en el f\u00fatbol global.\",\"url\":\"https:\\\/\\\/www.fcbarcelonanoticias.com\\\/en\\\/fc-barcelona\\\/juan-pablo-berdugo_18_115.html\"}]}<\/script>\n<!-- \/ Yoast SEO plugin. -->","yoast_head_json":{"title":"Florian Wirtz's display in Bayer Leverkusen's 5-0 win","description":"Florian Wirtz was the star of Leverkusen's rout of RB Salzburg. The German scored a brace and was named the 'MVP' of the match","robots":{"index":"index","follow":"follow","max-snippet":"max-snippet:-1","max-image-preview":"max-image-preview:large","max-video-preview":"max-video-preview:-1"},"canonical":"https:\/\/www.fcbarcelonanoticias.com\/en\/champions-league\/florian-wirtz-display-in-bayer-leverkusen-5-0-win_308900_102.html","og_locale":"en_US","og_type":"article","og_title":"Florian Wirtz's display in Bayer Leverkusen's 5-0 win","og_description":"Florian Wirtz was the star of Leverkusen's rout of RB Salzburg. The German scored a brace and was named the 'MVP' of the match","og_url":"https:\/\/www.fcbarcelonanoticias.com\/en\/champions-league\/florian-wirtz-display-in-bayer-leverkusen-5-0-win_308900_102.html","og_site_name":"EN - FC Barcelona Noticias","article_published_time":"2024-11-27T04:04:00+00:00","article_modified_time":"2024-11-27T04:28:00+00:00","og_image":[{"width":1200,"height":675,"url":"https:\/\/www.fcbarcelonanoticias.com\/en\/wp-content\/uploads\/sites\/2\/2024\/11\/bayer-04-leverkusen-v-fc-salzburg-uefa-champions-league-2024-25-league-phase-md5-1.jpeg","type":"image\/jpeg"}],"author":"Juan Pablo Berdugo","twitter_card":"summary_large_image","twitter_misc":{"Written by":"Juan Pablo Berdugo","Est. reading time":"1 minute"},"schema":{"@context":"https:\/\/schema.org","@graph":[{"@type":"Article","@id":"https:\/\/www.fcbarcelonanoticias.com\/en\/champions-league\/florian-wirtz-display-in-bayer-leverkusen-5-0-win_308900_102.html#article","isPartOf":{"@id":"https:\/\/www.fcbarcelonanoticias.com\/en\/champions-league\/florian-wirtz-display-in-bayer-leverkusen-5-0-win_308900_102.html"},"author":{"name":"Juan Pablo Berdugo","@id":"https:\/\/www.fcbarcelonanoticias.com\/en\/#\/schema\/person\/88d756918a0a1ae9fa593b5edddd1815"},"headline":"Florian Wirtz&#8217;s display in Bayer Leverkusen&#8217;s 5-0 win","datePublished":"2024-11-27T04:04:00+00:00","dateModified":"2024-11-27T04:28:00+00:00","mainEntityOfPage":{"@id":"https:\/\/www.fcbarcelonanoticias.com\/en\/champions-league\/florian-wirtz-display-in-bayer-leverkusen-5-0-win_308900_102.html"},"wordCount":300,"image":{"@id":"https:\/\/www.fcbarcelonanoticias.com\/en\/champions-league\/florian-wirtz-display-in-bayer-leverkusen-5-0-win_308900_102.html#primaryimage"},"thumbnailUrl":"https:\/\/www.fcbarcelonanoticias.com\/en\/wp-content\/uploads\/sites\/2\/2024\/11\/bayer-04-leverkusen-v-fc-salzburg-uefa-champions-league-2024-25-league-phase-md5-1.jpeg","keywords":["Florian Wirtz"],"articleSection":["Champions League","Champions League"],"inLanguage":"en-US"},{"@type":"WebPage","@id":"https:\/\/www.fcbarcelonanoticias.com\/en\/champions-league\/florian-wirtz-display-in-bayer-leverkusen-5-0-win_308900_102.html","url":"https:\/\/www.fcbarcelonanoticias.com\/en\/champions-league\/florian-wirtz-display-in-bayer-leverkusen-5-0-win_308900_102.html","name":"Florian Wirtz's display in Bayer Leverkusen's 5-0 win","isPartOf":{"@id":"https:\/\/www.fcbarcelonanoticias.com\/en\/#website"},"primaryImageOfPage":{"@id":"https:\/\/www.fcbarcelonanoticias.com\/en\/champions-league\/florian-wirtz-display-in-bayer-leverkusen-5-0-win_308900_102.html#primaryimage"},"image":{"@id":"https:\/\/www.fcbarcelonanoticias.com\/en\/champions-league\/florian-wirtz-display-in-bayer-leverkusen-5-0-win_308900_102.html#primaryimage"},"thumbnailUrl":"https:\/\/www.fcbarcelonanoticias.com\/en\/wp-content\/uploads\/sites\/2\/2024\/11\/bayer-04-leverkusen-v-fc-salzburg-uefa-champions-league-2024-25-league-phase-md5-1.jpeg","datePublished":"2024-11-27T04:04:00+00:00","dateModified":"2024-11-27T04:28:00+00:00","author":{"@id":"https:\/\/www.fcbarcelonanoticias.com\/en\/#\/schema\/person\/88d756918a0a1ae9fa593b5edddd1815"},"description":"Florian Wirtz was the star of Leverkusen's rout of RB Salzburg. The German scored a brace and was named the 'MVP' of the match","breadcrumb":{"@id":"https:\/\/www.fcbarcelonanoticias.com\/en\/champions-league\/florian-wirtz-display-in-bayer-leverkusen-5-0-win_308900_102.html#breadcrumb"},"inLanguage":"en-US","potentialAction":[{"@type":"ReadAction","target":["https:\/\/www.fcbarcelonanoticias.com\/en\/champions-league\/florian-wirtz-display-in-bayer-leverkusen-5-0-win_308900_102.html"]}]},{"@type":"ImageObject","inLanguage":"en-US","@id":"https:\/\/www.fcbarcelonanoticias.com\/en\/champions-league\/florian-wirtz-display-in-bayer-leverkusen-5-0-win_308900_102.html#primaryimage","url":"https:\/\/www.fcbarcelonanoticias.com\/en\/wp-content\/uploads\/sites\/2\/2024\/11\/bayer-04-leverkusen-v-fc-salzburg-uefa-champions-league-2024-25-league-phase-md5-1.jpeg","contentUrl":"https:\/\/www.fcbarcelonanoticias.com\/en\/wp-content\/uploads\/sites\/2\/2024\/11\/bayer-04-leverkusen-v-fc-salzburg-uefa-champions-league-2024-25-league-phase-md5-1.jpeg","width":1200,"height":675},{"@type":"BreadcrumbList","@id":"https:\/\/www.fcbarcelonanoticias.com\/en\/champions-league\/florian-wirtz-display-in-bayer-leverkusen-5-0-win_308900_102.html#breadcrumb","itemListElement":[{"@type":"ListItem","position":1,"name":"Portada","item":"https:\/\/www.fcbarcelonanoticias.com\/en\/"},{"@type":"ListItem","position":2,"name":"Florian Wirtz&#8217;s display in Bayer Leverkusen&#8217;s 5-0 win"}]},{"@type":"WebSite","@id":"https:\/\/www.fcbarcelonanoticias.com\/en\/#website","url":"https:\/\/www.fcbarcelonanoticias.com\/en\/","name":"EN - FC Barcelona Noticias","description":"","potentialAction":[{"@type":"SearchAction","target":{"@type":"EntryPoint","urlTemplate":"https:\/\/www.fcbarcelonanoticias.com\/en\/?s={search_term_string}"},"query-input":{"@type":"PropertyValueSpecification","valueRequired":true,"valueName":"search_term_string"}}],"inLanguage":"en-US"},{"@type":"Person","@id":"https:\/\/www.fcbarcelonanoticias.com\/en\/#\/schema\/person\/88d756918a0a1ae9fa593b5edddd1815","name":"Juan Pablo Berdugo","image":{"@type":"ImageObject","inLanguage":"en-US","@id":"https:\/\/secure.gravatar.com\/avatar\/?s=96&d=mm&r=g","url":"https:\/\/secure.gravatar.com\/avatar\/?s=96&d=mm&r=g","contentUrl":"https:\/\/secure.gravatar.com\/avatar\/?s=96&d=mm&r=g","caption":"Juan Pablo Berdugo"},"description":"Juan Pablo Berdugo es graduado en Periodismo. Colabora con FCBN como especialista en informaci\u00f3n del primer equipo del FC Barcelona, f\u00fatbol internacional y mercado de fichajes. Destaca por su enfoque anal\u00edtico, su rigor informativo y su capacidad para detectar tendencias emergentes en el f\u00fatbol global.","url":"https:\/\/www.fcbarcelonanoticias.com\/en\/fc-barcelona\/juan-pablo-berdugo_18_115.html"}]}},"_links":{"self":[{"href":"https:\/\/www.fcbarcelonanoticias.com\/en\/wp-json\/wp\/v2\/posts\/4444","targetHints":{"allow":["GET"]}}],"collection":[{"href":"https:\/\/www.fcbarcelonanoticias.com\/en\/wp-json\/wp\/v2\/posts"}],"about":[{"href":"https:\/\/www.fcbarcelonanoticias.com\/en\/wp-json\/wp\/v2\/types\/post"}],"author":[{"embeddable":true,"href":"https:\/\/www.fcbarcelonanoticias.com\/en\/wp-json\/wp\/v2\/users\/358"}],"replies":[{"embeddable":true,"href":"https:\/\/www.fcbarcelonanoticias.com\/en\/wp-json\/wp\/v2\/comments?post=4444"}],"version-history":[{"count":1,"href":"https:\/\/www.fcbarcelonanoticias.com\/en\/wp-json\/wp\/v2\/posts\/4444\/revisions"}],"predecessor-version":[{"id":101241,"href":"https:\/\/www.fcbarcelonanoticias.com\/en\/wp-json\/wp\/v2\/posts\/4444\/revisions\/101241"}],"wp:featuredmedia":[{"embeddable":true,"href":"https:\/\/www.fcbarcelonanoticias.com\/en\/wp-json\/wp\/v2\/media\/4445"}],"wp:attachment":[{"href":"https:\/\/www.fcbarcelonanoticias.com\/en\/wp-json\/wp\/v2\/media?parent=4444"}],"wp:term":[{"taxonomy":"category","embeddable":true,"href":"https:\/\/www.fcbarcelonanoticias.com\/en\/wp-json\/wp\/v2\/categories?post=4444"},{"taxonomy":"post_tag","embeddable":true,"href":"https:\/\/www.fcbarcelonanoticias.com\/en\/wp-json\/wp\/v2\/tags?post=4444"}],"curies":[{"name":"wp","href":"https:\/\/api.w.org\/{rel}","templated":true}]}}