{"id":44542,"date":"2023-11-25T07:51:00","date_gmt":"2023-11-25T06:51:00","guid":{"rendered":"https:\/\/weisetech.dev\/fc-barcelona-noticias\/en\/impressive-golazo-of-dembele-to-premiere-at-last-with-the-psg_298413_102\/"},"modified":"2023-11-25T07:51:00","modified_gmt":"2023-11-25T06:51:00","slug":"impressive-golazo-of-dembele-to-premiere-at-last-with-the-psg_298413_102","status":"publish","type":"post","link":"https:\/\/www.fcbarcelonanoticias.com\/en\/international-football\/impressive-golazo-of-dembele-to-premiere-at-last-with-the-psg_298413_102.html","title":{"rendered":"Impressive goal from Demb\u00e9l\u00e9 to finally debut with PSG"},"content":{"rendered":"<h2 class=\"wp-block-heading\">Ousmane Demb\u00e9l\u00e9 has been in the spotlight since he landed in Paris, but he has finally been able to shake off the pressure and sign his first great performance with PSG, against AS Monaco, in a match in which he also made his debut as a scorer.<\/h2>  \r\n<div class=\"article-addons\">\r\n    <a href=\"https:\/\/www.fcbarcelonanoticias.com\/en\/calendar-fc-barcelona.html\"\r\n       target=\"_self\"\r\n       title=\"Calendar of FC Barcelona\"\r\n       class=\"blue-gredient-btn\">\r\n       \r\n        Calendar of FC Barcelona    <\/a>\r\n<\/div>   <p>Ousmane Demb\u00e9l\u00e9 Has premi\u00e8red , finally, like goleador with the Paris Saint-Germain and has hinted, with a performance sensacional, <strong>why Luis Enrique trusts blindly in him. <\/strong>For the first time since it landed in France, erigi\u00f3 like offensive leader of the PSG for desequilibrar and change the history on the terrain of game. The result was a penalti caused and a golazo, with his personal mark.<\/p>  <p>The challenge was capital, because the team of Adolf H\u00fctter had been the only that, up to now, had had the intention to contest him Tie it 1 to the Parisian picture and in the first time, after the goal of Gon\u00e7alo Bouquets in which it also participated Demb\u00e9l\u00e9, complicated the panorama. However, <strong>the penalti of Magassa on the ex of the FC Barcelona began to change the history.<\/strong> Mbapp\u00e9 Put the 2-1 in and marker, although the visitors were incisive and merodearon the area of Donnarumma constantly.<\/p>  <h2>Demb\u00e9l\u00e9 Breaks his drought<\/h2>  <p>The true is that, during the beginning of the second half, the ones of Luis Enrique were able to sentence the party with a Demb\u00e9l\u00e9 in state of grace. It cost of his personal duel with Magassa, that extended during all the party, to control the bal\u00f3m with the left and command a potent\u00edsimo shot with the right that noque\u00f3 to K\u00f6hn.<strong> A golazo in all the norm to give beginning to the party and goleada of the PSG, that &#8216;closed&#8217; Vitinha and Kolo Muani. <\/strong><\/p>  <p>Luis Enrique only had praises for the French footballer. After the party, recognised that <strong>&#8220;it is the player more desequilibrante of the world. Of this there are not doubts. It is a show, a show. It loves me have in the team to players of this profile&#8221;.<\/strong> Like this, Demb\u00e9l\u00e9 increases to five his participation in goals in the PSG: one of him and four assistances in Tie it 1. It had annotated with France in the goleada against Gibraltar (14-0), but to level of clubs did not see goal from 25 January of this year, against the Real Sociedad in quarter-finals of the Glass of Rey (1-0).<\/p> ","protected":false},"excerpt":{"rendered":"<p>Ousmane Demb\u00e9l\u00e9 has been in the spotlight since he landed in Paris, but he has finally been able to shake off the pressure and sign his first great performance with PSG, against AS Monaco, in a match in which he also made his debut as a scorer. Ousmane Demb\u00e9l\u00e9 Has premi\u00e8red , finally, like goleador [&hellip;]<\/p>\n","protected":false},"author":353,"featured_media":44543,"comment_status":"closed","ping_status":"open","sticky":false,"template":"","format":"standard","meta":{"_acf_changed":false,"inline_featured_image":false,"_nextfly_llmd_date_locked":false,"footnotes":""},"categories":[1],"tags":[146,88],"class_list":["post-44542","post","type-post","status-publish","format-standard","has-post-thumbnail","hentry","category-sin-categoria","tag-dembele","tag-paris-saint-germain"],"acf":[],"yoast_head":"<!-- This site is optimized with the Yoast SEO plugin v27.3 - https:\/\/yoast.com\/product\/yoast-seo-wordpress\/ -->\n<title>Impressive golazo of Demb\u00e9l\u00e9 to premi\u00e8re at last with the PSG<\/title>\n<meta name=\"description\" content=\"Ousmane Demb\u00e9l\u00e9 Has been in the focuses since it landed in Paris, but finally has been able to shake the pressure and sign his first big performance with the PSG, against the ACE Monaco, in a party in which also it premi\u00e8red like goleador\" \/>\n<meta name=\"robots\" content=\"index, follow, max-snippet:-1, max-image-preview:large, max-video-preview:-1\" \/>\n<link rel=\"canonical\" href=\"https:\/\/www.fcbarcelonanoticias.com\/en\/international-football\/impressive-golazo-of-dembele-to-premiere-at-last-with-the-psg_298413_102.html\" \/>\n<meta property=\"og:locale\" content=\"en_US\" \/>\n<meta property=\"og:type\" content=\"article\" \/>\n<meta property=\"og:title\" content=\"Impressive golazo of Demb\u00e9l\u00e9 to premi\u00e8re at last with the PSG\" \/>\n<meta property=\"og:description\" content=\"Ousmane Demb\u00e9l\u00e9 Has been in the focuses since it landed in Paris, but finally has been able to shake the pressure and sign his first big performance with the PSG, against the ACE Monaco, in a party in which also it premi\u00e8red like goleador\" \/>\n<meta property=\"og:url\" content=\"https:\/\/www.fcbarcelonanoticias.com\/en\/international-football\/impressive-golazo-of-dembele-to-premiere-at-last-with-the-psg_298413_102.html\" \/>\n<meta property=\"og:site_name\" content=\"EN - FC Barcelona Noticias\" \/>\n<meta property=\"article:published_time\" content=\"2023-11-25T06:51:00+00:00\" \/>\n<meta property=\"og:image\" content=\"https:\/\/www.fcbarcelonanoticias.com\/en\/wp-content\/uploads\/sites\/2\/2023\/11\/dembele-celebra-su-primer-gol-con-el-psg.jpeg\" \/>\n\t<meta property=\"og:image:width\" content=\"1200\" \/>\n\t<meta property=\"og:image:height\" content=\"675\" \/>\n\t<meta property=\"og:image:type\" content=\"image\/jpeg\" \/>\n<meta name=\"author\" content=\"FC Barcelona Noticias\" \/>\n<meta name=\"twitter:card\" content=\"summary_large_image\" \/>\n<meta name=\"twitter:label1\" content=\"Written by\" \/>\n\t<meta name=\"twitter:data1\" content=\"FC Barcelona Noticias\" \/>\n\t<meta name=\"twitter:label2\" content=\"Est. reading time\" \/>\n\t<meta name=\"twitter:data2\" content=\"2 minutes\" \/>\n<script type=\"application\/ld+json\" class=\"yoast-schema-graph\">{\"@context\":\"https:\\\/\\\/schema.org\",\"@graph\":[{\"@type\":\"Article\",\"@id\":\"https:\\\/\\\/www.fcbarcelonanoticias.com\\\/en\\\/international-football\\\/impressive-golazo-of-dembele-to-premiere-at-last-with-the-psg_298413_102.html#article\",\"isPartOf\":{\"@id\":\"https:\\\/\\\/www.fcbarcelonanoticias.com\\\/en\\\/international-football\\\/impressive-golazo-of-dembele-to-premiere-at-last-with-the-psg_298413_102.html\"},\"author\":{\"name\":\"FC Barcelona Noticias\",\"@id\":\"https:\\\/\\\/www.fcbarcelonanoticias.com\\\/en\\\/#\\\/schema\\\/person\\\/0f2810101d27606974cdb8edb54fa54b\"},\"headline\":\"Impressive goal from Demb\u00e9l\u00e9 to finally debut with PSG\",\"datePublished\":\"2023-11-25T06:51:00+00:00\",\"mainEntityOfPage\":{\"@id\":\"https:\\\/\\\/www.fcbarcelonanoticias.com\\\/en\\\/international-football\\\/impressive-golazo-of-dembele-to-premiere-at-last-with-the-psg_298413_102.html\"},\"wordCount\":416,\"image\":{\"@id\":\"https:\\\/\\\/www.fcbarcelonanoticias.com\\\/en\\\/international-football\\\/impressive-golazo-of-dembele-to-premiere-at-last-with-the-psg_298413_102.html#primaryimage\"},\"thumbnailUrl\":\"https:\\\/\\\/www.fcbarcelonanoticias.com\\\/en\\\/wp-content\\\/uploads\\\/sites\\\/2\\\/2023\\\/11\\\/dembele-celebra-su-primer-gol-con-el-psg.jpeg\",\"keywords\":[\"Demb\u00e9l\u00e9\",\"Paris Saint-Germain\"],\"articleSection\":[\"Sin categor\u00eda\"],\"inLanguage\":\"en-US\"},{\"@type\":\"WebPage\",\"@id\":\"https:\\\/\\\/www.fcbarcelonanoticias.com\\\/en\\\/international-football\\\/impressive-golazo-of-dembele-to-premiere-at-last-with-the-psg_298413_102.html\",\"url\":\"https:\\\/\\\/www.fcbarcelonanoticias.com\\\/en\\\/international-football\\\/impressive-golazo-of-dembele-to-premiere-at-last-with-the-psg_298413_102.html\",\"name\":\"Impressive golazo of Demb\u00e9l\u00e9 to premi\u00e8re at last with the PSG\",\"isPartOf\":{\"@id\":\"https:\\\/\\\/www.fcbarcelonanoticias.com\\\/en\\\/#website\"},\"primaryImageOfPage\":{\"@id\":\"https:\\\/\\\/www.fcbarcelonanoticias.com\\\/en\\\/international-football\\\/impressive-golazo-of-dembele-to-premiere-at-last-with-the-psg_298413_102.html#primaryimage\"},\"image\":{\"@id\":\"https:\\\/\\\/www.fcbarcelonanoticias.com\\\/en\\\/international-football\\\/impressive-golazo-of-dembele-to-premiere-at-last-with-the-psg_298413_102.html#primaryimage\"},\"thumbnailUrl\":\"https:\\\/\\\/www.fcbarcelonanoticias.com\\\/en\\\/wp-content\\\/uploads\\\/sites\\\/2\\\/2023\\\/11\\\/dembele-celebra-su-primer-gol-con-el-psg.jpeg\",\"datePublished\":\"2023-11-25T06:51:00+00:00\",\"author\":{\"@id\":\"https:\\\/\\\/www.fcbarcelonanoticias.com\\\/en\\\/#\\\/schema\\\/person\\\/0f2810101d27606974cdb8edb54fa54b\"},\"description\":\"Ousmane Demb\u00e9l\u00e9 Has been in the focuses since it landed in Paris, but finally has been able to shake the pressure and sign his first big performance with the PSG, against the ACE Monaco, in a party in which also it premi\u00e8red like goleador\",\"breadcrumb\":{\"@id\":\"https:\\\/\\\/www.fcbarcelonanoticias.com\\\/en\\\/international-football\\\/impressive-golazo-of-dembele-to-premiere-at-last-with-the-psg_298413_102.html#breadcrumb\"},\"inLanguage\":\"en-US\",\"potentialAction\":[{\"@type\":\"ReadAction\",\"target\":[\"https:\\\/\\\/www.fcbarcelonanoticias.com\\\/en\\\/international-football\\\/impressive-golazo-of-dembele-to-premiere-at-last-with-the-psg_298413_102.html\"]}]},{\"@type\":\"ImageObject\",\"inLanguage\":\"en-US\",\"@id\":\"https:\\\/\\\/www.fcbarcelonanoticias.com\\\/en\\\/international-football\\\/impressive-golazo-of-dembele-to-premiere-at-last-with-the-psg_298413_102.html#primaryimage\",\"url\":\"https:\\\/\\\/www.fcbarcelonanoticias.com\\\/en\\\/wp-content\\\/uploads\\\/sites\\\/2\\\/2023\\\/11\\\/dembele-celebra-su-primer-gol-con-el-psg.jpeg\",\"contentUrl\":\"https:\\\/\\\/www.fcbarcelonanoticias.com\\\/en\\\/wp-content\\\/uploads\\\/sites\\\/2\\\/2023\\\/11\\\/dembele-celebra-su-primer-gol-con-el-psg.jpeg\",\"width\":1200,\"height\":675},{\"@type\":\"BreadcrumbList\",\"@id\":\"https:\\\/\\\/www.fcbarcelonanoticias.com\\\/en\\\/international-football\\\/impressive-golazo-of-dembele-to-premiere-at-last-with-the-psg_298413_102.html#breadcrumb\",\"itemListElement\":[{\"@type\":\"ListItem\",\"position\":1,\"name\":\"Portada\",\"item\":\"https:\\\/\\\/www.fcbarcelonanoticias.com\\\/en\\\/\"},{\"@type\":\"ListItem\",\"position\":2,\"name\":\"Impressive goal from Demb\u00e9l\u00e9 to finally debut with PSG\"}]},{\"@type\":\"WebSite\",\"@id\":\"https:\\\/\\\/www.fcbarcelonanoticias.com\\\/en\\\/#website\",\"url\":\"https:\\\/\\\/www.fcbarcelonanoticias.com\\\/en\\\/\",\"name\":\"EN - FC Barcelona Noticias\",\"description\":\"\",\"potentialAction\":[{\"@type\":\"SearchAction\",\"target\":{\"@type\":\"EntryPoint\",\"urlTemplate\":\"https:\\\/\\\/www.fcbarcelonanoticias.com\\\/en\\\/?s={search_term_string}\"},\"query-input\":{\"@type\":\"PropertyValueSpecification\",\"valueRequired\":true,\"valueName\":\"search_term_string\"}}],\"inLanguage\":\"en-US\"},{\"@type\":\"Person\",\"@id\":\"https:\\\/\\\/www.fcbarcelonanoticias.com\\\/en\\\/#\\\/schema\\\/person\\\/0f2810101d27606974cdb8edb54fa54b\",\"name\":\"FC Barcelona Noticias\",\"image\":{\"@type\":\"ImageObject\",\"inLanguage\":\"en-US\",\"@id\":\"https:\\\/\\\/secure.gravatar.com\\\/avatar\\\/?s=96&d=mm&r=g\",\"url\":\"https:\\\/\\\/secure.gravatar.com\\\/avatar\\\/?s=96&d=mm&r=g\",\"contentUrl\":\"https:\\\/\\\/secure.gravatar.com\\\/avatar\\\/?s=96&d=mm&r=g\",\"caption\":\"FC Barcelona Noticias\"},\"url\":\"https:\\\/\\\/www.fcbarcelonanoticias.com\\\/en\\\/fc-barcelona\\\/fcbn-writing-fc-barcelona-news_6_115.html\"}]}<\/script>\n<!-- \/ Yoast SEO plugin. -->","yoast_head_json":{"title":"Impressive golazo of Demb\u00e9l\u00e9 to premi\u00e8re at last with the PSG","description":"Ousmane Demb\u00e9l\u00e9 Has been in the focuses since it landed in Paris, but finally has been able to shake the pressure and sign his first big performance with the PSG, against the ACE Monaco, in a party in which also it premi\u00e8red like goleador","robots":{"index":"index","follow":"follow","max-snippet":"max-snippet:-1","max-image-preview":"max-image-preview:large","max-video-preview":"max-video-preview:-1"},"canonical":"https:\/\/www.fcbarcelonanoticias.com\/en\/international-football\/impressive-golazo-of-dembele-to-premiere-at-last-with-the-psg_298413_102.html","og_locale":"en_US","og_type":"article","og_title":"Impressive golazo of Demb\u00e9l\u00e9 to premi\u00e8re at last with the PSG","og_description":"Ousmane Demb\u00e9l\u00e9 Has been in the focuses since it landed in Paris, but finally has been able to shake the pressure and sign his first big performance with the PSG, against the ACE Monaco, in a party in which also it premi\u00e8red like goleador","og_url":"https:\/\/www.fcbarcelonanoticias.com\/en\/international-football\/impressive-golazo-of-dembele-to-premiere-at-last-with-the-psg_298413_102.html","og_site_name":"EN - FC Barcelona Noticias","article_published_time":"2023-11-25T06:51:00+00:00","og_image":[{"width":1200,"height":675,"url":"https:\/\/www.fcbarcelonanoticias.com\/en\/wp-content\/uploads\/sites\/2\/2023\/11\/dembele-celebra-su-primer-gol-con-el-psg.jpeg","type":"image\/jpeg"}],"author":"FC Barcelona Noticias","twitter_card":"summary_large_image","twitter_misc":{"Written by":"FC Barcelona Noticias","Est. reading time":"2 minutes"},"schema":{"@context":"https:\/\/schema.org","@graph":[{"@type":"Article","@id":"https:\/\/www.fcbarcelonanoticias.com\/en\/international-football\/impressive-golazo-of-dembele-to-premiere-at-last-with-the-psg_298413_102.html#article","isPartOf":{"@id":"https:\/\/www.fcbarcelonanoticias.com\/en\/international-football\/impressive-golazo-of-dembele-to-premiere-at-last-with-the-psg_298413_102.html"},"author":{"name":"FC Barcelona Noticias","@id":"https:\/\/www.fcbarcelonanoticias.com\/en\/#\/schema\/person\/0f2810101d27606974cdb8edb54fa54b"},"headline":"Impressive goal from Demb\u00e9l\u00e9 to finally debut with PSG","datePublished":"2023-11-25T06:51:00+00:00","mainEntityOfPage":{"@id":"https:\/\/www.fcbarcelonanoticias.com\/en\/international-football\/impressive-golazo-of-dembele-to-premiere-at-last-with-the-psg_298413_102.html"},"wordCount":416,"image":{"@id":"https:\/\/www.fcbarcelonanoticias.com\/en\/international-football\/impressive-golazo-of-dembele-to-premiere-at-last-with-the-psg_298413_102.html#primaryimage"},"thumbnailUrl":"https:\/\/www.fcbarcelonanoticias.com\/en\/wp-content\/uploads\/sites\/2\/2023\/11\/dembele-celebra-su-primer-gol-con-el-psg.jpeg","keywords":["Demb\u00e9l\u00e9","Paris Saint-Germain"],"articleSection":["Sin categor\u00eda"],"inLanguage":"en-US"},{"@type":"WebPage","@id":"https:\/\/www.fcbarcelonanoticias.com\/en\/international-football\/impressive-golazo-of-dembele-to-premiere-at-last-with-the-psg_298413_102.html","url":"https:\/\/www.fcbarcelonanoticias.com\/en\/international-football\/impressive-golazo-of-dembele-to-premiere-at-last-with-the-psg_298413_102.html","name":"Impressive golazo of Demb\u00e9l\u00e9 to premi\u00e8re at last with the PSG","isPartOf":{"@id":"https:\/\/www.fcbarcelonanoticias.com\/en\/#website"},"primaryImageOfPage":{"@id":"https:\/\/www.fcbarcelonanoticias.com\/en\/international-football\/impressive-golazo-of-dembele-to-premiere-at-last-with-the-psg_298413_102.html#primaryimage"},"image":{"@id":"https:\/\/www.fcbarcelonanoticias.com\/en\/international-football\/impressive-golazo-of-dembele-to-premiere-at-last-with-the-psg_298413_102.html#primaryimage"},"thumbnailUrl":"https:\/\/www.fcbarcelonanoticias.com\/en\/wp-content\/uploads\/sites\/2\/2023\/11\/dembele-celebra-su-primer-gol-con-el-psg.jpeg","datePublished":"2023-11-25T06:51:00+00:00","author":{"@id":"https:\/\/www.fcbarcelonanoticias.com\/en\/#\/schema\/person\/0f2810101d27606974cdb8edb54fa54b"},"description":"Ousmane Demb\u00e9l\u00e9 Has been in the focuses since it landed in Paris, but finally has been able to shake the pressure and sign his first big performance with the PSG, against the ACE Monaco, in a party in which also it premi\u00e8red like goleador","breadcrumb":{"@id":"https:\/\/www.fcbarcelonanoticias.com\/en\/international-football\/impressive-golazo-of-dembele-to-premiere-at-last-with-the-psg_298413_102.html#breadcrumb"},"inLanguage":"en-US","potentialAction":[{"@type":"ReadAction","target":["https:\/\/www.fcbarcelonanoticias.com\/en\/international-football\/impressive-golazo-of-dembele-to-premiere-at-last-with-the-psg_298413_102.html"]}]},{"@type":"ImageObject","inLanguage":"en-US","@id":"https:\/\/www.fcbarcelonanoticias.com\/en\/international-football\/impressive-golazo-of-dembele-to-premiere-at-last-with-the-psg_298413_102.html#primaryimage","url":"https:\/\/www.fcbarcelonanoticias.com\/en\/wp-content\/uploads\/sites\/2\/2023\/11\/dembele-celebra-su-primer-gol-con-el-psg.jpeg","contentUrl":"https:\/\/www.fcbarcelonanoticias.com\/en\/wp-content\/uploads\/sites\/2\/2023\/11\/dembele-celebra-su-primer-gol-con-el-psg.jpeg","width":1200,"height":675},{"@type":"BreadcrumbList","@id":"https:\/\/www.fcbarcelonanoticias.com\/en\/international-football\/impressive-golazo-of-dembele-to-premiere-at-last-with-the-psg_298413_102.html#breadcrumb","itemListElement":[{"@type":"ListItem","position":1,"name":"Portada","item":"https:\/\/www.fcbarcelonanoticias.com\/en\/"},{"@type":"ListItem","position":2,"name":"Impressive goal from Demb\u00e9l\u00e9 to finally debut with PSG"}]},{"@type":"WebSite","@id":"https:\/\/www.fcbarcelonanoticias.com\/en\/#website","url":"https:\/\/www.fcbarcelonanoticias.com\/en\/","name":"EN - FC Barcelona Noticias","description":"","potentialAction":[{"@type":"SearchAction","target":{"@type":"EntryPoint","urlTemplate":"https:\/\/www.fcbarcelonanoticias.com\/en\/?s={search_term_string}"},"query-input":{"@type":"PropertyValueSpecification","valueRequired":true,"valueName":"search_term_string"}}],"inLanguage":"en-US"},{"@type":"Person","@id":"https:\/\/www.fcbarcelonanoticias.com\/en\/#\/schema\/person\/0f2810101d27606974cdb8edb54fa54b","name":"FC Barcelona Noticias","image":{"@type":"ImageObject","inLanguage":"en-US","@id":"https:\/\/secure.gravatar.com\/avatar\/?s=96&d=mm&r=g","url":"https:\/\/secure.gravatar.com\/avatar\/?s=96&d=mm&r=g","contentUrl":"https:\/\/secure.gravatar.com\/avatar\/?s=96&d=mm&r=g","caption":"FC Barcelona Noticias"},"url":"https:\/\/www.fcbarcelonanoticias.com\/en\/fc-barcelona\/fcbn-writing-fc-barcelona-news_6_115.html"}]}},"_links":{"self":[{"href":"https:\/\/www.fcbarcelonanoticias.com\/en\/wp-json\/wp\/v2\/posts\/44542","targetHints":{"allow":["GET"]}}],"collection":[{"href":"https:\/\/www.fcbarcelonanoticias.com\/en\/wp-json\/wp\/v2\/posts"}],"about":[{"href":"https:\/\/www.fcbarcelonanoticias.com\/en\/wp-json\/wp\/v2\/types\/post"}],"author":[{"embeddable":true,"href":"https:\/\/www.fcbarcelonanoticias.com\/en\/wp-json\/wp\/v2\/users\/353"}],"replies":[{"embeddable":true,"href":"https:\/\/www.fcbarcelonanoticias.com\/en\/wp-json\/wp\/v2\/comments?post=44542"}],"version-history":[{"count":1,"href":"https:\/\/www.fcbarcelonanoticias.com\/en\/wp-json\/wp\/v2\/posts\/44542\/revisions"}],"predecessor-version":[{"id":114967,"href":"https:\/\/www.fcbarcelonanoticias.com\/en\/wp-json\/wp\/v2\/posts\/44542\/revisions\/114967"}],"wp:featuredmedia":[{"embeddable":true,"href":"https:\/\/www.fcbarcelonanoticias.com\/en\/wp-json\/wp\/v2\/media\/44543"}],"wp:attachment":[{"href":"https:\/\/www.fcbarcelonanoticias.com\/en\/wp-json\/wp\/v2\/media?parent=44542"}],"wp:term":[{"taxonomy":"category","embeddable":true,"href":"https:\/\/www.fcbarcelonanoticias.com\/en\/wp-json\/wp\/v2\/categories?post=44542"},{"taxonomy":"post_tag","embeddable":true,"href":"https:\/\/www.fcbarcelonanoticias.com\/en\/wp-json\/wp\/v2\/tags?post=44542"}],"curies":[{"name":"wp","href":"https:\/\/api.w.org\/{rel}","templated":true}]}}