{"id":44559,"date":"2024-07-17T00:13:00","date_gmt":"2024-07-16T22:13:00","guid":{"rendered":"https:\/\/weisetech.dev\/fc-barcelona-noticias\/en\/inter-miami-confirms-worrying-injury-leo-messi_305518_102\/"},"modified":"2024-07-17T00:13:00","modified_gmt":"2024-07-16T22:13:00","slug":"inter-miami-confirms-worrying-injury-leo-messi_305518_102","status":"publish","type":"post","link":"https:\/\/www.fcbarcelonanoticias.com\/en\/international-football\/inter-miami-confirms-worrying-injury-leo-messi_305518_102.html","title":{"rendered":"Inter Miami confirms Leo Messi&#8217;s worrying injury"},"content":{"rendered":"<h2 class=\"wp-block-heading\">Inter Miami confirmed this Tuesday an injury to the right ankle ligament of its star, Leo Messi, suffered during the Copa Am\u00e9rica final. Although the club does not specify the time he will be out, it is likely that the &#8217;10&#8217; will be out for more than a month<\/h2>  \r\n<div class=\"article-addons\">\r\n    <a href=\"https:\/\/www.fcbarcelonanoticias.com\/en\/calendar-fc-barcelona.html\"\r\n       target=\"_self\"\r\n       title=\"Calendar of FC Barcelona\"\r\n       class=\"blue-gredient-btn\">\r\n       \r\n        Calendar of FC Barcelona    <\/a>\r\n<\/div>   <p>The bad presagios on the injury that Leo Messi suffered in front of Colombia by <a data-external=\"0\" data-intl-links-en=\"https:\/\/www.fcbarcelonanoticias.com\/en\/international-football\/argentina-wins-american-cup-1-0-with-messi-broken-crying-living-tears_305458_102.html\" data-intl-links-es=\"https:\/\/www.fcbarcelonanoticias.com\/futbol-internacional\/argentina-gana-copa-america-1-0-con-messi-roto-llorando-lagrima-viva_305458_102.html\" href=\"https:\/\/www.fcbarcelonanoticias.com\/en\/international-football\/argentina-wins-american-cup-1-0-with-messi-broken-crying-living-tears_305458_102.html\" rel=\"follow\" target=\"_self\" title=\"Argentina gana la Copa Am\u00e9rica (1-0) y Leo Messi termina roto y llorando a l\u00e1grima viva\">the final of the Glass America (1-0)<\/a> were confirmed this Tuesday by the Inter Miami. The pink group updated the state of the &#8217;10&#8217;, the one who finish the continental tournament with his right ankle visibly inflamed <strong>product of a torcedura after a crossing with the side Santiago Arias in the first part<\/strong>. The rosarino continued in field until the second part, but finally had to ask the change because of the pain.<\/p>  <p><b>&#8220;<\/b><strong>After the medical evaluation by Baptist Health has determined that<\/strong> <b>Leo Messi suffers an injury in the ligament of the right ankle&#8221;<\/b>, details the club through a communiqu\u00e9 shared in his social networks. The &#8217;10&#8217; went out of the duel in front of Colombia in the minute 66 between tears, but finally could raise the trophy after a party that defined in the extention with a goal of Lautaro Mart\u00ednez in the 112&#8242;.<\/p>  <blockquote class=\"twitter-tweet\"> <p dir=\"ltr\" lang=\"en\">Injury Update x <a href=\"https:\/\/twitter.com\/en\/BaptistHealthSF?ref_src=twsrc%5Etfw\">@BaptistHealthSF<\/a><br><br> An update on Lionel Messi&#8217;s injury: <a href=\"https:\/\/t.co\/en\/0nEgXctKJp\">https:\/\/t.co\/0negxctkjp<\/a> <a href=\"https:\/\/t.co\/en\/YdaIN2L7dR\">pic.twitter.com\/ydain2l7dr<\/a><\/p> \u2014 Inter Miami CF (@InterMiamiCF) <a href=\"https:\/\/twitter.com\/en\/InterMiamiCF\/status\/1813316463807328647?ref_src=twsrc%5Etfw\">July 16, 2024<\/a> <\/blockquote> <p>In accordance with the club, <b>&#8220;the availability of the captain will determine in function of the periodic evaluations<\/b> <strong>and of the evolution of his recovery&#8221;<\/strong>, by which his time of drop is indefinite. The ones of Gerardo &#8216;Tata&#8217; Martino leave second in the Conference This of the Major League Soccer (MLS) with 47 points, one less than the Cincinnati (48) after 23 days contested.<\/p>  <h2>The Inter Miami can lose to Leo Messi this summer<\/h2>  <p>The &#8216;seagulls&#8217; will debut the next 27 July in the Leagues Cup in front of the Populate, a tournament where are valid champions. Except surprise, <strong>Messi will be at least a month was, since it also was foreseen that it took a pair of weeks of rest after the Glass America<\/strong>. In what it goes of season, the rosarino adds 12 goals and 9 assistances in 12 parties of the MLS. With Argentina, closed the tournament contested in the United States with a solo so much and a pass of goal in 5 meetings.<\/p> ","protected":false},"excerpt":{"rendered":"<p>Inter Miami confirmed this Tuesday an injury to the right ankle ligament of its star, Leo Messi, suffered during the Copa Am\u00e9rica final. Although the club does not specify the time he will be out, it is likely that the &#8217;10&#8217; will be out for more than a month The bad presagios on the injury [&hellip;]<\/p>\n","protected":false},"author":347,"featured_media":44561,"comment_status":"closed","ping_status":"open","sticky":false,"template":"","format":"standard","meta":{"_acf_changed":false,"inline_featured_image":false,"_nextfly_llmd_date_locked":false,"footnotes":""},"categories":[451,115],"tags":[],"class_list":["post-44559","post","type-post","status-publish","format-standard","has-post-thumbnail","hentry","category-lionel-messi-2","category-lionel-messi"],"acf":[],"yoast_head":"<!-- This site is optimized with the Yoast SEO plugin v27.3 - https:\/\/yoast.com\/product\/yoast-seo-wordpress\/ -->\n<title>Inter Miami confirms Leo Messi&#039;s worrying injury<\/title>\n<meta name=\"description\" content=\"Inter Miami confirmed this Tuesday an injury to the right ankle ligament of its star, Leo Messi, suffered during the Copa Am\u00e9rica final. Although the club does not specify the time he will be out, it is likely that the &#039;10&#039; will be out for more than a month\" \/>\n<meta name=\"robots\" content=\"index, follow, max-snippet:-1, max-image-preview:large, max-video-preview:-1\" \/>\n<link rel=\"canonical\" href=\"https:\/\/www.fcbarcelonanoticias.com\/en\/international-football\/inter-miami-confirms-worrying-injury-leo-messi_305518_102.html\" \/>\n<meta property=\"og:locale\" content=\"en_US\" \/>\n<meta property=\"og:type\" content=\"article\" \/>\n<meta property=\"og:title\" content=\"Inter Miami confirms Leo Messi&#039;s worrying injury\" \/>\n<meta property=\"og:description\" content=\"Inter Miami confirmed this Tuesday an injury to the right ankle ligament of its star, Leo Messi, suffered during the Copa Am\u00e9rica final. Although the club does not specify the time he will be out, it is likely that the &#039;10&#039; will be out for more than a month\" \/>\n<meta property=\"og:url\" content=\"https:\/\/www.fcbarcelonanoticias.com\/en\/international-football\/inter-miami-confirms-worrying-injury-leo-messi_305518_102.html\" \/>\n<meta property=\"og:site_name\" content=\"EN - FC Barcelona Noticias\" \/>\n<meta property=\"article:published_time\" content=\"2024-07-16T22:13:00+00:00\" \/>\n<meta property=\"og:image\" content=\"https:\/\/www.fcbarcelonanoticias.com\/en\/wp-content\/uploads\/sites\/2\/2024\/07\/leo-messi-v-colombia.jpeg\" \/>\n\t<meta property=\"og:image:width\" content=\"1300\" \/>\n\t<meta property=\"og:image:height\" content=\"732\" \/>\n\t<meta property=\"og:image:type\" content=\"image\/jpeg\" \/>\n<meta name=\"author\" content=\"Andr\u00e9s Quiroz\" \/>\n<meta name=\"twitter:card\" content=\"summary_large_image\" \/>\n<meta name=\"twitter:label1\" content=\"Written by\" \/>\n\t<meta name=\"twitter:data1\" content=\"Andr\u00e9s Quiroz\" \/>\n\t<meta name=\"twitter:label2\" content=\"Est. reading time\" \/>\n\t<meta name=\"twitter:data2\" content=\"2 minutes\" \/>\n<script type=\"application\/ld+json\" class=\"yoast-schema-graph\">{\"@context\":\"https:\\\/\\\/schema.org\",\"@graph\":[{\"@type\":\"Article\",\"@id\":\"https:\\\/\\\/www.fcbarcelonanoticias.com\\\/en\\\/international-football\\\/inter-miami-confirms-worrying-injury-leo-messi_305518_102.html#article\",\"isPartOf\":{\"@id\":\"https:\\\/\\\/www.fcbarcelonanoticias.com\\\/en\\\/international-football\\\/inter-miami-confirms-worrying-injury-leo-messi_305518_102.html\"},\"author\":{\"name\":\"Andr\u00e9s Quiroz\",\"@id\":\"https:\\\/\\\/www.fcbarcelonanoticias.com\\\/en\\\/#\\\/schema\\\/person\\\/c2cd9f6fa1af5c0d0eccd0fefa575c88\"},\"headline\":\"Inter Miami confirms Leo Messi&#8217;s worrying injury\",\"datePublished\":\"2024-07-16T22:13:00+00:00\",\"mainEntityOfPage\":{\"@id\":\"https:\\\/\\\/www.fcbarcelonanoticias.com\\\/en\\\/international-football\\\/inter-miami-confirms-worrying-injury-leo-messi_305518_102.html\"},\"wordCount\":401,\"image\":{\"@id\":\"https:\\\/\\\/www.fcbarcelonanoticias.com\\\/en\\\/international-football\\\/inter-miami-confirms-worrying-injury-leo-messi_305518_102.html#primaryimage\"},\"thumbnailUrl\":\"https:\\\/\\\/www.fcbarcelonanoticias.com\\\/en\\\/wp-content\\\/uploads\\\/sites\\\/2\\\/2024\\\/07\\\/leo-messi-v-colombia.jpeg\",\"articleSection\":[\"Lionel Messi\",\"Lionel Messi\"],\"inLanguage\":\"en-US\"},{\"@type\":\"WebPage\",\"@id\":\"https:\\\/\\\/www.fcbarcelonanoticias.com\\\/en\\\/international-football\\\/inter-miami-confirms-worrying-injury-leo-messi_305518_102.html\",\"url\":\"https:\\\/\\\/www.fcbarcelonanoticias.com\\\/en\\\/international-football\\\/inter-miami-confirms-worrying-injury-leo-messi_305518_102.html\",\"name\":\"Inter Miami confirms Leo Messi's worrying injury\",\"isPartOf\":{\"@id\":\"https:\\\/\\\/www.fcbarcelonanoticias.com\\\/en\\\/#website\"},\"primaryImageOfPage\":{\"@id\":\"https:\\\/\\\/www.fcbarcelonanoticias.com\\\/en\\\/international-football\\\/inter-miami-confirms-worrying-injury-leo-messi_305518_102.html#primaryimage\"},\"image\":{\"@id\":\"https:\\\/\\\/www.fcbarcelonanoticias.com\\\/en\\\/international-football\\\/inter-miami-confirms-worrying-injury-leo-messi_305518_102.html#primaryimage\"},\"thumbnailUrl\":\"https:\\\/\\\/www.fcbarcelonanoticias.com\\\/en\\\/wp-content\\\/uploads\\\/sites\\\/2\\\/2024\\\/07\\\/leo-messi-v-colombia.jpeg\",\"datePublished\":\"2024-07-16T22:13:00+00:00\",\"author\":{\"@id\":\"https:\\\/\\\/www.fcbarcelonanoticias.com\\\/en\\\/#\\\/schema\\\/person\\\/c2cd9f6fa1af5c0d0eccd0fefa575c88\"},\"description\":\"Inter Miami confirmed this Tuesday an injury to the right ankle ligament of its star, Leo Messi, suffered during the Copa Am\u00e9rica final. Although the club does not specify the time he will be out, it is likely that the '10' will be out for more than a month\",\"breadcrumb\":{\"@id\":\"https:\\\/\\\/www.fcbarcelonanoticias.com\\\/en\\\/international-football\\\/inter-miami-confirms-worrying-injury-leo-messi_305518_102.html#breadcrumb\"},\"inLanguage\":\"en-US\",\"potentialAction\":[{\"@type\":\"ReadAction\",\"target\":[\"https:\\\/\\\/www.fcbarcelonanoticias.com\\\/en\\\/international-football\\\/inter-miami-confirms-worrying-injury-leo-messi_305518_102.html\"]}]},{\"@type\":\"ImageObject\",\"inLanguage\":\"en-US\",\"@id\":\"https:\\\/\\\/www.fcbarcelonanoticias.com\\\/en\\\/international-football\\\/inter-miami-confirms-worrying-injury-leo-messi_305518_102.html#primaryimage\",\"url\":\"https:\\\/\\\/www.fcbarcelonanoticias.com\\\/en\\\/wp-content\\\/uploads\\\/sites\\\/2\\\/2024\\\/07\\\/leo-messi-v-colombia.jpeg\",\"contentUrl\":\"https:\\\/\\\/www.fcbarcelonanoticias.com\\\/en\\\/wp-content\\\/uploads\\\/sites\\\/2\\\/2024\\\/07\\\/leo-messi-v-colombia.jpeg\",\"width\":1300,\"height\":732},{\"@type\":\"BreadcrumbList\",\"@id\":\"https:\\\/\\\/www.fcbarcelonanoticias.com\\\/en\\\/international-football\\\/inter-miami-confirms-worrying-injury-leo-messi_305518_102.html#breadcrumb\",\"itemListElement\":[{\"@type\":\"ListItem\",\"position\":1,\"name\":\"Portada\",\"item\":\"https:\\\/\\\/www.fcbarcelonanoticias.com\\\/en\\\/\"},{\"@type\":\"ListItem\",\"position\":2,\"name\":\"Inter Miami confirms Leo Messi&#8217;s worrying injury\"}]},{\"@type\":\"WebSite\",\"@id\":\"https:\\\/\\\/www.fcbarcelonanoticias.com\\\/en\\\/#website\",\"url\":\"https:\\\/\\\/www.fcbarcelonanoticias.com\\\/en\\\/\",\"name\":\"EN - FC Barcelona Noticias\",\"description\":\"\",\"potentialAction\":[{\"@type\":\"SearchAction\",\"target\":{\"@type\":\"EntryPoint\",\"urlTemplate\":\"https:\\\/\\\/www.fcbarcelonanoticias.com\\\/en\\\/?s={search_term_string}\"},\"query-input\":{\"@type\":\"PropertyValueSpecification\",\"valueRequired\":true,\"valueName\":\"search_term_string\"}}],\"inLanguage\":\"en-US\"},{\"@type\":\"Person\",\"@id\":\"https:\\\/\\\/www.fcbarcelonanoticias.com\\\/en\\\/#\\\/schema\\\/person\\\/c2cd9f6fa1af5c0d0eccd0fefa575c88\",\"name\":\"Andr\u00e9s Quiroz\",\"image\":{\"@type\":\"ImageObject\",\"inLanguage\":\"en-US\",\"@id\":\"https:\\\/\\\/secure.gravatar.com\\\/avatar\\\/?s=96&d=mm&r=g\",\"url\":\"https:\\\/\\\/secure.gravatar.com\\\/avatar\\\/?s=96&d=mm&r=g\",\"contentUrl\":\"https:\\\/\\\/secure.gravatar.com\\\/avatar\\\/?s=96&d=mm&r=g\",\"caption\":\"Andr\u00e9s Quiroz\"},\"description\":\"Licenciado en Periodismo por la Universidad de los Andes. Me encargo de analizar y compartir los contenidos m\u00e1s destacados de la\u00a0actualidad del F\u00fatbol Club Barcelona, Mercado de Fichajes y F\u00fatbol Internacional en FCBN. La informaci\u00f3n es poder, pero tambi\u00e9n conocimiento.\",\"url\":\"https:\\\/\\\/www.fcbarcelonanoticias.com\\\/en\\\/fc-barcelona\\\/andres-quiroz_17_115.html\"}]}<\/script>\n<!-- \/ Yoast SEO plugin. -->","yoast_head_json":{"title":"Inter Miami confirms Leo Messi's worrying injury","description":"Inter Miami confirmed this Tuesday an injury to the right ankle ligament of its star, Leo Messi, suffered during the Copa Am\u00e9rica final. Although the club does not specify the time he will be out, it is likely that the '10' will be out for more than a month","robots":{"index":"index","follow":"follow","max-snippet":"max-snippet:-1","max-image-preview":"max-image-preview:large","max-video-preview":"max-video-preview:-1"},"canonical":"https:\/\/www.fcbarcelonanoticias.com\/en\/international-football\/inter-miami-confirms-worrying-injury-leo-messi_305518_102.html","og_locale":"en_US","og_type":"article","og_title":"Inter Miami confirms Leo Messi's worrying injury","og_description":"Inter Miami confirmed this Tuesday an injury to the right ankle ligament of its star, Leo Messi, suffered during the Copa Am\u00e9rica final. Although the club does not specify the time he will be out, it is likely that the '10' will be out for more than a month","og_url":"https:\/\/www.fcbarcelonanoticias.com\/en\/international-football\/inter-miami-confirms-worrying-injury-leo-messi_305518_102.html","og_site_name":"EN - FC Barcelona Noticias","article_published_time":"2024-07-16T22:13:00+00:00","og_image":[{"width":1300,"height":732,"url":"https:\/\/www.fcbarcelonanoticias.com\/en\/wp-content\/uploads\/sites\/2\/2024\/07\/leo-messi-v-colombia.jpeg","type":"image\/jpeg"}],"author":"Andr\u00e9s Quiroz","twitter_card":"summary_large_image","twitter_misc":{"Written by":"Andr\u00e9s Quiroz","Est. reading time":"2 minutes"},"schema":{"@context":"https:\/\/schema.org","@graph":[{"@type":"Article","@id":"https:\/\/www.fcbarcelonanoticias.com\/en\/international-football\/inter-miami-confirms-worrying-injury-leo-messi_305518_102.html#article","isPartOf":{"@id":"https:\/\/www.fcbarcelonanoticias.com\/en\/international-football\/inter-miami-confirms-worrying-injury-leo-messi_305518_102.html"},"author":{"name":"Andr\u00e9s Quiroz","@id":"https:\/\/www.fcbarcelonanoticias.com\/en\/#\/schema\/person\/c2cd9f6fa1af5c0d0eccd0fefa575c88"},"headline":"Inter Miami confirms Leo Messi&#8217;s worrying injury","datePublished":"2024-07-16T22:13:00+00:00","mainEntityOfPage":{"@id":"https:\/\/www.fcbarcelonanoticias.com\/en\/international-football\/inter-miami-confirms-worrying-injury-leo-messi_305518_102.html"},"wordCount":401,"image":{"@id":"https:\/\/www.fcbarcelonanoticias.com\/en\/international-football\/inter-miami-confirms-worrying-injury-leo-messi_305518_102.html#primaryimage"},"thumbnailUrl":"https:\/\/www.fcbarcelonanoticias.com\/en\/wp-content\/uploads\/sites\/2\/2024\/07\/leo-messi-v-colombia.jpeg","articleSection":["Lionel Messi","Lionel Messi"],"inLanguage":"en-US"},{"@type":"WebPage","@id":"https:\/\/www.fcbarcelonanoticias.com\/en\/international-football\/inter-miami-confirms-worrying-injury-leo-messi_305518_102.html","url":"https:\/\/www.fcbarcelonanoticias.com\/en\/international-football\/inter-miami-confirms-worrying-injury-leo-messi_305518_102.html","name":"Inter Miami confirms Leo Messi's worrying injury","isPartOf":{"@id":"https:\/\/www.fcbarcelonanoticias.com\/en\/#website"},"primaryImageOfPage":{"@id":"https:\/\/www.fcbarcelonanoticias.com\/en\/international-football\/inter-miami-confirms-worrying-injury-leo-messi_305518_102.html#primaryimage"},"image":{"@id":"https:\/\/www.fcbarcelonanoticias.com\/en\/international-football\/inter-miami-confirms-worrying-injury-leo-messi_305518_102.html#primaryimage"},"thumbnailUrl":"https:\/\/www.fcbarcelonanoticias.com\/en\/wp-content\/uploads\/sites\/2\/2024\/07\/leo-messi-v-colombia.jpeg","datePublished":"2024-07-16T22:13:00+00:00","author":{"@id":"https:\/\/www.fcbarcelonanoticias.com\/en\/#\/schema\/person\/c2cd9f6fa1af5c0d0eccd0fefa575c88"},"description":"Inter Miami confirmed this Tuesday an injury to the right ankle ligament of its star, Leo Messi, suffered during the Copa Am\u00e9rica final. Although the club does not specify the time he will be out, it is likely that the '10' will be out for more than a month","breadcrumb":{"@id":"https:\/\/www.fcbarcelonanoticias.com\/en\/international-football\/inter-miami-confirms-worrying-injury-leo-messi_305518_102.html#breadcrumb"},"inLanguage":"en-US","potentialAction":[{"@type":"ReadAction","target":["https:\/\/www.fcbarcelonanoticias.com\/en\/international-football\/inter-miami-confirms-worrying-injury-leo-messi_305518_102.html"]}]},{"@type":"ImageObject","inLanguage":"en-US","@id":"https:\/\/www.fcbarcelonanoticias.com\/en\/international-football\/inter-miami-confirms-worrying-injury-leo-messi_305518_102.html#primaryimage","url":"https:\/\/www.fcbarcelonanoticias.com\/en\/wp-content\/uploads\/sites\/2\/2024\/07\/leo-messi-v-colombia.jpeg","contentUrl":"https:\/\/www.fcbarcelonanoticias.com\/en\/wp-content\/uploads\/sites\/2\/2024\/07\/leo-messi-v-colombia.jpeg","width":1300,"height":732},{"@type":"BreadcrumbList","@id":"https:\/\/www.fcbarcelonanoticias.com\/en\/international-football\/inter-miami-confirms-worrying-injury-leo-messi_305518_102.html#breadcrumb","itemListElement":[{"@type":"ListItem","position":1,"name":"Portada","item":"https:\/\/www.fcbarcelonanoticias.com\/en\/"},{"@type":"ListItem","position":2,"name":"Inter Miami confirms Leo Messi&#8217;s worrying injury"}]},{"@type":"WebSite","@id":"https:\/\/www.fcbarcelonanoticias.com\/en\/#website","url":"https:\/\/www.fcbarcelonanoticias.com\/en\/","name":"EN - FC Barcelona Noticias","description":"","potentialAction":[{"@type":"SearchAction","target":{"@type":"EntryPoint","urlTemplate":"https:\/\/www.fcbarcelonanoticias.com\/en\/?s={search_term_string}"},"query-input":{"@type":"PropertyValueSpecification","valueRequired":true,"valueName":"search_term_string"}}],"inLanguage":"en-US"},{"@type":"Person","@id":"https:\/\/www.fcbarcelonanoticias.com\/en\/#\/schema\/person\/c2cd9f6fa1af5c0d0eccd0fefa575c88","name":"Andr\u00e9s Quiroz","image":{"@type":"ImageObject","inLanguage":"en-US","@id":"https:\/\/secure.gravatar.com\/avatar\/?s=96&d=mm&r=g","url":"https:\/\/secure.gravatar.com\/avatar\/?s=96&d=mm&r=g","contentUrl":"https:\/\/secure.gravatar.com\/avatar\/?s=96&d=mm&r=g","caption":"Andr\u00e9s Quiroz"},"description":"Licenciado en Periodismo por la Universidad de los Andes. Me encargo de analizar y compartir los contenidos m\u00e1s destacados de la\u00a0actualidad del F\u00fatbol Club Barcelona, Mercado de Fichajes y F\u00fatbol Internacional en FCBN. La informaci\u00f3n es poder, pero tambi\u00e9n conocimiento.","url":"https:\/\/www.fcbarcelonanoticias.com\/en\/fc-barcelona\/andres-quiroz_17_115.html"}]}},"_links":{"self":[{"href":"https:\/\/www.fcbarcelonanoticias.com\/en\/wp-json\/wp\/v2\/posts\/44559","targetHints":{"allow":["GET"]}}],"collection":[{"href":"https:\/\/www.fcbarcelonanoticias.com\/en\/wp-json\/wp\/v2\/posts"}],"about":[{"href":"https:\/\/www.fcbarcelonanoticias.com\/en\/wp-json\/wp\/v2\/types\/post"}],"author":[{"embeddable":true,"href":"https:\/\/www.fcbarcelonanoticias.com\/en\/wp-json\/wp\/v2\/users\/347"}],"replies":[{"embeddable":true,"href":"https:\/\/www.fcbarcelonanoticias.com\/en\/wp-json\/wp\/v2\/comments?post=44559"}],"version-history":[{"count":1,"href":"https:\/\/www.fcbarcelonanoticias.com\/en\/wp-json\/wp\/v2\/posts\/44559\/revisions"}],"predecessor-version":[{"id":115019,"href":"https:\/\/www.fcbarcelonanoticias.com\/en\/wp-json\/wp\/v2\/posts\/44559\/revisions\/115019"}],"wp:featuredmedia":[{"embeddable":true,"href":"https:\/\/www.fcbarcelonanoticias.com\/en\/wp-json\/wp\/v2\/media\/44561"}],"wp:attachment":[{"href":"https:\/\/www.fcbarcelonanoticias.com\/en\/wp-json\/wp\/v2\/media?parent=44559"}],"wp:term":[{"taxonomy":"category","embeddable":true,"href":"https:\/\/www.fcbarcelonanoticias.com\/en\/wp-json\/wp\/v2\/categories?post=44559"},{"taxonomy":"post_tag","embeddable":true,"href":"https:\/\/www.fcbarcelonanoticias.com\/en\/wp-json\/wp\/v2\/tags?post=44559"}],"curies":[{"name":"wp","href":"https:\/\/api.w.org\/{rel}","templated":true}]}}