{"id":44864,"date":"2022-10-04T02:53:00","date_gmt":"2022-10-04T00:53:00","guid":{"rendered":"https:\/\/weisetech.dev\/fc-barcelona-noticias\/en\/lautaro-martinez-of-possible-relief-of-suarez-in-the-barca_285059_102\/"},"modified":"2022-10-04T03:00:00","modified_gmt":"2022-10-04T01:00:00","slug":"lautaro-martinez-of-possible-relief-of-suarez-in-the-barca_285059_102","status":"publish","type":"post","link":"https:\/\/www.fcbarcelonanoticias.com\/en\/international-football\/lautaro-martinez-of-possible-relief-of-suarez-in-the-barca_285059_102.html","title":{"rendered":"Lautaro Mart\u00ednez, from possible replacement of Su\u00e1rez in Bar\u00e7a to great star of Inter"},"content":{"rendered":"<h2 class=\"wp-block-heading\">In March 2020, Lautaro Mart\u00ednez pointed out as the favorite of the board headed by Josep Mar\u00eda Bartomeu to become the new &#8216;9&#8217; of FC Barcelona. However, the Argentine stayed at Inter Milan, where today he is the main figure<\/h2>  \r\n<div class=\"article-addons\">\r\n    <a href=\"https:\/\/www.fcbarcelonanoticias.com\/en\/calendar-fc-barcelona.html\"\r\n       target=\"_self\"\r\n       title=\"Calendar of FC Barcelona\"\r\n       class=\"blue-gredient-btn\">\r\n       \r\n        Calendar of FC Barcelona    <\/a>\r\n<\/div>   <p>The Tuesday, Lautaro Mart\u00ednez will see the faces again with <a data-external=\"0\" data-intl-links-en=\"https:\/\/www.fcbarcelonanoticias.com\/en\/champions-league\/the-reunion-that-will-give-in-the-inter-barca_285034_102.html\" data-intl-links-es=\"https:\/\/www.fcbarcelonanoticias.com\/champions-league\/reencuentro-se-dara-en-inter-barca_285034_102.html\" href=\"https:\/\/www.fcbarcelonanoticias.com\/en\/champions-league\/the-reunion-that-will-give-in-the-inter-barca_285034_102.html\" rel=\"follow\" target=\"_self\" title=\"El reencuentro que se dar\u00e1 en el Inter-Bar\u00e7a\">the FC Barcelona<\/a>, club to the that was very near to arrive in 2020. In March of that year, the Argentinian formed a fantastic pair with Romelu Lukaku that seemed to direct to the Inter of Milan to his first &#8216;scudetti&#8217; from 2010. However,<strong> the arrival of the pandemia of the COVID-10 threw all the plans of the of White Bay by embroiders it<\/strong>: the Juventus finished remaining with the title and his signing by the Bar\u00e7a remained in rumours.<\/p>  <p>For Josep Mar\u00eda Bartomeu, <strong>the then forward of 22 years was the best alternative to replace to Luis Su\u00e1rez<\/strong>, the one who finish leaving at the end of the 2019-20 to the Athletic of Madrid. In that then, Lautaro already was the fixed mate of Leo Messi in the attack of the Argentinian selection and, of course, the &#8217;10&#8217; endorsed his arrival to Catalonia, but the financial crisis desatada in Can Bar\u00e7a as a result of the pandemia did unfeasible the operation.<\/p>  <p>Finally, <strong>Mart\u00ednez remained in the Inter and had revancha in the Calcium in the season 2020-21<\/strong>, where the &#8216;neroazzurros&#8217; at last cut the series of ten consecutive titles of the Juve. The Argentinian reencontr\u00f3 this year with Lukaku, although the physical problems of the Belgian have prevented him play in the last month and, except surprise, neither will see action the Tuesday in front of the Bar\u00e7a, leaving the offensive weight in the feet of the player of 25 years and of the experienced Edin Dzeko.<\/p>  <p>With agreement until June of 2026, <strong>Lautaro aims to remain long more in <a data-external=\"0\" data-intl-links-en=\"https:\/\/www.fcbarcelonanoticias.com\/en\/champions-league\/bad-news-for-the-barca-lautaro-is-healthy-and-will-be-able-to-j_285035_102.html\" data-intl-links-es=\"https:\/\/www.fcbarcelonanoticias.com\/champions-league\/malas-noticias-barcelona-lautaro-esta-sano-podra-jugar_285035_102.html\" href=\"https:\/\/www.fcbarcelonanoticias.com\/en\/champions-league\/bad-news-for-the-barca-lautaro-is-healthy-and-will-be-able-to-j_285035_102.html\" rel=\"follow\" target=\"_self\" title=\"Malas noticias para el Bar\u00e7a: Lautaro est\u00e1 sano y podr\u00e1 jugar\">the Inter<\/a>, where is the big figure and up to now adds 77 goals and 25 assistances in 191 official <\/strong>parties from his arrival to Italy in the summer of 2018, pertinent of the Racing Club of Avellaneda. It will go back Mart\u00ednez to the orbit cul\u00e9? For now, it is totally descartado, although in the future anything can suceder, more if the concrete Argentinian a good performance in the World-wide of Catar, his next big challenge.<\/p>  <h3>Lautaro already knows what is to annotate him to the Bar\u00e7a<\/h3>  <p><strong>The Argentinian converted 5 goals in 6 parties of the phase of groups of the Champions League 2019-20<\/strong>. In spite of his stupendous contribution, the Inter finish third in a group that shared with the Bar\u00e7a, the Borussia Dortmund and the Slavia Prague. The Germans were escorts of the cul\u00e9s and the &#8216;neroazzurros&#8217; resignaron with contesting the Europe League, tournament of the cual were runners-up after falling in the final in front of the Seville.<\/p>  <p>In front of the group blaugrana, <strong>Lautaro wetted in the minute 2 of the party contested in Camp Nou on 2 October 2019<\/strong>. A doublet of Luis Su\u00e1rez in the second part served to the group directed by Ernesto Valverde to give turn to the party. In Milan, the cul\u00e9s imposed by identical marker in December in the last day of the phase of groups. The canteranos Carles P\u00e9rez and Ansu Fati marked by the Bar\u00e7a, whereas Lukaku there was empatado for the venues.<\/p> ","protected":false},"excerpt":{"rendered":"<p>In March 2020, Lautaro Mart\u00ednez pointed out as the favorite of the board headed by Josep Mar\u00eda Bartomeu to become the new &#8216;9&#8217; of FC Barcelona. However, the Argentine stayed at Inter Milan, where today he is the main figure The Tuesday, Lautaro Mart\u00ednez will see the faces again with the FC Barcelona, club to [&hellip;]<\/p>\n","protected":false},"author":347,"featured_media":5339,"comment_status":"closed","ping_status":"open","sticky":false,"template":"","format":"standard","meta":{"_acf_changed":false,"inline_featured_image":false,"_nextfly_llmd_date_locked":false,"footnotes":""},"categories":[111],"tags":[100,254,135],"class_list":["post-44864","post","type-post","status-publish","format-standard","has-post-thumbnail","hentry","category-fc-barcelona","tag-inter-milan","tag-lautaro-martinez","tag-luis-suarez"],"acf":[],"yoast_head":"<!-- This site is optimized with the Yoast SEO plugin v27.3 - https:\/\/yoast.com\/product\/yoast-seo-wordpress\/ -->\n<title>Lautaro Mart\u00ednez, from possible replacement of Su\u00e1rez in Bar\u00e7a to great star of Inter<\/title>\n<meta name=\"description\" content=\"In March of 2020, Lautaro Mart\u00ednez aimed like the favourite of the directive headed by Josep Mar\u00eda Bartomeu to turn into the new &#039;9&#039; of the FC Barc...\" \/>\n<meta name=\"robots\" content=\"index, follow, max-snippet:-1, max-image-preview:large, max-video-preview:-1\" \/>\n<link rel=\"canonical\" href=\"https:\/\/www.fcbarcelonanoticias.com\/en\/international-football\/lautaro-martinez-of-possible-relief-of-suarez-in-the-barca_285059_102.html\" \/>\n<meta property=\"og:locale\" content=\"en_US\" \/>\n<meta property=\"og:type\" content=\"article\" \/>\n<meta property=\"og:title\" content=\"Lautaro Mart\u00ednez, from possible replacement of Su\u00e1rez in Bar\u00e7a to great star of Inter\" \/>\n<meta property=\"og:description\" content=\"In March of 2020, Lautaro Mart\u00ednez aimed like the favourite of the directive headed by Josep Mar\u00eda Bartomeu to turn into the new &#039;9&#039; of the FC Barc...\" \/>\n<meta property=\"og:url\" content=\"https:\/\/www.fcbarcelonanoticias.com\/en\/international-football\/lautaro-martinez-of-possible-relief-of-suarez-in-the-barca_285059_102.html\" \/>\n<meta property=\"og:site_name\" content=\"EN - FC Barcelona Noticias\" \/>\n<meta property=\"article:published_time\" content=\"2022-10-04T00:53:00+00:00\" \/>\n<meta property=\"article:modified_time\" content=\"2022-10-04T01:00:00+00:00\" \/>\n<meta property=\"og:image\" content=\"https:\/\/www.fcbarcelonanoticias.com\/en\/wp-content\/uploads\/sites\/2\/2025\/04\/lautaro-martinez-inter-milan.jpeg\" \/>\n\t<meta property=\"og:image:width\" content=\"1200\" \/>\n\t<meta property=\"og:image:height\" content=\"675\" \/>\n\t<meta property=\"og:image:type\" content=\"image\/jpeg\" \/>\n<meta name=\"author\" content=\"Andr\u00e9s Quiroz\" \/>\n<meta name=\"twitter:card\" content=\"summary_large_image\" \/>\n<meta name=\"twitter:label1\" content=\"Written by\" \/>\n\t<meta name=\"twitter:data1\" content=\"Andr\u00e9s Quiroz\" \/>\n\t<meta name=\"twitter:label2\" content=\"Est. reading time\" \/>\n\t<meta name=\"twitter:data2\" content=\"3 minutes\" \/>\n<script type=\"application\/ld+json\" class=\"yoast-schema-graph\">{\"@context\":\"https:\\\/\\\/schema.org\",\"@graph\":[{\"@type\":\"Article\",\"@id\":\"https:\\\/\\\/www.fcbarcelonanoticias.com\\\/en\\\/international-football\\\/lautaro-martinez-of-possible-relief-of-suarez-in-the-barca_285059_102.html#article\",\"isPartOf\":{\"@id\":\"https:\\\/\\\/www.fcbarcelonanoticias.com\\\/en\\\/international-football\\\/lautaro-martinez-of-possible-relief-of-suarez-in-the-barca_285059_102.html\"},\"author\":{\"name\":\"Andr\u00e9s Quiroz\",\"@id\":\"https:\\\/\\\/www.fcbarcelonanoticias.com\\\/en\\\/#\\\/schema\\\/person\\\/c2cd9f6fa1af5c0d0eccd0fefa575c88\"},\"headline\":\"Lautaro Mart\u00ednez, from possible replacement of Su\u00e1rez in Bar\u00e7a to great star of Inter\",\"datePublished\":\"2022-10-04T00:53:00+00:00\",\"dateModified\":\"2022-10-04T01:00:00+00:00\",\"mainEntityOfPage\":{\"@id\":\"https:\\\/\\\/www.fcbarcelonanoticias.com\\\/en\\\/international-football\\\/lautaro-martinez-of-possible-relief-of-suarez-in-the-barca_285059_102.html\"},\"wordCount\":575,\"image\":{\"@id\":\"https:\\\/\\\/www.fcbarcelonanoticias.com\\\/en\\\/international-football\\\/lautaro-martinez-of-possible-relief-of-suarez-in-the-barca_285059_102.html#primaryimage\"},\"thumbnailUrl\":\"https:\\\/\\\/www.fcbarcelonanoticias.com\\\/en\\\/wp-content\\\/uploads\\\/sites\\\/2\\\/2025\\\/04\\\/lautaro-martinez-inter-milan.jpeg\",\"keywords\":[\"Inter Milan\",\"Lautaro Mart\u00ednez\",\"Luis Su\u00e1rez\"],\"articleSection\":[\"FC Barcelona\"],\"inLanguage\":\"en-US\"},{\"@type\":\"WebPage\",\"@id\":\"https:\\\/\\\/www.fcbarcelonanoticias.com\\\/en\\\/international-football\\\/lautaro-martinez-of-possible-relief-of-suarez-in-the-barca_285059_102.html\",\"url\":\"https:\\\/\\\/www.fcbarcelonanoticias.com\\\/en\\\/international-football\\\/lautaro-martinez-of-possible-relief-of-suarez-in-the-barca_285059_102.html\",\"name\":\"Lautaro Mart\u00ednez, from possible replacement of Su\u00e1rez in Bar\u00e7a to great star of Inter\",\"isPartOf\":{\"@id\":\"https:\\\/\\\/www.fcbarcelonanoticias.com\\\/en\\\/#website\"},\"primaryImageOfPage\":{\"@id\":\"https:\\\/\\\/www.fcbarcelonanoticias.com\\\/en\\\/international-football\\\/lautaro-martinez-of-possible-relief-of-suarez-in-the-barca_285059_102.html#primaryimage\"},\"image\":{\"@id\":\"https:\\\/\\\/www.fcbarcelonanoticias.com\\\/en\\\/international-football\\\/lautaro-martinez-of-possible-relief-of-suarez-in-the-barca_285059_102.html#primaryimage\"},\"thumbnailUrl\":\"https:\\\/\\\/www.fcbarcelonanoticias.com\\\/en\\\/wp-content\\\/uploads\\\/sites\\\/2\\\/2025\\\/04\\\/lautaro-martinez-inter-milan.jpeg\",\"datePublished\":\"2022-10-04T00:53:00+00:00\",\"dateModified\":\"2022-10-04T01:00:00+00:00\",\"author\":{\"@id\":\"https:\\\/\\\/www.fcbarcelonanoticias.com\\\/en\\\/#\\\/schema\\\/person\\\/c2cd9f6fa1af5c0d0eccd0fefa575c88\"},\"description\":\"In March of 2020, Lautaro Mart\u00ednez aimed like the favourite of the directive headed by Josep Mar\u00eda Bartomeu to turn into the new '9' of the FC Barc...\",\"breadcrumb\":{\"@id\":\"https:\\\/\\\/www.fcbarcelonanoticias.com\\\/en\\\/international-football\\\/lautaro-martinez-of-possible-relief-of-suarez-in-the-barca_285059_102.html#breadcrumb\"},\"inLanguage\":\"en-US\",\"potentialAction\":[{\"@type\":\"ReadAction\",\"target\":[\"https:\\\/\\\/www.fcbarcelonanoticias.com\\\/en\\\/international-football\\\/lautaro-martinez-of-possible-relief-of-suarez-in-the-barca_285059_102.html\"]}]},{\"@type\":\"ImageObject\",\"inLanguage\":\"en-US\",\"@id\":\"https:\\\/\\\/www.fcbarcelonanoticias.com\\\/en\\\/international-football\\\/lautaro-martinez-of-possible-relief-of-suarez-in-the-barca_285059_102.html#primaryimage\",\"url\":\"https:\\\/\\\/www.fcbarcelonanoticias.com\\\/en\\\/wp-content\\\/uploads\\\/sites\\\/2\\\/2025\\\/04\\\/lautaro-martinez-inter-milan.jpeg\",\"contentUrl\":\"https:\\\/\\\/www.fcbarcelonanoticias.com\\\/en\\\/wp-content\\\/uploads\\\/sites\\\/2\\\/2025\\\/04\\\/lautaro-martinez-inter-milan.jpeg\",\"width\":1200,\"height\":675},{\"@type\":\"BreadcrumbList\",\"@id\":\"https:\\\/\\\/www.fcbarcelonanoticias.com\\\/en\\\/international-football\\\/lautaro-martinez-of-possible-relief-of-suarez-in-the-barca_285059_102.html#breadcrumb\",\"itemListElement\":[{\"@type\":\"ListItem\",\"position\":1,\"name\":\"Portada\",\"item\":\"https:\\\/\\\/www.fcbarcelonanoticias.com\\\/en\\\/\"},{\"@type\":\"ListItem\",\"position\":2,\"name\":\"Lautaro Mart\u00ednez, from possible replacement of Su\u00e1rez in Bar\u00e7a to great star of Inter\"}]},{\"@type\":\"WebSite\",\"@id\":\"https:\\\/\\\/www.fcbarcelonanoticias.com\\\/en\\\/#website\",\"url\":\"https:\\\/\\\/www.fcbarcelonanoticias.com\\\/en\\\/\",\"name\":\"EN - FC Barcelona Noticias\",\"description\":\"\",\"potentialAction\":[{\"@type\":\"SearchAction\",\"target\":{\"@type\":\"EntryPoint\",\"urlTemplate\":\"https:\\\/\\\/www.fcbarcelonanoticias.com\\\/en\\\/?s={search_term_string}\"},\"query-input\":{\"@type\":\"PropertyValueSpecification\",\"valueRequired\":true,\"valueName\":\"search_term_string\"}}],\"inLanguage\":\"en-US\"},{\"@type\":\"Person\",\"@id\":\"https:\\\/\\\/www.fcbarcelonanoticias.com\\\/en\\\/#\\\/schema\\\/person\\\/c2cd9f6fa1af5c0d0eccd0fefa575c88\",\"name\":\"Andr\u00e9s Quiroz\",\"image\":{\"@type\":\"ImageObject\",\"inLanguage\":\"en-US\",\"@id\":\"https:\\\/\\\/secure.gravatar.com\\\/avatar\\\/?s=96&d=mm&r=g\",\"url\":\"https:\\\/\\\/secure.gravatar.com\\\/avatar\\\/?s=96&d=mm&r=g\",\"contentUrl\":\"https:\\\/\\\/secure.gravatar.com\\\/avatar\\\/?s=96&d=mm&r=g\",\"caption\":\"Andr\u00e9s Quiroz\"},\"description\":\"Licenciado en Periodismo por la Universidad de los Andes. Me encargo de analizar y compartir los contenidos m\u00e1s destacados de la\u00a0actualidad del F\u00fatbol Club Barcelona, Mercado de Fichajes y F\u00fatbol Internacional en FCBN. La informaci\u00f3n es poder, pero tambi\u00e9n conocimiento.\",\"url\":\"https:\\\/\\\/www.fcbarcelonanoticias.com\\\/en\\\/fc-barcelona\\\/andres-quiroz_17_115.html\"}]}<\/script>\n<!-- \/ Yoast SEO plugin. -->","yoast_head_json":{"title":"Lautaro Mart\u00ednez, from possible replacement of Su\u00e1rez in Bar\u00e7a to great star of Inter","description":"In March of 2020, Lautaro Mart\u00ednez aimed like the favourite of the directive headed by Josep Mar\u00eda Bartomeu to turn into the new '9' of the FC Barc...","robots":{"index":"index","follow":"follow","max-snippet":"max-snippet:-1","max-image-preview":"max-image-preview:large","max-video-preview":"max-video-preview:-1"},"canonical":"https:\/\/www.fcbarcelonanoticias.com\/en\/international-football\/lautaro-martinez-of-possible-relief-of-suarez-in-the-barca_285059_102.html","og_locale":"en_US","og_type":"article","og_title":"Lautaro Mart\u00ednez, from possible replacement of Su\u00e1rez in Bar\u00e7a to great star of Inter","og_description":"In March of 2020, Lautaro Mart\u00ednez aimed like the favourite of the directive headed by Josep Mar\u00eda Bartomeu to turn into the new '9' of the FC Barc...","og_url":"https:\/\/www.fcbarcelonanoticias.com\/en\/international-football\/lautaro-martinez-of-possible-relief-of-suarez-in-the-barca_285059_102.html","og_site_name":"EN - FC Barcelona Noticias","article_published_time":"2022-10-04T00:53:00+00:00","article_modified_time":"2022-10-04T01:00:00+00:00","og_image":[{"width":1200,"height":675,"url":"https:\/\/www.fcbarcelonanoticias.com\/en\/wp-content\/uploads\/sites\/2\/2025\/04\/lautaro-martinez-inter-milan.jpeg","type":"image\/jpeg"}],"author":"Andr\u00e9s Quiroz","twitter_card":"summary_large_image","twitter_misc":{"Written by":"Andr\u00e9s Quiroz","Est. reading time":"3 minutes"},"schema":{"@context":"https:\/\/schema.org","@graph":[{"@type":"Article","@id":"https:\/\/www.fcbarcelonanoticias.com\/en\/international-football\/lautaro-martinez-of-possible-relief-of-suarez-in-the-barca_285059_102.html#article","isPartOf":{"@id":"https:\/\/www.fcbarcelonanoticias.com\/en\/international-football\/lautaro-martinez-of-possible-relief-of-suarez-in-the-barca_285059_102.html"},"author":{"name":"Andr\u00e9s Quiroz","@id":"https:\/\/www.fcbarcelonanoticias.com\/en\/#\/schema\/person\/c2cd9f6fa1af5c0d0eccd0fefa575c88"},"headline":"Lautaro Mart\u00ednez, from possible replacement of Su\u00e1rez in Bar\u00e7a to great star of Inter","datePublished":"2022-10-04T00:53:00+00:00","dateModified":"2022-10-04T01:00:00+00:00","mainEntityOfPage":{"@id":"https:\/\/www.fcbarcelonanoticias.com\/en\/international-football\/lautaro-martinez-of-possible-relief-of-suarez-in-the-barca_285059_102.html"},"wordCount":575,"image":{"@id":"https:\/\/www.fcbarcelonanoticias.com\/en\/international-football\/lautaro-martinez-of-possible-relief-of-suarez-in-the-barca_285059_102.html#primaryimage"},"thumbnailUrl":"https:\/\/www.fcbarcelonanoticias.com\/en\/wp-content\/uploads\/sites\/2\/2025\/04\/lautaro-martinez-inter-milan.jpeg","keywords":["Inter Milan","Lautaro Mart\u00ednez","Luis Su\u00e1rez"],"articleSection":["FC Barcelona"],"inLanguage":"en-US"},{"@type":"WebPage","@id":"https:\/\/www.fcbarcelonanoticias.com\/en\/international-football\/lautaro-martinez-of-possible-relief-of-suarez-in-the-barca_285059_102.html","url":"https:\/\/www.fcbarcelonanoticias.com\/en\/international-football\/lautaro-martinez-of-possible-relief-of-suarez-in-the-barca_285059_102.html","name":"Lautaro Mart\u00ednez, from possible replacement of Su\u00e1rez in Bar\u00e7a to great star of Inter","isPartOf":{"@id":"https:\/\/www.fcbarcelonanoticias.com\/en\/#website"},"primaryImageOfPage":{"@id":"https:\/\/www.fcbarcelonanoticias.com\/en\/international-football\/lautaro-martinez-of-possible-relief-of-suarez-in-the-barca_285059_102.html#primaryimage"},"image":{"@id":"https:\/\/www.fcbarcelonanoticias.com\/en\/international-football\/lautaro-martinez-of-possible-relief-of-suarez-in-the-barca_285059_102.html#primaryimage"},"thumbnailUrl":"https:\/\/www.fcbarcelonanoticias.com\/en\/wp-content\/uploads\/sites\/2\/2025\/04\/lautaro-martinez-inter-milan.jpeg","datePublished":"2022-10-04T00:53:00+00:00","dateModified":"2022-10-04T01:00:00+00:00","author":{"@id":"https:\/\/www.fcbarcelonanoticias.com\/en\/#\/schema\/person\/c2cd9f6fa1af5c0d0eccd0fefa575c88"},"description":"In March of 2020, Lautaro Mart\u00ednez aimed like the favourite of the directive headed by Josep Mar\u00eda Bartomeu to turn into the new '9' of the FC Barc...","breadcrumb":{"@id":"https:\/\/www.fcbarcelonanoticias.com\/en\/international-football\/lautaro-martinez-of-possible-relief-of-suarez-in-the-barca_285059_102.html#breadcrumb"},"inLanguage":"en-US","potentialAction":[{"@type":"ReadAction","target":["https:\/\/www.fcbarcelonanoticias.com\/en\/international-football\/lautaro-martinez-of-possible-relief-of-suarez-in-the-barca_285059_102.html"]}]},{"@type":"ImageObject","inLanguage":"en-US","@id":"https:\/\/www.fcbarcelonanoticias.com\/en\/international-football\/lautaro-martinez-of-possible-relief-of-suarez-in-the-barca_285059_102.html#primaryimage","url":"https:\/\/www.fcbarcelonanoticias.com\/en\/wp-content\/uploads\/sites\/2\/2025\/04\/lautaro-martinez-inter-milan.jpeg","contentUrl":"https:\/\/www.fcbarcelonanoticias.com\/en\/wp-content\/uploads\/sites\/2\/2025\/04\/lautaro-martinez-inter-milan.jpeg","width":1200,"height":675},{"@type":"BreadcrumbList","@id":"https:\/\/www.fcbarcelonanoticias.com\/en\/international-football\/lautaro-martinez-of-possible-relief-of-suarez-in-the-barca_285059_102.html#breadcrumb","itemListElement":[{"@type":"ListItem","position":1,"name":"Portada","item":"https:\/\/www.fcbarcelonanoticias.com\/en\/"},{"@type":"ListItem","position":2,"name":"Lautaro Mart\u00ednez, from possible replacement of Su\u00e1rez in Bar\u00e7a to great star of Inter"}]},{"@type":"WebSite","@id":"https:\/\/www.fcbarcelonanoticias.com\/en\/#website","url":"https:\/\/www.fcbarcelonanoticias.com\/en\/","name":"EN - FC Barcelona Noticias","description":"","potentialAction":[{"@type":"SearchAction","target":{"@type":"EntryPoint","urlTemplate":"https:\/\/www.fcbarcelonanoticias.com\/en\/?s={search_term_string}"},"query-input":{"@type":"PropertyValueSpecification","valueRequired":true,"valueName":"search_term_string"}}],"inLanguage":"en-US"},{"@type":"Person","@id":"https:\/\/www.fcbarcelonanoticias.com\/en\/#\/schema\/person\/c2cd9f6fa1af5c0d0eccd0fefa575c88","name":"Andr\u00e9s Quiroz","image":{"@type":"ImageObject","inLanguage":"en-US","@id":"https:\/\/secure.gravatar.com\/avatar\/?s=96&d=mm&r=g","url":"https:\/\/secure.gravatar.com\/avatar\/?s=96&d=mm&r=g","contentUrl":"https:\/\/secure.gravatar.com\/avatar\/?s=96&d=mm&r=g","caption":"Andr\u00e9s Quiroz"},"description":"Licenciado en Periodismo por la Universidad de los Andes. Me encargo de analizar y compartir los contenidos m\u00e1s destacados de la\u00a0actualidad del F\u00fatbol Club Barcelona, Mercado de Fichajes y F\u00fatbol Internacional en FCBN. La informaci\u00f3n es poder, pero tambi\u00e9n conocimiento.","url":"https:\/\/www.fcbarcelonanoticias.com\/en\/fc-barcelona\/andres-quiroz_17_115.html"}]}},"_links":{"self":[{"href":"https:\/\/www.fcbarcelonanoticias.com\/en\/wp-json\/wp\/v2\/posts\/44864","targetHints":{"allow":["GET"]}}],"collection":[{"href":"https:\/\/www.fcbarcelonanoticias.com\/en\/wp-json\/wp\/v2\/posts"}],"about":[{"href":"https:\/\/www.fcbarcelonanoticias.com\/en\/wp-json\/wp\/v2\/types\/post"}],"author":[{"embeddable":true,"href":"https:\/\/www.fcbarcelonanoticias.com\/en\/wp-json\/wp\/v2\/users\/347"}],"replies":[{"embeddable":true,"href":"https:\/\/www.fcbarcelonanoticias.com\/en\/wp-json\/wp\/v2\/comments?post=44864"}],"version-history":[{"count":1,"href":"https:\/\/www.fcbarcelonanoticias.com\/en\/wp-json\/wp\/v2\/posts\/44864\/revisions"}],"predecessor-version":[{"id":115419,"href":"https:\/\/www.fcbarcelonanoticias.com\/en\/wp-json\/wp\/v2\/posts\/44864\/revisions\/115419"}],"wp:featuredmedia":[{"embeddable":true,"href":"https:\/\/www.fcbarcelonanoticias.com\/en\/wp-json\/wp\/v2\/media\/5339"}],"wp:attachment":[{"href":"https:\/\/www.fcbarcelonanoticias.com\/en\/wp-json\/wp\/v2\/media?parent=44864"}],"wp:term":[{"taxonomy":"category","embeddable":true,"href":"https:\/\/www.fcbarcelonanoticias.com\/en\/wp-json\/wp\/v2\/categories?post=44864"},{"taxonomy":"post_tag","embeddable":true,"href":"https:\/\/www.fcbarcelonanoticias.com\/en\/wp-json\/wp\/v2\/tags?post=44864"}],"curies":[{"name":"wp","href":"https:\/\/api.w.org\/{rel}","templated":true}]}}