{"id":45074,"date":"2023-09-20T23:08:00","date_gmt":"2023-09-20T21:08:00","guid":{"rendered":"https:\/\/weisetech.dev\/fc-barcelona-noticias\/en\/luis-enrique-gets-wet-about-dembele-scoring-drought-with-psg_296343_102\/"},"modified":"2023-09-20T23:13:00","modified_gmt":"2023-09-20T21:13:00","slug":"luis-enrique-gets-wet-about-dembele-scoring-drought-with-psg_296343_102","status":"publish","type":"post","link":"https:\/\/www.fcbarcelonanoticias.com\/en\/international-football\/luis-enrique-gets-wet-about-dembele-scoring-drought-with-psg_296343_102.html","title":{"rendered":"Luis Enrique gets &#8216;wet&#8217; about Demb\u00e9l\u00e9&#8217;s scoring drought with PSG"},"content":{"rendered":"<h2 class=\"wp-block-heading\">Ousmane Demb\u00e9l\u00e9 has not started his adventure with PSG as he expected.  The Frenchman has not yet managed to score his first goal in the Parisian shirt.  Given this, Luis Enrique, the current coach of the Parisian team, has come out in his defense and has given him his support<\/h2>  \r\n<div class=\"article-addons\">\r\n    <a href=\"https:\/\/www.fcbarcelonanoticias.com\/en\/calendar-fc-barcelona.html\"\r\n       target=\"_self\"\r\n       title=\"Calendar of FC Barcelona\"\r\n       class=\"blue-gredient-btn\">\r\n       \r\n        Calendar of FC Barcelona    <\/a>\r\n<\/div>   <p>Ousmane Demb\u00e9l\u00e9, the one who had a stood out campaign 2022\/2023 with the FC Barcelona, annotating eight goals and offering nine assistances, converted , <a data-external=\"0\" data-intl-links-en=\"https:\/\/www.fcbarcelonanoticias.com\/en\/transfers\/dembele-kolo-muani-chosen-psg-replace-mbappe_294648_102.html\" data-intl-links-es=\"https:\/\/www.fcbarcelonanoticias.com\/fichajes\/dembele-kolo-muani-elegidos-psg-reemplazar-mbappe_294648_102.html\" href=\"https:\/\/www.fcbarcelonanoticias.com\/en\/transfers\/dembele-kolo-muani-chosen-psg-replace-mbappe_294648_102.html\" rel=\"follow\" target=\"_self\" title=\"Demb\u00e9l\u00e9 y Kolo Muani, los elegidos del PSG para reemplazar a Mbapp\u00e9\">beside Randal Kolo Muani<\/a>, <strong>in one of the stellar signings of the Paris Saint Germain for the season 2023\/2024<\/strong>. Although it is too early to take out conclusions, up to now the French has not fulfilled with the expectations deposited in him.<\/p>  <p>In his moment, the &#8216;Mosquito&#8217; was fichado by the PSG <a data-external=\"0\" data-intl-links-en=\"https:\/\/www.fcbarcelonanoticias.com\/en\/real-madrid\/mbappe-follows-planning-leave-the-psg-free-in-the-summer-of-2024_295833_102.html\" data-intl-links-es=\"https:\/\/www.fcbarcelonanoticias.com\/real-madrid\/sonrie-madrid-mbappe-sigue-con-su-plan-salir-libre-en-2024-psg_295833_102.html\" href=\"https:\/\/www.fcbarcelonanoticias.com\/en\/real-madrid\/mbappe-follows-planning-leave-the-psg-free-in-the-summer-of-2024_295833_102.html\" rel=\"follow\" target=\"_self\" title=\"\u00bfSonr\u00ede el Madrid? Mbapp\u00e9 sigue con su plan de salir libre en 2024 del PSG\">to cover the possible exit of Kylian Mbapp\u00e9<\/a>. Fortunately, for the Parisians, <strong>&#8216;Donatello&#8217; remained and has been the main offensive referent of the team, converting eight targets in five duels<\/strong>, whereas the performance of the ex of the Rennes has been much more discreet.<\/p>  <h2>How it has gone him to Demb\u00e9l\u00e9 in the PSG?<\/h2>  <p>Ousmane Demb\u00e9l\u00e9 Has been headline in the last four parties of the Paris Saint Germain, but after 351 minutes <strong>still has not attained to mark his first goal with the Parisian T-shirt<\/strong>. Although it has showed a good level, with his characteristic speed and dribblings by the left side, still has not attained to find the network.<\/p>  <h2>Luis Enrique and his &#8216;espaldarazo&#8217; to Demb\u00e9l\u00e9<\/h2>  <p>In the back press conference to the victory of the PSG on the Borussia Dortmund in the League of Champions, the trainer Luis Enrique backed to Ousmane Demb\u00e9l\u00e9, saying: &#8220;<strong>If I was interested of any team, would pay gustosamente the entrance to see to Ousmane Demb\u00e9l\u00e9<\/strong>. It is a totally different player, that follows trying it even after failing thrice. It does desbordes with magic&#8221;.<\/p>  <p>Also it explained why the &#8216;Mosquito&#8217; still has not marked his first goal with the square of the Park of the Princes: &#8220;<strong>Perhaps now it is anxious for marking, but when it leave to wish it, will mark many<\/strong>. It is a process by which all the forwards happen. Have a player of this level is a wonder for any trainer&#8221;, sentenced Luis Enrique.<\/p> ","protected":false},"excerpt":{"rendered":"<p>Ousmane Demb\u00e9l\u00e9 has not started his adventure with PSG as he expected. The Frenchman has not yet managed to score his first goal in the Parisian shirt. Given this, Luis Enrique, the current coach of the Parisian team, has come out in his defense and has given him his support Ousmane Demb\u00e9l\u00e9, the one who [&hellip;]<\/p>\n","protected":false},"author":355,"featured_media":44569,"comment_status":"closed","ping_status":"open","sticky":false,"template":"","format":"standard","meta":{"_acf_changed":false,"inline_featured_image":false,"_nextfly_llmd_date_locked":false,"footnotes":""},"categories":[1],"tags":[146,148,88],"class_list":["post-45074","post","type-post","status-publish","format-standard","has-post-thumbnail","hentry","category-sin-categoria","tag-dembele","tag-luis-enrique","tag-paris-saint-germain"],"acf":[],"yoast_head":"<!-- This site is optimized with the Yoast SEO plugin v27.3 - https:\/\/yoast.com\/product\/yoast-seo-wordpress\/ -->\n<title>Luis Enrique gets &#039;wet&#039; about Demb\u00e9l\u00e9&#039;s scoring drought with PSG<\/title>\n<meta name=\"description\" content=\"Ousmane Demb\u00e9l\u00e9 has not started his adventure with PSG as he expected. The Frenchman has not yet managed to score his first goal in the Parisian shirt. Given this, Luis Enrique, the current coach of the Parisian team, has come out in his defense and has given him his support\" \/>\n<meta name=\"robots\" content=\"index, follow, max-snippet:-1, max-image-preview:large, max-video-preview:-1\" \/>\n<link rel=\"canonical\" href=\"https:\/\/www.fcbarcelonanoticias.com\/en\/international-football\/luis-enrique-gets-wet-about-dembele-scoring-drought-with-psg_296343_102.html\" \/>\n<meta property=\"og:locale\" content=\"en_US\" \/>\n<meta property=\"og:type\" content=\"article\" \/>\n<meta property=\"og:title\" content=\"Luis Enrique gets &#039;wet&#039; about Demb\u00e9l\u00e9&#039;s scoring drought with PSG\" \/>\n<meta property=\"og:description\" content=\"Ousmane Demb\u00e9l\u00e9 has not started his adventure with PSG as he expected. The Frenchman has not yet managed to score his first goal in the Parisian shirt. Given this, Luis Enrique, the current coach of the Parisian team, has come out in his defense and has given him his support\" \/>\n<meta property=\"og:url\" content=\"https:\/\/www.fcbarcelonanoticias.com\/en\/international-football\/luis-enrique-gets-wet-about-dembele-scoring-drought-with-psg_296343_102.html\" \/>\n<meta property=\"og:site_name\" content=\"EN - FC Barcelona Noticias\" \/>\n<meta property=\"article:published_time\" content=\"2023-09-20T21:08:00+00:00\" \/>\n<meta property=\"article:modified_time\" content=\"2023-09-20T21:13:00+00:00\" \/>\n<meta property=\"og:image\" content=\"https:\/\/www.fcbarcelonanoticias.com\/en\/wp-content\/uploads\/sites\/2\/2023\/09\/luis-enrique-y-ousmane-dembele-en-el-psg-en-el-duelo-contra-el-lens.png\" \/>\n\t<meta property=\"og:image:width\" content=\"1300\" \/>\n\t<meta property=\"og:image:height\" content=\"732\" \/>\n\t<meta property=\"og:image:type\" content=\"image\/png\" \/>\n<meta name=\"author\" content=\"Kevin G\u00f3mez\" \/>\n<meta name=\"twitter:card\" content=\"summary_large_image\" \/>\n<meta name=\"twitter:label1\" content=\"Written by\" \/>\n\t<meta name=\"twitter:data1\" content=\"Kevin G\u00f3mez\" \/>\n\t<meta name=\"twitter:label2\" content=\"Est. reading time\" \/>\n\t<meta name=\"twitter:data2\" content=\"2 minutes\" \/>\n<script type=\"application\/ld+json\" class=\"yoast-schema-graph\">{\"@context\":\"https:\\\/\\\/schema.org\",\"@graph\":[{\"@type\":\"Article\",\"@id\":\"https:\\\/\\\/www.fcbarcelonanoticias.com\\\/en\\\/international-football\\\/luis-enrique-gets-wet-about-dembele-scoring-drought-with-psg_296343_102.html#article\",\"isPartOf\":{\"@id\":\"https:\\\/\\\/www.fcbarcelonanoticias.com\\\/en\\\/international-football\\\/luis-enrique-gets-wet-about-dembele-scoring-drought-with-psg_296343_102.html\"},\"author\":{\"name\":\"Kevin G\u00f3mez\",\"@id\":\"https:\\\/\\\/www.fcbarcelonanoticias.com\\\/en\\\/#\\\/schema\\\/person\\\/991443f134df9a64c6874f96ff984c9d\"},\"headline\":\"Luis Enrique gets &#8216;wet&#8217; about Demb\u00e9l\u00e9&#8217;s scoring drought with PSG\",\"datePublished\":\"2023-09-20T21:08:00+00:00\",\"dateModified\":\"2023-09-20T21:13:00+00:00\",\"mainEntityOfPage\":{\"@id\":\"https:\\\/\\\/www.fcbarcelonanoticias.com\\\/en\\\/international-football\\\/luis-enrique-gets-wet-about-dembele-scoring-drought-with-psg_296343_102.html\"},\"wordCount\":388,\"image\":{\"@id\":\"https:\\\/\\\/www.fcbarcelonanoticias.com\\\/en\\\/international-football\\\/luis-enrique-gets-wet-about-dembele-scoring-drought-with-psg_296343_102.html#primaryimage\"},\"thumbnailUrl\":\"https:\\\/\\\/www.fcbarcelonanoticias.com\\\/en\\\/wp-content\\\/uploads\\\/sites\\\/2\\\/2023\\\/09\\\/luis-enrique-y-ousmane-dembele-en-el-psg-en-el-duelo-contra-el-lens.png\",\"keywords\":[\"Demb\u00e9l\u00e9\",\"Luis Enrique\",\"Paris Saint-Germain\"],\"articleSection\":[\"Sin categor\u00eda\"],\"inLanguage\":\"en-US\"},{\"@type\":\"WebPage\",\"@id\":\"https:\\\/\\\/www.fcbarcelonanoticias.com\\\/en\\\/international-football\\\/luis-enrique-gets-wet-about-dembele-scoring-drought-with-psg_296343_102.html\",\"url\":\"https:\\\/\\\/www.fcbarcelonanoticias.com\\\/en\\\/international-football\\\/luis-enrique-gets-wet-about-dembele-scoring-drought-with-psg_296343_102.html\",\"name\":\"Luis Enrique gets 'wet' about Demb\u00e9l\u00e9's scoring drought with PSG\",\"isPartOf\":{\"@id\":\"https:\\\/\\\/www.fcbarcelonanoticias.com\\\/en\\\/#website\"},\"primaryImageOfPage\":{\"@id\":\"https:\\\/\\\/www.fcbarcelonanoticias.com\\\/en\\\/international-football\\\/luis-enrique-gets-wet-about-dembele-scoring-drought-with-psg_296343_102.html#primaryimage\"},\"image\":{\"@id\":\"https:\\\/\\\/www.fcbarcelonanoticias.com\\\/en\\\/international-football\\\/luis-enrique-gets-wet-about-dembele-scoring-drought-with-psg_296343_102.html#primaryimage\"},\"thumbnailUrl\":\"https:\\\/\\\/www.fcbarcelonanoticias.com\\\/en\\\/wp-content\\\/uploads\\\/sites\\\/2\\\/2023\\\/09\\\/luis-enrique-y-ousmane-dembele-en-el-psg-en-el-duelo-contra-el-lens.png\",\"datePublished\":\"2023-09-20T21:08:00+00:00\",\"dateModified\":\"2023-09-20T21:13:00+00:00\",\"author\":{\"@id\":\"https:\\\/\\\/www.fcbarcelonanoticias.com\\\/en\\\/#\\\/schema\\\/person\\\/991443f134df9a64c6874f96ff984c9d\"},\"description\":\"Ousmane Demb\u00e9l\u00e9 has not started his adventure with PSG as he expected. The Frenchman has not yet managed to score his first goal in the Parisian shirt. Given this, Luis Enrique, the current coach of the Parisian team, has come out in his defense and has given him his support\",\"breadcrumb\":{\"@id\":\"https:\\\/\\\/www.fcbarcelonanoticias.com\\\/en\\\/international-football\\\/luis-enrique-gets-wet-about-dembele-scoring-drought-with-psg_296343_102.html#breadcrumb\"},\"inLanguage\":\"en-US\",\"potentialAction\":[{\"@type\":\"ReadAction\",\"target\":[\"https:\\\/\\\/www.fcbarcelonanoticias.com\\\/en\\\/international-football\\\/luis-enrique-gets-wet-about-dembele-scoring-drought-with-psg_296343_102.html\"]}]},{\"@type\":\"ImageObject\",\"inLanguage\":\"en-US\",\"@id\":\"https:\\\/\\\/www.fcbarcelonanoticias.com\\\/en\\\/international-football\\\/luis-enrique-gets-wet-about-dembele-scoring-drought-with-psg_296343_102.html#primaryimage\",\"url\":\"https:\\\/\\\/www.fcbarcelonanoticias.com\\\/en\\\/wp-content\\\/uploads\\\/sites\\\/2\\\/2023\\\/09\\\/luis-enrique-y-ousmane-dembele-en-el-psg-en-el-duelo-contra-el-lens.png\",\"contentUrl\":\"https:\\\/\\\/www.fcbarcelonanoticias.com\\\/en\\\/wp-content\\\/uploads\\\/sites\\\/2\\\/2023\\\/09\\\/luis-enrique-y-ousmane-dembele-en-el-psg-en-el-duelo-contra-el-lens.png\",\"width\":1300,\"height\":732},{\"@type\":\"BreadcrumbList\",\"@id\":\"https:\\\/\\\/www.fcbarcelonanoticias.com\\\/en\\\/international-football\\\/luis-enrique-gets-wet-about-dembele-scoring-drought-with-psg_296343_102.html#breadcrumb\",\"itemListElement\":[{\"@type\":\"ListItem\",\"position\":1,\"name\":\"Portada\",\"item\":\"https:\\\/\\\/www.fcbarcelonanoticias.com\\\/en\\\/\"},{\"@type\":\"ListItem\",\"position\":2,\"name\":\"Luis Enrique gets &#8216;wet&#8217; about Demb\u00e9l\u00e9&#8217;s scoring drought with PSG\"}]},{\"@type\":\"WebSite\",\"@id\":\"https:\\\/\\\/www.fcbarcelonanoticias.com\\\/en\\\/#website\",\"url\":\"https:\\\/\\\/www.fcbarcelonanoticias.com\\\/en\\\/\",\"name\":\"EN - FC Barcelona Noticias\",\"description\":\"\",\"potentialAction\":[{\"@type\":\"SearchAction\",\"target\":{\"@type\":\"EntryPoint\",\"urlTemplate\":\"https:\\\/\\\/www.fcbarcelonanoticias.com\\\/en\\\/?s={search_term_string}\"},\"query-input\":{\"@type\":\"PropertyValueSpecification\",\"valueRequired\":true,\"valueName\":\"search_term_string\"}}],\"inLanguage\":\"en-US\"},{\"@type\":\"Person\",\"@id\":\"https:\\\/\\\/www.fcbarcelonanoticias.com\\\/en\\\/#\\\/schema\\\/person\\\/991443f134df9a64c6874f96ff984c9d\",\"name\":\"Kevin G\u00f3mez\",\"image\":{\"@type\":\"ImageObject\",\"inLanguage\":\"en-US\",\"@id\":\"https:\\\/\\\/secure.gravatar.com\\\/avatar\\\/?s=96&d=mm&r=g\",\"url\":\"https:\\\/\\\/secure.gravatar.com\\\/avatar\\\/?s=96&d=mm&r=g\",\"contentUrl\":\"https:\\\/\\\/secure.gravatar.com\\\/avatar\\\/?s=96&d=mm&r=g\",\"caption\":\"Kevin G\u00f3mez\"},\"description\":\"Licenciado\u00a0en Periodismo y Comunicaci\u00f3n Audiovisual. Redactor en FCBN responsable de cubrir toda\u00a0la informaci\u00f3n del FC Barcelona y las principales competiciones de\u00a0f\u00fatbol.\",\"url\":\"https:\\\/\\\/www.fcbarcelonanoticias.com\\\/en\\\/jugadores\\\/kevin-gomez_23_115.html\"}]}<\/script>\n<!-- \/ Yoast SEO plugin. -->","yoast_head_json":{"title":"Luis Enrique gets 'wet' about Demb\u00e9l\u00e9's scoring drought with PSG","description":"Ousmane Demb\u00e9l\u00e9 has not started his adventure with PSG as he expected. The Frenchman has not yet managed to score his first goal in the Parisian shirt. Given this, Luis Enrique, the current coach of the Parisian team, has come out in his defense and has given him his support","robots":{"index":"index","follow":"follow","max-snippet":"max-snippet:-1","max-image-preview":"max-image-preview:large","max-video-preview":"max-video-preview:-1"},"canonical":"https:\/\/www.fcbarcelonanoticias.com\/en\/international-football\/luis-enrique-gets-wet-about-dembele-scoring-drought-with-psg_296343_102.html","og_locale":"en_US","og_type":"article","og_title":"Luis Enrique gets 'wet' about Demb\u00e9l\u00e9's scoring drought with PSG","og_description":"Ousmane Demb\u00e9l\u00e9 has not started his adventure with PSG as he expected. The Frenchman has not yet managed to score his first goal in the Parisian shirt. Given this, Luis Enrique, the current coach of the Parisian team, has come out in his defense and has given him his support","og_url":"https:\/\/www.fcbarcelonanoticias.com\/en\/international-football\/luis-enrique-gets-wet-about-dembele-scoring-drought-with-psg_296343_102.html","og_site_name":"EN - FC Barcelona Noticias","article_published_time":"2023-09-20T21:08:00+00:00","article_modified_time":"2023-09-20T21:13:00+00:00","og_image":[{"width":1300,"height":732,"url":"https:\/\/www.fcbarcelonanoticias.com\/en\/wp-content\/uploads\/sites\/2\/2023\/09\/luis-enrique-y-ousmane-dembele-en-el-psg-en-el-duelo-contra-el-lens.png","type":"image\/png"}],"author":"Kevin G\u00f3mez","twitter_card":"summary_large_image","twitter_misc":{"Written by":"Kevin G\u00f3mez","Est. reading time":"2 minutes"},"schema":{"@context":"https:\/\/schema.org","@graph":[{"@type":"Article","@id":"https:\/\/www.fcbarcelonanoticias.com\/en\/international-football\/luis-enrique-gets-wet-about-dembele-scoring-drought-with-psg_296343_102.html#article","isPartOf":{"@id":"https:\/\/www.fcbarcelonanoticias.com\/en\/international-football\/luis-enrique-gets-wet-about-dembele-scoring-drought-with-psg_296343_102.html"},"author":{"name":"Kevin G\u00f3mez","@id":"https:\/\/www.fcbarcelonanoticias.com\/en\/#\/schema\/person\/991443f134df9a64c6874f96ff984c9d"},"headline":"Luis Enrique gets &#8216;wet&#8217; about Demb\u00e9l\u00e9&#8217;s scoring drought with PSG","datePublished":"2023-09-20T21:08:00+00:00","dateModified":"2023-09-20T21:13:00+00:00","mainEntityOfPage":{"@id":"https:\/\/www.fcbarcelonanoticias.com\/en\/international-football\/luis-enrique-gets-wet-about-dembele-scoring-drought-with-psg_296343_102.html"},"wordCount":388,"image":{"@id":"https:\/\/www.fcbarcelonanoticias.com\/en\/international-football\/luis-enrique-gets-wet-about-dembele-scoring-drought-with-psg_296343_102.html#primaryimage"},"thumbnailUrl":"https:\/\/www.fcbarcelonanoticias.com\/en\/wp-content\/uploads\/sites\/2\/2023\/09\/luis-enrique-y-ousmane-dembele-en-el-psg-en-el-duelo-contra-el-lens.png","keywords":["Demb\u00e9l\u00e9","Luis Enrique","Paris Saint-Germain"],"articleSection":["Sin categor\u00eda"],"inLanguage":"en-US"},{"@type":"WebPage","@id":"https:\/\/www.fcbarcelonanoticias.com\/en\/international-football\/luis-enrique-gets-wet-about-dembele-scoring-drought-with-psg_296343_102.html","url":"https:\/\/www.fcbarcelonanoticias.com\/en\/international-football\/luis-enrique-gets-wet-about-dembele-scoring-drought-with-psg_296343_102.html","name":"Luis Enrique gets 'wet' about Demb\u00e9l\u00e9's scoring drought with PSG","isPartOf":{"@id":"https:\/\/www.fcbarcelonanoticias.com\/en\/#website"},"primaryImageOfPage":{"@id":"https:\/\/www.fcbarcelonanoticias.com\/en\/international-football\/luis-enrique-gets-wet-about-dembele-scoring-drought-with-psg_296343_102.html#primaryimage"},"image":{"@id":"https:\/\/www.fcbarcelonanoticias.com\/en\/international-football\/luis-enrique-gets-wet-about-dembele-scoring-drought-with-psg_296343_102.html#primaryimage"},"thumbnailUrl":"https:\/\/www.fcbarcelonanoticias.com\/en\/wp-content\/uploads\/sites\/2\/2023\/09\/luis-enrique-y-ousmane-dembele-en-el-psg-en-el-duelo-contra-el-lens.png","datePublished":"2023-09-20T21:08:00+00:00","dateModified":"2023-09-20T21:13:00+00:00","author":{"@id":"https:\/\/www.fcbarcelonanoticias.com\/en\/#\/schema\/person\/991443f134df9a64c6874f96ff984c9d"},"description":"Ousmane Demb\u00e9l\u00e9 has not started his adventure with PSG as he expected. The Frenchman has not yet managed to score his first goal in the Parisian shirt. Given this, Luis Enrique, the current coach of the Parisian team, has come out in his defense and has given him his support","breadcrumb":{"@id":"https:\/\/www.fcbarcelonanoticias.com\/en\/international-football\/luis-enrique-gets-wet-about-dembele-scoring-drought-with-psg_296343_102.html#breadcrumb"},"inLanguage":"en-US","potentialAction":[{"@type":"ReadAction","target":["https:\/\/www.fcbarcelonanoticias.com\/en\/international-football\/luis-enrique-gets-wet-about-dembele-scoring-drought-with-psg_296343_102.html"]}]},{"@type":"ImageObject","inLanguage":"en-US","@id":"https:\/\/www.fcbarcelonanoticias.com\/en\/international-football\/luis-enrique-gets-wet-about-dembele-scoring-drought-with-psg_296343_102.html#primaryimage","url":"https:\/\/www.fcbarcelonanoticias.com\/en\/wp-content\/uploads\/sites\/2\/2023\/09\/luis-enrique-y-ousmane-dembele-en-el-psg-en-el-duelo-contra-el-lens.png","contentUrl":"https:\/\/www.fcbarcelonanoticias.com\/en\/wp-content\/uploads\/sites\/2\/2023\/09\/luis-enrique-y-ousmane-dembele-en-el-psg-en-el-duelo-contra-el-lens.png","width":1300,"height":732},{"@type":"BreadcrumbList","@id":"https:\/\/www.fcbarcelonanoticias.com\/en\/international-football\/luis-enrique-gets-wet-about-dembele-scoring-drought-with-psg_296343_102.html#breadcrumb","itemListElement":[{"@type":"ListItem","position":1,"name":"Portada","item":"https:\/\/www.fcbarcelonanoticias.com\/en\/"},{"@type":"ListItem","position":2,"name":"Luis Enrique gets &#8216;wet&#8217; about Demb\u00e9l\u00e9&#8217;s scoring drought with PSG"}]},{"@type":"WebSite","@id":"https:\/\/www.fcbarcelonanoticias.com\/en\/#website","url":"https:\/\/www.fcbarcelonanoticias.com\/en\/","name":"EN - FC Barcelona Noticias","description":"","potentialAction":[{"@type":"SearchAction","target":{"@type":"EntryPoint","urlTemplate":"https:\/\/www.fcbarcelonanoticias.com\/en\/?s={search_term_string}"},"query-input":{"@type":"PropertyValueSpecification","valueRequired":true,"valueName":"search_term_string"}}],"inLanguage":"en-US"},{"@type":"Person","@id":"https:\/\/www.fcbarcelonanoticias.com\/en\/#\/schema\/person\/991443f134df9a64c6874f96ff984c9d","name":"Kevin G\u00f3mez","image":{"@type":"ImageObject","inLanguage":"en-US","@id":"https:\/\/secure.gravatar.com\/avatar\/?s=96&d=mm&r=g","url":"https:\/\/secure.gravatar.com\/avatar\/?s=96&d=mm&r=g","contentUrl":"https:\/\/secure.gravatar.com\/avatar\/?s=96&d=mm&r=g","caption":"Kevin G\u00f3mez"},"description":"Licenciado\u00a0en Periodismo y Comunicaci\u00f3n Audiovisual. Redactor en FCBN responsable de cubrir toda\u00a0la informaci\u00f3n del FC Barcelona y las principales competiciones de\u00a0f\u00fatbol.","url":"https:\/\/www.fcbarcelonanoticias.com\/en\/jugadores\/kevin-gomez_23_115.html"}]}},"_links":{"self":[{"href":"https:\/\/www.fcbarcelonanoticias.com\/en\/wp-json\/wp\/v2\/posts\/45074","targetHints":{"allow":["GET"]}}],"collection":[{"href":"https:\/\/www.fcbarcelonanoticias.com\/en\/wp-json\/wp\/v2\/posts"}],"about":[{"href":"https:\/\/www.fcbarcelonanoticias.com\/en\/wp-json\/wp\/v2\/types\/post"}],"author":[{"embeddable":true,"href":"https:\/\/www.fcbarcelonanoticias.com\/en\/wp-json\/wp\/v2\/users\/355"}],"replies":[{"embeddable":true,"href":"https:\/\/www.fcbarcelonanoticias.com\/en\/wp-json\/wp\/v2\/comments?post=45074"}],"version-history":[{"count":1,"href":"https:\/\/www.fcbarcelonanoticias.com\/en\/wp-json\/wp\/v2\/posts\/45074\/revisions"}],"predecessor-version":[{"id":115495,"href":"https:\/\/www.fcbarcelonanoticias.com\/en\/wp-json\/wp\/v2\/posts\/45074\/revisions\/115495"}],"wp:featuredmedia":[{"embeddable":true,"href":"https:\/\/www.fcbarcelonanoticias.com\/en\/wp-json\/wp\/v2\/media\/44569"}],"wp:attachment":[{"href":"https:\/\/www.fcbarcelonanoticias.com\/en\/wp-json\/wp\/v2\/media?parent=45074"}],"wp:term":[{"taxonomy":"category","embeddable":true,"href":"https:\/\/www.fcbarcelonanoticias.com\/en\/wp-json\/wp\/v2\/categories?post=45074"},{"taxonomy":"post_tag","embeddable":true,"href":"https:\/\/www.fcbarcelonanoticias.com\/en\/wp-json\/wp\/v2\/tags?post=45074"}],"curies":[{"name":"wp","href":"https:\/\/api.w.org\/{rel}","templated":true}]}}