{"id":45356,"date":"2021-11-14T17:20:00","date_gmt":"2021-11-14T16:20:00","guid":{"rendered":"https:\/\/weisetech.dev\/fc-barcelona-noticias\/en\/mbappe-goes-back-to-light-the-alarms-my-future-i-do-not-know-it-i-do-not-know-it-still_274928_102\/"},"modified":"2021-11-14T17:20:00","modified_gmt":"2021-11-14T16:20:00","slug":"mbappe-goes-back-to-light-the-alarms-my-future-i-do-not-know-it-i-do-not-know-it-still_274928_102","status":"publish","type":"post","link":"https:\/\/www.fcbarcelonanoticias.com\/en\/international-football\/mbappe-goes-back-to-light-the-alarms-my-future-i-do-not-know-it-i-do-not-know-it-still_274928_102.html","title":{"rendered":"Mbapp\u00e9 Goes back to light the alarms: &#8220;My future? I do not know it, I do not know it still&#8221;"},"content":{"rendered":"<h2 class=\"wp-block-heading\">Kylian Mbapp\u00e9 Conceded him an interview to &#8216;TNT Sports Brazil&#8217;: it was questioned on his present and his future, and left the open door to the possibilities<\/h2>  \r\n<div class=\"article-addons\">\r\n    <a href=\"https:\/\/www.fcbarcelonanoticias.com\/en\/calendar-fc-barcelona.html\"\r\n       target=\"_self\"\r\n       title=\"Calendar of FC Barcelona\"\r\n       class=\"blue-gredient-btn\">\r\n       \r\n        Calendar of FC Barcelona    <\/a>\r\n<\/div>   <p><strong>Kylian Mbapp\u00e9<\/strong> Was big protagonist in the goleada of France to Kazakhstan (8-0), where <strong>attained to mark at all less than four goals<\/strong>. To the term of the commitment, the leading youngster conceded him an interview to TNT Sports Brazil, and was questioned with regard to his future in Paris Saint-Germain.<\/p>  <p>&#8220;<strong>My future? I do not know it, I do not know it still<\/strong>. I am in Paris. Already I said that I have happened five extraordinary years here, have enjoyed of each instant and continue doing it. Here, a pile of important things go to arrive, of big opportunities, but already have spoken of this before&#8221;, said Mbapp\u00e9.<\/p>  <p>Likewise, the French added that &#8220;<strong>I am in a good moment, am happy in the terrain of game and in my life.<\/strong> Help to attain a big performance&#8221;. Also it referred to the trident that forms with Karim Benzema and Antoine Griezmann, that for many is of the best of the world.<\/p>  <p>&#8220;I do not know it, I do not know it\u2026 The others teams neither are bad. <strong>There is big selections. Of course, have one of the best of the world<\/strong>, but the best of the world, is according to the tastes of each one. We get along, we want to play the ones for the others and especially for the French selection&#8221;, exposed Kylian.<\/p>  <p>Meanwhile, in an interview to T\u00e9l\u00e9foot, Mbapp\u00e9 spoke of the penalti failed in the Eurocopa and of his pass frustrated to the <a data-external=\"0\" data-intl-links-en=\"https:\/\/www.fcbarcelonanoticias.com\/en\/real-madrid\" data-intl-links-es=\"https:\/\/www.fcbarcelonanoticias.com\/real-madrid\" href=\"https:\/\/www.fcbarcelonanoticias.com\/en\/football-soccer\/real-madrid.html\" rel=\"follow\" target=\"_self\" title=\"Real Madrid\">Real Madrid<\/a>: &#8220;Fail the penalti decisive in front of Switzerland, <strong>afterwards a traspaso fallido, puts to proof your mind and your limits<\/strong>. I answered of the best possible way: this reinforced me&#8221;.<\/p>  <p>During said dialogue in Telefoot, Mbapp\u00e9 explained that &#8220;<strong>today I have more confidence that before<\/strong>, but am humble and am decided to do big things this season. I know of what am able. I took refuge in the work, because it is necessary to question. No always it is fault of the other&#8221;, to the time that confessed that &#8220;<strong>vaciar the rucksack after all the false rumours<\/strong>, the tacit help. But I am much better physically, enough happier with my life: this helps me to do big parties!&#8221;.<\/p>  <h3>His aims<\/h3>  <p>Kylian Mbapp\u00e9 Was questioned on his aims with the PSG and the selection: &#8220;Have some consistency in Europe with the final and the semifinal. <strong>But we are not of the all satisfied, want to make history<\/strong>. The only that we want to is to win! Always I have the same aims: win it everything! Game for two big teams and can not hide us. The aim is to win all always!&#8221;.<\/p> ","protected":false},"excerpt":{"rendered":"<p>Kylian Mbapp\u00e9 Conceded him an interview to &#8216;TNT Sports Brazil&#8217;: it was questioned on his present and his future, and left the open door to the possibilities Kylian Mbapp\u00e9 Was big protagonist in the goleada of France to Kazakhstan (8-0), where attained to mark at all less than four goals. To the term of the [&hellip;]<\/p>\n","protected":false},"author":389,"featured_media":4943,"comment_status":"closed","ping_status":"open","sticky":false,"template":"","format":"standard","meta":{"_acf_changed":false,"inline_featured_image":false,"_nextfly_llmd_date_locked":false,"footnotes":""},"categories":[450,119],"tags":[171,88],"class_list":["post-45356","post","type-post","status-publish","format-standard","has-post-thumbnail","hentry","category-real-madrid-2","category-real-madrid","tag-mbappe","tag-paris-saint-germain"],"acf":[],"yoast_head":"<!-- This site is optimized with the Yoast SEO plugin v27.3 - https:\/\/yoast.com\/product\/yoast-seo-wordpress\/ -->\n<title>Mbapp\u00e9 Goes back to light the alarms: &quot;My future? I do not know it, I do not know it still&quot;<\/title>\n<meta name=\"description\" content=\"Kylian Mbapp\u00e9 Conceded him an interview to &#039;TNT Sports Brazil&#039;: it was questioned on his present and his future, and left the open door to the possibilities\" \/>\n<meta name=\"robots\" content=\"index, follow, max-snippet:-1, max-image-preview:large, max-video-preview:-1\" \/>\n<link rel=\"canonical\" href=\"https:\/\/www.fcbarcelonanoticias.com\/en\/international-football\/mbappe-goes-back-to-light-the-alarms-my-future-i-do-not-know-it-i-do-not-know-it-still_274928_102.html\" \/>\n<meta property=\"og:locale\" content=\"en_US\" \/>\n<meta property=\"og:type\" content=\"article\" \/>\n<meta property=\"og:title\" content=\"Mbapp\u00e9 Goes back to light the alarms: &quot;My future? I do not know it, I do not know it still&quot;\" \/>\n<meta property=\"og:description\" content=\"Kylian Mbapp\u00e9 Conceded him an interview to &#039;TNT Sports Brazil&#039;: it was questioned on his present and his future, and left the open door to the possibilities\" \/>\n<meta property=\"og:url\" content=\"https:\/\/www.fcbarcelonanoticias.com\/en\/international-football\/mbappe-goes-back-to-light-the-alarms-my-future-i-do-not-know-it-i-do-not-know-it-still_274928_102.html\" \/>\n<meta property=\"og:site_name\" content=\"EN - FC Barcelona Noticias\" \/>\n<meta property=\"article:published_time\" content=\"2021-11-14T16:20:00+00:00\" \/>\n<meta property=\"og:image\" content=\"https:\/\/www.fcbarcelonanoticias.com\/en\/wp-content\/uploads\/sites\/2\/2021\/02\/mbappe.jpeg\" \/>\n\t<meta property=\"og:image:width\" content=\"1200\" \/>\n\t<meta property=\"og:image:height\" content=\"675\" \/>\n\t<meta property=\"og:image:type\" content=\"image\/jpeg\" \/>\n<meta name=\"author\" content=\"user_4045\" \/>\n<meta name=\"twitter:card\" content=\"summary_large_image\" \/>\n<meta name=\"twitter:label1\" content=\"Written by\" \/>\n\t<meta name=\"twitter:data1\" content=\"user_4045\" \/>\n\t<meta name=\"twitter:label2\" content=\"Est. reading time\" \/>\n\t<meta name=\"twitter:data2\" content=\"2 minutes\" \/>\n<script type=\"application\/ld+json\" class=\"yoast-schema-graph\">{\"@context\":\"https:\\\/\\\/schema.org\",\"@graph\":[{\"@type\":\"Article\",\"@id\":\"https:\\\/\\\/www.fcbarcelonanoticias.com\\\/en\\\/international-football\\\/mbappe-goes-back-to-light-the-alarms-my-future-i-do-not-know-it-i-do-not-know-it-still_274928_102.html#article\",\"isPartOf\":{\"@id\":\"https:\\\/\\\/www.fcbarcelonanoticias.com\\\/en\\\/international-football\\\/mbappe-goes-back-to-light-the-alarms-my-future-i-do-not-know-it-i-do-not-know-it-still_274928_102.html\"},\"author\":{\"name\":\"user_4045\",\"@id\":\"https:\\\/\\\/www.fcbarcelonanoticias.com\\\/en\\\/#\\\/schema\\\/person\\\/d92b4fd95c0767df6721e45b631e4be6\"},\"headline\":\"Mbapp\u00e9 Goes back to light the alarms: &#8220;My future? I do not know it, I do not know it still&#8221;\",\"datePublished\":\"2021-11-14T16:20:00+00:00\",\"mainEntityOfPage\":{\"@id\":\"https:\\\/\\\/www.fcbarcelonanoticias.com\\\/en\\\/international-football\\\/mbappe-goes-back-to-light-the-alarms-my-future-i-do-not-know-it-i-do-not-know-it-still_274928_102.html\"},\"wordCount\":489,\"image\":{\"@id\":\"https:\\\/\\\/www.fcbarcelonanoticias.com\\\/en\\\/international-football\\\/mbappe-goes-back-to-light-the-alarms-my-future-i-do-not-know-it-i-do-not-know-it-still_274928_102.html#primaryimage\"},\"thumbnailUrl\":\"https:\\\/\\\/www.fcbarcelonanoticias.com\\\/en\\\/wp-content\\\/uploads\\\/sites\\\/2\\\/2021\\\/02\\\/mbappe.jpeg\",\"keywords\":[\"Mbapp\u00e9\",\"Paris Saint-Germain\"],\"articleSection\":[\"Real Madrid\",\"Real Madrid\"],\"inLanguage\":\"en-US\"},{\"@type\":\"WebPage\",\"@id\":\"https:\\\/\\\/www.fcbarcelonanoticias.com\\\/en\\\/international-football\\\/mbappe-goes-back-to-light-the-alarms-my-future-i-do-not-know-it-i-do-not-know-it-still_274928_102.html\",\"url\":\"https:\\\/\\\/www.fcbarcelonanoticias.com\\\/en\\\/international-football\\\/mbappe-goes-back-to-light-the-alarms-my-future-i-do-not-know-it-i-do-not-know-it-still_274928_102.html\",\"name\":\"Mbapp\u00e9 Goes back to light the alarms: \\\"My future? I do not know it, I do not know it still\\\"\",\"isPartOf\":{\"@id\":\"https:\\\/\\\/www.fcbarcelonanoticias.com\\\/en\\\/#website\"},\"primaryImageOfPage\":{\"@id\":\"https:\\\/\\\/www.fcbarcelonanoticias.com\\\/en\\\/international-football\\\/mbappe-goes-back-to-light-the-alarms-my-future-i-do-not-know-it-i-do-not-know-it-still_274928_102.html#primaryimage\"},\"image\":{\"@id\":\"https:\\\/\\\/www.fcbarcelonanoticias.com\\\/en\\\/international-football\\\/mbappe-goes-back-to-light-the-alarms-my-future-i-do-not-know-it-i-do-not-know-it-still_274928_102.html#primaryimage\"},\"thumbnailUrl\":\"https:\\\/\\\/www.fcbarcelonanoticias.com\\\/en\\\/wp-content\\\/uploads\\\/sites\\\/2\\\/2021\\\/02\\\/mbappe.jpeg\",\"datePublished\":\"2021-11-14T16:20:00+00:00\",\"author\":{\"@id\":\"https:\\\/\\\/www.fcbarcelonanoticias.com\\\/en\\\/#\\\/schema\\\/person\\\/d92b4fd95c0767df6721e45b631e4be6\"},\"description\":\"Kylian Mbapp\u00e9 Conceded him an interview to 'TNT Sports Brazil': it was questioned on his present and his future, and left the open door to the possibilities\",\"breadcrumb\":{\"@id\":\"https:\\\/\\\/www.fcbarcelonanoticias.com\\\/en\\\/international-football\\\/mbappe-goes-back-to-light-the-alarms-my-future-i-do-not-know-it-i-do-not-know-it-still_274928_102.html#breadcrumb\"},\"inLanguage\":\"en-US\",\"potentialAction\":[{\"@type\":\"ReadAction\",\"target\":[\"https:\\\/\\\/www.fcbarcelonanoticias.com\\\/en\\\/international-football\\\/mbappe-goes-back-to-light-the-alarms-my-future-i-do-not-know-it-i-do-not-know-it-still_274928_102.html\"]}]},{\"@type\":\"ImageObject\",\"inLanguage\":\"en-US\",\"@id\":\"https:\\\/\\\/www.fcbarcelonanoticias.com\\\/en\\\/international-football\\\/mbappe-goes-back-to-light-the-alarms-my-future-i-do-not-know-it-i-do-not-know-it-still_274928_102.html#primaryimage\",\"url\":\"https:\\\/\\\/www.fcbarcelonanoticias.com\\\/en\\\/wp-content\\\/uploads\\\/sites\\\/2\\\/2021\\\/02\\\/mbappe.jpeg\",\"contentUrl\":\"https:\\\/\\\/www.fcbarcelonanoticias.com\\\/en\\\/wp-content\\\/uploads\\\/sites\\\/2\\\/2021\\\/02\\\/mbappe.jpeg\",\"width\":1200,\"height\":675},{\"@type\":\"BreadcrumbList\",\"@id\":\"https:\\\/\\\/www.fcbarcelonanoticias.com\\\/en\\\/international-football\\\/mbappe-goes-back-to-light-the-alarms-my-future-i-do-not-know-it-i-do-not-know-it-still_274928_102.html#breadcrumb\",\"itemListElement\":[{\"@type\":\"ListItem\",\"position\":1,\"name\":\"Portada\",\"item\":\"https:\\\/\\\/www.fcbarcelonanoticias.com\\\/en\\\/\"},{\"@type\":\"ListItem\",\"position\":2,\"name\":\"Mbapp\u00e9 Goes back to light the alarms: &#8220;My future? I do not know it, I do not know it still&#8221;\"}]},{\"@type\":\"WebSite\",\"@id\":\"https:\\\/\\\/www.fcbarcelonanoticias.com\\\/en\\\/#website\",\"url\":\"https:\\\/\\\/www.fcbarcelonanoticias.com\\\/en\\\/\",\"name\":\"EN - FC Barcelona Noticias\",\"description\":\"\",\"potentialAction\":[{\"@type\":\"SearchAction\",\"target\":{\"@type\":\"EntryPoint\",\"urlTemplate\":\"https:\\\/\\\/www.fcbarcelonanoticias.com\\\/en\\\/?s={search_term_string}\"},\"query-input\":{\"@type\":\"PropertyValueSpecification\",\"valueRequired\":true,\"valueName\":\"search_term_string\"}}],\"inLanguage\":\"en-US\"},{\"@type\":\"Person\",\"@id\":\"https:\\\/\\\/www.fcbarcelonanoticias.com\\\/en\\\/#\\\/schema\\\/person\\\/d92b4fd95c0767df6721e45b631e4be6\",\"name\":\"user_4045\",\"image\":{\"@type\":\"ImageObject\",\"inLanguage\":\"en-US\",\"@id\":\"https:\\\/\\\/secure.gravatar.com\\\/avatar\\\/?s=96&d=mm&r=g\",\"url\":\"https:\\\/\\\/secure.gravatar.com\\\/avatar\\\/?s=96&d=mm&r=g\",\"contentUrl\":\"https:\\\/\\\/secure.gravatar.com\\\/avatar\\\/?s=96&d=mm&r=g\",\"caption\":\"user_4045\"},\"url\":\"https:\\\/\\\/www.fcbarcelonanoticias.com\\\/en\\\/user_4045.html\"}]}<\/script>\n<!-- \/ Yoast SEO plugin. -->","yoast_head_json":{"title":"Mbapp\u00e9 Goes back to light the alarms: \"My future? I do not know it, I do not know it still\"","description":"Kylian Mbapp\u00e9 Conceded him an interview to 'TNT Sports Brazil': it was questioned on his present and his future, and left the open door to the possibilities","robots":{"index":"index","follow":"follow","max-snippet":"max-snippet:-1","max-image-preview":"max-image-preview:large","max-video-preview":"max-video-preview:-1"},"canonical":"https:\/\/www.fcbarcelonanoticias.com\/en\/international-football\/mbappe-goes-back-to-light-the-alarms-my-future-i-do-not-know-it-i-do-not-know-it-still_274928_102.html","og_locale":"en_US","og_type":"article","og_title":"Mbapp\u00e9 Goes back to light the alarms: \"My future? I do not know it, I do not know it still\"","og_description":"Kylian Mbapp\u00e9 Conceded him an interview to 'TNT Sports Brazil': it was questioned on his present and his future, and left the open door to the possibilities","og_url":"https:\/\/www.fcbarcelonanoticias.com\/en\/international-football\/mbappe-goes-back-to-light-the-alarms-my-future-i-do-not-know-it-i-do-not-know-it-still_274928_102.html","og_site_name":"EN - FC Barcelona Noticias","article_published_time":"2021-11-14T16:20:00+00:00","og_image":[{"width":1200,"height":675,"url":"https:\/\/www.fcbarcelonanoticias.com\/en\/wp-content\/uploads\/sites\/2\/2021\/02\/mbappe.jpeg","type":"image\/jpeg"}],"author":"user_4045","twitter_card":"summary_large_image","twitter_misc":{"Written by":"user_4045","Est. reading time":"2 minutes"},"schema":{"@context":"https:\/\/schema.org","@graph":[{"@type":"Article","@id":"https:\/\/www.fcbarcelonanoticias.com\/en\/international-football\/mbappe-goes-back-to-light-the-alarms-my-future-i-do-not-know-it-i-do-not-know-it-still_274928_102.html#article","isPartOf":{"@id":"https:\/\/www.fcbarcelonanoticias.com\/en\/international-football\/mbappe-goes-back-to-light-the-alarms-my-future-i-do-not-know-it-i-do-not-know-it-still_274928_102.html"},"author":{"name":"user_4045","@id":"https:\/\/www.fcbarcelonanoticias.com\/en\/#\/schema\/person\/d92b4fd95c0767df6721e45b631e4be6"},"headline":"Mbapp\u00e9 Goes back to light the alarms: &#8220;My future? I do not know it, I do not know it still&#8221;","datePublished":"2021-11-14T16:20:00+00:00","mainEntityOfPage":{"@id":"https:\/\/www.fcbarcelonanoticias.com\/en\/international-football\/mbappe-goes-back-to-light-the-alarms-my-future-i-do-not-know-it-i-do-not-know-it-still_274928_102.html"},"wordCount":489,"image":{"@id":"https:\/\/www.fcbarcelonanoticias.com\/en\/international-football\/mbappe-goes-back-to-light-the-alarms-my-future-i-do-not-know-it-i-do-not-know-it-still_274928_102.html#primaryimage"},"thumbnailUrl":"https:\/\/www.fcbarcelonanoticias.com\/en\/wp-content\/uploads\/sites\/2\/2021\/02\/mbappe.jpeg","keywords":["Mbapp\u00e9","Paris Saint-Germain"],"articleSection":["Real Madrid","Real Madrid"],"inLanguage":"en-US"},{"@type":"WebPage","@id":"https:\/\/www.fcbarcelonanoticias.com\/en\/international-football\/mbappe-goes-back-to-light-the-alarms-my-future-i-do-not-know-it-i-do-not-know-it-still_274928_102.html","url":"https:\/\/www.fcbarcelonanoticias.com\/en\/international-football\/mbappe-goes-back-to-light-the-alarms-my-future-i-do-not-know-it-i-do-not-know-it-still_274928_102.html","name":"Mbapp\u00e9 Goes back to light the alarms: \"My future? I do not know it, I do not know it still\"","isPartOf":{"@id":"https:\/\/www.fcbarcelonanoticias.com\/en\/#website"},"primaryImageOfPage":{"@id":"https:\/\/www.fcbarcelonanoticias.com\/en\/international-football\/mbappe-goes-back-to-light-the-alarms-my-future-i-do-not-know-it-i-do-not-know-it-still_274928_102.html#primaryimage"},"image":{"@id":"https:\/\/www.fcbarcelonanoticias.com\/en\/international-football\/mbappe-goes-back-to-light-the-alarms-my-future-i-do-not-know-it-i-do-not-know-it-still_274928_102.html#primaryimage"},"thumbnailUrl":"https:\/\/www.fcbarcelonanoticias.com\/en\/wp-content\/uploads\/sites\/2\/2021\/02\/mbappe.jpeg","datePublished":"2021-11-14T16:20:00+00:00","author":{"@id":"https:\/\/www.fcbarcelonanoticias.com\/en\/#\/schema\/person\/d92b4fd95c0767df6721e45b631e4be6"},"description":"Kylian Mbapp\u00e9 Conceded him an interview to 'TNT Sports Brazil': it was questioned on his present and his future, and left the open door to the possibilities","breadcrumb":{"@id":"https:\/\/www.fcbarcelonanoticias.com\/en\/international-football\/mbappe-goes-back-to-light-the-alarms-my-future-i-do-not-know-it-i-do-not-know-it-still_274928_102.html#breadcrumb"},"inLanguage":"en-US","potentialAction":[{"@type":"ReadAction","target":["https:\/\/www.fcbarcelonanoticias.com\/en\/international-football\/mbappe-goes-back-to-light-the-alarms-my-future-i-do-not-know-it-i-do-not-know-it-still_274928_102.html"]}]},{"@type":"ImageObject","inLanguage":"en-US","@id":"https:\/\/www.fcbarcelonanoticias.com\/en\/international-football\/mbappe-goes-back-to-light-the-alarms-my-future-i-do-not-know-it-i-do-not-know-it-still_274928_102.html#primaryimage","url":"https:\/\/www.fcbarcelonanoticias.com\/en\/wp-content\/uploads\/sites\/2\/2021\/02\/mbappe.jpeg","contentUrl":"https:\/\/www.fcbarcelonanoticias.com\/en\/wp-content\/uploads\/sites\/2\/2021\/02\/mbappe.jpeg","width":1200,"height":675},{"@type":"BreadcrumbList","@id":"https:\/\/www.fcbarcelonanoticias.com\/en\/international-football\/mbappe-goes-back-to-light-the-alarms-my-future-i-do-not-know-it-i-do-not-know-it-still_274928_102.html#breadcrumb","itemListElement":[{"@type":"ListItem","position":1,"name":"Portada","item":"https:\/\/www.fcbarcelonanoticias.com\/en\/"},{"@type":"ListItem","position":2,"name":"Mbapp\u00e9 Goes back to light the alarms: &#8220;My future? I do not know it, I do not know it still&#8221;"}]},{"@type":"WebSite","@id":"https:\/\/www.fcbarcelonanoticias.com\/en\/#website","url":"https:\/\/www.fcbarcelonanoticias.com\/en\/","name":"EN - FC Barcelona Noticias","description":"","potentialAction":[{"@type":"SearchAction","target":{"@type":"EntryPoint","urlTemplate":"https:\/\/www.fcbarcelonanoticias.com\/en\/?s={search_term_string}"},"query-input":{"@type":"PropertyValueSpecification","valueRequired":true,"valueName":"search_term_string"}}],"inLanguage":"en-US"},{"@type":"Person","@id":"https:\/\/www.fcbarcelonanoticias.com\/en\/#\/schema\/person\/d92b4fd95c0767df6721e45b631e4be6","name":"user_4045","image":{"@type":"ImageObject","inLanguage":"en-US","@id":"https:\/\/secure.gravatar.com\/avatar\/?s=96&d=mm&r=g","url":"https:\/\/secure.gravatar.com\/avatar\/?s=96&d=mm&r=g","contentUrl":"https:\/\/secure.gravatar.com\/avatar\/?s=96&d=mm&r=g","caption":"user_4045"},"url":"https:\/\/www.fcbarcelonanoticias.com\/en\/user_4045.html"}]}},"_links":{"self":[{"href":"https:\/\/www.fcbarcelonanoticias.com\/en\/wp-json\/wp\/v2\/posts\/45356","targetHints":{"allow":["GET"]}}],"collection":[{"href":"https:\/\/www.fcbarcelonanoticias.com\/en\/wp-json\/wp\/v2\/posts"}],"about":[{"href":"https:\/\/www.fcbarcelonanoticias.com\/en\/wp-json\/wp\/v2\/types\/post"}],"author":[{"embeddable":true,"href":"https:\/\/www.fcbarcelonanoticias.com\/en\/wp-json\/wp\/v2\/users\/389"}],"replies":[{"embeddable":true,"href":"https:\/\/www.fcbarcelonanoticias.com\/en\/wp-json\/wp\/v2\/comments?post=45356"}],"version-history":[{"count":1,"href":"https:\/\/www.fcbarcelonanoticias.com\/en\/wp-json\/wp\/v2\/posts\/45356\/revisions"}],"predecessor-version":[{"id":115914,"href":"https:\/\/www.fcbarcelonanoticias.com\/en\/wp-json\/wp\/v2\/posts\/45356\/revisions\/115914"}],"wp:featuredmedia":[{"embeddable":true,"href":"https:\/\/www.fcbarcelonanoticias.com\/en\/wp-json\/wp\/v2\/media\/4943"}],"wp:attachment":[{"href":"https:\/\/www.fcbarcelonanoticias.com\/en\/wp-json\/wp\/v2\/media?parent=45356"}],"wp:term":[{"taxonomy":"category","embeddable":true,"href":"https:\/\/www.fcbarcelonanoticias.com\/en\/wp-json\/wp\/v2\/categories?post=45356"},{"taxonomy":"post_tag","embeddable":true,"href":"https:\/\/www.fcbarcelonanoticias.com\/en\/wp-json\/wp\/v2\/tags?post=45356"}],"curies":[{"name":"wp","href":"https:\/\/api.w.org\/{rel}","templated":true}]}}