{"id":4542,"date":"2024-11-24T19:34:00","date_gmt":"2024-11-24T18:34:00","guid":{"rendered":"https:\/\/weisetech.dev\/fc-barcelona-noticias\/en\/fc-barcelona-will-miss-significant-player-against-brest_308848_102\/"},"modified":"2024-11-25T02:32:00","modified_gmt":"2024-11-25T01:32:00","slug":"fc-barcelona-will-miss-significant-player-against-brest_308848_102","status":"publish","type":"post","link":"https:\/\/www.fcbarcelonanoticias.com\/en\/champions-league\/fc-barcelona-will-miss-significant-player-against-brest_308848_102.html","title":{"rendered":"FC Barcelona will miss a significant player against Brest"},"content":{"rendered":"<h2 class=\"wp-block-heading\">Lamine Yamal will not be available for the Champions League match against Brest. The &#8217;19&#8217;s&#8217; ankle is still bothering him and he will probably return against Las Palmas<\/h2>  \r\n<div class=\"article-addons\">\r\n    <a href=\"https:\/\/www.fcbarcelonanoticias.com\/en\/calendar-fc-barcelona.html\"\r\n       target=\"_self\"\r\n       title=\"Calendar of FC Barcelona\"\r\n       class=\"blue-gredient-btn\">\r\n       \r\n        Calendar of FC Barcelona    <\/a>\r\n<\/div>   <p><a data-external=\"0\" data-intl-links-en=\"https:\/\/www.fcbarcelonanoticias.com\/en\/laliga\/alarming-barcelona-hansi-flick-does-not-know-how-to-win-without-lamine-yamal_308833_102.html\" data-intl-links-es=\"https:\/\/www.fcbarcelonanoticias.com\/laliga\/alarmante-barcelona-hansi-flick-no-sabe-ganar-sin-lamine-yamal_308833_102.html\" href=\"https:\/\/www.fcbarcelonanoticias.com\/en\/laliga\/alarming-barcelona-hansi-flick-does-not-know-how-to-win-without-lamine-yamal_308833_102.html\" rel=\"follow\" target=\"_self\" title=\"ALARMING: Hansi Flick's Barcelona can't win without Lamine Yamal\">After being absent due to injury in the defeat against Real Sociedad (1-0) and the draw against Celta (2-2)<\/a>, <strong>Lamine Yamal<\/strong> has almost certainly ruled out his presence in the match between <strong>FC Barcelona<\/strong> and <strong>Brest <\/strong>this Tuesday, November 26th, in the fifth round of the <strong>Champions League<\/strong>.<\/p>  <p>The Bar\u00e7a star remains on the sidelines due to the pain caused by his grade one injury to the syndesmosis of his right ankle that he suffered against <strong>Red Star<\/strong> almost three weeks ago, and did not participate in training this Sunday at the <strong>Ciutat Esportiva Joan Gamper<\/strong>.<\/p>  <p>According to &#8216;Mundo Deportivo&#8217;, the forward refuses to receive any injections and his recovery continues to be handled with the greatest possible caution in order to avoid a relapse. For that reason, his presence next Tuesday is ruled out <strong>and his return could occur on Saturday 30th, against Las Palmas in Montju\u00efc<\/strong>.<\/p>  <h3>Bar\u00e7a&#8217;s returns against Brest<\/h3>  <p>However, <strong>Hansi Flick<\/strong> was able to count on <strong>Eric Garc\u00eda<\/strong> for the Sunday session, who participated fully in training with the group and will be included in the squad against <strong>Brest<\/strong>. The same is true for <strong>Ferran Torres<\/strong>, who did part of the work with his teammates and, although it is more likely that he will be part of the squad in the next league match, his presence against the French team is not ruled out.<\/p>  <p>For his part, <strong>Alejandro Balde<\/strong> was unable to train this Sunday <a data-external=\"0\" data-intl-links-en=\"https:\/\/www.fcbarcelonanoticias.com\/en\/laliga\/alejandro-balde-may-not-play-against-celta-due-to-muscle-discomfort_308808_102.html\" data-intl-links-es=\"https:\/\/www.fcbarcelonanoticias.com\/laliga\/alejandro-balde-podria-no-jugar-celta-por-molestias-musculares_308808_102.html\" href=\"https:\/\/www.fcbarcelonanoticias.com\/en\/laliga\/alejandro-balde-may-not-play-against-celta-due-to-muscle-discomfort_308808_102.html\" rel=\"follow\" target=\"_self\" title=\"Alejandro Balde may not play against Celta due to muscle discomfort\">after being absent in Bala\u00eddos due to hamstring discomfort<\/a> and his availability for the Champions League match will be evaluated on Monday, November 25.<\/p> ","protected":false},"excerpt":{"rendered":"<p>Lamine Yamal will not be available for the Champions League match against Brest. The &#8217;19&#8217;s&#8217; ankle is still bothering him and he will probably return against Las Palmas After being absent due to injury in the defeat against Real Sociedad (1-0) and the draw against Celta (2-2), Lamine Yamal has almost certainly ruled out his [&hellip;]<\/p>\n","protected":false},"author":358,"featured_media":4543,"comment_status":"closed","ping_status":"open","sticky":false,"template":"","format":"standard","meta":{"_acf_changed":false,"inline_featured_image":false,"_nextfly_llmd_date_locked":false,"footnotes":""},"categories":[447,112],"tags":[201,237,87,136],"class_list":["post-4542","post","type-post","status-publish","format-standard","has-post-thumbnail","hentry","category-champions-league-2","category-champions-league","tag-lineups","tag-fc-barcelona-vs-brest","tag-hansi-flick","tag-injured"],"acf":[],"yoast_head":"<!-- This site is optimized with the Yoast SEO plugin v27.3 - https:\/\/yoast.com\/product\/yoast-seo-wordpress\/ -->\n<title>FC Barcelona will miss a significant player against Brest<\/title>\n<meta name=\"description\" content=\"Lamine Yamal will not be available for the Champions League match against Brest. The &#039;19&#039;s&#039; ankle is still bothering him and he will probably return against Las Palmas\" \/>\n<meta name=\"robots\" content=\"index, follow, max-snippet:-1, max-image-preview:large, max-video-preview:-1\" \/>\n<link rel=\"canonical\" href=\"https:\/\/www.fcbarcelonanoticias.com\/en\/champions-league\/fc-barcelona-will-miss-significant-player-against-brest_308848_102.html\" \/>\n<meta property=\"og:locale\" content=\"en_US\" \/>\n<meta property=\"og:type\" content=\"article\" \/>\n<meta property=\"og:title\" content=\"FC Barcelona will miss a significant player against Brest\" \/>\n<meta property=\"og:description\" content=\"Lamine Yamal will not be available for the Champions League match against Brest. The &#039;19&#039;s&#039; ankle is still bothering him and he will probably return against Las Palmas\" \/>\n<meta property=\"og:url\" content=\"https:\/\/www.fcbarcelonanoticias.com\/en\/champions-league\/fc-barcelona-will-miss-significant-player-against-brest_308848_102.html\" \/>\n<meta property=\"og:site_name\" content=\"EN - FC Barcelona Noticias\" \/>\n<meta property=\"article:published_time\" content=\"2024-11-24T18:34:00+00:00\" \/>\n<meta property=\"article:modified_time\" content=\"2024-11-25T01:32:00+00:00\" \/>\n<meta property=\"og:image\" content=\"https:\/\/www.fcbarcelonanoticias.com\/en\/wp-content\/uploads\/sites\/2\/2024\/11\/fc-barcelona-v-bsc-young-boys-uefa-champions-league-2024-25-league-phase-md2-10-1.jpeg\" \/>\n\t<meta property=\"og:image:width\" content=\"1200\" \/>\n\t<meta property=\"og:image:height\" content=\"650\" \/>\n\t<meta property=\"og:image:type\" content=\"image\/jpeg\" \/>\n<meta name=\"author\" content=\"Juan Pablo Berdugo\" \/>\n<meta name=\"twitter:card\" content=\"summary_large_image\" \/>\n<meta name=\"twitter:label1\" content=\"Written by\" \/>\n\t<meta name=\"twitter:data1\" content=\"Juan Pablo Berdugo\" \/>\n\t<meta name=\"twitter:label2\" content=\"Est. reading time\" \/>\n\t<meta name=\"twitter:data2\" content=\"1 minute\" \/>\n<script type=\"application\/ld+json\" class=\"yoast-schema-graph\">{\"@context\":\"https:\\\/\\\/schema.org\",\"@graph\":[{\"@type\":\"Article\",\"@id\":\"https:\\\/\\\/www.fcbarcelonanoticias.com\\\/en\\\/champions-league\\\/fc-barcelona-will-miss-significant-player-against-brest_308848_102.html#article\",\"isPartOf\":{\"@id\":\"https:\\\/\\\/www.fcbarcelonanoticias.com\\\/en\\\/champions-league\\\/fc-barcelona-will-miss-significant-player-against-brest_308848_102.html\"},\"author\":{\"name\":\"Juan Pablo Berdugo\",\"@id\":\"https:\\\/\\\/www.fcbarcelonanoticias.com\\\/en\\\/#\\\/schema\\\/person\\\/88d756918a0a1ae9fa593b5edddd1815\"},\"headline\":\"FC Barcelona will miss a significant player against Brest\",\"datePublished\":\"2024-11-24T18:34:00+00:00\",\"dateModified\":\"2024-11-25T01:32:00+00:00\",\"mainEntityOfPage\":{\"@id\":\"https:\\\/\\\/www.fcbarcelonanoticias.com\\\/en\\\/champions-league\\\/fc-barcelona-will-miss-significant-player-against-brest_308848_102.html\"},\"wordCount\":305,\"image\":{\"@id\":\"https:\\\/\\\/www.fcbarcelonanoticias.com\\\/en\\\/champions-league\\\/fc-barcelona-will-miss-significant-player-against-brest_308848_102.html#primaryimage\"},\"thumbnailUrl\":\"https:\\\/\\\/www.fcbarcelonanoticias.com\\\/en\\\/wp-content\\\/uploads\\\/sites\\\/2\\\/2024\\\/11\\\/fc-barcelona-v-bsc-young-boys-uefa-champions-league-2024-25-league-phase-md2-10-1.jpeg\",\"keywords\":[\"FC Barcelona Lineups\",\"FC Barcelona vs Brest\",\"Hansi Flick\",\"injured\"],\"articleSection\":[\"Champions League\",\"Champions League\"],\"inLanguage\":\"en-US\"},{\"@type\":\"WebPage\",\"@id\":\"https:\\\/\\\/www.fcbarcelonanoticias.com\\\/en\\\/champions-league\\\/fc-barcelona-will-miss-significant-player-against-brest_308848_102.html\",\"url\":\"https:\\\/\\\/www.fcbarcelonanoticias.com\\\/en\\\/champions-league\\\/fc-barcelona-will-miss-significant-player-against-brest_308848_102.html\",\"name\":\"FC Barcelona will miss a significant player against Brest\",\"isPartOf\":{\"@id\":\"https:\\\/\\\/www.fcbarcelonanoticias.com\\\/en\\\/#website\"},\"primaryImageOfPage\":{\"@id\":\"https:\\\/\\\/www.fcbarcelonanoticias.com\\\/en\\\/champions-league\\\/fc-barcelona-will-miss-significant-player-against-brest_308848_102.html#primaryimage\"},\"image\":{\"@id\":\"https:\\\/\\\/www.fcbarcelonanoticias.com\\\/en\\\/champions-league\\\/fc-barcelona-will-miss-significant-player-against-brest_308848_102.html#primaryimage\"},\"thumbnailUrl\":\"https:\\\/\\\/www.fcbarcelonanoticias.com\\\/en\\\/wp-content\\\/uploads\\\/sites\\\/2\\\/2024\\\/11\\\/fc-barcelona-v-bsc-young-boys-uefa-champions-league-2024-25-league-phase-md2-10-1.jpeg\",\"datePublished\":\"2024-11-24T18:34:00+00:00\",\"dateModified\":\"2024-11-25T01:32:00+00:00\",\"author\":{\"@id\":\"https:\\\/\\\/www.fcbarcelonanoticias.com\\\/en\\\/#\\\/schema\\\/person\\\/88d756918a0a1ae9fa593b5edddd1815\"},\"description\":\"Lamine Yamal will not be available for the Champions League match against Brest. The '19's' ankle is still bothering him and he will probably return against Las Palmas\",\"breadcrumb\":{\"@id\":\"https:\\\/\\\/www.fcbarcelonanoticias.com\\\/en\\\/champions-league\\\/fc-barcelona-will-miss-significant-player-against-brest_308848_102.html#breadcrumb\"},\"inLanguage\":\"en-US\",\"potentialAction\":[{\"@type\":\"ReadAction\",\"target\":[\"https:\\\/\\\/www.fcbarcelonanoticias.com\\\/en\\\/champions-league\\\/fc-barcelona-will-miss-significant-player-against-brest_308848_102.html\"]}]},{\"@type\":\"ImageObject\",\"inLanguage\":\"en-US\",\"@id\":\"https:\\\/\\\/www.fcbarcelonanoticias.com\\\/en\\\/champions-league\\\/fc-barcelona-will-miss-significant-player-against-brest_308848_102.html#primaryimage\",\"url\":\"https:\\\/\\\/www.fcbarcelonanoticias.com\\\/en\\\/wp-content\\\/uploads\\\/sites\\\/2\\\/2024\\\/11\\\/fc-barcelona-v-bsc-young-boys-uefa-champions-league-2024-25-league-phase-md2-10-1.jpeg\",\"contentUrl\":\"https:\\\/\\\/www.fcbarcelonanoticias.com\\\/en\\\/wp-content\\\/uploads\\\/sites\\\/2\\\/2024\\\/11\\\/fc-barcelona-v-bsc-young-boys-uefa-champions-league-2024-25-league-phase-md2-10-1.jpeg\",\"width\":1200,\"height\":650},{\"@type\":\"BreadcrumbList\",\"@id\":\"https:\\\/\\\/www.fcbarcelonanoticias.com\\\/en\\\/champions-league\\\/fc-barcelona-will-miss-significant-player-against-brest_308848_102.html#breadcrumb\",\"itemListElement\":[{\"@type\":\"ListItem\",\"position\":1,\"name\":\"Portada\",\"item\":\"https:\\\/\\\/www.fcbarcelonanoticias.com\\\/en\\\/\"},{\"@type\":\"ListItem\",\"position\":2,\"name\":\"FC Barcelona will miss a significant player against Brest\"}]},{\"@type\":\"WebSite\",\"@id\":\"https:\\\/\\\/www.fcbarcelonanoticias.com\\\/en\\\/#website\",\"url\":\"https:\\\/\\\/www.fcbarcelonanoticias.com\\\/en\\\/\",\"name\":\"EN - FC Barcelona Noticias\",\"description\":\"\",\"potentialAction\":[{\"@type\":\"SearchAction\",\"target\":{\"@type\":\"EntryPoint\",\"urlTemplate\":\"https:\\\/\\\/www.fcbarcelonanoticias.com\\\/en\\\/?s={search_term_string}\"},\"query-input\":{\"@type\":\"PropertyValueSpecification\",\"valueRequired\":true,\"valueName\":\"search_term_string\"}}],\"inLanguage\":\"en-US\"},{\"@type\":\"Person\",\"@id\":\"https:\\\/\\\/www.fcbarcelonanoticias.com\\\/en\\\/#\\\/schema\\\/person\\\/88d756918a0a1ae9fa593b5edddd1815\",\"name\":\"Juan Pablo Berdugo\",\"image\":{\"@type\":\"ImageObject\",\"inLanguage\":\"en-US\",\"@id\":\"https:\\\/\\\/secure.gravatar.com\\\/avatar\\\/?s=96&d=mm&r=g\",\"url\":\"https:\\\/\\\/secure.gravatar.com\\\/avatar\\\/?s=96&d=mm&r=g\",\"contentUrl\":\"https:\\\/\\\/secure.gravatar.com\\\/avatar\\\/?s=96&d=mm&r=g\",\"caption\":\"Juan Pablo Berdugo\"},\"description\":\"Juan Pablo Berdugo es graduado en Periodismo. Colabora con FCBN como especialista en informaci\u00f3n del primer equipo del FC Barcelona, f\u00fatbol internacional y mercado de fichajes. Destaca por su enfoque anal\u00edtico, su rigor informativo y su capacidad para detectar tendencias emergentes en el f\u00fatbol global.\",\"url\":\"https:\\\/\\\/www.fcbarcelonanoticias.com\\\/en\\\/fc-barcelona\\\/juan-pablo-berdugo_18_115.html\"}]}<\/script>\n<!-- \/ Yoast SEO plugin. -->","yoast_head_json":{"title":"FC Barcelona will miss a significant player against Brest","description":"Lamine Yamal will not be available for the Champions League match against Brest. The '19's' ankle is still bothering him and he will probably return against Las Palmas","robots":{"index":"index","follow":"follow","max-snippet":"max-snippet:-1","max-image-preview":"max-image-preview:large","max-video-preview":"max-video-preview:-1"},"canonical":"https:\/\/www.fcbarcelonanoticias.com\/en\/champions-league\/fc-barcelona-will-miss-significant-player-against-brest_308848_102.html","og_locale":"en_US","og_type":"article","og_title":"FC Barcelona will miss a significant player against Brest","og_description":"Lamine Yamal will not be available for the Champions League match against Brest. The '19's' ankle is still bothering him and he will probably return against Las Palmas","og_url":"https:\/\/www.fcbarcelonanoticias.com\/en\/champions-league\/fc-barcelona-will-miss-significant-player-against-brest_308848_102.html","og_site_name":"EN - FC Barcelona Noticias","article_published_time":"2024-11-24T18:34:00+00:00","article_modified_time":"2024-11-25T01:32:00+00:00","og_image":[{"width":1200,"height":650,"url":"https:\/\/www.fcbarcelonanoticias.com\/en\/wp-content\/uploads\/sites\/2\/2024\/11\/fc-barcelona-v-bsc-young-boys-uefa-champions-league-2024-25-league-phase-md2-10-1.jpeg","type":"image\/jpeg"}],"author":"Juan Pablo Berdugo","twitter_card":"summary_large_image","twitter_misc":{"Written by":"Juan Pablo Berdugo","Est. reading time":"1 minute"},"schema":{"@context":"https:\/\/schema.org","@graph":[{"@type":"Article","@id":"https:\/\/www.fcbarcelonanoticias.com\/en\/champions-league\/fc-barcelona-will-miss-significant-player-against-brest_308848_102.html#article","isPartOf":{"@id":"https:\/\/www.fcbarcelonanoticias.com\/en\/champions-league\/fc-barcelona-will-miss-significant-player-against-brest_308848_102.html"},"author":{"name":"Juan Pablo Berdugo","@id":"https:\/\/www.fcbarcelonanoticias.com\/en\/#\/schema\/person\/88d756918a0a1ae9fa593b5edddd1815"},"headline":"FC Barcelona will miss a significant player against Brest","datePublished":"2024-11-24T18:34:00+00:00","dateModified":"2024-11-25T01:32:00+00:00","mainEntityOfPage":{"@id":"https:\/\/www.fcbarcelonanoticias.com\/en\/champions-league\/fc-barcelona-will-miss-significant-player-against-brest_308848_102.html"},"wordCount":305,"image":{"@id":"https:\/\/www.fcbarcelonanoticias.com\/en\/champions-league\/fc-barcelona-will-miss-significant-player-against-brest_308848_102.html#primaryimage"},"thumbnailUrl":"https:\/\/www.fcbarcelonanoticias.com\/en\/wp-content\/uploads\/sites\/2\/2024\/11\/fc-barcelona-v-bsc-young-boys-uefa-champions-league-2024-25-league-phase-md2-10-1.jpeg","keywords":["FC Barcelona Lineups","FC Barcelona vs Brest","Hansi Flick","injured"],"articleSection":["Champions League","Champions League"],"inLanguage":"en-US"},{"@type":"WebPage","@id":"https:\/\/www.fcbarcelonanoticias.com\/en\/champions-league\/fc-barcelona-will-miss-significant-player-against-brest_308848_102.html","url":"https:\/\/www.fcbarcelonanoticias.com\/en\/champions-league\/fc-barcelona-will-miss-significant-player-against-brest_308848_102.html","name":"FC Barcelona will miss a significant player against Brest","isPartOf":{"@id":"https:\/\/www.fcbarcelonanoticias.com\/en\/#website"},"primaryImageOfPage":{"@id":"https:\/\/www.fcbarcelonanoticias.com\/en\/champions-league\/fc-barcelona-will-miss-significant-player-against-brest_308848_102.html#primaryimage"},"image":{"@id":"https:\/\/www.fcbarcelonanoticias.com\/en\/champions-league\/fc-barcelona-will-miss-significant-player-against-brest_308848_102.html#primaryimage"},"thumbnailUrl":"https:\/\/www.fcbarcelonanoticias.com\/en\/wp-content\/uploads\/sites\/2\/2024\/11\/fc-barcelona-v-bsc-young-boys-uefa-champions-league-2024-25-league-phase-md2-10-1.jpeg","datePublished":"2024-11-24T18:34:00+00:00","dateModified":"2024-11-25T01:32:00+00:00","author":{"@id":"https:\/\/www.fcbarcelonanoticias.com\/en\/#\/schema\/person\/88d756918a0a1ae9fa593b5edddd1815"},"description":"Lamine Yamal will not be available for the Champions League match against Brest. The '19's' ankle is still bothering him and he will probably return against Las Palmas","breadcrumb":{"@id":"https:\/\/www.fcbarcelonanoticias.com\/en\/champions-league\/fc-barcelona-will-miss-significant-player-against-brest_308848_102.html#breadcrumb"},"inLanguage":"en-US","potentialAction":[{"@type":"ReadAction","target":["https:\/\/www.fcbarcelonanoticias.com\/en\/champions-league\/fc-barcelona-will-miss-significant-player-against-brest_308848_102.html"]}]},{"@type":"ImageObject","inLanguage":"en-US","@id":"https:\/\/www.fcbarcelonanoticias.com\/en\/champions-league\/fc-barcelona-will-miss-significant-player-against-brest_308848_102.html#primaryimage","url":"https:\/\/www.fcbarcelonanoticias.com\/en\/wp-content\/uploads\/sites\/2\/2024\/11\/fc-barcelona-v-bsc-young-boys-uefa-champions-league-2024-25-league-phase-md2-10-1.jpeg","contentUrl":"https:\/\/www.fcbarcelonanoticias.com\/en\/wp-content\/uploads\/sites\/2\/2024\/11\/fc-barcelona-v-bsc-young-boys-uefa-champions-league-2024-25-league-phase-md2-10-1.jpeg","width":1200,"height":650},{"@type":"BreadcrumbList","@id":"https:\/\/www.fcbarcelonanoticias.com\/en\/champions-league\/fc-barcelona-will-miss-significant-player-against-brest_308848_102.html#breadcrumb","itemListElement":[{"@type":"ListItem","position":1,"name":"Portada","item":"https:\/\/www.fcbarcelonanoticias.com\/en\/"},{"@type":"ListItem","position":2,"name":"FC Barcelona will miss a significant player against Brest"}]},{"@type":"WebSite","@id":"https:\/\/www.fcbarcelonanoticias.com\/en\/#website","url":"https:\/\/www.fcbarcelonanoticias.com\/en\/","name":"EN - FC Barcelona Noticias","description":"","potentialAction":[{"@type":"SearchAction","target":{"@type":"EntryPoint","urlTemplate":"https:\/\/www.fcbarcelonanoticias.com\/en\/?s={search_term_string}"},"query-input":{"@type":"PropertyValueSpecification","valueRequired":true,"valueName":"search_term_string"}}],"inLanguage":"en-US"},{"@type":"Person","@id":"https:\/\/www.fcbarcelonanoticias.com\/en\/#\/schema\/person\/88d756918a0a1ae9fa593b5edddd1815","name":"Juan Pablo Berdugo","image":{"@type":"ImageObject","inLanguage":"en-US","@id":"https:\/\/secure.gravatar.com\/avatar\/?s=96&d=mm&r=g","url":"https:\/\/secure.gravatar.com\/avatar\/?s=96&d=mm&r=g","contentUrl":"https:\/\/secure.gravatar.com\/avatar\/?s=96&d=mm&r=g","caption":"Juan Pablo Berdugo"},"description":"Juan Pablo Berdugo es graduado en Periodismo. Colabora con FCBN como especialista en informaci\u00f3n del primer equipo del FC Barcelona, f\u00fatbol internacional y mercado de fichajes. Destaca por su enfoque anal\u00edtico, su rigor informativo y su capacidad para detectar tendencias emergentes en el f\u00fatbol global.","url":"https:\/\/www.fcbarcelonanoticias.com\/en\/fc-barcelona\/juan-pablo-berdugo_18_115.html"}]}},"_links":{"self":[{"href":"https:\/\/www.fcbarcelonanoticias.com\/en\/wp-json\/wp\/v2\/posts\/4542","targetHints":{"allow":["GET"]}}],"collection":[{"href":"https:\/\/www.fcbarcelonanoticias.com\/en\/wp-json\/wp\/v2\/posts"}],"about":[{"href":"https:\/\/www.fcbarcelonanoticias.com\/en\/wp-json\/wp\/v2\/types\/post"}],"author":[{"embeddable":true,"href":"https:\/\/www.fcbarcelonanoticias.com\/en\/wp-json\/wp\/v2\/users\/358"}],"replies":[{"embeddable":true,"href":"https:\/\/www.fcbarcelonanoticias.com\/en\/wp-json\/wp\/v2\/comments?post=4542"}],"version-history":[{"count":1,"href":"https:\/\/www.fcbarcelonanoticias.com\/en\/wp-json\/wp\/v2\/posts\/4542\/revisions"}],"predecessor-version":[{"id":101392,"href":"https:\/\/www.fcbarcelonanoticias.com\/en\/wp-json\/wp\/v2\/posts\/4542\/revisions\/101392"}],"wp:featuredmedia":[{"embeddable":true,"href":"https:\/\/www.fcbarcelonanoticias.com\/en\/wp-json\/wp\/v2\/media\/4543"}],"wp:attachment":[{"href":"https:\/\/www.fcbarcelonanoticias.com\/en\/wp-json\/wp\/v2\/media?parent=4542"}],"wp:term":[{"taxonomy":"category","embeddable":true,"href":"https:\/\/www.fcbarcelonanoticias.com\/en\/wp-json\/wp\/v2\/categories?post=4542"},{"taxonomy":"post_tag","embeddable":true,"href":"https:\/\/www.fcbarcelonanoticias.com\/en\/wp-json\/wp\/v2\/tags?post=4542"}],"curies":[{"name":"wp","href":"https:\/\/api.w.org\/{rel}","templated":true}]}}