{"id":45423,"date":"2023-02-12T20:40:00","date_gmt":"2023-02-12T19:40:00","guid":{"rendered":"https:\/\/weisetech.dev\/fc-barcelona-noticias\/en\/mbappe-shortens-recovery-could-psg-bayern-champions-league_289563_102\/"},"modified":"2023-02-12T20:40:00","modified_gmt":"2023-02-12T19:40:00","slug":"mbappe-shortens-recovery-could-psg-bayern-champions-league_289563_102","status":"publish","type":"post","link":"https:\/\/www.fcbarcelonanoticias.com\/en\/international-football\/mbappe-shortens-recovery-could-psg-bayern-champions-league_289563_102.html","title":{"rendered":"Mbapp\u00e9 shortens his recovery and could reach PSG-Bayern in the Champions League"},"content":{"rendered":"<h2 class=\"wp-block-heading\">Kylian Mbapp\u00e9 has given PSG good news. Bondy&#8217;s has returned to the training sessions of the Parisian team, so his presence against Bayern Munich would not be ruled out<\/h2>  \r\n<div class=\"article-addons\">\r\n    <a href=\"https:\/\/www.fcbarcelonanoticias.com\/en\/calendar-fc-barcelona.html\"\r\n       target=\"_self\"\r\n       title=\"Calendar of FC Barcelona\"\r\n       class=\"blue-gredient-btn\">\r\n       \r\n        Calendar of FC Barcelona    <\/a>\r\n<\/div>   <p>After having suffered an injury that had put in vilo to Paris Saint-Germain of face to a crash of vital importance in front of the Bayern of Munich in the gone of the eighth of final of the League of Champions, begin to arrive good news for the team directed by Christophe Galtier, that <strong>could recover to one of his main figures of attack of face to the duel that will have like stage to the Park of the Princes: <a data-external=\"0\" data-intl-links-en=\"https:\/\/www.fcbarcelonanoticias.com\/en\/transfers\/bombing-mbappe-frances-could-leave-for-free-madrid-in-2024_289512_102.html\" data-intl-links-es=\"https:\/\/www.fcbarcelonanoticias.com\/fichajes\/bombazo-mbappe-frances-podria-marcharse-gratis-madrid-en-2024_289512_102.html\" href=\"https:\/\/www.fcbarcelonanoticias.com\/en\/transfers\/bombing-mbappe-frances-could-leave-for-free-madrid-in-2024_289512_102.html\" rel=\"follow\" target=\"_self\" title=\"\u00bf'Bombazo Mbapp\u00e9? El franc\u00e9s podr\u00eda marcharse gratis al Madrid en 2024\">Kylian Mbapp\u00e9<\/a><\/strong>.<\/p>  <p>The international Frenchman<strong> has returned to the sessions of physical work beside the rest of the group under the orders of Galtier<\/strong>, by what could continue with the rest of his process of recovery of way accelerated and would not be descartado for the crash in front of the Germans, although of his physical state will depend the degree of participation in the commitment, possibly without being on the lawn along the 90 minutes.<\/p>  <p>In fact, <strong>his participation in the training has been partial and beside the players that did not see action in the last party<\/strong>, in which they fell in front of the Monaco by 3-1. Thus, these advances are one very good signal for the Parisian team after all aimed to that his star would face a process of recovery much more extensive of what has come living before going back to his training.<\/p>  <h4>Galtier Wants to protect him<\/h4>  <p>However, in accordance with the information that has given to know the m\u00edster in his appearance in front of the media, the technical body will be careful, by what could not risking of more with the French, although it will be an important piece to confront to the Bavarians: &#8220;<strong>Kylian received a hit behind the knee and in the muscle<\/strong> (&#8230;). With the sequence of parties, prefer not running risks&#8221;.<\/p>  <p>Even so, before knowing the scope of his injury, had left clear that the ailments that has suffered the one of Bondy are not of gravity as to concern of more: &#8220;it does not seem very grave, so much for one as for the another. Already we will see. Obviously, (Mbapp\u00e9 and Bouquets) are two important players. On what saw in the rest and what said us, there is not too much worry&#8221;.<\/p> ","protected":false},"excerpt":{"rendered":"<p>Kylian Mbapp\u00e9 has given PSG good news. Bondy&#8217;s has returned to the training sessions of the Parisian team, so his presence against Bayern Munich would not be ruled out After having suffered an injury that had put in vilo to Paris Saint-Germain of face to a crash of vital importance in front of the Bayern [&hellip;]<\/p>\n","protected":false},"author":363,"featured_media":45425,"comment_status":"closed","ping_status":"open","sticky":false,"template":"","format":"standard","meta":{"_acf_changed":false,"inline_featured_image":false,"_nextfly_llmd_date_locked":false,"footnotes":""},"categories":[112,447],"tags":[104,171,88],"class_list":["post-45423","post","type-post","status-publish","format-standard","has-post-thumbnail","hentry","category-champions-league","category-champions-league-2","tag-bayern-munich","tag-mbappe","tag-paris-saint-germain"],"acf":[],"yoast_head":"<!-- This site is optimized with the Yoast SEO plugin v27.3 - https:\/\/yoast.com\/product\/yoast-seo-wordpress\/ -->\n<title>Mbapp\u00e9 Shortens his recovery and could arrive to the PSG-Bayern of Champions<\/title>\n<meta name=\"description\" content=\"Kylian Mbapp\u00e9 Has given good news to the PSG. The one of Bondy has returned to the sessions of training of the Parisian team, by what his presence in front of the Bayern of Munich would not be descartada\" \/>\n<meta name=\"robots\" content=\"index, follow, max-snippet:-1, max-image-preview:large, max-video-preview:-1\" \/>\n<link rel=\"canonical\" href=\"https:\/\/www.fcbarcelonanoticias.com\/en\/international-football\/mbappe-shortens-recovery-could-psg-bayern-champions-league_289563_102.html\" \/>\n<meta property=\"og:locale\" content=\"en_US\" \/>\n<meta property=\"og:type\" content=\"article\" \/>\n<meta property=\"og:title\" content=\"Mbapp\u00e9 Shortens his recovery and could arrive to the PSG-Bayern of Champions\" \/>\n<meta property=\"og:description\" content=\"Kylian Mbapp\u00e9 Has given good news to the PSG. The one of Bondy has returned to the sessions of training of the Parisian team, by what his presence in front of the Bayern of Munich would not be descartada\" \/>\n<meta property=\"og:url\" content=\"https:\/\/www.fcbarcelonanoticias.com\/en\/international-football\/mbappe-shortens-recovery-could-psg-bayern-champions-league_289563_102.html\" \/>\n<meta property=\"og:site_name\" content=\"EN - FC Barcelona Noticias\" \/>\n<meta property=\"article:published_time\" content=\"2023-02-12T19:40:00+00:00\" \/>\n<meta property=\"og:image\" content=\"https:\/\/www.fcbarcelonanoticias.com\/en\/wp-content\/uploads\/sites\/2\/2023\/02\/fbl-fra-ligue1-montpellier-psg-1.jpeg\" \/>\n\t<meta property=\"og:image:width\" content=\"1200\" \/>\n\t<meta property=\"og:image:height\" content=\"700\" \/>\n\t<meta property=\"og:image:type\" content=\"image\/jpeg\" \/>\n<meta name=\"author\" content=\"Claudio Betancourt\" \/>\n<meta name=\"twitter:card\" content=\"summary_large_image\" \/>\n<meta name=\"twitter:label1\" content=\"Written by\" \/>\n\t<meta name=\"twitter:data1\" content=\"Claudio Betancourt\" \/>\n\t<meta name=\"twitter:label2\" content=\"Est. reading time\" \/>\n\t<meta name=\"twitter:data2\" content=\"2 minutes\" \/>\n<script type=\"application\/ld+json\" class=\"yoast-schema-graph\">{\"@context\":\"https:\\\/\\\/schema.org\",\"@graph\":[{\"@type\":\"Article\",\"@id\":\"https:\\\/\\\/www.fcbarcelonanoticias.com\\\/en\\\/international-football\\\/mbappe-shortens-recovery-could-psg-bayern-champions-league_289563_102.html#article\",\"isPartOf\":{\"@id\":\"https:\\\/\\\/www.fcbarcelonanoticias.com\\\/en\\\/international-football\\\/mbappe-shortens-recovery-could-psg-bayern-champions-league_289563_102.html\"},\"author\":{\"name\":\"Claudio Betancourt\",\"@id\":\"https:\\\/\\\/www.fcbarcelonanoticias.com\\\/en\\\/#\\\/schema\\\/person\\\/76c77917e39f918eb1604c571055386e\"},\"headline\":\"Mbapp\u00e9 shortens his recovery and could reach PSG-Bayern in the Champions League\",\"datePublished\":\"2023-02-12T19:40:00+00:00\",\"mainEntityOfPage\":{\"@id\":\"https:\\\/\\\/www.fcbarcelonanoticias.com\\\/en\\\/international-football\\\/mbappe-shortens-recovery-could-psg-bayern-champions-league_289563_102.html\"},\"wordCount\":418,\"image\":{\"@id\":\"https:\\\/\\\/www.fcbarcelonanoticias.com\\\/en\\\/international-football\\\/mbappe-shortens-recovery-could-psg-bayern-champions-league_289563_102.html#primaryimage\"},\"thumbnailUrl\":\"https:\\\/\\\/www.fcbarcelonanoticias.com\\\/en\\\/wp-content\\\/uploads\\\/sites\\\/2\\\/2023\\\/02\\\/fbl-fra-ligue1-montpellier-psg-1.jpeg\",\"keywords\":[\"Bayern Munich\",\"Mbapp\u00e9\",\"Paris Saint-Germain\"],\"articleSection\":[\"Champions League\",\"Champions League\"],\"inLanguage\":\"en-US\"},{\"@type\":\"WebPage\",\"@id\":\"https:\\\/\\\/www.fcbarcelonanoticias.com\\\/en\\\/international-football\\\/mbappe-shortens-recovery-could-psg-bayern-champions-league_289563_102.html\",\"url\":\"https:\\\/\\\/www.fcbarcelonanoticias.com\\\/en\\\/international-football\\\/mbappe-shortens-recovery-could-psg-bayern-champions-league_289563_102.html\",\"name\":\"Mbapp\u00e9 Shortens his recovery and could arrive to the PSG-Bayern of Champions\",\"isPartOf\":{\"@id\":\"https:\\\/\\\/www.fcbarcelonanoticias.com\\\/en\\\/#website\"},\"primaryImageOfPage\":{\"@id\":\"https:\\\/\\\/www.fcbarcelonanoticias.com\\\/en\\\/international-football\\\/mbappe-shortens-recovery-could-psg-bayern-champions-league_289563_102.html#primaryimage\"},\"image\":{\"@id\":\"https:\\\/\\\/www.fcbarcelonanoticias.com\\\/en\\\/international-football\\\/mbappe-shortens-recovery-could-psg-bayern-champions-league_289563_102.html#primaryimage\"},\"thumbnailUrl\":\"https:\\\/\\\/www.fcbarcelonanoticias.com\\\/en\\\/wp-content\\\/uploads\\\/sites\\\/2\\\/2023\\\/02\\\/fbl-fra-ligue1-montpellier-psg-1.jpeg\",\"datePublished\":\"2023-02-12T19:40:00+00:00\",\"author\":{\"@id\":\"https:\\\/\\\/www.fcbarcelonanoticias.com\\\/en\\\/#\\\/schema\\\/person\\\/76c77917e39f918eb1604c571055386e\"},\"description\":\"Kylian Mbapp\u00e9 Has given good news to the PSG. The one of Bondy has returned to the sessions of training of the Parisian team, by what his presence in front of the Bayern of Munich would not be descartada\",\"breadcrumb\":{\"@id\":\"https:\\\/\\\/www.fcbarcelonanoticias.com\\\/en\\\/international-football\\\/mbappe-shortens-recovery-could-psg-bayern-champions-league_289563_102.html#breadcrumb\"},\"inLanguage\":\"en-US\",\"potentialAction\":[{\"@type\":\"ReadAction\",\"target\":[\"https:\\\/\\\/www.fcbarcelonanoticias.com\\\/en\\\/international-football\\\/mbappe-shortens-recovery-could-psg-bayern-champions-league_289563_102.html\"]}]},{\"@type\":\"ImageObject\",\"inLanguage\":\"en-US\",\"@id\":\"https:\\\/\\\/www.fcbarcelonanoticias.com\\\/en\\\/international-football\\\/mbappe-shortens-recovery-could-psg-bayern-champions-league_289563_102.html#primaryimage\",\"url\":\"https:\\\/\\\/www.fcbarcelonanoticias.com\\\/en\\\/wp-content\\\/uploads\\\/sites\\\/2\\\/2023\\\/02\\\/fbl-fra-ligue1-montpellier-psg-1.jpeg\",\"contentUrl\":\"https:\\\/\\\/www.fcbarcelonanoticias.com\\\/en\\\/wp-content\\\/uploads\\\/sites\\\/2\\\/2023\\\/02\\\/fbl-fra-ligue1-montpellier-psg-1.jpeg\",\"width\":1200,\"height\":700},{\"@type\":\"BreadcrumbList\",\"@id\":\"https:\\\/\\\/www.fcbarcelonanoticias.com\\\/en\\\/international-football\\\/mbappe-shortens-recovery-could-psg-bayern-champions-league_289563_102.html#breadcrumb\",\"itemListElement\":[{\"@type\":\"ListItem\",\"position\":1,\"name\":\"Portada\",\"item\":\"https:\\\/\\\/www.fcbarcelonanoticias.com\\\/en\\\/\"},{\"@type\":\"ListItem\",\"position\":2,\"name\":\"Mbapp\u00e9 shortens his recovery and could reach PSG-Bayern in the Champions League\"}]},{\"@type\":\"WebSite\",\"@id\":\"https:\\\/\\\/www.fcbarcelonanoticias.com\\\/en\\\/#website\",\"url\":\"https:\\\/\\\/www.fcbarcelonanoticias.com\\\/en\\\/\",\"name\":\"EN - FC Barcelona Noticias\",\"description\":\"\",\"potentialAction\":[{\"@type\":\"SearchAction\",\"target\":{\"@type\":\"EntryPoint\",\"urlTemplate\":\"https:\\\/\\\/www.fcbarcelonanoticias.com\\\/en\\\/?s={search_term_string}\"},\"query-input\":{\"@type\":\"PropertyValueSpecification\",\"valueRequired\":true,\"valueName\":\"search_term_string\"}}],\"inLanguage\":\"en-US\"},{\"@type\":\"Person\",\"@id\":\"https:\\\/\\\/www.fcbarcelonanoticias.com\\\/en\\\/#\\\/schema\\\/person\\\/76c77917e39f918eb1604c571055386e\",\"name\":\"Claudio Betancourt\",\"image\":{\"@type\":\"ImageObject\",\"inLanguage\":\"en-US\",\"@id\":\"https:\\\/\\\/secure.gravatar.com\\\/avatar\\\/?s=96&d=mm&r=g\",\"url\":\"https:\\\/\\\/secure.gravatar.com\\\/avatar\\\/?s=96&d=mm&r=g\",\"contentUrl\":\"https:\\\/\\\/secure.gravatar.com\\\/avatar\\\/?s=96&d=mm&r=g\",\"caption\":\"Claudio Betancourt\"},\"url\":\"https:\\\/\\\/www.fcbarcelonanoticias.com\\\/en\\\/claudio-betancourt_14_115.html\"}]}<\/script>\n<!-- \/ Yoast SEO plugin. -->","yoast_head_json":{"title":"Mbapp\u00e9 Shortens his recovery and could arrive to the PSG-Bayern of Champions","description":"Kylian Mbapp\u00e9 Has given good news to the PSG. The one of Bondy has returned to the sessions of training of the Parisian team, by what his presence in front of the Bayern of Munich would not be descartada","robots":{"index":"index","follow":"follow","max-snippet":"max-snippet:-1","max-image-preview":"max-image-preview:large","max-video-preview":"max-video-preview:-1"},"canonical":"https:\/\/www.fcbarcelonanoticias.com\/en\/international-football\/mbappe-shortens-recovery-could-psg-bayern-champions-league_289563_102.html","og_locale":"en_US","og_type":"article","og_title":"Mbapp\u00e9 Shortens his recovery and could arrive to the PSG-Bayern of Champions","og_description":"Kylian Mbapp\u00e9 Has given good news to the PSG. The one of Bondy has returned to the sessions of training of the Parisian team, by what his presence in front of the Bayern of Munich would not be descartada","og_url":"https:\/\/www.fcbarcelonanoticias.com\/en\/international-football\/mbappe-shortens-recovery-could-psg-bayern-champions-league_289563_102.html","og_site_name":"EN - FC Barcelona Noticias","article_published_time":"2023-02-12T19:40:00+00:00","og_image":[{"width":1200,"height":700,"url":"https:\/\/www.fcbarcelonanoticias.com\/en\/wp-content\/uploads\/sites\/2\/2023\/02\/fbl-fra-ligue1-montpellier-psg-1.jpeg","type":"image\/jpeg"}],"author":"Claudio Betancourt","twitter_card":"summary_large_image","twitter_misc":{"Written by":"Claudio Betancourt","Est. reading time":"2 minutes"},"schema":{"@context":"https:\/\/schema.org","@graph":[{"@type":"Article","@id":"https:\/\/www.fcbarcelonanoticias.com\/en\/international-football\/mbappe-shortens-recovery-could-psg-bayern-champions-league_289563_102.html#article","isPartOf":{"@id":"https:\/\/www.fcbarcelonanoticias.com\/en\/international-football\/mbappe-shortens-recovery-could-psg-bayern-champions-league_289563_102.html"},"author":{"name":"Claudio Betancourt","@id":"https:\/\/www.fcbarcelonanoticias.com\/en\/#\/schema\/person\/76c77917e39f918eb1604c571055386e"},"headline":"Mbapp\u00e9 shortens his recovery and could reach PSG-Bayern in the Champions League","datePublished":"2023-02-12T19:40:00+00:00","mainEntityOfPage":{"@id":"https:\/\/www.fcbarcelonanoticias.com\/en\/international-football\/mbappe-shortens-recovery-could-psg-bayern-champions-league_289563_102.html"},"wordCount":418,"image":{"@id":"https:\/\/www.fcbarcelonanoticias.com\/en\/international-football\/mbappe-shortens-recovery-could-psg-bayern-champions-league_289563_102.html#primaryimage"},"thumbnailUrl":"https:\/\/www.fcbarcelonanoticias.com\/en\/wp-content\/uploads\/sites\/2\/2023\/02\/fbl-fra-ligue1-montpellier-psg-1.jpeg","keywords":["Bayern Munich","Mbapp\u00e9","Paris Saint-Germain"],"articleSection":["Champions League","Champions League"],"inLanguage":"en-US"},{"@type":"WebPage","@id":"https:\/\/www.fcbarcelonanoticias.com\/en\/international-football\/mbappe-shortens-recovery-could-psg-bayern-champions-league_289563_102.html","url":"https:\/\/www.fcbarcelonanoticias.com\/en\/international-football\/mbappe-shortens-recovery-could-psg-bayern-champions-league_289563_102.html","name":"Mbapp\u00e9 Shortens his recovery and could arrive to the PSG-Bayern of Champions","isPartOf":{"@id":"https:\/\/www.fcbarcelonanoticias.com\/en\/#website"},"primaryImageOfPage":{"@id":"https:\/\/www.fcbarcelonanoticias.com\/en\/international-football\/mbappe-shortens-recovery-could-psg-bayern-champions-league_289563_102.html#primaryimage"},"image":{"@id":"https:\/\/www.fcbarcelonanoticias.com\/en\/international-football\/mbappe-shortens-recovery-could-psg-bayern-champions-league_289563_102.html#primaryimage"},"thumbnailUrl":"https:\/\/www.fcbarcelonanoticias.com\/en\/wp-content\/uploads\/sites\/2\/2023\/02\/fbl-fra-ligue1-montpellier-psg-1.jpeg","datePublished":"2023-02-12T19:40:00+00:00","author":{"@id":"https:\/\/www.fcbarcelonanoticias.com\/en\/#\/schema\/person\/76c77917e39f918eb1604c571055386e"},"description":"Kylian Mbapp\u00e9 Has given good news to the PSG. The one of Bondy has returned to the sessions of training of the Parisian team, by what his presence in front of the Bayern of Munich would not be descartada","breadcrumb":{"@id":"https:\/\/www.fcbarcelonanoticias.com\/en\/international-football\/mbappe-shortens-recovery-could-psg-bayern-champions-league_289563_102.html#breadcrumb"},"inLanguage":"en-US","potentialAction":[{"@type":"ReadAction","target":["https:\/\/www.fcbarcelonanoticias.com\/en\/international-football\/mbappe-shortens-recovery-could-psg-bayern-champions-league_289563_102.html"]}]},{"@type":"ImageObject","inLanguage":"en-US","@id":"https:\/\/www.fcbarcelonanoticias.com\/en\/international-football\/mbappe-shortens-recovery-could-psg-bayern-champions-league_289563_102.html#primaryimage","url":"https:\/\/www.fcbarcelonanoticias.com\/en\/wp-content\/uploads\/sites\/2\/2023\/02\/fbl-fra-ligue1-montpellier-psg-1.jpeg","contentUrl":"https:\/\/www.fcbarcelonanoticias.com\/en\/wp-content\/uploads\/sites\/2\/2023\/02\/fbl-fra-ligue1-montpellier-psg-1.jpeg","width":1200,"height":700},{"@type":"BreadcrumbList","@id":"https:\/\/www.fcbarcelonanoticias.com\/en\/international-football\/mbappe-shortens-recovery-could-psg-bayern-champions-league_289563_102.html#breadcrumb","itemListElement":[{"@type":"ListItem","position":1,"name":"Portada","item":"https:\/\/www.fcbarcelonanoticias.com\/en\/"},{"@type":"ListItem","position":2,"name":"Mbapp\u00e9 shortens his recovery and could reach PSG-Bayern in the Champions League"}]},{"@type":"WebSite","@id":"https:\/\/www.fcbarcelonanoticias.com\/en\/#website","url":"https:\/\/www.fcbarcelonanoticias.com\/en\/","name":"EN - FC Barcelona Noticias","description":"","potentialAction":[{"@type":"SearchAction","target":{"@type":"EntryPoint","urlTemplate":"https:\/\/www.fcbarcelonanoticias.com\/en\/?s={search_term_string}"},"query-input":{"@type":"PropertyValueSpecification","valueRequired":true,"valueName":"search_term_string"}}],"inLanguage":"en-US"},{"@type":"Person","@id":"https:\/\/www.fcbarcelonanoticias.com\/en\/#\/schema\/person\/76c77917e39f918eb1604c571055386e","name":"Claudio Betancourt","image":{"@type":"ImageObject","inLanguage":"en-US","@id":"https:\/\/secure.gravatar.com\/avatar\/?s=96&d=mm&r=g","url":"https:\/\/secure.gravatar.com\/avatar\/?s=96&d=mm&r=g","contentUrl":"https:\/\/secure.gravatar.com\/avatar\/?s=96&d=mm&r=g","caption":"Claudio Betancourt"},"url":"https:\/\/www.fcbarcelonanoticias.com\/en\/claudio-betancourt_14_115.html"}]}},"_links":{"self":[{"href":"https:\/\/www.fcbarcelonanoticias.com\/en\/wp-json\/wp\/v2\/posts\/45423","targetHints":{"allow":["GET"]}}],"collection":[{"href":"https:\/\/www.fcbarcelonanoticias.com\/en\/wp-json\/wp\/v2\/posts"}],"about":[{"href":"https:\/\/www.fcbarcelonanoticias.com\/en\/wp-json\/wp\/v2\/types\/post"}],"author":[{"embeddable":true,"href":"https:\/\/www.fcbarcelonanoticias.com\/en\/wp-json\/wp\/v2\/users\/363"}],"replies":[{"embeddable":true,"href":"https:\/\/www.fcbarcelonanoticias.com\/en\/wp-json\/wp\/v2\/comments?post=45423"}],"version-history":[{"count":1,"href":"https:\/\/www.fcbarcelonanoticias.com\/en\/wp-json\/wp\/v2\/posts\/45423\/revisions"}],"predecessor-version":[{"id":115792,"href":"https:\/\/www.fcbarcelonanoticias.com\/en\/wp-json\/wp\/v2\/posts\/45423\/revisions\/115792"}],"wp:featuredmedia":[{"embeddable":true,"href":"https:\/\/www.fcbarcelonanoticias.com\/en\/wp-json\/wp\/v2\/media\/45425"}],"wp:attachment":[{"href":"https:\/\/www.fcbarcelonanoticias.com\/en\/wp-json\/wp\/v2\/media?parent=45423"}],"wp:term":[{"taxonomy":"category","embeddable":true,"href":"https:\/\/www.fcbarcelonanoticias.com\/en\/wp-json\/wp\/v2\/categories?post=45423"},{"taxonomy":"post_tag","embeddable":true,"href":"https:\/\/www.fcbarcelonanoticias.com\/en\/wp-json\/wp\/v2\/tags?post=45423"}],"curies":[{"name":"wp","href":"https:\/\/api.w.org\/{rel}","templated":true}]}}