{"id":45585,"date":"2023-02-11T18:56:00","date_gmt":"2023-02-11T17:56:00","guid":{"rendered":"https:\/\/weisetech.dev\/fc-barcelona-noticias\/en\/monaco-aggravates-crisis-of-paris-before-the-return-of-champions-3-1_289530_102\/"},"modified":"2023-02-11T18:56:00","modified_gmt":"2023-02-11T17:56:00","slug":"monaco-aggravates-crisis-of-paris-before-the-return-of-champions-3-1_289530_102","status":"publish","type":"post","link":"https:\/\/www.fcbarcelonanoticias.com\/en\/international-football\/monaco-aggravates-crisis-of-paris-before-the-return-of-champions-3-1_289530_102.html","title":{"rendered":"Monaco aggravates the crisis in Paris before the return of the Champions League (3-1)"},"content":{"rendered":"<h2 class=\"wp-block-heading\">Paris Saint-Germain fell to Monaco on their visit to the Principality&#8217;s Louis II stadium (3-1). Christophe Galtier&#8217;s men, without Messi or Mbapp\u00e9, had another game to forget and aggravated their crisis in the run-up to the match with Bayern<\/h2>  \r\n<div class=\"article-addons\">\r\n    <a href=\"https:\/\/www.fcbarcelonanoticias.com\/en\/calendar-fc-barcelona.html\"\r\n       target=\"_self\"\r\n       title=\"Calendar of FC Barcelona\"\r\n       class=\"blue-gredient-btn\">\r\n       \r\n        Calendar of FC Barcelona    <\/a>\r\n<\/div>   <p>Without <a data-external=\"0\" data-intl-links-en=\"https:\/\/www.fcbarcelonanoticias.com\/en\/transfers\/al-hilal-coach-warns-saudi-football-sign-messi_289521_102.html\" data-intl-links-es=\"https:\/\/www.fcbarcelonanoticias.com\/fichajes\/tecnico-al-hilal-advierte-futbol-saudi-puede-fichar-messi_289521_102.html\" href=\"https:\/\/www.fcbarcelonanoticias.com\/en\/transfers\/al-hilal-coach-warns-saudi-football-sign-messi_289521_102.html\" rel=\"follow\" target=\"_self\" title=\"El t\u00e9cnico del Al-Hilal advierte que el f\u00fatbol saud\u00ed puede fichar a Messi\">Leo Messi<\/a> neither Kylian Mbapp\u00e9, Paris Saint-Germain added his second consecutive defeat the Saturday in front of the Monaco (3-1). <strong>The ones of Christophe Galtier suffered in the Principality in front of one of his escorts in Tie it 1<\/strong> and, after a beginning of party for the forget, were unable to trace back in spite of the presence in the eleven of names like Juan Bernat, Carlos Soler and Neymar Jr.<\/p>  <p>For the PSG, the memory of the elimination of Glass in front of the Marseilles followed cool. <strong>The Parisian crisis evidenci\u00f3 grieve in the minute 4 when the Russian Aleksandr Golovin culminated a big played of his mate Youssouf Fofana<\/strong> to open the marker. Without Sergio Bouquets neither Achraf Hakimi (both in the bench), the visitors were a flan in defence and the Monaco did not take in taking advantage of this factor for despegarse in the result.<\/p>  <p><strong>In the 18&#8242;, Wissam Ben Yedder put the 2-0 after taking advantage of a long possession of the young head office The Chadaille Bitshiabu<\/strong>. The Frenchman retained too much the balloon and the ex forward of the Seville took advantage of to steal the spherical, encarar and define in front of a Gianlugi Donnarumma that already had avoided the so much monegasque second four minutes before after a head butt to the stick of the side Ruben Aguilar.<\/p>  <p>The goal of Ben Yedder woke up mildly to Paris, that began to generate danger promoted by the rebeld\u00eda of Neymar, only that tried to change the reality of a party controlled until then with authority by the venues. <strong>In the 39&#8242;, a good combination between Being used to and Bernat finish in the goal of Warren Za\u00efre-Emery<\/strong>. The forward of 16 years took advantage of the assistance of the ex side of the Bayern Munich to put again in the party to the ones of Galtier, but the Monaco would go back to strike before the rest.<\/p>  <h3>The Monaco even could golear<\/h3>  <p>In the second minute of the addition, when the main judge listed to mark the halftime, <strong>a long balloon of Eliesse Ben Seghir found free to Ben Yedder<\/strong>, the one who completed his doublet with a definition soberbia in front of Donnarumma. In the complement, Galtier put to Bouquets, Hakimi and Kimpembe to look for the reaction, but the Monaco dominated and had options to expand the marker. <strong>With the triumph put to seven points of the leadership that still conserves with holgura the PSG<\/strong>.<\/p>  <p>Now, to the Parisians comes them <strong> <a data-external=\"0\" data-intl-links-en=\"https:\/\/www.fcbarcelonanoticias.com\/en\/international-football\/psg-expects-to-count-with-messi-crossing-champions-bayern_289511_102.html\" data-intl-links-es=\"https:\/\/www.fcbarcelonanoticias.com\/futbol-internacional\/psg-espera-contar-con-messi-cruce-champions-bayern_289511_102.html\" href=\"https:\/\/www.fcbarcelonanoticias.com\/en\/international-football\/psg-expects-to-count-with-messi-crossing-champions-bayern_289511_102.html\" rel=\"follow\" target=\"_self\" title=\"El PSG espera contar con Messi para el cruce de Champions ante el Bayern\">a Bayern<\/a> that the Saturday gole\u00f3 to the Bochum (3-0)<\/strong> in Munich without too much shine, but with the hit that characterises to the ones of Julian Nagelsmann. <strong>The Bavarians sustain the leadership of the Bundesliga in spite of the pressure of Dortmund and Union Berlin<\/strong> and the Tuesday will look for to direct the eliminatory of eighth in the Park of the Princes in front of a PSG in his worst moment of the season. As in the 2021\/22, the Frenchmen could consummate a rotundo European failure in the beginning of the phase of &#8216;KO&#8217;.<\/p> ","protected":false},"excerpt":{"rendered":"<p>Paris Saint-Germain fell to Monaco on their visit to the Principality&#8217;s Louis II stadium (3-1). Christophe Galtier&#8217;s men, without Messi or Mbapp\u00e9, had another game to forget and aggravated their crisis in the run-up to the match with Bayern Without Leo Messi neither Kylian Mbapp\u00e9, Paris Saint-Germain added his second consecutive defeat the Saturday in [&hellip;]<\/p>\n","protected":false},"author":347,"featured_media":45588,"comment_status":"closed","ping_status":"open","sticky":false,"template":"","format":"standard","meta":{"_acf_changed":false,"inline_featured_image":false,"_nextfly_llmd_date_locked":false,"footnotes":""},"categories":[1],"tags":[88],"class_list":["post-45585","post","type-post","status-publish","format-standard","has-post-thumbnail","hentry","category-sin-categoria","tag-paris-saint-germain"],"acf":[],"yoast_head":"<!-- This site is optimized with the Yoast SEO plugin v27.3 - https:\/\/yoast.com\/product\/yoast-seo-wordpress\/ -->\n<title>Monaco aggravates the crisis in Paris before the return of the Champions League (3-1)<\/title>\n<meta name=\"description\" content=\"Paris Saint-Germain fell to Monaco on their visit to the Principality&#039;s Louis II stadium (3-1). Christophe Galtier&#039;s men, without Messi or Mbapp\u00e9, had another game to forget and aggravated their crisis in the run-up to the match with Bayern\" \/>\n<meta name=\"robots\" content=\"index, follow, max-snippet:-1, max-image-preview:large, max-video-preview:-1\" \/>\n<link rel=\"canonical\" href=\"https:\/\/www.fcbarcelonanoticias.com\/en\/international-football\/monaco-aggravates-crisis-of-paris-before-the-return-of-champions-3-1_289530_102.html\" \/>\n<meta property=\"og:locale\" content=\"en_US\" \/>\n<meta property=\"og:type\" content=\"article\" \/>\n<meta property=\"og:title\" content=\"Monaco aggravates the crisis in Paris before the return of the Champions League (3-1)\" \/>\n<meta property=\"og:description\" content=\"Paris Saint-Germain fell to Monaco on their visit to the Principality&#039;s Louis II stadium (3-1). Christophe Galtier&#039;s men, without Messi or Mbapp\u00e9, had another game to forget and aggravated their crisis in the run-up to the match with Bayern\" \/>\n<meta property=\"og:url\" content=\"https:\/\/www.fcbarcelonanoticias.com\/en\/international-football\/monaco-aggravates-crisis-of-paris-before-the-return-of-champions-3-1_289530_102.html\" \/>\n<meta property=\"og:site_name\" content=\"EN - FC Barcelona Noticias\" \/>\n<meta property=\"article:published_time\" content=\"2023-02-11T17:56:00+00:00\" \/>\n<meta property=\"og:image\" content=\"https:\/\/www.fcbarcelonanoticias.com\/en\/wp-content\/uploads\/sites\/2\/2023\/02\/wissam-ben-yedder-v-psg.jpeg\" \/>\n\t<meta property=\"og:image:width\" content=\"1300\" \/>\n\t<meta property=\"og:image:height\" content=\"732\" \/>\n\t<meta property=\"og:image:type\" content=\"image\/jpeg\" \/>\n<meta name=\"author\" content=\"Andr\u00e9s Quiroz\" \/>\n<meta name=\"twitter:card\" content=\"summary_large_image\" \/>\n<meta name=\"twitter:label1\" content=\"Written by\" \/>\n\t<meta name=\"twitter:data1\" content=\"Andr\u00e9s Quiroz\" \/>\n\t<meta name=\"twitter:label2\" content=\"Est. reading time\" \/>\n\t<meta name=\"twitter:data2\" content=\"3 minutes\" \/>\n<script type=\"application\/ld+json\" class=\"yoast-schema-graph\">{\"@context\":\"https:\\\/\\\/schema.org\",\"@graph\":[{\"@type\":\"Article\",\"@id\":\"https:\\\/\\\/www.fcbarcelonanoticias.com\\\/en\\\/international-football\\\/monaco-aggravates-crisis-of-paris-before-the-return-of-champions-3-1_289530_102.html#article\",\"isPartOf\":{\"@id\":\"https:\\\/\\\/www.fcbarcelonanoticias.com\\\/en\\\/international-football\\\/monaco-aggravates-crisis-of-paris-before-the-return-of-champions-3-1_289530_102.html\"},\"author\":{\"name\":\"Andr\u00e9s Quiroz\",\"@id\":\"https:\\\/\\\/www.fcbarcelonanoticias.com\\\/en\\\/#\\\/schema\\\/person\\\/c2cd9f6fa1af5c0d0eccd0fefa575c88\"},\"headline\":\"Monaco aggravates the crisis in Paris before the return of the Champions League (3-1)\",\"datePublished\":\"2023-02-11T17:56:00+00:00\",\"mainEntityOfPage\":{\"@id\":\"https:\\\/\\\/www.fcbarcelonanoticias.com\\\/en\\\/international-football\\\/monaco-aggravates-crisis-of-paris-before-the-return-of-champions-3-1_289530_102.html\"},\"wordCount\":570,\"image\":{\"@id\":\"https:\\\/\\\/www.fcbarcelonanoticias.com\\\/en\\\/international-football\\\/monaco-aggravates-crisis-of-paris-before-the-return-of-champions-3-1_289530_102.html#primaryimage\"},\"thumbnailUrl\":\"https:\\\/\\\/www.fcbarcelonanoticias.com\\\/en\\\/wp-content\\\/uploads\\\/sites\\\/2\\\/2023\\\/02\\\/wissam-ben-yedder-v-psg.jpeg\",\"keywords\":[\"Paris Saint-Germain\"],\"articleSection\":[\"Sin categor\u00eda\"],\"inLanguage\":\"en-US\"},{\"@type\":\"WebPage\",\"@id\":\"https:\\\/\\\/www.fcbarcelonanoticias.com\\\/en\\\/international-football\\\/monaco-aggravates-crisis-of-paris-before-the-return-of-champions-3-1_289530_102.html\",\"url\":\"https:\\\/\\\/www.fcbarcelonanoticias.com\\\/en\\\/international-football\\\/monaco-aggravates-crisis-of-paris-before-the-return-of-champions-3-1_289530_102.html\",\"name\":\"Monaco aggravates the crisis in Paris before the return of the Champions League (3-1)\",\"isPartOf\":{\"@id\":\"https:\\\/\\\/www.fcbarcelonanoticias.com\\\/en\\\/#website\"},\"primaryImageOfPage\":{\"@id\":\"https:\\\/\\\/www.fcbarcelonanoticias.com\\\/en\\\/international-football\\\/monaco-aggravates-crisis-of-paris-before-the-return-of-champions-3-1_289530_102.html#primaryimage\"},\"image\":{\"@id\":\"https:\\\/\\\/www.fcbarcelonanoticias.com\\\/en\\\/international-football\\\/monaco-aggravates-crisis-of-paris-before-the-return-of-champions-3-1_289530_102.html#primaryimage\"},\"thumbnailUrl\":\"https:\\\/\\\/www.fcbarcelonanoticias.com\\\/en\\\/wp-content\\\/uploads\\\/sites\\\/2\\\/2023\\\/02\\\/wissam-ben-yedder-v-psg.jpeg\",\"datePublished\":\"2023-02-11T17:56:00+00:00\",\"author\":{\"@id\":\"https:\\\/\\\/www.fcbarcelonanoticias.com\\\/en\\\/#\\\/schema\\\/person\\\/c2cd9f6fa1af5c0d0eccd0fefa575c88\"},\"description\":\"Paris Saint-Germain fell to Monaco on their visit to the Principality's Louis II stadium (3-1). Christophe Galtier's men, without Messi or Mbapp\u00e9, had another game to forget and aggravated their crisis in the run-up to the match with Bayern\",\"breadcrumb\":{\"@id\":\"https:\\\/\\\/www.fcbarcelonanoticias.com\\\/en\\\/international-football\\\/monaco-aggravates-crisis-of-paris-before-the-return-of-champions-3-1_289530_102.html#breadcrumb\"},\"inLanguage\":\"en-US\",\"potentialAction\":[{\"@type\":\"ReadAction\",\"target\":[\"https:\\\/\\\/www.fcbarcelonanoticias.com\\\/en\\\/international-football\\\/monaco-aggravates-crisis-of-paris-before-the-return-of-champions-3-1_289530_102.html\"]}]},{\"@type\":\"ImageObject\",\"inLanguage\":\"en-US\",\"@id\":\"https:\\\/\\\/www.fcbarcelonanoticias.com\\\/en\\\/international-football\\\/monaco-aggravates-crisis-of-paris-before-the-return-of-champions-3-1_289530_102.html#primaryimage\",\"url\":\"https:\\\/\\\/www.fcbarcelonanoticias.com\\\/en\\\/wp-content\\\/uploads\\\/sites\\\/2\\\/2023\\\/02\\\/wissam-ben-yedder-v-psg.jpeg\",\"contentUrl\":\"https:\\\/\\\/www.fcbarcelonanoticias.com\\\/en\\\/wp-content\\\/uploads\\\/sites\\\/2\\\/2023\\\/02\\\/wissam-ben-yedder-v-psg.jpeg\",\"width\":1300,\"height\":732},{\"@type\":\"BreadcrumbList\",\"@id\":\"https:\\\/\\\/www.fcbarcelonanoticias.com\\\/en\\\/international-football\\\/monaco-aggravates-crisis-of-paris-before-the-return-of-champions-3-1_289530_102.html#breadcrumb\",\"itemListElement\":[{\"@type\":\"ListItem\",\"position\":1,\"name\":\"Portada\",\"item\":\"https:\\\/\\\/www.fcbarcelonanoticias.com\\\/en\\\/\"},{\"@type\":\"ListItem\",\"position\":2,\"name\":\"Monaco aggravates the crisis in Paris before the return of the Champions League (3-1)\"}]},{\"@type\":\"WebSite\",\"@id\":\"https:\\\/\\\/www.fcbarcelonanoticias.com\\\/en\\\/#website\",\"url\":\"https:\\\/\\\/www.fcbarcelonanoticias.com\\\/en\\\/\",\"name\":\"EN - FC Barcelona Noticias\",\"description\":\"\",\"potentialAction\":[{\"@type\":\"SearchAction\",\"target\":{\"@type\":\"EntryPoint\",\"urlTemplate\":\"https:\\\/\\\/www.fcbarcelonanoticias.com\\\/en\\\/?s={search_term_string}\"},\"query-input\":{\"@type\":\"PropertyValueSpecification\",\"valueRequired\":true,\"valueName\":\"search_term_string\"}}],\"inLanguage\":\"en-US\"},{\"@type\":\"Person\",\"@id\":\"https:\\\/\\\/www.fcbarcelonanoticias.com\\\/en\\\/#\\\/schema\\\/person\\\/c2cd9f6fa1af5c0d0eccd0fefa575c88\",\"name\":\"Andr\u00e9s Quiroz\",\"image\":{\"@type\":\"ImageObject\",\"inLanguage\":\"en-US\",\"@id\":\"https:\\\/\\\/secure.gravatar.com\\\/avatar\\\/?s=96&d=mm&r=g\",\"url\":\"https:\\\/\\\/secure.gravatar.com\\\/avatar\\\/?s=96&d=mm&r=g\",\"contentUrl\":\"https:\\\/\\\/secure.gravatar.com\\\/avatar\\\/?s=96&d=mm&r=g\",\"caption\":\"Andr\u00e9s Quiroz\"},\"description\":\"Licenciado en Periodismo por la Universidad de los Andes. Me encargo de analizar y compartir los contenidos m\u00e1s destacados de la\u00a0actualidad del F\u00fatbol Club Barcelona, Mercado de Fichajes y F\u00fatbol Internacional en FCBN. La informaci\u00f3n es poder, pero tambi\u00e9n conocimiento.\",\"url\":\"https:\\\/\\\/www.fcbarcelonanoticias.com\\\/en\\\/fc-barcelona\\\/andres-quiroz_17_115.html\"}]}<\/script>\n<!-- \/ Yoast SEO plugin. -->","yoast_head_json":{"title":"Monaco aggravates the crisis in Paris before the return of the Champions League (3-1)","description":"Paris Saint-Germain fell to Monaco on their visit to the Principality's Louis II stadium (3-1). Christophe Galtier's men, without Messi or Mbapp\u00e9, had another game to forget and aggravated their crisis in the run-up to the match with Bayern","robots":{"index":"index","follow":"follow","max-snippet":"max-snippet:-1","max-image-preview":"max-image-preview:large","max-video-preview":"max-video-preview:-1"},"canonical":"https:\/\/www.fcbarcelonanoticias.com\/en\/international-football\/monaco-aggravates-crisis-of-paris-before-the-return-of-champions-3-1_289530_102.html","og_locale":"en_US","og_type":"article","og_title":"Monaco aggravates the crisis in Paris before the return of the Champions League (3-1)","og_description":"Paris Saint-Germain fell to Monaco on their visit to the Principality's Louis II stadium (3-1). Christophe Galtier's men, without Messi or Mbapp\u00e9, had another game to forget and aggravated their crisis in the run-up to the match with Bayern","og_url":"https:\/\/www.fcbarcelonanoticias.com\/en\/international-football\/monaco-aggravates-crisis-of-paris-before-the-return-of-champions-3-1_289530_102.html","og_site_name":"EN - FC Barcelona Noticias","article_published_time":"2023-02-11T17:56:00+00:00","og_image":[{"width":1300,"height":732,"url":"https:\/\/www.fcbarcelonanoticias.com\/en\/wp-content\/uploads\/sites\/2\/2023\/02\/wissam-ben-yedder-v-psg.jpeg","type":"image\/jpeg"}],"author":"Andr\u00e9s Quiroz","twitter_card":"summary_large_image","twitter_misc":{"Written by":"Andr\u00e9s Quiroz","Est. reading time":"3 minutes"},"schema":{"@context":"https:\/\/schema.org","@graph":[{"@type":"Article","@id":"https:\/\/www.fcbarcelonanoticias.com\/en\/international-football\/monaco-aggravates-crisis-of-paris-before-the-return-of-champions-3-1_289530_102.html#article","isPartOf":{"@id":"https:\/\/www.fcbarcelonanoticias.com\/en\/international-football\/monaco-aggravates-crisis-of-paris-before-the-return-of-champions-3-1_289530_102.html"},"author":{"name":"Andr\u00e9s Quiroz","@id":"https:\/\/www.fcbarcelonanoticias.com\/en\/#\/schema\/person\/c2cd9f6fa1af5c0d0eccd0fefa575c88"},"headline":"Monaco aggravates the crisis in Paris before the return of the Champions League (3-1)","datePublished":"2023-02-11T17:56:00+00:00","mainEntityOfPage":{"@id":"https:\/\/www.fcbarcelonanoticias.com\/en\/international-football\/monaco-aggravates-crisis-of-paris-before-the-return-of-champions-3-1_289530_102.html"},"wordCount":570,"image":{"@id":"https:\/\/www.fcbarcelonanoticias.com\/en\/international-football\/monaco-aggravates-crisis-of-paris-before-the-return-of-champions-3-1_289530_102.html#primaryimage"},"thumbnailUrl":"https:\/\/www.fcbarcelonanoticias.com\/en\/wp-content\/uploads\/sites\/2\/2023\/02\/wissam-ben-yedder-v-psg.jpeg","keywords":["Paris Saint-Germain"],"articleSection":["Sin categor\u00eda"],"inLanguage":"en-US"},{"@type":"WebPage","@id":"https:\/\/www.fcbarcelonanoticias.com\/en\/international-football\/monaco-aggravates-crisis-of-paris-before-the-return-of-champions-3-1_289530_102.html","url":"https:\/\/www.fcbarcelonanoticias.com\/en\/international-football\/monaco-aggravates-crisis-of-paris-before-the-return-of-champions-3-1_289530_102.html","name":"Monaco aggravates the crisis in Paris before the return of the Champions League (3-1)","isPartOf":{"@id":"https:\/\/www.fcbarcelonanoticias.com\/en\/#website"},"primaryImageOfPage":{"@id":"https:\/\/www.fcbarcelonanoticias.com\/en\/international-football\/monaco-aggravates-crisis-of-paris-before-the-return-of-champions-3-1_289530_102.html#primaryimage"},"image":{"@id":"https:\/\/www.fcbarcelonanoticias.com\/en\/international-football\/monaco-aggravates-crisis-of-paris-before-the-return-of-champions-3-1_289530_102.html#primaryimage"},"thumbnailUrl":"https:\/\/www.fcbarcelonanoticias.com\/en\/wp-content\/uploads\/sites\/2\/2023\/02\/wissam-ben-yedder-v-psg.jpeg","datePublished":"2023-02-11T17:56:00+00:00","author":{"@id":"https:\/\/www.fcbarcelonanoticias.com\/en\/#\/schema\/person\/c2cd9f6fa1af5c0d0eccd0fefa575c88"},"description":"Paris Saint-Germain fell to Monaco on their visit to the Principality's Louis II stadium (3-1). Christophe Galtier's men, without Messi or Mbapp\u00e9, had another game to forget and aggravated their crisis in the run-up to the match with Bayern","breadcrumb":{"@id":"https:\/\/www.fcbarcelonanoticias.com\/en\/international-football\/monaco-aggravates-crisis-of-paris-before-the-return-of-champions-3-1_289530_102.html#breadcrumb"},"inLanguage":"en-US","potentialAction":[{"@type":"ReadAction","target":["https:\/\/www.fcbarcelonanoticias.com\/en\/international-football\/monaco-aggravates-crisis-of-paris-before-the-return-of-champions-3-1_289530_102.html"]}]},{"@type":"ImageObject","inLanguage":"en-US","@id":"https:\/\/www.fcbarcelonanoticias.com\/en\/international-football\/monaco-aggravates-crisis-of-paris-before-the-return-of-champions-3-1_289530_102.html#primaryimage","url":"https:\/\/www.fcbarcelonanoticias.com\/en\/wp-content\/uploads\/sites\/2\/2023\/02\/wissam-ben-yedder-v-psg.jpeg","contentUrl":"https:\/\/www.fcbarcelonanoticias.com\/en\/wp-content\/uploads\/sites\/2\/2023\/02\/wissam-ben-yedder-v-psg.jpeg","width":1300,"height":732},{"@type":"BreadcrumbList","@id":"https:\/\/www.fcbarcelonanoticias.com\/en\/international-football\/monaco-aggravates-crisis-of-paris-before-the-return-of-champions-3-1_289530_102.html#breadcrumb","itemListElement":[{"@type":"ListItem","position":1,"name":"Portada","item":"https:\/\/www.fcbarcelonanoticias.com\/en\/"},{"@type":"ListItem","position":2,"name":"Monaco aggravates the crisis in Paris before the return of the Champions League (3-1)"}]},{"@type":"WebSite","@id":"https:\/\/www.fcbarcelonanoticias.com\/en\/#website","url":"https:\/\/www.fcbarcelonanoticias.com\/en\/","name":"EN - FC Barcelona Noticias","description":"","potentialAction":[{"@type":"SearchAction","target":{"@type":"EntryPoint","urlTemplate":"https:\/\/www.fcbarcelonanoticias.com\/en\/?s={search_term_string}"},"query-input":{"@type":"PropertyValueSpecification","valueRequired":true,"valueName":"search_term_string"}}],"inLanguage":"en-US"},{"@type":"Person","@id":"https:\/\/www.fcbarcelonanoticias.com\/en\/#\/schema\/person\/c2cd9f6fa1af5c0d0eccd0fefa575c88","name":"Andr\u00e9s Quiroz","image":{"@type":"ImageObject","inLanguage":"en-US","@id":"https:\/\/secure.gravatar.com\/avatar\/?s=96&d=mm&r=g","url":"https:\/\/secure.gravatar.com\/avatar\/?s=96&d=mm&r=g","contentUrl":"https:\/\/secure.gravatar.com\/avatar\/?s=96&d=mm&r=g","caption":"Andr\u00e9s Quiroz"},"description":"Licenciado en Periodismo por la Universidad de los Andes. Me encargo de analizar y compartir los contenidos m\u00e1s destacados de la\u00a0actualidad del F\u00fatbol Club Barcelona, Mercado de Fichajes y F\u00fatbol Internacional en FCBN. La informaci\u00f3n es poder, pero tambi\u00e9n conocimiento.","url":"https:\/\/www.fcbarcelonanoticias.com\/en\/fc-barcelona\/andres-quiroz_17_115.html"}]}},"_links":{"self":[{"href":"https:\/\/www.fcbarcelonanoticias.com\/en\/wp-json\/wp\/v2\/posts\/45585","targetHints":{"allow":["GET"]}}],"collection":[{"href":"https:\/\/www.fcbarcelonanoticias.com\/en\/wp-json\/wp\/v2\/posts"}],"about":[{"href":"https:\/\/www.fcbarcelonanoticias.com\/en\/wp-json\/wp\/v2\/types\/post"}],"author":[{"embeddable":true,"href":"https:\/\/www.fcbarcelonanoticias.com\/en\/wp-json\/wp\/v2\/users\/347"}],"replies":[{"embeddable":true,"href":"https:\/\/www.fcbarcelonanoticias.com\/en\/wp-json\/wp\/v2\/comments?post=45585"}],"version-history":[{"count":2,"href":"https:\/\/www.fcbarcelonanoticias.com\/en\/wp-json\/wp\/v2\/posts\/45585\/revisions"}],"predecessor-version":[{"id":45587,"href":"https:\/\/www.fcbarcelonanoticias.com\/en\/wp-json\/wp\/v2\/posts\/45585\/revisions\/45587"}],"wp:featuredmedia":[{"embeddable":true,"href":"https:\/\/www.fcbarcelonanoticias.com\/en\/wp-json\/wp\/v2\/media\/45588"}],"wp:attachment":[{"href":"https:\/\/www.fcbarcelonanoticias.com\/en\/wp-json\/wp\/v2\/media?parent=45585"}],"wp:term":[{"taxonomy":"category","embeddable":true,"href":"https:\/\/www.fcbarcelonanoticias.com\/en\/wp-json\/wp\/v2\/categories?post=45585"},{"taxonomy":"post_tag","embeddable":true,"href":"https:\/\/www.fcbarcelonanoticias.com\/en\/wp-json\/wp\/v2\/tags?post=45585"}],"curies":[{"name":"wp","href":"https:\/\/api.w.org\/{rel}","templated":true}]}}