{"id":45591,"date":"2023-09-16T10:15:00","date_gmt":"2023-09-16T08:15:00","guid":{"rendered":"https:\/\/weisetech.dev\/fc-barcelona-noticias\/en\/misguided-dembele-raises-doubts-in-paris_296195_102\/"},"modified":"2023-09-16T10:15:00","modified_gmt":"2023-09-16T08:15:00","slug":"misguided-dembele-raises-doubts-in-paris_296195_102","status":"publish","type":"post","link":"https:\/\/www.fcbarcelonanoticias.com\/en\/international-football\/misguided-dembele-raises-doubts-in-paris_296195_102.html","title":{"rendered":"An &#8216;unwise&#8217; Demb\u00e9l\u00e9 raises doubts in Paris"},"content":{"rendered":"<h2 class=\"wp-block-heading\">Ousmane Demb\u00e9l\u00e9&#8217;s start at Paris Saint-Germain is not very encouraging. Although he is a player who has generated a lot of danger and chances, he has been left in &#8216;nothing&#8217; in the last pass<\/h2>  \r\n<div class=\"article-addons\">\r\n    <a href=\"https:\/\/www.fcbarcelonanoticias.com\/en\/calendar-fc-barcelona.html\"\r\n       target=\"_self\"\r\n       title=\"Calendar of FC Barcelona\"\r\n       class=\"blue-gredient-btn\">\r\n       \r\n        Calendar of FC Barcelona    <\/a>\r\n<\/div>   <p><strong>Ousmane Demb\u00e9l\u00e9 Has been headline in three of the four parties that has contested like player of the Paris Saint-Germain in this season,<\/strong> after it concretised his sale from <a data-external=\"0\" data-intl-links-en=\"https:\/\/www.fcbarcelonanoticias.com\/en\/fc-barcelona\" data-intl-links-es=\"https:\/\/www.fcbarcelonanoticias.com\/fc-barcelona\" href=\"https:\/\/www.fcbarcelonanoticias.com\/en\/football-soccer\/fc-barcelona.html\" rel=\"follow\" target=\"_self\" title=\"FC Barcelona\">the FC Barcelona<\/a> this summer at a rate of 50,4 million euros. The player, that has adue\u00f1ado of the right band of the group of Luis Enrique, follows with his &#8216;sinned&#8217; of the past and has remained reflected in this beginning of Tie it 1.<\/p>  <p>In what to his game respecta, Demb\u00e9l\u00e9 has been the same of always: a tireless player in the careers, that leaves backwards to all his rivals and that generates occasions of goal very easy when there is not &#8216;swim&#8217; happening in the parties&#8230; But that also remains very argued in the last pass and in his definitions.<strong> It happened him in the Bar\u00e7a, in France and now also in the PSG. <\/strong><\/p>  <h2>&#8216;Signalled&#8217; in the defeat in front of the Nice<\/h2>  <p>The true is that, although the season goes beginning, already there is the one who argues the role of Demb\u00e9l\u00e9 in the PSG, especially after the to defeat in front of the Nice in the Park of the Princes (2-3) in which the ones of Luis Enrique were surpassed by all moment and in which Kylian Mbapp\u00e9, tireless, went the only positive point for the team.<strong> It annotated two goals although it was very contained and watched by the defence of the ones of the C\u00f4te d&#8217;Azur. <\/strong><\/p>  <p>Demb\u00e9l\u00e9, by his part, had the goal in his boots in the first part, when the PSG fell only by 0-1. The PSG had remained, if it wants , grogui with the goal of Moffi that opened the marker, but Mbapp\u00e9 left to the &#8216;Mosquito&#8217; in a privileged position so that it remained in a hand manually that it left him in career, entirely only, with direction to the rival area&#8230; <strong>And it finished errando in his launching! <\/strong>It was incredible for the terracings of the stadium of the Parisian and has cost him a lot of criticisms.<\/p>  <h2>&#8216;L&#8217;Instrument&#8217; load against Demb\u00e9l\u00e9<\/h2>  <p>In France have not remained indifferent and &#8216;L&#8217;Instrument&#8217; has done a hard criticism to the player of 26 years after the party: &#8220;<b>Demb\u00e9l\u00e9, the efficiency at half-mast<\/b>. It would be unfair resumir his start of season in the PSG in the performance of the Friday. But with Ousmane Demb\u00e9l\u00e9, <b>the hard impression in his first weeks in Paris<\/b>. Able of everything with the balloon, ultra creative so much in situations of one against one as in determinate situations of game combined (like the first goal of the Friday), <b>the ex barcelonista takes in giving his maximum expression in the last gesture<\/b>.&#8221;.<\/p>  <p>Likewise, they explained that &#8220;the action of the minute 28, in which only in front of the goal, sent his shot to five metres diverted, as well as this attempt crossed diverted (38), testifies his current fault of confidence. <b>A punctual deficiency? This worrisome inefficiency can not eclipsar the rest: his constant activity and a promising technical relation with Hakimi that could be one of the big arms of the PSG this season<\/b>&#8220;.<\/p> ","protected":false},"excerpt":{"rendered":"<p>Ousmane Demb\u00e9l\u00e9&#8217;s start at Paris Saint-Germain is not very encouraging. Although he is a player who has generated a lot of danger and chances, he has been left in &#8216;nothing&#8217; in the last pass Ousmane Demb\u00e9l\u00e9 Has been headline in three of the four parties that has contested like player of the Paris Saint-Germain in [&hellip;]<\/p>\n","protected":false},"author":353,"featured_media":16839,"comment_status":"closed","ping_status":"open","sticky":false,"template":"","format":"standard","meta":{"_acf_changed":false,"inline_featured_image":false,"_nextfly_llmd_date_locked":false,"footnotes":""},"categories":[1],"tags":[146,88],"class_list":["post-45591","post","type-post","status-publish","format-standard","has-post-thumbnail","hentry","category-sin-categoria","tag-dembele","tag-paris-saint-germain"],"acf":[],"yoast_head":"<!-- This site is optimized with the Yoast SEO plugin v27.3 - https:\/\/yoast.com\/product\/yoast-seo-wordpress\/ -->\n<title>An &#039;unwise&#039; Demb\u00e9l\u00e9 raises doubts in Paris<\/title>\n<meta name=\"description\" content=\"It is not being very hopeful the beginning of Ousmane Demb\u00e9l\u00e9 in the Paris Saint-Germain. Although it is a player that has generated a lot of danger and occasions, has remained in the &#039;swim&#039; in the last pass\" \/>\n<meta name=\"robots\" content=\"index, follow, max-snippet:-1, max-image-preview:large, max-video-preview:-1\" \/>\n<link rel=\"canonical\" href=\"https:\/\/www.fcbarcelonanoticias.com\/en\/international-football\/misguided-dembele-raises-doubts-in-paris_296195_102.html\" \/>\n<meta property=\"og:locale\" content=\"en_US\" \/>\n<meta property=\"og:type\" content=\"article\" \/>\n<meta property=\"og:title\" content=\"An &#039;unwise&#039; Demb\u00e9l\u00e9 raises doubts in Paris\" \/>\n<meta property=\"og:description\" content=\"It is not being very hopeful the beginning of Ousmane Demb\u00e9l\u00e9 in the Paris Saint-Germain. Although it is a player that has generated a lot of danger and occasions, has remained in the &#039;swim&#039; in the last pass\" \/>\n<meta property=\"og:url\" content=\"https:\/\/www.fcbarcelonanoticias.com\/en\/international-football\/misguided-dembele-raises-doubts-in-paris_296195_102.html\" \/>\n<meta property=\"og:site_name\" content=\"EN - FC Barcelona Noticias\" \/>\n<meta property=\"article:published_time\" content=\"2023-09-16T08:15:00+00:00\" \/>\n<meta property=\"og:image\" content=\"https:\/\/www.fcbarcelonanoticias.com\/en\/wp-content\/uploads\/sites\/2\/2023\/11\/ousmane-dembele-psg.jpeg\" \/>\n\t<meta property=\"og:image:width\" content=\"1300\" \/>\n\t<meta property=\"og:image:height\" content=\"732\" \/>\n\t<meta property=\"og:image:type\" content=\"image\/jpeg\" \/>\n<meta name=\"author\" content=\"FC Barcelona Noticias\" \/>\n<meta name=\"twitter:card\" content=\"summary_large_image\" \/>\n<meta name=\"twitter:label1\" content=\"Written by\" \/>\n\t<meta name=\"twitter:data1\" content=\"FC Barcelona Noticias\" \/>\n\t<meta name=\"twitter:label2\" content=\"Est. reading time\" \/>\n\t<meta name=\"twitter:data2\" content=\"3 minutes\" \/>\n<script type=\"application\/ld+json\" class=\"yoast-schema-graph\">{\"@context\":\"https:\\\/\\\/schema.org\",\"@graph\":[{\"@type\":\"Article\",\"@id\":\"https:\\\/\\\/www.fcbarcelonanoticias.com\\\/en\\\/international-football\\\/misguided-dembele-raises-doubts-in-paris_296195_102.html#article\",\"isPartOf\":{\"@id\":\"https:\\\/\\\/www.fcbarcelonanoticias.com\\\/en\\\/international-football\\\/misguided-dembele-raises-doubts-in-paris_296195_102.html\"},\"author\":{\"name\":\"FC Barcelona Noticias\",\"@id\":\"https:\\\/\\\/www.fcbarcelonanoticias.com\\\/en\\\/#\\\/schema\\\/person\\\/0f2810101d27606974cdb8edb54fa54b\"},\"headline\":\"An &#8216;unwise&#8217; Demb\u00e9l\u00e9 raises doubts in Paris\",\"datePublished\":\"2023-09-16T08:15:00+00:00\",\"mainEntityOfPage\":{\"@id\":\"https:\\\/\\\/www.fcbarcelonanoticias.com\\\/en\\\/international-football\\\/misguided-dembele-raises-doubts-in-paris_296195_102.html\"},\"wordCount\":568,\"image\":{\"@id\":\"https:\\\/\\\/www.fcbarcelonanoticias.com\\\/en\\\/international-football\\\/misguided-dembele-raises-doubts-in-paris_296195_102.html#primaryimage\"},\"thumbnailUrl\":\"https:\\\/\\\/www.fcbarcelonanoticias.com\\\/en\\\/wp-content\\\/uploads\\\/sites\\\/2\\\/2023\\\/11\\\/ousmane-dembele-psg.jpeg\",\"keywords\":[\"Demb\u00e9l\u00e9\",\"Paris Saint-Germain\"],\"articleSection\":[\"Sin categor\u00eda\"],\"inLanguage\":\"en-US\"},{\"@type\":\"WebPage\",\"@id\":\"https:\\\/\\\/www.fcbarcelonanoticias.com\\\/en\\\/international-football\\\/misguided-dembele-raises-doubts-in-paris_296195_102.html\",\"url\":\"https:\\\/\\\/www.fcbarcelonanoticias.com\\\/en\\\/international-football\\\/misguided-dembele-raises-doubts-in-paris_296195_102.html\",\"name\":\"An 'unwise' Demb\u00e9l\u00e9 raises doubts in Paris\",\"isPartOf\":{\"@id\":\"https:\\\/\\\/www.fcbarcelonanoticias.com\\\/en\\\/#website\"},\"primaryImageOfPage\":{\"@id\":\"https:\\\/\\\/www.fcbarcelonanoticias.com\\\/en\\\/international-football\\\/misguided-dembele-raises-doubts-in-paris_296195_102.html#primaryimage\"},\"image\":{\"@id\":\"https:\\\/\\\/www.fcbarcelonanoticias.com\\\/en\\\/international-football\\\/misguided-dembele-raises-doubts-in-paris_296195_102.html#primaryimage\"},\"thumbnailUrl\":\"https:\\\/\\\/www.fcbarcelonanoticias.com\\\/en\\\/wp-content\\\/uploads\\\/sites\\\/2\\\/2023\\\/11\\\/ousmane-dembele-psg.jpeg\",\"datePublished\":\"2023-09-16T08:15:00+00:00\",\"author\":{\"@id\":\"https:\\\/\\\/www.fcbarcelonanoticias.com\\\/en\\\/#\\\/schema\\\/person\\\/0f2810101d27606974cdb8edb54fa54b\"},\"description\":\"It is not being very hopeful the beginning of Ousmane Demb\u00e9l\u00e9 in the Paris Saint-Germain. Although it is a player that has generated a lot of danger and occasions, has remained in the 'swim' in the last pass\",\"breadcrumb\":{\"@id\":\"https:\\\/\\\/www.fcbarcelonanoticias.com\\\/en\\\/international-football\\\/misguided-dembele-raises-doubts-in-paris_296195_102.html#breadcrumb\"},\"inLanguage\":\"en-US\",\"potentialAction\":[{\"@type\":\"ReadAction\",\"target\":[\"https:\\\/\\\/www.fcbarcelonanoticias.com\\\/en\\\/international-football\\\/misguided-dembele-raises-doubts-in-paris_296195_102.html\"]}]},{\"@type\":\"ImageObject\",\"inLanguage\":\"en-US\",\"@id\":\"https:\\\/\\\/www.fcbarcelonanoticias.com\\\/en\\\/international-football\\\/misguided-dembele-raises-doubts-in-paris_296195_102.html#primaryimage\",\"url\":\"https:\\\/\\\/www.fcbarcelonanoticias.com\\\/en\\\/wp-content\\\/uploads\\\/sites\\\/2\\\/2023\\\/11\\\/ousmane-dembele-psg.jpeg\",\"contentUrl\":\"https:\\\/\\\/www.fcbarcelonanoticias.com\\\/en\\\/wp-content\\\/uploads\\\/sites\\\/2\\\/2023\\\/11\\\/ousmane-dembele-psg.jpeg\",\"width\":1300,\"height\":732},{\"@type\":\"BreadcrumbList\",\"@id\":\"https:\\\/\\\/www.fcbarcelonanoticias.com\\\/en\\\/international-football\\\/misguided-dembele-raises-doubts-in-paris_296195_102.html#breadcrumb\",\"itemListElement\":[{\"@type\":\"ListItem\",\"position\":1,\"name\":\"Portada\",\"item\":\"https:\\\/\\\/www.fcbarcelonanoticias.com\\\/en\\\/\"},{\"@type\":\"ListItem\",\"position\":2,\"name\":\"An &#8216;unwise&#8217; Demb\u00e9l\u00e9 raises doubts in Paris\"}]},{\"@type\":\"WebSite\",\"@id\":\"https:\\\/\\\/www.fcbarcelonanoticias.com\\\/en\\\/#website\",\"url\":\"https:\\\/\\\/www.fcbarcelonanoticias.com\\\/en\\\/\",\"name\":\"EN - FC Barcelona Noticias\",\"description\":\"\",\"potentialAction\":[{\"@type\":\"SearchAction\",\"target\":{\"@type\":\"EntryPoint\",\"urlTemplate\":\"https:\\\/\\\/www.fcbarcelonanoticias.com\\\/en\\\/?s={search_term_string}\"},\"query-input\":{\"@type\":\"PropertyValueSpecification\",\"valueRequired\":true,\"valueName\":\"search_term_string\"}}],\"inLanguage\":\"en-US\"},{\"@type\":\"Person\",\"@id\":\"https:\\\/\\\/www.fcbarcelonanoticias.com\\\/en\\\/#\\\/schema\\\/person\\\/0f2810101d27606974cdb8edb54fa54b\",\"name\":\"FC Barcelona Noticias\",\"image\":{\"@type\":\"ImageObject\",\"inLanguage\":\"en-US\",\"@id\":\"https:\\\/\\\/secure.gravatar.com\\\/avatar\\\/?s=96&d=mm&r=g\",\"url\":\"https:\\\/\\\/secure.gravatar.com\\\/avatar\\\/?s=96&d=mm&r=g\",\"contentUrl\":\"https:\\\/\\\/secure.gravatar.com\\\/avatar\\\/?s=96&d=mm&r=g\",\"caption\":\"FC Barcelona Noticias\"},\"url\":\"https:\\\/\\\/www.fcbarcelonanoticias.com\\\/en\\\/fc-barcelona\\\/fcbn-writing-fc-barcelona-news_6_115.html\"}]}<\/script>\n<!-- \/ Yoast SEO plugin. -->","yoast_head_json":{"title":"An 'unwise' Demb\u00e9l\u00e9 raises doubts in Paris","description":"It is not being very hopeful the beginning of Ousmane Demb\u00e9l\u00e9 in the Paris Saint-Germain. Although it is a player that has generated a lot of danger and occasions, has remained in the 'swim' in the last pass","robots":{"index":"index","follow":"follow","max-snippet":"max-snippet:-1","max-image-preview":"max-image-preview:large","max-video-preview":"max-video-preview:-1"},"canonical":"https:\/\/www.fcbarcelonanoticias.com\/en\/international-football\/misguided-dembele-raises-doubts-in-paris_296195_102.html","og_locale":"en_US","og_type":"article","og_title":"An 'unwise' Demb\u00e9l\u00e9 raises doubts in Paris","og_description":"It is not being very hopeful the beginning of Ousmane Demb\u00e9l\u00e9 in the Paris Saint-Germain. Although it is a player that has generated a lot of danger and occasions, has remained in the 'swim' in the last pass","og_url":"https:\/\/www.fcbarcelonanoticias.com\/en\/international-football\/misguided-dembele-raises-doubts-in-paris_296195_102.html","og_site_name":"EN - FC Barcelona Noticias","article_published_time":"2023-09-16T08:15:00+00:00","og_image":[{"width":1300,"height":732,"url":"https:\/\/www.fcbarcelonanoticias.com\/en\/wp-content\/uploads\/sites\/2\/2023\/11\/ousmane-dembele-psg.jpeg","type":"image\/jpeg"}],"author":"FC Barcelona Noticias","twitter_card":"summary_large_image","twitter_misc":{"Written by":"FC Barcelona Noticias","Est. reading time":"3 minutes"},"schema":{"@context":"https:\/\/schema.org","@graph":[{"@type":"Article","@id":"https:\/\/www.fcbarcelonanoticias.com\/en\/international-football\/misguided-dembele-raises-doubts-in-paris_296195_102.html#article","isPartOf":{"@id":"https:\/\/www.fcbarcelonanoticias.com\/en\/international-football\/misguided-dembele-raises-doubts-in-paris_296195_102.html"},"author":{"name":"FC Barcelona Noticias","@id":"https:\/\/www.fcbarcelonanoticias.com\/en\/#\/schema\/person\/0f2810101d27606974cdb8edb54fa54b"},"headline":"An &#8216;unwise&#8217; Demb\u00e9l\u00e9 raises doubts in Paris","datePublished":"2023-09-16T08:15:00+00:00","mainEntityOfPage":{"@id":"https:\/\/www.fcbarcelonanoticias.com\/en\/international-football\/misguided-dembele-raises-doubts-in-paris_296195_102.html"},"wordCount":568,"image":{"@id":"https:\/\/www.fcbarcelonanoticias.com\/en\/international-football\/misguided-dembele-raises-doubts-in-paris_296195_102.html#primaryimage"},"thumbnailUrl":"https:\/\/www.fcbarcelonanoticias.com\/en\/wp-content\/uploads\/sites\/2\/2023\/11\/ousmane-dembele-psg.jpeg","keywords":["Demb\u00e9l\u00e9","Paris Saint-Germain"],"articleSection":["Sin categor\u00eda"],"inLanguage":"en-US"},{"@type":"WebPage","@id":"https:\/\/www.fcbarcelonanoticias.com\/en\/international-football\/misguided-dembele-raises-doubts-in-paris_296195_102.html","url":"https:\/\/www.fcbarcelonanoticias.com\/en\/international-football\/misguided-dembele-raises-doubts-in-paris_296195_102.html","name":"An 'unwise' Demb\u00e9l\u00e9 raises doubts in Paris","isPartOf":{"@id":"https:\/\/www.fcbarcelonanoticias.com\/en\/#website"},"primaryImageOfPage":{"@id":"https:\/\/www.fcbarcelonanoticias.com\/en\/international-football\/misguided-dembele-raises-doubts-in-paris_296195_102.html#primaryimage"},"image":{"@id":"https:\/\/www.fcbarcelonanoticias.com\/en\/international-football\/misguided-dembele-raises-doubts-in-paris_296195_102.html#primaryimage"},"thumbnailUrl":"https:\/\/www.fcbarcelonanoticias.com\/en\/wp-content\/uploads\/sites\/2\/2023\/11\/ousmane-dembele-psg.jpeg","datePublished":"2023-09-16T08:15:00+00:00","author":{"@id":"https:\/\/www.fcbarcelonanoticias.com\/en\/#\/schema\/person\/0f2810101d27606974cdb8edb54fa54b"},"description":"It is not being very hopeful the beginning of Ousmane Demb\u00e9l\u00e9 in the Paris Saint-Germain. Although it is a player that has generated a lot of danger and occasions, has remained in the 'swim' in the last pass","breadcrumb":{"@id":"https:\/\/www.fcbarcelonanoticias.com\/en\/international-football\/misguided-dembele-raises-doubts-in-paris_296195_102.html#breadcrumb"},"inLanguage":"en-US","potentialAction":[{"@type":"ReadAction","target":["https:\/\/www.fcbarcelonanoticias.com\/en\/international-football\/misguided-dembele-raises-doubts-in-paris_296195_102.html"]}]},{"@type":"ImageObject","inLanguage":"en-US","@id":"https:\/\/www.fcbarcelonanoticias.com\/en\/international-football\/misguided-dembele-raises-doubts-in-paris_296195_102.html#primaryimage","url":"https:\/\/www.fcbarcelonanoticias.com\/en\/wp-content\/uploads\/sites\/2\/2023\/11\/ousmane-dembele-psg.jpeg","contentUrl":"https:\/\/www.fcbarcelonanoticias.com\/en\/wp-content\/uploads\/sites\/2\/2023\/11\/ousmane-dembele-psg.jpeg","width":1300,"height":732},{"@type":"BreadcrumbList","@id":"https:\/\/www.fcbarcelonanoticias.com\/en\/international-football\/misguided-dembele-raises-doubts-in-paris_296195_102.html#breadcrumb","itemListElement":[{"@type":"ListItem","position":1,"name":"Portada","item":"https:\/\/www.fcbarcelonanoticias.com\/en\/"},{"@type":"ListItem","position":2,"name":"An &#8216;unwise&#8217; Demb\u00e9l\u00e9 raises doubts in Paris"}]},{"@type":"WebSite","@id":"https:\/\/www.fcbarcelonanoticias.com\/en\/#website","url":"https:\/\/www.fcbarcelonanoticias.com\/en\/","name":"EN - FC Barcelona Noticias","description":"","potentialAction":[{"@type":"SearchAction","target":{"@type":"EntryPoint","urlTemplate":"https:\/\/www.fcbarcelonanoticias.com\/en\/?s={search_term_string}"},"query-input":{"@type":"PropertyValueSpecification","valueRequired":true,"valueName":"search_term_string"}}],"inLanguage":"en-US"},{"@type":"Person","@id":"https:\/\/www.fcbarcelonanoticias.com\/en\/#\/schema\/person\/0f2810101d27606974cdb8edb54fa54b","name":"FC Barcelona Noticias","image":{"@type":"ImageObject","inLanguage":"en-US","@id":"https:\/\/secure.gravatar.com\/avatar\/?s=96&d=mm&r=g","url":"https:\/\/secure.gravatar.com\/avatar\/?s=96&d=mm&r=g","contentUrl":"https:\/\/secure.gravatar.com\/avatar\/?s=96&d=mm&r=g","caption":"FC Barcelona Noticias"},"url":"https:\/\/www.fcbarcelonanoticias.com\/en\/fc-barcelona\/fcbn-writing-fc-barcelona-news_6_115.html"}]}},"_links":{"self":[{"href":"https:\/\/www.fcbarcelonanoticias.com\/en\/wp-json\/wp\/v2\/posts\/45591","targetHints":{"allow":["GET"]}}],"collection":[{"href":"https:\/\/www.fcbarcelonanoticias.com\/en\/wp-json\/wp\/v2\/posts"}],"about":[{"href":"https:\/\/www.fcbarcelonanoticias.com\/en\/wp-json\/wp\/v2\/types\/post"}],"author":[{"embeddable":true,"href":"https:\/\/www.fcbarcelonanoticias.com\/en\/wp-json\/wp\/v2\/users\/353"}],"replies":[{"embeddable":true,"href":"https:\/\/www.fcbarcelonanoticias.com\/en\/wp-json\/wp\/v2\/comments?post=45591"}],"version-history":[{"count":1,"href":"https:\/\/www.fcbarcelonanoticias.com\/en\/wp-json\/wp\/v2\/posts\/45591\/revisions"}],"predecessor-version":[{"id":115936,"href":"https:\/\/www.fcbarcelonanoticias.com\/en\/wp-json\/wp\/v2\/posts\/45591\/revisions\/115936"}],"wp:featuredmedia":[{"embeddable":true,"href":"https:\/\/www.fcbarcelonanoticias.com\/en\/wp-json\/wp\/v2\/media\/16839"}],"wp:attachment":[{"href":"https:\/\/www.fcbarcelonanoticias.com\/en\/wp-json\/wp\/v2\/media?parent=45591"}],"wp:term":[{"taxonomy":"category","embeddable":true,"href":"https:\/\/www.fcbarcelonanoticias.com\/en\/wp-json\/wp\/v2\/categories?post=45591"},{"taxonomy":"post_tag","embeddable":true,"href":"https:\/\/www.fcbarcelonanoticias.com\/en\/wp-json\/wp\/v2\/tags?post=45591"}],"curies":[{"name":"wp","href":"https:\/\/api.w.org\/{rel}","templated":true}]}}