{"id":4576,"date":"2025-12-09T19:52:00","date_gmt":"2025-12-09T18:52:00","guid":{"rendered":"https:\/\/weisetech.dev\/fc-barcelona-noticias\/en\/barcelona-eintracht-confirmed-lineups-champions-25-26_315473_102\/"},"modified":"2026-04-16T09:04:21","modified_gmt":"2026-04-16T07:04:21","slug":"barcelona-eintracht-confirmed-lineups-champions-25-26_315473_102","status":"publish","type":"post","link":"https:\/\/www.fcbarcelonanoticias.com\/en\/champions-league\/barcelona-eintracht-confirmed-lineups-champions-25-26_315473_102.html","title":{"rendered":"FC Barcelona vs Eintracht Frankfurt: confirmed lineups &#8211; Champions League 2025\/26"},"content":{"rendered":"<h2 class=\"wp-block-heading\">CONFIRMED LINEUPS! These are the starting elevens for FC Barcelona and Eintracht Frankfurt for the match on matchday 6 of the 2025\/26 UEFA Champions League<\/h2>  \r\n<div class=\"article-addons\">\r\n    <a href=\"https:\/\/www.fcbarcelonanoticias.com\/en\/calendar-fc-barcelona.html\"\r\n       target=\"_self\"\r\n       title=\"Calendar of FC Barcelona\"\r\n       class=\"blue-gredient-btn\">\r\n       \r\n        Calendar of FC Barcelona    <\/a>\r\n<\/div>   <p>The <strong>starting lineups for Hansi Flick&#8217;s Bar\u00e7a and Dino Toppm\u00f6ller&#8217;s Eintracht Frankfurt<\/strong> are now confirmed for today&#8217;s match, <strong>Tuesday, December 9, 2025, at 9:00 PM<\/strong>.<\/p>  <p>Below, we review the starting elevens, the benches with the substitutes, and the injured and suspended players for FC Barcelona and Eintracht Frankfurt for the matchday 6 duel of the 2025-2026 UEFA Champions League.<\/p>  <h2>FC Barcelona Starting Lineup<\/h2>  <p>Hansi Flick makes three changes from the XI against Betis. Most notably, <strong>Raphinha <\/strong>returns to the starting lineup in place of Marcus Rashford, while <strong>Ferm\u00edn L\u00f3pez<\/strong> will play as an attacking midfielder. Lamine Yamal returns to his usual position, with Roony Bardghji on the bench.<\/p>  <p>Furthermore, <strong>Robert Lewandowski<\/strong> returns as a &#8216;9&#8217; instead of Ferran Torres. Fundamentally, everything remains the same, with the center-back pairing of Pau Cubars\u00ed and Gerard Martt\u00edn. Joan Garc\u00eda remains in goal, as do Balde and Kound\u00e9 as full-backs. Pedri will accompany Eric Garc\u00eda in midfield.<\/p>  <p><strong><u>Bar\u00e7a XI (OFFICIAL):<\/u><\/strong><\/p>  <ol> <li>(#13, P) Joan Garc\u00eda<\/li> \t<li>(#23) Jules Kound\u00e9<\/li> \t<li>(#05) Pau Cubars\u00ed<\/li> \t<li>(#18) Gerard Mart\u00edn<\/li> \t<li>(#03) Alejandro Balde<\/li> \t<li>(#24) Eric Garc\u00eda<\/li> \t<li>(#16) Ferm\u00edn L\u00f3pez<\/li> \t<li>(#08) Pedri<\/li> \t<li>(#10) Lamine Yamal<\/li> \t<li>(#11) Raphinha<\/li> \t<li>(#09) Robert Lewandowski<\/li> <\/ol> <h2><strong>FC Barcelona Bench (substitute players)<\/strong><\/h2>  <ol> <li>(#01, GK) Marc-Andr\u00e9 ter Stegen<\/li> \t<li>(#25, GK) Szczesny<\/li> \t<li>(#07) Ferran Torres<\/li> \t<li>(#14) Marcus Rashford<\/li> \t<li>(#15) Andreas Christensen<\/li> \t<li>(#17) Marc Casad\u00f3<\/li> \t<li>(#22) Marc Bernal<\/li> \t<li>(#21) Frenkie de Jong<\/li> \t<li>(#26) Jofre Torrents<\/li> \t<li>(#27) Dro Fern\u00e1ndez<\/li> \t<li>(#28) Roony Bardghji<\/li> <\/ol> <h2><strong>FC Barcelona Injured Players<\/strong><\/h2>  <ol> <li>(#06) Gavi<\/li> \t<li>(#20) Dani Olmo<\/li> <\/ol> <h2><strong>FC Barcelona Suspended Players<\/strong><\/h2>  <ol> <li>Ronald Araujo.<\/li> <\/ol> <h2>Eintracht Frankfurt Starting Lineup Against Barcelona<\/h2>  <ul> <li> <strong>Eintracht XI<\/strong>: Zetterer; Kristensen, Koch, Theate, Brown; Doan, Laarson,&nbsp;Cha\u00efbi, Skhiri;<strong>&nbsp;<\/strong>Gotze y Knauff.<\/li> \t<li> <strong>Eintracht Bench<\/strong>: Grahl (P), Santos (P), Baun, Almenda, Buta, Bahoya, Ngankam, Collins, Dahoud, Hojlund, Wahi, Uzun.<\/li> \t<li> <strong>Injured<\/strong>: Jonathan Burkgardt, and Michy Batshuayi.<\/li> \t<li> <strong>Suspended<\/strong>: None.<\/li> <\/ul> <p>Eintracht Frankfurt, meanwhile, will take to the pitch at the Spotify Camp Nou with Zetterer in goal and a back line of captain <strong>Robin Koch and Theate<\/strong>. Kristensen and Brown will retain their positions at full-back\/wing-back.<\/p>  <p>In midfield, a double pivot will feature the duo of Laarson and Cha\u00efbi, with Doan and Skhiri as the central midfielders. The attack will be led by the experienced <strong>Mario G\u00f6tze<\/strong> and one of the club&#8217;s all-time leading scorers, Ansgar Knauff.<\/p>  <ul> <li> <strong>\ud83d\udc49<\/strong>&nbsp;Follow all the latest news about the Catalan team in FC Barcelona News and check the&nbsp;<a href=\"https:\/\/www.fcbarcelonanoticias.com\/calendario-fcbarcelona.html\">updated calendar<\/a>&nbsp;for upcoming commitments.<\/li> <\/ul> ","protected":false},"excerpt":{"rendered":"<p>CONFIRMED LINEUPS! These are the starting elevens for FC Barcelona and Eintracht Frankfurt for the match on matchday 6 of the 2025\/26 UEFA Champions League The starting lineups for Hansi Flick&#8217;s Bar\u00e7a and Dino Toppm\u00f6ller&#8217;s Eintracht Frankfurt are now confirmed for today&#8217;s match, Tuesday, December 9, 2025, at 9:00 PM. Below, we review the starting [&hellip;]<\/p>\n","protected":false},"author":353,"featured_media":4577,"comment_status":"closed","ping_status":"open","sticky":false,"template":"","format":"standard","meta":{"_acf_changed":false,"inline_featured_image":false,"_nextfly_llmd_date_locked":false,"footnotes":""},"categories":[447,112],"tags":[202,201,87],"class_list":["post-4576","post","type-post","status-publish","format-standard","has-post-thumbnail","hentry","category-champions-league-2","category-champions-league","tag-eintracht-frankfurt","tag-lineups","tag-hansi-flick"],"acf":[],"yoast_head":"<!-- This site is optimized with the Yoast SEO plugin v27.3 - https:\/\/yoast.com\/product\/yoast-seo-wordpress\/ -->\n<title>Bar\u00e7a-Eintracht: confirmed lineups - Champions 25\/26<\/title>\n<meta name=\"description\" content=\"CONFIRMED LINEUPS! These are the starting elevens for FC Barcelona and Eintracht Frankfurt for the match on matchday 6 of the Champions League\" \/>\n<meta name=\"robots\" content=\"index, follow, max-snippet:-1, max-image-preview:large, max-video-preview:-1\" \/>\n<link rel=\"canonical\" href=\"https:\/\/www.fcbarcelonanoticias.com\/en\/champions-league\/barcelona-eintracht-confirmed-lineups-champions-25-26_315473_102.html\" \/>\n<meta property=\"og:locale\" content=\"en_US\" \/>\n<meta property=\"og:type\" content=\"article\" \/>\n<meta property=\"og:title\" content=\"Bar\u00e7a-Eintracht: confirmed lineups - Champions 25\/26\" \/>\n<meta property=\"og:description\" content=\"CONFIRMED LINEUPS! These are the starting elevens for FC Barcelona and Eintracht Frankfurt for the match on matchday 6 of the Champions League\" \/>\n<meta property=\"og:url\" content=\"https:\/\/www.fcbarcelonanoticias.com\/en\/champions-league\/barcelona-eintracht-confirmed-lineups-champions-25-26_315473_102.html\" \/>\n<meta property=\"og:site_name\" content=\"EN - FC Barcelona Noticias\" \/>\n<meta property=\"article:published_time\" content=\"2025-12-09T18:52:00+00:00\" \/>\n<meta property=\"article:modified_time\" content=\"2026-04-16T07:04:21+00:00\" \/>\n<meta property=\"og:image\" content=\"https:\/\/www.fcbarcelonanoticias.com\/en\/wp-content\/uploads\/sites\/2\/2025\/12\/alineacion-fc-barcelona-v-psg-champions-25-26.jpeg\" \/>\n\t<meta property=\"og:image:width\" content=\"1200\" \/>\n\t<meta property=\"og:image:height\" content=\"675\" \/>\n\t<meta property=\"og:image:type\" content=\"image\/jpeg\" \/>\n<meta name=\"author\" content=\"FC Barcelona Noticias\" \/>\n<meta name=\"twitter:card\" content=\"summary_large_image\" \/>\n<meta name=\"twitter:label1\" content=\"Written by\" \/>\n\t<meta name=\"twitter:data1\" content=\"FC Barcelona Noticias\" \/>\n\t<meta name=\"twitter:label2\" content=\"Est. reading time\" \/>\n\t<meta name=\"twitter:data2\" content=\"2 minutes\" \/>\n<script type=\"application\/ld+json\" class=\"yoast-schema-graph\">{\"@context\":\"https:\\\/\\\/schema.org\",\"@graph\":[{\"@type\":\"Article\",\"@id\":\"https:\\\/\\\/www.fcbarcelonanoticias.com\\\/en\\\/champions-league\\\/barcelona-eintracht-confirmed-lineups-champions-25-26_315473_102.html#article\",\"isPartOf\":{\"@id\":\"https:\\\/\\\/www.fcbarcelonanoticias.com\\\/en\\\/champions-league\\\/barcelona-eintracht-confirmed-lineups-champions-25-26_315473_102.html\"},\"author\":{\"name\":\"FC Barcelona Noticias\",\"@id\":\"https:\\\/\\\/www.fcbarcelonanoticias.com\\\/en\\\/#\\\/schema\\\/person\\\/0f2810101d27606974cdb8edb54fa54b\"},\"headline\":\"FC Barcelona vs Eintracht Frankfurt: confirmed lineups &#8211; Champions League 2025\\\/26\",\"datePublished\":\"2025-12-09T18:52:00+00:00\",\"dateModified\":\"2026-04-16T07:04:21+00:00\",\"mainEntityOfPage\":{\"@id\":\"https:\\\/\\\/www.fcbarcelonanoticias.com\\\/en\\\/champions-league\\\/barcelona-eintracht-confirmed-lineups-champions-25-26_315473_102.html\"},\"wordCount\":417,\"image\":{\"@id\":\"https:\\\/\\\/www.fcbarcelonanoticias.com\\\/en\\\/champions-league\\\/barcelona-eintracht-confirmed-lineups-champions-25-26_315473_102.html#primaryimage\"},\"thumbnailUrl\":\"https:\\\/\\\/www.fcbarcelonanoticias.com\\\/en\\\/wp-content\\\/uploads\\\/sites\\\/2\\\/2025\\\/12\\\/alineacion-fc-barcelona-v-psg-champions-25-26.jpeg\",\"keywords\":[\"Eintracht Frankfurt\",\"FC Barcelona Lineups\",\"Hansi Flick\"],\"articleSection\":[\"Champions League\",\"Champions League\"],\"inLanguage\":\"en-US\"},{\"@type\":\"WebPage\",\"@id\":\"https:\\\/\\\/www.fcbarcelonanoticias.com\\\/en\\\/champions-league\\\/barcelona-eintracht-confirmed-lineups-champions-25-26_315473_102.html\",\"url\":\"https:\\\/\\\/www.fcbarcelonanoticias.com\\\/en\\\/champions-league\\\/barcelona-eintracht-confirmed-lineups-champions-25-26_315473_102.html\",\"name\":\"Bar\u00e7a-Eintracht: confirmed lineups - Champions 25\\\/26\",\"isPartOf\":{\"@id\":\"https:\\\/\\\/www.fcbarcelonanoticias.com\\\/en\\\/#website\"},\"primaryImageOfPage\":{\"@id\":\"https:\\\/\\\/www.fcbarcelonanoticias.com\\\/en\\\/champions-league\\\/barcelona-eintracht-confirmed-lineups-champions-25-26_315473_102.html#primaryimage\"},\"image\":{\"@id\":\"https:\\\/\\\/www.fcbarcelonanoticias.com\\\/en\\\/champions-league\\\/barcelona-eintracht-confirmed-lineups-champions-25-26_315473_102.html#primaryimage\"},\"thumbnailUrl\":\"https:\\\/\\\/www.fcbarcelonanoticias.com\\\/en\\\/wp-content\\\/uploads\\\/sites\\\/2\\\/2025\\\/12\\\/alineacion-fc-barcelona-v-psg-champions-25-26.jpeg\",\"datePublished\":\"2025-12-09T18:52:00+00:00\",\"dateModified\":\"2026-04-16T07:04:21+00:00\",\"author\":{\"@id\":\"https:\\\/\\\/www.fcbarcelonanoticias.com\\\/en\\\/#\\\/schema\\\/person\\\/0f2810101d27606974cdb8edb54fa54b\"},\"description\":\"CONFIRMED LINEUPS! These are the starting elevens for FC Barcelona and Eintracht Frankfurt for the match on matchday 6 of the Champions League\",\"breadcrumb\":{\"@id\":\"https:\\\/\\\/www.fcbarcelonanoticias.com\\\/en\\\/champions-league\\\/barcelona-eintracht-confirmed-lineups-champions-25-26_315473_102.html#breadcrumb\"},\"inLanguage\":\"en-US\",\"potentialAction\":[{\"@type\":\"ReadAction\",\"target\":[\"https:\\\/\\\/www.fcbarcelonanoticias.com\\\/en\\\/champions-league\\\/barcelona-eintracht-confirmed-lineups-champions-25-26_315473_102.html\"]}]},{\"@type\":\"ImageObject\",\"inLanguage\":\"en-US\",\"@id\":\"https:\\\/\\\/www.fcbarcelonanoticias.com\\\/en\\\/champions-league\\\/barcelona-eintracht-confirmed-lineups-champions-25-26_315473_102.html#primaryimage\",\"url\":\"https:\\\/\\\/www.fcbarcelonanoticias.com\\\/en\\\/wp-content\\\/uploads\\\/sites\\\/2\\\/2025\\\/12\\\/alineacion-fc-barcelona-v-psg-champions-25-26.jpeg\",\"contentUrl\":\"https:\\\/\\\/www.fcbarcelonanoticias.com\\\/en\\\/wp-content\\\/uploads\\\/sites\\\/2\\\/2025\\\/12\\\/alineacion-fc-barcelona-v-psg-champions-25-26.jpeg\",\"width\":1200,\"height\":675},{\"@type\":\"BreadcrumbList\",\"@id\":\"https:\\\/\\\/www.fcbarcelonanoticias.com\\\/en\\\/champions-league\\\/barcelona-eintracht-confirmed-lineups-champions-25-26_315473_102.html#breadcrumb\",\"itemListElement\":[{\"@type\":\"ListItem\",\"position\":1,\"name\":\"Portada\",\"item\":\"https:\\\/\\\/www.fcbarcelonanoticias.com\\\/en\\\/\"},{\"@type\":\"ListItem\",\"position\":2,\"name\":\"FC Barcelona vs Eintracht Frankfurt: confirmed lineups &#8211; Champions League 2025\\\/26\"}]},{\"@type\":\"WebSite\",\"@id\":\"https:\\\/\\\/www.fcbarcelonanoticias.com\\\/en\\\/#website\",\"url\":\"https:\\\/\\\/www.fcbarcelonanoticias.com\\\/en\\\/\",\"name\":\"EN - FC Barcelona Noticias\",\"description\":\"\",\"potentialAction\":[{\"@type\":\"SearchAction\",\"target\":{\"@type\":\"EntryPoint\",\"urlTemplate\":\"https:\\\/\\\/www.fcbarcelonanoticias.com\\\/en\\\/?s={search_term_string}\"},\"query-input\":{\"@type\":\"PropertyValueSpecification\",\"valueRequired\":true,\"valueName\":\"search_term_string\"}}],\"inLanguage\":\"en-US\"},{\"@type\":\"Person\",\"@id\":\"https:\\\/\\\/www.fcbarcelonanoticias.com\\\/en\\\/#\\\/schema\\\/person\\\/0f2810101d27606974cdb8edb54fa54b\",\"name\":\"FC Barcelona Noticias\",\"image\":{\"@type\":\"ImageObject\",\"inLanguage\":\"en-US\",\"@id\":\"https:\\\/\\\/secure.gravatar.com\\\/avatar\\\/?s=96&d=mm&r=g\",\"url\":\"https:\\\/\\\/secure.gravatar.com\\\/avatar\\\/?s=96&d=mm&r=g\",\"contentUrl\":\"https:\\\/\\\/secure.gravatar.com\\\/avatar\\\/?s=96&d=mm&r=g\",\"caption\":\"FC Barcelona Noticias\"},\"url\":\"https:\\\/\\\/www.fcbarcelonanoticias.com\\\/en\\\/fc-barcelona\\\/fcbn-writing-fc-barcelona-news_6_115.html\"}]}<\/script>\n<!-- \/ Yoast SEO plugin. -->","yoast_head_json":{"title":"Bar\u00e7a-Eintracht: confirmed lineups - Champions 25\/26","description":"CONFIRMED LINEUPS! These are the starting elevens for FC Barcelona and Eintracht Frankfurt for the match on matchday 6 of the Champions League","robots":{"index":"index","follow":"follow","max-snippet":"max-snippet:-1","max-image-preview":"max-image-preview:large","max-video-preview":"max-video-preview:-1"},"canonical":"https:\/\/www.fcbarcelonanoticias.com\/en\/champions-league\/barcelona-eintracht-confirmed-lineups-champions-25-26_315473_102.html","og_locale":"en_US","og_type":"article","og_title":"Bar\u00e7a-Eintracht: confirmed lineups - Champions 25\/26","og_description":"CONFIRMED LINEUPS! These are the starting elevens for FC Barcelona and Eintracht Frankfurt for the match on matchday 6 of the Champions League","og_url":"https:\/\/www.fcbarcelonanoticias.com\/en\/champions-league\/barcelona-eintracht-confirmed-lineups-champions-25-26_315473_102.html","og_site_name":"EN - FC Barcelona Noticias","article_published_time":"2025-12-09T18:52:00+00:00","article_modified_time":"2026-04-16T07:04:21+00:00","og_image":[{"width":1200,"height":675,"url":"https:\/\/www.fcbarcelonanoticias.com\/en\/wp-content\/uploads\/sites\/2\/2025\/12\/alineacion-fc-barcelona-v-psg-champions-25-26.jpeg","type":"image\/jpeg"}],"author":"FC Barcelona Noticias","twitter_card":"summary_large_image","twitter_misc":{"Written by":"FC Barcelona Noticias","Est. reading time":"2 minutes"},"schema":{"@context":"https:\/\/schema.org","@graph":[{"@type":"Article","@id":"https:\/\/www.fcbarcelonanoticias.com\/en\/champions-league\/barcelona-eintracht-confirmed-lineups-champions-25-26_315473_102.html#article","isPartOf":{"@id":"https:\/\/www.fcbarcelonanoticias.com\/en\/champions-league\/barcelona-eintracht-confirmed-lineups-champions-25-26_315473_102.html"},"author":{"name":"FC Barcelona Noticias","@id":"https:\/\/www.fcbarcelonanoticias.com\/en\/#\/schema\/person\/0f2810101d27606974cdb8edb54fa54b"},"headline":"FC Barcelona vs Eintracht Frankfurt: confirmed lineups &#8211; Champions League 2025\/26","datePublished":"2025-12-09T18:52:00+00:00","dateModified":"2026-04-16T07:04:21+00:00","mainEntityOfPage":{"@id":"https:\/\/www.fcbarcelonanoticias.com\/en\/champions-league\/barcelona-eintracht-confirmed-lineups-champions-25-26_315473_102.html"},"wordCount":417,"image":{"@id":"https:\/\/www.fcbarcelonanoticias.com\/en\/champions-league\/barcelona-eintracht-confirmed-lineups-champions-25-26_315473_102.html#primaryimage"},"thumbnailUrl":"https:\/\/www.fcbarcelonanoticias.com\/en\/wp-content\/uploads\/sites\/2\/2025\/12\/alineacion-fc-barcelona-v-psg-champions-25-26.jpeg","keywords":["Eintracht Frankfurt","FC Barcelona Lineups","Hansi Flick"],"articleSection":["Champions League","Champions League"],"inLanguage":"en-US"},{"@type":"WebPage","@id":"https:\/\/www.fcbarcelonanoticias.com\/en\/champions-league\/barcelona-eintracht-confirmed-lineups-champions-25-26_315473_102.html","url":"https:\/\/www.fcbarcelonanoticias.com\/en\/champions-league\/barcelona-eintracht-confirmed-lineups-champions-25-26_315473_102.html","name":"Bar\u00e7a-Eintracht: confirmed lineups - Champions 25\/26","isPartOf":{"@id":"https:\/\/www.fcbarcelonanoticias.com\/en\/#website"},"primaryImageOfPage":{"@id":"https:\/\/www.fcbarcelonanoticias.com\/en\/champions-league\/barcelona-eintracht-confirmed-lineups-champions-25-26_315473_102.html#primaryimage"},"image":{"@id":"https:\/\/www.fcbarcelonanoticias.com\/en\/champions-league\/barcelona-eintracht-confirmed-lineups-champions-25-26_315473_102.html#primaryimage"},"thumbnailUrl":"https:\/\/www.fcbarcelonanoticias.com\/en\/wp-content\/uploads\/sites\/2\/2025\/12\/alineacion-fc-barcelona-v-psg-champions-25-26.jpeg","datePublished":"2025-12-09T18:52:00+00:00","dateModified":"2026-04-16T07:04:21+00:00","author":{"@id":"https:\/\/www.fcbarcelonanoticias.com\/en\/#\/schema\/person\/0f2810101d27606974cdb8edb54fa54b"},"description":"CONFIRMED LINEUPS! These are the starting elevens for FC Barcelona and Eintracht Frankfurt for the match on matchday 6 of the Champions League","breadcrumb":{"@id":"https:\/\/www.fcbarcelonanoticias.com\/en\/champions-league\/barcelona-eintracht-confirmed-lineups-champions-25-26_315473_102.html#breadcrumb"},"inLanguage":"en-US","potentialAction":[{"@type":"ReadAction","target":["https:\/\/www.fcbarcelonanoticias.com\/en\/champions-league\/barcelona-eintracht-confirmed-lineups-champions-25-26_315473_102.html"]}]},{"@type":"ImageObject","inLanguage":"en-US","@id":"https:\/\/www.fcbarcelonanoticias.com\/en\/champions-league\/barcelona-eintracht-confirmed-lineups-champions-25-26_315473_102.html#primaryimage","url":"https:\/\/www.fcbarcelonanoticias.com\/en\/wp-content\/uploads\/sites\/2\/2025\/12\/alineacion-fc-barcelona-v-psg-champions-25-26.jpeg","contentUrl":"https:\/\/www.fcbarcelonanoticias.com\/en\/wp-content\/uploads\/sites\/2\/2025\/12\/alineacion-fc-barcelona-v-psg-champions-25-26.jpeg","width":1200,"height":675},{"@type":"BreadcrumbList","@id":"https:\/\/www.fcbarcelonanoticias.com\/en\/champions-league\/barcelona-eintracht-confirmed-lineups-champions-25-26_315473_102.html#breadcrumb","itemListElement":[{"@type":"ListItem","position":1,"name":"Portada","item":"https:\/\/www.fcbarcelonanoticias.com\/en\/"},{"@type":"ListItem","position":2,"name":"FC Barcelona vs Eintracht Frankfurt: confirmed lineups &#8211; Champions League 2025\/26"}]},{"@type":"WebSite","@id":"https:\/\/www.fcbarcelonanoticias.com\/en\/#website","url":"https:\/\/www.fcbarcelonanoticias.com\/en\/","name":"EN - FC Barcelona Noticias","description":"","potentialAction":[{"@type":"SearchAction","target":{"@type":"EntryPoint","urlTemplate":"https:\/\/www.fcbarcelonanoticias.com\/en\/?s={search_term_string}"},"query-input":{"@type":"PropertyValueSpecification","valueRequired":true,"valueName":"search_term_string"}}],"inLanguage":"en-US"},{"@type":"Person","@id":"https:\/\/www.fcbarcelonanoticias.com\/en\/#\/schema\/person\/0f2810101d27606974cdb8edb54fa54b","name":"FC Barcelona Noticias","image":{"@type":"ImageObject","inLanguage":"en-US","@id":"https:\/\/secure.gravatar.com\/avatar\/?s=96&d=mm&r=g","url":"https:\/\/secure.gravatar.com\/avatar\/?s=96&d=mm&r=g","contentUrl":"https:\/\/secure.gravatar.com\/avatar\/?s=96&d=mm&r=g","caption":"FC Barcelona Noticias"},"url":"https:\/\/www.fcbarcelonanoticias.com\/en\/fc-barcelona\/fcbn-writing-fc-barcelona-news_6_115.html"}]}},"_links":{"self":[{"href":"https:\/\/www.fcbarcelonanoticias.com\/en\/wp-json\/wp\/v2\/posts\/4576","targetHints":{"allow":["GET"]}}],"collection":[{"href":"https:\/\/www.fcbarcelonanoticias.com\/en\/wp-json\/wp\/v2\/posts"}],"about":[{"href":"https:\/\/www.fcbarcelonanoticias.com\/en\/wp-json\/wp\/v2\/types\/post"}],"author":[{"embeddable":true,"href":"https:\/\/www.fcbarcelonanoticias.com\/en\/wp-json\/wp\/v2\/users\/353"}],"replies":[{"embeddable":true,"href":"https:\/\/www.fcbarcelonanoticias.com\/en\/wp-json\/wp\/v2\/comments?post=4576"}],"version-history":[{"count":2,"href":"https:\/\/www.fcbarcelonanoticias.com\/en\/wp-json\/wp\/v2\/posts\/4576\/revisions"}],"predecessor-version":[{"id":163609,"href":"https:\/\/www.fcbarcelonanoticias.com\/en\/wp-json\/wp\/v2\/posts\/4576\/revisions\/163609"}],"wp:featuredmedia":[{"embeddable":true,"href":"https:\/\/www.fcbarcelonanoticias.com\/en\/wp-json\/wp\/v2\/media\/4577"}],"wp:attachment":[{"href":"https:\/\/www.fcbarcelonanoticias.com\/en\/wp-json\/wp\/v2\/media?parent=4576"}],"wp:term":[{"taxonomy":"category","embeddable":true,"href":"https:\/\/www.fcbarcelonanoticias.com\/en\/wp-json\/wp\/v2\/categories?post=4576"},{"taxonomy":"post_tag","embeddable":true,"href":"https:\/\/www.fcbarcelonanoticias.com\/en\/wp-json\/wp\/v2\/tags?post=4576"}],"curies":[{"name":"wp","href":"https:\/\/api.w.org\/{rel}","templated":true}]}}